{"id":10736,"date":"2025-06-16T09:00:00","date_gmt":"2025-06-16T07:00:00","guid":{"rendered":"guid"},"modified":"2025-06-16T09:00:00","modified_gmt":"2025-06-16T07:00:00","slug":"wtg-offizieller-teamwear-partner-von-hertha-bsc","status":"publish","type":"post","link":"https:\/\/www.doppelklicker.de\/blog\/wtg-offizieller-teamwear-partner-von-hertha-bsc\/","title":{"rendered":"Hertha BSC holt WTG als ersten offiziellen \u00c4rmelsponsor 2025\/26"},"content":{"rendered":"<p>WTG und Hertha BSC intensivieren ab 2025\/26 ihre Kooperation: Erstmals wird WTG offizieller Teamwear-Partner der Profimannschaft. Das charakteristische Dreieck-Logo auf beiden \u00c4rmeln der Spiel- und Trainingsbekleidung sorgt f\u00fcr eine nahtlose Pr\u00e4senz bei Heim- und Ausw\u00e4rtsspielen sowie in t\u00e4glichen Trainingseinheiten. SPORTFIVE bewertet diesen Schritt als Ausdruck gewachsenen Vertrauens und hebt die gemeinsame Innovationsf\u00e4higkeit hervor, mit der beide Partner technologische Fortschritte im Profi-Sport umsetzen.<br \/>\n<!--more--><\/p>\n<div id=\"ez-toc-container\" class=\"ez-toc-v2_0_16 counter-hierarchy\">\n<div class=\"ez-toc-title-container\">\n<p class=\"ez-toc-title\">Inhaltsverzeichnis: Das erwartet Sie in diesem Artikel<\/p>\n<span class=\"ez-toc-title-toggle\"><a class=\"ez-toc-pull-right ez-toc-btn ez-toc-btn-xs ez-toc-btn-default ez-toc-toggle\" style=\"display: none;\"><i class=\"ez-toc-glyphicon ez-toc-icon-toggle\"><\/i><\/a><\/span><\/div>\n<nav><ul class=\"ez-toc-list ez-toc-list-level-1\"><li class=\"ez-toc-page-1 ez-toc-heading-level-2\"><a class=\"ez-toc-link ez-toc-heading-1\" href=\"https:\/\/www.doppelklicker.de\/blog\/wtg-offizieller-teamwear-partner-von-hertha-bsc\/#wtg-dreieck-ziert-ab-2025-zukuenftig-hertha-trikots-und-trainingsausruestung-gleichermassen\" title=\"WTG-Dreieck ziert ab 2025 zuk\u00fcnftig Hertha-Trikots und Trainingsausr\u00fcstung gleicherma\u00dfen\">WTG-Dreieck ziert ab 2025 zuk\u00fcnftig Hertha-Trikots und Trainingsausr\u00fcstung gleicherma\u00dfen<\/a><\/li><li class=\"ez-toc-page-1 ez-toc-heading-level-2\"><a class=\"ez-toc-link ez-toc-heading-2\" href=\"https:\/\/www.doppelklicker.de\/blog\/wtg-offizieller-teamwear-partner-von-hertha-bsc\/#sportfive-lobt-langfristiges-engagement-von-wtg-als-offiziellen-hertha-teamwear-partner\" title=\"SPORTFIVE lobt langfristiges Engagement von WTG als offiziellen Hertha-Teamwear-Partner\">SPORTFIVE lobt langfristiges Engagement von WTG als offiziellen Hertha-Teamwear-Partner<\/a><\/li><li class=\"ez-toc-page-1 ez-toc-heading-level-2\"><a class=\"ez-toc-link ez-toc-heading-3\" href=\"https:\/\/www.doppelklicker.de\/blog\/wtg-offizieller-teamwear-partner-von-hertha-bsc\/#ab-sommer-2025-dominiert-wtg-dreieck-beide-aermel-der-profimannschaft\" title=\"Ab Sommer 2025 dominiert WTG-Dreieck beide \u00c4rmel der Profimannschaft\">Ab Sommer 2025 dominiert WTG-Dreieck beide \u00c4rmel der Profimannschaft<\/a><\/li><li class=\"ez-toc-page-1 ez-toc-heading-level-2\"><a class=\"ez-toc-link ez-toc-heading-4\" href=\"https:\/\/www.doppelklicker.de\/blog\/wtg-offizieller-teamwear-partner-von-hertha-bsc\/#innovation-treibt-wtg-teamwear-partnerschaft-mit-profis-im-olympiastadion-taeglich-sichtbar\" title=\"Innovation treibt WTG-Teamwear-Partnerschaft mit Profis im Olympiastadion t\u00e4glich sichtbar\">Innovation treibt WTG-Teamwear-Partnerschaft mit Profis im Olympiastadion t\u00e4glich sichtbar<\/a><\/li><li class=\"ez-toc-page-1 ez-toc-heading-level-2\"><a class=\"ez-toc-link ez-toc-heading-5\" href=\"https:\/\/www.doppelklicker.de\/blog\/wtg-offizieller-teamwear-partner-von-hertha-bsc\/#partnerschaft-mit-leben-fuellen-jess-betont-taegliche-zusammenarbeit-wtg\" title=\"Partnerschaft mit Leben f\u00fcllen: Je\u00df betont t\u00e4gliche Zusammenarbeit WTG\">Partnerschaft mit Leben f\u00fcllen: Je\u00df betont t\u00e4gliche Zusammenarbeit WTG<\/a><\/li><li class=\"ez-toc-page-1 ez-toc-heading-level-2\"><a class=\"ez-toc-link ez-toc-heading-6\" href=\"https:\/\/www.doppelklicker.de\/blog\/wtg-offizieller-teamwear-partner-von-hertha-bsc\/#wtg-dreieck-auf-aermeln-erhoeht-praesenz-im-training-und-spielbetrieb\" title=\"WTG-Dreieck auf \u00c4rmeln erh\u00f6ht Pr\u00e4senz im Training und Spielbetrieb\">WTG-Dreieck auf \u00c4rmeln erh\u00f6ht Pr\u00e4senz im Training und Spielbetrieb<\/a><\/li><\/ul><\/nav><\/div>\n<h2><span class=\"ez-toc-section\" id=\"wtg-dreieck-ziert-ab-2025-zukuenftig-hertha-trikots-und-trainingsausruestung-gleichermassen\"><\/span>WTG-Dreieck ziert ab 2025 zuk\u00fcnftig Hertha-Trikots und Trainingsausr\u00fcstung gleicherma\u00dfen<span class=\"ez-toc-section-end\"><\/span><\/h2>\n<p>Hertha BSC und WTG starteten ihre Kooperation mit einem Fokus auf Technologieintegration. Im Verlauf wurde WTG Haupt- und Trikotsponsor der ersten Frauenmannschaft und steigerte so seine Sichtbarkeit im Profibereich. Darauf aufbauend entwickelte sich eine Exklusivpartnerschaft, die das Engagement des Berliner Unternehmens festigte. \u00dcber mehrere Spielzeiten hinweg bew\u00e4hrte sich WTG als zuverl\u00e4ssiger Partner des Hauptstadtclubs. Mit der Erweiterung um die Rolle als offizieller Teamwear-Partner der Profis beginnt die Evolutionsstufe der Zusammenarbeit.<\/p>\n<h2><span class=\"ez-toc-section\" id=\"sportfive-lobt-langfristiges-engagement-von-wtg-als-offiziellen-hertha-teamwear-partner\"><\/span>SPORTFIVE lobt langfristiges Engagement von WTG als offiziellen Hertha-Teamwear-Partner<span class=\"ez-toc-section-end\"><\/span><\/h2>\n<p>Ab der Saison 2025\/26 tritt WTG als exklusiver Teamwear-Partner f\u00fcr die Profimannschaft in Erscheinung und \u00fcbernimmt erstmals \u00c4rmelsponsoring. Mit dieser neuen Funktion verankert sich das Technologieunternehmen unmittelbar im Profibereich und zeigt seine Innovationsf\u00e4higkeit im Fu\u00dfball. Das auff\u00e4llige WTG-Logo auf beiden \u00c4rmeln macht die Partnerschaft sichtbar und unterstreicht das Zusammenspiel von digitalen L\u00f6sungen und Sport. Gleichzeitig erf\u00fcllt WTG das Partnerkonzept durch praktische Anwendung im Trainingsalltag und bei offiziellen Spielen. St\u00e4rkt Vertrauen.<\/p>\n<h2><span class=\"ez-toc-section\" id=\"ab-sommer-2025-dominiert-wtg-dreieck-beide-aermel-der-profimannschaft\"><\/span>Ab Sommer 2025 dominiert WTG-Dreieck beide \u00c4rmel der Profimannschaft<span class=\"ez-toc-section-end\"><\/span><\/h2>\n<p>Das dreieckige WTG-Logo pr\u00e4gt ab Sommer 2025 das Erscheinungsbild der Mannschaftstrikots und Trainingsbekleidung von Hertha BSC. Mit der Platzierung auf beiden \u00c4rmeln erzielt das Unternehmen hohe Aufmerksamkeit bei Heim- und Ausw\u00e4rtsspielen im Olympiastadion. Dar\u00fcber hinaus profitiert WTG von wiederholter Pr\u00e4senz in t\u00e4glichen Trainingseinheiten sowie in Print- und Onlinemedien. Dieses gezielte Branding verst\u00e4rkt die Wahrnehmung der Marke nachhaltig und unterstreicht die Verbindung zwischen digitaler Expertise und sportlicher Performance, gezielt sichtbar effizient.<\/p>\n<h2><span class=\"ez-toc-section\" id=\"innovation-treibt-wtg-teamwear-partnerschaft-mit-profis-im-olympiastadion-taeglich-sichtbar\"><\/span>Innovation treibt WTG-Teamwear-Partnerschaft mit Profis im Olympiastadion t\u00e4glich sichtbar<span class=\"ez-toc-section-end\"><\/span><\/h2>\n<p>WTG-Chefs Gerrit F. Sch\u00fctze und Dirk Walla heben hervor, dass Innovation der Motor f\u00fcr die stetige Weiterentwicklung von IT-L\u00f6sungen, Software-Modulen und digitalen Services ist. Gleichzeitig verfolgt das Unternehmen im analogen Bereich einen experimentellen Ansatz, der neue Produktideen erprobt. Durch die Partnerschaft als offizieller Teamwear-Sponsor wird WTG zum t\u00e4glichen Begleiter der Profimannschaft und liefert so ausgewogene, effiziente, nachhaltige, datenbasierte, kreative, zielgerichtete wirkungsvoller digitale und analoge Impulse f\u00fcr Training, Spielbetrieb und Performance-Analysen.<\/p>\n<h2><span class=\"ez-toc-section\" id=\"partnerschaft-mit-leben-fuellen-jess-betont-taegliche-zusammenarbeit-wtg\"><\/span>Partnerschaft mit Leben f\u00fcllen: Je\u00df betont t\u00e4gliche Zusammenarbeit WTG<span class=\"ez-toc-section-end\"><\/span><\/h2>\n<p>Hertha BSC-Gesch\u00e4ftsf\u00fchrer Ralf Huschen bringt seinen Dank an den bisherigen \u00c4rmelsponsor zum Ausdruck und w\u00fcrdigt das Vertrauen, das sich seit Beginn der Partnerschaft kontinuierlich gefestigt hat. Auch Thorben Je\u00df, Vice President Team Hertha BSC bei SPORTFIVE, lobt die Zusammenarbeit als gelungen und sieht in der Fortf\u00fchrung der Kooperation einen wichtigen Baustein f\u00fcr k\u00fcnftige Erfolge. Er betont, dass beide Seiten Tag f\u00fcr Tag gemeinsam daran arbeiten, die Partnerschaft aktiv voranzutreiben.<\/p>\n<h2><span class=\"ez-toc-section\" id=\"wtg-dreieck-auf-aermeln-erhoeht-praesenz-im-training-und-spielbetrieb\"><\/span>WTG-Dreieck auf \u00c4rmeln erh\u00f6ht Pr\u00e4senz im Training und Spielbetrieb<span class=\"ez-toc-section-end\"><\/span><\/h2>\n<p>Als neuer offizieller Partner f\u00fcr Teamwear verschafft WTG sich im Profifu\u00dfball erstmals eine durchg\u00e4ngige Pr\u00e4senz bei Spielen, Trainings und \u00f6ffentlichen Auftritten von Hertha BSC. Die kontinuierliche Logoplatzierung erzeugt eine nachhaltige Steigerung der Markenbekanntheit bei Fans, Medien sowie Gesch\u00e4ftspartnern. Hertha BSC gewinnt durch die Kooperation Zugang zu ma\u00dfgeschneiderten digitalen L\u00f6sungen, die Trainings- und Analyseprozesse optimieren. SPORTFIVE gew\u00e4hrleistet \u00fcber sein globales Netzwerk eine professionelle Aktivierung der Partnerschaft \u00f6konomischen Nutzen f\u00fcr alle Beteiligten.<\/p>\n","protected":false},"excerpt":{"rendered":"<p>WTG und Hertha BSC intensivieren ab 2025\/26 ihre Kooperation: Erstmals wird WTG offizieller Teamwear-Partner der Profimannschaft. Das charakteristische Dreieck-Logo auf beiden \u00c4rmeln der Spiel- und Trainingsbekleidung sorgt f\u00fcr eine nahtlose Pr\u00e4senz bei Heim- und Ausw\u00e4rtsspielen sowie in t\u00e4glichen Trainingseinheiten. SPORTFIVE bewertet diesen Schritt als Ausdruck gewachsenen Vertrauens und hebt die gemeinsame Innovationsf\u00e4higkeit hervor, mit der<\/p>\n<div class=\"read-more\"><a href=\"https:\/\/www.doppelklicker.de\/blog\/wtg-offizieller-teamwear-partner-von-hertha-bsc\/\" title=\"Jetzt alles lesen\">Jetzt alles lesen<\/a><\/div>\n","protected":false},"author":8,"featured_media":10738,"comment_status":"open","ping_status":"open","sticky":false,"template":"","format":"standard","meta":[],"categories":[3305],"tags":[],"yoast_head":"<!-- This site is optimized with the Yoast SEO plugin v18.2 - https:\/\/yoast.com\/wordpress\/plugins\/seo\/ -->\n<meta name=\"robots\" content=\"index, follow, max-snippet:-1, max-image-preview:large, max-video-preview:-1\" \/>\n<link rel=\"canonical\" href=\"https:\/\/www.doppelklicker.de\/blog\/wtg-offizieller-teamwear-partner-von-hertha-bsc\/\" \/>\n<meta property=\"og:locale\" content=\"de_DE\" \/>\n<meta property=\"og:type\" content=\"article\" \/>\n<meta property=\"og:title\" content=\"Hertha BSC holt WTG als ersten offiziellen \u00c4rmelsponsor 2025\/26\" \/>\n<meta property=\"og:description\" content=\"WTG und Hertha BSC intensivieren ab 2025\/26 ihre Kooperation: Erstmals wird WTG offizieller Teamwear-Partner der Profimannschaft. Das charakteristische Dreieck-Logo auf beiden \u00c4rmeln der Spiel- und Trainingsbekleidung sorgt f\u00fcr eine nahtlose Pr\u00e4senz bei Heim- und Ausw\u00e4rtsspielen sowie in t\u00e4glichen Trainingseinheiten. SPORTFIVE bewertet diesen Schritt als Ausdruck gewachsenen Vertrauens und hebt die gemeinsame Innovationsf\u00e4higkeit hervor, mit derJetzt alles lesen\" \/>\n<meta property=\"og:url\" content=\"https:\/\/www.doppelklicker.de\/blog\/wtg-offizieller-teamwear-partner-von-hertha-bsc\/\" \/>\n<meta property=\"og:site_name\" content=\"Aus Mainz.\" \/>\n<meta property=\"article:published_time\" content=\"2025-06-16T07:00:00+00:00\" \/>\n<meta property=\"og:image\" content=\"https:\/\/www.doppelklicker.de\/blog\/wp-content\/uploads\/2025\/06\/wtg-ab-2025-26-offizieller-teamwear-partner-von-hertha-25322.jpg\" \/>\n\t<meta property=\"og:image:width\" content=\"1280\" \/>\n\t<meta property=\"og:image:height\" content=\"615\" \/>\n\t<meta property=\"og:image:type\" content=\"image\/jpeg\" \/>\n<meta name=\"twitter:card\" content=\"summary_large_image\" \/>\n<meta name=\"twitter:label1\" content=\"Verfasst von\" \/>\n\t<meta name=\"twitter:data1\" content=\"Iris Martin\" \/>\n\t<meta name=\"twitter:label2\" content=\"Gesch\u00e4tzte Lesezeit\" \/>\n\t<meta name=\"twitter:data2\" content=\"3 Minuten\" \/>\n<script type=\"application\/ld+json\" class=\"yoast-schema-graph\">{\"@context\":\"https:\/\/schema.org\",\"@graph\":[{\"@type\":\"WebSite\",\"@id\":\"https:\/\/www.doppelklicker.de\/blog\/#website\",\"url\":\"https:\/\/www.doppelklicker.de\/blog\/\",\"name\":\"Aus Mainz.\",\"description\":\"F\u00fcr die Welt.\",\"potentialAction\":[{\"@type\":\"SearchAction\",\"target\":{\"@type\":\"EntryPoint\",\"urlTemplate\":\"https:\/\/www.doppelklicker.de\/blog\/?s={search_term_string}\"},\"query-input\":\"required name=search_term_string\"}],\"inLanguage\":\"de-DE\"},{\"@type\":\"ImageObject\",\"@id\":\"https:\/\/www.doppelklicker.de\/blog\/wtg-offizieller-teamwear-partner-von-hertha-bsc\/#primaryimage\",\"inLanguage\":\"de-DE\",\"url\":\"https:\/\/www.doppelklicker.de\/blog\/wp-content\/uploads\/2025\/06\/wtg-ab-2025-26-offizieller-teamwear-partner-von-hertha-25322.jpg\",\"contentUrl\":\"https:\/\/www.doppelklicker.de\/blog\/wp-content\/uploads\/2025\/06\/wtg-ab-2025-26-offizieller-teamwear-partner-von-hertha-25322.jpg\",\"width\":1280,\"height\":615,\"caption\":\"Hertha BSC holt WTG als ersten offiziellen \u00c4rmelsponsor 2025\/26 (Foto: Hertha BSC)\"},{\"@type\":\"WebPage\",\"@id\":\"https:\/\/www.doppelklicker.de\/blog\/wtg-offizieller-teamwear-partner-von-hertha-bsc\/#webpage\",\"url\":\"https:\/\/www.doppelklicker.de\/blog\/wtg-offizieller-teamwear-partner-von-hertha-bsc\/\",\"name\":\"Hertha BSC holt WTG als ersten offiziellen \u00c4rmelsponsor 2025\/26\",\"isPartOf\":{\"@id\":\"https:\/\/www.doppelklicker.de\/blog\/#website\"},\"primaryImageOfPage\":{\"@id\":\"https:\/\/www.doppelklicker.de\/blog\/wtg-offizieller-teamwear-partner-von-hertha-bsc\/#primaryimage\"},\"datePublished\":\"2025-06-16T07:00:00+00:00\",\"dateModified\":\"2025-06-16T07:00:00+00:00\",\"author\":{\"@id\":\"https:\/\/www.doppelklicker.de\/blog\/#\/schema\/person\/08dcac172bdb025e8ff433488184668a\"},\"breadcrumb\":{\"@id\":\"https:\/\/www.doppelklicker.de\/blog\/wtg-offizieller-teamwear-partner-von-hertha-bsc\/#breadcrumb\"},\"inLanguage\":\"de-DE\",\"potentialAction\":[{\"@type\":\"ReadAction\",\"target\":[\"https:\/\/www.doppelklicker.de\/blog\/wtg-offizieller-teamwear-partner-von-hertha-bsc\/\"]}]},{\"@type\":\"BreadcrumbList\",\"@id\":\"https:\/\/www.doppelklicker.de\/blog\/wtg-offizieller-teamwear-partner-von-hertha-bsc\/#breadcrumb\",\"itemListElement\":[{\"@type\":\"ListItem\",\"position\":1,\"name\":\"Startseite\",\"item\":\"https:\/\/www.doppelklicker.de\/blog\/\"},{\"@type\":\"ListItem\",\"position\":2,\"name\":\"Hertha BSC holt WTG als ersten offiziellen \u00c4rmelsponsor 2025\/26\"}]},{\"@type\":\"Person\",\"@id\":\"https:\/\/www.doppelklicker.de\/blog\/#\/schema\/person\/08dcac172bdb025e8ff433488184668a\",\"name\":\"Iris Martin\",\"image\":{\"@type\":\"ImageObject\",\"@id\":\"https:\/\/www.doppelklicker.de\/blog\/#personlogo\",\"inLanguage\":\"de-DE\",\"url\":\"https:\/\/secure.gravatar.com\/avatar\/82fdaa093be0b9686b531f99fcb54d15?s=96&d=wp_user_avatar&r=g\",\"contentUrl\":\"https:\/\/secure.gravatar.com\/avatar\/82fdaa093be0b9686b531f99fcb54d15?s=96&d=wp_user_avatar&r=g\",\"caption\":\"Iris Martin\"},\"url\":\"https:\/\/www.doppelklicker.de\/blog\/author\/iris-martin\/\"}]}<\/script>\n<!-- \/ Yoast SEO plugin. -->","yoast_head_json":{"robots":{"index":"index","follow":"follow","max-snippet":"max-snippet:-1","max-image-preview":"max-image-preview:large","max-video-preview":"max-video-preview:-1"},"canonical":"https:\/\/www.doppelklicker.de\/blog\/wtg-offizieller-teamwear-partner-von-hertha-bsc\/","og_locale":"de_DE","og_type":"article","og_title":"Hertha BSC holt WTG als ersten offiziellen \u00c4rmelsponsor 2025\/26","og_description":"WTG und Hertha BSC intensivieren ab 2025\/26 ihre Kooperation: Erstmals wird WTG offizieller Teamwear-Partner der Profimannschaft. Das charakteristische Dreieck-Logo auf beiden \u00c4rmeln der Spiel- und Trainingsbekleidung sorgt f\u00fcr eine nahtlose Pr\u00e4senz bei Heim- und Ausw\u00e4rtsspielen sowie in t\u00e4glichen Trainingseinheiten. SPORTFIVE bewertet diesen Schritt als Ausdruck gewachsenen Vertrauens und hebt die gemeinsame Innovationsf\u00e4higkeit hervor, mit derJetzt alles lesen","og_url":"https:\/\/www.doppelklicker.de\/blog\/wtg-offizieller-teamwear-partner-von-hertha-bsc\/","og_site_name":"Aus Mainz.","article_published_time":"2025-06-16T07:00:00+00:00","og_image":[{"width":1280,"height":615,"url":"https:\/\/www.doppelklicker.de\/blog\/wp-content\/uploads\/2025\/06\/wtg-ab-2025-26-offizieller-teamwear-partner-von-hertha-25322.jpg","type":"image\/jpeg"}],"twitter_card":"summary_large_image","twitter_misc":{"Verfasst von":"Iris Martin","Gesch\u00e4tzte Lesezeit":"3 Minuten"},"schema":{"@context":"https:\/\/schema.org","@graph":[{"@type":"WebSite","@id":"https:\/\/www.doppelklicker.de\/blog\/#website","url":"https:\/\/www.doppelklicker.de\/blog\/","name":"Aus Mainz.","description":"F\u00fcr die Welt.","potentialAction":[{"@type":"SearchAction","target":{"@type":"EntryPoint","urlTemplate":"https:\/\/www.doppelklicker.de\/blog\/?s={search_term_string}"},"query-input":"required name=search_term_string"}],"inLanguage":"de-DE"},{"@type":"ImageObject","@id":"https:\/\/www.doppelklicker.de\/blog\/wtg-offizieller-teamwear-partner-von-hertha-bsc\/#primaryimage","inLanguage":"de-DE","url":"https:\/\/www.doppelklicker.de\/blog\/wp-content\/uploads\/2025\/06\/wtg-ab-2025-26-offizieller-teamwear-partner-von-hertha-25322.jpg","contentUrl":"https:\/\/www.doppelklicker.de\/blog\/wp-content\/uploads\/2025\/06\/wtg-ab-2025-26-offizieller-teamwear-partner-von-hertha-25322.jpg","width":1280,"height":615,"caption":"Hertha BSC holt WTG als ersten offiziellen \u00c4rmelsponsor 2025\/26 (Foto: Hertha BSC)"},{"@type":"WebPage","@id":"https:\/\/www.doppelklicker.de\/blog\/wtg-offizieller-teamwear-partner-von-hertha-bsc\/#webpage","url":"https:\/\/www.doppelklicker.de\/blog\/wtg-offizieller-teamwear-partner-von-hertha-bsc\/","name":"Hertha BSC holt WTG als ersten offiziellen \u00c4rmelsponsor 2025\/26","isPartOf":{"@id":"https:\/\/www.doppelklicker.de\/blog\/#website"},"primaryImageOfPage":{"@id":"https:\/\/www.doppelklicker.de\/blog\/wtg-offizieller-teamwear-partner-von-hertha-bsc\/#primaryimage"},"datePublished":"2025-06-16T07:00:00+00:00","dateModified":"2025-06-16T07:00:00+00:00","author":{"@id":"https:\/\/www.doppelklicker.de\/blog\/#\/schema\/person\/08dcac172bdb025e8ff433488184668a"},"breadcrumb":{"@id":"https:\/\/www.doppelklicker.de\/blog\/wtg-offizieller-teamwear-partner-von-hertha-bsc\/#breadcrumb"},"inLanguage":"de-DE","potentialAction":[{"@type":"ReadAction","target":["https:\/\/www.doppelklicker.de\/blog\/wtg-offizieller-teamwear-partner-von-hertha-bsc\/"]}]},{"@type":"BreadcrumbList","@id":"https:\/\/www.doppelklicker.de\/blog\/wtg-offizieller-teamwear-partner-von-hertha-bsc\/#breadcrumb","itemListElement":[{"@type":"ListItem","position":1,"name":"Startseite","item":"https:\/\/www.doppelklicker.de\/blog\/"},{"@type":"ListItem","position":2,"name":"Hertha BSC holt WTG als ersten offiziellen \u00c4rmelsponsor 2025\/26"}]},{"@type":"Person","@id":"https:\/\/www.doppelklicker.de\/blog\/#\/schema\/person\/08dcac172bdb025e8ff433488184668a","name":"Iris Martin","image":{"@type":"ImageObject","@id":"https:\/\/www.doppelklicker.de\/blog\/#personlogo","inLanguage":"de-DE","url":"https:\/\/secure.gravatar.com\/avatar\/82fdaa093be0b9686b531f99fcb54d15?s=96&d=wp_user_avatar&r=g","contentUrl":"https:\/\/secure.gravatar.com\/avatar\/82fdaa093be0b9686b531f99fcb54d15?s=96&d=wp_user_avatar&r=g","caption":"Iris Martin"},"url":"https:\/\/www.doppelklicker.de\/blog\/author\/iris-martin\/"}]}},"_links":{"self":[{"href":"https:\/\/www.doppelklicker.de\/blog\/wp-json\/wp\/v2\/posts\/10736"}],"collection":[{"href":"https:\/\/www.doppelklicker.de\/blog\/wp-json\/wp\/v2\/posts"}],"about":[{"href":"https:\/\/www.doppelklicker.de\/blog\/wp-json\/wp\/v2\/types\/post"}],"author":[{"embeddable":true,"href":"https:\/\/www.doppelklicker.de\/blog\/wp-json\/wp\/v2\/users\/8"}],"replies":[{"embeddable":true,"href":"https:\/\/www.doppelklicker.de\/blog\/wp-json\/wp\/v2\/comments?post=10736"}],"version-history":[{"count":0,"href":"https:\/\/www.doppelklicker.de\/blog\/wp-json\/wp\/v2\/posts\/10736\/revisions"}],"wp:featuredmedia":[{"embeddable":true,"href":"https:\/\/www.doppelklicker.de\/blog\/wp-json\/wp\/v2\/media\/10738"}],"wp:attachment":[{"href":"https:\/\/www.doppelklicker.de\/blog\/wp-json\/wp\/v2\/media?parent=10736"}],"wp:term":[{"taxonomy":"category","embeddable":true,"href":"https:\/\/www.doppelklicker.de\/blog\/wp-json\/wp\/v2\/categories?post=10736"},{"taxonomy":"post_tag","embeddable":true,"href":"https:\/\/www.doppelklicker.de\/blog\/wp-json\/wp\/v2\/tags?post=10736"}],"curies":[{"name":"wp","href":"https:\/\/api.w.org\/{rel}","templated":true}]}}