{"id":10997,"date":"2025-09-02T09:00:00","date_gmt":"2025-09-02T07:00:00","guid":{"rendered":"guid"},"modified":"2025-09-02T11:51:05","modified_gmt":"2025-09-02T11:51:05","slug":"bosbuell-energie-gmbh-und-gp-joule-starten-fernwaermenachverdichtung","status":"publish","type":"post","link":"https:\/\/www.doppelklicker.de\/blog\/bosbuell-energie-gmbh-und-gp-joule-starten-fernwaermenachverdichtung\/","title":{"rendered":"B\u00fcrgerwindpark und GP JOULE starten gemeinsames W\u00e4rmeversorgungsprojekt in Bosb\u00fcll"},"content":{"rendered":"<p>In Bosb\u00fcll liefert die Bosb\u00fcll Energie GmbH in Zusammenarbeit mit GP JOULE seit 2020 klimaneutrale W\u00e4rme \u00fcber ein regeneratives Nahw\u00e4rmenetz. Lokaler Wind- und Solarstrom wird in einer 240-kW-W\u00e4rmepumpe mit Power-to-Heat-Technologie verarbeitet. Bei \u00dcberangebot schaltet ein elektrischer Heizstab zu, und ein gro\u00dfer Pufferspeicher puffert Energie. Geplante Nachverdichtungsarbeiten integrieren zus\u00e4tzliche Haushalte. Parallel erzeugen eFarm-Elektrolyseure gr\u00fcnen Wasserstoff, der W\u00e4rmeversorgung und Mobilit\u00e4t unterst\u00fctzt. Ministerpr\u00e4sident G\u00fcnther lobt das robuste und zukunftsf\u00e4hige dezentrale Energiekonzept als vorbildlich.<br \/>\n<!--more--><\/p>\n<div id=\"ez-toc-container\" class=\"ez-toc-v2_0_16 counter-hierarchy\">\n<div class=\"ez-toc-title-container\">\n<p class=\"ez-toc-title\">Inhaltsverzeichnis: Das erwartet Sie in diesem Artikel<\/p>\n<span class=\"ez-toc-title-toggle\"><a class=\"ez-toc-pull-right ez-toc-btn ez-toc-btn-xs ez-toc-btn-default ez-toc-toggle\" style=\"display: none;\"><i class=\"ez-toc-glyphicon ez-toc-icon-toggle\"><\/i><\/a><\/span><\/div>\n<nav><ul class=\"ez-toc-list ez-toc-list-level-1\"><li class=\"ez-toc-page-1 ez-toc-heading-level-2\"><a class=\"ez-toc-link ez-toc-heading-1\" href=\"https:\/\/www.doppelklicker.de\/blog\/bosbuell-energie-gmbh-und-gp-joule-starten-fernwaermenachverdichtung\/#pufferspeicher-optimiert-erzeugung-und-verbrauch-im-bosbueller-nahwaermesystem-effizient\" title=\"Pufferspeicher optimiert Erzeugung und Verbrauch im Bosb\u00fcller Nahw\u00e4rmesystem effizient\">Pufferspeicher optimiert Erzeugung und Verbrauch im Bosb\u00fcller Nahw\u00e4rmesystem effizient<\/a><\/li><li class=\"ez-toc-page-1 ez-toc-heading-level-2\"><a class=\"ez-toc-link ez-toc-heading-2\" href=\"https:\/\/www.doppelklicker.de\/blog\/bosbuell-energie-gmbh-und-gp-joule-starten-fernwaermenachverdichtung\/#system-ermoeglicht-dauerhafte-lueckenlose-waermeversorgung-selbst-bei-erheblichen-stromueberschuessen\" title=\"System erm\u00f6glicht dauerhafte l\u00fcckenlose W\u00e4rmeversorgung selbst bei erheblichen Strom\u00fcbersch\u00fcssen\">System erm\u00f6glicht dauerhafte l\u00fcckenlose W\u00e4rmeversorgung selbst bei erheblichen Strom\u00fcbersch\u00fcssen<\/a><\/li><li class=\"ez-toc-page-1 ez-toc-heading-level-2\"><a class=\"ez-toc-link ez-toc-heading-3\" href=\"https:\/\/www.doppelklicker.de\/blog\/bosbuell-energie-gmbh-und-gp-joule-starten-fernwaermenachverdichtung\/#zusaetzlicher-kessel-kompensiert-netzschwankungen-und-wartungsausfaelle-ohne-jegliche-versorgungsunterbrechung\" title=\"Zus\u00e4tzlicher Kessel kompensiert Netzschwankungen und Wartungsausf\u00e4lle ohne jegliche Versorgungsunterbrechung\">Zus\u00e4tzlicher Kessel kompensiert Netzschwankungen und Wartungsausf\u00e4lle ohne jegliche Versorgungsunterbrechung<\/a><\/li><li class=\"ez-toc-page-1 ez-toc-heading-level-2\"><a class=\"ez-toc-link ez-toc-heading-4\" href=\"https:\/\/www.doppelklicker.de\/blog\/bosbuell-energie-gmbh-und-gp-joule-starten-fernwaermenachverdichtung\/#effiziente-nahwaerme-in-bosbuell-basiert-auf-buergerenergie-und-unternehmenskooperation\" title=\"Effiziente Nahw\u00e4rme in Bosb\u00fcll basiert auf B\u00fcrgerenergie und Unternehmenskooperation\">Effiziente Nahw\u00e4rme in Bosb\u00fcll basiert auf B\u00fcrgerenergie und Unternehmenskooperation<\/a><\/li><li class=\"ez-toc-page-1 ez-toc-heading-level-2\"><a class=\"ez-toc-link ez-toc-heading-5\" href=\"https:\/\/www.doppelklicker.de\/blog\/bosbuell-energie-gmbh-und-gp-joule-starten-fernwaermenachverdichtung\/#netzverdichtung-startet-im-herbst-dorf-erhaelt-gruene-waermeversorgung-202526\" title=\"Netzverdichtung startet im Herbst: Dorf erh\u00e4lt gr\u00fcne W\u00e4rmeversorgung 2025\/26\">Netzverdichtung startet im Herbst: Dorf erh\u00e4lt gr\u00fcne W\u00e4rmeversorgung 2025\/26<\/a><\/li><li class=\"ez-toc-page-1 ez-toc-heading-level-2\"><a class=\"ez-toc-link ez-toc-heading-6\" href=\"https:\/\/www.doppelklicker.de\/blog\/bosbuell-energie-gmbh-und-gp-joule-starten-fernwaermenachverdichtung\/#elektrolyseure-wandeln-erneuerbaren-strom-in-wasserstoff-und-prozesswaerme-um\" title=\"Elektrolyseure wandeln erneuerbaren Strom in Wasserstoff und Prozessw\u00e4rme um\">Elektrolyseure wandeln erneuerbaren Strom in Wasserstoff und Prozessw\u00e4rme um<\/a><\/li><li class=\"ez-toc-page-1 ez-toc-heading-level-2\"><a class=\"ez-toc-link ez-toc-heading-7\" href=\"https:\/\/www.doppelklicker.de\/blog\/bosbuell-energie-gmbh-und-gp-joule-starten-fernwaermenachverdichtung\/#buergerwind-und-buergersolarparks-tragen-aktuell-zur-emissionsfreien-efarm-mobilitaet-bei\" title=\"B\u00fcrgerwind- und B\u00fcrgersolarparks tragen aktuell zur emissionsfreien eFarm-Mobilit\u00e4t bei\">B\u00fcrgerwind- und B\u00fcrgersolarparks tragen aktuell zur emissionsfreien eFarm-Mobilit\u00e4t bei<\/a><\/li><li class=\"ez-toc-page-1 ez-toc-heading-level-2\"><a class=\"ez-toc-link ez-toc-heading-8\" href=\"https:\/\/www.doppelklicker.de\/blog\/bosbuell-energie-gmbh-und-gp-joule-starten-fernwaermenachverdichtung\/#intelligentes-waermenetz-bosbuell-verbindet-power-to-heat-pufferspeicher-nachhaltig-und-wasserstoffintegration\" title=\"Intelligentes W\u00e4rmenetz Bosb\u00fcll verbindet Power-to-Heat, Pufferspeicher nachhaltig und Wasserstoffintegration\">Intelligentes W\u00e4rmenetz Bosb\u00fcll verbindet Power-to-Heat, Pufferspeicher nachhaltig und Wasserstoffintegration<\/a><\/li><li class=\"ez-toc-page-1 ez-toc-heading-level-2\"><a class=\"ez-toc-link ez-toc-heading-9\" href=\"https:\/\/www.doppelklicker.de\/blog\/bosbuell-energie-gmbh-und-gp-joule-starten-fernwaermenachverdichtung\/#weihnachtskindergeld-eingefuehrt-dank-regionaler-ueberschuesse-aus-wind-und-solarstrom\" title=\"Weihnachtskindergeld eingef\u00fchrt dank regionaler \u00dcbersch\u00fcsse aus Wind- und Solarstrom\">Weihnachtskindergeld eingef\u00fchrt dank regionaler \u00dcbersch\u00fcsse aus Wind- und Solarstrom<\/a><\/li><li class=\"ez-toc-page-1 ez-toc-heading-level-2\"><a class=\"ez-toc-link ez-toc-heading-10\" href=\"https:\/\/www.doppelklicker.de\/blog\/bosbuell-energie-gmbh-und-gp-joule-starten-fernwaermenachverdichtung\/#regional-erzeugter-strom-speist-effiziente-waermepumpe-elektrostab-und-wasserstoffreaktor\" title=\"Regional erzeugter Strom speist effiziente W\u00e4rmepumpe, Elektrostab und Wasserstoffreaktor\">Regional erzeugter Strom speist effiziente W\u00e4rmepumpe, Elektrostab und Wasserstoffreaktor<\/a><\/li><\/ul><\/nav><\/div>\n<h2><span class=\"ez-toc-section\" id=\"pufferspeicher-optimiert-erzeugung-und-verbrauch-im-bosbueller-nahwaermesystem-effizient\"><\/span>Pufferspeicher optimiert Erzeugung und Verbrauch im Bosb\u00fcller Nahw\u00e4rmesystem effizient<span class=\"ez-toc-section-end\"><\/span><\/h2>\n<div id=\"attachment_10989\" style=\"width: 760px\" class=\"wp-caption alignleft\"><img aria-describedby=\"caption-attachment-10989\" loading=\"lazy\" src=\"https:\/\/www.doppelklicker.de\/wp-content\/uploads\/2025\/09\/waermenetzes-26066.jpg\" alt=\"Nachverdichtung des seit 2020 bestehenden W&auml;rmenetzes (Foto: GP JOULE)\" width=\"750\" height=\"600\" class=\"size-full wp-image-10989\" \/><p id=\"caption-attachment-10989\" class=\"wp-caption-text\">Nachverdichtung des seit 2020 bestehenden W\u00e4rmenetzes (Foto: GP JOULE)<\/p><\/div>\n<p>Seit dem Jahr 2020 versorgt die Gemeinde Bosb\u00fcll in Nordfriesland ihre Einwohner mit klimafreundlicher W\u00e4rme, die \u00fcber ein Nahw\u00e4rmenetz ausschlie\u00dflich von lokalen Wind- und Solaranlagen erzeugt wird. Die \u00fcbersch\u00fcssige Energie speist eine W\u00e4rmepumpe, die in Kombination mit einem Pufferspeicher f\u00fcr ausfallsfreie W\u00e4rme sorgt. Am vergangenen Donnerstag erfolgte der Spatenstich zur Erweiterung des Netzes. Ministerpr\u00e4sident Daniel G\u00fcnther lobte die dezentrale Struktur als Vorbild f\u00fcr nachhaltige Energiekonzepte. Das Engagement st\u00e4rkt lokale Klimaschutzma\u00dfnahmen.<\/p>\n<h2><span class=\"ez-toc-section\" id=\"system-ermoeglicht-dauerhafte-lueckenlose-waermeversorgung-selbst-bei-erheblichen-stromueberschuessen\"><\/span>System erm\u00f6glicht dauerhafte l\u00fcckenlose W\u00e4rmeversorgung selbst bei erheblichen Strom\u00fcbersch\u00fcssen<span class=\"ez-toc-section-end\"><\/span><\/h2>\n<p>Lokaler Wind- und Solarstrom wird direkt in eine 240-kW-W\u00e4rmepumpe gespeist, um erneuerbare Energie effizient f\u00fcr die W\u00e4rmeversorgung zu nutzen. Bei \u00dcberangebot aktiviert ein elektrischer Heizstab und wandelt \u00fcbersch\u00fcssigen Strom in W\u00e4rme um. Ein gro\u00dfer Pufferspeicher nimmt die erzeugte W\u00e4rme auf und entkoppelt zeitlich Erzeugung und Bedarf. Diese Kombination optimiert den Gesamtwirkungsgrad, senkt Netzrisiken, steigert die Betriebssicherheit und tr\u00e4gt zur wirtschaftlichen und \u00f6kologischen Nachhaltigkeit kommunaler Energieprojekte bei durch effiziente intelligente Steuerungsalgorithmen.<\/p>\n<h2><span class=\"ez-toc-section\" id=\"zusaetzlicher-kessel-kompensiert-netzschwankungen-und-wartungsausfaelle-ohne-jegliche-versorgungsunterbrechung\"><\/span>Zus\u00e4tzlicher Kessel kompensiert Netzschwankungen und Wartungsausf\u00e4lle ohne jegliche Versorgungsunterbrechung<span class=\"ez-toc-section-end\"><\/span><\/h2>\n<p>Ein hochwertiger Kessel erg\u00e4nzt die bestehende W\u00e4rmepumpenanlage als Reserve f\u00fcr Spitzenlasten sowie planm\u00e4\u00dfige oder unvorhergesehene Wartungsarbeiten. Sobald die W\u00e4rmepumpe abgeschaltet ist oder die Temperaturforderung deutlich steigt springt der Kessel automatisch an und liefert die erforderliche Heizleistung. Dieser Mechanismus verhindert Versorgungsunterbrechungen selbst in sto\u00dflastintensiven Phasen. Das System nutzt intelligente Steuerung und hochpr\u00e4zise Sensorik um Reaktionszeiten zu minimieren und konstante Vorlauftemperaturen in allen angeschlossenen Geb\u00e4uden sicherzustellen. Die doppelte Erzeugungsstruktur maximiert Betriebssicherheit nachhaltig.<\/p>\n<h2><span class=\"ez-toc-section\" id=\"effiziente-nahwaerme-in-bosbuell-basiert-auf-buergerenergie-und-unternehmenskooperation\"><\/span>Effiziente Nahw\u00e4rme in Bosb\u00fcll basiert auf B\u00fcrgerenergie und Unternehmenskooperation<span class=\"ez-toc-section-end\"><\/span><\/h2>\n<p>Die Bosb\u00fcll Energie GmbH wurde als Gemeinschaftsunternehmen von B\u00fcrgerwindpark Bosb\u00fcll und GP JOULE aufgebaut, um eine nachhaltige W\u00e4rmeversorgung sicherzustellen. Lokale Produzenten speisen Strom und W\u00e4rme in ein eigenst\u00e4ndiges Versorgungsnetz ein, das die Energiefl\u00fcsse dezentral regelt. Dieses Konzept optimiert die Nutzung erneuerbarer Ressourcen, st\u00e4rkt regionale Wirtschaftskreisl\u00e4ufe und gew\u00e4hrleistet Unabh\u00e4ngigkeit von \u00fcberregionalen Versorgern. Kurze Distanzen senken Verluste, steigern Effizienz und verbessern die kommunale Budgetlage. Zudem werden nachhaltige Standortentwicklungen beg\u00fcnstigt und Perspektiven er\u00f6ffnet.<\/p>\n<h2><span class=\"ez-toc-section\" id=\"netzverdichtung-startet-im-herbst-dorf-erhaelt-gruene-waermeversorgung-202526\"><\/span>Netzverdichtung startet im Herbst: Dorf erh\u00e4lt gr\u00fcne W\u00e4rmeversorgung 2025\/26<span class=\"ez-toc-section-end\"><\/span><\/h2>\n<p>Der Baubeginn f\u00fcr die Verdichtung des Nahw\u00e4rmenetzes ist im Herbst vorgesehen. Durch den Aufbau zus\u00e4tzlicher Leitungsstr\u00e4nge werden bis zur Heizperiode 2025\/26 rund f\u00fcnfzig Prozent der Dorfh\u00e4user an das CO2-neutrale W\u00e4rmeversorgungssystem angeschlossen. Hausanschl\u00fcsse, Stra\u00dfensch\u00e4chte und Verteilerstationen werden dabei erneuert oder erg\u00e4nzt. Bereits ab der n\u00e4chsten Wintersaison k\u00f6nnen Bewohnerinnen und Bewohner klimafreundliche W\u00e4rme beziehen. Das Projekt f\u00f6rdert die regionale Wertsch\u00f6pfung, verbessert den Wohnkomfort nachhaltig und leistet einen Beitrag zur klimagerechten Dorfentwicklung.<\/p>\n<h2><span class=\"ez-toc-section\" id=\"elektrolyseure-wandeln-erneuerbaren-strom-in-wasserstoff-und-prozesswaerme-um\"><\/span>Elektrolyseure wandeln erneuerbaren Strom in Wasserstoff und Prozessw\u00e4rme um<span class=\"ez-toc-section-end\"><\/span><\/h2>\n<p>Auf dem Gel\u00e4nde der Heizzentrale sind zwei Elektrolyseure integriert, die gr\u00fcnen Wasserstoff aus dem Strom von Wind- und Solarparks generieren. Der Elektrolyseprozess erzeugt gleichzeitig thermische Energie, welche \u00fcber W\u00e4rmetauscher in das Nahw\u00e4rmenetz eingespeist wird. Durch diese Kopplung l\u00e4sst sich die Verwertungsquote regenerativer Energie deutlich steigern, da \u00fcbersch\u00fcssiger Strom nicht abgeregelt wird. Die Kombination tr\u00e4gt zur Erh\u00f6hung des Gesamtwirkungsgrades bei und verbessert damit die Wirtschaftlichkeit der Anlage. Langfristig steigt die Ressourceneffizienz.<\/p>\n<h2><span class=\"ez-toc-section\" id=\"buergerwind-und-buergersolarparks-tragen-aktuell-zur-emissionsfreien-efarm-mobilitaet-bei\"><\/span>B\u00fcrgerwind- und B\u00fcrgersolarparks tragen aktuell zur emissionsfreien eFarm-Mobilit\u00e4t bei<span class=\"ez-toc-section-end\"><\/span><\/h2>\n<p>Mit Hilfe der eFarm-Initiative werden Brennstoffzellenbusse im \u00f6ffentlichen Nahverkehr Nordfrieslands CO?-neutral betrieben und alle Fahrzeuge an den Tankstellen in Nieb\u00fcll und Husum emissionsfrei versorgt. Das innovative Mobilit\u00e4tskonzept von GP JOULE basiert auf regionalem gr\u00fcnem Wasserstoff und wird von \u00fcber 20 Gesellschaftern sowie mehr als 3.500 Beteiligten aus B\u00fcrgerwind- und B\u00fcrgersolarparks getragen. So entsteht ein zukunftsf\u00e4higes, resilient organisiertes Verkehrsnetz mit lokalem Mehrwert. Es st\u00e4rkt wirtschaftliche Perspektiven, senkt Emissionen und bindet Gemeinschaft.<\/p>\n<h2><span class=\"ez-toc-section\" id=\"intelligentes-waermenetz-bosbuell-verbindet-power-to-heat-pufferspeicher-nachhaltig-und-wasserstoffintegration\"><\/span>Intelligentes W\u00e4rmenetz Bosb\u00fcll verbindet Power-to-Heat, Pufferspeicher nachhaltig und Wasserstoffintegration<span class=\"ez-toc-section-end\"><\/span><\/h2>\n<p>Bei der Besichtigung des Bioenergiedorfes Bosb\u00fcll betonte Ministerpr\u00e4sident G\u00fcnther, wie wirksam eine dezentrale und intelligente Energieversorgung sein kann. Er verwies auf die Kombination von Pufferspeicher, W\u00e4rmepumpe, Power-to-Heat-System, Wasserstoffelektrolyse und Nahw\u00e4rmenetz. Diese integrierte Infrastruktur lieferte einen belastbaren Fahrplan f\u00fcr Schleswig-Holstein, um bis 2040 klimaneutral zu werden. Zudem hob er die positiven Effekte f\u00fcr regionale Arbeitspl\u00e4tze, B\u00fcrgerbeteiligung und kommunale Wirtschaftsentwicklung hervor. G\u00fcnther zufolge er\u00f6ffnet dieser Ansatz neue Perspektiven f\u00fcr Mobilit\u00e4t und Gemeindeautarkie.<\/p>\n<h2><span class=\"ez-toc-section\" id=\"weihnachtskindergeld-eingefuehrt-dank-regionaler-ueberschuesse-aus-wind-und-solarstrom\"><\/span>Weihnachtskindergeld eingef\u00fchrt dank regionaler \u00dcbersch\u00fcsse aus Wind- und Solarstrom<span class=\"ez-toc-section-end\"><\/span><\/h2>\n<p>Die Gewinne aus lokal erzeugter Wind- und Solarenergie finanzierte Renovierungsarbeiten am Gemeindehaus, neue Spielger\u00e4te f\u00fcr Kinder sowie den Ausbau und die Instandhaltung von Stra\u00dfen und Wegen. Zus\u00e4tzlich wurden neue Kindergarten- und Krippenpl\u00e4tze bereitgestellt und Familien ein Weihnachtskindergeld gew\u00e4hrt. Parallel dazu reduzierte die Verwaltung zum Haushaltsjahr 2023 den Grundsteuerhebesatz auf 100 Prozentpunkte, was einer Senkung von urspr\u00fcnglich 340 Prozentpunkten entspricht und langfristig die kommunalen Abgaben mindert sozial nachhaltig b\u00fcrgernah zukunftsorientiert verantwortungsvoll<\/p>\n<h2><span class=\"ez-toc-section\" id=\"regional-erzeugter-strom-speist-effiziente-waermepumpe-elektrostab-und-wasserstoffreaktor\"><\/span>Regional erzeugter Strom speist effiziente W\u00e4rmepumpe, Elektrostab und Wasserstoffreaktor<span class=\"ez-toc-section-end\"><\/span><\/h2>\n<p>Im Rahmen des Bosb\u00fcller W\u00e4rmeprojekts wird Strom aus lokalen Wind- und Solaranlagen zun\u00e4chst mittels Power-to-Heat direkt in einen Pufferspeicher eingespeist und bei \u00dcberangebot durch einen elektrischen Heizstab erg\u00e4nzt. Ein Spitzenlastkessel stellt auch bei hoher Nachfrage oder Wartungsarbeiten vollumf\u00e4ngliche Versorgung sicher. Zugleich produziert ein Elektrolyseur gr\u00fcnen Wasserstoff, dessen Prozessw\u00e4rme in das Nahw\u00e4rmenetz zur\u00fcckflie\u00dft. Das Zusammenspiel dieser Technologien liefert wichtige Erkenntnisse zu dezentraler Versorgungssicherheit und \u00f6konomischer Nachhaltigkeit. Es st\u00e4rkt die regionale Wertsch\u00f6pfungskette.<\/p>\n","protected":false},"excerpt":{"rendered":"<p>In Bosb\u00fcll liefert die Bosb\u00fcll Energie GmbH in Zusammenarbeit mit GP JOULE seit 2020 klimaneutrale W\u00e4rme \u00fcber ein regeneratives Nahw\u00e4rmenetz. Lokaler Wind- und Solarstrom wird in einer 240-kW-W\u00e4rmepumpe mit Power-to-Heat-Technologie verarbeitet. Bei \u00dcberangebot schaltet ein elektrischer Heizstab zu, und ein gro\u00dfer Pufferspeicher puffert Energie. Geplante Nachverdichtungsarbeiten integrieren zus\u00e4tzliche Haushalte. Parallel erzeugen eFarm-Elektrolyseure gr\u00fcnen Wasserstoff, der<\/p>\n<div class=\"read-more\"><a href=\"https:\/\/www.doppelklicker.de\/blog\/bosbuell-energie-gmbh-und-gp-joule-starten-fernwaermenachverdichtung\/\" title=\"Jetzt alles lesen\">Jetzt alles lesen<\/a><\/div>\n","protected":false},"author":8,"featured_media":10990,"comment_status":"open","ping_status":"open","sticky":false,"template":"","format":"standard","meta":[],"categories":[3305],"tags":[],"yoast_head":"<!-- This site is optimized with the Yoast SEO plugin v18.2 - https:\/\/yoast.com\/wordpress\/plugins\/seo\/ -->\n<meta name=\"robots\" content=\"index, follow, max-snippet:-1, max-image-preview:large, max-video-preview:-1\" \/>\n<link rel=\"canonical\" href=\"https:\/\/www.doppelklicker.de\/blog\/bosbuell-energie-gmbh-und-gp-joule-starten-fernwaermenachverdichtung\/\" \/>\n<meta property=\"og:locale\" content=\"de_DE\" \/>\n<meta property=\"og:type\" content=\"article\" \/>\n<meta property=\"og:title\" content=\"B\u00fcrgerwindpark und GP JOULE starten gemeinsames W\u00e4rmeversorgungsprojekt in Bosb\u00fcll\" \/>\n<meta property=\"og:description\" content=\"In Bosb\u00fcll liefert die Bosb\u00fcll Energie GmbH in Zusammenarbeit mit GP JOULE seit 2020 klimaneutrale W\u00e4rme \u00fcber ein regeneratives Nahw\u00e4rmenetz. Lokaler Wind- und Solarstrom wird in einer 240-kW-W\u00e4rmepumpe mit Power-to-Heat-Technologie verarbeitet. Bei \u00dcberangebot schaltet ein elektrischer Heizstab zu, und ein gro\u00dfer Pufferspeicher puffert Energie. Geplante Nachverdichtungsarbeiten integrieren zus\u00e4tzliche Haushalte. Parallel erzeugen eFarm-Elektrolyseure gr\u00fcnen Wasserstoff, derJetzt alles lesen\" \/>\n<meta property=\"og:url\" content=\"https:\/\/www.doppelklicker.de\/blog\/bosbuell-energie-gmbh-und-gp-joule-starten-fernwaermenachverdichtung\/\" \/>\n<meta property=\"og:site_name\" content=\"Aus Mainz.\" \/>\n<meta property=\"article:published_time\" content=\"2025-09-02T07:00:00+00:00\" \/>\n<meta property=\"article:modified_time\" content=\"2025-09-02T11:51:05+00:00\" \/>\n<meta property=\"og:image\" content=\"https:\/\/www.doppelklicker.de\/blog\/wp-content\/uploads\/2025\/09\/bosbuell-startet-offiziell-netzverdichtung-klimaneutrales-nahwaermeprojekt-ab.jpg\" \/>\n\t<meta property=\"og:image:width\" content=\"1280\" \/>\n\t<meta property=\"og:image:height\" content=\"615\" \/>\n\t<meta property=\"og:image:type\" content=\"image\/jpeg\" \/>\n<meta name=\"twitter:card\" content=\"summary_large_image\" \/>\n<meta name=\"twitter:label1\" content=\"Verfasst von\" \/>\n\t<meta name=\"twitter:data1\" content=\"Iris Martin\" \/>\n\t<meta name=\"twitter:label2\" content=\"Gesch\u00e4tzte Lesezeit\" \/>\n\t<meta name=\"twitter:data2\" content=\"5 Minuten\" \/>\n<script type=\"application\/ld+json\" class=\"yoast-schema-graph\">{\"@context\":\"https:\/\/schema.org\",\"@graph\":[{\"@type\":\"WebSite\",\"@id\":\"https:\/\/www.doppelklicker.de\/blog\/#website\",\"url\":\"https:\/\/www.doppelklicker.de\/blog\/\",\"name\":\"Aus Mainz.\",\"description\":\"F\u00fcr die Welt.\",\"potentialAction\":[{\"@type\":\"SearchAction\",\"target\":{\"@type\":\"EntryPoint\",\"urlTemplate\":\"https:\/\/www.doppelklicker.de\/blog\/?s={search_term_string}\"},\"query-input\":\"required name=search_term_string\"}],\"inLanguage\":\"de-DE\"},{\"@type\":\"ImageObject\",\"@id\":\"https:\/\/www.doppelklicker.de\/blog\/bosbuell-energie-gmbh-und-gp-joule-starten-fernwaermenachverdichtung\/#primaryimage\",\"inLanguage\":\"de-DE\",\"url\":\"https:\/\/www.doppelklicker.de\/blog\/wp-content\/uploads\/2025\/09\/bosbuell-startet-offiziell-netzverdichtung-klimaneutrales-nahwaermeprojekt-ab.jpg\",\"contentUrl\":\"https:\/\/www.doppelklicker.de\/blog\/wp-content\/uploads\/2025\/09\/bosbuell-startet-offiziell-netzverdichtung-klimaneutrales-nahwaermeprojekt-ab.jpg\",\"width\":1280,\"height\":615,\"caption\":\"B\u00fcrgerwindpark und GP JOULE starten gemeinsames W\u00e4rmeversorgungsprojekt in Bosb\u00fcll (Foto: GP JOULE)\"},{\"@type\":\"WebPage\",\"@id\":\"https:\/\/www.doppelklicker.de\/blog\/bosbuell-energie-gmbh-und-gp-joule-starten-fernwaermenachverdichtung\/#webpage\",\"url\":\"https:\/\/www.doppelklicker.de\/blog\/bosbuell-energie-gmbh-und-gp-joule-starten-fernwaermenachverdichtung\/\",\"name\":\"B\u00fcrgerwindpark und GP JOULE starten gemeinsames W\u00e4rmeversorgungsprojekt in Bosb\u00fcll\",\"isPartOf\":{\"@id\":\"https:\/\/www.doppelklicker.de\/blog\/#website\"},\"primaryImageOfPage\":{\"@id\":\"https:\/\/www.doppelklicker.de\/blog\/bosbuell-energie-gmbh-und-gp-joule-starten-fernwaermenachverdichtung\/#primaryimage\"},\"datePublished\":\"2025-09-02T07:00:00+00:00\",\"dateModified\":\"2025-09-02T11:51:05+00:00\",\"author\":{\"@id\":\"https:\/\/www.doppelklicker.de\/blog\/#\/schema\/person\/08dcac172bdb025e8ff433488184668a\"},\"breadcrumb\":{\"@id\":\"https:\/\/www.doppelklicker.de\/blog\/bosbuell-energie-gmbh-und-gp-joule-starten-fernwaermenachverdichtung\/#breadcrumb\"},\"inLanguage\":\"de-DE\",\"potentialAction\":[{\"@type\":\"ReadAction\",\"target\":[\"https:\/\/www.doppelklicker.de\/blog\/bosbuell-energie-gmbh-und-gp-joule-starten-fernwaermenachverdichtung\/\"]}]},{\"@type\":\"BreadcrumbList\",\"@id\":\"https:\/\/www.doppelklicker.de\/blog\/bosbuell-energie-gmbh-und-gp-joule-starten-fernwaermenachverdichtung\/#breadcrumb\",\"itemListElement\":[{\"@type\":\"ListItem\",\"position\":1,\"name\":\"Startseite\",\"item\":\"https:\/\/www.doppelklicker.de\/blog\/\"},{\"@type\":\"ListItem\",\"position\":2,\"name\":\"B\u00fcrgerwindpark und GP JOULE starten gemeinsames W\u00e4rmeversorgungsprojekt in Bosb\u00fcll\"}]},{\"@type\":\"Person\",\"@id\":\"https:\/\/www.doppelklicker.de\/blog\/#\/schema\/person\/08dcac172bdb025e8ff433488184668a\",\"name\":\"Iris Martin\",\"image\":{\"@type\":\"ImageObject\",\"@id\":\"https:\/\/www.doppelklicker.de\/blog\/#personlogo\",\"inLanguage\":\"de-DE\",\"url\":\"https:\/\/secure.gravatar.com\/avatar\/82fdaa093be0b9686b531f99fcb54d15?s=96&d=wp_user_avatar&r=g\",\"contentUrl\":\"https:\/\/secure.gravatar.com\/avatar\/82fdaa093be0b9686b531f99fcb54d15?s=96&d=wp_user_avatar&r=g\",\"caption\":\"Iris Martin\"},\"url\":\"https:\/\/www.doppelklicker.de\/blog\/author\/iris-martin\/\"}]}<\/script>\n<!-- \/ Yoast SEO plugin. -->","yoast_head_json":{"robots":{"index":"index","follow":"follow","max-snippet":"max-snippet:-1","max-image-preview":"max-image-preview:large","max-video-preview":"max-video-preview:-1"},"canonical":"https:\/\/www.doppelklicker.de\/blog\/bosbuell-energie-gmbh-und-gp-joule-starten-fernwaermenachverdichtung\/","og_locale":"de_DE","og_type":"article","og_title":"B\u00fcrgerwindpark und GP JOULE starten gemeinsames W\u00e4rmeversorgungsprojekt in Bosb\u00fcll","og_description":"In Bosb\u00fcll liefert die Bosb\u00fcll Energie GmbH in Zusammenarbeit mit GP JOULE seit 2020 klimaneutrale W\u00e4rme \u00fcber ein regeneratives Nahw\u00e4rmenetz. Lokaler Wind- und Solarstrom wird in einer 240-kW-W\u00e4rmepumpe mit Power-to-Heat-Technologie verarbeitet. Bei \u00dcberangebot schaltet ein elektrischer Heizstab zu, und ein gro\u00dfer Pufferspeicher puffert Energie. Geplante Nachverdichtungsarbeiten integrieren zus\u00e4tzliche Haushalte. Parallel erzeugen eFarm-Elektrolyseure gr\u00fcnen Wasserstoff, derJetzt alles lesen","og_url":"https:\/\/www.doppelklicker.de\/blog\/bosbuell-energie-gmbh-und-gp-joule-starten-fernwaermenachverdichtung\/","og_site_name":"Aus Mainz.","article_published_time":"2025-09-02T07:00:00+00:00","article_modified_time":"2025-09-02T11:51:05+00:00","og_image":[{"width":1280,"height":615,"url":"https:\/\/www.doppelklicker.de\/blog\/wp-content\/uploads\/2025\/09\/bosbuell-startet-offiziell-netzverdichtung-klimaneutrales-nahwaermeprojekt-ab.jpg","type":"image\/jpeg"}],"twitter_card":"summary_large_image","twitter_misc":{"Verfasst von":"Iris Martin","Gesch\u00e4tzte Lesezeit":"5 Minuten"},"schema":{"@context":"https:\/\/schema.org","@graph":[{"@type":"WebSite","@id":"https:\/\/www.doppelklicker.de\/blog\/#website","url":"https:\/\/www.doppelklicker.de\/blog\/","name":"Aus Mainz.","description":"F\u00fcr die Welt.","potentialAction":[{"@type":"SearchAction","target":{"@type":"EntryPoint","urlTemplate":"https:\/\/www.doppelklicker.de\/blog\/?s={search_term_string}"},"query-input":"required name=search_term_string"}],"inLanguage":"de-DE"},{"@type":"ImageObject","@id":"https:\/\/www.doppelklicker.de\/blog\/bosbuell-energie-gmbh-und-gp-joule-starten-fernwaermenachverdichtung\/#primaryimage","inLanguage":"de-DE","url":"https:\/\/www.doppelklicker.de\/blog\/wp-content\/uploads\/2025\/09\/bosbuell-startet-offiziell-netzverdichtung-klimaneutrales-nahwaermeprojekt-ab.jpg","contentUrl":"https:\/\/www.doppelklicker.de\/blog\/wp-content\/uploads\/2025\/09\/bosbuell-startet-offiziell-netzverdichtung-klimaneutrales-nahwaermeprojekt-ab.jpg","width":1280,"height":615,"caption":"B\u00fcrgerwindpark und GP JOULE starten gemeinsames W\u00e4rmeversorgungsprojekt in Bosb\u00fcll (Foto: GP JOULE)"},{"@type":"WebPage","@id":"https:\/\/www.doppelklicker.de\/blog\/bosbuell-energie-gmbh-und-gp-joule-starten-fernwaermenachverdichtung\/#webpage","url":"https:\/\/www.doppelklicker.de\/blog\/bosbuell-energie-gmbh-und-gp-joule-starten-fernwaermenachverdichtung\/","name":"B\u00fcrgerwindpark und GP JOULE starten gemeinsames W\u00e4rmeversorgungsprojekt in Bosb\u00fcll","isPartOf":{"@id":"https:\/\/www.doppelklicker.de\/blog\/#website"},"primaryImageOfPage":{"@id":"https:\/\/www.doppelklicker.de\/blog\/bosbuell-energie-gmbh-und-gp-joule-starten-fernwaermenachverdichtung\/#primaryimage"},"datePublished":"2025-09-02T07:00:00+00:00","dateModified":"2025-09-02T11:51:05+00:00","author":{"@id":"https:\/\/www.doppelklicker.de\/blog\/#\/schema\/person\/08dcac172bdb025e8ff433488184668a"},"breadcrumb":{"@id":"https:\/\/www.doppelklicker.de\/blog\/bosbuell-energie-gmbh-und-gp-joule-starten-fernwaermenachverdichtung\/#breadcrumb"},"inLanguage":"de-DE","potentialAction":[{"@type":"ReadAction","target":["https:\/\/www.doppelklicker.de\/blog\/bosbuell-energie-gmbh-und-gp-joule-starten-fernwaermenachverdichtung\/"]}]},{"@type":"BreadcrumbList","@id":"https:\/\/www.doppelklicker.de\/blog\/bosbuell-energie-gmbh-und-gp-joule-starten-fernwaermenachverdichtung\/#breadcrumb","itemListElement":[{"@type":"ListItem","position":1,"name":"Startseite","item":"https:\/\/www.doppelklicker.de\/blog\/"},{"@type":"ListItem","position":2,"name":"B\u00fcrgerwindpark und GP JOULE starten gemeinsames W\u00e4rmeversorgungsprojekt in Bosb\u00fcll"}]},{"@type":"Person","@id":"https:\/\/www.doppelklicker.de\/blog\/#\/schema\/person\/08dcac172bdb025e8ff433488184668a","name":"Iris Martin","image":{"@type":"ImageObject","@id":"https:\/\/www.doppelklicker.de\/blog\/#personlogo","inLanguage":"de-DE","url":"https:\/\/secure.gravatar.com\/avatar\/82fdaa093be0b9686b531f99fcb54d15?s=96&d=wp_user_avatar&r=g","contentUrl":"https:\/\/secure.gravatar.com\/avatar\/82fdaa093be0b9686b531f99fcb54d15?s=96&d=wp_user_avatar&r=g","caption":"Iris Martin"},"url":"https:\/\/www.doppelklicker.de\/blog\/author\/iris-martin\/"}]}},"_links":{"self":[{"href":"https:\/\/www.doppelklicker.de\/blog\/wp-json\/wp\/v2\/posts\/10997"}],"collection":[{"href":"https:\/\/www.doppelklicker.de\/blog\/wp-json\/wp\/v2\/posts"}],"about":[{"href":"https:\/\/www.doppelklicker.de\/blog\/wp-json\/wp\/v2\/types\/post"}],"author":[{"embeddable":true,"href":"https:\/\/www.doppelklicker.de\/blog\/wp-json\/wp\/v2\/users\/8"}],"replies":[{"embeddable":true,"href":"https:\/\/www.doppelklicker.de\/blog\/wp-json\/wp\/v2\/comments?post=10997"}],"version-history":[{"count":0,"href":"https:\/\/www.doppelklicker.de\/blog\/wp-json\/wp\/v2\/posts\/10997\/revisions"}],"wp:featuredmedia":[{"embeddable":true,"href":"https:\/\/www.doppelklicker.de\/blog\/wp-json\/wp\/v2\/media\/10990"}],"wp:attachment":[{"href":"https:\/\/www.doppelklicker.de\/blog\/wp-json\/wp\/v2\/media?parent=10997"}],"wp:term":[{"taxonomy":"category","embeddable":true,"href":"https:\/\/www.doppelklicker.de\/blog\/wp-json\/wp\/v2\/categories?post=10997"},{"taxonomy":"post_tag","embeddable":true,"href":"https:\/\/www.doppelklicker.de\/blog\/wp-json\/wp\/v2\/tags?post=10997"}],"curies":[{"name":"wp","href":"https:\/\/api.w.org\/{rel}","templated":true}]}}