{"id":11035,"date":"2025-09-11T08:00:00","date_gmt":"2025-09-11T06:00:00","guid":{"rendered":"guid"},"modified":"2025-09-12T18:01:04","modified_gmt":"2025-09-12T18:01:04","slug":"ifa-2025-berlin-yukatel-30-jahre-yuka-platz-1-mclaren-720s-gt3-dtm","status":"publish","type":"post","link":"https:\/\/www.doppelklicker.de\/blog\/ifa-2025-berlin-yukatel-30-jahre-yuka-platz-1-mclaren-720s-gt3-dtm\/","title":{"rendered":"Erweiterter Yukatel-Messestand begeistert \u00fcber 212.000 Besucher aus 130 L\u00e4ndern"},"content":{"rendered":"<p>Auf der IFA 2025 beeindruckte Yukatel mit einem innovativen Messestand am Yuka-Platz 1, der sein 30-j\u00e4hriges Firmenjubil\u00e4um visuell durch hochwertige Renderings seines Hauptquartiers inszenierte. Besucher konnten digitale Neuheiten wie smarte Haushaltsanwendungen, vernetztes Entertainment und speziell entwickelte Telekommunikationsl\u00f6sungen erkunden. Interaktive Touchscreens und Live-Demos erm\u00f6glichten den direkten Test der neuesten Applikationen vor Ort. Als Eye-Catcher diente der McLaren 720S-GT3 DTM von Timo Glock. Partnerschaften mit D\u00f6rr Motorsport und dem Basketballteam Yukatel MBB rundeten das Programm ab. \u00dcber 212.000 internationale Fachbesucher nahmen teil.<br \/>\n<!--more--><\/p>\n<div id=\"ez-toc-container\" class=\"ez-toc-v2_0_16 counter-hierarchy\">\n<div class=\"ez-toc-title-container\">\n<p class=\"ez-toc-title\">Inhaltsverzeichnis: Das erwartet Sie in diesem Artikel<\/p>\n<span class=\"ez-toc-title-toggle\"><a class=\"ez-toc-pull-right ez-toc-btn ez-toc-btn-xs ez-toc-btn-default ez-toc-toggle\" style=\"display: none;\"><i class=\"ez-toc-glyphicon ez-toc-icon-toggle\"><\/i><\/a><\/span><\/div>\n<nav><ul class=\"ez-toc-list ez-toc-list-level-1\"><li class=\"ez-toc-page-1 ez-toc-heading-level-2\"><a class=\"ez-toc-link ez-toc-heading-1\" href=\"https:\/\/www.doppelklicker.de\/blog\/ifa-2025-berlin-yukatel-30-jahre-yuka-platz-1-mclaren-720s-gt3-dtm\/#yukatel-praesentiert-vergroesserten-messestand-auf-rekordmesse-ifa-zwecks-staerkung\" title=\"Yukatel pr\u00e4sentiert vergr\u00f6\u00dferten Messestand auf Rekordmesse IFA zwecks St\u00e4rkung\">Yukatel pr\u00e4sentiert vergr\u00f6\u00dferten Messestand auf Rekordmesse IFA zwecks St\u00e4rkung<\/a><\/li><li class=\"ez-toc-page-1 ez-toc-heading-level-2\"><a class=\"ez-toc-link ez-toc-heading-2\" href=\"https:\/\/www.doppelklicker.de\/blog\/ifa-2025-berlin-yukatel-30-jahre-yuka-platz-1-mclaren-720s-gt3-dtm\/#yuka-platz-1-stand-ueberzeugt-mit-grosszuegigen-meetingflaechen-und-beeindruckenden-visuellen-markenwaenden\" title=\"Yuka-Platz-1-Stand \u00fcberzeugt mit gro\u00dfz\u00fcgigen Meetingfl\u00e4chen und beeindruckenden visuellen Markenw\u00e4nden\">Yuka-Platz-1-Stand \u00fcberzeugt mit gro\u00dfz\u00fcgigen Meetingfl\u00e4chen und beeindruckenden visuellen Markenw\u00e4nden<\/a><\/li><li class=\"ez-toc-page-1 ez-toc-heading-level-2\"><a class=\"ez-toc-link ez-toc-heading-3\" href=\"https:\/\/www.doppelklicker.de\/blog\/ifa-2025-berlin-yukatel-30-jahre-yuka-platz-1-mclaren-720s-gt3-dtm\/#dtm-bolide-mclaren-720s-gt3-mit-timo-glock-live-am-stand\" title=\"DTM-Bolide McLaren 720S-GT3 mit Timo Glock live am Stand\">DTM-Bolide McLaren 720S-GT3 mit Timo Glock live am Stand<\/a><\/li><li class=\"ez-toc-page-1 ez-toc-heading-level-2\"><a class=\"ez-toc-link ez-toc-heading-4\" href=\"https:\/\/www.doppelklicker.de\/blog\/ifa-2025-berlin-yukatel-30-jahre-yuka-platz-1-mclaren-720s-gt3-dtm\/#fans-erhalten-exklusive-einblicke-direkt-in-trainingsplaene-und-spielstrategien\" title=\"Fans erhalten exklusive Einblicke direkt in Trainingspl\u00e4ne und Spielstrategien\">Fans erhalten exklusive Einblicke direkt in Trainingspl\u00e4ne und Spielstrategien<\/a><\/li><li class=\"ez-toc-page-1 ez-toc-heading-level-2\"><a class=\"ez-toc-link ez-toc-heading-5\" href=\"https:\/\/www.doppelklicker.de\/blog\/ifa-2025-berlin-yukatel-30-jahre-yuka-platz-1-mclaren-720s-gt3-dtm\/#frisch-gebruehter-kaffee-lockert-gespraechsatmosphaere-und-optimiert-kundenbeziehungen-nachhaltig\" title=\"Frisch gebr\u00fchter Kaffee lockert Gespr\u00e4chsatmosph\u00e4re und optimiert Kundenbeziehungen nachhaltig\">Frisch gebr\u00fchter Kaffee lockert Gespr\u00e4chsatmosph\u00e4re und optimiert Kundenbeziehungen nachhaltig<\/a><\/li><li class=\"ez-toc-page-1 ez-toc-heading-level-2\"><a class=\"ez-toc-link ez-toc-heading-6\" href=\"https:\/\/www.doppelklicker.de\/blog\/ifa-2025-berlin-yukatel-30-jahre-yuka-platz-1-mclaren-720s-gt3-dtm\/#innovative-messestandgestaltung-auf-ifa-2025-verbindet-technik-rennsport-basketballbegeisterung\" title=\"Innovative Messestandgestaltung auf IFA 2025 verbindet Technik, Rennsport, Basketballbegeisterung\">Innovative Messestandgestaltung auf IFA 2025 verbindet Technik, Rennsport, Basketballbegeisterung<\/a><\/li><\/ul><\/nav><\/div>\n<h2><span class=\"ez-toc-section\" id=\"yukatel-praesentiert-vergroesserten-messestand-auf-rekordmesse-ifa-zwecks-staerkung\"><\/span>Yukatel pr\u00e4sentiert vergr\u00f6\u00dferten Messestand auf Rekordmesse IFA zwecks St\u00e4rkung<span class=\"ez-toc-section-end\"><\/span><\/h2>\n<div id=\"attachment_11031\" style=\"width: 760px\" class=\"wp-caption alignleft\"><img aria-describedby=\"caption-attachment-11031\" loading=\"lazy\" src=\"https:\/\/www.doppelklicker.de\/wp-content\/uploads\/2025\/09\/hawkins-26164.jpg\" alt=\"Der ehemalige Formel-1-Pilot Timo Glock und Javontae Hawkins, (Foto: Yukatel GmbH)\" width=\"750\" height=\"600\" class=\"size-full wp-image-11031\" \/><p id=\"caption-attachment-11031\" class=\"wp-caption-text\">Der ehemalige Formel-1-Pilot Timo Glock und Javontae Hawkins, (Foto: Yukatel GmbH)<\/p><\/div>\n<p>IFA 2025 erzielte einen Rekord an Besuchern und Ausstellern und bot Yukatel eine wertvolle B\u00fchne zur St\u00e4rkung seiner Position in den Bereichen Unterhaltungselektronik, Haushaltsger\u00e4te und digitale Innovation. Auf einer erweiterten Standfl\u00e4che veranschaulichte das Unternehmen seine 30-j\u00e4hrige Expertise, verkn\u00fcpfte Spitzentechnologie mit aktivem Engagement im Motorsport und ausgezeichnetem Kundenservice. Mit Live-Demonstrationen und pers\u00f6nlichen Gespr\u00e4chen unterstrich Yukatel seinen Innovationsgeist und bewies, dass Technik, Sportf\u00f6rderung und Kundenn\u00e4he dauerhaft harmonieren k\u00f6nnen. \u00dcberzeugende Visuals interaktive Exponate.<\/p>\n<h2><span class=\"ez-toc-section\" id=\"yuka-platz-1-stand-ueberzeugt-mit-grosszuegigen-meetingflaechen-und-beeindruckenden-visuellen-markenwaenden\"><\/span>Yuka-Platz-1-Stand \u00fcberzeugt mit gro\u00dfz\u00fcgigen Meetingfl\u00e4chen und beeindruckenden visuellen Markenw\u00e4nden<span class=\"ez-toc-section-end\"><\/span><\/h2>\n<p>Die erweiterte Ausstellungsfl\u00e4che am Yuka-Platz 1 erlaubte zus\u00e4tzliche Bereiche f\u00fcr Gespr\u00e4che, w\u00e4hrend gro\u00dfformatige Messew\u00e4nde die Architektur des Hauptquartiers von Yukatel in Szene setzten. Diese Pr\u00e4sentation verband zeitgem\u00e4\u00dfes Corporate Design mit dem Markenauftritt und unterstrich die technologische Kompetenz des Telekommunikationsanbieters. G\u00e4ste nahmen den Innovationsgeist wahr und erlebten die Kundenorientierung hautnah. Durch offene Raumkonzepte und klare Linienf\u00fchrung wurde sowohl Professionalit\u00e4t als auch famili\u00e4re Atmosph\u00e4re kommuniziert. Die harmonische Farbgestaltung unterst\u00fctzte die visuelle Gesamtwirkung.<\/p>\n<h2><span class=\"ez-toc-section\" id=\"dtm-bolide-mclaren-720s-gt3-mit-timo-glock-live-am-stand\"><\/span>DTM-Bolide McLaren 720S-GT3 mit Timo Glock live am Stand<span class=\"ez-toc-section-end\"><\/span><\/h2>\n<div id=\"attachment_11032\" style=\"width: 760px\" class=\"wp-caption alignleft\"><img aria-describedby=\"caption-attachment-11032\" loading=\"lazy\" src=\"https:\/\/www.doppelklicker.de\/wp-content\/uploads\/2025\/09\/mbb-26165.jpg\" alt=\"Javontae Hawkins, Kapit&auml;n des Basketball-Erstligisten Yukatel MBB. (Foto: Yukatel GmbH)\" width=\"750\" height=\"600\" class=\"size-full wp-image-11032\" \/><p id=\"caption-attachment-11032\" class=\"wp-caption-text\">Javontae Hawkins, Kapit\u00e4n des Basketball-Erstligisten Yukatel MBB. (Foto: Yukatel GmbH)<\/p><\/div>\n<p>Als Hauptsponsor des D\u00f6rr Motorsport Teams stellte Yukatel den McLaren 720S-GT3 DTM am Stand aus und zog damit zahlreiche Motorsportbegeisterte an. Ex-Formel-1-Profi Timo Glock nahm sich Zeit f\u00fcr Autogrammw\u00fcnsche, beantwortete detaillierte Fragen zur Technik und erkl\u00e4rte Komponenten wie Ladeluftk\u00fchler, Bremsen und Karosserieversteifung. Die Besucher erhielten unmittelbaren Zugang zu umfassendem Expertenwissen und konnten so tiefgehende Einblicke in Entwicklungsprozesse, Materialeinsatz und Abstimmungsstrategien des DTM-Fahrzeugs gewinnen. Jede Vorf\u00fchrung war gepr\u00e4gt von beeindruckender Leidenschaft.<\/p>\n<h2><span class=\"ez-toc-section\" id=\"fans-erhalten-exklusive-einblicke-direkt-in-trainingsplaene-und-spielstrategien\"><\/span>Fans erhalten exklusive Einblicke direkt in Trainingspl\u00e4ne und Spielstrategien<span class=\"ez-toc-section-end\"><\/span><\/h2>\n<p>Im Rahmen seines Engagements im Basketballbereich f\u00f6rdert Yukatel den t\u00fcrkischen Erstligisten Yukatel MBB aktiv. Bei der Veranstaltung standen Cheftrainer Zafer Akta? sowie Kapit\u00e4n Javontae Hawkins f\u00fcr Fachgespr\u00e4che zur Verf\u00fcgung. In pers\u00f6nlichen Sessions erl\u00e4uterten sie Trainingsaufbau, Taktikschwerpunkte und Spielsysteme und gew\u00e4hrten detaillierte Einblicke in den Teamalltag. Fans nutzten die Gelegenheit f\u00fcr Fragen zu \u00dcbungspl\u00e4nen, Intensit\u00e4tssteuerung und Wettkampfvorbereitung, um wertvolles Hintergrundwissen zur Arbeitsweise der Mannschaft zu Interviews.<\/p>\n<h2><span class=\"ez-toc-section\" id=\"frisch-gebruehter-kaffee-lockert-gespraechsatmosphaere-und-optimiert-kundenbeziehungen-nachhaltig\"><\/span>Frisch gebr\u00fchter Kaffee lockert Gespr\u00e4chsatmosph\u00e4re und optimiert Kundenbeziehungen nachhaltig<span class=\"ez-toc-section-end\"><\/span><\/h2>\n<div id=\"attachment_11033\" style=\"width: 760px\" class=\"wp-caption alignleft\"><img aria-describedby=\"caption-attachment-11033\" loading=\"lazy\" src=\"https:\/\/www.doppelklicker.de\/wp-content\/uploads\/2025\/09\/yukatel-26166.jpg\" alt=\"Ein originales Basketball-Jersey des t&uuml;rkischen Erstligisten Yukatel (Foto: Yukatel GmbH)\" width=\"750\" height=\"600\" class=\"size-full wp-image-11033\" \/><p id=\"caption-attachment-11033\" class=\"wp-caption-text\">Ein originales Basketball-Jersey des t\u00fcrkischen Erstligisten Yukatel (Foto: Yukatel GmbH)<\/p><\/div>\n<p>Vor Ort stellte Yukatel einen professionellen Barista bereit, der mit handwerklicher Pr\u00e4zision Espresso, Cappuccino und Filterkaffee frisch zubereitete. Das duftende Angebot schuf eine angenehme Umgebung, in der Besucher neue Kontakte kn\u00fcpfen und technische Aspekte eingehend diskutieren konnten. Diese Verbindung von kulinarischer Expertise und technischer Ausstellung verdeutlichte die hohe Servicequalit\u00e4t des Unternehmens und f\u00f6rderte den pers\u00f6nlichen Austausch zwischen Kunden, Partnern und Fachleuten. Die lockere Atmosph\u00e4re unterst\u00fctzte Networking und st\u00e4rkte Markenbindung.<\/p>\n<h2><span class=\"ez-toc-section\" id=\"innovative-messestandgestaltung-auf-ifa-2025-verbindet-technik-rennsport-basketballbegeisterung\"><\/span>Innovative Messestandgestaltung auf IFA 2025 verbindet Technik, Rennsport, Basketballbegeisterung<span class=\"ez-toc-section-end\"><\/span><\/h2>\n<p>Der Yukatel-Messestand auf der IFA 2025 kombinierte technische Demonstrationen, pers\u00f6nliche Beratung und exklusive Sportevents. Zahlreiche Besucher nutzten das einladende Ambiente mit Barista-Service f\u00fcr intensive Gespr\u00e4che \u00fcber Telekommunikationsangebote und Entertainmentl\u00f6sungen. Rennsportfreunde erhielten detaillierte Fahrzeuganalysen des McLaren 720S-GT3 DTM sowie praktische Tipps von Timo Glock. Gleichzeitig informierten Basketballprofis des Yukatel MBB-Teams \u00fcber Trainingsstrategien und Spieltaktiken. Diese integrative Inszenierung unterstrich Yukatels Anspruch auf Kundenzentrierung und Innovationskraft, strategische Partnerschaften und zukunftsf\u00e4hige Netzwerkm\u00f6glichkeiten ebneten Wege.<\/p>\n","protected":false},"excerpt":{"rendered":"<p>Auf der IFA 2025 beeindruckte Yukatel mit einem innovativen Messestand am Yuka-Platz 1, der sein 30-j\u00e4hriges Firmenjubil\u00e4um visuell durch hochwertige Renderings seines Hauptquartiers inszenierte. Besucher konnten digitale Neuheiten wie smarte Haushaltsanwendungen, vernetztes Entertainment und speziell entwickelte Telekommunikationsl\u00f6sungen erkunden. Interaktive Touchscreens und Live-Demos erm\u00f6glichten den direkten Test der neuesten Applikationen vor Ort. Als Eye-Catcher diente der<\/p>\n<div class=\"read-more\"><a href=\"https:\/\/www.doppelklicker.de\/blog\/ifa-2025-berlin-yukatel-30-jahre-yuka-platz-1-mclaren-720s-gt3-dtm\/\" title=\"Jetzt alles lesen\">Jetzt alles lesen<\/a><\/div>\n","protected":false},"author":8,"featured_media":11034,"comment_status":"open","ping_status":"open","sticky":false,"template":"","format":"standard","meta":[],"categories":[3305],"tags":[],"yoast_head":"<!-- This site is optimized with the Yoast SEO plugin v18.2 - https:\/\/yoast.com\/wordpress\/plugins\/seo\/ -->\n<meta name=\"robots\" content=\"index, follow, max-snippet:-1, max-image-preview:large, max-video-preview:-1\" \/>\n<link rel=\"canonical\" href=\"https:\/\/www.doppelklicker.de\/blog\/ifa-2025-berlin-yukatel-30-jahre-yuka-platz-1-mclaren-720s-gt3-dtm\/\" \/>\n<meta property=\"og:locale\" content=\"de_DE\" \/>\n<meta property=\"og:type\" content=\"article\" \/>\n<meta property=\"og:title\" content=\"Erweiterter Yukatel-Messestand begeistert \u00fcber 212.000 Besucher aus 130 L\u00e4ndern\" \/>\n<meta property=\"og:description\" content=\"Auf der IFA 2025 beeindruckte Yukatel mit einem innovativen Messestand am Yuka-Platz 1, der sein 30-j\u00e4hriges Firmenjubil\u00e4um visuell durch hochwertige Renderings seines Hauptquartiers inszenierte. Besucher konnten digitale Neuheiten wie smarte Haushaltsanwendungen, vernetztes Entertainment und speziell entwickelte Telekommunikationsl\u00f6sungen erkunden. Interaktive Touchscreens und Live-Demos erm\u00f6glichten den direkten Test der neuesten Applikationen vor Ort. Als Eye-Catcher diente derJetzt alles lesen\" \/>\n<meta property=\"og:url\" content=\"https:\/\/www.doppelklicker.de\/blog\/ifa-2025-berlin-yukatel-30-jahre-yuka-platz-1-mclaren-720s-gt3-dtm\/\" \/>\n<meta property=\"og:site_name\" content=\"Aus Mainz.\" \/>\n<meta property=\"article:published_time\" content=\"2025-09-11T06:00:00+00:00\" \/>\n<meta property=\"article:modified_time\" content=\"2025-09-12T18:01:04+00:00\" \/>\n<meta property=\"og:image\" content=\"https:\/\/www.doppelklicker.de\/blog\/wp-content\/uploads\/2025\/09\/yukatel-feiert-30-jahre-erweitertem-stand-auf-ifa-26167.jpg\" \/>\n\t<meta property=\"og:image:width\" content=\"1280\" \/>\n\t<meta property=\"og:image:height\" content=\"615\" \/>\n\t<meta property=\"og:image:type\" content=\"image\/jpeg\" \/>\n<meta name=\"twitter:card\" content=\"summary_large_image\" \/>\n<meta name=\"twitter:label1\" content=\"Verfasst von\" \/>\n\t<meta name=\"twitter:data1\" content=\"Iris Martin\" \/>\n\t<meta name=\"twitter:label2\" content=\"Gesch\u00e4tzte Lesezeit\" \/>\n\t<meta name=\"twitter:data2\" content=\"3 Minuten\" \/>\n<script type=\"application\/ld+json\" class=\"yoast-schema-graph\">{\"@context\":\"https:\/\/schema.org\",\"@graph\":[{\"@type\":\"WebSite\",\"@id\":\"https:\/\/www.doppelklicker.de\/blog\/#website\",\"url\":\"https:\/\/www.doppelklicker.de\/blog\/\",\"name\":\"Aus Mainz.\",\"description\":\"F\u00fcr die Welt.\",\"potentialAction\":[{\"@type\":\"SearchAction\",\"target\":{\"@type\":\"EntryPoint\",\"urlTemplate\":\"https:\/\/www.doppelklicker.de\/blog\/?s={search_term_string}\"},\"query-input\":\"required name=search_term_string\"}],\"inLanguage\":\"de-DE\"},{\"@type\":\"ImageObject\",\"@id\":\"https:\/\/www.doppelklicker.de\/blog\/ifa-2025-berlin-yukatel-30-jahre-yuka-platz-1-mclaren-720s-gt3-dtm\/#primaryimage\",\"inLanguage\":\"de-DE\",\"url\":\"https:\/\/www.doppelklicker.de\/blog\/wp-content\/uploads\/2025\/09\/yukatel-feiert-30-jahre-erweitertem-stand-auf-ifa-26167.jpg\",\"contentUrl\":\"https:\/\/www.doppelklicker.de\/blog\/wp-content\/uploads\/2025\/09\/yukatel-feiert-30-jahre-erweitertem-stand-auf-ifa-26167.jpg\",\"width\":1280,\"height\":615,\"caption\":\"Erweiterter Yukatel-Messestand begeistert \u00fcber 212.000 Besucher aus 130 L\u00e4ndern (Foto: Yukatel GmbH)\"},{\"@type\":\"WebPage\",\"@id\":\"https:\/\/www.doppelklicker.de\/blog\/ifa-2025-berlin-yukatel-30-jahre-yuka-platz-1-mclaren-720s-gt3-dtm\/#webpage\",\"url\":\"https:\/\/www.doppelklicker.de\/blog\/ifa-2025-berlin-yukatel-30-jahre-yuka-platz-1-mclaren-720s-gt3-dtm\/\",\"name\":\"Erweiterter Yukatel-Messestand begeistert \u00fcber 212.000 Besucher aus 130 L\u00e4ndern\",\"isPartOf\":{\"@id\":\"https:\/\/www.doppelklicker.de\/blog\/#website\"},\"primaryImageOfPage\":{\"@id\":\"https:\/\/www.doppelklicker.de\/blog\/ifa-2025-berlin-yukatel-30-jahre-yuka-platz-1-mclaren-720s-gt3-dtm\/#primaryimage\"},\"datePublished\":\"2025-09-11T06:00:00+00:00\",\"dateModified\":\"2025-09-12T18:01:04+00:00\",\"author\":{\"@id\":\"https:\/\/www.doppelklicker.de\/blog\/#\/schema\/person\/08dcac172bdb025e8ff433488184668a\"},\"breadcrumb\":{\"@id\":\"https:\/\/www.doppelklicker.de\/blog\/ifa-2025-berlin-yukatel-30-jahre-yuka-platz-1-mclaren-720s-gt3-dtm\/#breadcrumb\"},\"inLanguage\":\"de-DE\",\"potentialAction\":[{\"@type\":\"ReadAction\",\"target\":[\"https:\/\/www.doppelklicker.de\/blog\/ifa-2025-berlin-yukatel-30-jahre-yuka-platz-1-mclaren-720s-gt3-dtm\/\"]}]},{\"@type\":\"BreadcrumbList\",\"@id\":\"https:\/\/www.doppelklicker.de\/blog\/ifa-2025-berlin-yukatel-30-jahre-yuka-platz-1-mclaren-720s-gt3-dtm\/#breadcrumb\",\"itemListElement\":[{\"@type\":\"ListItem\",\"position\":1,\"name\":\"Startseite\",\"item\":\"https:\/\/www.doppelklicker.de\/blog\/\"},{\"@type\":\"ListItem\",\"position\":2,\"name\":\"Erweiterter Yukatel-Messestand begeistert \u00fcber 212.000 Besucher aus 130 L\u00e4ndern\"}]},{\"@type\":\"Person\",\"@id\":\"https:\/\/www.doppelklicker.de\/blog\/#\/schema\/person\/08dcac172bdb025e8ff433488184668a\",\"name\":\"Iris Martin\",\"image\":{\"@type\":\"ImageObject\",\"@id\":\"https:\/\/www.doppelklicker.de\/blog\/#personlogo\",\"inLanguage\":\"de-DE\",\"url\":\"https:\/\/secure.gravatar.com\/avatar\/82fdaa093be0b9686b531f99fcb54d15?s=96&d=wp_user_avatar&r=g\",\"contentUrl\":\"https:\/\/secure.gravatar.com\/avatar\/82fdaa093be0b9686b531f99fcb54d15?s=96&d=wp_user_avatar&r=g\",\"caption\":\"Iris Martin\"},\"url\":\"https:\/\/www.doppelklicker.de\/blog\/author\/iris-martin\/\"}]}<\/script>\n<!-- \/ Yoast SEO plugin. -->","yoast_head_json":{"robots":{"index":"index","follow":"follow","max-snippet":"max-snippet:-1","max-image-preview":"max-image-preview:large","max-video-preview":"max-video-preview:-1"},"canonical":"https:\/\/www.doppelklicker.de\/blog\/ifa-2025-berlin-yukatel-30-jahre-yuka-platz-1-mclaren-720s-gt3-dtm\/","og_locale":"de_DE","og_type":"article","og_title":"Erweiterter Yukatel-Messestand begeistert \u00fcber 212.000 Besucher aus 130 L\u00e4ndern","og_description":"Auf der IFA 2025 beeindruckte Yukatel mit einem innovativen Messestand am Yuka-Platz 1, der sein 30-j\u00e4hriges Firmenjubil\u00e4um visuell durch hochwertige Renderings seines Hauptquartiers inszenierte. Besucher konnten digitale Neuheiten wie smarte Haushaltsanwendungen, vernetztes Entertainment und speziell entwickelte Telekommunikationsl\u00f6sungen erkunden. Interaktive Touchscreens und Live-Demos erm\u00f6glichten den direkten Test der neuesten Applikationen vor Ort. Als Eye-Catcher diente derJetzt alles lesen","og_url":"https:\/\/www.doppelklicker.de\/blog\/ifa-2025-berlin-yukatel-30-jahre-yuka-platz-1-mclaren-720s-gt3-dtm\/","og_site_name":"Aus Mainz.","article_published_time":"2025-09-11T06:00:00+00:00","article_modified_time":"2025-09-12T18:01:04+00:00","og_image":[{"width":1280,"height":615,"url":"https:\/\/www.doppelklicker.de\/blog\/wp-content\/uploads\/2025\/09\/yukatel-feiert-30-jahre-erweitertem-stand-auf-ifa-26167.jpg","type":"image\/jpeg"}],"twitter_card":"summary_large_image","twitter_misc":{"Verfasst von":"Iris Martin","Gesch\u00e4tzte Lesezeit":"3 Minuten"},"schema":{"@context":"https:\/\/schema.org","@graph":[{"@type":"WebSite","@id":"https:\/\/www.doppelklicker.de\/blog\/#website","url":"https:\/\/www.doppelklicker.de\/blog\/","name":"Aus Mainz.","description":"F\u00fcr die Welt.","potentialAction":[{"@type":"SearchAction","target":{"@type":"EntryPoint","urlTemplate":"https:\/\/www.doppelklicker.de\/blog\/?s={search_term_string}"},"query-input":"required name=search_term_string"}],"inLanguage":"de-DE"},{"@type":"ImageObject","@id":"https:\/\/www.doppelklicker.de\/blog\/ifa-2025-berlin-yukatel-30-jahre-yuka-platz-1-mclaren-720s-gt3-dtm\/#primaryimage","inLanguage":"de-DE","url":"https:\/\/www.doppelklicker.de\/blog\/wp-content\/uploads\/2025\/09\/yukatel-feiert-30-jahre-erweitertem-stand-auf-ifa-26167.jpg","contentUrl":"https:\/\/www.doppelklicker.de\/blog\/wp-content\/uploads\/2025\/09\/yukatel-feiert-30-jahre-erweitertem-stand-auf-ifa-26167.jpg","width":1280,"height":615,"caption":"Erweiterter Yukatel-Messestand begeistert \u00fcber 212.000 Besucher aus 130 L\u00e4ndern (Foto: Yukatel GmbH)"},{"@type":"WebPage","@id":"https:\/\/www.doppelklicker.de\/blog\/ifa-2025-berlin-yukatel-30-jahre-yuka-platz-1-mclaren-720s-gt3-dtm\/#webpage","url":"https:\/\/www.doppelklicker.de\/blog\/ifa-2025-berlin-yukatel-30-jahre-yuka-platz-1-mclaren-720s-gt3-dtm\/","name":"Erweiterter Yukatel-Messestand begeistert \u00fcber 212.000 Besucher aus 130 L\u00e4ndern","isPartOf":{"@id":"https:\/\/www.doppelklicker.de\/blog\/#website"},"primaryImageOfPage":{"@id":"https:\/\/www.doppelklicker.de\/blog\/ifa-2025-berlin-yukatel-30-jahre-yuka-platz-1-mclaren-720s-gt3-dtm\/#primaryimage"},"datePublished":"2025-09-11T06:00:00+00:00","dateModified":"2025-09-12T18:01:04+00:00","author":{"@id":"https:\/\/www.doppelklicker.de\/blog\/#\/schema\/person\/08dcac172bdb025e8ff433488184668a"},"breadcrumb":{"@id":"https:\/\/www.doppelklicker.de\/blog\/ifa-2025-berlin-yukatel-30-jahre-yuka-platz-1-mclaren-720s-gt3-dtm\/#breadcrumb"},"inLanguage":"de-DE","potentialAction":[{"@type":"ReadAction","target":["https:\/\/www.doppelklicker.de\/blog\/ifa-2025-berlin-yukatel-30-jahre-yuka-platz-1-mclaren-720s-gt3-dtm\/"]}]},{"@type":"BreadcrumbList","@id":"https:\/\/www.doppelklicker.de\/blog\/ifa-2025-berlin-yukatel-30-jahre-yuka-platz-1-mclaren-720s-gt3-dtm\/#breadcrumb","itemListElement":[{"@type":"ListItem","position":1,"name":"Startseite","item":"https:\/\/www.doppelklicker.de\/blog\/"},{"@type":"ListItem","position":2,"name":"Erweiterter Yukatel-Messestand begeistert \u00fcber 212.000 Besucher aus 130 L\u00e4ndern"}]},{"@type":"Person","@id":"https:\/\/www.doppelklicker.de\/blog\/#\/schema\/person\/08dcac172bdb025e8ff433488184668a","name":"Iris Martin","image":{"@type":"ImageObject","@id":"https:\/\/www.doppelklicker.de\/blog\/#personlogo","inLanguage":"de-DE","url":"https:\/\/secure.gravatar.com\/avatar\/82fdaa093be0b9686b531f99fcb54d15?s=96&d=wp_user_avatar&r=g","contentUrl":"https:\/\/secure.gravatar.com\/avatar\/82fdaa093be0b9686b531f99fcb54d15?s=96&d=wp_user_avatar&r=g","caption":"Iris Martin"},"url":"https:\/\/www.doppelklicker.de\/blog\/author\/iris-martin\/"}]}},"_links":{"self":[{"href":"https:\/\/www.doppelklicker.de\/blog\/wp-json\/wp\/v2\/posts\/11035"}],"collection":[{"href":"https:\/\/www.doppelklicker.de\/blog\/wp-json\/wp\/v2\/posts"}],"about":[{"href":"https:\/\/www.doppelklicker.de\/blog\/wp-json\/wp\/v2\/types\/post"}],"author":[{"embeddable":true,"href":"https:\/\/www.doppelklicker.de\/blog\/wp-json\/wp\/v2\/users\/8"}],"replies":[{"embeddable":true,"href":"https:\/\/www.doppelklicker.de\/blog\/wp-json\/wp\/v2\/comments?post=11035"}],"version-history":[{"count":0,"href":"https:\/\/www.doppelklicker.de\/blog\/wp-json\/wp\/v2\/posts\/11035\/revisions"}],"wp:featuredmedia":[{"embeddable":true,"href":"https:\/\/www.doppelklicker.de\/blog\/wp-json\/wp\/v2\/media\/11034"}],"wp:attachment":[{"href":"https:\/\/www.doppelklicker.de\/blog\/wp-json\/wp\/v2\/media?parent=11035"}],"wp:term":[{"taxonomy":"category","embeddable":true,"href":"https:\/\/www.doppelklicker.de\/blog\/wp-json\/wp\/v2\/categories?post=11035"},{"taxonomy":"post_tag","embeddable":true,"href":"https:\/\/www.doppelklicker.de\/blog\/wp-json\/wp\/v2\/tags?post=11035"}],"curies":[{"name":"wp","href":"https:\/\/api.w.org\/{rel}","templated":true}]}}