{"id":11089,"date":"2025-09-12T09:00:00","date_gmt":"2025-09-12T07:00:00","guid":{"rendered":"guid"},"modified":"2025-09-15T12:51:04","modified_gmt":"2025-09-15T12:51:04","slug":"hochschule-bremen-holt-prof-jan-thiele-ins-dualstudium","status":"publish","type":"post","link":"https:\/\/www.doppelklicker.de\/blog\/hochschule-bremen-holt-prof-jan-thiele-ins-dualstudium\/","title":{"rendered":"Interdisziplin\u00e4re Expertise in Informatik, BWL und Umweltwissenschaften f\u00f6rdert Digitalisierung"},"content":{"rendered":"<p>Seit Anfang des Wintersemesters 2025\/2026 ist Prof. Dr. Dr. Jan Thiele als Professor f\u00fcr Verwaltungsinformatik an der Hochschule Bremen t\u00e4tig. Seine fundierten Kenntnisse aus deutschlandweiten Digitalisierungsprojekten setzt er ein, um moderne IT-L\u00f6sungen und zuverl\u00e4ssige Standards in der \u00f6ffentlichen Verwaltung zu implementieren. Im Dualen Studiengang Wirtschafts- und Verwaltungsinformatik entwickelt er zudem zielgerichtete Konzepte f\u00fcr effiziente, transparente und flexible Prozessabl\u00e4ufe und gestaltet innovative Lehrformate, die Theorie und Praxis eng verkn\u00fcpfen.<br \/>\n<!--more--><\/p>\n<div id=\"ez-toc-container\" class=\"ez-toc-v2_0_16 counter-hierarchy\">\n<div class=\"ez-toc-title-container\">\n<p class=\"ez-toc-title\">Inhaltsverzeichnis: Das erwartet Sie in diesem Artikel<\/p>\n<span class=\"ez-toc-title-toggle\"><a class=\"ez-toc-pull-right ez-toc-btn ez-toc-btn-xs ez-toc-btn-default ez-toc-toggle\" style=\"display: none;\"><i class=\"ez-toc-glyphicon ez-toc-icon-toggle\"><\/i><\/a><\/span><\/div>\n<nav><ul class=\"ez-toc-list ez-toc-list-level-1\"><li class=\"ez-toc-page-1 ez-toc-heading-level-2\"><a class=\"ez-toc-link ez-toc-heading-1\" href=\"https:\/\/www.doppelklicker.de\/blog\/hochschule-bremen-holt-prof-jan-thiele-ins-dualstudium\/#ziel-effiziente-transparente-und-flexible-verwaltung-durch-umfassende-digitalisierungsmassnahmen\" title=\"Ziel: Effiziente, transparente und flexible Verwaltung durch umfassende Digitalisierungsma\u00dfnahmen\">Ziel: Effiziente, transparente und flexible Verwaltung durch umfassende Digitalisierungsma\u00dfnahmen<\/a><\/li><li class=\"ez-toc-page-1 ez-toc-heading-level-2\"><a class=\"ez-toc-link ez-toc-heading-2\" href=\"https:\/\/www.doppelklicker.de\/blog\/hochschule-bremen-holt-prof-jan-thiele-ins-dualstudium\/#thiele-setzte-in-buergerschaftskanzlei-konzepte-um-und-praegte-digitalisierungsvorgaben\" title=\"Thiele setzte in B\u00fcrgerschaftskanzlei Konzepte um und pr\u00e4gte Digitalisierungsvorgaben\">Thiele setzte in B\u00fcrgerschaftskanzlei Konzepte um und pr\u00e4gte Digitalisierungsvorgaben<\/a><\/li><li class=\"ez-toc-page-1 ez-toc-heading-level-2\"><a class=\"ez-toc-link ez-toc-heading-3\" href=\"https:\/\/www.doppelklicker.de\/blog\/hochschule-bremen-holt-prof-jan-thiele-ins-dualstudium\/#enge-verzahnung-von-theorie-und-praxis-foerdert-kuenftige-verwaltungsinformatiker\" title=\"Enge Verzahnung von Theorie und Praxis f\u00f6rdert k\u00fcnftige Verwaltungsinformatiker\">Enge Verzahnung von Theorie und Praxis f\u00f6rdert k\u00fcnftige Verwaltungsinformatiker<\/a><\/li><li class=\"ez-toc-page-1 ez-toc-heading-level-2\"><a class=\"ez-toc-link ez-toc-heading-4\" href=\"https:\/\/www.doppelklicker.de\/blog\/hochschule-bremen-holt-prof-jan-thiele-ins-dualstudium\/#neue-bremer-forschungsallianz-entwickelt-moderne-standards-fuer-effiziente-verwaltungsdigitalisierung\" title=\"Neue Bremer Forschungsallianz entwickelt moderne Standards f\u00fcr effiziente Verwaltungsdigitalisierung\">Neue Bremer Forschungsallianz entwickelt moderne Standards f\u00fcr effiziente Verwaltungsdigitalisierung<\/a><\/li><li class=\"ez-toc-page-1 ez-toc-heading-level-2\"><a class=\"ez-toc-link ez-toc-heading-5\" href=\"https:\/\/www.doppelklicker.de\/blog\/hochschule-bremen-holt-prof-jan-thiele-ins-dualstudium\/#oeffentliche-verwaltung-entlasten-durch-transparente-ablaeufe-mit-agilen-it-systemen\" title=\"\u00d6ffentliche Verwaltung entlasten durch transparente Abl\u00e4ufe mit agilen IT-Systemen\">\u00d6ffentliche Verwaltung entlasten durch transparente Abl\u00e4ufe mit agilen IT-Systemen<\/a><\/li><li class=\"ez-toc-page-1 ez-toc-heading-level-2\"><a class=\"ez-toc-link ez-toc-heading-6\" href=\"https:\/\/www.doppelklicker.de\/blog\/hochschule-bremen-holt-prof-jan-thiele-ins-dualstudium\/#interdisziplinaere-ausbildung-kombiniert-betriebswirtschaftliches-informatisches-und-umweltwissenschaftliches-fachwissen-umfassend\" title=\"Interdisziplin\u00e4re Ausbildung kombiniert betriebswirtschaftliches, informatisches und umweltwissenschaftliches Fachwissen umfassend\">Interdisziplin\u00e4re Ausbildung kombiniert betriebswirtschaftliches, informatisches und umweltwissenschaftliches Fachwissen umfassend<\/a><\/li><li class=\"ez-toc-page-1 ez-toc-heading-level-2\"><a class=\"ez-toc-link ez-toc-heading-7\" href=\"https:\/\/www.doppelklicker.de\/blog\/hochschule-bremen-holt-prof-jan-thiele-ins-dualstudium\/#neue-lehrformate-bieten-praxisnahe-digitalisierungsprojekte-und-soft-skill-training\" title=\"Neue Lehrformate bieten praxisnahe Digitalisierungsprojekte und Soft Skill Training\">Neue Lehrformate bieten praxisnahe Digitalisierungsprojekte und Soft Skill Training<\/a><\/li><li class=\"ez-toc-page-1 ez-toc-heading-level-2\"><a class=\"ez-toc-link ez-toc-heading-8\" href=\"https:\/\/www.doppelklicker.de\/blog\/hochschule-bremen-holt-prof-jan-thiele-ins-dualstudium\/#musizieren-mit-gitarre-und-didgeridoo-foerdert-kreative-verwaltungstechnische-loesungsansaetze\" title=\"Musizieren mit Gitarre und Didgeridoo f\u00f6rdert kreative verwaltungstechnische L\u00f6sungsans\u00e4tze\">Musizieren mit Gitarre und Didgeridoo f\u00f6rdert kreative verwaltungstechnische L\u00f6sungsans\u00e4tze<\/a><\/li><li class=\"ez-toc-page-1 ez-toc-heading-level-2\"><a class=\"ez-toc-link ez-toc-heading-9\" href=\"https:\/\/www.doppelklicker.de\/blog\/hochschule-bremen-holt-prof-jan-thiele-ins-dualstudium\/#langjaehrige-praxiserfahrung-und-it-kompetenz-staerken-dualen-studiengang-an-bremen\" title=\"Langj\u00e4hrige Praxiserfahrung und IT-Kompetenz st\u00e4rken Dualen Studiengang an Bremen\">Langj\u00e4hrige Praxiserfahrung und IT-Kompetenz st\u00e4rken Dualen Studiengang an Bremen<\/a><\/li><\/ul><\/nav><\/div>\n<h2><span class=\"ez-toc-section\" id=\"ziel-effiziente-transparente-und-flexible-verwaltung-durch-umfassende-digitalisierungsmassnahmen\"><\/span>Ziel: Effiziente, transparente und flexible Verwaltung durch umfassende Digitalisierungsma\u00dfnahmen<span class=\"ez-toc-section-end\"><\/span><\/h2>\n<div id=\"attachment_11087\" style=\"width: 760px\" class=\"wp-caption alignleft\"><img aria-describedby=\"caption-attachment-11087\" loading=\"lazy\" src=\"https:\/\/www.doppelklicker.de\/wp-content\/uploads\/2025\/09\/verwaltungsinformatik-26293.jpg\" alt=\"Dr. Dr. Jan Thiele, Professor f&uuml;r Verwaltungsinformatik (Foto: HSB - Thomas Ferstl)\" width=\"750\" height=\"600\" class=\"size-full wp-image-11087\" \/><p id=\"caption-attachment-11087\" class=\"wp-caption-text\">Dr. Dr. Jan Thiele, Professor f\u00fcr Verwaltungsinformatik (Foto: HSB &#8211; Thomas Ferstl)<\/p><\/div>\n<p>Nach seinem Antritt im September 2025 treibt Prof. Dr. Dr. Jan Thiele an der Hochschule Bremen die Professur f\u00fcr Verwaltungsinformatik voran. Er verantwortet die Schwerpunkte Anwendungssysteme, IT-Einsatz und Projektmanagement. In seinem Curriculum legt er Wert auf praxisbezogene Fallstudien, agile Umsetzungsmethoden und systematische Evaluierung. Sein erkl\u00e4rtes Ziel ist die vollst\u00e4ndige Digitalisierung kommunaler und \u00fcberregionaler Verwaltungsprozesse, um Abl\u00e4ufe zu optimieren, Transparenz zu steigern und Flexibilit\u00e4t in Beh\u00f6rden nachhaltig zu erh\u00f6hen. Inklusive Evaluation.<\/p>\n<h2><span class=\"ez-toc-section\" id=\"thiele-setzte-in-buergerschaftskanzlei-konzepte-um-und-praegte-digitalisierungsvorgaben\"><\/span>Thiele setzte in B\u00fcrgerschaftskanzlei Konzepte um und pr\u00e4gte Digitalisierungsvorgaben<span class=\"ez-toc-section-end\"><\/span><\/h2>\n<p>In seiner \u00fcber zehnj\u00e4hrigen Amtszeit bei der Freien Hansestadt Bremen verantwortete Thiele komplexe Digitalisierungsprogramme unter Leitung des Senators f\u00fcr Finanzen und verfolgte das Ziel einer effizienten IT-Unterst\u00fctzung beh\u00f6rdlicher Abl\u00e4ufe. Sp\u00e4ter \u00fcbertrug er seine entwickelten Konzepte in die konkrete Praxis der B\u00fcrgerschaftskanzlei, wo er robuste Standards implementierte. Diese einheitlichen Vorgaben sorgen heute f\u00fcr reibungslose Prozesse, erh\u00f6hte Rechtssicherheit und eine verbesserte Interoperabilit\u00e4t zwischen unterschiedlichen Verwaltungsinstanzen bundesweit und schaffen nachhaltige Effizienz und Flexibilit\u00e4t.<\/p>\n<h2><span class=\"ez-toc-section\" id=\"enge-verzahnung-von-theorie-und-praxis-foerdert-kuenftige-verwaltungsinformatiker\"><\/span>Enge Verzahnung von Theorie und Praxis f\u00f6rdert k\u00fcnftige Verwaltungsinformatiker<span class=\"ez-toc-section-end\"><\/span><\/h2>\n<p>Prof. Dr. Thiele gestaltet im dualen Studium Wirtschafts- und Verwaltungsinformatik an der Hochschule Bremen praxisnahe Module, die Studentenn fr\u00fchzeitig komplexe Aufgaben aus echtem Verwaltungsalltag bieten. In Zusammenarbeit mit Beh\u00f6rden und IT-Dienstleistern bearbeiten Teilnehmer konkrete Projekte, in denen sie ihr Wissen im IT-Einsatz und Projektmanagement zielgerichtet anwenden. So entstehen hochqualifizierte Absolventen, die nach Abschluss nahtlos in Digitalisierungsinitiativen starten und Verwaltungen effizienter, transparenter und innovativer gestalten. Interdisziplin\u00e4res Lernen und agiles Vorgehen inkludiert.<\/p>\n<h2><span class=\"ez-toc-section\" id=\"neue-bremer-forschungsallianz-entwickelt-moderne-standards-fuer-effiziente-verwaltungsdigitalisierung\"><\/span>Neue Bremer Forschungsallianz entwickelt moderne Standards f\u00fcr effiziente Verwaltungsdigitalisierung<span class=\"ez-toc-section-end\"><\/span><\/h2>\n<p>Die in Bremen initiierte Forschungsallianz unter der Leitung von Prof. Dr. Dr. Jan Thiele und Prof. Dr. Kristina Lemmer verkn\u00fcpft universit\u00e4re Expertise, kommunale Verwaltung und Technologiefirmen. Dabei entwickeln die Partner gemeinsame Rahmenbedingungen f\u00fcr digitale Governance und Policy-Design, um transparente Entscheidungsprozesse zu f\u00f6rdern. Ziel ist die Erstellung standardisierter Anwendungssysteme, die als Blaupause f\u00fcr die Einf\u00fchrung moderner Verwaltungsl\u00f6sungen dienen und eine harmonisierte Interoperabilit\u00e4t innerhalb norddeutscher Beh\u00f6rden gew\u00e4hrleisten. unter Ber\u00fccksichtigung aktueller Datenschutzanforderungen umfassend.<\/p>\n<h2><span class=\"ez-toc-section\" id=\"oeffentliche-verwaltung-entlasten-durch-transparente-ablaeufe-mit-agilen-it-systemen\"><\/span>\u00d6ffentliche Verwaltung entlasten durch transparente Abl\u00e4ufe mit agilen IT-Systemen<span class=\"ez-toc-section-end\"><\/span><\/h2>\n<p>\u00d6ffentliche Verwaltungen profitieren von modernen IT-L\u00f6sungen und festen, gepr\u00fcften Standards, da sie so Prozesse effizient abwickeln und Transparenz sicherstellen k\u00f6nnen. Thiele setzt auf agile Entwicklungsmethoden und skalierbare IT-Architekturen, die es erm\u00f6glichen, Digitalisierungsprojekte schnell zu realisieren und flexibel an neue Anforderungen anzupassen. Dieser methodische Ansatz unterst\u00fctzt Verwaltungen dabei, Kosten zu d\u00e4mpfen, Personal enger zu vernetzen und Leistungen f\u00fcr B\u00fcrgerinnen und B\u00fcrger auch unter gestiegenem Kostendruck stabil und langfristig hochwertig zu erbringen.<\/p>\n<h2><span class=\"ez-toc-section\" id=\"interdisziplinaere-ausbildung-kombiniert-betriebswirtschaftliches-informatisches-und-umweltwissenschaftliches-fachwissen-umfassend\"><\/span>Interdisziplin\u00e4re Ausbildung kombiniert betriebswirtschaftliches, informatisches und umweltwissenschaftliches Fachwissen umfassend<span class=\"ez-toc-section-end\"><\/span><\/h2>\n<p>Durch die Kombination eines Diplomstudiums in Betriebswirtschaft mit einem Master in Systemanalyse und Informationsverarbeitung sowie Promotionen in Informatik und Forstwissenschaften hat er ein einzigartiges Profil geschaffen. Dieses erm\u00f6glicht ihm, Projektziele aus wirtschaftlicher, technischer und \u00f6kologischer Perspektive zu verschmelzen und ganzheitliche Konzepte zu entwickeln. Seine Expertise sorgt daf\u00fcr, dass IT-Vorhaben nicht nur technisch leistungsf\u00e4hig und \u00f6konomisch rentabel umgesetzt werden, sondern auch \u00f6kologisch vertr\u00e4glich und dauerhaft wirksam sind und kreieren zukunftsf\u00e4hige Organisationen.<\/p>\n<h2><span class=\"ez-toc-section\" id=\"neue-lehrformate-bieten-praxisnahe-digitalisierungsprojekte-und-soft-skill-training\"><\/span>Neue Lehrformate bieten praxisnahe Digitalisierungsprojekte und Soft Skill Training<span class=\"ez-toc-section-end\"><\/span><\/h2>\n<p>An der Hochschule Bremen ist Thiele seit 2023 als Lehrbeauftragter aktiv und plant nun die Implementierung innovativer Lernformate. Im Mittelpunkt stehen partizipative Projektstudien und Blended Learning, die Studenten direkt in reale Digitalisierungsprozesse \u00f6ffentlicher Verwaltungen integrieren. Durch diese Praxisn\u00e4he verbessern sie ihre Soft Skills, speziell interdisziplin\u00e4res Arbeiten, agile Methodenkompetenz und selbstst\u00e4ndige Projektkoordination. Ziel ist eine enge Verzahnung von theoretischem Wissen und praktischer Erfahrung, um Absolventen direkt optimal auf digitale Herausforderungen vorzubereiten.<\/p>\n<h2><span class=\"ez-toc-section\" id=\"musizieren-mit-gitarre-und-didgeridoo-foerdert-kreative-verwaltungstechnische-loesungsansaetze\"><\/span>Musizieren mit Gitarre und Didgeridoo f\u00f6rdert kreative verwaltungstechnische L\u00f6sungsans\u00e4tze<span class=\"ez-toc-section-end\"><\/span><\/h2>\n<p>Mit handwerklichen T\u00e4tigkeiten im Haus und Garten sowie mit musikalischen Versuchen an Gitarre und Didgeridoo schafft sich der zweifache Familienvater bewusst einen Ausgleich zu seinem strukturierten Hochschulalltag. Er vergleicht das Werkeln und Musizieren mit Experimentierlaboren, in denen neue Ideen entstehen. Nach seiner Erfahrung er\u00f6ffnen diese pers\u00f6nlichen \u00dcbungsfelder alternative Perspektiven, aus denen er innovative Konzepte f\u00fcr digitale Verwaltungssysteme ableitet und in Lehre wie Praxis transferiert. So f\u00f6rdert er praxisnahe Digitalisierungsl\u00f6sungen der \u00f6ffentlichen Hand.<\/p>\n<h2><span class=\"ez-toc-section\" id=\"langjaehrige-praxiserfahrung-und-it-kompetenz-staerken-dualen-studiengang-an-bremen\"><\/span>Langj\u00e4hrige Praxiserfahrung und IT-Kompetenz st\u00e4rken Dualen Studiengang an Bremen<span class=\"ez-toc-section-end\"><\/span><\/h2>\n<p>Mit der Berufung von Jan Thiele in die Professur f\u00fcr Verwaltungsinformatik setzt die Hochschule Bremen ein klares Signal f\u00fcr praxisorientierte Digitalisierungsausbildung. Thieles nachgewiesene Erfolge bei der Umsetzung nationaler IT-Vorhaben und sein Fokus auf einheitliche Standards erm\u00f6glichen es, Studieninhalte kontinuierlich an aktuelle Anforderungen anzupassen. Studenten profitieren durch praxisnahe Fallstudien und Projekte im \u00f6ffentlichen Sektor, w\u00e4hrend Beh\u00f6rden modernisierte Prozesse einf\u00fchren, die Effizienz, Transparenz und Agilit\u00e4t dauerhaft sichern und weiterentwickeln und st\u00e4rken Wettbewerbsvorteile.<\/p>\n","protected":false},"excerpt":{"rendered":"<p>Seit Anfang des Wintersemesters 2025\/2026 ist Prof. Dr. Dr. Jan Thiele als Professor f\u00fcr Verwaltungsinformatik an der Hochschule Bremen t\u00e4tig. Seine fundierten Kenntnisse aus deutschlandweiten Digitalisierungsprojekten setzt er ein, um moderne IT-L\u00f6sungen und zuverl\u00e4ssige Standards in der \u00f6ffentlichen Verwaltung zu implementieren. Im Dualen Studiengang Wirtschafts- und Verwaltungsinformatik entwickelt er zudem zielgerichtete Konzepte f\u00fcr effiziente, transparente<\/p>\n<div class=\"read-more\"><a href=\"https:\/\/www.doppelklicker.de\/blog\/hochschule-bremen-holt-prof-jan-thiele-ins-dualstudium\/\" title=\"Jetzt alles lesen\">Jetzt alles lesen<\/a><\/div>\n","protected":false},"author":8,"featured_media":11088,"comment_status":"open","ping_status":"open","sticky":false,"template":"","format":"standard","meta":[],"categories":[3305],"tags":[],"yoast_head":"<!-- This site is optimized with the Yoast SEO plugin v18.2 - https:\/\/yoast.com\/wordpress\/plugins\/seo\/ -->\n<meta name=\"robots\" content=\"index, follow, max-snippet:-1, max-image-preview:large, max-video-preview:-1\" \/>\n<link rel=\"canonical\" href=\"https:\/\/www.doppelklicker.de\/blog\/hochschule-bremen-holt-prof-jan-thiele-ins-dualstudium\/\" \/>\n<meta property=\"og:locale\" content=\"de_DE\" \/>\n<meta property=\"og:type\" content=\"article\" \/>\n<meta property=\"og:title\" content=\"Interdisziplin\u00e4re Expertise in Informatik, BWL und Umweltwissenschaften f\u00f6rdert Digitalisierung\" \/>\n<meta property=\"og:description\" content=\"Seit Anfang des Wintersemesters 2025\/2026 ist Prof. Dr. Dr. Jan Thiele als Professor f\u00fcr Verwaltungsinformatik an der Hochschule Bremen t\u00e4tig. Seine fundierten Kenntnisse aus deutschlandweiten Digitalisierungsprojekten setzt er ein, um moderne IT-L\u00f6sungen und zuverl\u00e4ssige Standards in der \u00f6ffentlichen Verwaltung zu implementieren. Im Dualen Studiengang Wirtschafts- und Verwaltungsinformatik entwickelt er zudem zielgerichtete Konzepte f\u00fcr effiziente, transparenteJetzt alles lesen\" \/>\n<meta property=\"og:url\" content=\"https:\/\/www.doppelklicker.de\/blog\/hochschule-bremen-holt-prof-jan-thiele-ins-dualstudium\/\" \/>\n<meta property=\"og:site_name\" content=\"Aus Mainz.\" \/>\n<meta property=\"article:published_time\" content=\"2025-09-12T07:00:00+00:00\" \/>\n<meta property=\"article:modified_time\" content=\"2025-09-15T12:51:04+00:00\" \/>\n<meta property=\"og:image\" content=\"https:\/\/www.doppelklicker.de\/blog\/wp-content\/uploads\/2025\/09\/prof-thiele-staerkt-verwaltungsinformatik-hochschule-bremen-26294.jpg\" \/>\n\t<meta property=\"og:image:width\" content=\"1280\" \/>\n\t<meta property=\"og:image:height\" content=\"615\" \/>\n\t<meta property=\"og:image:type\" content=\"image\/jpeg\" \/>\n<meta name=\"twitter:card\" content=\"summary_large_image\" \/>\n<meta name=\"twitter:label1\" content=\"Verfasst von\" \/>\n\t<meta name=\"twitter:data1\" content=\"Iris Martin\" \/>\n\t<meta name=\"twitter:label2\" content=\"Gesch\u00e4tzte Lesezeit\" \/>\n\t<meta name=\"twitter:data2\" content=\"4 Minuten\" \/>\n<script type=\"application\/ld+json\" class=\"yoast-schema-graph\">{\"@context\":\"https:\/\/schema.org\",\"@graph\":[{\"@type\":\"WebSite\",\"@id\":\"https:\/\/www.doppelklicker.de\/blog\/#website\",\"url\":\"https:\/\/www.doppelklicker.de\/blog\/\",\"name\":\"Aus Mainz.\",\"description\":\"F\u00fcr die Welt.\",\"potentialAction\":[{\"@type\":\"SearchAction\",\"target\":{\"@type\":\"EntryPoint\",\"urlTemplate\":\"https:\/\/www.doppelklicker.de\/blog\/?s={search_term_string}\"},\"query-input\":\"required name=search_term_string\"}],\"inLanguage\":\"de-DE\"},{\"@type\":\"ImageObject\",\"@id\":\"https:\/\/www.doppelklicker.de\/blog\/hochschule-bremen-holt-prof-jan-thiele-ins-dualstudium\/#primaryimage\",\"inLanguage\":\"de-DE\",\"url\":\"https:\/\/www.doppelklicker.de\/blog\/wp-content\/uploads\/2025\/09\/prof-thiele-staerkt-verwaltungsinformatik-hochschule-bremen-26294.jpg\",\"contentUrl\":\"https:\/\/www.doppelklicker.de\/blog\/wp-content\/uploads\/2025\/09\/prof-thiele-staerkt-verwaltungsinformatik-hochschule-bremen-26294.jpg\",\"width\":1280,\"height\":615,\"caption\":\"Interdisziplin\u00e4re Expertise in Informatik, BWL und Umweltwissenschaften f\u00f6rdert Digitalisierung (Foto: HSB - Thomas Ferstl)\"},{\"@type\":\"WebPage\",\"@id\":\"https:\/\/www.doppelklicker.de\/blog\/hochschule-bremen-holt-prof-jan-thiele-ins-dualstudium\/#webpage\",\"url\":\"https:\/\/www.doppelklicker.de\/blog\/hochschule-bremen-holt-prof-jan-thiele-ins-dualstudium\/\",\"name\":\"Interdisziplin\u00e4re Expertise in Informatik, BWL und Umweltwissenschaften f\u00f6rdert Digitalisierung\",\"isPartOf\":{\"@id\":\"https:\/\/www.doppelklicker.de\/blog\/#website\"},\"primaryImageOfPage\":{\"@id\":\"https:\/\/www.doppelklicker.de\/blog\/hochschule-bremen-holt-prof-jan-thiele-ins-dualstudium\/#primaryimage\"},\"datePublished\":\"2025-09-12T07:00:00+00:00\",\"dateModified\":\"2025-09-15T12:51:04+00:00\",\"author\":{\"@id\":\"https:\/\/www.doppelklicker.de\/blog\/#\/schema\/person\/08dcac172bdb025e8ff433488184668a\"},\"breadcrumb\":{\"@id\":\"https:\/\/www.doppelklicker.de\/blog\/hochschule-bremen-holt-prof-jan-thiele-ins-dualstudium\/#breadcrumb\"},\"inLanguage\":\"de-DE\",\"potentialAction\":[{\"@type\":\"ReadAction\",\"target\":[\"https:\/\/www.doppelklicker.de\/blog\/hochschule-bremen-holt-prof-jan-thiele-ins-dualstudium\/\"]}]},{\"@type\":\"BreadcrumbList\",\"@id\":\"https:\/\/www.doppelklicker.de\/blog\/hochschule-bremen-holt-prof-jan-thiele-ins-dualstudium\/#breadcrumb\",\"itemListElement\":[{\"@type\":\"ListItem\",\"position\":1,\"name\":\"Startseite\",\"item\":\"https:\/\/www.doppelklicker.de\/blog\/\"},{\"@type\":\"ListItem\",\"position\":2,\"name\":\"Interdisziplin\u00e4re Expertise in Informatik, BWL und Umweltwissenschaften f\u00f6rdert Digitalisierung\"}]},{\"@type\":\"Person\",\"@id\":\"https:\/\/www.doppelklicker.de\/blog\/#\/schema\/person\/08dcac172bdb025e8ff433488184668a\",\"name\":\"Iris Martin\",\"image\":{\"@type\":\"ImageObject\",\"@id\":\"https:\/\/www.doppelklicker.de\/blog\/#personlogo\",\"inLanguage\":\"de-DE\",\"url\":\"https:\/\/secure.gravatar.com\/avatar\/82fdaa093be0b9686b531f99fcb54d15?s=96&d=wp_user_avatar&r=g\",\"contentUrl\":\"https:\/\/secure.gravatar.com\/avatar\/82fdaa093be0b9686b531f99fcb54d15?s=96&d=wp_user_avatar&r=g\",\"caption\":\"Iris Martin\"},\"url\":\"https:\/\/www.doppelklicker.de\/blog\/author\/iris-martin\/\"}]}<\/script>\n<!-- \/ Yoast SEO plugin. -->","yoast_head_json":{"robots":{"index":"index","follow":"follow","max-snippet":"max-snippet:-1","max-image-preview":"max-image-preview:large","max-video-preview":"max-video-preview:-1"},"canonical":"https:\/\/www.doppelklicker.de\/blog\/hochschule-bremen-holt-prof-jan-thiele-ins-dualstudium\/","og_locale":"de_DE","og_type":"article","og_title":"Interdisziplin\u00e4re Expertise in Informatik, BWL und Umweltwissenschaften f\u00f6rdert Digitalisierung","og_description":"Seit Anfang des Wintersemesters 2025\/2026 ist Prof. Dr. Dr. Jan Thiele als Professor f\u00fcr Verwaltungsinformatik an der Hochschule Bremen t\u00e4tig. Seine fundierten Kenntnisse aus deutschlandweiten Digitalisierungsprojekten setzt er ein, um moderne IT-L\u00f6sungen und zuverl\u00e4ssige Standards in der \u00f6ffentlichen Verwaltung zu implementieren. Im Dualen Studiengang Wirtschafts- und Verwaltungsinformatik entwickelt er zudem zielgerichtete Konzepte f\u00fcr effiziente, transparenteJetzt alles lesen","og_url":"https:\/\/www.doppelklicker.de\/blog\/hochschule-bremen-holt-prof-jan-thiele-ins-dualstudium\/","og_site_name":"Aus Mainz.","article_published_time":"2025-09-12T07:00:00+00:00","article_modified_time":"2025-09-15T12:51:04+00:00","og_image":[{"width":1280,"height":615,"url":"https:\/\/www.doppelklicker.de\/blog\/wp-content\/uploads\/2025\/09\/prof-thiele-staerkt-verwaltungsinformatik-hochschule-bremen-26294.jpg","type":"image\/jpeg"}],"twitter_card":"summary_large_image","twitter_misc":{"Verfasst von":"Iris Martin","Gesch\u00e4tzte Lesezeit":"4 Minuten"},"schema":{"@context":"https:\/\/schema.org","@graph":[{"@type":"WebSite","@id":"https:\/\/www.doppelklicker.de\/blog\/#website","url":"https:\/\/www.doppelklicker.de\/blog\/","name":"Aus Mainz.","description":"F\u00fcr die Welt.","potentialAction":[{"@type":"SearchAction","target":{"@type":"EntryPoint","urlTemplate":"https:\/\/www.doppelklicker.de\/blog\/?s={search_term_string}"},"query-input":"required name=search_term_string"}],"inLanguage":"de-DE"},{"@type":"ImageObject","@id":"https:\/\/www.doppelklicker.de\/blog\/hochschule-bremen-holt-prof-jan-thiele-ins-dualstudium\/#primaryimage","inLanguage":"de-DE","url":"https:\/\/www.doppelklicker.de\/blog\/wp-content\/uploads\/2025\/09\/prof-thiele-staerkt-verwaltungsinformatik-hochschule-bremen-26294.jpg","contentUrl":"https:\/\/www.doppelklicker.de\/blog\/wp-content\/uploads\/2025\/09\/prof-thiele-staerkt-verwaltungsinformatik-hochschule-bremen-26294.jpg","width":1280,"height":615,"caption":"Interdisziplin\u00e4re Expertise in Informatik, BWL und Umweltwissenschaften f\u00f6rdert Digitalisierung (Foto: HSB - Thomas Ferstl)"},{"@type":"WebPage","@id":"https:\/\/www.doppelklicker.de\/blog\/hochschule-bremen-holt-prof-jan-thiele-ins-dualstudium\/#webpage","url":"https:\/\/www.doppelklicker.de\/blog\/hochschule-bremen-holt-prof-jan-thiele-ins-dualstudium\/","name":"Interdisziplin\u00e4re Expertise in Informatik, BWL und Umweltwissenschaften f\u00f6rdert Digitalisierung","isPartOf":{"@id":"https:\/\/www.doppelklicker.de\/blog\/#website"},"primaryImageOfPage":{"@id":"https:\/\/www.doppelklicker.de\/blog\/hochschule-bremen-holt-prof-jan-thiele-ins-dualstudium\/#primaryimage"},"datePublished":"2025-09-12T07:00:00+00:00","dateModified":"2025-09-15T12:51:04+00:00","author":{"@id":"https:\/\/www.doppelklicker.de\/blog\/#\/schema\/person\/08dcac172bdb025e8ff433488184668a"},"breadcrumb":{"@id":"https:\/\/www.doppelklicker.de\/blog\/hochschule-bremen-holt-prof-jan-thiele-ins-dualstudium\/#breadcrumb"},"inLanguage":"de-DE","potentialAction":[{"@type":"ReadAction","target":["https:\/\/www.doppelklicker.de\/blog\/hochschule-bremen-holt-prof-jan-thiele-ins-dualstudium\/"]}]},{"@type":"BreadcrumbList","@id":"https:\/\/www.doppelklicker.de\/blog\/hochschule-bremen-holt-prof-jan-thiele-ins-dualstudium\/#breadcrumb","itemListElement":[{"@type":"ListItem","position":1,"name":"Startseite","item":"https:\/\/www.doppelklicker.de\/blog\/"},{"@type":"ListItem","position":2,"name":"Interdisziplin\u00e4re Expertise in Informatik, BWL und Umweltwissenschaften f\u00f6rdert Digitalisierung"}]},{"@type":"Person","@id":"https:\/\/www.doppelklicker.de\/blog\/#\/schema\/person\/08dcac172bdb025e8ff433488184668a","name":"Iris Martin","image":{"@type":"ImageObject","@id":"https:\/\/www.doppelklicker.de\/blog\/#personlogo","inLanguage":"de-DE","url":"https:\/\/secure.gravatar.com\/avatar\/82fdaa093be0b9686b531f99fcb54d15?s=96&d=wp_user_avatar&r=g","contentUrl":"https:\/\/secure.gravatar.com\/avatar\/82fdaa093be0b9686b531f99fcb54d15?s=96&d=wp_user_avatar&r=g","caption":"Iris Martin"},"url":"https:\/\/www.doppelklicker.de\/blog\/author\/iris-martin\/"}]}},"_links":{"self":[{"href":"https:\/\/www.doppelklicker.de\/blog\/wp-json\/wp\/v2\/posts\/11089"}],"collection":[{"href":"https:\/\/www.doppelklicker.de\/blog\/wp-json\/wp\/v2\/posts"}],"about":[{"href":"https:\/\/www.doppelklicker.de\/blog\/wp-json\/wp\/v2\/types\/post"}],"author":[{"embeddable":true,"href":"https:\/\/www.doppelklicker.de\/blog\/wp-json\/wp\/v2\/users\/8"}],"replies":[{"embeddable":true,"href":"https:\/\/www.doppelklicker.de\/blog\/wp-json\/wp\/v2\/comments?post=11089"}],"version-history":[{"count":0,"href":"https:\/\/www.doppelklicker.de\/blog\/wp-json\/wp\/v2\/posts\/11089\/revisions"}],"wp:featuredmedia":[{"embeddable":true,"href":"https:\/\/www.doppelklicker.de\/blog\/wp-json\/wp\/v2\/media\/11088"}],"wp:attachment":[{"href":"https:\/\/www.doppelklicker.de\/blog\/wp-json\/wp\/v2\/media?parent=11089"}],"wp:term":[{"taxonomy":"category","embeddable":true,"href":"https:\/\/www.doppelklicker.de\/blog\/wp-json\/wp\/v2\/categories?post=11089"},{"taxonomy":"post_tag","embeddable":true,"href":"https:\/\/www.doppelklicker.de\/blog\/wp-json\/wp\/v2\/tags?post=11089"}],"curies":[{"name":"wp","href":"https:\/\/api.w.org\/{rel}","templated":true}]}}