{"id":11201,"date":"2025-10-30T08:00:00","date_gmt":"2025-10-30T06:00:00","guid":{"rendered":"guid"},"modified":"2025-10-30T08:00:00","modified_gmt":"2025-10-30T06:00:00","slug":"the-laend-auf-hy-fcell-stuttgart-e-mobil-bw-und-h2bw","status":"publish","type":"post","link":"https:\/\/www.doppelklicker.de\/blog\/the-laend-auf-hy-fcell-stuttgart-e-mobil-bw-und-h2bw\/","title":{"rendered":"Landesagentur e-mobil BW vernetzt Wasserstoff-Industrie erfolgreich am hy-fcell-Stand 2025"},"content":{"rendered":"<p>Begleitend zum Messestand THE L\u00c4ND auf der hy-fcell in Stuttgart organisiert die hy-fcell-Konferenz Fachvortr\u00e4ge und technische Touren, um aktuelle Entwicklungen der Wasserstoffwirtschaft zu vermitteln. Am 6. Oktober 2025 f\u00fchrt eine ganzt\u00e4gige Technical Tour zu relevanten Produktions- und Pr\u00fcfanlagen im Gro\u00dfraum Stuttgart. Auf der Messeb\u00fchne am 7. Oktober folgen Sessions zu Wertsch\u00f6pfungsketten, Europa-Kooperationen und feierlichen Preisverleihung. Den Gemeinschaftsstand (4E37) koordinieren e-mobil BW, Cluster Brennstoffzelle BW und Plattform H2BW mit 23 Ausstellern.<br \/>\n<!--more--><\/p>\n<div id=\"ez-toc-container\" class=\"ez-toc-v2_0_16 counter-hierarchy\">\n<div class=\"ez-toc-title-container\">\n<p class=\"ez-toc-title\">Inhaltsverzeichnis: Das erwartet Sie in diesem Artikel<\/p>\n<span class=\"ez-toc-title-toggle\"><a class=\"ez-toc-pull-right ez-toc-btn ez-toc-btn-xs ez-toc-btn-default ez-toc-toggle\" style=\"display: none;\"><i class=\"ez-toc-glyphicon ez-toc-icon-toggle\"><\/i><\/a><\/span><\/div>\n<nav><ul class=\"ez-toc-list ez-toc-list-level-1\"><li class=\"ez-toc-page-1 ez-toc-heading-level-2\"><a class=\"ez-toc-link ez-toc-heading-1\" href=\"https:\/\/www.doppelklicker.de\/blog\/the-laend-auf-hy-fcell-stuttgart-e-mobil-bw-und-h2bw\/#netzwerkinitiative-e-mobil-bw-foerdert-effiziente-branchenuebergreifende-zusammenarbeit-bei-wasserstoffprojekten\" title=\"Netzwerkinitiative e-mobil BW f\u00f6rdert effiziente branchen\u00fcbergreifende Zusammenarbeit bei Wasserstoffprojekten\">Netzwerkinitiative e-mobil BW f\u00f6rdert effiziente branchen\u00fcbergreifende Zusammenarbeit bei Wasserstoffprojekten<\/a><\/li><li class=\"ez-toc-page-1 ez-toc-heading-level-2\"><a class=\"ez-toc-link ez-toc-heading-2\" href=\"https:\/\/www.doppelklicker.de\/blog\/the-laend-auf-hy-fcell-stuttgart-e-mobil-bw-und-h2bw\/#strategische-bildungskooperation-backnang-und-huelva-staerkt-gruene-wasserstoffpartnerschaften-intensiv\" title=\"Strategische Bildungskooperation Backnang und Huelva st\u00e4rkt gr\u00fcne Wasserstoffpartnerschaften intensiv\">Strategische Bildungskooperation Backnang und Huelva st\u00e4rkt gr\u00fcne Wasserstoffpartnerschaften intensiv<\/a><\/li><li class=\"ez-toc-page-1 ez-toc-heading-level-2\"><a class=\"ez-toc-link ez-toc-heading-3\" href=\"https:\/\/www.doppelklicker.de\/blog\/the-laend-auf-hy-fcell-stuttgart-e-mobil-bw-und-h2bw\/#branchenuebergreifende-kooperation-optimiert-fertigung-innovativer-hochpraeziser-elektrolyseur-und-brennstoffzellen-komponenten\" title=\"Branchen\u00fcbergreifende Kooperation optimiert Fertigung innovativer, hochpr\u00e4ziser Elektrolyseur- und Brennstoffzellen-Komponenten\">Branchen\u00fcbergreifende Kooperation optimiert Fertigung innovativer, hochpr\u00e4ziser Elektrolyseur- und Brennstoffzellen-Komponenten<\/a><\/li><li class=\"ez-toc-page-1 ez-toc-heading-level-2\"><a class=\"ez-toc-link ez-toc-heading-4\" href=\"https:\/\/www.doppelklicker.de\/blog\/the-laend-auf-hy-fcell-stuttgart-e-mobil-bw-und-h2bw\/#mahle-wevo-weil-volz-zeltwanger-und-bright-optimieren-systemkomponenten\" title=\"MAHLE, WEVO, Weil, Volz, ZELTWANGER und BRIGHT optimieren Systemkomponenten\">MAHLE, WEVO, Weil, Volz, ZELTWANGER und BRIGHT optimieren Systemkomponenten<\/a><\/li><li class=\"ez-toc-page-1 ez-toc-heading-level-2\"><a class=\"ez-toc-link ez-toc-heading-5\" href=\"https:\/\/www.doppelklicker.de\/blog\/the-laend-auf-hy-fcell-stuttgart-e-mobil-bw-und-h2bw\/#wasserstoff-plattformen-vernetzen-industrie-und-forschung-auf-ganztaegiger-technical-konferenztour\" title=\"Wasserstoff-Plattformen vernetzen Industrie und Forschung auf ganzt\u00e4giger Technical Konferenztour\">Wasserstoff-Plattformen vernetzen Industrie und Forschung auf ganzt\u00e4giger Technical Konferenztour<\/a><\/li><li class=\"ez-toc-page-1 ez-toc-heading-level-2\"><a class=\"ez-toc-link ez-toc-heading-6\" href=\"https:\/\/www.doppelklicker.de\/blog\/the-laend-auf-hy-fcell-stuttgart-e-mobil-bw-und-h2bw\/#the-laend-stand-hy-fcell-zeigt-wegweisende-entwicklungen-fuer-klimaneutrale-zukunft\" title=\"THE L\u00c4ND-Stand hy-fcell zeigt wegweisende Entwicklungen f\u00fcr klimaneutrale Zukunft\">THE L\u00c4ND-Stand hy-fcell zeigt wegweisende Entwicklungen f\u00fcr klimaneutrale Zukunft<\/a><\/li><\/ul><\/nav><\/div>\n<h2><span class=\"ez-toc-section\" id=\"netzwerkinitiative-e-mobil-bw-foerdert-effiziente-branchenuebergreifende-zusammenarbeit-bei-wasserstoffprojekten\"><\/span>Netzwerkinitiative e-mobil BW f\u00f6rdert effiziente branchen\u00fcbergreifende Zusammenarbeit bei Wasserstoffprojekten<span class=\"ez-toc-section-end\"><\/span><\/h2>\n<p>Die Koordination des Messestands 4E37 erfolgt durch die Landesagentur e-mobil BW in Kooperation mit ihren Wasserstoff-Netzwerken. Insgesamt zeigen 23 Teilnehmer aus Industrie, Forschung und Verb\u00e4nden ihre bew\u00e4hrten und neu entwickelten Technologien f\u00fcr Erzeugung, Speicherung und Nutzung von Wasserstoff. Zielrichtung ist das Schaffen eines dialogorientierten Umfelds, in dem Expertenwissen geteilt, innovative Konzepte diskutiert und gemeinsame Projektvorhaben initiiert werden, um die Transformation hin zu emissionsarmen Energiesystemen zu f\u00f6rdern. Wirtschaftlichkeit Wachstum und Kooperationsnetzwerke.<\/p>\n<h2><span class=\"ez-toc-section\" id=\"strategische-bildungskooperation-backnang-und-huelva-staerkt-gruene-wasserstoffpartnerschaften-intensiv\"><\/span>Strategische Bildungskooperation Backnang und Huelva st\u00e4rkt gr\u00fcne Wasserstoffpartnerschaften intensiv<span class=\"ez-toc-section-end\"><\/span><\/h2>\n<p>Die Sicherstellung einer gr\u00fcnen Wasserstoffversorgung basiert auf koordinierten internationalen Allianzen. So bringen Business Oulu aus Finnland und TRADE Andalucia aus Spanien innovative L\u00f6sungsans\u00e4tze in die Wertsch\u00f6pfungskette ein. Mit der seit Oktober 2023 bestehenden Energiepartnerschaft mit Andalusien und dem begleitenden Bildungsprogramm zwischen Backnang und Huelva werden Erfahrungen ausgetauscht und Kompetenzen geb\u00fcndelt. Diese Synergien legen den Grundstein f\u00fcr robuste Liefernetze, steigern Effizienz in Produktion und Distribution und unterst\u00fctzen eine nachhaltige, dauerhafte Energiewende.<\/p>\n<h2><span class=\"ez-toc-section\" id=\"branchenuebergreifende-kooperation-optimiert-fertigung-innovativer-hochpraeziser-elektrolyseur-und-brennstoffzellen-komponenten\"><\/span>Branchen\u00fcbergreifende Kooperation optimiert Fertigung innovativer, hochpr\u00e4ziser Elektrolyseur- und Brennstoffzellen-Komponenten<span class=\"ez-toc-section-end\"><\/span><\/h2>\n<p>BARTH Pr\u00e4zisionstechnik liefert funktionale Ringe, pr\u00e4zise Cellrahmen sowie Grund- und Deckplatten, die auf die Anforderungen moderner Elektrolyseure zugeschnitten sind. Christian Bauer steuert federtypische Tellerkomponenten und vormontierte Ready-to-install-Baugruppen bei, um den Installationsprozess zu vereinfachen. EKPO Fuel Cell Technologies stellt modulare Brennstoffzellen-Stack-Module her, w\u00e4hrend Fraunhofer IPA und ISE ihre neuesten membranbasierten Technologien und Zellkonzepte pr\u00e4sentieren. Erg\u00e4nzt wird das Angebot durch Kleiner GmbH mit Pr\u00e4zisionsstanzteilen, Hochstromkontakten und flexiblen Busbars f\u00fcr energieeffiziente langlebige Energiespeicherl\u00f6sungen.<\/p>\n<h2><span class=\"ez-toc-section\" id=\"mahle-wevo-weil-volz-zeltwanger-und-bright-optimieren-systemkomponenten\"><\/span>MAHLE, WEVO, Weil, Volz, ZELTWANGER und BRIGHT optimieren Systemkomponenten<span class=\"ez-toc-section-end\"><\/span><\/h2>\n<p>Brennstoffzellen-Anwendungen profitieren von MAHLE Internationals Integration von Schadgasfiltern, Ladeluftk\u00fchlern, Befeuchtern und K\u00fchlmittelpumpen f\u00fcr verbesserte K\u00fchlleistung. WEVO-CHEMIE liefert hochwertige metallische Bipolarplatten mit Fl\u00fcssigdichtdichtungen sowie Graphit-Polymer- und Flachdichtungsvarianten. Durch pr\u00e4zise Laser-Schwei\u00df- und Schneidverfahren erzeugt Weil Technology passgenaue Bipolarplatten. Die Volz Gruppe bietet zertifizierte Rohrverschraubungen, ZELTWANGER Leaktesting gew\u00e4hrleistet automatisierte Dichtheitspr\u00fcfungen, und BRIGHT Testing f\u00fchrt innovative H2-Verbrennungsmessungen durch mit Echtzeit-Parameter\u00fcberwachung, umfassender Fehleranalyse und Pr\u00fcfberichten nach Industrie-Standards sowie vollst\u00e4ndigen Sicherheitszertifizierungen, Normenkonformit\u00e4tstests und Lifecycle-Analysen angeboten. weltweit.<\/p>\n<h2><span class=\"ez-toc-section\" id=\"wasserstoff-plattformen-vernetzen-industrie-und-forschung-auf-ganztaegiger-technical-konferenztour\"><\/span>Wasserstoff-Plattformen vernetzen Industrie und Forschung auf ganzt\u00e4giger Technical Konferenztour<span class=\"ez-toc-section-end\"><\/span><\/h2>\n<p>Die hy-fcell bietet parallel zur Ausstellung eine Fachkonferenz mit praxisorientierten Vortr\u00e4gen zu Wasserstoffinnovationen. Teilnehmer erhalten am 6. Oktober in einer ganzt\u00e4gigen Technical Tour wertvolle Einblicke in Forschungslabore im Gro\u00dfraum Stuttgart. Am 7. Oktober werden auf der hy-fcell-Hauptb\u00fchne Sessions zu H2-Kompetenzen, Supply-Chain-Strukturen und paneurop\u00e4ischen Kooperationen abgehalten, gefolgt von einer Award-Zeremonie. Plattform H2BW zeigt ihre aktuellen L\u00f6sungen vom 21. bis 23. Oktober auf der Hydrogen Technology Expo Europe in Hamburg Stand 7A50.<\/p>\n<h2><span class=\"ez-toc-section\" id=\"the-laend-stand-hy-fcell-zeigt-wegweisende-entwicklungen-fuer-klimaneutrale-zukunft\"><\/span>THE L\u00c4ND-Stand hy-fcell zeigt wegweisende Entwicklungen f\u00fcr klimaneutrale Zukunft<span class=\"ez-toc-section-end\"><\/span><\/h2>\n<p>Die Darstellung am Stand 4E37 der hy-fcell verdeutlicht das Innovationspotenzial Baden-W\u00fcrttembergs im Wasserstoffbereich. Durch die Synergie von industrieorientierter Forschung, spezialisierten Zulieferern und internationalen Allianzen entsteht ein schlagkr\u00e4ftiges \u00d6kosystem. Bauteile, Pr\u00fcfverfahren und begleitende Veranstaltungen bilden ein rundes Gesamtpaket, das den Markthochlauf klimafreundlicher Technologie beschleunigt. Damit werden dauerhafte Versorgungssicherheit, wirtschaftliche Effizienz und robuste, zukunftssichere Lieferketten gew\u00e4hrleistet. Parallel dazu st\u00e4rken gezielte Netzwerkaktivit\u00e4ten den praxisnahen Wissensaustausch und f\u00f6rdern Innovationen entlang der gesamten Wertsch\u00f6pfungskette kontinuierlich.<\/p>\n","protected":false},"excerpt":{"rendered":"<p>Begleitend zum Messestand THE L\u00c4ND auf der hy-fcell in Stuttgart organisiert die hy-fcell-Konferenz Fachvortr\u00e4ge und technische Touren, um aktuelle Entwicklungen der Wasserstoffwirtschaft zu vermitteln. Am 6. Oktober 2025 f\u00fchrt eine ganzt\u00e4gige Technical Tour zu relevanten Produktions- und Pr\u00fcfanlagen im Gro\u00dfraum Stuttgart. Auf der Messeb\u00fchne am 7. Oktober folgen Sessions zu Wertsch\u00f6pfungsketten, Europa-Kooperationen und feierlichen Preisverleihung.<\/p>\n<div class=\"read-more\"><a href=\"https:\/\/www.doppelklicker.de\/blog\/the-laend-auf-hy-fcell-stuttgart-e-mobil-bw-und-h2bw\/\" title=\"Jetzt alles lesen\">Jetzt alles lesen<\/a><\/div>\n","protected":false},"author":8,"featured_media":11207,"comment_status":"open","ping_status":"open","sticky":false,"template":"","format":"standard","meta":[],"categories":[3305],"tags":[],"yoast_head":"<!-- This site is optimized with the Yoast SEO plugin v18.2 - https:\/\/yoast.com\/wordpress\/plugins\/seo\/ -->\n<meta name=\"robots\" content=\"index, follow, max-snippet:-1, max-image-preview:large, max-video-preview:-1\" \/>\n<link rel=\"canonical\" href=\"https:\/\/www.doppelklicker.de\/blog\/the-laend-auf-hy-fcell-stuttgart-e-mobil-bw-und-h2bw\/\" \/>\n<meta property=\"og:locale\" content=\"de_DE\" \/>\n<meta property=\"og:type\" content=\"article\" \/>\n<meta property=\"og:title\" content=\"Landesagentur e-mobil BW vernetzt Wasserstoff-Industrie erfolgreich am hy-fcell-Stand 2025\" \/>\n<meta property=\"og:description\" content=\"Begleitend zum Messestand THE L\u00c4ND auf der hy-fcell in Stuttgart organisiert die hy-fcell-Konferenz Fachvortr\u00e4ge und technische Touren, um aktuelle Entwicklungen der Wasserstoffwirtschaft zu vermitteln. Am 6. Oktober 2025 f\u00fchrt eine ganzt\u00e4gige Technical Tour zu relevanten Produktions- und Pr\u00fcfanlagen im Gro\u00dfraum Stuttgart. Auf der Messeb\u00fchne am 7. Oktober folgen Sessions zu Wertsch\u00f6pfungsketten, Europa-Kooperationen und feierlichen Preisverleihung.Jetzt alles lesen\" \/>\n<meta property=\"og:url\" content=\"https:\/\/www.doppelklicker.de\/blog\/the-laend-auf-hy-fcell-stuttgart-e-mobil-bw-und-h2bw\/\" \/>\n<meta property=\"og:site_name\" content=\"Aus Mainz.\" \/>\n<meta property=\"article:published_time\" content=\"2025-10-30T06:00:00+00:00\" \/>\n<meta property=\"og:image\" content=\"https:\/\/www.doppelklicker.de\/blog\/wp-content\/uploads\/2025\/10\/baden-wuerttemberg-buendelt-wasserstoffkompetenz-am-the-laend-stand-auf-hy-fcell.jpg\" \/>\n\t<meta property=\"og:image:width\" content=\"1280\" \/>\n\t<meta property=\"og:image:height\" content=\"615\" \/>\n\t<meta property=\"og:image:type\" content=\"image\/jpeg\" \/>\n<meta name=\"twitter:card\" content=\"summary_large_image\" \/>\n<meta name=\"twitter:label1\" content=\"Verfasst von\" \/>\n\t<meta name=\"twitter:data1\" content=\"Iris Martin\" \/>\n\t<meta name=\"twitter:label2\" content=\"Gesch\u00e4tzte Lesezeit\" \/>\n\t<meta name=\"twitter:data2\" content=\"3 Minuten\" \/>\n<script type=\"application\/ld+json\" class=\"yoast-schema-graph\">{\"@context\":\"https:\/\/schema.org\",\"@graph\":[{\"@type\":\"WebSite\",\"@id\":\"https:\/\/www.doppelklicker.de\/blog\/#website\",\"url\":\"https:\/\/www.doppelklicker.de\/blog\/\",\"name\":\"Aus Mainz.\",\"description\":\"F\u00fcr die Welt.\",\"potentialAction\":[{\"@type\":\"SearchAction\",\"target\":{\"@type\":\"EntryPoint\",\"urlTemplate\":\"https:\/\/www.doppelklicker.de\/blog\/?s={search_term_string}\"},\"query-input\":\"required name=search_term_string\"}],\"inLanguage\":\"de-DE\"},{\"@type\":\"ImageObject\",\"@id\":\"https:\/\/www.doppelklicker.de\/blog\/the-laend-auf-hy-fcell-stuttgart-e-mobil-bw-und-h2bw\/#primaryimage\",\"inLanguage\":\"de-DE\",\"url\":\"https:\/\/www.doppelklicker.de\/blog\/wp-content\/uploads\/2025\/10\/baden-wuerttemberg-buendelt-wasserstoffkompetenz-am-the-laend-stand-auf-hy-fcell.jpg\",\"contentUrl\":\"https:\/\/www.doppelklicker.de\/blog\/wp-content\/uploads\/2025\/10\/baden-wuerttemberg-buendelt-wasserstoffkompetenz-am-the-laend-stand-auf-hy-fcell.jpg\",\"width\":1280,\"height\":615,\"caption\":\"Landesagentur e-mobil BW vernetzt Wasserstoff-Industrie erfolgreich am hy-fcell-Stand 2025 (Foto: e-mobil BW. KD Busch)\"},{\"@type\":\"WebPage\",\"@id\":\"https:\/\/www.doppelklicker.de\/blog\/the-laend-auf-hy-fcell-stuttgart-e-mobil-bw-und-h2bw\/#webpage\",\"url\":\"https:\/\/www.doppelklicker.de\/blog\/the-laend-auf-hy-fcell-stuttgart-e-mobil-bw-und-h2bw\/\",\"name\":\"Landesagentur e-mobil BW vernetzt Wasserstoff-Industrie erfolgreich am hy-fcell-Stand 2025\",\"isPartOf\":{\"@id\":\"https:\/\/www.doppelklicker.de\/blog\/#website\"},\"primaryImageOfPage\":{\"@id\":\"https:\/\/www.doppelklicker.de\/blog\/the-laend-auf-hy-fcell-stuttgart-e-mobil-bw-und-h2bw\/#primaryimage\"},\"datePublished\":\"2025-10-30T06:00:00+00:00\",\"dateModified\":\"2025-10-30T06:00:00+00:00\",\"author\":{\"@id\":\"https:\/\/www.doppelklicker.de\/blog\/#\/schema\/person\/08dcac172bdb025e8ff433488184668a\"},\"breadcrumb\":{\"@id\":\"https:\/\/www.doppelklicker.de\/blog\/the-laend-auf-hy-fcell-stuttgart-e-mobil-bw-und-h2bw\/#breadcrumb\"},\"inLanguage\":\"de-DE\",\"potentialAction\":[{\"@type\":\"ReadAction\",\"target\":[\"https:\/\/www.doppelklicker.de\/blog\/the-laend-auf-hy-fcell-stuttgart-e-mobil-bw-und-h2bw\/\"]}]},{\"@type\":\"BreadcrumbList\",\"@id\":\"https:\/\/www.doppelklicker.de\/blog\/the-laend-auf-hy-fcell-stuttgart-e-mobil-bw-und-h2bw\/#breadcrumb\",\"itemListElement\":[{\"@type\":\"ListItem\",\"position\":1,\"name\":\"Startseite\",\"item\":\"https:\/\/www.doppelklicker.de\/blog\/\"},{\"@type\":\"ListItem\",\"position\":2,\"name\":\"Landesagentur e-mobil BW vernetzt Wasserstoff-Industrie erfolgreich am hy-fcell-Stand 2025\"}]},{\"@type\":\"Person\",\"@id\":\"https:\/\/www.doppelklicker.de\/blog\/#\/schema\/person\/08dcac172bdb025e8ff433488184668a\",\"name\":\"Iris Martin\",\"image\":{\"@type\":\"ImageObject\",\"@id\":\"https:\/\/www.doppelklicker.de\/blog\/#personlogo\",\"inLanguage\":\"de-DE\",\"url\":\"https:\/\/secure.gravatar.com\/avatar\/82fdaa093be0b9686b531f99fcb54d15?s=96&d=wp_user_avatar&r=g\",\"contentUrl\":\"https:\/\/secure.gravatar.com\/avatar\/82fdaa093be0b9686b531f99fcb54d15?s=96&d=wp_user_avatar&r=g\",\"caption\":\"Iris Martin\"},\"url\":\"https:\/\/www.doppelklicker.de\/blog\/author\/iris-martin\/\"}]}<\/script>\n<!-- \/ Yoast SEO plugin. -->","yoast_head_json":{"robots":{"index":"index","follow":"follow","max-snippet":"max-snippet:-1","max-image-preview":"max-image-preview:large","max-video-preview":"max-video-preview:-1"},"canonical":"https:\/\/www.doppelklicker.de\/blog\/the-laend-auf-hy-fcell-stuttgart-e-mobil-bw-und-h2bw\/","og_locale":"de_DE","og_type":"article","og_title":"Landesagentur e-mobil BW vernetzt Wasserstoff-Industrie erfolgreich am hy-fcell-Stand 2025","og_description":"Begleitend zum Messestand THE L\u00c4ND auf der hy-fcell in Stuttgart organisiert die hy-fcell-Konferenz Fachvortr\u00e4ge und technische Touren, um aktuelle Entwicklungen der Wasserstoffwirtschaft zu vermitteln. Am 6. Oktober 2025 f\u00fchrt eine ganzt\u00e4gige Technical Tour zu relevanten Produktions- und Pr\u00fcfanlagen im Gro\u00dfraum Stuttgart. Auf der Messeb\u00fchne am 7. Oktober folgen Sessions zu Wertsch\u00f6pfungsketten, Europa-Kooperationen und feierlichen Preisverleihung.Jetzt alles lesen","og_url":"https:\/\/www.doppelklicker.de\/blog\/the-laend-auf-hy-fcell-stuttgart-e-mobil-bw-und-h2bw\/","og_site_name":"Aus Mainz.","article_published_time":"2025-10-30T06:00:00+00:00","og_image":[{"width":1280,"height":615,"url":"https:\/\/www.doppelklicker.de\/blog\/wp-content\/uploads\/2025\/10\/baden-wuerttemberg-buendelt-wasserstoffkompetenz-am-the-laend-stand-auf-hy-fcell.jpg","type":"image\/jpeg"}],"twitter_card":"summary_large_image","twitter_misc":{"Verfasst von":"Iris Martin","Gesch\u00e4tzte Lesezeit":"3 Minuten"},"schema":{"@context":"https:\/\/schema.org","@graph":[{"@type":"WebSite","@id":"https:\/\/www.doppelklicker.de\/blog\/#website","url":"https:\/\/www.doppelklicker.de\/blog\/","name":"Aus Mainz.","description":"F\u00fcr die Welt.","potentialAction":[{"@type":"SearchAction","target":{"@type":"EntryPoint","urlTemplate":"https:\/\/www.doppelklicker.de\/blog\/?s={search_term_string}"},"query-input":"required name=search_term_string"}],"inLanguage":"de-DE"},{"@type":"ImageObject","@id":"https:\/\/www.doppelklicker.de\/blog\/the-laend-auf-hy-fcell-stuttgart-e-mobil-bw-und-h2bw\/#primaryimage","inLanguage":"de-DE","url":"https:\/\/www.doppelklicker.de\/blog\/wp-content\/uploads\/2025\/10\/baden-wuerttemberg-buendelt-wasserstoffkompetenz-am-the-laend-stand-auf-hy-fcell.jpg","contentUrl":"https:\/\/www.doppelklicker.de\/blog\/wp-content\/uploads\/2025\/10\/baden-wuerttemberg-buendelt-wasserstoffkompetenz-am-the-laend-stand-auf-hy-fcell.jpg","width":1280,"height":615,"caption":"Landesagentur e-mobil BW vernetzt Wasserstoff-Industrie erfolgreich am hy-fcell-Stand 2025 (Foto: e-mobil BW. KD Busch)"},{"@type":"WebPage","@id":"https:\/\/www.doppelklicker.de\/blog\/the-laend-auf-hy-fcell-stuttgart-e-mobil-bw-und-h2bw\/#webpage","url":"https:\/\/www.doppelklicker.de\/blog\/the-laend-auf-hy-fcell-stuttgart-e-mobil-bw-und-h2bw\/","name":"Landesagentur e-mobil BW vernetzt Wasserstoff-Industrie erfolgreich am hy-fcell-Stand 2025","isPartOf":{"@id":"https:\/\/www.doppelklicker.de\/blog\/#website"},"primaryImageOfPage":{"@id":"https:\/\/www.doppelklicker.de\/blog\/the-laend-auf-hy-fcell-stuttgart-e-mobil-bw-und-h2bw\/#primaryimage"},"datePublished":"2025-10-30T06:00:00+00:00","dateModified":"2025-10-30T06:00:00+00:00","author":{"@id":"https:\/\/www.doppelklicker.de\/blog\/#\/schema\/person\/08dcac172bdb025e8ff433488184668a"},"breadcrumb":{"@id":"https:\/\/www.doppelklicker.de\/blog\/the-laend-auf-hy-fcell-stuttgart-e-mobil-bw-und-h2bw\/#breadcrumb"},"inLanguage":"de-DE","potentialAction":[{"@type":"ReadAction","target":["https:\/\/www.doppelklicker.de\/blog\/the-laend-auf-hy-fcell-stuttgart-e-mobil-bw-und-h2bw\/"]}]},{"@type":"BreadcrumbList","@id":"https:\/\/www.doppelklicker.de\/blog\/the-laend-auf-hy-fcell-stuttgart-e-mobil-bw-und-h2bw\/#breadcrumb","itemListElement":[{"@type":"ListItem","position":1,"name":"Startseite","item":"https:\/\/www.doppelklicker.de\/blog\/"},{"@type":"ListItem","position":2,"name":"Landesagentur e-mobil BW vernetzt Wasserstoff-Industrie erfolgreich am hy-fcell-Stand 2025"}]},{"@type":"Person","@id":"https:\/\/www.doppelklicker.de\/blog\/#\/schema\/person\/08dcac172bdb025e8ff433488184668a","name":"Iris Martin","image":{"@type":"ImageObject","@id":"https:\/\/www.doppelklicker.de\/blog\/#personlogo","inLanguage":"de-DE","url":"https:\/\/secure.gravatar.com\/avatar\/82fdaa093be0b9686b531f99fcb54d15?s=96&d=wp_user_avatar&r=g","contentUrl":"https:\/\/secure.gravatar.com\/avatar\/82fdaa093be0b9686b531f99fcb54d15?s=96&d=wp_user_avatar&r=g","caption":"Iris Martin"},"url":"https:\/\/www.doppelklicker.de\/blog\/author\/iris-martin\/"}]}},"_links":{"self":[{"href":"https:\/\/www.doppelklicker.de\/blog\/wp-json\/wp\/v2\/posts\/11201"}],"collection":[{"href":"https:\/\/www.doppelklicker.de\/blog\/wp-json\/wp\/v2\/posts"}],"about":[{"href":"https:\/\/www.doppelklicker.de\/blog\/wp-json\/wp\/v2\/types\/post"}],"author":[{"embeddable":true,"href":"https:\/\/www.doppelklicker.de\/blog\/wp-json\/wp\/v2\/users\/8"}],"replies":[{"embeddable":true,"href":"https:\/\/www.doppelklicker.de\/blog\/wp-json\/wp\/v2\/comments?post=11201"}],"version-history":[{"count":0,"href":"https:\/\/www.doppelklicker.de\/blog\/wp-json\/wp\/v2\/posts\/11201\/revisions"}],"wp:featuredmedia":[{"embeddable":true,"href":"https:\/\/www.doppelklicker.de\/blog\/wp-json\/wp\/v2\/media\/11207"}],"wp:attachment":[{"href":"https:\/\/www.doppelklicker.de\/blog\/wp-json\/wp\/v2\/media?parent=11201"}],"wp:term":[{"taxonomy":"category","embeddable":true,"href":"https:\/\/www.doppelklicker.de\/blog\/wp-json\/wp\/v2\/categories?post=11201"},{"taxonomy":"post_tag","embeddable":true,"href":"https:\/\/www.doppelklicker.de\/blog\/wp-json\/wp\/v2\/tags?post=11201"}],"curies":[{"name":"wp","href":"https:\/\/api.w.org\/{rel}","templated":true}]}}