{"id":11212,"date":"2025-10-27T09:00:00","date_gmt":"2025-10-27T07:00:00","guid":{"rendered":"guid"},"modified":"2025-10-04T12:31:14","modified_gmt":"2025-10-04T12:31:14","slug":"vtl-vernetzte-transport-logistik-dresden-transportami-huckschlag","status":"publish","type":"post","link":"https:\/\/www.doppelklicker.de\/blog\/vtl-vernetzte-transport-logistik-dresden-transportami-huckschlag\/","title":{"rendered":"Partnerawards w\u00fcrdigen nationales Wachstum sowie internationale Qualit\u00e4t im VTL-Netzwerk"},"content":{"rendered":"<p>Auf dem diesj\u00e4hrigen Systempartnertreffen der VTL in Dresden diskutierten Entscheider aus Gesellschafterkreisen, Partnerbetrieben und Zentrale, wie sich Logistikunternehmen angesichts des Fachkr\u00e4ftemangels durch strategische Arbeitgebermarken und moderne F\u00fchrungsmodelle positionieren. Stefan Dietz pr\u00e4sentierte praxisbezogene Beispiele zur Integration von KI, Robotik und autonomen Fahrzeugen, um Prozesse zu automatisieren. Zudem wurde die Rolle der transportami-Plattform hervorgehoben, die Transparenz und Effizienz steigert. Netzwerkst\u00e4rkung und Awards verdeutlichten die Relevanz langfristiger Partnerschaften Ressourcenoptimierung und Kostenreduktion im Alltag.<br \/>\n<!--more--><\/p>\n<div id=\"ez-toc-container\" class=\"ez-toc-v2_0_16 counter-hierarchy\">\n<div class=\"ez-toc-title-container\">\n<p class=\"ez-toc-title\">Inhaltsverzeichnis: Das erwartet Sie in diesem Artikel<\/p>\n<span class=\"ez-toc-title-toggle\"><a class=\"ez-toc-pull-right ez-toc-btn ez-toc-btn-xs ez-toc-btn-default ez-toc-toggle\" style=\"display: none;\"><i class=\"ez-toc-glyphicon ez-toc-icon-toggle\"><\/i><\/a><\/span><\/div>\n<nav><ul class=\"ez-toc-list ez-toc-list-level-1\"><li class=\"ez-toc-page-1 ez-toc-heading-level-2\"><a class=\"ez-toc-link ez-toc-heading-1\" href=\"https:\/\/www.doppelklicker.de\/blog\/vtl-vernetzte-transport-logistik-dresden-transportami-huckschlag\/#persoenlicher-austausch-und-fachgespraeche-stehen-im-mittelpunkt-des-partnertreffens\" title=\"Pers\u00f6nlicher Austausch und Fachgespr\u00e4che stehen im Mittelpunkt des Partnertreffens\">Pers\u00f6nlicher Austausch und Fachgespr\u00e4che stehen im Mittelpunkt des Partnertreffens<\/a><\/li><li class=\"ez-toc-page-1 ez-toc-heading-level-2\"><a class=\"ez-toc-link ez-toc-heading-2\" href=\"https:\/\/www.doppelklicker.de\/blog\/vtl-vernetzte-transport-logistik-dresden-transportami-huckschlag\/#technologieeinsatz-und-strategische-weitsicht-als-notwendige-antwort-auf-fachkraeftemangel\" title=\"Technologieeinsatz und strategische Weitsicht als notwendige Antwort auf Fachkr\u00e4ftemangel\">Technologieeinsatz und strategische Weitsicht als notwendige Antwort auf Fachkr\u00e4ftemangel<\/a><\/li><li class=\"ez-toc-page-1 ez-toc-heading-level-2\"><a class=\"ez-toc-link ez-toc-heading-3\" href=\"https:\/\/www.doppelklicker.de\/blog\/vtl-vernetzte-transport-logistik-dresden-transportami-huckschlag\/#neue-transportami-loesung-verbessert-neukundengewinnung-und-optimiert-versandsteuerung-automatisch-signifikant\" title=\"Neue transportami-L\u00f6sung verbessert Neukundengewinnung und optimiert Versandsteuerung automatisch signifikant\">Neue transportami-L\u00f6sung verbessert Neukundengewinnung und optimiert Versandsteuerung automatisch signifikant<\/a><\/li><li class=\"ez-toc-page-1 ez-toc-heading-level-2\"><a class=\"ez-toc-link ez-toc-heading-4\" href=\"https:\/\/www.doppelklicker.de\/blog\/vtl-vernetzte-transport-logistik-dresden-transportami-huckschlag\/#nationale-wie-internationale-ehrungen-spiegeln-erfolgreiche-partnerkooperation-und-qualitaet\" title=\"Nationale wie internationale Ehrungen spiegeln erfolgreiche Partnerkooperation und Qualit\u00e4t\">Nationale wie internationale Ehrungen spiegeln erfolgreiche Partnerkooperation und Qualit\u00e4t<\/a><\/li><li class=\"ez-toc-page-1 ez-toc-heading-level-2\"><a class=\"ez-toc-link ez-toc-heading-5\" href=\"https:\/\/www.doppelklicker.de\/blog\/vtl-vernetzte-transport-logistik-dresden-transportami-huckschlag\/#osna-trans-insatransport-und-weitere-partner-feiern-stolz-jahrzehntelange-vtl-zugehoerigkeit\" title=\"OSNA-TRANS, INSATRANSPORT und weitere Partner feiern stolz Jahrzehntelange VTL-Zugeh\u00f6rigkeit\">OSNA-TRANS, INSATRANSPORT und weitere Partner feiern stolz Jahrzehntelange VTL-Zugeh\u00f6rigkeit<\/a><\/li><li class=\"ez-toc-page-1 ez-toc-heading-level-2\"><a class=\"ez-toc-link ez-toc-heading-6\" href=\"https:\/\/www.doppelklicker.de\/blog\/vtl-vernetzte-transport-logistik-dresden-transportami-huckschlag\/#transportami-plattform-optimiert-auftragsprozesse-reduziert-kosten-und-staerkt-partnerkooperation-effektiv\" title=\"Transportami-Plattform optimiert Auftragsprozesse, reduziert Kosten und st\u00e4rkt Partnerkooperation effektiv\">Transportami-Plattform optimiert Auftragsprozesse, reduziert Kosten und st\u00e4rkt Partnerkooperation effektiv<\/a><\/li><\/ul><\/nav><\/div>\n<h2><span class=\"ez-toc-section\" id=\"persoenlicher-austausch-und-fachgespraeche-stehen-im-mittelpunkt-des-partnertreffens\"><\/span>Pers\u00f6nlicher Austausch und Fachgespr\u00e4che stehen im Mittelpunkt des Partnertreffens<span class=\"ez-toc-section-end\"><\/span><\/h2>\n<div id=\"attachment_11208\" style=\"width: 760px\" class=\"wp-caption alignleft\"><img aria-describedby=\"caption-attachment-11208\" loading=\"lazy\" src=\"https:\/\/www.doppelklicker.de\/wp-content\/uploads\/2025\/10\/dietz-26564.jpg\" alt=\"Gastredner Stefan Dietz (Foto: VTL Vernetzte-Transport-Logistik GmbH)\" width=\"750\" height=\"600\" class=\"size-full wp-image-11208\" \/><p id=\"caption-attachment-11208\" class=\"wp-caption-text\">Gastredner Stefan Dietz (Foto: VTL Vernetzte-Transport-Logistik GmbH)<\/p><\/div>\n<p>Der Austausch am 26.09.2025 in Dresden vereinte Gesellschafter, Partnerbetriebe und Systemzentrale der VTL Vernetzte-Transport-Logistik GmbH zum j\u00e4hrlichen Systempartnertreffen. Ziel war das strukturierte Review des vergangenen Jahres unter besonderer Ber\u00fccksichtigung operativer Kennzahlen, Marktanpassungen und gemeinsamer Initiativen. Parallel dazu wurden Netzwerkgespr\u00e4che gef\u00fchrt und Kooperationspotenziale ausgelotet. Abschlie\u00dfend definierten die Teilnehmern strategische Schwerpunkte, um die Leistungsf\u00e4higkeit und Wettbewerbsposition der St\u00fcckgutkooperation weiter zu st\u00e4rken. Ein Workshop zu Digitalisierung und Prozessoptimierung erg\u00e4nzte das Programm praxisgebundene Empfehlungen.<\/p>\n<h2><span class=\"ez-toc-section\" id=\"technologieeinsatz-und-strategische-weitsicht-als-notwendige-antwort-auf-fachkraeftemangel\"><\/span>Technologieeinsatz und strategische Weitsicht als notwendige Antwort auf Fachkr\u00e4ftemangel<span class=\"ez-toc-section-end\"><\/span><\/h2>\n<p>Sein Er\u00f6ffnungsvortrag unterstrich, dass Unternehmen aufgrund des demografischen Wandels und des zunehmenden Fachkr\u00e4ftemangels ihre Personalstrategie grundlegend \u00fcberdenken m\u00fcssen. Stefan Dietz betonte, dass es unerl\u00e4sslich ist, eine starke Arbeitgebermarke aufzubauen, moderne F\u00fchrungsprinzipien zu etablieren und strategische Entscheidungen mit Blick auf langfristige Entwicklungen zu treffen. Er wies darauf hin, dass technologische Fortschritte wie K\u00fcnstliche Intelligenz, autonomes Fahren und Robotik nicht nur Effizienzsteigerungen bewirken, sondern auch eine Neuausrichtung von F\u00fchrungsans\u00e4tzen erfordern. Zeitnah umsetzen.<\/p>\n<h2><span class=\"ez-toc-section\" id=\"neue-transportami-loesung-verbessert-neukundengewinnung-und-optimiert-versandsteuerung-automatisch-signifikant\"><\/span>Neue transportami-L\u00f6sung verbessert Neukundengewinnung und optimiert Versandsteuerung automatisch signifikant<span class=\"ez-toc-section-end\"><\/span><\/h2>\n<div id=\"attachment_11209\" style=\"width: 760px\" class=\"wp-caption alignleft\"><img aria-describedby=\"caption-attachment-11209\" loading=\"lazy\" src=\"https:\/\/www.doppelklicker.de\/wp-content\/uploads\/2025\/10\/vtl-partnerschaft-26565.jpg\" alt=\"Ehrung der Jubilare f&uuml;r langj&auml;hrige VTL-Partnerschaft (Foto: VTL Vernetzte-Transport-Logistik GmbH)\" width=\"750\" height=\"600\" class=\"size-full wp-image-11209\" \/><p id=\"caption-attachment-11209\" class=\"wp-caption-text\">Ehrung der Jubilare f\u00fcr langj\u00e4hrige VTL-Partnerschaft (Foto: VTL Vernetzte-Transport-Logistik GmbH)<\/p><\/div>\n<p>Die transportami-Anwendung fungiert als zentrales Buchungs- und Managementportal f\u00fcr St\u00fcckgut- und Palettenversand. Unternehmen k\u00f6nnen Versandauftr\u00e4ge digital anlegen, freigeben und abrechnen, ohne Medienbr\u00fcche oder manuelle Formulare. Echtzeit-Tracking-Informationen und Statusbenachrichtigungen erm\u00f6glichen eine l\u00fcckenlose Sendungsverfolgung. Lieferadapter f\u00fcr unterschiedliche Packmittel und prozessoptimierte Freigaberichtlinien reduzieren Durchlaufzeiten. Die Plattform liefert detaillierte Auswertungen zu Laufzeiten, Kosten und CO2-Emissionen. Auf diese Weise steigert sie Transparenz, Effizienz und Nachhaltigkeit in der Logistikkette. Zus\u00e4tzlich Mobile Integration und Rollenmanagement maximieren Sicherheit.<\/p>\n<h2><span class=\"ez-toc-section\" id=\"nationale-wie-internationale-ehrungen-spiegeln-erfolgreiche-partnerkooperation-und-qualitaet\"><\/span>Nationale wie internationale Ehrungen spiegeln erfolgreiche Partnerkooperation und Qualit\u00e4t<span class=\"ez-toc-section-end\"><\/span><\/h2>\n<p>Im Rahmen des festlichen Abendprogramms wurden erneut Partnerunternehmen f\u00fcr ihre Leistungsexzellenz geehrt. Spedition Huckschlag GmbH aus Fr\u00f6ndenberg gewann den Preis f\u00fcr die dynamischste Entwicklung im nationalen Markt. BTG Internationale Spedition GmbH aus Frankfurt am Main erhielt die Auszeichnung f\u00fcr die h\u00f6chste Qualit\u00e4t im nationalen Segment. Claassen Logistics aus Tilburg wurde gleich zweifach ausgezeichnet: F\u00fcr das markanteste Wachstum auf internationalen Strecken und f\u00fcr die besonders herausragende Qualit\u00e4t des effizienten grenz\u00fcberschreitenden Versands.<\/p>\n<h2><span class=\"ez-toc-section\" id=\"osna-trans-insatransport-und-weitere-partner-feiern-stolz-jahrzehntelange-vtl-zugehoerigkeit\"><\/span>OSNA-TRANS, INSATRANSPORT und weitere Partner feiern stolz Jahrzehntelange VTL-Zugeh\u00f6rigkeit<span class=\"ez-toc-section-end\"><\/span><\/h2>\n<div id=\"attachment_11210\" style=\"width: 760px\" class=\"wp-caption alignleft\"><img aria-describedby=\"caption-attachment-11210\" loading=\"lazy\" src=\"https:\/\/www.doppelklicker.de\/wp-content\/uploads\/2025\/10\/logistics-26566.jpg\" alt=\"Verleihung der VTL PartnerAwards 2025: BTG und Claassen Logistics (Foto: VTL Vernetzte-Transport-Logistik GmbH)\" width=\"750\" height=\"600\" class=\"size-full wp-image-11210\" \/><p id=\"caption-attachment-11210\" class=\"wp-caption-text\">Verleihung der VTL PartnerAwards 2025: BTG und Claassen Logistics (Foto: VTL Vernetzte-Transport-Logistik GmbH)<\/p><\/div>\n<p>Das VTL-Netzwerk ehrte Partner f\u00fcr zehn-, zwanzig- und f\u00fcnfundzwanzigj\u00e4hrige Mitgliedschaft und bedankte sich f\u00fcr die best\u00e4ndige Zusammenarbeit. Zu den Jubilaren geh\u00f6rten OSNA-TRANS GmbH &#038; Co. KG (Osnabr\u00fcck), INSATRANSPORT Speditions GmbH (Frankfurt am Main), Donau-Speditions-Gesellschaft (Regenstauf) und Neele-Vat Finland Oy (Vantaa). Hellmold &#038; Plank GmbH &#038; Co. KG (Gie\u00dfen), Walter Eckhardt GmbH (Korntal-M\u00fcnchingen) erhielten Auszeichnungen f\u00fcr 20 Jahre. Gericke Transport GmbH (Hohenstein-Ernstthal) und Kraftverkehr Emsland GmbH (Nordhorn) feierten ihr 25-j\u00e4hriges Bestehen.<\/p>\n<h2><span class=\"ez-toc-section\" id=\"transportami-plattform-optimiert-auftragsprozesse-reduziert-kosten-und-staerkt-partnerkooperation-effektiv\"><\/span>Transportami-Plattform optimiert Auftragsprozesse, reduziert Kosten und st\u00e4rkt Partnerkooperation effektiv<span class=\"ez-toc-section-end\"><\/span><\/h2>\n<p>Das systemische Partnerschaftsforum in Dresden illustrierte, wie VTL-Mitglieder durch gezielte Zusammenarbeit dem Fachkr\u00e4ftemangel entgegensteuern. Fortschrittliche Instrumente wie KI-basierte Routenplanung, autonome Zustellsysteme und die digitale Schnittstelle transportami schaffen reibungslose Abl\u00e4ufe. Echtzeit-Tracking und automatisierte Freigabeprozesse erh\u00f6hen Effizienz und Vertrauen zwischen allen Partnern. Diese strategische Ausrichtung auf technologische Exzellenz, Transparenz und Netzwerkst\u00e4rke erm\u00f6glicht es, die St\u00fcckgutlogistik nachhaltig zu modernisieren und sich dauerhaft auf wechselnde Marktbedingungen einzustellen und festigt gleichzeitig stetig effiziente internationale Marktpr\u00e4senz.<\/p>\n","protected":false},"excerpt":{"rendered":"<p>Auf dem diesj\u00e4hrigen Systempartnertreffen der VTL in Dresden diskutierten Entscheider aus Gesellschafterkreisen, Partnerbetrieben und Zentrale, wie sich Logistikunternehmen angesichts des Fachkr\u00e4ftemangels durch strategische Arbeitgebermarken und moderne F\u00fchrungsmodelle positionieren. Stefan Dietz pr\u00e4sentierte praxisbezogene Beispiele zur Integration von KI, Robotik und autonomen Fahrzeugen, um Prozesse zu automatisieren. Zudem wurde die Rolle der transportami-Plattform hervorgehoben, die Transparenz und<\/p>\n<div class=\"read-more\"><a href=\"https:\/\/www.doppelklicker.de\/blog\/vtl-vernetzte-transport-logistik-dresden-transportami-huckschlag\/\" title=\"Jetzt alles lesen\">Jetzt alles lesen<\/a><\/div>\n","protected":false},"author":8,"featured_media":11211,"comment_status":"open","ping_status":"open","sticky":false,"template":"","format":"standard","meta":[],"categories":[3305],"tags":[],"yoast_head":"<!-- This site is optimized with the Yoast SEO plugin v18.2 - https:\/\/yoast.com\/wordpress\/plugins\/seo\/ -->\n<meta name=\"robots\" content=\"index, follow, max-snippet:-1, max-image-preview:large, max-video-preview:-1\" \/>\n<link rel=\"canonical\" href=\"https:\/\/www.doppelklicker.de\/blog\/vtl-vernetzte-transport-logistik-dresden-transportami-huckschlag\/\" \/>\n<meta property=\"og:locale\" content=\"de_DE\" \/>\n<meta property=\"og:type\" content=\"article\" \/>\n<meta property=\"og:title\" content=\"Partnerawards w\u00fcrdigen nationales Wachstum sowie internationale Qualit\u00e4t im VTL-Netzwerk\" \/>\n<meta property=\"og:description\" content=\"Auf dem diesj\u00e4hrigen Systempartnertreffen der VTL in Dresden diskutierten Entscheider aus Gesellschafterkreisen, Partnerbetrieben und Zentrale, wie sich Logistikunternehmen angesichts des Fachkr\u00e4ftemangels durch strategische Arbeitgebermarken und moderne F\u00fchrungsmodelle positionieren. Stefan Dietz pr\u00e4sentierte praxisbezogene Beispiele zur Integration von KI, Robotik und autonomen Fahrzeugen, um Prozesse zu automatisieren. Zudem wurde die Rolle der transportami-Plattform hervorgehoben, die Transparenz undJetzt alles lesen\" \/>\n<meta property=\"og:url\" content=\"https:\/\/www.doppelklicker.de\/blog\/vtl-vernetzte-transport-logistik-dresden-transportami-huckschlag\/\" \/>\n<meta property=\"og:site_name\" content=\"Aus Mainz.\" \/>\n<meta property=\"article:published_time\" content=\"2025-10-27T07:00:00+00:00\" \/>\n<meta property=\"article:modified_time\" content=\"2025-10-04T12:31:14+00:00\" \/>\n<meta property=\"og:image\" content=\"https:\/\/www.doppelklicker.de\/blog\/wp-content\/uploads\/2025\/10\/vtl-systempartnertreffen-dresden-thematisiert-fachkraeftemangel-digitalisierung.jpg\" \/>\n\t<meta property=\"og:image:width\" content=\"1280\" \/>\n\t<meta property=\"og:image:height\" content=\"615\" \/>\n\t<meta property=\"og:image:type\" content=\"image\/jpeg\" \/>\n<meta name=\"twitter:card\" content=\"summary_large_image\" \/>\n<meta name=\"twitter:label1\" content=\"Verfasst von\" \/>\n\t<meta name=\"twitter:data1\" content=\"Iris Martin\" \/>\n\t<meta name=\"twitter:label2\" content=\"Gesch\u00e4tzte Lesezeit\" \/>\n\t<meta name=\"twitter:data2\" content=\"3 Minuten\" \/>\n<script type=\"application\/ld+json\" class=\"yoast-schema-graph\">{\"@context\":\"https:\/\/schema.org\",\"@graph\":[{\"@type\":\"WebSite\",\"@id\":\"https:\/\/www.doppelklicker.de\/blog\/#website\",\"url\":\"https:\/\/www.doppelklicker.de\/blog\/\",\"name\":\"Aus Mainz.\",\"description\":\"F\u00fcr die Welt.\",\"potentialAction\":[{\"@type\":\"SearchAction\",\"target\":{\"@type\":\"EntryPoint\",\"urlTemplate\":\"https:\/\/www.doppelklicker.de\/blog\/?s={search_term_string}\"},\"query-input\":\"required name=search_term_string\"}],\"inLanguage\":\"de-DE\"},{\"@type\":\"ImageObject\",\"@id\":\"https:\/\/www.doppelklicker.de\/blog\/vtl-vernetzte-transport-logistik-dresden-transportami-huckschlag\/#primaryimage\",\"inLanguage\":\"de-DE\",\"url\":\"https:\/\/www.doppelklicker.de\/blog\/wp-content\/uploads\/2025\/10\/vtl-systempartnertreffen-dresden-thematisiert-fachkraeftemangel-digitalisierung.jpg\",\"contentUrl\":\"https:\/\/www.doppelklicker.de\/blog\/wp-content\/uploads\/2025\/10\/vtl-systempartnertreffen-dresden-thematisiert-fachkraeftemangel-digitalisierung.jpg\",\"width\":1280,\"height\":615,\"caption\":\"Partnerawards w\u00fcrdigen nationales Wachstum sowie internationale Qualit\u00e4t im VTL-Netzwerk (Foto: VTL Vernetzte-Transport-Logistik GmbH)\"},{\"@type\":\"WebPage\",\"@id\":\"https:\/\/www.doppelklicker.de\/blog\/vtl-vernetzte-transport-logistik-dresden-transportami-huckschlag\/#webpage\",\"url\":\"https:\/\/www.doppelklicker.de\/blog\/vtl-vernetzte-transport-logistik-dresden-transportami-huckschlag\/\",\"name\":\"Partnerawards w\u00fcrdigen nationales Wachstum sowie internationale Qualit\u00e4t im VTL-Netzwerk\",\"isPartOf\":{\"@id\":\"https:\/\/www.doppelklicker.de\/blog\/#website\"},\"primaryImageOfPage\":{\"@id\":\"https:\/\/www.doppelklicker.de\/blog\/vtl-vernetzte-transport-logistik-dresden-transportami-huckschlag\/#primaryimage\"},\"datePublished\":\"2025-10-27T07:00:00+00:00\",\"dateModified\":\"2025-10-04T12:31:14+00:00\",\"author\":{\"@id\":\"https:\/\/www.doppelklicker.de\/blog\/#\/schema\/person\/08dcac172bdb025e8ff433488184668a\"},\"breadcrumb\":{\"@id\":\"https:\/\/www.doppelklicker.de\/blog\/vtl-vernetzte-transport-logistik-dresden-transportami-huckschlag\/#breadcrumb\"},\"inLanguage\":\"de-DE\",\"potentialAction\":[{\"@type\":\"ReadAction\",\"target\":[\"https:\/\/www.doppelklicker.de\/blog\/vtl-vernetzte-transport-logistik-dresden-transportami-huckschlag\/\"]}]},{\"@type\":\"BreadcrumbList\",\"@id\":\"https:\/\/www.doppelklicker.de\/blog\/vtl-vernetzte-transport-logistik-dresden-transportami-huckschlag\/#breadcrumb\",\"itemListElement\":[{\"@type\":\"ListItem\",\"position\":1,\"name\":\"Startseite\",\"item\":\"https:\/\/www.doppelklicker.de\/blog\/\"},{\"@type\":\"ListItem\",\"position\":2,\"name\":\"Partnerawards w\u00fcrdigen nationales Wachstum sowie internationale Qualit\u00e4t im VTL-Netzwerk\"}]},{\"@type\":\"Person\",\"@id\":\"https:\/\/www.doppelklicker.de\/blog\/#\/schema\/person\/08dcac172bdb025e8ff433488184668a\",\"name\":\"Iris Martin\",\"image\":{\"@type\":\"ImageObject\",\"@id\":\"https:\/\/www.doppelklicker.de\/blog\/#personlogo\",\"inLanguage\":\"de-DE\",\"url\":\"https:\/\/secure.gravatar.com\/avatar\/82fdaa093be0b9686b531f99fcb54d15?s=96&d=wp_user_avatar&r=g\",\"contentUrl\":\"https:\/\/secure.gravatar.com\/avatar\/82fdaa093be0b9686b531f99fcb54d15?s=96&d=wp_user_avatar&r=g\",\"caption\":\"Iris Martin\"},\"url\":\"https:\/\/www.doppelklicker.de\/blog\/author\/iris-martin\/\"}]}<\/script>\n<!-- \/ Yoast SEO plugin. -->","yoast_head_json":{"robots":{"index":"index","follow":"follow","max-snippet":"max-snippet:-1","max-image-preview":"max-image-preview:large","max-video-preview":"max-video-preview:-1"},"canonical":"https:\/\/www.doppelklicker.de\/blog\/vtl-vernetzte-transport-logistik-dresden-transportami-huckschlag\/","og_locale":"de_DE","og_type":"article","og_title":"Partnerawards w\u00fcrdigen nationales Wachstum sowie internationale Qualit\u00e4t im VTL-Netzwerk","og_description":"Auf dem diesj\u00e4hrigen Systempartnertreffen der VTL in Dresden diskutierten Entscheider aus Gesellschafterkreisen, Partnerbetrieben und Zentrale, wie sich Logistikunternehmen angesichts des Fachkr\u00e4ftemangels durch strategische Arbeitgebermarken und moderne F\u00fchrungsmodelle positionieren. Stefan Dietz pr\u00e4sentierte praxisbezogene Beispiele zur Integration von KI, Robotik und autonomen Fahrzeugen, um Prozesse zu automatisieren. Zudem wurde die Rolle der transportami-Plattform hervorgehoben, die Transparenz undJetzt alles lesen","og_url":"https:\/\/www.doppelklicker.de\/blog\/vtl-vernetzte-transport-logistik-dresden-transportami-huckschlag\/","og_site_name":"Aus Mainz.","article_published_time":"2025-10-27T07:00:00+00:00","article_modified_time":"2025-10-04T12:31:14+00:00","og_image":[{"width":1280,"height":615,"url":"https:\/\/www.doppelklicker.de\/blog\/wp-content\/uploads\/2025\/10\/vtl-systempartnertreffen-dresden-thematisiert-fachkraeftemangel-digitalisierung.jpg","type":"image\/jpeg"}],"twitter_card":"summary_large_image","twitter_misc":{"Verfasst von":"Iris Martin","Gesch\u00e4tzte Lesezeit":"3 Minuten"},"schema":{"@context":"https:\/\/schema.org","@graph":[{"@type":"WebSite","@id":"https:\/\/www.doppelklicker.de\/blog\/#website","url":"https:\/\/www.doppelklicker.de\/blog\/","name":"Aus Mainz.","description":"F\u00fcr die Welt.","potentialAction":[{"@type":"SearchAction","target":{"@type":"EntryPoint","urlTemplate":"https:\/\/www.doppelklicker.de\/blog\/?s={search_term_string}"},"query-input":"required name=search_term_string"}],"inLanguage":"de-DE"},{"@type":"ImageObject","@id":"https:\/\/www.doppelklicker.de\/blog\/vtl-vernetzte-transport-logistik-dresden-transportami-huckschlag\/#primaryimage","inLanguage":"de-DE","url":"https:\/\/www.doppelklicker.de\/blog\/wp-content\/uploads\/2025\/10\/vtl-systempartnertreffen-dresden-thematisiert-fachkraeftemangel-digitalisierung.jpg","contentUrl":"https:\/\/www.doppelklicker.de\/blog\/wp-content\/uploads\/2025\/10\/vtl-systempartnertreffen-dresden-thematisiert-fachkraeftemangel-digitalisierung.jpg","width":1280,"height":615,"caption":"Partnerawards w\u00fcrdigen nationales Wachstum sowie internationale Qualit\u00e4t im VTL-Netzwerk (Foto: VTL Vernetzte-Transport-Logistik GmbH)"},{"@type":"WebPage","@id":"https:\/\/www.doppelklicker.de\/blog\/vtl-vernetzte-transport-logistik-dresden-transportami-huckschlag\/#webpage","url":"https:\/\/www.doppelklicker.de\/blog\/vtl-vernetzte-transport-logistik-dresden-transportami-huckschlag\/","name":"Partnerawards w\u00fcrdigen nationales Wachstum sowie internationale Qualit\u00e4t im VTL-Netzwerk","isPartOf":{"@id":"https:\/\/www.doppelklicker.de\/blog\/#website"},"primaryImageOfPage":{"@id":"https:\/\/www.doppelklicker.de\/blog\/vtl-vernetzte-transport-logistik-dresden-transportami-huckschlag\/#primaryimage"},"datePublished":"2025-10-27T07:00:00+00:00","dateModified":"2025-10-04T12:31:14+00:00","author":{"@id":"https:\/\/www.doppelklicker.de\/blog\/#\/schema\/person\/08dcac172bdb025e8ff433488184668a"},"breadcrumb":{"@id":"https:\/\/www.doppelklicker.de\/blog\/vtl-vernetzte-transport-logistik-dresden-transportami-huckschlag\/#breadcrumb"},"inLanguage":"de-DE","potentialAction":[{"@type":"ReadAction","target":["https:\/\/www.doppelklicker.de\/blog\/vtl-vernetzte-transport-logistik-dresden-transportami-huckschlag\/"]}]},{"@type":"BreadcrumbList","@id":"https:\/\/www.doppelklicker.de\/blog\/vtl-vernetzte-transport-logistik-dresden-transportami-huckschlag\/#breadcrumb","itemListElement":[{"@type":"ListItem","position":1,"name":"Startseite","item":"https:\/\/www.doppelklicker.de\/blog\/"},{"@type":"ListItem","position":2,"name":"Partnerawards w\u00fcrdigen nationales Wachstum sowie internationale Qualit\u00e4t im VTL-Netzwerk"}]},{"@type":"Person","@id":"https:\/\/www.doppelklicker.de\/blog\/#\/schema\/person\/08dcac172bdb025e8ff433488184668a","name":"Iris Martin","image":{"@type":"ImageObject","@id":"https:\/\/www.doppelklicker.de\/blog\/#personlogo","inLanguage":"de-DE","url":"https:\/\/secure.gravatar.com\/avatar\/82fdaa093be0b9686b531f99fcb54d15?s=96&d=wp_user_avatar&r=g","contentUrl":"https:\/\/secure.gravatar.com\/avatar\/82fdaa093be0b9686b531f99fcb54d15?s=96&d=wp_user_avatar&r=g","caption":"Iris Martin"},"url":"https:\/\/www.doppelklicker.de\/blog\/author\/iris-martin\/"}]}},"_links":{"self":[{"href":"https:\/\/www.doppelklicker.de\/blog\/wp-json\/wp\/v2\/posts\/11212"}],"collection":[{"href":"https:\/\/www.doppelklicker.de\/blog\/wp-json\/wp\/v2\/posts"}],"about":[{"href":"https:\/\/www.doppelklicker.de\/blog\/wp-json\/wp\/v2\/types\/post"}],"author":[{"embeddable":true,"href":"https:\/\/www.doppelklicker.de\/blog\/wp-json\/wp\/v2\/users\/8"}],"replies":[{"embeddable":true,"href":"https:\/\/www.doppelklicker.de\/blog\/wp-json\/wp\/v2\/comments?post=11212"}],"version-history":[{"count":0,"href":"https:\/\/www.doppelklicker.de\/blog\/wp-json\/wp\/v2\/posts\/11212\/revisions"}],"wp:featuredmedia":[{"embeddable":true,"href":"https:\/\/www.doppelklicker.de\/blog\/wp-json\/wp\/v2\/media\/11211"}],"wp:attachment":[{"href":"https:\/\/www.doppelklicker.de\/blog\/wp-json\/wp\/v2\/media?parent=11212"}],"wp:term":[{"taxonomy":"category","embeddable":true,"href":"https:\/\/www.doppelklicker.de\/blog\/wp-json\/wp\/v2\/categories?post=11212"},{"taxonomy":"post_tag","embeddable":true,"href":"https:\/\/www.doppelklicker.de\/blog\/wp-json\/wp\/v2\/tags?post=11212"}],"curies":[{"name":"wp","href":"https:\/\/api.w.org\/{rel}","templated":true}]}}