{"id":11373,"date":"2025-12-15T08:00:00","date_gmt":"2025-12-15T06:00:00","guid":{"rendered":"guid"},"modified":"2025-12-15T08:00:00","modified_gmt":"2025-12-15T06:00:00","slug":"pv-anlage-steinaecker-in-sulzdorf","status":"publish","type":"post","link":"https:\/\/www.doppelklicker.de\/blog\/pv-anlage-steinaecker-in-sulzdorf\/","title":{"rendered":"Teilnahme exklusiv online ab 12. November f\u00fcr Netzgebiet B\u00fcrger"},"content":{"rendered":"<p>Die Stadtwerke Schw\u00e4bisch Hall er\u00f6ffnen am 12. November 2025 das Beteiligungsfenster f\u00fcr das 10,76 MWp gro\u00dfe PV-Freifl\u00e4chenkraftwerk Stein\u00e4cker. Das Vorhaben umfasst ein Volumen von 1,4 Millionen Euro. Investoren k\u00f6nnen in zweckgebundene Nachrangdarlehen ab 500 Euro investieren. Die j\u00e4hrliche Verzinsung betr\u00e4gt 3,0 Prozent bei Laufzeit bis 2035. Die Beteiligung richtet sich ausschlie\u00dflich an B\u00fcrgerinnen und B\u00fcrger aus dem Netzgebiet Schw\u00e4bisch Hall und Vellberg, um gemeinsam die Energiewende vor Ort voranzutreiben verantwortungsbewusst.<br \/>\n<!--more--><\/p>\n<div id=\"ez-toc-container\" class=\"ez-toc-v2_0_16 counter-hierarchy\">\n<div class=\"ez-toc-title-container\">\n<p class=\"ez-toc-title\">Inhaltsverzeichnis: Das erwartet Sie in diesem Artikel<\/p>\n<span class=\"ez-toc-title-toggle\"><a class=\"ez-toc-pull-right ez-toc-btn ez-toc-btn-xs ez-toc-btn-default ez-toc-toggle\" style=\"display: none;\"><i class=\"ez-toc-glyphicon ez-toc-icon-toggle\"><\/i><\/a><\/span><\/div>\n<nav><ul class=\"ez-toc-list ez-toc-list-level-1\"><li class=\"ez-toc-page-1 ez-toc-heading-level-2\"><a class=\"ez-toc-link ez-toc-heading-1\" href=\"https:\/\/www.doppelklicker.de\/blog\/pv-anlage-steinaecker-in-sulzdorf\/#investoren-koennen-sich-ab-9-uhr-beteiligen-im-steinaecker-projekt\" title=\"Investoren k\u00f6nnen sich ab 9 Uhr beteiligen im Stein\u00e4cker-Projekt\">Investoren k\u00f6nnen sich ab 9 Uhr beteiligen im Stein\u00e4cker-Projekt<\/a><\/li><li class=\"ez-toc-page-1 ez-toc-heading-level-2\"><a class=\"ez-toc-link ez-toc-heading-2\" href=\"https:\/\/www.doppelklicker.de\/blog\/pv-anlage-steinaecker-in-sulzdorf\/#kapitalanlage-qualifiziertes-nachrangdarlehen-von-500-bis-15000-euro-planbar\" title=\"Kapitalanlage: qualifiziertes Nachrangdarlehen von 500 bis 15.000 Euro, planbar\">Kapitalanlage: qualifiziertes Nachrangdarlehen von 500 bis 15.000 Euro, planbar<\/a><\/li><li class=\"ez-toc-page-1 ez-toc-heading-level-2\"><a class=\"ez-toc-link ez-toc-heading-3\" href=\"https:\/\/www.doppelklicker.de\/blog\/pv-anlage-steinaecker-in-sulzdorf\/#freiflaechen-pv-mit-1076-mwp-sichert-nachhaltige-stromversorgung-tausender-haushalte\" title=\"Freifl\u00e4chen-PV mit 10,76 MWp sichert nachhaltige Stromversorgung tausender Haushalte\">Freifl\u00e4chen-PV mit 10,76 MWp sichert nachhaltige Stromversorgung tausender Haushalte<\/a><\/li><li class=\"ez-toc-page-1 ez-toc-heading-level-2\"><a class=\"ez-toc-link ez-toc-heading-4\" href=\"https:\/\/www.doppelklicker.de\/blog\/pv-anlage-steinaecker-in-sulzdorf\/#lokale-energiewende-teilnahme-exklusiv-fuer-alle-schwaebisch-hall-vellberg-bewohner\" title=\"Lokale Energiewende-Teilnahme exklusiv f\u00fcr alle Schw\u00e4bisch Hall Vellberg Bewohner\">Lokale Energiewende-Teilnahme exklusiv f\u00fcr alle Schw\u00e4bisch Hall Vellberg Bewohner<\/a><\/li><li class=\"ez-toc-page-1 ez-toc-heading-level-2\"><a class=\"ez-toc-link ez-toc-heading-5\" href=\"https:\/\/www.doppelklicker.de\/blog\/pv-anlage-steinaecker-in-sulzdorf\/#anmeldung-startet-12-november-2025-um-9-uhr-online\" title=\"Anmeldung startet 12. November 2025 um 9 Uhr online\">Anmeldung startet 12. November 2025 um 9 Uhr online<\/a><\/li><li class=\"ez-toc-page-1 ez-toc-heading-level-2\"><a class=\"ez-toc-link ez-toc-heading-6\" href=\"https:\/\/www.doppelklicker.de\/blog\/pv-anlage-steinaecker-in-sulzdorf\/#starke-nachfrage-zeigt-private-investoren-suchen-nachhaltige-planbare-geldanlagen\" title=\"Starke Nachfrage zeigt: Private Investoren suchen nachhaltige, planbare Geldanlagen\">Starke Nachfrage zeigt: Private Investoren suchen nachhaltige, planbare Geldanlagen<\/a><\/li><li class=\"ez-toc-page-1 ez-toc-heading-level-2\"><a class=\"ez-toc-link ez-toc-heading-7\" href=\"https:\/\/www.doppelklicker.de\/blog\/pv-anlage-steinaecker-in-sulzdorf\/#buergerenergie-steinaecker-vereint-umweltbewusstsein-mit-solider-rendite-bis-2035\" title=\"B\u00fcrgerenergie Stein\u00e4cker vereint Umweltbewusstsein mit solider Rendite bis 2035\">B\u00fcrgerenergie Stein\u00e4cker vereint Umweltbewusstsein mit solider Rendite bis 2035<\/a><\/li><\/ul><\/nav><\/div>\n<h2><span class=\"ez-toc-section\" id=\"investoren-koennen-sich-ab-9-uhr-beteiligen-im-steinaecker-projekt\"><\/span>Investoren k\u00f6nnen sich ab 9 Uhr beteiligen im Stein\u00e4cker-Projekt<span class=\"ez-toc-section-end\"><\/span><\/h2>\n<p>Ab dem 12. November 2025 um 9 Uhr k\u00f6nnen Interessierte im Netzgebiet Schw\u00e4bisch Hall und in Vellberg online Nachrangdarlehen f\u00fcr die Freifl\u00e4chen-Photovoltaikanlage Stein\u00e4cker mit einer Kapazit\u00e4t von 10,76 MWp zeichnen. Das Gesamtvolumen des B\u00fcrgerenergieprojekts betr\u00e4gt 1,4 Millionen Euro. Die Mindestbeteiligung betr\u00e4gt 500 Euro, maximal sind 15.000 Euro pro Person m\u00f6glich. Anleger profitieren von einer festen Verzinsung und unterst\u00fctzen die regionale Energieversorgung mit klimafreundlicher Solarstromproduktion. Die Zeichnung erfolgt ausschlie\u00dflich digital.<\/p>\n<h2><span class=\"ez-toc-section\" id=\"kapitalanlage-qualifiziertes-nachrangdarlehen-von-500-bis-15000-euro-planbar\"><\/span>Kapitalanlage: qualifiziertes Nachrangdarlehen von 500 bis 15.000 Euro, planbar<span class=\"ez-toc-section-end\"><\/span><\/h2>\n<p>Mit einem qualifizierten Nachrangdarlehen, das bei 500 Euro Mindestzeichnung beginnt und in Schritten zu 500 Euro bis maximal 15.000 Euro erh\u00f6ht werden kann, profitieren Anleger von einer festen Verzinsung von 3,0 Prozent j\u00e4hrlich. Die Laufzeit ist bis zum 30. Juni 2035 fixiert. Dank dieser strukturierten Bedingungen und klar definierten Rahmenparameter erhalten langfristig orientierte Kapitalgeber ein H\u00f6chstma\u00df an Planungssicherheit sowie planbare Ertr\u00e4ge \u00fcber den gesamten Laufzeitraum, zudem wirtschaftliche Verl\u00e4sslichkeit dauerhaft garantiert.<\/p>\n<h2><span class=\"ez-toc-section\" id=\"freiflaechen-pv-mit-1076-mwp-sichert-nachhaltige-stromversorgung-tausender-haushalte\"><\/span>Freifl\u00e4chen-PV mit 10,76 MWp sichert nachhaltige Stromversorgung tausender Haushalte<span class=\"ez-toc-section-end\"><\/span><\/h2>\n<p>Die neu installierte Photovoltaikfreifl\u00e4chenanlage im Schw\u00e4bisch Hall-Sulzdorfer Gewerbegebiet besteht aus 24 180 Solarmodulen mit einer gesamten Nennleistung von 10,76 MWp. Nach ihrer offiziellen Inbetriebnahme \u00fcbernimmt die Tochtergesellschaft B\u00fcrgerenergie Stein\u00e4cker GmbH &#038; Co. KG s\u00e4mtliche Betriebsaufgaben einschlie\u00dflich rollender Wartung. Der erzeugte Strom wird als \u00d6koenergie in das st\u00e4dtische Stromnetz eingespeist. Damit wird die Versorgung von tausenden Haushalten durch erneuerbaren Strom gew\u00e4hrleistet und die regionale Klimaschutzstrategie unterst\u00fctzt. Wartungsintervalle werden digital \u00fcberwacht und optimiert.<\/p>\n<h2><span class=\"ez-toc-section\" id=\"lokale-energiewende-teilnahme-exklusiv-fuer-alle-schwaebisch-hall-vellberg-bewohner\"><\/span>Lokale Energiewende-Teilnahme exklusiv f\u00fcr alle Schw\u00e4bisch Hall Vellberg Bewohner<span class=\"ez-toc-section-end\"><\/span><\/h2>\n<p>Nur Einwohnerinnen und Einwohner aus dem Netzgebiet der Stadtwerke Schw\u00e4bisch Hall sowie aus Vellberg k\u00f6nnen sich an dem Projekt beteiligen. Inbegriffen sind Schw\u00e4bisch Hall, Mainhardt, Rosengarten, Michelbach\/Bilz, Michelfeld, Unterm\u00fcnkheim und W\u00fcstenrot. Dieses regional begrenzte Modell b\u00fcndelt Mittel vor Ort, steigert die wirtschaftliche Dynamik und bietet den B\u00fcrgern Mitsprache bei der Energiewende. Es f\u00f6rdert lokale Arbeitspl\u00e4tze und schafft Transparenz, indem die Beteiligung direkt der nachhaltigen Stromproduktion in der eigenen Nachbarschaft zugutekommt.<\/p>\n<h2><span class=\"ez-toc-section\" id=\"anmeldung-startet-12-november-2025-um-9-uhr-online\"><\/span>Anmeldung startet 12. November 2025 um 9 Uhr online<span class=\"ez-toc-section-end\"><\/span><\/h2>\n<p>Interessierte k\u00f6nnen ab dem 12. November 2025 um 9 Uhr ihr Nachrangdarlehen online auf www.swhall-beteiligung.de zeichnen. Die Stadtwerke weisen darauf hin, dass fr\u00fchere Beteiligungen oft sehr schnell ausgebucht waren, weshalb eine z\u00fcgige Anmeldung empfohlen wird. Eine schnelle Registrierung sichert einen Platz im bislang gr\u00f6\u00dften B\u00fcrgerenergievorhaben Schw\u00e4bisch Halls. \u00dcber das Portal erfolgt die Abwicklung digital, inklusive unmittelbarer Eingangsbest\u00e4tigung und transparenter Dokumentation aller Schritte. Teilnehmer profitieren von Best\u00e4tigungsmails und direktem Statuszugriff zeitnah.<\/p>\n<h2><span class=\"ez-toc-section\" id=\"starke-nachfrage-zeigt-private-investoren-suchen-nachhaltige-planbare-geldanlagen\"><\/span>Starke Nachfrage zeigt: Private Investoren suchen nachhaltige, planbare Geldanlagen<span class=\"ez-toc-section-end\"><\/span><\/h2>\n<p>Thomas Deeg, Gesch\u00e4ftsf\u00fchrer der B\u00fcrgerenergie Stein\u00e4cker GmbH &#038; Co. KG, macht deutlich, dass die Energiewende nur durch kollektive Unterst\u00fctzung aller Stakeholder erfolgreich vorangebracht werden kann. Die betr\u00e4chtlichen Zeichnungsquoten fr\u00fcherer Beteiligungen spiegeln das gestiegene Interesse privater Kapitalgeber an nachhaltigen Investitionsformen wider. Das gegenw\u00e4rtige Projekt verbindet Umweltbewusstsein mit verl\u00e4sslicher Rendite, indem es Investoren aus der Region eine klar dokumentierte, langfristige Beteiligung anbietet, die \u00f6kologische wie wirtschaftliche Ziele gleicherma\u00dfen bedient und vertrauensvoll begleitet.<\/p>\n<h2><span class=\"ez-toc-section\" id=\"buergerenergie-steinaecker-vereint-umweltbewusstsein-mit-solider-rendite-bis-2035\"><\/span>B\u00fcrgerenergie Stein\u00e4cker vereint Umweltbewusstsein mit solider Rendite bis 2035<span class=\"ez-toc-section-end\"><\/span><\/h2>\n<p>Das Stein\u00e4cker-Investment bietet eine j\u00e4hrliche Festverzinsung von 3,0 Prozent in Kombination mit klaren, nachvollziehbaren Vertragsregelungen. Mit einem Einstieg ab 500 Euro realisieren Anleger eine unkomplizierte Partizipation an erneuerbarer Photovoltaik. Die Laufzeit bis zum 30. Juni 2035 ist vertraglich festgeschrieben und gew\u00e4hrleistet eine langfristige Finanzplanung. Zudem wird der erzeugte \u00d6kostrom direkt ins st\u00e4dtische Versorgungsnetz eingespeist, wodurch jede Beteiligung einen messbaren Beitrag zur regionalen Energieinfrastruktur und zum Klimaschutz leistet. nachhaltig \u00f6konomisch attraktiv.<\/p>\n","protected":false},"excerpt":{"rendered":"<p>Die Stadtwerke Schw\u00e4bisch Hall er\u00f6ffnen am 12. November 2025 das Beteiligungsfenster f\u00fcr das 10,76 MWp gro\u00dfe PV-Freifl\u00e4chenkraftwerk Stein\u00e4cker. Das Vorhaben umfasst ein Volumen von 1,4 Millionen Euro. Investoren k\u00f6nnen in zweckgebundene Nachrangdarlehen ab 500 Euro investieren. Die j\u00e4hrliche Verzinsung betr\u00e4gt 3,0 Prozent bei Laufzeit bis 2035. Die Beteiligung richtet sich ausschlie\u00dflich an B\u00fcrgerinnen und B\u00fcrger<\/p>\n<div class=\"read-more\"><a href=\"https:\/\/www.doppelklicker.de\/blog\/pv-anlage-steinaecker-in-sulzdorf\/\" title=\"Jetzt alles lesen\">Jetzt alles lesen<\/a><\/div>\n","protected":false},"author":8,"featured_media":11374,"comment_status":"open","ping_status":"open","sticky":false,"template":"","format":"standard","meta":[],"categories":[3305],"tags":[],"yoast_head":"<!-- This site is optimized with the Yoast SEO plugin v18.2 - https:\/\/yoast.com\/wordpress\/plugins\/seo\/ -->\n<meta name=\"robots\" content=\"index, follow, max-snippet:-1, max-image-preview:large, max-video-preview:-1\" \/>\n<link rel=\"canonical\" href=\"https:\/\/www.doppelklicker.de\/blog\/pv-anlage-steinaecker-in-sulzdorf\/\" \/>\n<meta property=\"og:locale\" content=\"de_DE\" \/>\n<meta property=\"og:type\" content=\"article\" \/>\n<meta property=\"og:title\" content=\"Teilnahme exklusiv online ab 12. November f\u00fcr Netzgebiet B\u00fcrger\" \/>\n<meta property=\"og:description\" content=\"Die Stadtwerke Schw\u00e4bisch Hall er\u00f6ffnen am 12. November 2025 das Beteiligungsfenster f\u00fcr das 10,76 MWp gro\u00dfe PV-Freifl\u00e4chenkraftwerk Stein\u00e4cker. Das Vorhaben umfasst ein Volumen von 1,4 Millionen Euro. Investoren k\u00f6nnen in zweckgebundene Nachrangdarlehen ab 500 Euro investieren. Die j\u00e4hrliche Verzinsung betr\u00e4gt 3,0 Prozent bei Laufzeit bis 2035. Die Beteiligung richtet sich ausschlie\u00dflich an B\u00fcrgerinnen und B\u00fcrgerJetzt alles lesen\" \/>\n<meta property=\"og:url\" content=\"https:\/\/www.doppelklicker.de\/blog\/pv-anlage-steinaecker-in-sulzdorf\/\" \/>\n<meta property=\"og:site_name\" content=\"Aus Mainz.\" \/>\n<meta property=\"article:published_time\" content=\"2025-12-15T06:00:00+00:00\" \/>\n<meta property=\"og:image\" content=\"https:\/\/www.doppelklicker.de\/blog\/wp-content\/uploads\/2025\/11\/groesstes-buergerenergieprojekt-startet-beteiligung-ab-12-november-2025-26855.jpg\" \/>\n\t<meta property=\"og:image:width\" content=\"1280\" \/>\n\t<meta property=\"og:image:height\" content=\"615\" \/>\n\t<meta property=\"og:image:type\" content=\"image\/jpeg\" \/>\n<meta name=\"twitter:card\" content=\"summary_large_image\" \/>\n<meta name=\"twitter:label1\" content=\"Verfasst von\" \/>\n\t<meta name=\"twitter:data1\" content=\"Iris Martin\" \/>\n\t<meta name=\"twitter:label2\" content=\"Gesch\u00e4tzte Lesezeit\" \/>\n\t<meta name=\"twitter:data2\" content=\"3 Minuten\" \/>\n<script type=\"application\/ld+json\" class=\"yoast-schema-graph\">{\"@context\":\"https:\/\/schema.org\",\"@graph\":[{\"@type\":\"WebSite\",\"@id\":\"https:\/\/www.doppelklicker.de\/blog\/#website\",\"url\":\"https:\/\/www.doppelklicker.de\/blog\/\",\"name\":\"Aus Mainz.\",\"description\":\"F\u00fcr die Welt.\",\"potentialAction\":[{\"@type\":\"SearchAction\",\"target\":{\"@type\":\"EntryPoint\",\"urlTemplate\":\"https:\/\/www.doppelklicker.de\/blog\/?s={search_term_string}\"},\"query-input\":\"required name=search_term_string\"}],\"inLanguage\":\"de-DE\"},{\"@type\":\"ImageObject\",\"@id\":\"https:\/\/www.doppelklicker.de\/blog\/pv-anlage-steinaecker-in-sulzdorf\/#primaryimage\",\"inLanguage\":\"de-DE\",\"url\":\"https:\/\/www.doppelklicker.de\/blog\/wp-content\/uploads\/2025\/11\/groesstes-buergerenergieprojekt-startet-beteiligung-ab-12-november-2025-26855.jpg\",\"contentUrl\":\"https:\/\/www.doppelklicker.de\/blog\/wp-content\/uploads\/2025\/11\/groesstes-buergerenergieprojekt-startet-beteiligung-ab-12-november-2025-26855.jpg\",\"width\":1280,\"height\":615,\"caption\":\"Teilnahme exklusiv online ab 12. November f\u00fcr Netzgebiet B\u00fcrger (Foto: Stadtwerke Schw\u00e4bisch Hall GmbH)\"},{\"@type\":\"WebPage\",\"@id\":\"https:\/\/www.doppelklicker.de\/blog\/pv-anlage-steinaecker-in-sulzdorf\/#webpage\",\"url\":\"https:\/\/www.doppelklicker.de\/blog\/pv-anlage-steinaecker-in-sulzdorf\/\",\"name\":\"Teilnahme exklusiv online ab 12. November f\u00fcr Netzgebiet B\u00fcrger\",\"isPartOf\":{\"@id\":\"https:\/\/www.doppelklicker.de\/blog\/#website\"},\"primaryImageOfPage\":{\"@id\":\"https:\/\/www.doppelklicker.de\/blog\/pv-anlage-steinaecker-in-sulzdorf\/#primaryimage\"},\"datePublished\":\"2025-12-15T06:00:00+00:00\",\"dateModified\":\"2025-12-15T06:00:00+00:00\",\"author\":{\"@id\":\"https:\/\/www.doppelklicker.de\/blog\/#\/schema\/person\/08dcac172bdb025e8ff433488184668a\"},\"breadcrumb\":{\"@id\":\"https:\/\/www.doppelklicker.de\/blog\/pv-anlage-steinaecker-in-sulzdorf\/#breadcrumb\"},\"inLanguage\":\"de-DE\",\"potentialAction\":[{\"@type\":\"ReadAction\",\"target\":[\"https:\/\/www.doppelklicker.de\/blog\/pv-anlage-steinaecker-in-sulzdorf\/\"]}]},{\"@type\":\"BreadcrumbList\",\"@id\":\"https:\/\/www.doppelklicker.de\/blog\/pv-anlage-steinaecker-in-sulzdorf\/#breadcrumb\",\"itemListElement\":[{\"@type\":\"ListItem\",\"position\":1,\"name\":\"Startseite\",\"item\":\"https:\/\/www.doppelklicker.de\/blog\/\"},{\"@type\":\"ListItem\",\"position\":2,\"name\":\"Teilnahme exklusiv online ab 12. November f\u00fcr Netzgebiet B\u00fcrger\"}]},{\"@type\":\"Person\",\"@id\":\"https:\/\/www.doppelklicker.de\/blog\/#\/schema\/person\/08dcac172bdb025e8ff433488184668a\",\"name\":\"Iris Martin\",\"image\":{\"@type\":\"ImageObject\",\"@id\":\"https:\/\/www.doppelklicker.de\/blog\/#personlogo\",\"inLanguage\":\"de-DE\",\"url\":\"https:\/\/secure.gravatar.com\/avatar\/82fdaa093be0b9686b531f99fcb54d15?s=96&d=wp_user_avatar&r=g\",\"contentUrl\":\"https:\/\/secure.gravatar.com\/avatar\/82fdaa093be0b9686b531f99fcb54d15?s=96&d=wp_user_avatar&r=g\",\"caption\":\"Iris Martin\"},\"url\":\"https:\/\/www.doppelklicker.de\/blog\/author\/iris-martin\/\"}]}<\/script>\n<!-- \/ Yoast SEO plugin. -->","yoast_head_json":{"robots":{"index":"index","follow":"follow","max-snippet":"max-snippet:-1","max-image-preview":"max-image-preview:large","max-video-preview":"max-video-preview:-1"},"canonical":"https:\/\/www.doppelklicker.de\/blog\/pv-anlage-steinaecker-in-sulzdorf\/","og_locale":"de_DE","og_type":"article","og_title":"Teilnahme exklusiv online ab 12. November f\u00fcr Netzgebiet B\u00fcrger","og_description":"Die Stadtwerke Schw\u00e4bisch Hall er\u00f6ffnen am 12. November 2025 das Beteiligungsfenster f\u00fcr das 10,76 MWp gro\u00dfe PV-Freifl\u00e4chenkraftwerk Stein\u00e4cker. Das Vorhaben umfasst ein Volumen von 1,4 Millionen Euro. Investoren k\u00f6nnen in zweckgebundene Nachrangdarlehen ab 500 Euro investieren. Die j\u00e4hrliche Verzinsung betr\u00e4gt 3,0 Prozent bei Laufzeit bis 2035. Die Beteiligung richtet sich ausschlie\u00dflich an B\u00fcrgerinnen und B\u00fcrgerJetzt alles lesen","og_url":"https:\/\/www.doppelklicker.de\/blog\/pv-anlage-steinaecker-in-sulzdorf\/","og_site_name":"Aus Mainz.","article_published_time":"2025-12-15T06:00:00+00:00","og_image":[{"width":1280,"height":615,"url":"https:\/\/www.doppelklicker.de\/blog\/wp-content\/uploads\/2025\/11\/groesstes-buergerenergieprojekt-startet-beteiligung-ab-12-november-2025-26855.jpg","type":"image\/jpeg"}],"twitter_card":"summary_large_image","twitter_misc":{"Verfasst von":"Iris Martin","Gesch\u00e4tzte Lesezeit":"3 Minuten"},"schema":{"@context":"https:\/\/schema.org","@graph":[{"@type":"WebSite","@id":"https:\/\/www.doppelklicker.de\/blog\/#website","url":"https:\/\/www.doppelklicker.de\/blog\/","name":"Aus Mainz.","description":"F\u00fcr die Welt.","potentialAction":[{"@type":"SearchAction","target":{"@type":"EntryPoint","urlTemplate":"https:\/\/www.doppelklicker.de\/blog\/?s={search_term_string}"},"query-input":"required name=search_term_string"}],"inLanguage":"de-DE"},{"@type":"ImageObject","@id":"https:\/\/www.doppelklicker.de\/blog\/pv-anlage-steinaecker-in-sulzdorf\/#primaryimage","inLanguage":"de-DE","url":"https:\/\/www.doppelklicker.de\/blog\/wp-content\/uploads\/2025\/11\/groesstes-buergerenergieprojekt-startet-beteiligung-ab-12-november-2025-26855.jpg","contentUrl":"https:\/\/www.doppelklicker.de\/blog\/wp-content\/uploads\/2025\/11\/groesstes-buergerenergieprojekt-startet-beteiligung-ab-12-november-2025-26855.jpg","width":1280,"height":615,"caption":"Teilnahme exklusiv online ab 12. November f\u00fcr Netzgebiet B\u00fcrger (Foto: Stadtwerke Schw\u00e4bisch Hall GmbH)"},{"@type":"WebPage","@id":"https:\/\/www.doppelklicker.de\/blog\/pv-anlage-steinaecker-in-sulzdorf\/#webpage","url":"https:\/\/www.doppelklicker.de\/blog\/pv-anlage-steinaecker-in-sulzdorf\/","name":"Teilnahme exklusiv online ab 12. November f\u00fcr Netzgebiet B\u00fcrger","isPartOf":{"@id":"https:\/\/www.doppelklicker.de\/blog\/#website"},"primaryImageOfPage":{"@id":"https:\/\/www.doppelklicker.de\/blog\/pv-anlage-steinaecker-in-sulzdorf\/#primaryimage"},"datePublished":"2025-12-15T06:00:00+00:00","dateModified":"2025-12-15T06:00:00+00:00","author":{"@id":"https:\/\/www.doppelklicker.de\/blog\/#\/schema\/person\/08dcac172bdb025e8ff433488184668a"},"breadcrumb":{"@id":"https:\/\/www.doppelklicker.de\/blog\/pv-anlage-steinaecker-in-sulzdorf\/#breadcrumb"},"inLanguage":"de-DE","potentialAction":[{"@type":"ReadAction","target":["https:\/\/www.doppelklicker.de\/blog\/pv-anlage-steinaecker-in-sulzdorf\/"]}]},{"@type":"BreadcrumbList","@id":"https:\/\/www.doppelklicker.de\/blog\/pv-anlage-steinaecker-in-sulzdorf\/#breadcrumb","itemListElement":[{"@type":"ListItem","position":1,"name":"Startseite","item":"https:\/\/www.doppelklicker.de\/blog\/"},{"@type":"ListItem","position":2,"name":"Teilnahme exklusiv online ab 12. November f\u00fcr Netzgebiet B\u00fcrger"}]},{"@type":"Person","@id":"https:\/\/www.doppelklicker.de\/blog\/#\/schema\/person\/08dcac172bdb025e8ff433488184668a","name":"Iris Martin","image":{"@type":"ImageObject","@id":"https:\/\/www.doppelklicker.de\/blog\/#personlogo","inLanguage":"de-DE","url":"https:\/\/secure.gravatar.com\/avatar\/82fdaa093be0b9686b531f99fcb54d15?s=96&d=wp_user_avatar&r=g","contentUrl":"https:\/\/secure.gravatar.com\/avatar\/82fdaa093be0b9686b531f99fcb54d15?s=96&d=wp_user_avatar&r=g","caption":"Iris Martin"},"url":"https:\/\/www.doppelklicker.de\/blog\/author\/iris-martin\/"}]}},"_links":{"self":[{"href":"https:\/\/www.doppelklicker.de\/blog\/wp-json\/wp\/v2\/posts\/11373"}],"collection":[{"href":"https:\/\/www.doppelklicker.de\/blog\/wp-json\/wp\/v2\/posts"}],"about":[{"href":"https:\/\/www.doppelklicker.de\/blog\/wp-json\/wp\/v2\/types\/post"}],"author":[{"embeddable":true,"href":"https:\/\/www.doppelklicker.de\/blog\/wp-json\/wp\/v2\/users\/8"}],"replies":[{"embeddable":true,"href":"https:\/\/www.doppelklicker.de\/blog\/wp-json\/wp\/v2\/comments?post=11373"}],"version-history":[{"count":0,"href":"https:\/\/www.doppelklicker.de\/blog\/wp-json\/wp\/v2\/posts\/11373\/revisions"}],"wp:featuredmedia":[{"embeddable":true,"href":"https:\/\/www.doppelklicker.de\/blog\/wp-json\/wp\/v2\/media\/11374"}],"wp:attachment":[{"href":"https:\/\/www.doppelklicker.de\/blog\/wp-json\/wp\/v2\/media?parent=11373"}],"wp:term":[{"taxonomy":"category","embeddable":true,"href":"https:\/\/www.doppelklicker.de\/blog\/wp-json\/wp\/v2\/categories?post=11373"},{"taxonomy":"post_tag","embeddable":true,"href":"https:\/\/www.doppelklicker.de\/blog\/wp-json\/wp\/v2\/tags?post=11373"}],"curies":[{"name":"wp","href":"https:\/\/api.w.org\/{rel}","templated":true}]}}