{"id":11483,"date":"2025-12-12T10:00:00","date_gmt":"2025-12-12T08:00:00","guid":{"rendered":"guid"},"modified":"2025-12-12T10:00:00","modified_gmt":"2025-12-12T08:00:00","slug":"raecks-gmbh-zeigt-raecksgreen-thyssenkrupp-schulte-steel-community-day","status":"publish","type":"post","link":"https:\/\/www.doppelklicker.de\/blog\/raecks-gmbh-zeigt-raecksgreen-thyssenkrupp-schulte-steel-community-day\/","title":{"rendered":"Modulare Regalsysteme unterst\u00fctzen \u00f6sterreichische Unternehmen bei ESG und Klimazielen"},"content":{"rendered":"<p>Zur Markteinf\u00fchrung offeriert RAECKS GmbH in \u00d6sterreich ein breites Sortiment modularer Lagerl\u00f6sungen unter dem Label RAECKSgreen. Fachboden-, Paletten- und Kragarmregale stehen nun mit CO?-reduzierten Bauteilen aus Stahl zur Verf\u00fcgung. Das modulare Design erm\u00f6glicht individuelle Konfigurationen, schnelle Montage und skalierbare Erweiterungen. Firmen profitieren von geringeren Emissionen, hoher Belastbarkeit und optimierter Raumnutzung. Die Bauteile weisen keine Preisaufschl\u00e4ge auf und erleichtern die nachhaltige Modernisierung bestehender Lagerinfrastrukturen. So f\u00f6rdert RAECKSgreen nachhaltiges Wachstum in Lagerbetrieben.<br \/>\n<!--more--><\/p>\n<div id=\"ez-toc-container\" class=\"ez-toc-v2_0_16 counter-hierarchy\">\n<div class=\"ez-toc-title-container\">\n<p class=\"ez-toc-title\">Inhaltsverzeichnis: Das erwartet Sie in diesem Artikel<\/p>\n<span class=\"ez-toc-title-toggle\"><a class=\"ez-toc-pull-right ez-toc-btn ez-toc-btn-xs ez-toc-btn-default ez-toc-toggle\" style=\"display: none;\"><i class=\"ez-toc-glyphicon ez-toc-icon-toggle\"><\/i><\/a><\/span><\/div>\n<nav><ul class=\"ez-toc-list ez-toc-list-level-1\"><li class=\"ez-toc-page-1 ez-toc-heading-level-2\"><a class=\"ez-toc-link ez-toc-heading-1\" href=\"https:\/\/www.doppelklicker.de\/blog\/raecks-gmbh-zeigt-raecksgreen-thyssenkrupp-schulte-steel-community-day\/#b2b-regalsystemexperte-raecks-etabliert-sich-jetzt-erneut-im-oesterreichischen-markt\" title=\"B2B-Regalsystemexperte RAECKS etabliert sich jetzt erneut im \u00f6sterreichischen Markt\">B2B-Regalsystemexperte RAECKS etabliert sich jetzt erneut im \u00f6sterreichischen Markt<\/a><\/li><li class=\"ez-toc-page-1 ez-toc-heading-level-2\"><a class=\"ez-toc-link ez-toc-heading-2\" href=\"https:\/\/www.doppelklicker.de\/blog\/raecks-gmbh-zeigt-raecksgreen-thyssenkrupp-schulte-steel-community-day\/#oesterreich-launch-co-reduzierte-raecksgreen-regalbauteile-ueberzeugen-durch-hohe-langfristige-stabilitaet\" title=\"\u00d6sterreich-Launch: CO?-reduzierte RAECKSgreen Regalbauteile \u00fcberzeugen durch hohe langfristige Stabilit\u00e4t\">\u00d6sterreich-Launch: CO?-reduzierte RAECKSgreen Regalbauteile \u00fcberzeugen durch hohe langfristige Stabilit\u00e4t<\/a><\/li><li class=\"ez-toc-page-1 ez-toc-heading-level-2\"><a class=\"ez-toc-link ez-toc-heading-3\" href=\"https:\/\/www.doppelklicker.de\/blog\/raecks-gmbh-zeigt-raecksgreen-thyssenkrupp-schulte-steel-community-day\/#emissionstransparenz-und-standardqualitaet-vereint-in-neuen-co-reduzierten-raecks-regalkomponenten\" title=\"Emissionstransparenz und Standardqualit\u00e4t vereint in neuen CO?-reduzierten RAECKS Regalkomponenten\">Emissionstransparenz und Standardqualit\u00e4t vereint in neuen CO?-reduzierten RAECKS Regalkomponenten<\/a><\/li><li class=\"ez-toc-page-1 ez-toc-heading-level-2\"><a class=\"ez-toc-link ez-toc-heading-4\" href=\"https:\/\/www.doppelklicker.de\/blog\/raecks-gmbh-zeigt-raecksgreen-thyssenkrupp-schulte-steel-community-day\/#effiziente-lagerloesungen-mit-reduziertem-co-fussabdruck-zum-identischen-preis-erhaeltlich\" title=\"Effiziente Lagerl\u00f6sungen mit reduziertem CO?-Fu\u00dfabdruck zum identischen Preis erh\u00e4ltlich\">Effiziente Lagerl\u00f6sungen mit reduziertem CO?-Fu\u00dfabdruck zum identischen Preis erh\u00e4ltlich<\/a><\/li><li class=\"ez-toc-page-1 ez-toc-heading-level-2\"><a class=\"ez-toc-link ez-toc-heading-5\" href=\"https:\/\/www.doppelklicker.de\/blog\/raecks-gmbh-zeigt-raecksgreen-thyssenkrupp-schulte-steel-community-day\/#stahl-und-logistikexperten-tauschen-erfahrungen-auf-steel-community-day\" title=\"Stahl- und Logistikexperten tauschen Erfahrungen auf Steel Community Day\">Stahl- und Logistikexperten tauschen Erfahrungen auf Steel Community Day<\/a><\/li><li class=\"ez-toc-page-1 ez-toc-heading-level-2\"><a class=\"ez-toc-link ez-toc-heading-6\" href=\"https:\/\/www.doppelklicker.de\/blog\/raecks-gmbh-zeigt-raecksgreen-thyssenkrupp-schulte-steel-community-day\/#oesterreichischer-markteintritt-raecks-integriert-modulare-systeme-effizient-in-lagerprozesse\" title=\"\u00d6sterreichischer Markteintritt: RAECKS integriert modulare Systeme effizient in Lagerprozesse\">\u00d6sterreichischer Markteintritt: RAECKS integriert modulare Systeme effizient in Lagerprozesse<\/a><\/li><li class=\"ez-toc-page-1 ez-toc-heading-level-2\"><a class=\"ez-toc-link ez-toc-heading-7\" href=\"https:\/\/www.doppelklicker.de\/blog\/raecks-gmbh-zeigt-raecksgreen-thyssenkrupp-schulte-steel-community-day\/#co-reduzierte-komponenten-aus-stahl-bieten-nachhaltige-lagerloesung-ohne-mehraufwand\" title=\"CO?-reduzierte Komponenten aus Stahl bieten nachhaltige Lagerl\u00f6sung ohne Mehraufwand\">CO?-reduzierte Komponenten aus Stahl bieten nachhaltige Lagerl\u00f6sung ohne Mehraufwand<\/a><\/li><\/ul><\/nav><\/div>\n<h2><span class=\"ez-toc-section\" id=\"b2b-regalsystemexperte-raecks-etabliert-sich-jetzt-erneut-im-oesterreichischen-markt\"><\/span>B2B-Regalsystemexperte RAECKS etabliert sich jetzt erneut im \u00f6sterreichischen Markt<span class=\"ez-toc-section-end\"><\/span><\/h2>\n<p>Erstmalig ist die RAECKS GmbH, bekannt f\u00fcr robuste Regalsysteme und durchdachte Lagerl\u00f6sungen im B2B-Segment, nun in \u00d6sterreich aktiv. Den offiziellen Startschuss gab der Steel Community Day 2025 in Gresten, veranstaltet von Welser Profile. Federf\u00fchrend moderiert wurde das Event von Heinz Peter P\u00fclzl, Stahlblogger, w\u00e4hrend RAECKS seine Produktpalette und das \u00f6kologische Konzept RAECKSgreen pr\u00e4sentierte. Im Mittelpunkt stehen CO?-reduzierte Komponenten, die gewohnte Leistungsf\u00e4higkeit mit nachhaltigen Materialien verbinden und Unternehmen neue Perspektiven bieten.<\/p>\n<h2><span class=\"ez-toc-section\" id=\"oesterreich-launch-co-reduzierte-raecksgreen-regalbauteile-ueberzeugen-durch-hohe-langfristige-stabilitaet\"><\/span>\u00d6sterreich-Launch: CO?-reduzierte RAECKSgreen Regalbauteile \u00fcberzeugen durch hohe langfristige Stabilit\u00e4t<span class=\"ez-toc-section-end\"><\/span><\/h2>\n<p>Durch die Markteinf\u00fchrung von RAECKSgreen pr\u00e4sentierte der Anbieter CO?-arm gefertigte Regalkomponenten, die sich reibungslos in vorhandene Lagerkreisl\u00e4ufe einbetten lassen. Die koordinierte Produktvorstellung auf einer Fachveranstaltung steigerte die Sichtbarkeit in der Zielbranche erheblich. Diese L\u00f6sung richtet sich an Firmen, die ihre Lagertechnik ressourcenschonend aktualisieren wollen, w\u00e4hrend Stabilit\u00e4t und Tragf\u00e4higkeit uneingeschr\u00e4nkt erhalten bleiben. Die neuen Bauteile lassen sich modular nachr\u00fcsten und liefern eine transparente Dokumentation zur Emissionsreduzierung bei konstanten Anschaffungskosten und Montagezeiten.<\/p>\n<h2><span class=\"ez-toc-section\" id=\"emissionstransparenz-und-standardqualitaet-vereint-in-neuen-co-reduzierten-raecks-regalkomponenten\"><\/span>Emissionstransparenz und Standardqualit\u00e4t vereint in neuen CO?-reduzierten RAECKS Regalkomponenten<span class=\"ez-toc-section-end\"><\/span><\/h2>\n<p>RAECKS setzt mit thyssenkrupp Schulte auf CO?-optimierten Stahl f\u00fcr Regaltr\u00e4ger, Stiele und Kragarme, um eine umweltfreundliche Lagertechnik zu bieten. In technischen Tests haben die Komponenten die gleichen Lastgrenzen und Sicherheitsfaktoren wie die bisherigen Produkte erreicht. Die durch CO?-Einsparungen erzielten Effekte werden transparent in Emissionsberichten dargelegt. Kunden k\u00f6nnen die neuen Bauteile ohne Mehrpreis einsetzen, nahtlos in bestehende Systeme integrieren und ihre Nachhaltigkeitsbilanz verbessern. Dieses Konzept entspricht ESG-Richtlinien und f\u00f6rdert gr\u00fcne Lieferketten.<\/p>\n<h2><span class=\"ez-toc-section\" id=\"effiziente-lagerloesungen-mit-reduziertem-co-fussabdruck-zum-identischen-preis-erhaeltlich\"><\/span>Effiziente Lagerl\u00f6sungen mit reduziertem CO?-Fu\u00dfabdruck zum identischen Preis erh\u00e4ltlich<span class=\"ez-toc-section-end\"><\/span><\/h2>\n<p>RAECKS hat sein Lagerportfolio um CO2-reduzierte Komponenten erweitert, die ohne Aufpreis erh\u00e4ltlich sind und identische Traglasten garantieren. Firmen k\u00f6nnen diese Regalteile direkt in ihre bestehenden Systeme integrieren, sodass Planung oder Montageabl\u00e4ufe nicht angepasst werden m\u00fcssen. Dadurch verringert sich die CO2-Bilanz der Lagertechnik messbar. Mit diesem Angebot unterst\u00fctzt RAECKSgreen Unternehmen dabei, ihre Nachhaltigkeitsberichte zu optimieren und ihre ESG-Kriterien konsequent umzusetzen. Ansatz f\u00f6rdert nachhaltiges Wirtschaften und betont das Engagement f\u00fcr gr\u00fcne Innovationen.<\/p>\n<h2><span class=\"ez-toc-section\" id=\"stahl-und-logistikexperten-tauschen-erfahrungen-auf-steel-community-day\"><\/span>Stahl- und Logistikexperten tauschen Erfahrungen auf Steel Community Day<span class=\"ez-toc-section-end\"><\/span><\/h2>\n<p>Der Steel Community Day in Gresten verband Expertenvortr\u00e4ge, praxisorientierten Austausch und innovative Impulse zu Stahl, Logistik und Lagertechnik in einem kompakten Format. Das Werk von Welser Profile diente als Veranstaltungsort f\u00fcr circa 300 Fachleute, die neue Technologien und Trends diskutierten. Unter der F\u00fchrung von Blogger Heinz Peter P\u00fclzl wurden konkrete Ans\u00e4tze zur Optimierung von Materialeffizienz besprochen und Strategien zur nachhaltigen CO?-Reduktion exemplarisch vorgestellt und mit den Teilnehmern kritisch reflektiert. vertieft.<\/p>\n<h2><span class=\"ez-toc-section\" id=\"oesterreichischer-markteintritt-raecks-integriert-modulare-systeme-effizient-in-lagerprozesse\"><\/span>\u00d6sterreichischer Markteintritt: RAECKS integriert modulare Systeme effizient in Lagerprozesse<span class=\"ez-toc-section-end\"><\/span><\/h2>\n<p>RAECKS erschlie\u00dft mit dem Markteintritt in \u00d6sterreich ein neues Marktsegment f\u00fcr modulare, langlebige und anpassbare Lagerl\u00f6sungen. Neben Fachbodenregalen und Palettenregalen umfasst das Sortiment Kragarmregale sowie Spezialausf\u00fchrungen. Gesch\u00e4ftsf\u00fchrer Bernhard Rackl betont, dass effiziente Lagertechnik auf verantwortungsbewussten Materialentscheidungen basiert. Kunden aus diversen Branchen sch\u00e4tzen die einfache Integration, hohe Belastbarkeit und langfristige Nachhaltigkeit der Komponenten. Die Systeme lassen sich ohne Mehraufwand nach individuellen Anforderungen konfigurieren und unterst\u00fctzen Unternehmensziele im Bereich Flexibilit\u00e4t und \u00d6kobilanz.<\/p>\n<h2><span class=\"ez-toc-section\" id=\"co-reduzierte-komponenten-aus-stahl-bieten-nachhaltige-lagerloesung-ohne-mehraufwand\"><\/span>CO?-reduzierte Komponenten aus Stahl bieten nachhaltige Lagerl\u00f6sung ohne Mehraufwand<span class=\"ez-toc-section-end\"><\/span><\/h2>\n<p>Das nachhaltige Lagerkonzept RAECKSgreen erm\u00f6glicht eine \u00f6konomisch attraktive Modernisierung vorhandener Regalsysteme mit CO?-reduzierten Bauteilen. Die bew\u00e4hrte Stabilit\u00e4t bleibt erhalten, w\u00e4hrend der \u00f6kologische Fu\u00dfabdruck signifikant sinkt. Nutzer profitieren von einem einfachen Austausch vorhandener Elemente und einem wartungsarmen Betrieb ohne Zusatzaufwand. Die L\u00f6sung unterst\u00fctzt Unternehmen bei der Erf\u00fcllung interner sowie gesetzlicher ESG-Klimaziele. Der Marktstart in \u00d6sterreich und die Pr\u00e4sentation auf dem Steel Community Day verdeutlichen das Engagement der RAECKS GmbH im DACH-Raum.<\/p>\n","protected":false},"excerpt":{"rendered":"<p>Zur Markteinf\u00fchrung offeriert RAECKS GmbH in \u00d6sterreich ein breites Sortiment modularer Lagerl\u00f6sungen unter dem Label RAECKSgreen. Fachboden-, Paletten- und Kragarmregale stehen nun mit CO?-reduzierten Bauteilen aus Stahl zur Verf\u00fcgung. Das modulare Design erm\u00f6glicht individuelle Konfigurationen, schnelle Montage und skalierbare Erweiterungen. Firmen profitieren von geringeren Emissionen, hoher Belastbarkeit und optimierter Raumnutzung. Die Bauteile weisen keine Preisaufschl\u00e4ge<\/p>\n<div class=\"read-more\"><a href=\"https:\/\/www.doppelklicker.de\/blog\/raecks-gmbh-zeigt-raecksgreen-thyssenkrupp-schulte-steel-community-day\/\" title=\"Jetzt alles lesen\">Jetzt alles lesen<\/a><\/div>\n","protected":false},"author":8,"featured_media":11496,"comment_status":"open","ping_status":"open","sticky":false,"template":"","format":"standard","meta":[],"categories":[3305],"tags":[],"yoast_head":"<!-- This site is optimized with the Yoast SEO plugin v18.2 - https:\/\/yoast.com\/wordpress\/plugins\/seo\/ -->\n<meta name=\"robots\" content=\"index, follow, max-snippet:-1, max-image-preview:large, max-video-preview:-1\" \/>\n<link rel=\"canonical\" href=\"https:\/\/www.doppelklicker.de\/blog\/raecks-gmbh-zeigt-raecksgreen-thyssenkrupp-schulte-steel-community-day\/\" \/>\n<meta property=\"og:locale\" content=\"de_DE\" \/>\n<meta property=\"og:type\" content=\"article\" \/>\n<meta property=\"og:title\" content=\"Modulare Regalsysteme unterst\u00fctzen \u00f6sterreichische Unternehmen bei ESG und Klimazielen\" \/>\n<meta property=\"og:description\" content=\"Zur Markteinf\u00fchrung offeriert RAECKS GmbH in \u00d6sterreich ein breites Sortiment modularer Lagerl\u00f6sungen unter dem Label RAECKSgreen. Fachboden-, Paletten- und Kragarmregale stehen nun mit CO?-reduzierten Bauteilen aus Stahl zur Verf\u00fcgung. Das modulare Design erm\u00f6glicht individuelle Konfigurationen, schnelle Montage und skalierbare Erweiterungen. Firmen profitieren von geringeren Emissionen, hoher Belastbarkeit und optimierter Raumnutzung. Die Bauteile weisen keine Preisaufschl\u00e4geJetzt alles lesen\" \/>\n<meta property=\"og:url\" content=\"https:\/\/www.doppelklicker.de\/blog\/raecks-gmbh-zeigt-raecksgreen-thyssenkrupp-schulte-steel-community-day\/\" \/>\n<meta property=\"og:site_name\" content=\"Aus Mainz.\" \/>\n<meta property=\"article:published_time\" content=\"2025-12-12T08:00:00+00:00\" \/>\n<meta property=\"og:image\" content=\"https:\/\/www.doppelklicker.de\/blog\/wp-content\/uploads\/2025\/11\/raecks-gmbh-startet-oesterreich-neuen-co-reduzierten-27101.jpg\" \/>\n\t<meta property=\"og:image:width\" content=\"1280\" \/>\n\t<meta property=\"og:image:height\" content=\"615\" \/>\n\t<meta property=\"og:image:type\" content=\"image\/jpeg\" \/>\n<meta name=\"twitter:card\" content=\"summary_large_image\" \/>\n<meta name=\"twitter:label1\" content=\"Verfasst von\" \/>\n\t<meta name=\"twitter:data1\" content=\"Iris Martin\" \/>\n\t<meta name=\"twitter:label2\" content=\"Gesch\u00e4tzte Lesezeit\" \/>\n\t<meta name=\"twitter:data2\" content=\"4 Minuten\" \/>\n<script type=\"application\/ld+json\" class=\"yoast-schema-graph\">{\"@context\":\"https:\/\/schema.org\",\"@graph\":[{\"@type\":\"WebSite\",\"@id\":\"https:\/\/www.doppelklicker.de\/blog\/#website\",\"url\":\"https:\/\/www.doppelklicker.de\/blog\/\",\"name\":\"Aus Mainz.\",\"description\":\"F\u00fcr die Welt.\",\"potentialAction\":[{\"@type\":\"SearchAction\",\"target\":{\"@type\":\"EntryPoint\",\"urlTemplate\":\"https:\/\/www.doppelklicker.de\/blog\/?s={search_term_string}\"},\"query-input\":\"required name=search_term_string\"}],\"inLanguage\":\"de-DE\"},{\"@type\":\"ImageObject\",\"@id\":\"https:\/\/www.doppelklicker.de\/blog\/raecks-gmbh-zeigt-raecksgreen-thyssenkrupp-schulte-steel-community-day\/#primaryimage\",\"inLanguage\":\"de-DE\",\"url\":\"https:\/\/www.doppelklicker.de\/blog\/wp-content\/uploads\/2025\/11\/raecks-gmbh-startet-oesterreich-neuen-co-reduzierten-27101.jpg\",\"contentUrl\":\"https:\/\/www.doppelklicker.de\/blog\/wp-content\/uploads\/2025\/11\/raecks-gmbh-startet-oesterreich-neuen-co-reduzierten-27101.jpg\",\"width\":1280,\"height\":615,\"caption\":\"Modulare Regalsysteme unterst\u00fctzen \u00f6sterreichische Unternehmen bei ESG und Klimazielen (Foto: RAECKS GmbH)\"},{\"@type\":\"WebPage\",\"@id\":\"https:\/\/www.doppelklicker.de\/blog\/raecks-gmbh-zeigt-raecksgreen-thyssenkrupp-schulte-steel-community-day\/#webpage\",\"url\":\"https:\/\/www.doppelklicker.de\/blog\/raecks-gmbh-zeigt-raecksgreen-thyssenkrupp-schulte-steel-community-day\/\",\"name\":\"Modulare Regalsysteme unterst\u00fctzen \u00f6sterreichische Unternehmen bei ESG und Klimazielen\",\"isPartOf\":{\"@id\":\"https:\/\/www.doppelklicker.de\/blog\/#website\"},\"primaryImageOfPage\":{\"@id\":\"https:\/\/www.doppelklicker.de\/blog\/raecks-gmbh-zeigt-raecksgreen-thyssenkrupp-schulte-steel-community-day\/#primaryimage\"},\"datePublished\":\"2025-12-12T08:00:00+00:00\",\"dateModified\":\"2025-12-12T08:00:00+00:00\",\"author\":{\"@id\":\"https:\/\/www.doppelklicker.de\/blog\/#\/schema\/person\/08dcac172bdb025e8ff433488184668a\"},\"breadcrumb\":{\"@id\":\"https:\/\/www.doppelklicker.de\/blog\/raecks-gmbh-zeigt-raecksgreen-thyssenkrupp-schulte-steel-community-day\/#breadcrumb\"},\"inLanguage\":\"de-DE\",\"potentialAction\":[{\"@type\":\"ReadAction\",\"target\":[\"https:\/\/www.doppelklicker.de\/blog\/raecks-gmbh-zeigt-raecksgreen-thyssenkrupp-schulte-steel-community-day\/\"]}]},{\"@type\":\"BreadcrumbList\",\"@id\":\"https:\/\/www.doppelklicker.de\/blog\/raecks-gmbh-zeigt-raecksgreen-thyssenkrupp-schulte-steel-community-day\/#breadcrumb\",\"itemListElement\":[{\"@type\":\"ListItem\",\"position\":1,\"name\":\"Startseite\",\"item\":\"https:\/\/www.doppelklicker.de\/blog\/\"},{\"@type\":\"ListItem\",\"position\":2,\"name\":\"Modulare Regalsysteme unterst\u00fctzen \u00f6sterreichische Unternehmen bei ESG und Klimazielen\"}]},{\"@type\":\"Person\",\"@id\":\"https:\/\/www.doppelklicker.de\/blog\/#\/schema\/person\/08dcac172bdb025e8ff433488184668a\",\"name\":\"Iris Martin\",\"image\":{\"@type\":\"ImageObject\",\"@id\":\"https:\/\/www.doppelklicker.de\/blog\/#personlogo\",\"inLanguage\":\"de-DE\",\"url\":\"https:\/\/secure.gravatar.com\/avatar\/82fdaa093be0b9686b531f99fcb54d15?s=96&d=wp_user_avatar&r=g\",\"contentUrl\":\"https:\/\/secure.gravatar.com\/avatar\/82fdaa093be0b9686b531f99fcb54d15?s=96&d=wp_user_avatar&r=g\",\"caption\":\"Iris Martin\"},\"url\":\"https:\/\/www.doppelklicker.de\/blog\/author\/iris-martin\/\"}]}<\/script>\n<!-- \/ Yoast SEO plugin. -->","yoast_head_json":{"robots":{"index":"index","follow":"follow","max-snippet":"max-snippet:-1","max-image-preview":"max-image-preview:large","max-video-preview":"max-video-preview:-1"},"canonical":"https:\/\/www.doppelklicker.de\/blog\/raecks-gmbh-zeigt-raecksgreen-thyssenkrupp-schulte-steel-community-day\/","og_locale":"de_DE","og_type":"article","og_title":"Modulare Regalsysteme unterst\u00fctzen \u00f6sterreichische Unternehmen bei ESG und Klimazielen","og_description":"Zur Markteinf\u00fchrung offeriert RAECKS GmbH in \u00d6sterreich ein breites Sortiment modularer Lagerl\u00f6sungen unter dem Label RAECKSgreen. Fachboden-, Paletten- und Kragarmregale stehen nun mit CO?-reduzierten Bauteilen aus Stahl zur Verf\u00fcgung. Das modulare Design erm\u00f6glicht individuelle Konfigurationen, schnelle Montage und skalierbare Erweiterungen. Firmen profitieren von geringeren Emissionen, hoher Belastbarkeit und optimierter Raumnutzung. Die Bauteile weisen keine Preisaufschl\u00e4geJetzt alles lesen","og_url":"https:\/\/www.doppelklicker.de\/blog\/raecks-gmbh-zeigt-raecksgreen-thyssenkrupp-schulte-steel-community-day\/","og_site_name":"Aus Mainz.","article_published_time":"2025-12-12T08:00:00+00:00","og_image":[{"width":1280,"height":615,"url":"https:\/\/www.doppelklicker.de\/blog\/wp-content\/uploads\/2025\/11\/raecks-gmbh-startet-oesterreich-neuen-co-reduzierten-27101.jpg","type":"image\/jpeg"}],"twitter_card":"summary_large_image","twitter_misc":{"Verfasst von":"Iris Martin","Gesch\u00e4tzte Lesezeit":"4 Minuten"},"schema":{"@context":"https:\/\/schema.org","@graph":[{"@type":"WebSite","@id":"https:\/\/www.doppelklicker.de\/blog\/#website","url":"https:\/\/www.doppelklicker.de\/blog\/","name":"Aus Mainz.","description":"F\u00fcr die Welt.","potentialAction":[{"@type":"SearchAction","target":{"@type":"EntryPoint","urlTemplate":"https:\/\/www.doppelklicker.de\/blog\/?s={search_term_string}"},"query-input":"required name=search_term_string"}],"inLanguage":"de-DE"},{"@type":"ImageObject","@id":"https:\/\/www.doppelklicker.de\/blog\/raecks-gmbh-zeigt-raecksgreen-thyssenkrupp-schulte-steel-community-day\/#primaryimage","inLanguage":"de-DE","url":"https:\/\/www.doppelklicker.de\/blog\/wp-content\/uploads\/2025\/11\/raecks-gmbh-startet-oesterreich-neuen-co-reduzierten-27101.jpg","contentUrl":"https:\/\/www.doppelklicker.de\/blog\/wp-content\/uploads\/2025\/11\/raecks-gmbh-startet-oesterreich-neuen-co-reduzierten-27101.jpg","width":1280,"height":615,"caption":"Modulare Regalsysteme unterst\u00fctzen \u00f6sterreichische Unternehmen bei ESG und Klimazielen (Foto: RAECKS GmbH)"},{"@type":"WebPage","@id":"https:\/\/www.doppelklicker.de\/blog\/raecks-gmbh-zeigt-raecksgreen-thyssenkrupp-schulte-steel-community-day\/#webpage","url":"https:\/\/www.doppelklicker.de\/blog\/raecks-gmbh-zeigt-raecksgreen-thyssenkrupp-schulte-steel-community-day\/","name":"Modulare Regalsysteme unterst\u00fctzen \u00f6sterreichische Unternehmen bei ESG und Klimazielen","isPartOf":{"@id":"https:\/\/www.doppelklicker.de\/blog\/#website"},"primaryImageOfPage":{"@id":"https:\/\/www.doppelklicker.de\/blog\/raecks-gmbh-zeigt-raecksgreen-thyssenkrupp-schulte-steel-community-day\/#primaryimage"},"datePublished":"2025-12-12T08:00:00+00:00","dateModified":"2025-12-12T08:00:00+00:00","author":{"@id":"https:\/\/www.doppelklicker.de\/blog\/#\/schema\/person\/08dcac172bdb025e8ff433488184668a"},"breadcrumb":{"@id":"https:\/\/www.doppelklicker.de\/blog\/raecks-gmbh-zeigt-raecksgreen-thyssenkrupp-schulte-steel-community-day\/#breadcrumb"},"inLanguage":"de-DE","potentialAction":[{"@type":"ReadAction","target":["https:\/\/www.doppelklicker.de\/blog\/raecks-gmbh-zeigt-raecksgreen-thyssenkrupp-schulte-steel-community-day\/"]}]},{"@type":"BreadcrumbList","@id":"https:\/\/www.doppelklicker.de\/blog\/raecks-gmbh-zeigt-raecksgreen-thyssenkrupp-schulte-steel-community-day\/#breadcrumb","itemListElement":[{"@type":"ListItem","position":1,"name":"Startseite","item":"https:\/\/www.doppelklicker.de\/blog\/"},{"@type":"ListItem","position":2,"name":"Modulare Regalsysteme unterst\u00fctzen \u00f6sterreichische Unternehmen bei ESG und Klimazielen"}]},{"@type":"Person","@id":"https:\/\/www.doppelklicker.de\/blog\/#\/schema\/person\/08dcac172bdb025e8ff433488184668a","name":"Iris Martin","image":{"@type":"ImageObject","@id":"https:\/\/www.doppelklicker.de\/blog\/#personlogo","inLanguage":"de-DE","url":"https:\/\/secure.gravatar.com\/avatar\/82fdaa093be0b9686b531f99fcb54d15?s=96&d=wp_user_avatar&r=g","contentUrl":"https:\/\/secure.gravatar.com\/avatar\/82fdaa093be0b9686b531f99fcb54d15?s=96&d=wp_user_avatar&r=g","caption":"Iris Martin"},"url":"https:\/\/www.doppelklicker.de\/blog\/author\/iris-martin\/"}]}},"_links":{"self":[{"href":"https:\/\/www.doppelklicker.de\/blog\/wp-json\/wp\/v2\/posts\/11483"}],"collection":[{"href":"https:\/\/www.doppelklicker.de\/blog\/wp-json\/wp\/v2\/posts"}],"about":[{"href":"https:\/\/www.doppelklicker.de\/blog\/wp-json\/wp\/v2\/types\/post"}],"author":[{"embeddable":true,"href":"https:\/\/www.doppelklicker.de\/blog\/wp-json\/wp\/v2\/users\/8"}],"replies":[{"embeddable":true,"href":"https:\/\/www.doppelklicker.de\/blog\/wp-json\/wp\/v2\/comments?post=11483"}],"version-history":[{"count":0,"href":"https:\/\/www.doppelklicker.de\/blog\/wp-json\/wp\/v2\/posts\/11483\/revisions"}],"wp:featuredmedia":[{"embeddable":true,"href":"https:\/\/www.doppelklicker.de\/blog\/wp-json\/wp\/v2\/media\/11496"}],"wp:attachment":[{"href":"https:\/\/www.doppelklicker.de\/blog\/wp-json\/wp\/v2\/media?parent=11483"}],"wp:term":[{"taxonomy":"category","embeddable":true,"href":"https:\/\/www.doppelklicker.de\/blog\/wp-json\/wp\/v2\/categories?post=11483"},{"taxonomy":"post_tag","embeddable":true,"href":"https:\/\/www.doppelklicker.de\/blog\/wp-json\/wp\/v2\/tags?post=11483"}],"curies":[{"name":"wp","href":"https:\/\/api.w.org\/{rel}","templated":true}]}}