{"id":11505,"date":"2025-12-15T10:00:00","date_gmt":"2025-12-15T08:00:00","guid":{"rendered":"guid"},"modified":"2025-11-30T12:20:18","modified_gmt":"2025-11-30T12:20:18","slug":"ihk-ostwuerttemberg-otto-rieger-preis-mapal-zeiss-oberkochen","status":"publish","type":"post","link":"https:\/\/www.doppelklicker.de\/blog\/ihk-ostwuerttemberg-otto-rieger-preis-mapal-zeiss-oberkochen\/","title":{"rendered":"IHK Ostw\u00fcrttemberg st\u00e4rkt regionale Netzwerke f\u00fcr junge erfolgreiche Berufskarrieren"},"content":{"rendered":"<p>Die besten Absolventen der dualen Ausbildung versammelten sich am 25. November 2025 im Congress Centrum Stadtgarten Schw\u00e4bisch Gm\u00fcnd, wo die IHK Ostw\u00fcrttemberg sie f\u00fcr ihre hervorragenden Ergebnisse ehrte. Industriekauffrau Laura Wettemann wurde mit dem Otto-Rieger-Preis ausgezeichnet. Ebenso erhielten Constantin Kehrer von ZEISS Oberkochen und Leon Meyer von Alfa GmbH Ellwangen Auszeichnungen f\u00fcr ihre bundesweit f\u00fchrenden Abschlussleistungen. Die Veranstaltung st\u00e4rkt das positive Image der dualen Ausbildungswege in der Region erheblich sichtbar.<br \/>\n<!--more--><\/p>\n<div id=\"ez-toc-container\" class=\"ez-toc-v2_0_16 counter-hierarchy\">\n<div class=\"ez-toc-title-container\">\n<p class=\"ez-toc-title\">Inhaltsverzeichnis: Das erwartet Sie in diesem Artikel<\/p>\n<span class=\"ez-toc-title-toggle\"><a class=\"ez-toc-pull-right ez-toc-btn ez-toc-btn-xs ez-toc-btn-default ez-toc-toggle\" style=\"display: none;\"><i class=\"ez-toc-glyphicon ez-toc-icon-toggle\"><\/i><\/a><\/span><\/div>\n<nav><ul class=\"ez-toc-list ez-toc-list-level-1\"><li class=\"ez-toc-page-1 ez-toc-heading-level-2\"><a class=\"ez-toc-link ez-toc-heading-1\" href=\"https:\/\/www.doppelklicker.de\/blog\/ihk-ostwuerttemberg-otto-rieger-preis-mapal-zeiss-oberkochen\/#berufserfolg-durch-duale-ausbildung-wettemann-kehrer-meyer-als-beweis\" title=\"Berufserfolg durch duale Ausbildung: Wettemann, Kehrer, Meyer als Beweis\">Berufserfolg durch duale Ausbildung: Wettemann, Kehrer, Meyer als Beweis<\/a><\/li><li class=\"ez-toc-page-1 ez-toc-heading-level-2\"><a class=\"ez-toc-link ez-toc-heading-2\" href=\"https:\/\/www.doppelklicker.de\/blog\/ihk-ostwuerttemberg-otto-rieger-preis-mapal-zeiss-oberkochen\/#clickconcepts-mediengestalter-mathis-jaumann-ueberzeugt-auch-bei-ihk-pruefung-auf-bundesebene\" title=\"CLICKCONCEPTS-Mediengestalter Mathis Jaumann \u00fcberzeugt auch bei IHK-Pr\u00fcfung auf Bundesebene\">CLICKCONCEPTS-Mediengestalter Mathis Jaumann \u00fcberzeugt auch bei IHK-Pr\u00fcfung auf Bundesebene<\/a><\/li><li class=\"ez-toc-page-1 ez-toc-heading-level-2\"><a class=\"ez-toc-link ez-toc-heading-3\" href=\"https:\/\/www.doppelklicker.de\/blog\/ihk-ostwuerttemberg-otto-rieger-preis-mapal-zeiss-oberkochen\/#700-prueflinge-stellen-kompetenz-in-130-ausbildungsberufen-unter-beweis\" title=\"700 Pr\u00fcflinge stellen Kompetenz in 130 Ausbildungsberufen unter Beweis\">700 Pr\u00fcflinge stellen Kompetenz in 130 Ausbildungsberufen unter Beweis<\/a><\/li><li class=\"ez-toc-page-1 ez-toc-heading-level-2\"><a class=\"ez-toc-link ez-toc-heading-4\" href=\"https:\/\/www.doppelklicker.de\/blog\/ihk-ostwuerttemberg-otto-rieger-preis-mapal-zeiss-oberkochen\/#rentschler-ersieht-solide-ausbildung-als-herzstueck-ostwuerttembergischer-regionaler-zukunftsoffensive\" title=\"Rentschler ersieht solide Ausbildung als Herzst\u00fcck ostw\u00fcrttembergischer regionaler Zukunftsoffensive\">Rentschler ersieht solide Ausbildung als Herzst\u00fcck ostw\u00fcrttembergischer regionaler Zukunftsoffensive<\/a><\/li><li class=\"ez-toc-page-1 ez-toc-heading-level-2\"><a class=\"ez-toc-link ez-toc-heading-5\" href=\"https:\/\/www.doppelklicker.de\/blog\/ihk-ostwuerttemberg-otto-rieger-preis-mapal-zeiss-oberkochen\/#danke-an-ausbilder-und-unternehmen-fuer-erfolgreiche-ausbildungskonzepte-herzlich\" title=\"Danke an Ausbilder und Unternehmen f\u00fcr erfolgreiche Ausbildungskonzepte herzlich\">Danke an Ausbilder und Unternehmen f\u00fcr erfolgreiche Ausbildungskonzepte herzlich<\/a><\/li><li class=\"ez-toc-page-1 ez-toc-heading-level-2\"><a class=\"ez-toc-link ez-toc-heading-6\" href=\"https:\/\/www.doppelklicker.de\/blog\/ihk-ostwuerttemberg-otto-rieger-preis-mapal-zeiss-oberkochen\/#besondere-wuerdigung-bestnote-praemiert-otto-rieger-stiftung-mit-pokal-und-geldpreis\" title=\"Besondere W\u00fcrdigung: Bestnote pr\u00e4miert Otto-Rieger-Stiftung mit Pokal und Geldpreis\">Besondere W\u00fcrdigung: Bestnote pr\u00e4miert Otto-Rieger-Stiftung mit Pokal und Geldpreis<\/a><\/li><li class=\"ez-toc-page-1 ez-toc-heading-level-2\"><a class=\"ez-toc-link ez-toc-heading-7\" href=\"https:\/\/www.doppelklicker.de\/blog\/ihk-ostwuerttemberg-otto-rieger-preis-mapal-zeiss-oberkochen\/#otto-rieger-stiftung-foerdert-bereits-seit-fuenf-jahrzehnten-jugendliche-talente-erfolgreich\" title=\"Otto-Rieger-Stiftung f\u00f6rdert bereits seit f\u00fcnf Jahrzehnten jugendliche Talente erfolgreich\">Otto-Rieger-Stiftung f\u00f6rdert bereits seit f\u00fcnf Jahrzehnten jugendliche Talente erfolgreich<\/a><\/li><\/ul><\/nav><\/div>\n<h2><span class=\"ez-toc-section\" id=\"berufserfolg-durch-duale-ausbildung-wettemann-kehrer-meyer-als-beweis\"><\/span>Berufserfolg durch duale Ausbildung: Wettemann, Kehrer, Meyer als Beweis<span class=\"ez-toc-section-end\"><\/span><\/h2>\n<div id=\"attachment_11493\" style=\"width: 760px\" class=\"wp-caption alignleft\"><img aria-describedby=\"caption-attachment-11493\" loading=\"lazy\" src=\"https:\/\/www.doppelklicker.de\/wp-content\/uploads\/2025\/11\/belobigungen-27096.jpg\" alt=\"308 Absolventinnen und Absolventen erhielten Preise und Belobigungen (Foto: IHK Ostw&uuml;rttemberg\/Max Walter)\" width=\"750\" height=\"600\" class=\"size-full wp-image-11493\" \/><p id=\"caption-attachment-11493\" class=\"wp-caption-text\">308 Absolventinnen und Absolventen erhielten Preise und Belobigungen (Foto: IHK Ostw\u00fcrttemberg\/Max Walter)<\/p><\/div>\n<p>Laura Wettemann von MAPAL wurde von der IHK Ostw\u00fcrttemberg als punktbeste Absolventin im Ausbildungsberuf Industriekauffrau mit dem Otto-Rieger-Preis f\u00fcr ihre herausragende Pr\u00fcfungsleistung pr\u00e4miert. Zwei weitere Spitzentalente, Constantin Kehrer im Beruf Feinoptiker bei ZEISS Oberkochen und Leon Meyer als Fachinformatiker Anwendungsentwicklung bei Alfa GmbH Ellwangen, wurden als Landesbeste geehrt und z\u00e4hlen aufgrund ihrer exzellenten Ergebnisse ebenfalls zu den deutschlandweit f\u00fchrenden Nachwuchskr\u00e4ften. Die Anerkennung betont Engagement, f\u00f6rdert Talente und st\u00e4rkt regionale Partnerschaften.<\/p>\n<h2><span class=\"ez-toc-section\" id=\"clickconcepts-mediengestalter-mathis-jaumann-ueberzeugt-auch-bei-ihk-pruefung-auf-bundesebene\"><\/span>CLICKCONCEPTS-Mediengestalter Mathis Jaumann \u00fcberzeugt auch bei IHK-Pr\u00fcfung auf Bundesebene<span class=\"ez-toc-section-end\"><\/span><\/h2>\n<p>Daraufhin wurden f\u00fcnf Absolventen von der IHK Ostw\u00fcrttemberg f\u00fcr Top-Ergebnisse feierlich ausgezeichnet. Neben den Bundesbesten Constantin Kehrer und Leon Meyer erhielten Jan Malte Brinkmann von Bikesnboards Schw\u00e4bisch Gm\u00fcnd (Zweiradmechatroniker Fahrradtechnik), Smilla Jacobsen von Thalia Deutschland GmbH Heidenheim (Buchh\u00e4ndlerin), Mathis Jaumann von CLICKCONCEPTS GmbH Ellwangen (Mediengestalter Bild und Ton), Yannick Elias Schlicht von expert Schlagenhauf GmbH Ellwangen (Kaufmann E-Commerce) und Stefanos Tziortzidis von BSH Hausger\u00e4te GmbH Giengen (Maschinen- und Anlagenf\u00fchrer) Preise.<\/p>\n<h2><span class=\"ez-toc-section\" id=\"700-prueflinge-stellen-kompetenz-in-130-ausbildungsberufen-unter-beweis\"><\/span>700 Pr\u00fcflinge stellen Kompetenz in 130 Ausbildungsberufen unter Beweis<span class=\"ez-toc-section-end\"><\/span><\/h2>\n<p>Die Pr\u00fcfungen im Winter- und Sommerhalbjahr 2025 brachten rund 1.700 Auszubildende zusammen, die ihre Qualifikationen in f\u00fcnfzig kaufm\u00e4nnischen und achtzig gewerblich-technischen Berufen unter Beweis stellten. Diese Leistungsdichte zeigt die Attraktivit\u00e4t dualer Ausbildungsmuster. IHK-Pr\u00e4sident Markus Maier wies darauf hin, dass die Kombination aus Betriebserfahrung und schulischem Lernen in der dualen Ausbildung eine best\u00e4ndige Grundlage f\u00fcr erfolgreiche berufliche Entwicklungen bietet. Sie f\u00f6rdert praxisnahe Kompetenzen, st\u00e4rkt das Fachwissen und sichert deutliche wichtige Zukunftsschancen.<\/p>\n<h2><span class=\"ez-toc-section\" id=\"rentschler-ersieht-solide-ausbildung-als-herzstueck-ostwuerttembergischer-regionaler-zukunftsoffensive\"><\/span>Rentschler ersieht solide Ausbildung als Herzst\u00fcck ostw\u00fcrttembergischer regionaler Zukunftsoffensive<span class=\"ez-toc-section-end\"><\/span><\/h2>\n<p>Hauptgesch\u00e4ftsf\u00fchrer Thilo Rentschler hob hervor, dass eine solide duale Ausbildung unverzichtbar ist, um junge Talente fachlich und pers\u00f6nlich weiterzuentwickeln und gleichzeitig den Fachkr\u00e4ftebedarf in Ostw\u00fcrttemberg langfristig zu decken. Er stellte heraus, dass diese Ausbildung das Herzst\u00fcck der Zukunftsoffensive der Region bildet und als Grundpfeiler im Masterplan verankert ist, um wesentliche Projekte im Bereich Energiewende, Automobil-Transformation, Infrastrukturverbesserung und Aufbau eines Innovations\u00f6kosystems effektiv voranzutreiben.<\/p>\n<h2><span class=\"ez-toc-section\" id=\"danke-an-ausbilder-und-unternehmen-fuer-erfolgreiche-ausbildungskonzepte-herzlich\"><\/span>Danke an Ausbilder und Unternehmen f\u00fcr erfolgreiche Ausbildungskonzepte herzlich<span class=\"ez-toc-section-end\"><\/span><\/h2>\n<p>Im Zuge der Veranstaltung unterstrich B\u00fcrgermeister Christian Baron, dass echte Begeisterung und Freude bei der Ausf\u00fchrung beruflicher Aufgaben langfristig die Leistungsf\u00e4higkeit steigern und den Weg f\u00fcr erfolgreiche Karrieren ebnen. Landrat Dr. Joachim Bl\u00e4se erg\u00e4nzte, dass eine systemisch orientierte Ausbildung neben praxisnahen Inhalten auch soziale Kompetenzen entwickle und so einen Beitrag zur nachhaltigen Fachkr\u00e4ftesicherung und innovativen Unternehmensentwicklung leiste. Beide bedankten sich abschlie\u00dfend bei Ausbildern, Ausbildungsbetrieben und Kooperationspartnern f\u00fcr deren gro\u00dfes Engagement.<\/p>\n<h2><span class=\"ez-toc-section\" id=\"besondere-wuerdigung-bestnote-praemiert-otto-rieger-stiftung-mit-pokal-und-geldpreis\"><\/span>Besondere W\u00fcrdigung: Bestnote pr\u00e4miert Otto-Rieger-Stiftung mit Pokal und Geldpreis<span class=\"ez-toc-section-end\"><\/span><\/h2>\n<p>Die Otto-Rieger-Stiftung w\u00fcrdigte zum achten Mal die herausragendste Pr\u00fcfungsleistung einer dualen Ausbildung. Laura Wettemann, angehende Industriekauffrau bei MAPAL Dr. Kress SE &#038; Co. KG Aalen, nahm ein Preisgeld von 2.000 Euro sowie einen kunstvoll gestalteten, goldfarbenen Pokal entgegen. Bereits seit f\u00fcnfzig Jahren unerm\u00fcdlich ma\u00dfgeblich unterst\u00fctzt die nach Otto Rieger von der Rieger &#038; Dietz GmbH u. Co. KG benannte Stiftung junge Talente im kaufm\u00e4nnischen Bereich ideell, fachlich, finanziell und nachhaltig.<\/p>\n<h2><span class=\"ez-toc-section\" id=\"otto-rieger-stiftung-foerdert-bereits-seit-fuenf-jahrzehnten-jugendliche-talente-erfolgreich\"><\/span>Otto-Rieger-Stiftung f\u00f6rdert bereits seit f\u00fcnf Jahrzehnten jugendliche Talente erfolgreich<span class=\"ez-toc-section-end\"><\/span><\/h2>\n<p>Durch die Verleihung dualer Ausbildungsabschl\u00fcsse in Schw\u00e4bisch Gm\u00fcnd stellt die IHK Ostw\u00fcrttemberg heraus, wie berufliche Praxisvermittlung und das Engagement junger Menschen zusammenwirken, um k\u00fcnftige Fachkr\u00e4fte zu qualifizieren. Ausgezeichnete Absolventen werden mit Geldpr\u00e4mien honoriert und erhalten Zugang zu regionalen Unternehmensnetzwerken. Die enge Kooperation zwischen Ausbildungsbetrieben, Bildungseinrichtungen und Kammer schafft praxisnahe Lernbedingungen sowie Mentoring-Angebote und sichert so langfristig qualifizierte Arbeitskr\u00e4fte f\u00fcr die Wirtschaft vor Ort und st\u00e4rkt gezielt die regionale Innovationskraft effizient.<\/p>\n","protected":false},"excerpt":{"rendered":"<p>Die besten Absolventen der dualen Ausbildung versammelten sich am 25. November 2025 im Congress Centrum Stadtgarten Schw\u00e4bisch Gm\u00fcnd, wo die IHK Ostw\u00fcrttemberg sie f\u00fcr ihre hervorragenden Ergebnisse ehrte. Industriekauffrau Laura Wettemann wurde mit dem Otto-Rieger-Preis ausgezeichnet. Ebenso erhielten Constantin Kehrer von ZEISS Oberkochen und Leon Meyer von Alfa GmbH Ellwangen Auszeichnungen f\u00fcr ihre bundesweit f\u00fchrenden<\/p>\n<div class=\"read-more\"><a href=\"https:\/\/www.doppelklicker.de\/blog\/ihk-ostwuerttemberg-otto-rieger-preis-mapal-zeiss-oberkochen\/\" title=\"Jetzt alles lesen\">Jetzt alles lesen<\/a><\/div>\n","protected":false},"author":8,"featured_media":11494,"comment_status":"open","ping_status":"open","sticky":false,"template":"","format":"standard","meta":[],"categories":[3305],"tags":[],"yoast_head":"<!-- This site is optimized with the Yoast SEO plugin v18.2 - https:\/\/yoast.com\/wordpress\/plugins\/seo\/ -->\n<meta name=\"robots\" content=\"index, follow, max-snippet:-1, max-image-preview:large, max-video-preview:-1\" \/>\n<link rel=\"canonical\" href=\"https:\/\/www.doppelklicker.de\/blog\/ihk-ostwuerttemberg-otto-rieger-preis-mapal-zeiss-oberkochen\/\" \/>\n<meta property=\"og:locale\" content=\"de_DE\" \/>\n<meta property=\"og:type\" content=\"article\" \/>\n<meta property=\"og:title\" content=\"IHK Ostw\u00fcrttemberg st\u00e4rkt regionale Netzwerke f\u00fcr junge erfolgreiche Berufskarrieren\" \/>\n<meta property=\"og:description\" content=\"Die besten Absolventen der dualen Ausbildung versammelten sich am 25. November 2025 im Congress Centrum Stadtgarten Schw\u00e4bisch Gm\u00fcnd, wo die IHK Ostw\u00fcrttemberg sie f\u00fcr ihre hervorragenden Ergebnisse ehrte. Industriekauffrau Laura Wettemann wurde mit dem Otto-Rieger-Preis ausgezeichnet. Ebenso erhielten Constantin Kehrer von ZEISS Oberkochen und Leon Meyer von Alfa GmbH Ellwangen Auszeichnungen f\u00fcr ihre bundesweit f\u00fchrendenJetzt alles lesen\" \/>\n<meta property=\"og:url\" content=\"https:\/\/www.doppelklicker.de\/blog\/ihk-ostwuerttemberg-otto-rieger-preis-mapal-zeiss-oberkochen\/\" \/>\n<meta property=\"og:site_name\" content=\"Aus Mainz.\" \/>\n<meta property=\"article:published_time\" content=\"2025-12-15T08:00:00+00:00\" \/>\n<meta property=\"article:modified_time\" content=\"2025-11-30T12:20:18+00:00\" \/>\n<meta property=\"og:image\" content=\"https:\/\/www.doppelklicker.de\/blog\/wp-content\/uploads\/2025\/11\/ihk-ostwuerttemberg-zeichnet-duale-jahresspitzenleistungen-im-congress-centrum.jpg\" \/>\n\t<meta property=\"og:image:width\" content=\"1280\" \/>\n\t<meta property=\"og:image:height\" content=\"615\" \/>\n\t<meta property=\"og:image:type\" content=\"image\/jpeg\" \/>\n<meta name=\"twitter:card\" content=\"summary_large_image\" \/>\n<meta name=\"twitter:label1\" content=\"Verfasst von\" \/>\n\t<meta name=\"twitter:data1\" content=\"Iris Martin\" \/>\n\t<meta name=\"twitter:label2\" content=\"Gesch\u00e4tzte Lesezeit\" \/>\n\t<meta name=\"twitter:data2\" content=\"4 Minuten\" \/>\n<script type=\"application\/ld+json\" class=\"yoast-schema-graph\">{\"@context\":\"https:\/\/schema.org\",\"@graph\":[{\"@type\":\"WebSite\",\"@id\":\"https:\/\/www.doppelklicker.de\/blog\/#website\",\"url\":\"https:\/\/www.doppelklicker.de\/blog\/\",\"name\":\"Aus Mainz.\",\"description\":\"F\u00fcr die Welt.\",\"potentialAction\":[{\"@type\":\"SearchAction\",\"target\":{\"@type\":\"EntryPoint\",\"urlTemplate\":\"https:\/\/www.doppelklicker.de\/blog\/?s={search_term_string}\"},\"query-input\":\"required name=search_term_string\"}],\"inLanguage\":\"de-DE\"},{\"@type\":\"ImageObject\",\"@id\":\"https:\/\/www.doppelklicker.de\/blog\/ihk-ostwuerttemberg-otto-rieger-preis-mapal-zeiss-oberkochen\/#primaryimage\",\"inLanguage\":\"de-DE\",\"url\":\"https:\/\/www.doppelklicker.de\/blog\/wp-content\/uploads\/2025\/11\/ihk-ostwuerttemberg-zeichnet-duale-jahresspitzenleistungen-im-congress-centrum.jpg\",\"contentUrl\":\"https:\/\/www.doppelklicker.de\/blog\/wp-content\/uploads\/2025\/11\/ihk-ostwuerttemberg-zeichnet-duale-jahresspitzenleistungen-im-congress-centrum.jpg\",\"width\":1280,\"height\":615,\"caption\":\"IHK Ostw\u00fcrttemberg st\u00e4rkt regionale Netzwerke f\u00fcr junge erfolgreiche Berufskarrieren (Foto: IHK Ostw\u00fcrttemberg\/Max Walter)\"},{\"@type\":\"WebPage\",\"@id\":\"https:\/\/www.doppelklicker.de\/blog\/ihk-ostwuerttemberg-otto-rieger-preis-mapal-zeiss-oberkochen\/#webpage\",\"url\":\"https:\/\/www.doppelklicker.de\/blog\/ihk-ostwuerttemberg-otto-rieger-preis-mapal-zeiss-oberkochen\/\",\"name\":\"IHK Ostw\u00fcrttemberg st\u00e4rkt regionale Netzwerke f\u00fcr junge erfolgreiche Berufskarrieren\",\"isPartOf\":{\"@id\":\"https:\/\/www.doppelklicker.de\/blog\/#website\"},\"primaryImageOfPage\":{\"@id\":\"https:\/\/www.doppelklicker.de\/blog\/ihk-ostwuerttemberg-otto-rieger-preis-mapal-zeiss-oberkochen\/#primaryimage\"},\"datePublished\":\"2025-12-15T08:00:00+00:00\",\"dateModified\":\"2025-11-30T12:20:18+00:00\",\"author\":{\"@id\":\"https:\/\/www.doppelklicker.de\/blog\/#\/schema\/person\/08dcac172bdb025e8ff433488184668a\"},\"breadcrumb\":{\"@id\":\"https:\/\/www.doppelklicker.de\/blog\/ihk-ostwuerttemberg-otto-rieger-preis-mapal-zeiss-oberkochen\/#breadcrumb\"},\"inLanguage\":\"de-DE\",\"potentialAction\":[{\"@type\":\"ReadAction\",\"target\":[\"https:\/\/www.doppelklicker.de\/blog\/ihk-ostwuerttemberg-otto-rieger-preis-mapal-zeiss-oberkochen\/\"]}]},{\"@type\":\"BreadcrumbList\",\"@id\":\"https:\/\/www.doppelklicker.de\/blog\/ihk-ostwuerttemberg-otto-rieger-preis-mapal-zeiss-oberkochen\/#breadcrumb\",\"itemListElement\":[{\"@type\":\"ListItem\",\"position\":1,\"name\":\"Startseite\",\"item\":\"https:\/\/www.doppelklicker.de\/blog\/\"},{\"@type\":\"ListItem\",\"position\":2,\"name\":\"IHK Ostw\u00fcrttemberg st\u00e4rkt regionale Netzwerke f\u00fcr junge erfolgreiche Berufskarrieren\"}]},{\"@type\":\"Person\",\"@id\":\"https:\/\/www.doppelklicker.de\/blog\/#\/schema\/person\/08dcac172bdb025e8ff433488184668a\",\"name\":\"Iris Martin\",\"image\":{\"@type\":\"ImageObject\",\"@id\":\"https:\/\/www.doppelklicker.de\/blog\/#personlogo\",\"inLanguage\":\"de-DE\",\"url\":\"https:\/\/secure.gravatar.com\/avatar\/82fdaa093be0b9686b531f99fcb54d15?s=96&d=wp_user_avatar&r=g\",\"contentUrl\":\"https:\/\/secure.gravatar.com\/avatar\/82fdaa093be0b9686b531f99fcb54d15?s=96&d=wp_user_avatar&r=g\",\"caption\":\"Iris Martin\"},\"url\":\"https:\/\/www.doppelklicker.de\/blog\/author\/iris-martin\/\"}]}<\/script>\n<!-- \/ Yoast SEO plugin. -->","yoast_head_json":{"robots":{"index":"index","follow":"follow","max-snippet":"max-snippet:-1","max-image-preview":"max-image-preview:large","max-video-preview":"max-video-preview:-1"},"canonical":"https:\/\/www.doppelklicker.de\/blog\/ihk-ostwuerttemberg-otto-rieger-preis-mapal-zeiss-oberkochen\/","og_locale":"de_DE","og_type":"article","og_title":"IHK Ostw\u00fcrttemberg st\u00e4rkt regionale Netzwerke f\u00fcr junge erfolgreiche Berufskarrieren","og_description":"Die besten Absolventen der dualen Ausbildung versammelten sich am 25. November 2025 im Congress Centrum Stadtgarten Schw\u00e4bisch Gm\u00fcnd, wo die IHK Ostw\u00fcrttemberg sie f\u00fcr ihre hervorragenden Ergebnisse ehrte. Industriekauffrau Laura Wettemann wurde mit dem Otto-Rieger-Preis ausgezeichnet. Ebenso erhielten Constantin Kehrer von ZEISS Oberkochen und Leon Meyer von Alfa GmbH Ellwangen Auszeichnungen f\u00fcr ihre bundesweit f\u00fchrendenJetzt alles lesen","og_url":"https:\/\/www.doppelklicker.de\/blog\/ihk-ostwuerttemberg-otto-rieger-preis-mapal-zeiss-oberkochen\/","og_site_name":"Aus Mainz.","article_published_time":"2025-12-15T08:00:00+00:00","article_modified_time":"2025-11-30T12:20:18+00:00","og_image":[{"width":1280,"height":615,"url":"https:\/\/www.doppelklicker.de\/blog\/wp-content\/uploads\/2025\/11\/ihk-ostwuerttemberg-zeichnet-duale-jahresspitzenleistungen-im-congress-centrum.jpg","type":"image\/jpeg"}],"twitter_card":"summary_large_image","twitter_misc":{"Verfasst von":"Iris Martin","Gesch\u00e4tzte Lesezeit":"4 Minuten"},"schema":{"@context":"https:\/\/schema.org","@graph":[{"@type":"WebSite","@id":"https:\/\/www.doppelklicker.de\/blog\/#website","url":"https:\/\/www.doppelklicker.de\/blog\/","name":"Aus Mainz.","description":"F\u00fcr die Welt.","potentialAction":[{"@type":"SearchAction","target":{"@type":"EntryPoint","urlTemplate":"https:\/\/www.doppelklicker.de\/blog\/?s={search_term_string}"},"query-input":"required name=search_term_string"}],"inLanguage":"de-DE"},{"@type":"ImageObject","@id":"https:\/\/www.doppelklicker.de\/blog\/ihk-ostwuerttemberg-otto-rieger-preis-mapal-zeiss-oberkochen\/#primaryimage","inLanguage":"de-DE","url":"https:\/\/www.doppelklicker.de\/blog\/wp-content\/uploads\/2025\/11\/ihk-ostwuerttemberg-zeichnet-duale-jahresspitzenleistungen-im-congress-centrum.jpg","contentUrl":"https:\/\/www.doppelklicker.de\/blog\/wp-content\/uploads\/2025\/11\/ihk-ostwuerttemberg-zeichnet-duale-jahresspitzenleistungen-im-congress-centrum.jpg","width":1280,"height":615,"caption":"IHK Ostw\u00fcrttemberg st\u00e4rkt regionale Netzwerke f\u00fcr junge erfolgreiche Berufskarrieren (Foto: IHK Ostw\u00fcrttemberg\/Max Walter)"},{"@type":"WebPage","@id":"https:\/\/www.doppelklicker.de\/blog\/ihk-ostwuerttemberg-otto-rieger-preis-mapal-zeiss-oberkochen\/#webpage","url":"https:\/\/www.doppelklicker.de\/blog\/ihk-ostwuerttemberg-otto-rieger-preis-mapal-zeiss-oberkochen\/","name":"IHK Ostw\u00fcrttemberg st\u00e4rkt regionale Netzwerke f\u00fcr junge erfolgreiche Berufskarrieren","isPartOf":{"@id":"https:\/\/www.doppelklicker.de\/blog\/#website"},"primaryImageOfPage":{"@id":"https:\/\/www.doppelklicker.de\/blog\/ihk-ostwuerttemberg-otto-rieger-preis-mapal-zeiss-oberkochen\/#primaryimage"},"datePublished":"2025-12-15T08:00:00+00:00","dateModified":"2025-11-30T12:20:18+00:00","author":{"@id":"https:\/\/www.doppelklicker.de\/blog\/#\/schema\/person\/08dcac172bdb025e8ff433488184668a"},"breadcrumb":{"@id":"https:\/\/www.doppelklicker.de\/blog\/ihk-ostwuerttemberg-otto-rieger-preis-mapal-zeiss-oberkochen\/#breadcrumb"},"inLanguage":"de-DE","potentialAction":[{"@type":"ReadAction","target":["https:\/\/www.doppelklicker.de\/blog\/ihk-ostwuerttemberg-otto-rieger-preis-mapal-zeiss-oberkochen\/"]}]},{"@type":"BreadcrumbList","@id":"https:\/\/www.doppelklicker.de\/blog\/ihk-ostwuerttemberg-otto-rieger-preis-mapal-zeiss-oberkochen\/#breadcrumb","itemListElement":[{"@type":"ListItem","position":1,"name":"Startseite","item":"https:\/\/www.doppelklicker.de\/blog\/"},{"@type":"ListItem","position":2,"name":"IHK Ostw\u00fcrttemberg st\u00e4rkt regionale Netzwerke f\u00fcr junge erfolgreiche Berufskarrieren"}]},{"@type":"Person","@id":"https:\/\/www.doppelklicker.de\/blog\/#\/schema\/person\/08dcac172bdb025e8ff433488184668a","name":"Iris Martin","image":{"@type":"ImageObject","@id":"https:\/\/www.doppelklicker.de\/blog\/#personlogo","inLanguage":"de-DE","url":"https:\/\/secure.gravatar.com\/avatar\/82fdaa093be0b9686b531f99fcb54d15?s=96&d=wp_user_avatar&r=g","contentUrl":"https:\/\/secure.gravatar.com\/avatar\/82fdaa093be0b9686b531f99fcb54d15?s=96&d=wp_user_avatar&r=g","caption":"Iris Martin"},"url":"https:\/\/www.doppelklicker.de\/blog\/author\/iris-martin\/"}]}},"_links":{"self":[{"href":"https:\/\/www.doppelklicker.de\/blog\/wp-json\/wp\/v2\/posts\/11505"}],"collection":[{"href":"https:\/\/www.doppelklicker.de\/blog\/wp-json\/wp\/v2\/posts"}],"about":[{"href":"https:\/\/www.doppelklicker.de\/blog\/wp-json\/wp\/v2\/types\/post"}],"author":[{"embeddable":true,"href":"https:\/\/www.doppelklicker.de\/blog\/wp-json\/wp\/v2\/users\/8"}],"replies":[{"embeddable":true,"href":"https:\/\/www.doppelklicker.de\/blog\/wp-json\/wp\/v2\/comments?post=11505"}],"version-history":[{"count":0,"href":"https:\/\/www.doppelklicker.de\/blog\/wp-json\/wp\/v2\/posts\/11505\/revisions"}],"wp:featuredmedia":[{"embeddable":true,"href":"https:\/\/www.doppelklicker.de\/blog\/wp-json\/wp\/v2\/media\/11494"}],"wp:attachment":[{"href":"https:\/\/www.doppelklicker.de\/blog\/wp-json\/wp\/v2\/media?parent=11505"}],"wp:term":[{"taxonomy":"category","embeddable":true,"href":"https:\/\/www.doppelklicker.de\/blog\/wp-json\/wp\/v2\/categories?post=11505"},{"taxonomy":"post_tag","embeddable":true,"href":"https:\/\/www.doppelklicker.de\/blog\/wp-json\/wp\/v2\/tags?post=11505"}],"curies":[{"name":"wp","href":"https:\/\/api.w.org\/{rel}","templated":true}]}}