{"id":11661,"date":"2026-01-22T08:00:00","date_gmt":"2026-01-22T06:00:00","guid":{"rendered":"guid"},"modified":"2026-01-23T14:10:19","modified_gmt":"2026-01-23T14:10:19","slug":"18-automobilmesse-erfurt-2026-automobile-peter-jeep-compass-premiere","status":"publish","type":"post","link":"https:\/\/www.doppelklicker.de\/blog\/18-automobilmesse-erfurt-2026-automobile-peter-jeep-compass-premiere\/","title":{"rendered":"Autogrammstunden mit Philip Geipel und Garage Brothers begeistern Besucher"},"content":{"rendered":"<p>Die 18. Automobilmesse Erfurt startet am 23. Januar 2026, pr\u00e4sentiert \u00fcber hundert Aussteller aus zweiundvierzig Marken und zeigt mehrere Deutschlandpremieren Jeep Compass und Suzuki e Vitara. Besucher entdecken modernste elektrische Innovationen von Nissan und Volvo sowie exklusive Modelle von BAW und Honda. Ein spektakul\u00e4rer Offroad-Parcours und praxisorientierte Workshops f\u00fcr Jugendliche vermitteln Fahrpraxis und interaktive Stationen. Autogrammstunden mit Philip Geipel und Garage Brothers sowie kostenfreie Parkpl\u00e4tze schaffen ein rundum attraktives Besuchererlebnis.<br \/>\n<!--more--><\/p>\n<div id=\"ez-toc-container\" class=\"ez-toc-v2_0_16 counter-hierarchy\">\n<div class=\"ez-toc-title-container\">\n<p class=\"ez-toc-title\">Inhaltsverzeichnis: Das erwartet Sie in diesem Artikel<\/p>\n<span class=\"ez-toc-title-toggle\"><a class=\"ez-toc-pull-right ez-toc-btn ez-toc-btn-xs ez-toc-btn-default ez-toc-toggle\" style=\"display: none;\"><i class=\"ez-toc-glyphicon ez-toc-icon-toggle\"><\/i><\/a><\/span><\/div>\n<nav><ul class=\"ez-toc-list ez-toc-list-level-1\"><li class=\"ez-toc-page-1 ez-toc-heading-level-2\"><a class=\"ez-toc-link ez-toc-heading-1\" href=\"https:\/\/www.doppelklicker.de\/blog\/18-automobilmesse-erfurt-2026-automobile-peter-jeep-compass-premiere\/#automobile-peter-vereint-jeep-compass-und-e-vitara-premiere\" title=\"Automobile Peter vereint Jeep Compass und e Vitara Premiere\">Automobile Peter vereint Jeep Compass und e Vitara Premiere<\/a><\/li><li class=\"ez-toc-page-1 ez-toc-heading-level-2\"><a class=\"ez-toc-link ez-toc-heading-2\" href=\"https:\/\/www.doppelklicker.de\/blog\/18-automobilmesse-erfurt-2026-automobile-peter-jeep-compass-premiere\/#nissan-micra-vollelektrisch-mit-zwei-batterien-fuer-stadt-pendeln\" title=\"Nissan MICRA vollelektrisch mit zwei Batterien f\u00fcr Stadt Pendeln\">Nissan MICRA vollelektrisch mit zwei Batterien f\u00fcr Stadt Pendeln<\/a><\/li><li class=\"ez-toc-page-1 ez-toc-heading-level-2\"><a class=\"ez-toc-link ez-toc-heading-3\" href=\"https:\/\/www.doppelklicker.de\/blog\/18-automobilmesse-erfurt-2026-automobile-peter-jeep-compass-premiere\/#interessenten-gewinnen-erste-einblicke-baw-212-ausstattung-bauweise-januar\" title=\"Interessenten gewinnen erste Einblicke BAW 212 Ausstattung, Bauweise Januar\">Interessenten gewinnen erste Einblicke BAW 212 Ausstattung, Bauweise Januar<\/a><\/li><li class=\"ez-toc-page-1 ez-toc-heading-level-2\"><a class=\"ez-toc-link ez-toc-heading-4\" href=\"https:\/\/www.doppelklicker.de\/blog\/18-automobilmesse-erfurt-2026-automobile-peter-jeep-compass-premiere\/#vollhybrid-coupe-honda-prelude-kombiniert-verbrennungsmotor-und-elektromotor-zum-probefahren\" title=\"Vollhybrid-Coupe Honda Prelude kombiniert Verbrennungsmotor und Elektromotor zum Probefahren\">Vollhybrid-Coupe Honda Prelude kombiniert Verbrennungsmotor und Elektromotor zum Probefahren<\/a><\/li><li class=\"ez-toc-page-1 ez-toc-heading-level-2\"><a class=\"ez-toc-link ez-toc-heading-5\" href=\"https:\/\/www.doppelklicker.de\/blog\/18-automobilmesse-erfurt-2026-automobile-peter-jeep-compass-premiere\/#kostenfreies-fahrtraining-ohne-fuehrerschein-fuer-jugendliche-auf-messegelaende-erfurt\" title=\"Kostenfreies Fahrtraining ohne F\u00fchrerschein f\u00fcr Jugendliche auf Messegel\u00e4nde Erfurt\">Kostenfreies Fahrtraining ohne F\u00fchrerschein f\u00fcr Jugendliche auf Messegel\u00e4nde Erfurt<\/a><\/li><li class=\"ez-toc-page-1 ez-toc-heading-level-2\"><a class=\"ez-toc-link ez-toc-heading-6\" href=\"https:\/\/www.doppelklicker.de\/blog\/18-automobilmesse-erfurt-2026-automobile-peter-jeep-compass-premiere\/#abenteuer-offroad-parcours-fachleute-vermitteln-technik-und-fahrverhalten-anschaulich-interaktiv\" title=\"Abenteuer Offroad-Parcours: Fachleute vermitteln Technik- und Fahrverhalten anschaulich interaktiv\">Abenteuer Offroad-Parcours: Fachleute vermitteln Technik- und Fahrverhalten anschaulich interaktiv<\/a><\/li><li class=\"ez-toc-page-1 ez-toc-heading-level-2\"><a class=\"ez-toc-link ez-toc-heading-7\" href=\"https:\/\/www.doppelklicker.de\/blog\/18-automobilmesse-erfurt-2026-automobile-peter-jeep-compass-premiere\/#kostenfreier-eintritt-ermoeglicht-einblicke-in-technische-und-kaufmaennische-berufsfelder\" title=\"Kostenfreier Eintritt erm\u00f6glicht Einblicke in technische und kaufm\u00e4nnische Berufsfelder\">Kostenfreier Eintritt erm\u00f6glicht Einblicke in technische und kaufm\u00e4nnische Berufsfelder<\/a><\/li><li class=\"ez-toc-page-1 ez-toc-heading-level-2\"><a class=\"ez-toc-link ez-toc-heading-8\" href=\"https:\/\/www.doppelklicker.de\/blog\/18-automobilmesse-erfurt-2026-automobile-peter-jeep-compass-premiere\/#transformer-walking-act-racebot-audiron-begeistert-zahlreiche-messebesucher-samstag-und-sonntag\" title=\"Transformer-Walking-Act Racebot Audiron begeistert zahlreiche Messebesucher Samstag und Sonntag\">Transformer-Walking-Act Racebot Audiron begeistert zahlreiche Messebesucher Samstag und Sonntag<\/a><\/li><li class=\"ez-toc-page-1 ez-toc-heading-level-2\"><a class=\"ez-toc-link ez-toc-heading-9\" href=\"https:\/\/www.doppelklicker.de\/blog\/18-automobilmesse-erfurt-2026-automobile-peter-jeep-compass-premiere\/#freitags-parken-kostenlos-feierabendticket-ab-18-uhr-nur-8\" title=\"Freitags Parken kostenlos, Feierabendticket ab 18 Uhr nur 8?\">Freitags Parken kostenlos, Feierabendticket ab 18 Uhr nur 8?<\/a><\/li><li class=\"ez-toc-page-1 ez-toc-heading-level-2\"><a class=\"ez-toc-link ez-toc-heading-10\" href=\"https:\/\/www.doppelklicker.de\/blog\/18-automobilmesse-erfurt-2026-automobile-peter-jeep-compass-premiere\/#garage-brothers-berichten-aus-werkstatt-und-tv-projekten-im-messebereich\" title=\"Garage Brothers berichten aus Werkstatt und TV-Projekten im Messebereich\">Garage Brothers berichten aus Werkstatt und TV-Projekten im Messebereich<\/a><\/li><li class=\"ez-toc-page-1 ez-toc-heading-level-2\"><a class=\"ez-toc-link ez-toc-heading-11\" href=\"https:\/\/www.doppelklicker.de\/blog\/18-automobilmesse-erfurt-2026-automobile-peter-jeep-compass-premiere\/#oberbuergermeister-horn-blickt-auf-feierliche-zukunftsperspektiven-bei-messeeroeffnung-erfurt\" title=\"Oberb\u00fcrgermeister Horn blickt auf feierliche Zukunftsperspektiven bei Messeer\u00f6ffnung Erfurt\">Oberb\u00fcrgermeister Horn blickt auf feierliche Zukunftsperspektiven bei Messeer\u00f6ffnung Erfurt<\/a><\/li><li class=\"ez-toc-page-1 ez-toc-heading-level-2\"><a class=\"ez-toc-link ez-toc-heading-12\" href=\"https:\/\/www.doppelklicker.de\/blog\/18-automobilmesse-erfurt-2026-automobile-peter-jeep-compass-premiere\/#offroad-parcours-und-fahruebungen-geben-jugendlichen-praktische-einblicke-und-erfahrung\" title=\"Offroad-Parcours und Fahr\u00fcbungen geben Jugendlichen praktische Einblicke und Erfahrung\">Offroad-Parcours und Fahr\u00fcbungen geben Jugendlichen praktische Einblicke und Erfahrung<\/a><\/li><\/ul><\/nav><\/div>\n<h2><span class=\"ez-toc-section\" id=\"automobile-peter-vereint-jeep-compass-und-e-vitara-premiere\"><\/span>Automobile Peter vereint Jeep Compass und e Vitara Premiere<span class=\"ez-toc-section-end\"><\/span><\/h2>\n<p>In Halle 1 k\u00f6nnen Interessenten bei Automobile Peter erstmals in Deutschland den Jeep Compass mit seinem 1,3-Liter-Turbobenziner und adaptivem Allradantrieb begutachten. Gleichzeitig erleben Besucher bei Suzuki den e VITARA in seiner Europa-Premiere, einschlie\u00dflich Prototypen mit bis zu 400 Kilometern Reichweite. Abgerundet wird die Auswahl durch den Citroen C5 Aircross und aktuelle SUV-Modelle von Opel, Fiat sowie Peugeot. Diese kompakte Pr\u00e4sentation bietet umfassende Vergleichsm\u00f6glichkeiten aller marktrelevanten SUV unter Ber\u00fccksichtigung von Ausstattung, Preis und Verarbeitung.<\/p>\n<h2><span class=\"ez-toc-section\" id=\"nissan-micra-vollelektrisch-mit-zwei-batterien-fuer-stadt-pendeln\"><\/span>Nissan MICRA vollelektrisch mit zwei Batterien f\u00fcr Stadt Pendeln<span class=\"ez-toc-section-end\"><\/span><\/h2>\n<div id=\"attachment_11656\" style=\"width: 760px\" class=\"wp-caption alignleft\"><img aria-describedby=\"caption-attachment-11656\" loading=\"lazy\" src=\"https:\/\/www.doppelklicker.de\/wp-content\/uploads\/2026\/01\/2025-27674.jpg\" alt=\"Racebot Audiron zur Automomobilmesse Erfurt 2025 (Foto: viveart.de, Predigerstrasse 12, 99084 Erfurt)\" width=\"750\" height=\"600\" class=\"size-full wp-image-11656\" \/><p id=\"caption-attachment-11656\" class=\"wp-caption-text\">Racebot Audiron zur Automomobilmesse Erfurt 2025 (Foto: viveart.de, Predigerstrasse 12, 99084 Erfurt)<\/p><\/div>\n<p>Bei Autohaus Kornmaul auf der Messe Erfurt pr\u00e4sentieren sich die vollelektrischen Nissan LEAF und Nissan MICRA. Der MICRA \u00fcberzeugt mit einer Reichweite von bis zu 416 Kilometern und zwei Batterievarianten, ideal f\u00fcr Stadtfahrer und Pendler. Popp Fahrzeugbau erweitert das Spektrum um reine E-Fahrzeuge, Plug-in-Hybride sowie klassische Verbrenner. Als besonderes Highlight sind Volvos EX90 und sein neuer ES90 erstmals in Th\u00fcringen zu sehen. Parallel dazu laden Probefahrten des kompakten EX30 direkt am Messestand zum Mitrollen ein.<\/p>\n<h2><span class=\"ez-toc-section\" id=\"interessenten-gewinnen-erste-einblicke-baw-212-ausstattung-bauweise-januar\"><\/span>Interessenten gewinnen erste Einblicke BAW 212 Ausstattung, Bauweise Januar<span class=\"ez-toc-section-end\"><\/span><\/h2>\n<p>In Erfurt pr\u00e4sentiert das Autohaus Sch\u00f6ne Aussicht exklusiv den neuen BAW 212, dessen IAA-Premiere im September 2025 stattfand und der ab Januar 2026 ausgeliefert wird. Das bereitgestellte Vorf\u00fchrfahrzeug erlaubt einen umfassenden Blick auf das Fahrer- und Fondinterieur mit Klimaautomatik, beheizbaren Sitzen und hochwertiger Optik. Gleichzeitig k\u00f6nnen die Infotainment-Schnittstellen, kabelloses Laden, Smartphone-Integration und die digitalen Instrumente ausprobiert werden. Experten erl\u00e4utern dar\u00fcber hinaus Materialauswahl und Ergonomiekonzept.<\/p>\n<h2><span class=\"ez-toc-section\" id=\"vollhybrid-coupe-honda-prelude-kombiniert-verbrennungsmotor-und-elektromotor-zum-probefahren\"><\/span>Vollhybrid-Coupe Honda Prelude kombiniert Verbrennungsmotor und Elektromotor zum Probefahren<span class=\"ez-toc-section-end\"><\/span><\/h2>\n<div id=\"attachment_11657\" style=\"width: 760px\" class=\"wp-caption alignleft\"><img aria-describedby=\"caption-attachment-11657\" loading=\"lazy\" src=\"https:\/\/www.doppelklicker.de\/wp-content\/uploads\/2026\/01\/2025-27675.jpg\" alt=\"Racebot Audiron zur Automomobilmesse Erfurt 2025 (Foto: viveart.de, Predigerstrasse 12, 99084 Erfurt)\" width=\"750\" height=\"600\" class=\"size-full wp-image-11657\" \/><p id=\"caption-attachment-11657\" class=\"wp-caption-text\">Racebot Audiron zur Automomobilmesse Erfurt 2025 (Foto: viveart.de, Predigerstrasse 12, 99084 Erfurt)<\/p><\/div>\n<p>Auf der Fachmesse zeigen regionale Honda-H\u00e4ndler exklusiv das Prelude Vollhybrid-Coupe, das 2026 in Serie geht. Die Verbindung von Verbrenner und E-Motor erm\u00f6glicht einen kombinierten Wirkungsgrad auf Spitzenniveau. Produktexperten f\u00fchren durch technische Pr\u00e4sentationen zu Batteriechemie, Motorregelung und Bordnetzstrategie. Besucher haben die M\u00f6glichkeit, Schnittstellen f\u00fcr Smart-Charging, Prognosesoftware und Einsparpotenziale anhand von Live-Daten zu er\u00f6rtern. Prototypen des Innenraums und der Antriebseinheit stehen zur unmittelbaren Begutachtung bereit.<\/p>\n<h2><span class=\"ez-toc-section\" id=\"kostenfreies-fahrtraining-ohne-fuehrerschein-fuer-jugendliche-auf-messegelaende-erfurt\"><\/span>Kostenfreies Fahrtraining ohne F\u00fchrerschein f\u00fcr Jugendliche auf Messegel\u00e4nde Erfurt<span class=\"ez-toc-section-end\"><\/span><\/h2>\n<p>Auf dem Freigel\u00e4nde der Messe Erfurt bietet das Fahrschulkombinat speziell f\u00fcr Jugendliche eine praxisnahe Einf\u00fchrung ins Fahren ohne F\u00fchrerschein. Interaktive \u00dcbungsstationen vermitteln Bedienungselemente, Lenktechnik und Bremsverhalten Schritt f\u00fcr Schritt. Fahrlehrer demonstrieren wichtige Sicherheitsregeln und beobachten jede \u00dcbungseinheit, um individuelles Feedback zu geben. Dar\u00fcber hinaus erhalten Teilnehmer umfassende Informationen zu Verkehrszeichen, Fahrzeugwartung und Umweltaspekten. Ziel ist es, junge Fahrer mit Basisfertigkeiten und einem sicheren Gef\u00fchl f\u00fcr den Stra\u00dfenverkehr auszustatten und Praxis\u00fcbungen.<\/p>\n<h2><span class=\"ez-toc-section\" id=\"abenteuer-offroad-parcours-fachleute-vermitteln-technik-und-fahrverhalten-anschaulich-interaktiv\"><\/span>Abenteuer Offroad-Parcours: Fachleute vermitteln Technik- und Fahrverhalten anschaulich interaktiv<span class=\"ez-toc-section-end\"><\/span><\/h2>\n<p>Auf dem neu gestalteten Offroad-Parcours nehmen Besucher neben erfahrenen Instruktoren Platz im Beifahrersitz. Dort erleben sie schmale Pfade, Bodensenken und steile Anstiege in verschiedenen Fahrzeugklassen. Ingenieure erl\u00e4utern Vielzahl an technischen Details wie elektronischer Differentialsperre, adaptiver Federung und Allradverriegelung anschaulich. Im Anschluss haben G\u00e4ste Gelegenheit, gezielte Fragen zu Unterbodenprotektion, Reifenprofilen und Traktionssystemen direkt an Herstellervertreter zu richten und praktische Empfehlungen zu erhalten. Zus\u00e4tzlich werden Fahrmodi wie Gel\u00e4nde, Felsen und Sand erkl\u00e4rt.<\/p>\n<h2><span class=\"ez-toc-section\" id=\"kostenfreier-eintritt-ermoeglicht-einblicke-in-technische-und-kaufmaennische-berufsfelder\"><\/span>Kostenfreier Eintritt erm\u00f6glicht Einblicke in technische und kaufm\u00e4nnische Berufsfelder<span class=\"ez-toc-section-end\"><\/span><\/h2>\n<div id=\"attachment_11658\" style=\"width: 760px\" class=\"wp-caption alignleft\"><img aria-describedby=\"caption-attachment-11658\" loading=\"lazy\" src=\"https:\/\/www.doppelklicker.de\/wp-content\/uploads\/2026\/01\/2025-27676.jpg\" alt=\"Blick in die Halle 1 zur Automomobilmesse Erfurt 2025 (Foto: viveart.de, Predigerstrasse 12, 99084 Erfurt)\" width=\"750\" height=\"600\" class=\"size-full wp-image-11658\" \/><p id=\"caption-attachment-11658\" class=\"wp-caption-text\">Blick in die Halle 1 zur Automomobilmesse Erfurt 2025 (Foto: viveart.de, Predigerstrasse 12, 99084 Erfurt)<\/p><\/div>\n<p>14- bis 18-J\u00e4hrige profitieren am Freitag von kostenfreiem Eintritt im Rahmen der &#8222;Praxis trifft Zukunft &#8211; Ausbildung im Kfz-Gewerbe&#8220;-Initiative. Am Stand des Kfz-Landesverbands Th\u00fcringen werden digitale Diagnosetools vorgestellt, die Fehlercodes automatisch analysieren. Fachleute demonstrieren Live-Messungen an Fahrzeugkomponenten und erkl\u00e4ren Funktionsweisen der Steuerger\u00e4te. Zus\u00e4tzlich erhalten Besucher Einblicke in kaufm\u00e4nnische Abl\u00e4ufe wie Angebotskalkulation, Materialbestellung und Serviceabrechnung. Die praxisorientierte Pr\u00e4sentation verdeutlicht Ausbildungsinhalte sowie berufliche Perspektiven in Werkstatt und Verwaltung.<\/p>\n<h2><span class=\"ez-toc-section\" id=\"transformer-walking-act-racebot-audiron-begeistert-zahlreiche-messebesucher-samstag-und-sonntag\"><\/span>Transformer-Walking-Act Racebot Audiron begeistert zahlreiche Messebesucher Samstag und Sonntag<span class=\"ez-toc-section-end\"><\/span><\/h2>\n<p>Am Samstag und Sonntag zieht der imposante Racebot Audiron in H\u00f6he von knapp drei Metern alle Blicke auf sich: Mit mechanischen Bewegungsabl\u00e4ufen und einem Hauch futuristischer Transformer-\u00c4sthetik begeistert er Gro\u00df und Klein. Gleichzeitig erhalten Kinder in Halle 2 unter Anleitung fachkundiger Betreuer die Gelegenheit, ihre gestalterischen F\u00e4higkeiten auf motorisierten Leinw\u00e4nden zu erproben und anschlie\u00dfend ihre individuellen Werke auf ausgestellte Motorhauben zu malen, wodurch Spa\u00df an Kunst und Technik gef\u00f6rdert wird.<\/p>\n<h2><span class=\"ez-toc-section\" id=\"freitags-parken-kostenlos-feierabendticket-ab-18-uhr-nur-8\"><\/span>Freitags Parken kostenlos, Feierabendticket ab 18 Uhr nur 8?<span class=\"ez-toc-section-end\"><\/span><\/h2>\n<p>An diesem Freitag bietet die Messeverwaltung ein gro\u00dfz\u00fcgiges Parkangebot an: Besucher parken den ganzen Tag kostenfrei auf ausgewiesenen Fl\u00e4chen. F\u00fcr Besuchergruppen, die erst am Abend ankommen, gibt es ein attraktives Feierabendticket zum halben Preis. An der Tageskasse kostet dieses Angebot nur acht Euro. Das Ticket gilt freitags ab 18 Uhr und am Samstag sowie Sonntag ab 16 Uhr. Mit diesen Konditionen erhalten alle Autofahrer maximale Flexibilit\u00e4t und g\u00fcnstigen Eintritt jederzeit.<\/p>\n<h2><span class=\"ez-toc-section\" id=\"garage-brothers-berichten-aus-werkstatt-und-tv-projekten-im-messebereich\"><\/span>Garage Brothers berichten aus Werkstatt und TV-Projekten im Messebereich<span class=\"ez-toc-section-end\"><\/span><\/h2>\n<p>Philip Geipel und das WF-Racing-Team mit Henry Clausnitzer hei\u00dfen Motorsportanh\u00e4nger w\u00e4hrend der Messe zu Gespr\u00e4chsrunden und Autogrammstunden willkommen. Die Garage Brothers pr\u00e4sentieren anschaulich ihre t\u00e4glichen Werkstattaufgaben und gew\u00e4hren Einblicke in TV-Projekte. Daneben stellt das Stockcarteam Gaskrank originale Rennwagenspezialit\u00e4ten aus. Am Sonntag k\u00f6nnen Besucher im Foyer von Halle 1 au\u00dferdem Autogramme vom THSV Eisenach-Team erhalten und wertvolle Tipps zu Training und Technik direkt von den Experten einholen.<\/p>\n<h2><span class=\"ez-toc-section\" id=\"oberbuergermeister-horn-blickt-auf-feierliche-zukunftsperspektiven-bei-messeeroeffnung-erfurt\"><\/span>Oberb\u00fcrgermeister Horn blickt auf feierliche Zukunftsperspektiven bei Messeer\u00f6ffnung Erfurt<span class=\"ez-toc-section-end\"><\/span><\/h2>\n<p>Donnerstagabend steht ganz im Zeichen der offiziellen Er\u00f6ffnung der Automobilmesse Erfurt. Zu Beginn richten Ministerpr\u00e4sident Mario Voigt, Stellantis-CEO Florian Huettl, Oberb\u00fcrgermeister Andreas Horn sowie Vertreter der Verb\u00e4nde VDIK, ZDK und VAD Gru\u00dfworte an Branchenvertreter und Medien. Anschlie\u00dfend diskutieren geladene Experten in einer moderierten Gespr\u00e4chsrunde \u00fcber aktuelle Markttrends, technologische Innovationen sowie politische Rahmenbedingungen und skizzieren Perspektiven f\u00fcr nachhaltige Mobilit\u00e4t in den kommenden Jahren. Die Diskussionsergebnisse werden protokolliert und sp\u00e4ter elektronisch ver\u00f6ffentlicht.<\/p>\n<h2><span class=\"ez-toc-section\" id=\"offroad-parcours-und-fahruebungen-geben-jugendlichen-praktische-einblicke-und-erfahrung\"><\/span>Offroad-Parcours und Fahr\u00fcbungen geben Jugendlichen praktische Einblicke und Erfahrung<span class=\"ez-toc-section-end\"><\/span><\/h2>\n<p>Als zentrale Plattform f\u00fcr die Mobilit\u00e4t von morgen vereint die 18. Automobilmesse Erfurt Premieren, Elektromobilit\u00e4t und praxisorientierte Demonstrationen. \u00dcber 100 internationale Aussteller zeigen neue SUV, Plug-in-Hybride sowie innovative E-Modelle von Nissan und Volvo. Fachvortr\u00e4ge und Expertenrunden vermitteln Fachwissen, w\u00e4hrend Offroad-Parcours und Fahrschulstationen Jugendlichen Einblicke ins Fahren vermitteln. Kreative Angebote f\u00fcr Kinder, Autogrammstunden mit Rennfahrern und kostenlose Parkpl\u00e4tze runden das informative und unterhaltsame Messekonzept ab.<\/p>\n","protected":false},"excerpt":{"rendered":"<p>Die 18. Automobilmesse Erfurt startet am 23. Januar 2026, pr\u00e4sentiert \u00fcber hundert Aussteller aus zweiundvierzig Marken und zeigt mehrere Deutschlandpremieren Jeep Compass und Suzuki e Vitara. Besucher entdecken modernste elektrische Innovationen von Nissan und Volvo sowie exklusive Modelle von BAW und Honda. Ein spektakul\u00e4rer Offroad-Parcours und praxisorientierte Workshops f\u00fcr Jugendliche vermitteln Fahrpraxis und interaktive Stationen.<\/p>\n<div class=\"read-more\"><a href=\"https:\/\/www.doppelklicker.de\/blog\/18-automobilmesse-erfurt-2026-automobile-peter-jeep-compass-premiere\/\" title=\"Jetzt alles lesen\">Jetzt alles lesen<\/a><\/div>\n","protected":false},"author":8,"featured_media":11659,"comment_status":"open","ping_status":"open","sticky":false,"template":"","format":"standard","meta":[],"categories":[3305],"tags":[],"yoast_head":"<!-- This site is optimized with the Yoast SEO plugin v18.2 - https:\/\/yoast.com\/wordpress\/plugins\/seo\/ -->\n<meta name=\"robots\" content=\"index, follow, max-snippet:-1, max-image-preview:large, max-video-preview:-1\" \/>\n<link rel=\"canonical\" href=\"https:\/\/www.doppelklicker.de\/blog\/18-automobilmesse-erfurt-2026-automobile-peter-jeep-compass-premiere\/\" \/>\n<meta property=\"og:locale\" content=\"de_DE\" \/>\n<meta property=\"og:type\" content=\"article\" \/>\n<meta property=\"og:title\" content=\"Autogrammstunden mit Philip Geipel und Garage Brothers begeistern Besucher\" \/>\n<meta property=\"og:description\" content=\"Die 18. Automobilmesse Erfurt startet am 23. Januar 2026, pr\u00e4sentiert \u00fcber hundert Aussteller aus zweiundvierzig Marken und zeigt mehrere Deutschlandpremieren Jeep Compass und Suzuki e Vitara. Besucher entdecken modernste elektrische Innovationen von Nissan und Volvo sowie exklusive Modelle von BAW und Honda. Ein spektakul\u00e4rer Offroad-Parcours und praxisorientierte Workshops f\u00fcr Jugendliche vermitteln Fahrpraxis und interaktive Stationen.Jetzt alles lesen\" \/>\n<meta property=\"og:url\" content=\"https:\/\/www.doppelklicker.de\/blog\/18-automobilmesse-erfurt-2026-automobile-peter-jeep-compass-premiere\/\" \/>\n<meta property=\"og:site_name\" content=\"Aus Mainz.\" \/>\n<meta property=\"article:published_time\" content=\"2026-01-22T06:00:00+00:00\" \/>\n<meta property=\"article:modified_time\" content=\"2026-01-23T14:10:19+00:00\" \/>\n<meta property=\"og:image\" content=\"https:\/\/www.doppelklicker.de\/blog\/wp-content\/uploads\/2026\/01\/automobilmesse-erfurt-2026-ueber-hundert-ausstellern-und-27677.jpg\" \/>\n\t<meta property=\"og:image:width\" content=\"1280\" \/>\n\t<meta property=\"og:image:height\" content=\"615\" \/>\n\t<meta property=\"og:image:type\" content=\"image\/jpeg\" \/>\n<meta name=\"twitter:card\" content=\"summary_large_image\" \/>\n<meta name=\"twitter:label1\" content=\"Verfasst von\" \/>\n\t<meta name=\"twitter:data1\" content=\"Iris Martin\" \/>\n\t<meta name=\"twitter:label2\" content=\"Gesch\u00e4tzte Lesezeit\" \/>\n\t<meta name=\"twitter:data2\" content=\"6 Minuten\" \/>\n<script type=\"application\/ld+json\" class=\"yoast-schema-graph\">{\"@context\":\"https:\/\/schema.org\",\"@graph\":[{\"@type\":\"WebSite\",\"@id\":\"https:\/\/www.doppelklicker.de\/blog\/#website\",\"url\":\"https:\/\/www.doppelklicker.de\/blog\/\",\"name\":\"Aus Mainz.\",\"description\":\"F\u00fcr die Welt.\",\"potentialAction\":[{\"@type\":\"SearchAction\",\"target\":{\"@type\":\"EntryPoint\",\"urlTemplate\":\"https:\/\/www.doppelklicker.de\/blog\/?s={search_term_string}\"},\"query-input\":\"required name=search_term_string\"}],\"inLanguage\":\"de-DE\"},{\"@type\":\"ImageObject\",\"@id\":\"https:\/\/www.doppelklicker.de\/blog\/18-automobilmesse-erfurt-2026-automobile-peter-jeep-compass-premiere\/#primaryimage\",\"inLanguage\":\"de-DE\",\"url\":\"https:\/\/www.doppelklicker.de\/blog\/wp-content\/uploads\/2026\/01\/automobilmesse-erfurt-2026-ueber-hundert-ausstellern-und-27677.jpg\",\"contentUrl\":\"https:\/\/www.doppelklicker.de\/blog\/wp-content\/uploads\/2026\/01\/automobilmesse-erfurt-2026-ueber-hundert-ausstellern-und-27677.jpg\",\"width\":1280,\"height\":615,\"caption\":\"Autogrammstunden mit Philip Geipel und Garage Brothers begeistern Besucher (Foto: viveart.de, Predigerstrasse 12, 99084 Erfurt)\"},{\"@type\":\"WebPage\",\"@id\":\"https:\/\/www.doppelklicker.de\/blog\/18-automobilmesse-erfurt-2026-automobile-peter-jeep-compass-premiere\/#webpage\",\"url\":\"https:\/\/www.doppelklicker.de\/blog\/18-automobilmesse-erfurt-2026-automobile-peter-jeep-compass-premiere\/\",\"name\":\"Autogrammstunden mit Philip Geipel und Garage Brothers begeistern Besucher\",\"isPartOf\":{\"@id\":\"https:\/\/www.doppelklicker.de\/blog\/#website\"},\"primaryImageOfPage\":{\"@id\":\"https:\/\/www.doppelklicker.de\/blog\/18-automobilmesse-erfurt-2026-automobile-peter-jeep-compass-premiere\/#primaryimage\"},\"datePublished\":\"2026-01-22T06:00:00+00:00\",\"dateModified\":\"2026-01-23T14:10:19+00:00\",\"author\":{\"@id\":\"https:\/\/www.doppelklicker.de\/blog\/#\/schema\/person\/08dcac172bdb025e8ff433488184668a\"},\"breadcrumb\":{\"@id\":\"https:\/\/www.doppelklicker.de\/blog\/18-automobilmesse-erfurt-2026-automobile-peter-jeep-compass-premiere\/#breadcrumb\"},\"inLanguage\":\"de-DE\",\"potentialAction\":[{\"@type\":\"ReadAction\",\"target\":[\"https:\/\/www.doppelklicker.de\/blog\/18-automobilmesse-erfurt-2026-automobile-peter-jeep-compass-premiere\/\"]}]},{\"@type\":\"BreadcrumbList\",\"@id\":\"https:\/\/www.doppelklicker.de\/blog\/18-automobilmesse-erfurt-2026-automobile-peter-jeep-compass-premiere\/#breadcrumb\",\"itemListElement\":[{\"@type\":\"ListItem\",\"position\":1,\"name\":\"Startseite\",\"item\":\"https:\/\/www.doppelklicker.de\/blog\/\"},{\"@type\":\"ListItem\",\"position\":2,\"name\":\"Autogrammstunden mit Philip Geipel und Garage Brothers begeistern Besucher\"}]},{\"@type\":\"Person\",\"@id\":\"https:\/\/www.doppelklicker.de\/blog\/#\/schema\/person\/08dcac172bdb025e8ff433488184668a\",\"name\":\"Iris Martin\",\"image\":{\"@type\":\"ImageObject\",\"@id\":\"https:\/\/www.doppelklicker.de\/blog\/#personlogo\",\"inLanguage\":\"de-DE\",\"url\":\"https:\/\/secure.gravatar.com\/avatar\/82fdaa093be0b9686b531f99fcb54d15?s=96&d=wp_user_avatar&r=g\",\"contentUrl\":\"https:\/\/secure.gravatar.com\/avatar\/82fdaa093be0b9686b531f99fcb54d15?s=96&d=wp_user_avatar&r=g\",\"caption\":\"Iris Martin\"},\"url\":\"https:\/\/www.doppelklicker.de\/blog\/author\/iris-martin\/\"}]}<\/script>\n<!-- \/ Yoast SEO plugin. -->","yoast_head_json":{"robots":{"index":"index","follow":"follow","max-snippet":"max-snippet:-1","max-image-preview":"max-image-preview:large","max-video-preview":"max-video-preview:-1"},"canonical":"https:\/\/www.doppelklicker.de\/blog\/18-automobilmesse-erfurt-2026-automobile-peter-jeep-compass-premiere\/","og_locale":"de_DE","og_type":"article","og_title":"Autogrammstunden mit Philip Geipel und Garage Brothers begeistern Besucher","og_description":"Die 18. Automobilmesse Erfurt startet am 23. Januar 2026, pr\u00e4sentiert \u00fcber hundert Aussteller aus zweiundvierzig Marken und zeigt mehrere Deutschlandpremieren Jeep Compass und Suzuki e Vitara. Besucher entdecken modernste elektrische Innovationen von Nissan und Volvo sowie exklusive Modelle von BAW und Honda. Ein spektakul\u00e4rer Offroad-Parcours und praxisorientierte Workshops f\u00fcr Jugendliche vermitteln Fahrpraxis und interaktive Stationen.Jetzt alles lesen","og_url":"https:\/\/www.doppelklicker.de\/blog\/18-automobilmesse-erfurt-2026-automobile-peter-jeep-compass-premiere\/","og_site_name":"Aus Mainz.","article_published_time":"2026-01-22T06:00:00+00:00","article_modified_time":"2026-01-23T14:10:19+00:00","og_image":[{"width":1280,"height":615,"url":"https:\/\/www.doppelklicker.de\/blog\/wp-content\/uploads\/2026\/01\/automobilmesse-erfurt-2026-ueber-hundert-ausstellern-und-27677.jpg","type":"image\/jpeg"}],"twitter_card":"summary_large_image","twitter_misc":{"Verfasst von":"Iris Martin","Gesch\u00e4tzte Lesezeit":"6 Minuten"},"schema":{"@context":"https:\/\/schema.org","@graph":[{"@type":"WebSite","@id":"https:\/\/www.doppelklicker.de\/blog\/#website","url":"https:\/\/www.doppelklicker.de\/blog\/","name":"Aus Mainz.","description":"F\u00fcr die Welt.","potentialAction":[{"@type":"SearchAction","target":{"@type":"EntryPoint","urlTemplate":"https:\/\/www.doppelklicker.de\/blog\/?s={search_term_string}"},"query-input":"required name=search_term_string"}],"inLanguage":"de-DE"},{"@type":"ImageObject","@id":"https:\/\/www.doppelklicker.de\/blog\/18-automobilmesse-erfurt-2026-automobile-peter-jeep-compass-premiere\/#primaryimage","inLanguage":"de-DE","url":"https:\/\/www.doppelklicker.de\/blog\/wp-content\/uploads\/2026\/01\/automobilmesse-erfurt-2026-ueber-hundert-ausstellern-und-27677.jpg","contentUrl":"https:\/\/www.doppelklicker.de\/blog\/wp-content\/uploads\/2026\/01\/automobilmesse-erfurt-2026-ueber-hundert-ausstellern-und-27677.jpg","width":1280,"height":615,"caption":"Autogrammstunden mit Philip Geipel und Garage Brothers begeistern Besucher (Foto: viveart.de, Predigerstrasse 12, 99084 Erfurt)"},{"@type":"WebPage","@id":"https:\/\/www.doppelklicker.de\/blog\/18-automobilmesse-erfurt-2026-automobile-peter-jeep-compass-premiere\/#webpage","url":"https:\/\/www.doppelklicker.de\/blog\/18-automobilmesse-erfurt-2026-automobile-peter-jeep-compass-premiere\/","name":"Autogrammstunden mit Philip Geipel und Garage Brothers begeistern Besucher","isPartOf":{"@id":"https:\/\/www.doppelklicker.de\/blog\/#website"},"primaryImageOfPage":{"@id":"https:\/\/www.doppelklicker.de\/blog\/18-automobilmesse-erfurt-2026-automobile-peter-jeep-compass-premiere\/#primaryimage"},"datePublished":"2026-01-22T06:00:00+00:00","dateModified":"2026-01-23T14:10:19+00:00","author":{"@id":"https:\/\/www.doppelklicker.de\/blog\/#\/schema\/person\/08dcac172bdb025e8ff433488184668a"},"breadcrumb":{"@id":"https:\/\/www.doppelklicker.de\/blog\/18-automobilmesse-erfurt-2026-automobile-peter-jeep-compass-premiere\/#breadcrumb"},"inLanguage":"de-DE","potentialAction":[{"@type":"ReadAction","target":["https:\/\/www.doppelklicker.de\/blog\/18-automobilmesse-erfurt-2026-automobile-peter-jeep-compass-premiere\/"]}]},{"@type":"BreadcrumbList","@id":"https:\/\/www.doppelklicker.de\/blog\/18-automobilmesse-erfurt-2026-automobile-peter-jeep-compass-premiere\/#breadcrumb","itemListElement":[{"@type":"ListItem","position":1,"name":"Startseite","item":"https:\/\/www.doppelklicker.de\/blog\/"},{"@type":"ListItem","position":2,"name":"Autogrammstunden mit Philip Geipel und Garage Brothers begeistern Besucher"}]},{"@type":"Person","@id":"https:\/\/www.doppelklicker.de\/blog\/#\/schema\/person\/08dcac172bdb025e8ff433488184668a","name":"Iris Martin","image":{"@type":"ImageObject","@id":"https:\/\/www.doppelklicker.de\/blog\/#personlogo","inLanguage":"de-DE","url":"https:\/\/secure.gravatar.com\/avatar\/82fdaa093be0b9686b531f99fcb54d15?s=96&d=wp_user_avatar&r=g","contentUrl":"https:\/\/secure.gravatar.com\/avatar\/82fdaa093be0b9686b531f99fcb54d15?s=96&d=wp_user_avatar&r=g","caption":"Iris Martin"},"url":"https:\/\/www.doppelklicker.de\/blog\/author\/iris-martin\/"}]}},"_links":{"self":[{"href":"https:\/\/www.doppelklicker.de\/blog\/wp-json\/wp\/v2\/posts\/11661"}],"collection":[{"href":"https:\/\/www.doppelklicker.de\/blog\/wp-json\/wp\/v2\/posts"}],"about":[{"href":"https:\/\/www.doppelklicker.de\/blog\/wp-json\/wp\/v2\/types\/post"}],"author":[{"embeddable":true,"href":"https:\/\/www.doppelklicker.de\/blog\/wp-json\/wp\/v2\/users\/8"}],"replies":[{"embeddable":true,"href":"https:\/\/www.doppelklicker.de\/blog\/wp-json\/wp\/v2\/comments?post=11661"}],"version-history":[{"count":0,"href":"https:\/\/www.doppelklicker.de\/blog\/wp-json\/wp\/v2\/posts\/11661\/revisions"}],"wp:featuredmedia":[{"embeddable":true,"href":"https:\/\/www.doppelklicker.de\/blog\/wp-json\/wp\/v2\/media\/11659"}],"wp:attachment":[{"href":"https:\/\/www.doppelklicker.de\/blog\/wp-json\/wp\/v2\/media?parent=11661"}],"wp:term":[{"taxonomy":"category","embeddable":true,"href":"https:\/\/www.doppelklicker.de\/blog\/wp-json\/wp\/v2\/categories?post=11661"},{"taxonomy":"post_tag","embeddable":true,"href":"https:\/\/www.doppelklicker.de\/blog\/wp-json\/wp\/v2\/tags?post=11661"}],"curies":[{"name":"wp","href":"https:\/\/api.w.org\/{rel}","templated":true}]}}