{"id":11696,"date":"2026-01-27T09:00:00","date_gmt":"2026-01-27T07:00:00","guid":{"rendered":"guid"},"modified":"2026-01-27T09:00:00","modified_gmt":"2026-01-27T07:00:00","slug":"vorgluehen-bei-reservix-benjamin-von-stuckrad-barre-jan-delay","status":"publish","type":"post","link":"https:\/\/www.doppelklicker.de\/blog\/vorgluehen-bei-reservix-benjamin-von-stuckrad-barre-jan-delay\/","title":{"rendered":"Stuckrad-Barre und Delay f\u00fchren &#8222;VORGL\u00dcHEN&#8220; im Mai 2026 fort"},"content":{"rendered":"<p>Nach zwei vollst\u00e4ndig ausverkauften Auftritten in Hamburg k\u00fcndigen Benjamin von Stuckrad-Barre und Jan Delay die Fortsetzung ihres B\u00fchnenformats VORGL\u00dcHEN f\u00fcr Mai 2026 an. Vier zus\u00e4tzliche Veranstaltungen in Stuttgart, Frankfurt, D\u00fcsseldorf und M\u00fcnchen bieten eine intime Verbindung aus Lesung und Konzert mit Liedern und Texten von Udo Lindenberg. Unterst\u00fctzt von einer Liveband werden pers\u00f6nliche Hommagen, humorvolle Kommentare und eine dichte musikalische Begleitung mit Stadion-Flair pr\u00e4sentiert. Tickets sind exklusiv \u00fcber Reservix erh\u00e4ltlich.<br \/>\n<!--more--><\/p>\n<div id=\"ez-toc-container\" class=\"ez-toc-v2_0_16 counter-hierarchy\">\n<div class=\"ez-toc-title-container\">\n<p class=\"ez-toc-title\">Inhaltsverzeichnis: Das erwartet Sie in diesem Artikel<\/p>\n<span class=\"ez-toc-title-toggle\"><a class=\"ez-toc-pull-right ez-toc-btn ez-toc-btn-xs ez-toc-btn-default ez-toc-toggle\" style=\"display: none;\"><i class=\"ez-toc-glyphicon ez-toc-icon-toggle\"><\/i><\/a><\/span><\/div>\n<nav><ul class=\"ez-toc-list ez-toc-list-level-1\"><li class=\"ez-toc-page-1 ez-toc-heading-level-2\"><a class=\"ez-toc-link ez-toc-heading-1\" href=\"https:\/\/www.doppelklicker.de\/blog\/vorgluehen-bei-reservix-benjamin-von-stuckrad-barre-jan-delay\/#stuckrad-barre-und-delay-praesentieren-lindenberg-lieder-und-texte-live-leidenschaftlich\" title=\"Stuckrad-Barre und Delay pr\u00e4sentieren Lindenberg-Lieder und Texte live leidenschaftlich\">Stuckrad-Barre und Delay pr\u00e4sentieren Lindenberg-Lieder und Texte live leidenschaftlich<\/a><\/li><li class=\"ez-toc-page-1 ez-toc-heading-level-2\"><a class=\"ez-toc-link ez-toc-heading-2\" href=\"https:\/\/www.doppelklicker.de\/blog\/vorgluehen-bei-reservix-benjamin-von-stuckrad-barre-jan-delay\/#erste-hamburger-shows-binnen-stunden-ausverkauft-kindheitstraum-wurde-wahr\" title=\"Erste Hamburger Shows binnen Stunden ausverkauft: Kindheitstraum wurde wahr\">Erste Hamburger Shows binnen Stunden ausverkauft: Kindheitstraum wurde wahr<\/a><\/li><li class=\"ez-toc-page-1 ez-toc-heading-level-2\"><a class=\"ez-toc-link ez-toc-heading-3\" href=\"https:\/\/www.doppelklicker.de\/blog\/vorgluehen-bei-reservix-benjamin-von-stuckrad-barre-jan-delay\/#hochkaraetige-liveband-sorgt-fuer-dichten-abwechslungsreichen-sound-in-konzerthallen\" title=\"Hochkar\u00e4tige Liveband sorgt f\u00fcr dichten, abwechslungsreichen Sound in Konzerthallen\">Hochkar\u00e4tige Liveband sorgt f\u00fcr dichten, abwechslungsreichen Sound in Konzerthallen<\/a><\/li><li class=\"ez-toc-page-1 ez-toc-heading-level-2\"><a class=\"ez-toc-link ez-toc-heading-4\" href=\"https:\/\/www.doppelklicker.de\/blog\/vorgluehen-bei-reservix-benjamin-von-stuckrad-barre-jan-delay\/#vorgluehen-bietet-intime-lindenberg-hommage-in-liederhalle-stuttgart-mai-2026\" title=\"VORGL\u00dcHEN bietet intime Lindenberg-Hommage in Liederhalle Stuttgart Mai 2026\">VORGL\u00dcHEN bietet intime Lindenberg-Hommage in Liederhalle Stuttgart Mai 2026<\/a><\/li><li class=\"ez-toc-page-1 ez-toc-heading-level-2\"><a class=\"ez-toc-link ez-toc-heading-5\" href=\"https:\/\/www.doppelklicker.de\/blog\/vorgluehen-bei-reservix-benjamin-von-stuckrad-barre-jan-delay\/#reservix-exklusiver-ticketverkauf-fuer-alle-vier-termine-ab-sofort\" title=\"Reservix exklusiver Ticketverkauf f\u00fcr alle vier Termine ab sofort\">Reservix exklusiver Ticketverkauf f\u00fcr alle vier Termine ab sofort<\/a><\/li><li class=\"ez-toc-page-1 ez-toc-heading-level-2\"><a class=\"ez-toc-link ez-toc-heading-6\" href=\"https:\/\/www.doppelklicker.de\/blog\/vorgluehen-bei-reservix-benjamin-von-stuckrad-barre-jan-delay\/#vorgluehen-verbindet-lesung-und-konzert-fuer-lindenberg-fans-im-mai\" title=\"VORGL\u00dcHEN verbindet Lesung und Konzert f\u00fcr Lindenberg-Fans im Mai\">VORGL\u00dcHEN verbindet Lesung und Konzert f\u00fcr Lindenberg-Fans im Mai<\/a><\/li><\/ul><\/nav><\/div>\n<h2><span class=\"ez-toc-section\" id=\"stuckrad-barre-und-delay-praesentieren-lindenberg-lieder-und-texte-live-leidenschaftlich\"><\/span>Stuckrad-Barre und Delay pr\u00e4sentieren Lindenberg-Lieder und Texte live leidenschaftlich<span class=\"ez-toc-section-end\"><\/span><\/h2>\n<p>Bei &#8222;VORGL\u00dcHEN&#8220; verschmelzen Lesung und Konzert zu einem einzigartigen B\u00fchnenformat. Benjamin von Stuckrad-Barre und Jan Delay interpretieren ausgew\u00e4hlte Songs und Texte von Udo Lindenberg, f\u00fcgen aber auch eigene, reflektierende Beitr\u00e4ge hinzu, die ihren pers\u00f6nlichen Bezug zum deutschen Rock-Urvater verdeutlichen. Mit einer Mischung aus Respekt, Begeisterung und Humor werfen sie einen neuen Blick auf das umfangreiche Schaffen Lindenbergs und bereiten das Publikum auf dessen bevorstehenden 80. Geburtstag vor. k\u00fcnstlerisch und inspirierend.<\/p>\n<h2><span class=\"ez-toc-section\" id=\"erste-hamburger-shows-binnen-stunden-ausverkauft-kindheitstraum-wurde-wahr\"><\/span>Erste Hamburger Shows binnen Stunden ausverkauft: Kindheitstraum wurde wahr<span class=\"ez-toc-section-end\"><\/span><\/h2>\n<p>Die ersten beiden Auff\u00fchrungen in Hamburg waren binnen Stunden ausverkauft. Die Moderatoren weisen darauf hin, dass ihre Besch\u00e4ftigung mit dem Werk von Udo Lindenberg bereits in ihrer Kindheit begann. Die poetischen und musikalischen Facetten seiner Lieder beeinflussten ma\u00dfgeblich ihre sprachliche Ausdrucksweise, ihre Leidenschaft f\u00fcr musikalische Darbietungen und ihre Herangehensweise an Performance-Techniken. Dieses fr\u00fch erworbene Verst\u00e4ndnis bildet die Grundlage f\u00fcr ihr aktuelles Programm, das eine pers\u00f6nliche Hommage an den K\u00fcnstler darstellt.<\/p>\n<h2><span class=\"ez-toc-section\" id=\"hochkaraetige-liveband-sorgt-fuer-dichten-abwechslungsreichen-sound-in-konzerthallen\"><\/span>Hochkar\u00e4tige Liveband sorgt f\u00fcr dichten, abwechslungsreichen Sound in Konzerthallen<span class=\"ez-toc-section-end\"><\/span><\/h2>\n<p>Die musikalische Begleitung \u00fcbernimmt eine erlesene Bandbesetzung um Jonas Landerschier an den Keyboards, J\u00f6rg Sander an der Gitarre und Multiinstrumentalist Lieven Brunckhorst, der Saxophon, Fl\u00f6te, Tasteninstrumente und Akkordeon spielt. Diese professionelle Formation erzeugt einen \u00fcppigen, facettenreichen Klangteppich, der durch dynamische Arrangements \u00fcberzeugt und das Publikum mit energiegeladenen Stadion-Atmosph\u00e4ren f\u00fcllt. Durch pr\u00e4zise Abstimmung und abwechslungsreiche Instrumentalparts entsteht ein intensives H\u00f6rerlebnis in jedem Konzertsaal. Die Mischung aus Melodie, Rhythmus und Harmonie beeindruckt.<\/p>\n<h2><span class=\"ez-toc-section\" id=\"vorgluehen-bietet-intime-lindenberg-hommage-in-liederhalle-stuttgart-mai-2026\"><\/span>VORGL\u00dcHEN bietet intime Lindenberg-Hommage in Liederhalle Stuttgart Mai 2026<span class=\"ez-toc-section-end\"><\/span><\/h2>\n<ul>\n<li>Mai 2026 Liederhalle Stuttgart<\/li>\n<li>Mai 2026 Konzert Alte Oper<\/li>\n<li>Tonhalle D\u00fcsseldorf Konzert<\/li>\n<li>Mai 2026 Isarphilharmonie M\u00fcnchen<\/li>\n<\/ul>\n<h2><span class=\"ez-toc-section\" id=\"reservix-exklusiver-ticketverkauf-fuer-alle-vier-termine-ab-sofort\"><\/span>Reservix exklusiver Ticketverkauf f\u00fcr alle vier Termine ab sofort<span class=\"ez-toc-section-end\"><\/span><\/h2>\n<p>Der exklusive Ticketverkauf f\u00fcr alle vier VORGL\u00dcHEN-Termine erfolgt ausschlie\u00dflich \u00fcber Reservix. Aufgrund der starken Nachfrage nach den bereits ausverkauften Hamburger Abendveranstaltungen empfiehlt es sich, fr\u00fchzeitig Tickets zu reservieren. Nur so lassen sich Sitzpl\u00e4tze in den begehrten Konzerts\u00e4len in Stuttgart, Frankfurt, D\u00fcsseldorf und M\u00fcnchen sichern. Wer eine Teilnahme an dieser besonderen Hommage an Udo Lindenberg plant, sollte zeitnah handeln und die verf\u00fcgbaren Kontingente nicht dem Zufall \u00fcberlassen. Jetzt Tickets online buchen.<\/p>\n<h2><span class=\"ez-toc-section\" id=\"vorgluehen-verbindet-lesung-und-konzert-fuer-lindenberg-fans-im-mai\"><\/span>VORGL\u00dcHEN verbindet Lesung und Konzert f\u00fcr Lindenberg-Fans im Mai<span class=\"ez-toc-section-end\"><\/span><\/h2>\n<p>Die Veranstaltungsreihe &#8222;VORGL\u00dcHEN&#8220; verbindet in einer einzigartigen Kombination Elemente aus Lesung und konzertanter Darbietung und richtet sich gezielt an Musik- und Literaturinteressierte. In intensiv gestalteten Programmpunkten treten ausgew\u00e4hlte Udo-Lindenberg-Texte und ?Songs in einen direkten Dialog miteinander und werden durch pers\u00f6nliche Moderationsbeitr\u00e4ge erg\u00e4nzt. Eine renommierte Liveband sorgt mit pr\u00e4ziser Instrumentalbegleitung f\u00fcr authentische Klangwelten, w\u00e4hrend der exklusive Vorverkauf \u00fcber Reservix f\u00fcr eine begrenzte Verf\u00fcgbarkeit der Eintrittskarten im Mai 2026 sorgt und Atmosph\u00e4re.<\/p>\n","protected":false},"excerpt":{"rendered":"<p>Nach zwei vollst\u00e4ndig ausverkauften Auftritten in Hamburg k\u00fcndigen Benjamin von Stuckrad-Barre und Jan Delay die Fortsetzung ihres B\u00fchnenformats VORGL\u00dcHEN f\u00fcr Mai 2026 an. Vier zus\u00e4tzliche Veranstaltungen in Stuttgart, Frankfurt, D\u00fcsseldorf und M\u00fcnchen bieten eine intime Verbindung aus Lesung und Konzert mit Liedern und Texten von Udo Lindenberg. Unterst\u00fctzt von einer Liveband werden pers\u00f6nliche Hommagen, humorvolle<\/p>\n<div class=\"read-more\"><a href=\"https:\/\/www.doppelklicker.de\/blog\/vorgluehen-bei-reservix-benjamin-von-stuckrad-barre-jan-delay\/\" title=\"Jetzt alles lesen\">Jetzt alles lesen<\/a><\/div>\n","protected":false},"author":8,"featured_media":11698,"comment_status":"open","ping_status":"open","sticky":false,"template":"","format":"standard","meta":[],"categories":[3305],"tags":[],"yoast_head":"<!-- This site is optimized with the Yoast SEO plugin v18.2 - https:\/\/yoast.com\/wordpress\/plugins\/seo\/ -->\n<meta name=\"robots\" content=\"index, follow, max-snippet:-1, max-image-preview:large, max-video-preview:-1\" \/>\n<link rel=\"canonical\" href=\"https:\/\/www.doppelklicker.de\/blog\/vorgluehen-bei-reservix-benjamin-von-stuckrad-barre-jan-delay\/\" \/>\n<meta property=\"og:locale\" content=\"de_DE\" \/>\n<meta property=\"og:type\" content=\"article\" \/>\n<meta property=\"og:title\" content=\"Stuckrad-Barre und Delay f\u00fchren &quot;VORGL\u00dcHEN&quot; im Mai 2026 fort\" \/>\n<meta property=\"og:description\" content=\"Nach zwei vollst\u00e4ndig ausverkauften Auftritten in Hamburg k\u00fcndigen Benjamin von Stuckrad-Barre und Jan Delay die Fortsetzung ihres B\u00fchnenformats VORGL\u00dcHEN f\u00fcr Mai 2026 an. Vier zus\u00e4tzliche Veranstaltungen in Stuttgart, Frankfurt, D\u00fcsseldorf und M\u00fcnchen bieten eine intime Verbindung aus Lesung und Konzert mit Liedern und Texten von Udo Lindenberg. Unterst\u00fctzt von einer Liveband werden pers\u00f6nliche Hommagen, humorvolleJetzt alles lesen\" \/>\n<meta property=\"og:url\" content=\"https:\/\/www.doppelklicker.de\/blog\/vorgluehen-bei-reservix-benjamin-von-stuckrad-barre-jan-delay\/\" \/>\n<meta property=\"og:site_name\" content=\"Aus Mainz.\" \/>\n<meta property=\"article:published_time\" content=\"2026-01-27T07:00:00+00:00\" \/>\n<meta property=\"og:image\" content=\"https:\/\/www.doppelklicker.de\/blog\/wp-content\/uploads\/2026\/01\/stuckrad-barre-und-delay-fuehren-vorgluehen-im-mai-2026-27802.jpg\" \/>\n\t<meta property=\"og:image:width\" content=\"1280\" \/>\n\t<meta property=\"og:image:height\" content=\"615\" \/>\n\t<meta property=\"og:image:type\" content=\"image\/jpeg\" \/>\n<meta name=\"twitter:card\" content=\"summary_large_image\" \/>\n<meta name=\"twitter:label1\" content=\"Verfasst von\" \/>\n\t<meta name=\"twitter:data1\" content=\"Iris Martin\" \/>\n\t<meta name=\"twitter:label2\" content=\"Gesch\u00e4tzte Lesezeit\" \/>\n\t<meta name=\"twitter:data2\" content=\"3 Minuten\" \/>\n<script type=\"application\/ld+json\" class=\"yoast-schema-graph\">{\"@context\":\"https:\/\/schema.org\",\"@graph\":[{\"@type\":\"WebSite\",\"@id\":\"https:\/\/www.doppelklicker.de\/blog\/#website\",\"url\":\"https:\/\/www.doppelklicker.de\/blog\/\",\"name\":\"Aus Mainz.\",\"description\":\"F\u00fcr die Welt.\",\"potentialAction\":[{\"@type\":\"SearchAction\",\"target\":{\"@type\":\"EntryPoint\",\"urlTemplate\":\"https:\/\/www.doppelklicker.de\/blog\/?s={search_term_string}\"},\"query-input\":\"required name=search_term_string\"}],\"inLanguage\":\"de-DE\"},{\"@type\":\"ImageObject\",\"@id\":\"https:\/\/www.doppelklicker.de\/blog\/vorgluehen-bei-reservix-benjamin-von-stuckrad-barre-jan-delay\/#primaryimage\",\"inLanguage\":\"de-DE\",\"url\":\"https:\/\/www.doppelklicker.de\/blog\/wp-content\/uploads\/2026\/01\/stuckrad-barre-und-delay-fuehren-vorgluehen-im-mai-2026-27802.jpg\",\"contentUrl\":\"https:\/\/www.doppelklicker.de\/blog\/wp-content\/uploads\/2026\/01\/stuckrad-barre-und-delay-fuehren-vorgluehen-im-mai-2026-27802.jpg\",\"width\":1280,\"height\":615,\"caption\":\"Stuckrad-Barre und Delay f\u00fchren \\\"VORGL\u00dcHEN\\\" im Mai 2026 fort (Foto: Thomas Leidig)\"},{\"@type\":\"WebPage\",\"@id\":\"https:\/\/www.doppelklicker.de\/blog\/vorgluehen-bei-reservix-benjamin-von-stuckrad-barre-jan-delay\/#webpage\",\"url\":\"https:\/\/www.doppelklicker.de\/blog\/vorgluehen-bei-reservix-benjamin-von-stuckrad-barre-jan-delay\/\",\"name\":\"Stuckrad-Barre und Delay f\u00fchren \\\"VORGL\u00dcHEN\\\" im Mai 2026 fort\",\"isPartOf\":{\"@id\":\"https:\/\/www.doppelklicker.de\/blog\/#website\"},\"primaryImageOfPage\":{\"@id\":\"https:\/\/www.doppelklicker.de\/blog\/vorgluehen-bei-reservix-benjamin-von-stuckrad-barre-jan-delay\/#primaryimage\"},\"datePublished\":\"2026-01-27T07:00:00+00:00\",\"dateModified\":\"2026-01-27T07:00:00+00:00\",\"author\":{\"@id\":\"https:\/\/www.doppelklicker.de\/blog\/#\/schema\/person\/08dcac172bdb025e8ff433488184668a\"},\"breadcrumb\":{\"@id\":\"https:\/\/www.doppelklicker.de\/blog\/vorgluehen-bei-reservix-benjamin-von-stuckrad-barre-jan-delay\/#breadcrumb\"},\"inLanguage\":\"de-DE\",\"potentialAction\":[{\"@type\":\"ReadAction\",\"target\":[\"https:\/\/www.doppelklicker.de\/blog\/vorgluehen-bei-reservix-benjamin-von-stuckrad-barre-jan-delay\/\"]}]},{\"@type\":\"BreadcrumbList\",\"@id\":\"https:\/\/www.doppelklicker.de\/blog\/vorgluehen-bei-reservix-benjamin-von-stuckrad-barre-jan-delay\/#breadcrumb\",\"itemListElement\":[{\"@type\":\"ListItem\",\"position\":1,\"name\":\"Startseite\",\"item\":\"https:\/\/www.doppelklicker.de\/blog\/\"},{\"@type\":\"ListItem\",\"position\":2,\"name\":\"Stuckrad-Barre und Delay f\u00fchren &#8222;VORGL\u00dcHEN&#8220; im Mai 2026 fort\"}]},{\"@type\":\"Person\",\"@id\":\"https:\/\/www.doppelklicker.de\/blog\/#\/schema\/person\/08dcac172bdb025e8ff433488184668a\",\"name\":\"Iris Martin\",\"image\":{\"@type\":\"ImageObject\",\"@id\":\"https:\/\/www.doppelklicker.de\/blog\/#personlogo\",\"inLanguage\":\"de-DE\",\"url\":\"https:\/\/secure.gravatar.com\/avatar\/82fdaa093be0b9686b531f99fcb54d15?s=96&d=wp_user_avatar&r=g\",\"contentUrl\":\"https:\/\/secure.gravatar.com\/avatar\/82fdaa093be0b9686b531f99fcb54d15?s=96&d=wp_user_avatar&r=g\",\"caption\":\"Iris Martin\"},\"url\":\"https:\/\/www.doppelklicker.de\/blog\/author\/iris-martin\/\"}]}<\/script>\n<!-- \/ Yoast SEO plugin. -->","yoast_head_json":{"robots":{"index":"index","follow":"follow","max-snippet":"max-snippet:-1","max-image-preview":"max-image-preview:large","max-video-preview":"max-video-preview:-1"},"canonical":"https:\/\/www.doppelklicker.de\/blog\/vorgluehen-bei-reservix-benjamin-von-stuckrad-barre-jan-delay\/","og_locale":"de_DE","og_type":"article","og_title":"Stuckrad-Barre und Delay f\u00fchren \"VORGL\u00dcHEN\" im Mai 2026 fort","og_description":"Nach zwei vollst\u00e4ndig ausverkauften Auftritten in Hamburg k\u00fcndigen Benjamin von Stuckrad-Barre und Jan Delay die Fortsetzung ihres B\u00fchnenformats VORGL\u00dcHEN f\u00fcr Mai 2026 an. Vier zus\u00e4tzliche Veranstaltungen in Stuttgart, Frankfurt, D\u00fcsseldorf und M\u00fcnchen bieten eine intime Verbindung aus Lesung und Konzert mit Liedern und Texten von Udo Lindenberg. Unterst\u00fctzt von einer Liveband werden pers\u00f6nliche Hommagen, humorvolleJetzt alles lesen","og_url":"https:\/\/www.doppelklicker.de\/blog\/vorgluehen-bei-reservix-benjamin-von-stuckrad-barre-jan-delay\/","og_site_name":"Aus Mainz.","article_published_time":"2026-01-27T07:00:00+00:00","og_image":[{"width":1280,"height":615,"url":"https:\/\/www.doppelklicker.de\/blog\/wp-content\/uploads\/2026\/01\/stuckrad-barre-und-delay-fuehren-vorgluehen-im-mai-2026-27802.jpg","type":"image\/jpeg"}],"twitter_card":"summary_large_image","twitter_misc":{"Verfasst von":"Iris Martin","Gesch\u00e4tzte Lesezeit":"3 Minuten"},"schema":{"@context":"https:\/\/schema.org","@graph":[{"@type":"WebSite","@id":"https:\/\/www.doppelklicker.de\/blog\/#website","url":"https:\/\/www.doppelklicker.de\/blog\/","name":"Aus Mainz.","description":"F\u00fcr die Welt.","potentialAction":[{"@type":"SearchAction","target":{"@type":"EntryPoint","urlTemplate":"https:\/\/www.doppelklicker.de\/blog\/?s={search_term_string}"},"query-input":"required name=search_term_string"}],"inLanguage":"de-DE"},{"@type":"ImageObject","@id":"https:\/\/www.doppelklicker.de\/blog\/vorgluehen-bei-reservix-benjamin-von-stuckrad-barre-jan-delay\/#primaryimage","inLanguage":"de-DE","url":"https:\/\/www.doppelklicker.de\/blog\/wp-content\/uploads\/2026\/01\/stuckrad-barre-und-delay-fuehren-vorgluehen-im-mai-2026-27802.jpg","contentUrl":"https:\/\/www.doppelklicker.de\/blog\/wp-content\/uploads\/2026\/01\/stuckrad-barre-und-delay-fuehren-vorgluehen-im-mai-2026-27802.jpg","width":1280,"height":615,"caption":"Stuckrad-Barre und Delay f\u00fchren \"VORGL\u00dcHEN\" im Mai 2026 fort (Foto: Thomas Leidig)"},{"@type":"WebPage","@id":"https:\/\/www.doppelklicker.de\/blog\/vorgluehen-bei-reservix-benjamin-von-stuckrad-barre-jan-delay\/#webpage","url":"https:\/\/www.doppelklicker.de\/blog\/vorgluehen-bei-reservix-benjamin-von-stuckrad-barre-jan-delay\/","name":"Stuckrad-Barre und Delay f\u00fchren \"VORGL\u00dcHEN\" im Mai 2026 fort","isPartOf":{"@id":"https:\/\/www.doppelklicker.de\/blog\/#website"},"primaryImageOfPage":{"@id":"https:\/\/www.doppelklicker.de\/blog\/vorgluehen-bei-reservix-benjamin-von-stuckrad-barre-jan-delay\/#primaryimage"},"datePublished":"2026-01-27T07:00:00+00:00","dateModified":"2026-01-27T07:00:00+00:00","author":{"@id":"https:\/\/www.doppelklicker.de\/blog\/#\/schema\/person\/08dcac172bdb025e8ff433488184668a"},"breadcrumb":{"@id":"https:\/\/www.doppelklicker.de\/blog\/vorgluehen-bei-reservix-benjamin-von-stuckrad-barre-jan-delay\/#breadcrumb"},"inLanguage":"de-DE","potentialAction":[{"@type":"ReadAction","target":["https:\/\/www.doppelklicker.de\/blog\/vorgluehen-bei-reservix-benjamin-von-stuckrad-barre-jan-delay\/"]}]},{"@type":"BreadcrumbList","@id":"https:\/\/www.doppelklicker.de\/blog\/vorgluehen-bei-reservix-benjamin-von-stuckrad-barre-jan-delay\/#breadcrumb","itemListElement":[{"@type":"ListItem","position":1,"name":"Startseite","item":"https:\/\/www.doppelklicker.de\/blog\/"},{"@type":"ListItem","position":2,"name":"Stuckrad-Barre und Delay f\u00fchren &#8222;VORGL\u00dcHEN&#8220; im Mai 2026 fort"}]},{"@type":"Person","@id":"https:\/\/www.doppelklicker.de\/blog\/#\/schema\/person\/08dcac172bdb025e8ff433488184668a","name":"Iris Martin","image":{"@type":"ImageObject","@id":"https:\/\/www.doppelklicker.de\/blog\/#personlogo","inLanguage":"de-DE","url":"https:\/\/secure.gravatar.com\/avatar\/82fdaa093be0b9686b531f99fcb54d15?s=96&d=wp_user_avatar&r=g","contentUrl":"https:\/\/secure.gravatar.com\/avatar\/82fdaa093be0b9686b531f99fcb54d15?s=96&d=wp_user_avatar&r=g","caption":"Iris Martin"},"url":"https:\/\/www.doppelklicker.de\/blog\/author\/iris-martin\/"}]}},"_links":{"self":[{"href":"https:\/\/www.doppelklicker.de\/blog\/wp-json\/wp\/v2\/posts\/11696"}],"collection":[{"href":"https:\/\/www.doppelklicker.de\/blog\/wp-json\/wp\/v2\/posts"}],"about":[{"href":"https:\/\/www.doppelklicker.de\/blog\/wp-json\/wp\/v2\/types\/post"}],"author":[{"embeddable":true,"href":"https:\/\/www.doppelklicker.de\/blog\/wp-json\/wp\/v2\/users\/8"}],"replies":[{"embeddable":true,"href":"https:\/\/www.doppelklicker.de\/blog\/wp-json\/wp\/v2\/comments?post=11696"}],"version-history":[{"count":0,"href":"https:\/\/www.doppelklicker.de\/blog\/wp-json\/wp\/v2\/posts\/11696\/revisions"}],"wp:featuredmedia":[{"embeddable":true,"href":"https:\/\/www.doppelklicker.de\/blog\/wp-json\/wp\/v2\/media\/11698"}],"wp:attachment":[{"href":"https:\/\/www.doppelklicker.de\/blog\/wp-json\/wp\/v2\/media?parent=11696"}],"wp:term":[{"taxonomy":"category","embeddable":true,"href":"https:\/\/www.doppelklicker.de\/blog\/wp-json\/wp\/v2\/categories?post=11696"},{"taxonomy":"post_tag","embeddable":true,"href":"https:\/\/www.doppelklicker.de\/blog\/wp-json\/wp\/v2\/tags?post=11696"}],"curies":[{"name":"wp","href":"https:\/\/api.w.org\/{rel}","templated":true}]}}