{"id":11873,"date":"2026-03-12T08:00:00","date_gmt":"2026-03-12T06:00:00","guid":{"rendered":"guid"},"modified":"2026-03-12T08:00:00","modified_gmt":"2026-03-12T06:00:00","slug":"pro-mobility-informationstag-elektromobilitaet-fuer-hotels-gastronomie","status":"publish","type":"post","link":"https:\/\/www.doppelklicker.de\/blog\/pro-mobility-informationstag-elektromobilitaet-fuer-hotels-gastronomie\/","title":{"rendered":"Marktpotenziale Gastgewerbe Chancen Elektroinstallateure Partnerschaften Projektstrukturen erfolgreich etablieren Erweiterung"},"content":{"rendered":"<p>Der hybride PRO.mobility Informationstag am 25. M\u00e4rz 2026 richtet sich an Betreiber und Dienstleister im Gastgewerbe. Zwischen 10:00 und 15:30 Uhr bieten Experten im Hotel Kompetenzzentrum Oberschlei\u00dfheim und online praxisnahe Einblicke in technische Standards von Ladeinfrastruktur, Lastmanagementstrategien und n\u00f6tige IT-Schnittstellen. Wirtschaftlichkeitsanalysen inklusive Beispielkalkulationen sowie F\u00f6rder- und Finanzierungsoptionen stehen im Fokus. Anhand realer Fallstudien erfahren Teilnehmer, wie sie Elektromobilit\u00e4tsservices gewinnbringend implementieren und gleichzeitig die Energieeffizienz ihrer Betriebe verbessern effizient und nachhaltig.<br \/>\n<!--more--><\/p>\n<div id=\"ez-toc-container\" class=\"ez-toc-v2_0_16 counter-hierarchy\">\n<div class=\"ez-toc-title-container\">\n<p class=\"ez-toc-title\">Inhaltsverzeichnis: Das erwartet Sie in diesem Artikel<\/p>\n<span class=\"ez-toc-title-toggle\"><a class=\"ez-toc-pull-right ez-toc-btn ez-toc-btn-xs ez-toc-btn-default ez-toc-toggle\" style=\"display: none;\"><i class=\"ez-toc-glyphicon ez-toc-icon-toggle\"><\/i><\/a><\/span><\/div>\n<nav><ul class=\"ez-toc-list ez-toc-list-level-1\"><li class=\"ez-toc-page-1 ez-toc-heading-level-2\"><a class=\"ez-toc-link ez-toc-heading-1\" href=\"https:\/\/www.doppelklicker.de\/blog\/pro-mobility-informationstag-elektromobilitaet-fuer-hotels-gastronomie\/#hybrider-wissenstransfer-kompakt-praxis-ladeinfrastruktur-fuer-hotel-und-restaurantbetriebe\" title=\"Hybrider Wissenstransfer kompakt: Praxis Ladeinfrastruktur f\u00fcr Hotel- und Restaurantbetriebe\">Hybrider Wissenstransfer kompakt: Praxis Ladeinfrastruktur f\u00fcr Hotel- und Restaurantbetriebe<\/a><\/li><li class=\"ez-toc-page-1 ez-toc-heading-level-2\"><a class=\"ez-toc-link ez-toc-heading-2\" href=\"https:\/\/www.doppelklicker.de\/blog\/pro-mobility-informationstag-elektromobilitaet-fuer-hotels-gastronomie\/#experten-vermitteln-konzepte-fuer-reibungslose-abrechnung-und-it-anbindung-ladesaeulen\" title=\"Experten vermitteln Konzepte f\u00fcr reibungslose Abrechnung und IT-Anbindung Lades\u00e4ulen\">Experten vermitteln Konzepte f\u00fcr reibungslose Abrechnung und IT-Anbindung Lades\u00e4ulen<\/a><\/li><li class=\"ez-toc-page-1 ez-toc-heading-level-2\"><a class=\"ez-toc-link ez-toc-heading-3\" href=\"https:\/\/www.doppelklicker.de\/blog\/pro-mobility-informationstag-elektromobilitaet-fuer-hotels-gastronomie\/#regionale-foerdermoeglichkeiten-und-voraussetzungen-praxisnah-umfassend-fuer-gastronomiebetriebe-erklaert\" title=\"Regionale F\u00f6rderm\u00f6glichkeiten und Voraussetzungen praxisnah, umfassend f\u00fcr Gastronomiebetriebe erkl\u00e4rt\">Regionale F\u00f6rderm\u00f6glichkeiten und Voraussetzungen praxisnah, umfassend f\u00fcr Gastronomiebetriebe erkl\u00e4rt<\/a><\/li><li class=\"ez-toc-page-1 ez-toc-heading-level-2\"><a class=\"ez-toc-link ez-toc-heading-4\" href=\"https:\/\/www.doppelklicker.de\/blog\/pro-mobility-informationstag-elektromobilitaet-fuer-hotels-gastronomie\/#konkrete-praxisorientierte-best-practice-beispiele-aus-energieeffizienter-gastronomie-veranschaulichen-erfolgreiche-projektablaeufe\" title=\"Konkrete, praxisorientierte Best-Practice-Beispiele aus energieeffizienter Gastronomie veranschaulichen erfolgreiche Projektabl\u00e4ufe\">Konkrete, praxisorientierte Best-Practice-Beispiele aus energieeffizienter Gastronomie veranschaulichen erfolgreiche Projektabl\u00e4ufe<\/a><\/li><li class=\"ez-toc-page-1 ez-toc-heading-level-2\"><a class=\"ez-toc-link ez-toc-heading-5\" href=\"https:\/\/www.doppelklicker.de\/blog\/pro-mobility-informationstag-elektromobilitaet-fuer-hotels-gastronomie\/#promobility-erlaeutert-partnerstrukturen-zwischen-hoteliers-und-elektroinstallateuren-praxisorientiert-anschaulich\" title=\"PRO.mobility erl\u00e4utert Partnerstrukturen zwischen Hoteliers und Elektroinstallateuren praxisorientiert anschaulich\">PRO.mobility erl\u00e4utert Partnerstrukturen zwischen Hoteliers und Elektroinstallateuren praxisorientiert anschaulich<\/a><\/li><li class=\"ez-toc-page-1 ez-toc-heading-level-2\"><a class=\"ez-toc-link ez-toc-heading-6\" href=\"https:\/\/www.doppelklicker.de\/blog\/pro-mobility-informationstag-elektromobilitaet-fuer-hotels-gastronomie\/#mischformat-aus-praesenz-und-online-maximiert-networking-fuer-ladeinfrastrukturprojekte\" title=\"Mischformat aus Pr\u00e4senz und Online maximiert Networking f\u00fcr Ladeinfrastrukturprojekte\">Mischformat aus Pr\u00e4senz und Online maximiert Networking f\u00fcr Ladeinfrastrukturprojekte<\/a><\/li><li class=\"ez-toc-page-1 ez-toc-heading-level-2\"><a class=\"ez-toc-link ez-toc-heading-7\" href=\"https:\/\/www.doppelklicker.de\/blog\/pro-mobility-informationstag-elektromobilitaet-fuer-hotels-gastronomie\/#informationstag-vernetzt-hoteliers-installateure-und-fachplaner-fuer-effiziente-ladeprojekte\" title=\"Informationstag vernetzt Hoteliers, Installateure und Fachplaner f\u00fcr effiziente Ladeprojekte\">Informationstag vernetzt Hoteliers, Installateure und Fachplaner f\u00fcr effiziente Ladeprojekte<\/a><\/li><\/ul><\/nav><\/div>\n<h2><span class=\"ez-toc-section\" id=\"hybrider-wissenstransfer-kompakt-praxis-ladeinfrastruktur-fuer-hotel-und-restaurantbetriebe\"><\/span>Hybrider Wissenstransfer kompakt: Praxis Ladeinfrastruktur f\u00fcr Hotel- und Restaurantbetriebe<span class=\"ez-toc-section-end\"><\/span><\/h2>\n<p>PRO.mobility veranstaltet am 25. M\u00e4rz 2026 einen hybriden Informationstag &#8222;Elektromobilit\u00e4t f\u00fcr Hotels &#038; Gastronomie&#8220; f\u00fcr maximal 30 Vor-Ort- und unbegrenzte Online-Teilnehmer. Von 10 bis 15:30 Uhr bieten Fachvortr\u00e4ge, Fallstudien und moderierte Workshops praxisnahes Wissen zu Ladeinfrastruktur in Hotellerie und Gastronomie. Thematisch im Fokus stehen Standortanalyse, technische Umsetzung, Abrechnungsmodelle und F\u00f6rdermittel. Teilnehmer profitieren von pers\u00f6nlicher Beratung, Erfahrungsaustausch und dem Aufbau eines nachhaltigen Netzwerks f\u00fcr zuk\u00fcnftige Projekte ihrer Betriebe. Praktisch. Konkret. Anwendungsorientiert.<\/p>\n<h2><span class=\"ez-toc-section\" id=\"experten-vermitteln-konzepte-fuer-reibungslose-abrechnung-und-it-anbindung-ladesaeulen\"><\/span>Experten vermitteln Konzepte f\u00fcr reibungslose Abrechnung und IT-Anbindung Lades\u00e4ulen<span class=\"ez-toc-section-end\"><\/span><\/h2>\n<p>Durch Fachvortr\u00e4ge und praxisnahe Demonstrationen erhalten die Teilnehmer detaillierte Einblicke in die technische Konzeption von Ladeinfrastruktur, einschlie\u00dflich Leistungsklassen, Sicherheitskomponenten und Kommunikationsprotokollen. Experten erl\u00e4utern die wesentlichen Faktoren f\u00fcr eine erfolgreiche Standortplanung und geben Tipps zur optimalen Integration in bestehende Geb\u00e4ude- und Energiesysteme. Teilnehmer lernen zudem die Funktionsweise verschiedener Abrechnungsmodelle kennen und erfahren, wie die notwendigen IT-Schnittstellen eingerichtet werden, um den Ladevorgang vollautomatisiert ohne zus\u00e4tzlichen Personalaufwand abzuwickeln und Betriebssicherheit dauerhaft zu gew\u00e4hrleisten.<\/p>\n<h2><span class=\"ez-toc-section\" id=\"regionale-foerdermoeglichkeiten-und-voraussetzungen-praxisnah-umfassend-fuer-gastronomiebetriebe-erklaert\"><\/span>Regionale F\u00f6rderm\u00f6glichkeiten und Voraussetzungen praxisnah, umfassend f\u00fcr Gastronomiebetriebe erkl\u00e4rt<span class=\"ez-toc-section-end\"><\/span><\/h2>\n<p>W\u00e4hrend der Veranstaltung werden mehrere Erl\u00f6s- und Finanzierungsstrategien f\u00fcr Ladestationen in Hotellerie und Gastronomie vorgestellt. Diese reichen von privat finanzierten, selbstorganisierten Installationen bis zu Projekten mit \u00f6ffentlicher F\u00f6rderung. Der Fokus liegt auf praxisgerechten Informationen zu Zusch\u00fcssen, Kreditlinien sowie regionalen und nationalen F\u00f6rderprogrammen. Ausf\u00fchrlich werden die jeweiligen Antragsvoraussetzungen, F\u00f6rders\u00e4tze und notwendigen Dokumente pr\u00e4sentiert. So k\u00f6nnen Teilnehmer ihre Finanzierungsplanung optimieren und die wirtschaftliche Realisierung ihrer E-Mobilit\u00e4tsangebote sicherstellen.<\/p>\n<h2><span class=\"ez-toc-section\" id=\"konkrete-praxisorientierte-best-practice-beispiele-aus-energieeffizienter-gastronomie-veranschaulichen-erfolgreiche-projektablaeufe\"><\/span>Konkrete, praxisorientierte Best-Practice-Beispiele aus energieeffizienter Gastronomie veranschaulichen erfolgreiche Projektabl\u00e4ufe<span class=\"ez-toc-section-end\"><\/span><\/h2>\n<p>Erfolgreiche Praxisinstallationen von Ladestationen in Hotels und Restaurants illustrieren effiziente Projektabl\u00e4ufe. Anhand dieser Beispiele gewinnen die Anwender detailliertes Wissen \u00fcber Standortauswahl, Netzintegration und technische Komponenten. Sie sehen, wie modulare Konzepte eine flexible Erweiterung erm\u00f6glichen und Abrechnungssysteme reibungslos funktionieren. Dar\u00fcber hinaus werden Strategien zum Lastmanagement gezeigt, die den Energieverbrauch optimieren. So lassen sich G\u00e4ste mit attraktivem E-Ladeservice begeistern und die betriebliche Energieeffizienz nachhaltig steigern. Teilnehmer erhalten praxisnahe Benchmarks und Handlungsempfehlungen.<\/p>\n<h2><span class=\"ez-toc-section\" id=\"promobility-erlaeutert-partnerstrukturen-zwischen-hoteliers-und-elektroinstallateuren-praxisorientiert-anschaulich\"><\/span>PRO.mobility erl\u00e4utert Partnerstrukturen zwischen Hoteliers und Elektroinstallateuren praxisorientiert anschaulich<span class=\"ez-toc-section-end\"><\/span><\/h2>\n<p>Im Fokus der Veranstaltung stehen neue Potenziale f\u00fcr Elektroinstallationsbetriebe im Hotel- und Gastronomiebereich. PRO.mobility vermittelt praxisorientiert, wie Fachbetriebe ihre elektrotechnischen F\u00e4higkeiten nutzen, um Ladeinfrastruktur zu planen, zu montieren und zu warten. Ausgew\u00e4hlte Praxisbeispiele demonstrieren erfolgreiche Projektabl\u00e4ufe in Hotels. Zudem werden Modelle zur Zusammenarbeit mit Hoteliers vorgestellt, die eine klare Rollenverteilung und effiziente Projektkoordination erm\u00f6glichen. F\u00f6rderprogramme auf regionaler und nationaler Ebene runden das Informationsangebot ab und praxisnahe Handlungsempfehlungen f\u00fcr nachhaltige Elektromobilit\u00e4tskonzepte.<\/p>\n<h2><span class=\"ez-toc-section\" id=\"mischformat-aus-praesenz-und-online-maximiert-networking-fuer-ladeinfrastrukturprojekte\"><\/span>Mischformat aus Pr\u00e4senz und Online maximiert Networking f\u00fcr Ladeinfrastrukturprojekte<span class=\"ez-toc-section-end\"><\/span><\/h2>\n<p>Der Informationstag stellt eine gezielte Plattform bereit, auf der Hotelbetreiber, Elektrofachbetriebe und Planungsingenieure in einem kombinierten Pr\u00e4senz- und Online-Format praxisnahe L\u00f6sungsans\u00e4tze f\u00fcr Ladeinfrastrukturprojekte im Gastgewerbe erarbeiten. Die Begrenzung auf 30 Vor-Ort-Teilnehmer erzeugt eine intime Arbeitsgruppe, w\u00e4hrend digitale Teilnehmer Zugriff auf Live-Demos, Q&#038;A-Runden und Networking-Sessions haben. So verkn\u00fcpfen sich lokale Expertise und virtuelle Reichweite, um Projektentwicklungen agil zu gestalten und Herausforderungen effizient zu meistern. Sie unterst\u00fctzen standardisierte Prozesse, Verantwortlichkeiten und Qualit\u00e4tskontrollen.<\/p>\n<h2><span class=\"ez-toc-section\" id=\"informationstag-vernetzt-hoteliers-installateure-und-fachplaner-fuer-effiziente-ladeprojekte\"><\/span>Informationstag vernetzt Hoteliers, Installateure und Fachplaner f\u00fcr effiziente Ladeprojekte<span class=\"ez-toc-section-end\"><\/span><\/h2>\n<p>Im Informationsworkshop erlangen Hotel- und Gastrobetriebe praxisorientiertes Know-how zur wirtschaftlichen Implementierung von E-Lades\u00e4ulen. Experten erl\u00e4utern technische Infrastruktur, Softwareschnittstellen und Abrechnungsl\u00f6sungen ohne Personalmehrbelastung. Gleichzeitig identifizieren Elektroinstallateure neue Business-Potenziale und entwickeln ma\u00dfgeschneiderte Projektstrategien. Der intensive Austausch schafft ein belastbares Netzwerk zwischen Betreibern und Fachhandwerk. G\u00e4ste profitieren von benutzerfreundlichen Ladeangeboten und nachhaltigen Mobilit\u00e4tsservices vor Ort. Die Teilnahme f\u00f6rdert langfristig betriebliche Effizienz, st\u00e4rkt die Kundenloyalit\u00e4t und sichert die Zukunftsf\u00e4higkeit der Betriebe signifikant messbar erfolgreich.<\/p>\n","protected":false},"excerpt":{"rendered":"<p>Der hybride PRO.mobility Informationstag am 25. M\u00e4rz 2026 richtet sich an Betreiber und Dienstleister im Gastgewerbe. Zwischen 10:00 und 15:30 Uhr bieten Experten im Hotel Kompetenzzentrum Oberschlei\u00dfheim und online praxisnahe Einblicke in technische Standards von Ladeinfrastruktur, Lastmanagementstrategien und n\u00f6tige IT-Schnittstellen. Wirtschaftlichkeitsanalysen inklusive Beispielkalkulationen sowie F\u00f6rder- und Finanzierungsoptionen stehen im Fokus. Anhand realer Fallstudien erfahren Teilnehmer,<\/p>\n<div class=\"read-more\"><a href=\"https:\/\/www.doppelklicker.de\/blog\/pro-mobility-informationstag-elektromobilitaet-fuer-hotels-gastronomie\/\" title=\"Jetzt alles lesen\">Jetzt alles lesen<\/a><\/div>\n","protected":false},"author":8,"featured_media":11874,"comment_status":"open","ping_status":"open","sticky":false,"template":"","format":"standard","meta":[],"categories":[3305],"tags":[],"yoast_head":"<!-- This site is optimized with the Yoast SEO plugin v18.2 - https:\/\/yoast.com\/wordpress\/plugins\/seo\/ -->\n<meta name=\"robots\" content=\"index, follow, max-snippet:-1, max-image-preview:large, max-video-preview:-1\" \/>\n<link rel=\"canonical\" href=\"https:\/\/www.doppelklicker.de\/blog\/pro-mobility-informationstag-elektromobilitaet-fuer-hotels-gastronomie\/\" \/>\n<meta property=\"og:locale\" content=\"de_DE\" \/>\n<meta property=\"og:type\" content=\"article\" \/>\n<meta property=\"og:title\" content=\"Marktpotenziale Gastgewerbe Chancen Elektroinstallateure Partnerschaften Projektstrukturen erfolgreich etablieren Erweiterung\" \/>\n<meta property=\"og:description\" content=\"Der hybride PRO.mobility Informationstag am 25. M\u00e4rz 2026 richtet sich an Betreiber und Dienstleister im Gastgewerbe. Zwischen 10:00 und 15:30 Uhr bieten Experten im Hotel Kompetenzzentrum Oberschlei\u00dfheim und online praxisnahe Einblicke in technische Standards von Ladeinfrastruktur, Lastmanagementstrategien und n\u00f6tige IT-Schnittstellen. Wirtschaftlichkeitsanalysen inklusive Beispielkalkulationen sowie F\u00f6rder- und Finanzierungsoptionen stehen im Fokus. Anhand realer Fallstudien erfahren Teilnehmer,Jetzt alles lesen\" \/>\n<meta property=\"og:url\" content=\"https:\/\/www.doppelklicker.de\/blog\/pro-mobility-informationstag-elektromobilitaet-fuer-hotels-gastronomie\/\" \/>\n<meta property=\"og:site_name\" content=\"Aus Mainz.\" \/>\n<meta property=\"article:published_time\" content=\"2026-03-12T06:00:00+00:00\" \/>\n<meta name=\"twitter:card\" content=\"summary_large_image\" \/>\n<meta name=\"twitter:label1\" content=\"Verfasst von\" \/>\n\t<meta name=\"twitter:data1\" content=\"Iris Martin\" \/>\n\t<meta name=\"twitter:label2\" content=\"Gesch\u00e4tzte Lesezeit\" \/>\n\t<meta name=\"twitter:data2\" content=\"3 Minuten\" \/>\n<script type=\"application\/ld+json\" class=\"yoast-schema-graph\">{\"@context\":\"https:\/\/schema.org\",\"@graph\":[{\"@type\":\"WebSite\",\"@id\":\"https:\/\/www.doppelklicker.de\/blog\/#website\",\"url\":\"https:\/\/www.doppelklicker.de\/blog\/\",\"name\":\"Aus Mainz.\",\"description\":\"F\u00fcr die Welt.\",\"potentialAction\":[{\"@type\":\"SearchAction\",\"target\":{\"@type\":\"EntryPoint\",\"urlTemplate\":\"https:\/\/www.doppelklicker.de\/blog\/?s={search_term_string}\"},\"query-input\":\"required name=search_term_string\"}],\"inLanguage\":\"de-DE\"},{\"@type\":\"ImageObject\",\"@id\":\"https:\/\/www.doppelklicker.de\/blog\/pro-mobility-informationstag-elektromobilitaet-fuer-hotels-gastronomie\/#primaryimage\",\"inLanguage\":\"de-DE\",\"url\":\"https:\/\/www.doppelklicker.de\/blog\/wp-content\/uploads\/2026\/03\/informationsveranstaltung-elektromobilitaet-hotels-gastronomie-am-25-maerz-28305.jpg\",\"contentUrl\":\"https:\/\/www.doppelklicker.de\/blog\/wp-content\/uploads\/2026\/03\/informationsveranstaltung-elektromobilitaet-hotels-gastronomie-am-25-maerz-28305.jpg\",\"width\":1280,\"height\":615,\"caption\":\"Marktpotenziale Gastgewerbe Chancen Elektroinstallateure Partnerschaften Projektstrukturen erfolgreich etablieren Erweiterung (Foto: FEGA & Schmitt Elektrogro\u00dfhandel GmbH)\"},{\"@type\":\"WebPage\",\"@id\":\"https:\/\/www.doppelklicker.de\/blog\/pro-mobility-informationstag-elektromobilitaet-fuer-hotels-gastronomie\/#webpage\",\"url\":\"https:\/\/www.doppelklicker.de\/blog\/pro-mobility-informationstag-elektromobilitaet-fuer-hotels-gastronomie\/\",\"name\":\"Marktpotenziale Gastgewerbe Chancen Elektroinstallateure Partnerschaften Projektstrukturen erfolgreich etablieren Erweiterung\",\"isPartOf\":{\"@id\":\"https:\/\/www.doppelklicker.de\/blog\/#website\"},\"primaryImageOfPage\":{\"@id\":\"https:\/\/www.doppelklicker.de\/blog\/pro-mobility-informationstag-elektromobilitaet-fuer-hotels-gastronomie\/#primaryimage\"},\"datePublished\":\"2026-03-12T06:00:00+00:00\",\"dateModified\":\"2026-03-12T06:00:00+00:00\",\"author\":{\"@id\":\"https:\/\/www.doppelklicker.de\/blog\/#\/schema\/person\/08dcac172bdb025e8ff433488184668a\"},\"breadcrumb\":{\"@id\":\"https:\/\/www.doppelklicker.de\/blog\/pro-mobility-informationstag-elektromobilitaet-fuer-hotels-gastronomie\/#breadcrumb\"},\"inLanguage\":\"de-DE\",\"potentialAction\":[{\"@type\":\"ReadAction\",\"target\":[\"https:\/\/www.doppelklicker.de\/blog\/pro-mobility-informationstag-elektromobilitaet-fuer-hotels-gastronomie\/\"]}]},{\"@type\":\"BreadcrumbList\",\"@id\":\"https:\/\/www.doppelklicker.de\/blog\/pro-mobility-informationstag-elektromobilitaet-fuer-hotels-gastronomie\/#breadcrumb\",\"itemListElement\":[{\"@type\":\"ListItem\",\"position\":1,\"name\":\"Startseite\",\"item\":\"https:\/\/www.doppelklicker.de\/blog\/\"},{\"@type\":\"ListItem\",\"position\":2,\"name\":\"Marktpotenziale Gastgewerbe Chancen Elektroinstallateure Partnerschaften Projektstrukturen erfolgreich etablieren Erweiterung\"}]},{\"@type\":\"Person\",\"@id\":\"https:\/\/www.doppelklicker.de\/blog\/#\/schema\/person\/08dcac172bdb025e8ff433488184668a\",\"name\":\"Iris Martin\",\"image\":{\"@type\":\"ImageObject\",\"@id\":\"https:\/\/www.doppelklicker.de\/blog\/#personlogo\",\"inLanguage\":\"de-DE\",\"url\":\"https:\/\/secure.gravatar.com\/avatar\/82fdaa093be0b9686b531f99fcb54d15?s=96&d=wp_user_avatar&r=g\",\"contentUrl\":\"https:\/\/secure.gravatar.com\/avatar\/82fdaa093be0b9686b531f99fcb54d15?s=96&d=wp_user_avatar&r=g\",\"caption\":\"Iris Martin\"},\"url\":\"https:\/\/www.doppelklicker.de\/blog\/author\/iris-martin\/\"}]}<\/script>\n<!-- \/ Yoast SEO plugin. -->","yoast_head_json":{"robots":{"index":"index","follow":"follow","max-snippet":"max-snippet:-1","max-image-preview":"max-image-preview:large","max-video-preview":"max-video-preview:-1"},"canonical":"https:\/\/www.doppelklicker.de\/blog\/pro-mobility-informationstag-elektromobilitaet-fuer-hotels-gastronomie\/","og_locale":"de_DE","og_type":"article","og_title":"Marktpotenziale Gastgewerbe Chancen Elektroinstallateure Partnerschaften Projektstrukturen erfolgreich etablieren Erweiterung","og_description":"Der hybride PRO.mobility Informationstag am 25. M\u00e4rz 2026 richtet sich an Betreiber und Dienstleister im Gastgewerbe. Zwischen 10:00 und 15:30 Uhr bieten Experten im Hotel Kompetenzzentrum Oberschlei\u00dfheim und online praxisnahe Einblicke in technische Standards von Ladeinfrastruktur, Lastmanagementstrategien und n\u00f6tige IT-Schnittstellen. Wirtschaftlichkeitsanalysen inklusive Beispielkalkulationen sowie F\u00f6rder- und Finanzierungsoptionen stehen im Fokus. Anhand realer Fallstudien erfahren Teilnehmer,Jetzt alles lesen","og_url":"https:\/\/www.doppelklicker.de\/blog\/pro-mobility-informationstag-elektromobilitaet-fuer-hotels-gastronomie\/","og_site_name":"Aus Mainz.","article_published_time":"2026-03-12T06:00:00+00:00","twitter_card":"summary_large_image","twitter_misc":{"Verfasst von":"Iris Martin","Gesch\u00e4tzte Lesezeit":"3 Minuten"},"schema":{"@context":"https:\/\/schema.org","@graph":[{"@type":"WebSite","@id":"https:\/\/www.doppelklicker.de\/blog\/#website","url":"https:\/\/www.doppelklicker.de\/blog\/","name":"Aus Mainz.","description":"F\u00fcr die Welt.","potentialAction":[{"@type":"SearchAction","target":{"@type":"EntryPoint","urlTemplate":"https:\/\/www.doppelklicker.de\/blog\/?s={search_term_string}"},"query-input":"required name=search_term_string"}],"inLanguage":"de-DE"},{"@type":"ImageObject","@id":"https:\/\/www.doppelklicker.de\/blog\/pro-mobility-informationstag-elektromobilitaet-fuer-hotels-gastronomie\/#primaryimage","inLanguage":"de-DE","url":"https:\/\/www.doppelklicker.de\/blog\/wp-content\/uploads\/2026\/03\/informationsveranstaltung-elektromobilitaet-hotels-gastronomie-am-25-maerz-28305.jpg","contentUrl":"https:\/\/www.doppelklicker.de\/blog\/wp-content\/uploads\/2026\/03\/informationsveranstaltung-elektromobilitaet-hotels-gastronomie-am-25-maerz-28305.jpg","width":1280,"height":615,"caption":"Marktpotenziale Gastgewerbe Chancen Elektroinstallateure Partnerschaften Projektstrukturen erfolgreich etablieren Erweiterung (Foto: FEGA & Schmitt Elektrogro\u00dfhandel GmbH)"},{"@type":"WebPage","@id":"https:\/\/www.doppelklicker.de\/blog\/pro-mobility-informationstag-elektromobilitaet-fuer-hotels-gastronomie\/#webpage","url":"https:\/\/www.doppelklicker.de\/blog\/pro-mobility-informationstag-elektromobilitaet-fuer-hotels-gastronomie\/","name":"Marktpotenziale Gastgewerbe Chancen Elektroinstallateure Partnerschaften Projektstrukturen erfolgreich etablieren Erweiterung","isPartOf":{"@id":"https:\/\/www.doppelklicker.de\/blog\/#website"},"primaryImageOfPage":{"@id":"https:\/\/www.doppelklicker.de\/blog\/pro-mobility-informationstag-elektromobilitaet-fuer-hotels-gastronomie\/#primaryimage"},"datePublished":"2026-03-12T06:00:00+00:00","dateModified":"2026-03-12T06:00:00+00:00","author":{"@id":"https:\/\/www.doppelklicker.de\/blog\/#\/schema\/person\/08dcac172bdb025e8ff433488184668a"},"breadcrumb":{"@id":"https:\/\/www.doppelklicker.de\/blog\/pro-mobility-informationstag-elektromobilitaet-fuer-hotels-gastronomie\/#breadcrumb"},"inLanguage":"de-DE","potentialAction":[{"@type":"ReadAction","target":["https:\/\/www.doppelklicker.de\/blog\/pro-mobility-informationstag-elektromobilitaet-fuer-hotels-gastronomie\/"]}]},{"@type":"BreadcrumbList","@id":"https:\/\/www.doppelklicker.de\/blog\/pro-mobility-informationstag-elektromobilitaet-fuer-hotels-gastronomie\/#breadcrumb","itemListElement":[{"@type":"ListItem","position":1,"name":"Startseite","item":"https:\/\/www.doppelklicker.de\/blog\/"},{"@type":"ListItem","position":2,"name":"Marktpotenziale Gastgewerbe Chancen Elektroinstallateure Partnerschaften Projektstrukturen erfolgreich etablieren Erweiterung"}]},{"@type":"Person","@id":"https:\/\/www.doppelklicker.de\/blog\/#\/schema\/person\/08dcac172bdb025e8ff433488184668a","name":"Iris Martin","image":{"@type":"ImageObject","@id":"https:\/\/www.doppelklicker.de\/blog\/#personlogo","inLanguage":"de-DE","url":"https:\/\/secure.gravatar.com\/avatar\/82fdaa093be0b9686b531f99fcb54d15?s=96&d=wp_user_avatar&r=g","contentUrl":"https:\/\/secure.gravatar.com\/avatar\/82fdaa093be0b9686b531f99fcb54d15?s=96&d=wp_user_avatar&r=g","caption":"Iris Martin"},"url":"https:\/\/www.doppelklicker.de\/blog\/author\/iris-martin\/"}]}},"_links":{"self":[{"href":"https:\/\/www.doppelklicker.de\/blog\/wp-json\/wp\/v2\/posts\/11873"}],"collection":[{"href":"https:\/\/www.doppelklicker.de\/blog\/wp-json\/wp\/v2\/posts"}],"about":[{"href":"https:\/\/www.doppelklicker.de\/blog\/wp-json\/wp\/v2\/types\/post"}],"author":[{"embeddable":true,"href":"https:\/\/www.doppelklicker.de\/blog\/wp-json\/wp\/v2\/users\/8"}],"replies":[{"embeddable":true,"href":"https:\/\/www.doppelklicker.de\/blog\/wp-json\/wp\/v2\/comments?post=11873"}],"version-history":[{"count":0,"href":"https:\/\/www.doppelklicker.de\/blog\/wp-json\/wp\/v2\/posts\/11873\/revisions"}],"wp:featuredmedia":[{"embeddable":true,"href":"https:\/\/www.doppelklicker.de\/blog\/wp-json\/wp\/v2\/media\/11874"}],"wp:attachment":[{"href":"https:\/\/www.doppelklicker.de\/blog\/wp-json\/wp\/v2\/media?parent=11873"}],"wp:term":[{"taxonomy":"category","embeddable":true,"href":"https:\/\/www.doppelklicker.de\/blog\/wp-json\/wp\/v2\/categories?post=11873"},{"taxonomy":"post_tag","embeddable":true,"href":"https:\/\/www.doppelklicker.de\/blog\/wp-json\/wp\/v2\/tags?post=11873"}],"curies":[{"name":"wp","href":"https:\/\/api.w.org\/{rel}","templated":true}]}}