{"id":12069,"date":"2026-03-04T11:00:00","date_gmt":"2026-03-04T09:00:00","guid":{"rendered":"guid"},"modified":"2026-03-04T11:00:00","modified_gmt":"2026-03-04T09:00:00","slug":"haber-deutscher-buchhandlungspreis-boersenverein-kritisiert-bkm","status":"publish","type":"post","link":"https:\/\/www.doppelklicker.de\/blog\/haber-deutscher-buchhandlungspreis-boersenverein-kritisiert-bkm\/","title":{"rendered":"Verband erhebt rechtliche Bedenken gegen Datenabfrage ohne gesetzliche Grundlage"},"content":{"rendered":"<p>Der Verband des Deutschen Buchhandels kritisiert die nachtr\u00e4gliche Streichung dreier Buchhandlungen beim Deutschen Buchhandlungspreis scharf und bezeichnet das Vorgehen des Bundesministeriums f\u00fcr Kultur und Medien mit dem umstrittenen Haber-Verfahren auf der Leipziger Buchmesse als nicht hinnehmbar. Er fordert eine Offenlegung aller Pr\u00fcfunterlagen, betont die Unabh\u00e4ngigkeit und das Recht auf freie Meinungs\u00e4u\u00dferung der Buchh\u00e4ndler, bietet gerichtliche Unterst\u00fctzung an und dr\u00e4ngt den Staatsminister, die Strafen r\u00fcckg\u00e4ngig zu machen. \u00d6ffentliche Stellungnahme gefordert.<br \/>\n<!--more--><\/p>\n<div id=\"ez-toc-container\" class=\"ez-toc-v2_0_16 counter-hierarchy\">\n<div class=\"ez-toc-title-container\">\n<p class=\"ez-toc-title\">Inhaltsverzeichnis: Das erwartet Sie in diesem Artikel<\/p>\n<span class=\"ez-toc-title-toggle\"><a class=\"ez-toc-pull-right ez-toc-btn ez-toc-btn-xs ez-toc-btn-default ez-toc-toggle\" style=\"display: none;\"><i class=\"ez-toc-glyphicon ez-toc-icon-toggle\"><\/i><\/a><\/span><\/div>\n<nav><ul class=\"ez-toc-list ez-toc-list-level-1\"><li class=\"ez-toc-page-1 ez-toc-heading-level-2\"><a class=\"ez-toc-link ez-toc-heading-1\" href=\"https:\/\/www.doppelklicker.de\/blog\/haber-deutscher-buchhandlungspreis-boersenverein-kritisiert-bkm\/#guggolz-betont-kunstfreiheit-und-meinungsfreiheit-als-grundlage-demokratischer-kultur\" title=\"Guggolz betont Kunstfreiheit und Meinungsfreiheit als Grundlage demokratischer Kultur\">Guggolz betont Kunstfreiheit und Meinungsfreiheit als Grundlage demokratischer Kultur<\/a><\/li><li class=\"ez-toc-page-1 ez-toc-heading-level-2\"><a class=\"ez-toc-link ez-toc-heading-2\" href=\"https:\/\/www.doppelklicker.de\/blog\/haber-deutscher-buchhandlungspreis-boersenverein-kritisiert-bkm\/#bkm-setzt-umstrittenes-haber-verfahren-zur-extremismus-pruefung-ohne-oeffentlichkeit-ein\" title=\"BKM setzt umstrittenes Haber-Verfahren zur Extremismus-Pr\u00fcfung ohne \u00d6ffentlichkeit ein\">BKM setzt umstrittenes Haber-Verfahren zur Extremismus-Pr\u00fcfung ohne \u00d6ffentlichkeit ein<\/a><\/li><li class=\"ez-toc-page-1 ez-toc-heading-level-2\"><a class=\"ez-toc-link ez-toc-heading-3\" href=\"https:\/\/www.doppelklicker.de\/blog\/haber-deutscher-buchhandlungspreis-boersenverein-kritisiert-bkm\/#kulturstaatsminister-weimer-aufgefordert-buchhandlungspreise-ohne-politische-vorbehalte-zu-verleihen\" title=\"Kulturstaatsminister Weimer aufgefordert: Buchhandlungspreise ohne politische Vorbehalte zu verleihen\">Kulturstaatsminister Weimer aufgefordert: Buchhandlungspreise ohne politische Vorbehalte zu verleihen<\/a><\/li><li class=\"ez-toc-page-1 ez-toc-heading-level-2\"><a class=\"ez-toc-link ez-toc-heading-4\" href=\"https:\/\/www.doppelklicker.de\/blog\/haber-deutscher-buchhandlungspreis-boersenverein-kritisiert-bkm\/#boersenverein-uebernimmt-prozesskosten-betroffener-buchhandlungen-und-feiert-leistungen-oeffentlich\" title=\"B\u00f6rsenverein \u00fcbernimmt Prozesskosten betroffener Buchhandlungen und feiert Leistungen \u00f6ffentlich\">B\u00f6rsenverein \u00fcbernimmt Prozesskosten betroffener Buchhandlungen und feiert Leistungen \u00f6ffentlich<\/a><\/li><li class=\"ez-toc-page-1 ez-toc-heading-level-2\"><a class=\"ez-toc-link ez-toc-heading-5\" href=\"https:\/\/www.doppelklicker.de\/blog\/haber-deutscher-buchhandlungspreis-boersenverein-kritisiert-bkm\/#ministerium-agiert-verfassungswidrig-ohne-gesetz-daten-vom-verfassungsschutz-unzulaessig\" title=\"Ministerium agiert verfassungswidrig: Ohne Gesetz Daten vom Verfassungsschutz unzul\u00e4ssig\">Ministerium agiert verfassungswidrig: Ohne Gesetz Daten vom Verfassungsschutz unzul\u00e4ssig<\/a><\/li><li class=\"ez-toc-page-1 ez-toc-heading-level-2\"><a class=\"ez-toc-link ez-toc-heading-6\" href=\"https:\/\/www.doppelklicker.de\/blog\/haber-deutscher-buchhandlungspreis-boersenverein-kritisiert-bkm\/#der-verband-verlangt-dass-kulturministerium-unzulaessigen-einsatz-haber-verfahrens-stoppt\" title=\"Der Verband verlangt, dass Kulturministerium unzul\u00e4ssigen Einsatz Haber-Verfahrens stoppt\">Der Verband verlangt, dass Kulturministerium unzul\u00e4ssigen Einsatz Haber-Verfahrens stoppt<\/a><\/li><li class=\"ez-toc-page-1 ez-toc-heading-level-2\"><a class=\"ez-toc-link ez-toc-heading-7\" href=\"https:\/\/www.doppelklicker.de\/blog\/haber-deutscher-buchhandlungspreis-boersenverein-kritisiert-bkm\/#boersenverein-informiert-keine-verfassungsrechtlichen-bedenken-beim-lau-verlag-programm-vorhanden\" title=\"B\u00f6rsenverein informiert: Keine verfassungsrechtlichen Bedenken beim Lau-Verlag Programm vorhanden\">B\u00f6rsenverein informiert: Keine verfassungsrechtlichen Bedenken beim Lau-Verlag Programm vorhanden<\/a><\/li><li class=\"ez-toc-page-1 ez-toc-heading-level-2\"><a class=\"ez-toc-link ez-toc-heading-8\" href=\"https:\/\/www.doppelklicker.de\/blog\/haber-deutscher-buchhandlungspreis-boersenverein-kritisiert-bkm\/#boersenverein-kritisiert-intransparente-verfahren-fordert-umgehende-offenlegung-bei-buchhandlungspreis\" title=\"B\u00f6rsenverein kritisiert intransparente Verfahren, fordert umgehende Offenlegung bei Buchhandlungspreis\">B\u00f6rsenverein kritisiert intransparente Verfahren, fordert umgehende Offenlegung bei Buchhandlungspreis<\/a><\/li><\/ul><\/nav><\/div>\n<h2><span class=\"ez-toc-section\" id=\"guggolz-betont-kunstfreiheit-und-meinungsfreiheit-als-grundlage-demokratischer-kultur\"><\/span>Guggolz betont Kunstfreiheit und Meinungsfreiheit als Grundlage demokratischer Kultur<span class=\"ez-toc-section-end\"><\/span><\/h2>\n<p>Durch die Verleihung des Deutschen Buchhandlungspreises seit 2015 w\u00fcrdigt der B\u00f6rsenverein gezielt unabh\u00e4ngige Buchhandlungen, die sich durch kulturelles Engagement und gesellschaftliches Verantwortungsbewusstsein auszeichnen. Vorsitzender Sebastian Guggolz hebt hervor, dass Kunst- sowie Meinungsfreiheit Eckpfeiler einer offenen Kultur, eines vielf\u00e4ltigen sozialen Miteinanders und einer funktionierenden Demokratie sind. Die Auswahl der Preistr\u00e4ger muss transparent gestaltet sein, um ausschlie\u00dflich auf objektiven, kulturellen Leistungen zu basieren und jede politische Einflussnahme auszuschlie\u00dfen klar nachvollziehbar und legitim.<\/p>\n<h2><span class=\"ez-toc-section\" id=\"bkm-setzt-umstrittenes-haber-verfahren-zur-extremismus-pruefung-ohne-oeffentlichkeit-ein\"><\/span>BKM setzt umstrittenes Haber-Verfahren zur Extremismus-Pr\u00fcfung ohne \u00d6ffentlichkeit ein<span class=\"ez-toc-section-end\"><\/span><\/h2>\n<p>Sebastian Guggolz kritisiert, dass das BKM das Haber-Verfahren einsetzt, um angebliche extremistische Beziehungen von Buchhandlungen zu \u00fcberpr\u00fcfen. Er bem\u00e4ngelt die vollst\u00e4ndige Geheimhaltung von Pr\u00fcfmethodik und -ergebnissen, die Betroffenen keine M\u00f6glichkeit zur rechtlichen Anfechtung er\u00f6ffne. Er fordert eine R\u00fcckkehr zu transparenten Abl\u00e4ufen, bei denen ausschlie\u00dflich kulturelle Leistungen den Ausschlag geben. Politische Einflussnahme, so Guggolz, d\u00fcrfe in keinem Fall \u00fcber die Arbeit unabh\u00e4ngiger Jurys und die Vergabe von Preisen entscheiden.<\/p>\n<h2><span class=\"ez-toc-section\" id=\"kulturstaatsminister-weimer-aufgefordert-buchhandlungspreise-ohne-politische-vorbehalte-zu-verleihen\"><\/span>Kulturstaatsminister Weimer aufgefordert: Buchhandlungspreise ohne politische Vorbehalte zu verleihen<span class=\"ez-toc-section-end\"><\/span><\/h2>\n<p>Die Gesch\u00e4ftsf\u00fchrung des B\u00f6rsenvereins verlangt, den Entzug von Auszeichnungen f\u00fcr drei Buchhandlungen zur\u00fcckzunehmen und sie erneut als Preistr\u00e4ger zu best\u00e4tigen. Sie betont, dass s\u00e4mtliche 118 Nominierten von einer unabh\u00e4ngigen Jury ausgew\u00e4hlt wurden und ohne transparente Grundlage nicht als verfassungsgef\u00e4hrdend eingestuft werden d\u00fcrfen. Die pauschale Diffamierung besch\u00e4digt das Renommee der einzelnen Buchhandlungen sowie die Integrit\u00e4t des Deutschen Buchhandlungspreises generell. Er ruft Kulturstaatsminister Weimer auf, transparent zu handeln und die Juryentscheidung umzusetzen.<\/p>\n<h2><span class=\"ez-toc-section\" id=\"boersenverein-uebernimmt-prozesskosten-betroffener-buchhandlungen-und-feiert-leistungen-oeffentlich\"><\/span>B\u00f6rsenverein \u00fcbernimmt Prozesskosten betroffener Buchhandlungen und feiert Leistungen \u00f6ffentlich<span class=\"ez-toc-section-end\"><\/span><\/h2>\n<p>Der Verband befindet sich in engem Kontakt mit den juristischen Bevollm\u00e4chtigten der betroffenen Buchhandlungen und unterst\u00fctzt sie durch anteilige \u00dcbernahme von Anwalts- und Gerichtskosten, um finanzielle H\u00fcrden in laufenden Verfahren zu senken. Zus\u00e4tzlich initiiert die Organisation am Messedonnerstag auf der Leipziger Buchmesse einen Empfang am Stand des B\u00f6rsenvereins. Ziel ist es, die unerm\u00fcdliche Arbeit, das Engagement und die Resilienz der unabh\u00e4ngigen Buchh\u00e4ndler geb\u00fchrend zu w\u00fcrdigen, obwohl die Preisverleihung abgesagt wurde.<\/p>\n<h2><span class=\"ez-toc-section\" id=\"ministerium-agiert-verfassungswidrig-ohne-gesetz-daten-vom-verfassungsschutz-unzulaessig\"><\/span>Ministerium agiert verfassungswidrig: Ohne Gesetz Daten vom Verfassungsschutz unzul\u00e4ssig<span class=\"ez-toc-section-end\"><\/span><\/h2>\n<p>Verfassungsrechtlich kritisiert der B\u00f6rsenverein das Fehlen einer ausdr\u00fccklichen gesetzlichen Grundlage f\u00fcr Anfragen nach verfassungsschutzrelevanten Daten. In seinen Urteilen stellt das Bundesverfassungsgericht klar, dass jede \u00dcbermittlung und jeder Datenabruf personenbezogener Informationen einer eigenst\u00e4ndigen gesetzlichen Basis bedarf. Pauschale Regelungen oder implizite Erm\u00e4chtigungen gen\u00fcgen nicht. Nur durch die Einf\u00fchrung separater Normen k\u00f6nnen Pers\u00f6nlichkeitsrechte gewahrt und der verfassungsm\u00e4\u00dfige Schutz der informationellen Selbstbestimmung sichergestellt werden. Der Verband fordert daher eine gesetzgeberische Klarstellung unverz\u00fcglich auf Bundesebene.<\/p>\n<h2><span class=\"ez-toc-section\" id=\"der-verband-verlangt-dass-kulturministerium-unzulaessigen-einsatz-haber-verfahrens-stoppt\"><\/span>Der Verband verlangt, dass Kulturministerium unzul\u00e4ssigen Einsatz Haber-Verfahrens stoppt<span class=\"ez-toc-section-end\"><\/span><\/h2>\n<p>Aus Sicht des B\u00f6rsenvereins dient das Haber-Verfahren speziell der Analyse extremistischer Strukturen und ist deshalb dem milit\u00e4rischen oder sicherheitspolitischen Kontext vorbehalten. Er unterstreicht, dass kulturelle F\u00f6rderprogramme und literarische Wettbewerbe andere Bewertungsma\u00dfst\u00e4be verfolgen, die auf k\u00fcnstlerischem Wert, gesellschaftlicher Relevanz und regionaler Verankerung basieren. Eine \u00dcbertragung eines sicherheitstechnischen Instruments auf die demokratisch legitimierten Juryverfahren des Buchhandlungspreises widerspricht daher dem F\u00f6rderzweck und der branchenspezifischen Praxis und untergr\u00e4bt k\u00fcnstlerische Freiheit und gef\u00e4hrdet kulturelle Teilhabe.<\/p>\n<h2><span class=\"ez-toc-section\" id=\"boersenverein-informiert-keine-verfassungsrechtlichen-bedenken-beim-lau-verlag-programm-vorhanden\"><\/span>B\u00f6rsenverein informiert: Keine verfassungsrechtlichen Bedenken beim Lau-Verlag Programm vorhanden<span class=\"ez-toc-section-end\"><\/span><\/h2>\n<p>Nach Pr\u00fcfung der Unterlagen f\u00fcr den Lau-Verlag sowie das Neustart-Kultur-Programm best\u00e4tigt der B\u00f6rsenverein des Deutschen Buchhandels, dass keinerlei Einsatz des Haber-Verfahrens stattgefunden hat. Hierzu wurde ein externes Rechtsgutachten eingeholt, das s\u00e4mtliche potenziellen verfassungsrechtlichen Konfliktbereiche detailliert analysierte. Die Analyse ergab keine Belege f\u00fcr Eingriffe in Freiheitsrechte oder Missachtungen des Datenschutzrechts. In Folge bewertet der Verband alle in diesem Zusammenhang ge\u00e4u\u00dferten verfassungsrechtlichen Bedenken als unbegr\u00fcndet sowie vollst\u00e4ndig, nachhaltig und endg\u00fcltig rechtlich gekl\u00e4rt.<\/p>\n<h2><span class=\"ez-toc-section\" id=\"boersenverein-kritisiert-intransparente-verfahren-fordert-umgehende-offenlegung-bei-buchhandlungspreis\"><\/span>B\u00f6rsenverein kritisiert intransparente Verfahren, fordert umgehende Offenlegung bei Buchhandlungspreis<span class=\"ez-toc-section-end\"><\/span><\/h2>\n<p>Der B\u00f6rsenverein unterstreicht mit Nachdruck die herausragende Rolle des Deutschen Buchhandlungspreises bei der Unterst\u00fctzung unabh\u00e4ngiger Buchhandlungen und der Pflege literarischer Diversit\u00e4t in ganz Deutschland. Er hebt den fundamentalen Stellenwert von Kunstfreiheit und freier Meinungs\u00e4u\u00dferung hervor. Mit dem Appell zu gr\u00f6\u00dftm\u00f6glicher Transparenz in den Auswahlverfahren, juristischer Unterst\u00fctzung f\u00fcr Betroffene und der Wahrung unabh\u00e4ngiger Juryentscheidungen vermittelt der Verband die Gewissheit, dass kulturelle Leistungen unparteiisch und ohne Agenda gew\u00fcrdigt werden gerecht und offen.<\/p>\n","protected":false},"excerpt":{"rendered":"<p>Der Verband des Deutschen Buchhandels kritisiert die nachtr\u00e4gliche Streichung dreier Buchhandlungen beim Deutschen Buchhandlungspreis scharf und bezeichnet das Vorgehen des Bundesministeriums f\u00fcr Kultur und Medien mit dem umstrittenen Haber-Verfahren auf der Leipziger Buchmesse als nicht hinnehmbar. Er fordert eine Offenlegung aller Pr\u00fcfunterlagen, betont die Unabh\u00e4ngigkeit und das Recht auf freie Meinungs\u00e4u\u00dferung der Buchh\u00e4ndler, bietet gerichtliche<\/p>\n<div class=\"read-more\"><a href=\"https:\/\/www.doppelklicker.de\/blog\/haber-deutscher-buchhandlungspreis-boersenverein-kritisiert-bkm\/\" title=\"Jetzt alles lesen\">Jetzt alles lesen<\/a><\/div>\n","protected":false},"author":8,"featured_media":12070,"comment_status":"open","ping_status":"open","sticky":false,"template":"","format":"standard","meta":[],"categories":[3305],"tags":[],"yoast_head":"<!-- This site is optimized with the Yoast SEO plugin v18.2 - https:\/\/yoast.com\/wordpress\/plugins\/seo\/ -->\n<meta name=\"robots\" content=\"index, follow, max-snippet:-1, max-image-preview:large, max-video-preview:-1\" \/>\n<link rel=\"canonical\" href=\"https:\/\/www.doppelklicker.de\/blog\/haber-deutscher-buchhandlungspreis-boersenverein-kritisiert-bkm\/\" \/>\n<meta property=\"og:locale\" content=\"de_DE\" \/>\n<meta property=\"og:type\" content=\"article\" \/>\n<meta property=\"og:title\" content=\"Verband erhebt rechtliche Bedenken gegen Datenabfrage ohne gesetzliche Grundlage\" \/>\n<meta property=\"og:description\" content=\"Der Verband des Deutschen Buchhandels kritisiert die nachtr\u00e4gliche Streichung dreier Buchhandlungen beim Deutschen Buchhandlungspreis scharf und bezeichnet das Vorgehen des Bundesministeriums f\u00fcr Kultur und Medien mit dem umstrittenen Haber-Verfahren auf der Leipziger Buchmesse als nicht hinnehmbar. Er fordert eine Offenlegung aller Pr\u00fcfunterlagen, betont die Unabh\u00e4ngigkeit und das Recht auf freie Meinungs\u00e4u\u00dferung der Buchh\u00e4ndler, bietet gerichtlicheJetzt alles lesen\" \/>\n<meta property=\"og:url\" content=\"https:\/\/www.doppelklicker.de\/blog\/haber-deutscher-buchhandlungspreis-boersenverein-kritisiert-bkm\/\" \/>\n<meta property=\"og:site_name\" content=\"Aus Mainz.\" \/>\n<meta property=\"article:published_time\" content=\"2026-03-04T09:00:00+00:00\" \/>\n<meta name=\"twitter:card\" content=\"summary_large_image\" \/>\n<meta name=\"twitter:label1\" content=\"Verfasst von\" \/>\n\t<meta name=\"twitter:data1\" content=\"Iris Martin\" \/>\n\t<meta name=\"twitter:label2\" content=\"Gesch\u00e4tzte Lesezeit\" \/>\n\t<meta name=\"twitter:data2\" content=\"4 Minuten\" \/>\n<script type=\"application\/ld+json\" class=\"yoast-schema-graph\">{\"@context\":\"https:\/\/schema.org\",\"@graph\":[{\"@type\":\"WebSite\",\"@id\":\"https:\/\/www.doppelklicker.de\/blog\/#website\",\"url\":\"https:\/\/www.doppelklicker.de\/blog\/\",\"name\":\"Aus Mainz.\",\"description\":\"F\u00fcr die Welt.\",\"potentialAction\":[{\"@type\":\"SearchAction\",\"target\":{\"@type\":\"EntryPoint\",\"urlTemplate\":\"https:\/\/www.doppelklicker.de\/blog\/?s={search_term_string}\"},\"query-input\":\"required name=search_term_string\"}],\"inLanguage\":\"de-DE\"},{\"@type\":\"ImageObject\",\"@id\":\"https:\/\/www.doppelklicker.de\/blog\/haber-deutscher-buchhandlungspreis-boersenverein-kritisiert-bkm\/#primaryimage\",\"inLanguage\":\"de-DE\",\"url\":\"https:\/\/www.doppelklicker.de\/blog\/wp-content\/uploads\/2026\/03\/boersenverein-fordert-transparenz-nach-streichung-dreier-buchhandlungen-28635.jpg\",\"contentUrl\":\"https:\/\/www.doppelklicker.de\/blog\/wp-content\/uploads\/2026\/03\/boersenverein-fordert-transparenz-nach-streichung-dreier-buchhandlungen-28635.jpg\",\"width\":1280,\"height\":615,\"caption\":\"Verband erhebt rechtliche Bedenken gegen Datenabfrage ohne gesetzliche Grundlage (Foto: AdobeStock - Sikov - 1740212611)\"},{\"@type\":\"WebPage\",\"@id\":\"https:\/\/www.doppelklicker.de\/blog\/haber-deutscher-buchhandlungspreis-boersenverein-kritisiert-bkm\/#webpage\",\"url\":\"https:\/\/www.doppelklicker.de\/blog\/haber-deutscher-buchhandlungspreis-boersenverein-kritisiert-bkm\/\",\"name\":\"Verband erhebt rechtliche Bedenken gegen Datenabfrage ohne gesetzliche Grundlage\",\"isPartOf\":{\"@id\":\"https:\/\/www.doppelklicker.de\/blog\/#website\"},\"primaryImageOfPage\":{\"@id\":\"https:\/\/www.doppelklicker.de\/blog\/haber-deutscher-buchhandlungspreis-boersenverein-kritisiert-bkm\/#primaryimage\"},\"datePublished\":\"2026-03-04T09:00:00+00:00\",\"dateModified\":\"2026-03-04T09:00:00+00:00\",\"author\":{\"@id\":\"https:\/\/www.doppelklicker.de\/blog\/#\/schema\/person\/08dcac172bdb025e8ff433488184668a\"},\"breadcrumb\":{\"@id\":\"https:\/\/www.doppelklicker.de\/blog\/haber-deutscher-buchhandlungspreis-boersenverein-kritisiert-bkm\/#breadcrumb\"},\"inLanguage\":\"de-DE\",\"potentialAction\":[{\"@type\":\"ReadAction\",\"target\":[\"https:\/\/www.doppelklicker.de\/blog\/haber-deutscher-buchhandlungspreis-boersenverein-kritisiert-bkm\/\"]}]},{\"@type\":\"BreadcrumbList\",\"@id\":\"https:\/\/www.doppelklicker.de\/blog\/haber-deutscher-buchhandlungspreis-boersenverein-kritisiert-bkm\/#breadcrumb\",\"itemListElement\":[{\"@type\":\"ListItem\",\"position\":1,\"name\":\"Startseite\",\"item\":\"https:\/\/www.doppelklicker.de\/blog\/\"},{\"@type\":\"ListItem\",\"position\":2,\"name\":\"Verband erhebt rechtliche Bedenken gegen Datenabfrage ohne gesetzliche Grundlage\"}]},{\"@type\":\"Person\",\"@id\":\"https:\/\/www.doppelklicker.de\/blog\/#\/schema\/person\/08dcac172bdb025e8ff433488184668a\",\"name\":\"Iris Martin\",\"image\":{\"@type\":\"ImageObject\",\"@id\":\"https:\/\/www.doppelklicker.de\/blog\/#personlogo\",\"inLanguage\":\"de-DE\",\"url\":\"https:\/\/secure.gravatar.com\/avatar\/82fdaa093be0b9686b531f99fcb54d15?s=96&d=wp_user_avatar&r=g\",\"contentUrl\":\"https:\/\/secure.gravatar.com\/avatar\/82fdaa093be0b9686b531f99fcb54d15?s=96&d=wp_user_avatar&r=g\",\"caption\":\"Iris Martin\"},\"url\":\"https:\/\/www.doppelklicker.de\/blog\/author\/iris-martin\/\"}]}<\/script>\n<!-- \/ Yoast SEO plugin. -->","yoast_head_json":{"robots":{"index":"index","follow":"follow","max-snippet":"max-snippet:-1","max-image-preview":"max-image-preview:large","max-video-preview":"max-video-preview:-1"},"canonical":"https:\/\/www.doppelklicker.de\/blog\/haber-deutscher-buchhandlungspreis-boersenverein-kritisiert-bkm\/","og_locale":"de_DE","og_type":"article","og_title":"Verband erhebt rechtliche Bedenken gegen Datenabfrage ohne gesetzliche Grundlage","og_description":"Der Verband des Deutschen Buchhandels kritisiert die nachtr\u00e4gliche Streichung dreier Buchhandlungen beim Deutschen Buchhandlungspreis scharf und bezeichnet das Vorgehen des Bundesministeriums f\u00fcr Kultur und Medien mit dem umstrittenen Haber-Verfahren auf der Leipziger Buchmesse als nicht hinnehmbar. Er fordert eine Offenlegung aller Pr\u00fcfunterlagen, betont die Unabh\u00e4ngigkeit und das Recht auf freie Meinungs\u00e4u\u00dferung der Buchh\u00e4ndler, bietet gerichtlicheJetzt alles lesen","og_url":"https:\/\/www.doppelklicker.de\/blog\/haber-deutscher-buchhandlungspreis-boersenverein-kritisiert-bkm\/","og_site_name":"Aus Mainz.","article_published_time":"2026-03-04T09:00:00+00:00","twitter_card":"summary_large_image","twitter_misc":{"Verfasst von":"Iris Martin","Gesch\u00e4tzte Lesezeit":"4 Minuten"},"schema":{"@context":"https:\/\/schema.org","@graph":[{"@type":"WebSite","@id":"https:\/\/www.doppelklicker.de\/blog\/#website","url":"https:\/\/www.doppelklicker.de\/blog\/","name":"Aus Mainz.","description":"F\u00fcr die Welt.","potentialAction":[{"@type":"SearchAction","target":{"@type":"EntryPoint","urlTemplate":"https:\/\/www.doppelklicker.de\/blog\/?s={search_term_string}"},"query-input":"required name=search_term_string"}],"inLanguage":"de-DE"},{"@type":"ImageObject","@id":"https:\/\/www.doppelklicker.de\/blog\/haber-deutscher-buchhandlungspreis-boersenverein-kritisiert-bkm\/#primaryimage","inLanguage":"de-DE","url":"https:\/\/www.doppelklicker.de\/blog\/wp-content\/uploads\/2026\/03\/boersenverein-fordert-transparenz-nach-streichung-dreier-buchhandlungen-28635.jpg","contentUrl":"https:\/\/www.doppelklicker.de\/blog\/wp-content\/uploads\/2026\/03\/boersenverein-fordert-transparenz-nach-streichung-dreier-buchhandlungen-28635.jpg","width":1280,"height":615,"caption":"Verband erhebt rechtliche Bedenken gegen Datenabfrage ohne gesetzliche Grundlage (Foto: AdobeStock - Sikov - 1740212611)"},{"@type":"WebPage","@id":"https:\/\/www.doppelklicker.de\/blog\/haber-deutscher-buchhandlungspreis-boersenverein-kritisiert-bkm\/#webpage","url":"https:\/\/www.doppelklicker.de\/blog\/haber-deutscher-buchhandlungspreis-boersenverein-kritisiert-bkm\/","name":"Verband erhebt rechtliche Bedenken gegen Datenabfrage ohne gesetzliche Grundlage","isPartOf":{"@id":"https:\/\/www.doppelklicker.de\/blog\/#website"},"primaryImageOfPage":{"@id":"https:\/\/www.doppelklicker.de\/blog\/haber-deutscher-buchhandlungspreis-boersenverein-kritisiert-bkm\/#primaryimage"},"datePublished":"2026-03-04T09:00:00+00:00","dateModified":"2026-03-04T09:00:00+00:00","author":{"@id":"https:\/\/www.doppelklicker.de\/blog\/#\/schema\/person\/08dcac172bdb025e8ff433488184668a"},"breadcrumb":{"@id":"https:\/\/www.doppelklicker.de\/blog\/haber-deutscher-buchhandlungspreis-boersenverein-kritisiert-bkm\/#breadcrumb"},"inLanguage":"de-DE","potentialAction":[{"@type":"ReadAction","target":["https:\/\/www.doppelklicker.de\/blog\/haber-deutscher-buchhandlungspreis-boersenverein-kritisiert-bkm\/"]}]},{"@type":"BreadcrumbList","@id":"https:\/\/www.doppelklicker.de\/blog\/haber-deutscher-buchhandlungspreis-boersenverein-kritisiert-bkm\/#breadcrumb","itemListElement":[{"@type":"ListItem","position":1,"name":"Startseite","item":"https:\/\/www.doppelklicker.de\/blog\/"},{"@type":"ListItem","position":2,"name":"Verband erhebt rechtliche Bedenken gegen Datenabfrage ohne gesetzliche Grundlage"}]},{"@type":"Person","@id":"https:\/\/www.doppelklicker.de\/blog\/#\/schema\/person\/08dcac172bdb025e8ff433488184668a","name":"Iris Martin","image":{"@type":"ImageObject","@id":"https:\/\/www.doppelklicker.de\/blog\/#personlogo","inLanguage":"de-DE","url":"https:\/\/secure.gravatar.com\/avatar\/82fdaa093be0b9686b531f99fcb54d15?s=96&d=wp_user_avatar&r=g","contentUrl":"https:\/\/secure.gravatar.com\/avatar\/82fdaa093be0b9686b531f99fcb54d15?s=96&d=wp_user_avatar&r=g","caption":"Iris Martin"},"url":"https:\/\/www.doppelklicker.de\/blog\/author\/iris-martin\/"}]}},"_links":{"self":[{"href":"https:\/\/www.doppelklicker.de\/blog\/wp-json\/wp\/v2\/posts\/12069"}],"collection":[{"href":"https:\/\/www.doppelklicker.de\/blog\/wp-json\/wp\/v2\/posts"}],"about":[{"href":"https:\/\/www.doppelklicker.de\/blog\/wp-json\/wp\/v2\/types\/post"}],"author":[{"embeddable":true,"href":"https:\/\/www.doppelklicker.de\/blog\/wp-json\/wp\/v2\/users\/8"}],"replies":[{"embeddable":true,"href":"https:\/\/www.doppelklicker.de\/blog\/wp-json\/wp\/v2\/comments?post=12069"}],"version-history":[{"count":0,"href":"https:\/\/www.doppelklicker.de\/blog\/wp-json\/wp\/v2\/posts\/12069\/revisions"}],"wp:featuredmedia":[{"embeddable":true,"href":"https:\/\/www.doppelklicker.de\/blog\/wp-json\/wp\/v2\/media\/12070"}],"wp:attachment":[{"href":"https:\/\/www.doppelklicker.de\/blog\/wp-json\/wp\/v2\/media?parent=12069"}],"wp:term":[{"taxonomy":"category","embeddable":true,"href":"https:\/\/www.doppelklicker.de\/blog\/wp-json\/wp\/v2\/categories?post=12069"},{"taxonomy":"post_tag","embeddable":true,"href":"https:\/\/www.doppelklicker.de\/blog\/wp-json\/wp\/v2\/tags?post=12069"}],"curies":[{"name":"wp","href":"https:\/\/api.w.org\/{rel}","templated":true}]}}