{"id":12241,"date":"2026-04-30T10:00:00","date_gmt":"2026-04-30T08:00:00","guid":{"rendered":"guid"},"modified":"2026-04-30T10:00:00","modified_gmt":"2026-04-30T08:00:00","slug":"bmw-m-motorsport-rowe-racing-mentoring-projekt-gt-world-challenge","status":"publish","type":"post","link":"https:\/\/www.doppelklicker.de\/blog\/bmw-m-motorsport-rowe-racing-mentoring-projekt-gt-world-challenge\/","title":{"rendered":"BMW M und ROWE Racing starten Mentoring-Projekt f\u00fcr GT-World-Challenge"},"content":{"rendered":"<p>BMW M Motorsport und ROWE Racing starten zur Saison 2026 der GT World Challenge Europe powered by AWS ein Mentoring-Projekt. Im #998 BMW M4 GT3 EVO \u00fcbernimmt Jens Klingmann als Mentor eine Rolle. Unterst\u00fctzt von seinem technischen Know-how betreut er die jungen Werksfahrer Ugo de Wilde und Tim Tramnitz. Das markante GEN M Design signalisiert die Zusammenarbeit. Ziel ist die F\u00f6rderung der Fahrertalente bei gleichzeitigem Wettbewerb im Gold Cup.<br \/>\n<!--more--><\/p>\n<div id=\"ez-toc-container\" class=\"ez-toc-v2_0_16 counter-hierarchy\">\n<div class=\"ez-toc-title-container\">\n<p class=\"ez-toc-title\">Inhaltsverzeichnis: Das erwartet Sie in diesem Artikel<\/p>\n<span class=\"ez-toc-title-toggle\"><a class=\"ez-toc-pull-right ez-toc-btn ez-toc-btn-xs ez-toc-btn-default ez-toc-toggle\" style=\"display: none;\"><i class=\"ez-toc-glyphicon ez-toc-icon-toggle\"><\/i><\/a><\/span><\/div>\n<nav><ul class=\"ez-toc-list ez-toc-list-level-1\"><li class=\"ez-toc-page-1 ez-toc-heading-level-2\"><a class=\"ez-toc-link ez-toc-heading-1\" href=\"https:\/\/www.doppelklicker.de\/blog\/bmw-m-motorsport-rowe-racing-mentoring-projekt-gt-world-challenge\/#klingmann-foerdert-wilde-und-tramnitz-im-bmw-m4-evo\" title=\"Klingmann f\u00f6rdert Wilde und Tramnitz im BMW M4 EVO\">Klingmann f\u00f6rdert Wilde und Tramnitz im BMW M4 EVO<\/a><\/li><li class=\"ez-toc-page-1 ez-toc-heading-level-2\"><a class=\"ez-toc-link ez-toc-heading-2\" href=\"https:\/\/www.doppelklicker.de\/blog\/bmw-m-motorsport-rowe-racing-mentoring-projekt-gt-world-challenge\/#langjaehrige-erfolgsgeschichte-vereint-rowe-racing-und-bmw-m-motorsport\" title=\"Langj\u00e4hrige Erfolgsgeschichte vereint ROWE Racing und BMW M Motorsport\">Langj\u00e4hrige Erfolgsgeschichte vereint ROWE Racing und BMW M Motorsport<\/a><\/li><li class=\"ez-toc-page-1 ez-toc-heading-level-2\"><a class=\"ez-toc-link ez-toc-heading-3\" href=\"https:\/\/www.doppelklicker.de\/blog\/bmw-m-motorsport-rowe-racing-mentoring-projekt-gt-world-challenge\/#bmw-m4-gt3-evo-debuetiert-11-april-beim-saisonstart\" title=\"BMW M4 GT3 EVO deb\u00fctiert 11. April beim Saisonstart\">BMW M4 GT3 EVO deb\u00fctiert 11. April beim Saisonstart<\/a><\/li><li class=\"ez-toc-page-1 ez-toc-heading-level-2\"><a class=\"ez-toc-link ez-toc-heading-4\" href=\"https:\/\/www.doppelklicker.de\/blog\/bmw-m-motorsport-rowe-racing-mentoring-projekt-gt-world-challenge\/#naundorf-betont-mentoring-fokus-auf-fahrerentwicklung-im-leistungsorientierten-unterstuetzenden-umfeld\" title=\"Naundorf betont Mentoring-Fokus auf Fahrerentwicklung im leistungsorientierten, unterst\u00fctzenden Umfeld\">Naundorf betont Mentoring-Fokus auf Fahrerentwicklung im leistungsorientierten, unterst\u00fctzenden Umfeld<\/a><\/li><li class=\"ez-toc-page-1 ez-toc-heading-level-2\"><a class=\"ez-toc-link ez-toc-heading-5\" href=\"https:\/\/www.doppelklicker.de\/blog\/bmw-m-motorsport-rowe-racing-mentoring-projekt-gt-world-challenge\/#jens-klingmann-startet-als-racer-und-mentor-in-top-serie\" title=\"Jens Klingmann startet als Racer und Mentor in Top-Serie\">Jens Klingmann startet als Racer und Mentor in Top-Serie<\/a><\/li><li class=\"ez-toc-page-1 ez-toc-heading-level-2\"><a class=\"ez-toc-link ez-toc-heading-6\" href=\"https:\/\/www.doppelklicker.de\/blog\/bmw-m-motorsport-rowe-racing-mentoring-projekt-gt-world-challenge\/#ugo-de-wilde-lobt-rowe-racing-erfolg-und-begeistert-teamwechsel\" title=\"Ugo de Wilde lobt ROWE Racing-Erfolg und begeistert Teamwechsel\">Ugo de Wilde lobt ROWE Racing-Erfolg und begeistert Teamwechsel<\/a><\/li><li class=\"ez-toc-page-1 ez-toc-heading-level-2\"><a class=\"ez-toc-link ez-toc-heading-7\" href=\"https:\/\/www.doppelklicker.de\/blog\/bmw-m-motorsport-rowe-racing-mentoring-projekt-gt-world-challenge\/#tim-tramnitz-meistert-gt-einstieg-dank-engagiertem-team-und-mentor\" title=\"Tim Tramnitz meistert GT-Einstieg dank engagiertem Team und Mentor\">Tim Tramnitz meistert GT-Einstieg dank engagiertem Team und Mentor<\/a><\/li><\/ul><\/nav><\/div>\n<h2><span class=\"ez-toc-section\" id=\"klingmann-foerdert-wilde-und-tramnitz-im-bmw-m4-evo\"><\/span>Klingmann f\u00f6rdert Wilde und Tramnitz im BMW M4 EVO<span class=\"ez-toc-section-end\"><\/span><\/h2>\n<p>Unter dem Leitsatz &#8222;United by Performance&#8220; und dem GEN M Markenimpuls der BMW M GmbH f\u00f6rdern die erfahrenen Werksfahrer einen intensiven, bereichernden Austausch. Mit dem speziell lackierten #998 BMW M4 GT3 EVO fungiert Jens Klingmann als Mentor. Er leitet Ugo de Wilde und Tim Tramnitz mit seiner langj\u00e4hrigen Rennpraxis, detaillierten Fahrzeugkenntnis und technischem Feinschliff an. Ziel ist eine kontinuierliche Weiterentwicklung der Fahrk\u00fcnste in einem professionellen, teamorientierten Umfeld und messbarer Erfolg.<\/p>\n<h2><span class=\"ez-toc-section\" id=\"langjaehrige-erfolgsgeschichte-vereint-rowe-racing-und-bmw-m-motorsport\"><\/span>Langj\u00e4hrige Erfolgsgeschichte vereint ROWE Racing und BMW M Motorsport<span class=\"ez-toc-section-end\"><\/span><\/h2>\n<p>ROWE Racing und BMW M Motorsport k\u00f6nnen aufgrund ihrer langj\u00e4hrigen Zusammenarbeit und des gegenseitigen Vertrauens als ideale Partner bezeichnet werden. Durch Erfahrungen im Management von Werksfahreraufgeboten gew\u00e4hrleisten sie eine Organisation und Betreuung. Ihre etablierten Strukturen in der Nachwuchsf\u00f6rderung schaffen ein f\u00f6rderliches Umfeld, in dem junge Fahrer unterst\u00fctzt werden. Die Kombination aus Mentoring und sportlicher Exzellenz tr\u00e4gt dazu bei, Spitzenleistungen zu erzielen und gleichzeitig die individuelle Entwicklung aufstrebender Talente nachhaltig voranzutreiben.<\/p>\n<h2><span class=\"ez-toc-section\" id=\"bmw-m4-gt3-evo-debuetiert-11-april-beim-saisonstart\"><\/span>BMW M4 GT3 EVO deb\u00fctiert 11. April beim Saisonstart<span class=\"ez-toc-section-end\"><\/span><\/h2>\n<p>Beim Saisonauftakt des GT World Challenge Europe Endurance Cups am 11. April in Le Castellet (Frankreich) feiert der BMW M4 GT3 EVO mit der Werksnummer 998 sein Deb\u00fct. Anschlie\u00dfend absolvieren Fahrer und Team vier weitere Langstreckenrennen, darunter die prestigetr\u00e4chtigen 24 Stunden von Spa-Francorchamps in Belgien. Obwohl Gold Cup keine direkte Konkurrenz zu Pro-Cup-Fahrzeugen bietet, setzen Jens Klingmann, Ugo de Wilde und Tim Tramnitz konsequent alles daran, bestm\u00f6gliche Spitzenplatzierungen zu erreichen.<\/p>\n<h2><span class=\"ez-toc-section\" id=\"naundorf-betont-mentoring-fokus-auf-fahrerentwicklung-im-leistungsorientierten-unterstuetzenden-umfeld\"><\/span>Naundorf betont Mentoring-Fokus auf Fahrerentwicklung im leistungsorientierten, unterst\u00fctzenden Umfeld<span class=\"ez-toc-section-end\"><\/span><\/h2>\n<p>Hans-Peter Naundorf, Teamchef bei ROWE Racing, unterstreicht, dass das Mentoring-Projekt gezielt die Entwicklung der Fahrer in einer leistungsorientierten, jedoch unterst\u00fctzenden Atmosph\u00e4re f\u00f6rdert. Durch die Ernennung von Jens Klingmann als Mentor werden technische Expertise und jahrelange Erfahrung im GT-Sport noch st\u00e4rker eingebunden. Diese Kombination erlaubt eine intensivere Betreuung junger Talente, beschleunigt deren Lernkurve und macht die kollektive Leistungsf\u00e4higkeit des Teams deutlicher sichtbar, um nachhaltige Erfolge zu sichern sowie weiterhin die Teamkultur.<\/p>\n<h2><span class=\"ez-toc-section\" id=\"jens-klingmann-startet-als-racer-und-mentor-in-top-serie\"><\/span>Jens Klingmann startet als Racer und Mentor in Top-Serie<span class=\"ez-toc-section-end\"><\/span><\/h2>\n<p>Jens Klingmann bewertet die GT World Challenge Europe als erstklassige GT3-Serie und freut sich auf seine Doppelrolle. Als Rennfahrer zielt er auf Spitzenplatzierungen und Siege, gleichzeitig \u00fcbernimmt er die Verantwortung als Mentor. Dabei ist es ihm wichtig, sein umfangreiches technisches Wissen sowie seine langj\u00e4hrigen Rennerfahrungen zu teilen. In \u00fcber einem Jahrzehnt bei BMW M Motorsport hat er wesentliche Erkenntnisse in der Entwicklung zahlreicher Rennfahrzeuge gesammelt und sch\u00e4tzt das entgegengebrachte Vertrauen.<\/p>\n<h2><span class=\"ez-toc-section\" id=\"ugo-de-wilde-lobt-rowe-racing-erfolg-und-begeistert-teamwechsel\"><\/span>Ugo de Wilde lobt ROWE Racing-Erfolg und begeistert Teamwechsel<span class=\"ez-toc-section-end\"><\/span><\/h2>\n<p>Ugo de Wilde hebt die beeindruckende Erfolgsbilanz von ROWE Racing hervor und zeigt sich begeistert \u00fcber seinen bevorstehenden Teamwechsel. Nachdem er 2025 gegen das Team bei WRT angetreten war, freut er sich nun darauf, gemeinsam mit erfahrenen Kollegen an den Start zu gehen. Sein Ziel ist es, Tim Tramnitz mit praxisnahen Tipps aus seiner letzten Saison zu unterst\u00fctzen und gleichzeitig von Jens Klingmanns gro\u00dfem technischen Fachwissen und Renn-Expertise zu profitieren.<\/p>\n<h2><span class=\"ez-toc-section\" id=\"tim-tramnitz-meistert-gt-einstieg-dank-engagiertem-team-und-mentor\"><\/span>Tim Tramnitz meistert GT-Einstieg dank engagiertem Team und Mentor<span class=\"ez-toc-section-end\"><\/span><\/h2>\n<p>Tim Tramnitz schildert den \u00dcbergang in den GT-Sport als anspruchsvolle Umstellung. Er betont, dass Fahrverhalten, technische Systeme und organisatorische Abl\u00e4ufe anders sind als im Formelsport. Dank der Unterst\u00fctzung durch das Team konnte er sich schnell an die neuen Bedingungen anpassen. Besonders hervorhebt er die offene Kommunikation von Jens Klingmann. Tramnitz will w\u00e4hrend der gesamten Saison umfassend dazuzulernen und ist froh, Ugo de Wilde, Jens und ROWE Racing an seiner Seite zu haben.<\/p>\n<p>Das Mentoring-Projekt zwischen BMW M Motorsport und ROWE Racing kombiniert langj\u00e4hrige Expertise mit frischen Talenten in der GT World Challenge Europe. Der #998 BMW M4 GT3 EVO pr\u00e4sentiert sich im markanten GEN M Design und profitiert von Mentor Jens Klingmanns technischer Erfahrung. Nachwuchsfahrer werden durch individuelles Coaching und die bew\u00e4hrte Infrastruktur von ROWE Racing optimal gef\u00f6rdert, um ihre Leistung nachhaltig zu steigern und im Gold Cup sportliche Erfolge zu erzielen.<\/p>\n","protected":false},"excerpt":{"rendered":"<p>BMW M Motorsport und ROWE Racing starten zur Saison 2026 der GT World Challenge Europe powered by AWS ein Mentoring-Projekt. Im #998 BMW M4 GT3 EVO \u00fcbernimmt Jens Klingmann als Mentor eine Rolle. Unterst\u00fctzt von seinem technischen Know-how betreut er die jungen Werksfahrer Ugo de Wilde und Tim Tramnitz. Das markante GEN M Design signalisiert<\/p>\n<div class=\"read-more\"><a href=\"https:\/\/www.doppelklicker.de\/blog\/bmw-m-motorsport-rowe-racing-mentoring-projekt-gt-world-challenge\/\" title=\"Jetzt alles lesen\">Jetzt alles lesen<\/a><\/div>\n","protected":false},"author":8,"featured_media":12243,"comment_status":"open","ping_status":"open","sticky":false,"template":"","format":"standard","meta":[],"categories":[3305],"tags":[],"yoast_head":"<!-- This site is optimized with the Yoast SEO plugin v18.2 - https:\/\/yoast.com\/wordpress\/plugins\/seo\/ -->\n<meta name=\"robots\" content=\"index, follow, max-snippet:-1, max-image-preview:large, max-video-preview:-1\" \/>\n<link rel=\"canonical\" href=\"https:\/\/www.doppelklicker.de\/blog\/bmw-m-motorsport-rowe-racing-mentoring-projekt-gt-world-challenge\/\" \/>\n<meta property=\"og:locale\" content=\"de_DE\" \/>\n<meta property=\"og:type\" content=\"article\" \/>\n<meta property=\"og:title\" content=\"BMW M und ROWE Racing starten Mentoring-Projekt f\u00fcr GT-World-Challenge\" \/>\n<meta property=\"og:description\" content=\"BMW M Motorsport und ROWE Racing starten zur Saison 2026 der GT World Challenge Europe powered by AWS ein Mentoring-Projekt. Im #998 BMW M4 GT3 EVO \u00fcbernimmt Jens Klingmann als Mentor eine Rolle. Unterst\u00fctzt von seinem technischen Know-how betreut er die jungen Werksfahrer Ugo de Wilde und Tim Tramnitz. Das markante GEN M Design signalisiertJetzt alles lesen\" \/>\n<meta property=\"og:url\" content=\"https:\/\/www.doppelklicker.de\/blog\/bmw-m-motorsport-rowe-racing-mentoring-projekt-gt-world-challenge\/\" \/>\n<meta property=\"og:site_name\" content=\"Aus Mainz.\" \/>\n<meta property=\"article:published_time\" content=\"2026-04-30T08:00:00+00:00\" \/>\n<meta property=\"og:image\" content=\"https:\/\/www.doppelklicker.de\/blog\/wp-content\/uploads\/2026\/04\/bmw-m-und-rowe-racing-starten-mentoring-projekt-29443.jpg\" \/>\n\t<meta property=\"og:image:width\" content=\"1280\" \/>\n\t<meta property=\"og:image:height\" content=\"615\" \/>\n\t<meta property=\"og:image:type\" content=\"image\/jpeg\" \/>\n<meta name=\"twitter:card\" content=\"summary_large_image\" \/>\n<meta name=\"twitter:label1\" content=\"Verfasst von\" \/>\n\t<meta name=\"twitter:data1\" content=\"Iris Martin\" \/>\n\t<meta name=\"twitter:label2\" content=\"Gesch\u00e4tzte Lesezeit\" \/>\n\t<meta name=\"twitter:data2\" content=\"4 Minuten\" \/>\n<script type=\"application\/ld+json\" class=\"yoast-schema-graph\">{\"@context\":\"https:\/\/schema.org\",\"@graph\":[{\"@type\":\"WebSite\",\"@id\":\"https:\/\/www.doppelklicker.de\/blog\/#website\",\"url\":\"https:\/\/www.doppelklicker.de\/blog\/\",\"name\":\"Aus Mainz.\",\"description\":\"F\u00fcr die Welt.\",\"potentialAction\":[{\"@type\":\"SearchAction\",\"target\":{\"@type\":\"EntryPoint\",\"urlTemplate\":\"https:\/\/www.doppelklicker.de\/blog\/?s={search_term_string}\"},\"query-input\":\"required name=search_term_string\"}],\"inLanguage\":\"de-DE\"},{\"@type\":\"ImageObject\",\"@id\":\"https:\/\/www.doppelklicker.de\/blog\/bmw-m-motorsport-rowe-racing-mentoring-projekt-gt-world-challenge\/#primaryimage\",\"inLanguage\":\"de-DE\",\"url\":\"https:\/\/www.doppelklicker.de\/blog\/wp-content\/uploads\/2026\/04\/bmw-m-und-rowe-racing-starten-mentoring-projekt-29443.jpg\",\"contentUrl\":\"https:\/\/www.doppelklicker.de\/blog\/wp-content\/uploads\/2026\/04\/bmw-m-und-rowe-racing-starten-mentoring-projekt-29443.jpg\",\"width\":1280,\"height\":615,\"caption\":\"BMW M und ROWE Racing starten Mentoring-Projekt f\u00fcr GT-World-Challenge (Foto: BMW Group)\"},{\"@type\":\"WebPage\",\"@id\":\"https:\/\/www.doppelklicker.de\/blog\/bmw-m-motorsport-rowe-racing-mentoring-projekt-gt-world-challenge\/#webpage\",\"url\":\"https:\/\/www.doppelklicker.de\/blog\/bmw-m-motorsport-rowe-racing-mentoring-projekt-gt-world-challenge\/\",\"name\":\"BMW M und ROWE Racing starten Mentoring-Projekt f\u00fcr GT-World-Challenge\",\"isPartOf\":{\"@id\":\"https:\/\/www.doppelklicker.de\/blog\/#website\"},\"primaryImageOfPage\":{\"@id\":\"https:\/\/www.doppelklicker.de\/blog\/bmw-m-motorsport-rowe-racing-mentoring-projekt-gt-world-challenge\/#primaryimage\"},\"datePublished\":\"2026-04-30T08:00:00+00:00\",\"dateModified\":\"2026-04-30T08:00:00+00:00\",\"author\":{\"@id\":\"https:\/\/www.doppelklicker.de\/blog\/#\/schema\/person\/08dcac172bdb025e8ff433488184668a\"},\"breadcrumb\":{\"@id\":\"https:\/\/www.doppelklicker.de\/blog\/bmw-m-motorsport-rowe-racing-mentoring-projekt-gt-world-challenge\/#breadcrumb\"},\"inLanguage\":\"de-DE\",\"potentialAction\":[{\"@type\":\"ReadAction\",\"target\":[\"https:\/\/www.doppelklicker.de\/blog\/bmw-m-motorsport-rowe-racing-mentoring-projekt-gt-world-challenge\/\"]}]},{\"@type\":\"BreadcrumbList\",\"@id\":\"https:\/\/www.doppelklicker.de\/blog\/bmw-m-motorsport-rowe-racing-mentoring-projekt-gt-world-challenge\/#breadcrumb\",\"itemListElement\":[{\"@type\":\"ListItem\",\"position\":1,\"name\":\"Startseite\",\"item\":\"https:\/\/www.doppelklicker.de\/blog\/\"},{\"@type\":\"ListItem\",\"position\":2,\"name\":\"BMW M und ROWE Racing starten Mentoring-Projekt f\u00fcr GT-World-Challenge\"}]},{\"@type\":\"Person\",\"@id\":\"https:\/\/www.doppelklicker.de\/blog\/#\/schema\/person\/08dcac172bdb025e8ff433488184668a\",\"name\":\"Iris Martin\",\"image\":{\"@type\":\"ImageObject\",\"@id\":\"https:\/\/www.doppelklicker.de\/blog\/#personlogo\",\"inLanguage\":\"de-DE\",\"url\":\"https:\/\/secure.gravatar.com\/avatar\/82fdaa093be0b9686b531f99fcb54d15?s=96&d=wp_user_avatar&r=g\",\"contentUrl\":\"https:\/\/secure.gravatar.com\/avatar\/82fdaa093be0b9686b531f99fcb54d15?s=96&d=wp_user_avatar&r=g\",\"caption\":\"Iris Martin\"},\"url\":\"https:\/\/www.doppelklicker.de\/blog\/author\/iris-martin\/\"}]}<\/script>\n<!-- \/ Yoast SEO plugin. -->","yoast_head_json":{"robots":{"index":"index","follow":"follow","max-snippet":"max-snippet:-1","max-image-preview":"max-image-preview:large","max-video-preview":"max-video-preview:-1"},"canonical":"https:\/\/www.doppelklicker.de\/blog\/bmw-m-motorsport-rowe-racing-mentoring-projekt-gt-world-challenge\/","og_locale":"de_DE","og_type":"article","og_title":"BMW M und ROWE Racing starten Mentoring-Projekt f\u00fcr GT-World-Challenge","og_description":"BMW M Motorsport und ROWE Racing starten zur Saison 2026 der GT World Challenge Europe powered by AWS ein Mentoring-Projekt. Im #998 BMW M4 GT3 EVO \u00fcbernimmt Jens Klingmann als Mentor eine Rolle. Unterst\u00fctzt von seinem technischen Know-how betreut er die jungen Werksfahrer Ugo de Wilde und Tim Tramnitz. Das markante GEN M Design signalisiertJetzt alles lesen","og_url":"https:\/\/www.doppelklicker.de\/blog\/bmw-m-motorsport-rowe-racing-mentoring-projekt-gt-world-challenge\/","og_site_name":"Aus Mainz.","article_published_time":"2026-04-30T08:00:00+00:00","og_image":[{"width":1280,"height":615,"url":"https:\/\/www.doppelklicker.de\/blog\/wp-content\/uploads\/2026\/04\/bmw-m-und-rowe-racing-starten-mentoring-projekt-29443.jpg","type":"image\/jpeg"}],"twitter_card":"summary_large_image","twitter_misc":{"Verfasst von":"Iris Martin","Gesch\u00e4tzte Lesezeit":"4 Minuten"},"schema":{"@context":"https:\/\/schema.org","@graph":[{"@type":"WebSite","@id":"https:\/\/www.doppelklicker.de\/blog\/#website","url":"https:\/\/www.doppelklicker.de\/blog\/","name":"Aus Mainz.","description":"F\u00fcr die Welt.","potentialAction":[{"@type":"SearchAction","target":{"@type":"EntryPoint","urlTemplate":"https:\/\/www.doppelklicker.de\/blog\/?s={search_term_string}"},"query-input":"required name=search_term_string"}],"inLanguage":"de-DE"},{"@type":"ImageObject","@id":"https:\/\/www.doppelklicker.de\/blog\/bmw-m-motorsport-rowe-racing-mentoring-projekt-gt-world-challenge\/#primaryimage","inLanguage":"de-DE","url":"https:\/\/www.doppelklicker.de\/blog\/wp-content\/uploads\/2026\/04\/bmw-m-und-rowe-racing-starten-mentoring-projekt-29443.jpg","contentUrl":"https:\/\/www.doppelklicker.de\/blog\/wp-content\/uploads\/2026\/04\/bmw-m-und-rowe-racing-starten-mentoring-projekt-29443.jpg","width":1280,"height":615,"caption":"BMW M und ROWE Racing starten Mentoring-Projekt f\u00fcr GT-World-Challenge (Foto: BMW Group)"},{"@type":"WebPage","@id":"https:\/\/www.doppelklicker.de\/blog\/bmw-m-motorsport-rowe-racing-mentoring-projekt-gt-world-challenge\/#webpage","url":"https:\/\/www.doppelklicker.de\/blog\/bmw-m-motorsport-rowe-racing-mentoring-projekt-gt-world-challenge\/","name":"BMW M und ROWE Racing starten Mentoring-Projekt f\u00fcr GT-World-Challenge","isPartOf":{"@id":"https:\/\/www.doppelklicker.de\/blog\/#website"},"primaryImageOfPage":{"@id":"https:\/\/www.doppelklicker.de\/blog\/bmw-m-motorsport-rowe-racing-mentoring-projekt-gt-world-challenge\/#primaryimage"},"datePublished":"2026-04-30T08:00:00+00:00","dateModified":"2026-04-30T08:00:00+00:00","author":{"@id":"https:\/\/www.doppelklicker.de\/blog\/#\/schema\/person\/08dcac172bdb025e8ff433488184668a"},"breadcrumb":{"@id":"https:\/\/www.doppelklicker.de\/blog\/bmw-m-motorsport-rowe-racing-mentoring-projekt-gt-world-challenge\/#breadcrumb"},"inLanguage":"de-DE","potentialAction":[{"@type":"ReadAction","target":["https:\/\/www.doppelklicker.de\/blog\/bmw-m-motorsport-rowe-racing-mentoring-projekt-gt-world-challenge\/"]}]},{"@type":"BreadcrumbList","@id":"https:\/\/www.doppelklicker.de\/blog\/bmw-m-motorsport-rowe-racing-mentoring-projekt-gt-world-challenge\/#breadcrumb","itemListElement":[{"@type":"ListItem","position":1,"name":"Startseite","item":"https:\/\/www.doppelklicker.de\/blog\/"},{"@type":"ListItem","position":2,"name":"BMW M und ROWE Racing starten Mentoring-Projekt f\u00fcr GT-World-Challenge"}]},{"@type":"Person","@id":"https:\/\/www.doppelklicker.de\/blog\/#\/schema\/person\/08dcac172bdb025e8ff433488184668a","name":"Iris Martin","image":{"@type":"ImageObject","@id":"https:\/\/www.doppelklicker.de\/blog\/#personlogo","inLanguage":"de-DE","url":"https:\/\/secure.gravatar.com\/avatar\/82fdaa093be0b9686b531f99fcb54d15?s=96&d=wp_user_avatar&r=g","contentUrl":"https:\/\/secure.gravatar.com\/avatar\/82fdaa093be0b9686b531f99fcb54d15?s=96&d=wp_user_avatar&r=g","caption":"Iris Martin"},"url":"https:\/\/www.doppelklicker.de\/blog\/author\/iris-martin\/"}]}},"_links":{"self":[{"href":"https:\/\/www.doppelklicker.de\/blog\/wp-json\/wp\/v2\/posts\/12241"}],"collection":[{"href":"https:\/\/www.doppelklicker.de\/blog\/wp-json\/wp\/v2\/posts"}],"about":[{"href":"https:\/\/www.doppelklicker.de\/blog\/wp-json\/wp\/v2\/types\/post"}],"author":[{"embeddable":true,"href":"https:\/\/www.doppelklicker.de\/blog\/wp-json\/wp\/v2\/users\/8"}],"replies":[{"embeddable":true,"href":"https:\/\/www.doppelklicker.de\/blog\/wp-json\/wp\/v2\/comments?post=12241"}],"version-history":[{"count":0,"href":"https:\/\/www.doppelklicker.de\/blog\/wp-json\/wp\/v2\/posts\/12241\/revisions"}],"wp:featuredmedia":[{"embeddable":true,"href":"https:\/\/www.doppelklicker.de\/blog\/wp-json\/wp\/v2\/media\/12243"}],"wp:attachment":[{"href":"https:\/\/www.doppelklicker.de\/blog\/wp-json\/wp\/v2\/media?parent=12241"}],"wp:term":[{"taxonomy":"category","embeddable":true,"href":"https:\/\/www.doppelklicker.de\/blog\/wp-json\/wp\/v2\/categories?post=12241"},{"taxonomy":"post_tag","embeddable":true,"href":"https:\/\/www.doppelklicker.de\/blog\/wp-json\/wp\/v2\/tags?post=12241"}],"curies":[{"name":"wp","href":"https:\/\/api.w.org\/{rel}","templated":true}]}}