{"id":12251,"date":"2026-04-27T11:00:00","date_gmt":"2026-04-27T09:00:00","guid":{"rendered":"guid"},"modified":"2026-04-27T11:00:00","modified_gmt":"2026-04-27T09:00:00","slug":"bmw-m-racing-academy-formula-medicine-viareggio-bmw-simulator-muenchen","status":"publish","type":"post","link":"https:\/\/www.doppelklicker.de\/blog\/bmw-m-racing-academy-formula-medicine-viareggio-bmw-simulator-muenchen\/","title":{"rendered":"BMW M Racing Academy startet zweite Saison mit Elite-Nachwuchsfahrern"},"content":{"rendered":"<p>Die BMW M Racing Academy startete ihre zweite Saison mit der Class of 2026 um Josh Green, Thomi Rackl und Ryder Quinn. Unter Anleitung der Werksfahrer Jens Klingmann und Robby Foley durchliefen die Nachwuchstalente im Formula Medicine Center in Viareggio physische Ausdauer- und Mentalchecks. Anschlie\u00dfend trainierten sie im BMW M Motorsport Simulator in M\u00fcnchen und sammelten realit\u00e4tsnahe technik- und teamseitige Erfahrungen im BMW M Hybrid V8 f\u00fcr ihre weitere Rennvorbereitung.<br \/>\n<!--more--><\/p>\n<div id=\"ez-toc-container\" class=\"ez-toc-v2_0_16 counter-hierarchy\">\n<div class=\"ez-toc-title-container\">\n<p class=\"ez-toc-title\">Inhaltsverzeichnis: Das erwartet Sie in diesem Artikel<\/p>\n<span class=\"ez-toc-title-toggle\"><a class=\"ez-toc-pull-right ez-toc-btn ez-toc-btn-xs ez-toc-btn-default ez-toc-toggle\" style=\"display: none;\"><i class=\"ez-toc-glyphicon ez-toc-icon-toggle\"><\/i><\/a><\/span><\/div>\n<nav><ul class=\"ez-toc-list ez-toc-list-level-1\"><li class=\"ez-toc-page-1 ez-toc-heading-level-2\"><a class=\"ez-toc-link ez-toc-heading-1\" href=\"https:\/\/www.doppelklicker.de\/blog\/bmw-m-racing-academy-formula-medicine-viareggio-bmw-simulator-muenchen\/#bmw-racing-academy-startet-zweite-saison-mit-drei-nachwuchspiloten\" title=\"BMW Racing Academy startet zweite Saison mit drei Nachwuchspiloten\">BMW Racing Academy startet zweite Saison mit drei Nachwuchspiloten<\/a><\/li><li class=\"ez-toc-page-1 ez-toc-heading-level-2\"><a class=\"ez-toc-link ez-toc-heading-2\" href=\"https:\/\/www.doppelklicker.de\/blog\/bmw-m-racing-academy-formula-medicine-viareggio-bmw-simulator-muenchen\/#bmw-werksfahrer-klingmann-und-foley-leiten-das-nachwuchsfahrertraining-in-viareggio\" title=\"BMW-Werksfahrer Klingmann und Foley leiten das Nachwuchsfahrertraining in Viareggio\">BMW-Werksfahrer Klingmann und Foley leiten das Nachwuchsfahrertraining in Viareggio<\/a><\/li><li class=\"ez-toc-page-1 ez-toc-heading-level-2\"><a class=\"ez-toc-link ez-toc-heading-3\" href=\"https:\/\/www.doppelklicker.de\/blog\/bmw-m-racing-academy-formula-medicine-viareggio-bmw-simulator-muenchen\/#green-rackl-und-quinn-testen-intensiv-im-bmw-m-hybrid-v8-simulator\" title=\"Green, Rackl und Quinn testen intensiv im BMW M-Hybrid-V8-Simulator\">Green, Rackl und Quinn testen intensiv im BMW M-Hybrid-V8-Simulator<\/a><\/li><li class=\"ez-toc-page-1 ez-toc-heading-level-2\"><a class=\"ez-toc-link ez-toc-heading-4\" href=\"https:\/\/www.doppelklicker.de\/blog\/bmw-m-racing-academy-formula-medicine-viareggio-bmw-simulator-muenchen\/#social-media-und-kommunikationsschulung-staerkt-erfolgreiche-aussenwirkung-der-bmw-academy-teilnehmer\" title=\"Social-Media- und Kommunikationsschulung st\u00e4rkt erfolgreiche Au\u00dfenwirkung der BMW Academy-Teilnehmer\">Social-Media- und Kommunikationsschulung st\u00e4rkt erfolgreiche Au\u00dfenwirkung der BMW Academy-Teilnehmer<\/a><\/li><li class=\"ez-toc-page-1 ez-toc-heading-level-2\"><a class=\"ez-toc-link ez-toc-heading-5\" href=\"https:\/\/www.doppelklicker.de\/blog\/bmw-m-racing-academy-formula-medicine-viareggio-bmw-simulator-muenchen\/#green-rackl-und-quinn-fahren-saisons-in-fuehrer-gt4-serien\" title=\"Green, Rackl und Quinn fahren Saisons in F\u00fchrer GT4-Serien\">Green, Rackl und Quinn fahren Saisons in F\u00fchrer GT4-Serien<\/a><\/li><li class=\"ez-toc-page-1 ez-toc-heading-level-2\"><a class=\"ez-toc-link ez-toc-heading-6\" href=\"https:\/\/www.doppelklicker.de\/blog\/bmw-m-racing-academy-formula-medicine-viareggio-bmw-simulator-muenchen\/#max-hesse-komplettiert-werksfahrermteam-fuer-academy-mentoring-und-professionelles-performance-coaching\" title=\"Max Hesse komplettiert Werksfahrermteam f\u00fcr Academy-Mentoring und professionelles Performance-Coaching\">Max Hesse komplettiert Werksfahrermteam f\u00fcr Academy-Mentoring und professionelles Performance-Coaching<\/a><\/li><li class=\"ez-toc-page-1 ez-toc-heading-level-2\"><a class=\"ez-toc-link ez-toc-heading-7\" href=\"https:\/\/www.doppelklicker.de\/blog\/bmw-m-racing-academy-formula-medicine-viareggio-bmw-simulator-muenchen\/#class-of-2026-erhaelt-exklusive-einblicke-in-bmw-motorsport-strategien\" title=\"Class of 2026 erh\u00e4lt exklusive Einblicke in BMW Motorsport-Strategien\">Class of 2026 erh\u00e4lt exklusive Einblicke in BMW Motorsport-Strategien<\/a><\/li><\/ul><\/nav><\/div>\n<h2><span class=\"ez-toc-section\" id=\"bmw-racing-academy-startet-zweite-saison-mit-drei-nachwuchspiloten\"><\/span>BMW Racing Academy startet zweite Saison mit drei Nachwuchspiloten<span class=\"ez-toc-section-end\"><\/span><\/h2>\n<p>Die BMW M Racing Academy hat ihre zweite Saison mit einer intensiven Auftaktwoche begonnen. Im Rahmen dieses F\u00f6rderprogramms f\u00fcr Kundensportfahrer von BMW M Motorsport wurden die drei Nachwuchspiloten Josh Green (USA), Thomi Rackl (GER) und Ryder Quinn (AUS) nach einem strengen Auswahlverfahren ausgew\u00e4hlt. Sie behaupteten sich gegen ein stark besetztes GT4-Fahrerfeld und erhalten im laufenden Jahr eine regelm\u00e4\u00dfige umfassende Betreuung in den Bereichen Fahrtechnik, Physio- und Mentaltraining, Markenkommunikation sowie Rennstrategien.<\/p>\n<h2><span class=\"ez-toc-section\" id=\"bmw-werksfahrer-klingmann-und-foley-leiten-das-nachwuchsfahrertraining-in-viareggio\"><\/span>BMW-Werksfahrer Klingmann und Foley leiten das Nachwuchsfahrertraining in Viareggio<span class=\"ez-toc-section-end\"><\/span><\/h2>\n<p>Unter Begleitung der BMW M Werksfahrer Jens Klingmann und Robby Foley reisten die Nachwuchspiloten in die Toskana. In Viareggio absolvierten sie bei Formula Medicine unter der Leitung von Dr. Riccardo Ceccarelli ein anspruchsvolles Programm zur Optimierung ihrer k\u00f6rperlichen und psychischen Verfassung. Zusammen mit Ugo de Wilde und Tim Tramnitz konzentrierten sie sich auf Ausdauer, Kraft und mentale Strategien. Dar\u00fcber hinaus f\u00f6rderten spezielle Teambuilding-\u00dcbungen und intensive Trainingsmethoden den Zusammenhalt im Pilotenteam.<\/p>\n<h2><span class=\"ez-toc-section\" id=\"green-rackl-und-quinn-testen-intensiv-im-bmw-m-hybrid-v8-simulator\"><\/span>Green, Rackl und Quinn testen intensiv im BMW M-Hybrid-V8-Simulator<span class=\"ez-toc-section-end\"><\/span><\/h2>\n<p>In M\u00fcnchen nutzten die Piloten Josh Green, Thomi Rackl und Ryder Quinn den BMW M Motorsport Simulator, der auf den BMW M Hybrid V8 abgestimmt war, um praxisnahe Fahrsituationen zu simulieren. Unter Anleitung und Beobachtung der erfahrenen Werksfahrer Jens Klingmann und Robby Foley sowie der BMW M Motorsport Ingenieure optimierten sie ihre Reaktionsf\u00e4higkeit, verfeinerten Kurvenfahrten und Bremstechniken und erhielten wertvolles technisches Feedback hinsichtlich Fahrwerksabstimmung, Leistungsentfaltung, aerodynamischem Verhalten sowie pr\u00e4zisen Einstellungsinformationen.<\/p>\n<h2><span class=\"ez-toc-section\" id=\"social-media-und-kommunikationsschulung-staerkt-erfolgreiche-aussenwirkung-der-bmw-academy-teilnehmer\"><\/span>Social-Media- und Kommunikationsschulung st\u00e4rkt erfolgreiche Au\u00dfenwirkung der BMW Academy-Teilnehmer<span class=\"ez-toc-section-end\"><\/span><\/h2>\n<p>Im Rahmen des Programms nahmen die Nachwuchspiloten an einer umfassenden Schulung zu Social-Media-Strategien und Kommunikation teil, um ihre \u00f6ffentliche Pr\u00e4senz professionell zu gestalten und gezielt Botschaften zu vermitteln. Erg\u00e4nzend f\u00fchrte eine fachkundige F\u00fchrung durch die BMW Group Classic, die anhand historischer Exponate und Archivmaterialien die Entwicklung der Marke dokumentierte und den Zusammenhang zwischen Innovation, Design und Motorsport-Tradition verdeutlichte. Dadurch erhielten die Teilnehmer weiterf\u00fchrende wertvolle Impulse f\u00fcr ihren Auftritt on- und off-track.<\/p>\n<h2><span class=\"ez-toc-section\" id=\"green-rackl-und-quinn-fahren-saisons-in-fuehrer-gt4-serien\"><\/span>Green, Rackl und Quinn fahren Saisons in F\u00fchrer GT4-Serien<span class=\"ez-toc-section-end\"><\/span><\/h2>\n<p>Im Rahmen des Academy-Programms bestreiten Josh Green, Thomi Rackl und Ryder Quinn jeweils komplette Rennsaisons in renommierten GT4-Meisterschaften. Green vertritt das Team in der GT4 America, Rackl geht in der GT4 European Series an den Start und Quinn setzt sein Engagement in der GT4 Australia um. Dar\u00fcber hinaus erregte Quinn internationale Aufmerksamkeit durch einen GT3-Einsatz beim Bathurst 12 Hour, bei dem er seine F\u00e4higkeiten im hochkar\u00e4tigen Feld unter Beweis stellte.<\/p>\n<h2><span class=\"ez-toc-section\" id=\"max-hesse-komplettiert-werksfahrermteam-fuer-academy-mentoring-und-professionelles-performance-coaching\"><\/span>Max Hesse komplettiert Werksfahrermteam f\u00fcr Academy-Mentoring und professionelles Performance-Coaching<span class=\"ez-toc-section-end\"><\/span><\/h2>\n<p>Als dritter BMW M Werksfahrer st\u00f6\u00dft Max Hesse zur Mentoring-Gruppe um Jens Klingmann und Robby Foley. Gemeinsam b\u00fcndeln sie ihre langj\u00e4hrige Erfahrung, um den Academy-Fahrern detaillierte Einblicke in Fahrzeugtechnik, Rennstrategie und Fahrtechnik zu vermitteln. Dabei profitieren die Nachwuchs\u00adpiloten von individuellen Praxistipps bei Test- und Renneins\u00e4tzen sowie von mentalem Coaching. Die kombinierte Expertise erm\u00f6glicht eine gezielte F\u00f6rderung sowohl im fahrerischen K\u00f6nnen als auch im professionellen Auftreten abseits der Strecke nachhaltig weiterzuentwickeln.<\/p>\n<h2><span class=\"ez-toc-section\" id=\"class-of-2026-erhaelt-exklusive-einblicke-in-bmw-motorsport-strategien\"><\/span>Class of 2026 erh\u00e4lt exklusive Einblicke in BMW Motorsport-Strategien<span class=\"ez-toc-section-end\"><\/span><\/h2>\n<p>Im Rahmen der 24 Stunden auf dem N\u00fcrburgring erhalten die Piloten der &#8222;Class of 2026&#8220; eine exklusive Gelegenheit, s\u00e4mtliche Abl\u00e4ufe bei BMW M Motorsport aus n\u00e4chster N\u00e4he zu beobachten. Dabei begleiten sie professionelle Teams bei Boxenstopps und Reifenwechseln, verfolgen die Koordination von Tankvorg\u00e4ngen und analysieren die Kommunikation zwischen Boxencrew und Fahrern. Zus\u00e4tzlich gewinnen die Nachwuchsfahrer Einblicke in die strategische Planung, einschlie\u00dflich Stint-Management, Sicherheitsphasen und zeitlicher Optimierung von Teamtaktiken. Detailanalysen Prozessabl\u00e4ufen.<\/p>\n<p>Die BMW M Racing Academy der Class of 2026 verbindet gezielte k\u00f6rperliche Fitnessprogramme und mentale Coaching-Einheiten mit pr\u00e4zisem Simulatortraining am BMW M Hybrid V8, erg\u00e4nzt durch praxisorientierte Kommunikationsseminare und intensiven Renneinsatz in GT4-Meisterschaften. Diese integrative Lernstruktur unterst\u00fctzt Nachwuchspiloten dabei, fahrtechnische F\u00e4higkeiten zu verfeinern, Stressresistenz aufzubauen und ihre Marke professionell zu vertreten. Dabei erhalten sie individuelles Feedback von Werksfahrern und Ingenieuren zur kontinuierlichen Weiterentwicklung.<\/p>\n","protected":false},"excerpt":{"rendered":"<p>Die BMW M Racing Academy startete ihre zweite Saison mit der Class of 2026 um Josh Green, Thomi Rackl und Ryder Quinn. Unter Anleitung der Werksfahrer Jens Klingmann und Robby Foley durchliefen die Nachwuchstalente im Formula Medicine Center in Viareggio physische Ausdauer- und Mentalchecks. Anschlie\u00dfend trainierten sie im BMW M Motorsport Simulator in M\u00fcnchen und<\/p>\n<div class=\"read-more\"><a href=\"https:\/\/www.doppelklicker.de\/blog\/bmw-m-racing-academy-formula-medicine-viareggio-bmw-simulator-muenchen\/\" title=\"Jetzt alles lesen\">Jetzt alles lesen<\/a><\/div>\n","protected":false},"author":8,"featured_media":12256,"comment_status":"open","ping_status":"open","sticky":false,"template":"","format":"standard","meta":[],"categories":[3305],"tags":[],"yoast_head":"<!-- This site is optimized with the Yoast SEO plugin v18.2 - https:\/\/yoast.com\/wordpress\/plugins\/seo\/ -->\n<meta name=\"robots\" content=\"index, follow, max-snippet:-1, max-image-preview:large, max-video-preview:-1\" \/>\n<link rel=\"canonical\" href=\"https:\/\/www.doppelklicker.de\/blog\/bmw-m-racing-academy-formula-medicine-viareggio-bmw-simulator-muenchen\/\" \/>\n<meta property=\"og:locale\" content=\"de_DE\" \/>\n<meta property=\"og:type\" content=\"article\" \/>\n<meta property=\"og:title\" content=\"BMW M Racing Academy startet zweite Saison mit Elite-Nachwuchsfahrern\" \/>\n<meta property=\"og:description\" content=\"Die BMW M Racing Academy startete ihre zweite Saison mit der Class of 2026 um Josh Green, Thomi Rackl und Ryder Quinn. Unter Anleitung der Werksfahrer Jens Klingmann und Robby Foley durchliefen die Nachwuchstalente im Formula Medicine Center in Viareggio physische Ausdauer- und Mentalchecks. Anschlie\u00dfend trainierten sie im BMW M Motorsport Simulator in M\u00fcnchen undJetzt alles lesen\" \/>\n<meta property=\"og:url\" content=\"https:\/\/www.doppelklicker.de\/blog\/bmw-m-racing-academy-formula-medicine-viareggio-bmw-simulator-muenchen\/\" \/>\n<meta property=\"og:site_name\" content=\"Aus Mainz.\" \/>\n<meta property=\"article:published_time\" content=\"2026-04-27T09:00:00+00:00\" \/>\n<meta property=\"og:image\" content=\"https:\/\/www.doppelklicker.de\/blog\/wp-content\/uploads\/2026\/04\/bmw-m-racing-academy-startet-zweite-saison-29497.jpg\" \/>\n\t<meta property=\"og:image:width\" content=\"1280\" \/>\n\t<meta property=\"og:image:height\" content=\"615\" \/>\n\t<meta property=\"og:image:type\" content=\"image\/jpeg\" \/>\n<meta name=\"twitter:card\" content=\"summary_large_image\" \/>\n<meta name=\"twitter:label1\" content=\"Verfasst von\" \/>\n\t<meta name=\"twitter:data1\" content=\"Iris Martin\" \/>\n\t<meta name=\"twitter:label2\" content=\"Gesch\u00e4tzte Lesezeit\" \/>\n\t<meta name=\"twitter:data2\" content=\"4 Minuten\" \/>\n<script type=\"application\/ld+json\" class=\"yoast-schema-graph\">{\"@context\":\"https:\/\/schema.org\",\"@graph\":[{\"@type\":\"WebSite\",\"@id\":\"https:\/\/www.doppelklicker.de\/blog\/#website\",\"url\":\"https:\/\/www.doppelklicker.de\/blog\/\",\"name\":\"Aus Mainz.\",\"description\":\"F\u00fcr die Welt.\",\"potentialAction\":[{\"@type\":\"SearchAction\",\"target\":{\"@type\":\"EntryPoint\",\"urlTemplate\":\"https:\/\/www.doppelklicker.de\/blog\/?s={search_term_string}\"},\"query-input\":\"required name=search_term_string\"}],\"inLanguage\":\"de-DE\"},{\"@type\":\"ImageObject\",\"@id\":\"https:\/\/www.doppelklicker.de\/blog\/bmw-m-racing-academy-formula-medicine-viareggio-bmw-simulator-muenchen\/#primaryimage\",\"inLanguage\":\"de-DE\",\"url\":\"https:\/\/www.doppelklicker.de\/blog\/wp-content\/uploads\/2026\/04\/bmw-m-racing-academy-startet-zweite-saison-29497.jpg\",\"contentUrl\":\"https:\/\/www.doppelklicker.de\/blog\/wp-content\/uploads\/2026\/04\/bmw-m-racing-academy-startet-zweite-saison-29497.jpg\",\"width\":1280,\"height\":615,\"caption\":\"BMW M Racing Academy startet zweite Saison mit Elite-Nachwuchsfahrern (Foto: BMW Group)\"},{\"@type\":\"WebPage\",\"@id\":\"https:\/\/www.doppelklicker.de\/blog\/bmw-m-racing-academy-formula-medicine-viareggio-bmw-simulator-muenchen\/#webpage\",\"url\":\"https:\/\/www.doppelklicker.de\/blog\/bmw-m-racing-academy-formula-medicine-viareggio-bmw-simulator-muenchen\/\",\"name\":\"BMW M Racing Academy startet zweite Saison mit Elite-Nachwuchsfahrern\",\"isPartOf\":{\"@id\":\"https:\/\/www.doppelklicker.de\/blog\/#website\"},\"primaryImageOfPage\":{\"@id\":\"https:\/\/www.doppelklicker.de\/blog\/bmw-m-racing-academy-formula-medicine-viareggio-bmw-simulator-muenchen\/#primaryimage\"},\"datePublished\":\"2026-04-27T09:00:00+00:00\",\"dateModified\":\"2026-04-27T09:00:00+00:00\",\"author\":{\"@id\":\"https:\/\/www.doppelklicker.de\/blog\/#\/schema\/person\/08dcac172bdb025e8ff433488184668a\"},\"breadcrumb\":{\"@id\":\"https:\/\/www.doppelklicker.de\/blog\/bmw-m-racing-academy-formula-medicine-viareggio-bmw-simulator-muenchen\/#breadcrumb\"},\"inLanguage\":\"de-DE\",\"potentialAction\":[{\"@type\":\"ReadAction\",\"target\":[\"https:\/\/www.doppelklicker.de\/blog\/bmw-m-racing-academy-formula-medicine-viareggio-bmw-simulator-muenchen\/\"]}]},{\"@type\":\"BreadcrumbList\",\"@id\":\"https:\/\/www.doppelklicker.de\/blog\/bmw-m-racing-academy-formula-medicine-viareggio-bmw-simulator-muenchen\/#breadcrumb\",\"itemListElement\":[{\"@type\":\"ListItem\",\"position\":1,\"name\":\"Startseite\",\"item\":\"https:\/\/www.doppelklicker.de\/blog\/\"},{\"@type\":\"ListItem\",\"position\":2,\"name\":\"BMW M Racing Academy startet zweite Saison mit Elite-Nachwuchsfahrern\"}]},{\"@type\":\"Person\",\"@id\":\"https:\/\/www.doppelklicker.de\/blog\/#\/schema\/person\/08dcac172bdb025e8ff433488184668a\",\"name\":\"Iris Martin\",\"image\":{\"@type\":\"ImageObject\",\"@id\":\"https:\/\/www.doppelklicker.de\/blog\/#personlogo\",\"inLanguage\":\"de-DE\",\"url\":\"https:\/\/secure.gravatar.com\/avatar\/82fdaa093be0b9686b531f99fcb54d15?s=96&d=wp_user_avatar&r=g\",\"contentUrl\":\"https:\/\/secure.gravatar.com\/avatar\/82fdaa093be0b9686b531f99fcb54d15?s=96&d=wp_user_avatar&r=g\",\"caption\":\"Iris Martin\"},\"url\":\"https:\/\/www.doppelklicker.de\/blog\/author\/iris-martin\/\"}]}<\/script>\n<!-- \/ Yoast SEO plugin. -->","yoast_head_json":{"robots":{"index":"index","follow":"follow","max-snippet":"max-snippet:-1","max-image-preview":"max-image-preview:large","max-video-preview":"max-video-preview:-1"},"canonical":"https:\/\/www.doppelklicker.de\/blog\/bmw-m-racing-academy-formula-medicine-viareggio-bmw-simulator-muenchen\/","og_locale":"de_DE","og_type":"article","og_title":"BMW M Racing Academy startet zweite Saison mit Elite-Nachwuchsfahrern","og_description":"Die BMW M Racing Academy startete ihre zweite Saison mit der Class of 2026 um Josh Green, Thomi Rackl und Ryder Quinn. Unter Anleitung der Werksfahrer Jens Klingmann und Robby Foley durchliefen die Nachwuchstalente im Formula Medicine Center in Viareggio physische Ausdauer- und Mentalchecks. Anschlie\u00dfend trainierten sie im BMW M Motorsport Simulator in M\u00fcnchen undJetzt alles lesen","og_url":"https:\/\/www.doppelklicker.de\/blog\/bmw-m-racing-academy-formula-medicine-viareggio-bmw-simulator-muenchen\/","og_site_name":"Aus Mainz.","article_published_time":"2026-04-27T09:00:00+00:00","og_image":[{"width":1280,"height":615,"url":"https:\/\/www.doppelklicker.de\/blog\/wp-content\/uploads\/2026\/04\/bmw-m-racing-academy-startet-zweite-saison-29497.jpg","type":"image\/jpeg"}],"twitter_card":"summary_large_image","twitter_misc":{"Verfasst von":"Iris Martin","Gesch\u00e4tzte Lesezeit":"4 Minuten"},"schema":{"@context":"https:\/\/schema.org","@graph":[{"@type":"WebSite","@id":"https:\/\/www.doppelklicker.de\/blog\/#website","url":"https:\/\/www.doppelklicker.de\/blog\/","name":"Aus Mainz.","description":"F\u00fcr die Welt.","potentialAction":[{"@type":"SearchAction","target":{"@type":"EntryPoint","urlTemplate":"https:\/\/www.doppelklicker.de\/blog\/?s={search_term_string}"},"query-input":"required name=search_term_string"}],"inLanguage":"de-DE"},{"@type":"ImageObject","@id":"https:\/\/www.doppelklicker.de\/blog\/bmw-m-racing-academy-formula-medicine-viareggio-bmw-simulator-muenchen\/#primaryimage","inLanguage":"de-DE","url":"https:\/\/www.doppelklicker.de\/blog\/wp-content\/uploads\/2026\/04\/bmw-m-racing-academy-startet-zweite-saison-29497.jpg","contentUrl":"https:\/\/www.doppelklicker.de\/blog\/wp-content\/uploads\/2026\/04\/bmw-m-racing-academy-startet-zweite-saison-29497.jpg","width":1280,"height":615,"caption":"BMW M Racing Academy startet zweite Saison mit Elite-Nachwuchsfahrern (Foto: BMW Group)"},{"@type":"WebPage","@id":"https:\/\/www.doppelklicker.de\/blog\/bmw-m-racing-academy-formula-medicine-viareggio-bmw-simulator-muenchen\/#webpage","url":"https:\/\/www.doppelklicker.de\/blog\/bmw-m-racing-academy-formula-medicine-viareggio-bmw-simulator-muenchen\/","name":"BMW M Racing Academy startet zweite Saison mit Elite-Nachwuchsfahrern","isPartOf":{"@id":"https:\/\/www.doppelklicker.de\/blog\/#website"},"primaryImageOfPage":{"@id":"https:\/\/www.doppelklicker.de\/blog\/bmw-m-racing-academy-formula-medicine-viareggio-bmw-simulator-muenchen\/#primaryimage"},"datePublished":"2026-04-27T09:00:00+00:00","dateModified":"2026-04-27T09:00:00+00:00","author":{"@id":"https:\/\/www.doppelklicker.de\/blog\/#\/schema\/person\/08dcac172bdb025e8ff433488184668a"},"breadcrumb":{"@id":"https:\/\/www.doppelklicker.de\/blog\/bmw-m-racing-academy-formula-medicine-viareggio-bmw-simulator-muenchen\/#breadcrumb"},"inLanguage":"de-DE","potentialAction":[{"@type":"ReadAction","target":["https:\/\/www.doppelklicker.de\/blog\/bmw-m-racing-academy-formula-medicine-viareggio-bmw-simulator-muenchen\/"]}]},{"@type":"BreadcrumbList","@id":"https:\/\/www.doppelklicker.de\/blog\/bmw-m-racing-academy-formula-medicine-viareggio-bmw-simulator-muenchen\/#breadcrumb","itemListElement":[{"@type":"ListItem","position":1,"name":"Startseite","item":"https:\/\/www.doppelklicker.de\/blog\/"},{"@type":"ListItem","position":2,"name":"BMW M Racing Academy startet zweite Saison mit Elite-Nachwuchsfahrern"}]},{"@type":"Person","@id":"https:\/\/www.doppelklicker.de\/blog\/#\/schema\/person\/08dcac172bdb025e8ff433488184668a","name":"Iris Martin","image":{"@type":"ImageObject","@id":"https:\/\/www.doppelklicker.de\/blog\/#personlogo","inLanguage":"de-DE","url":"https:\/\/secure.gravatar.com\/avatar\/82fdaa093be0b9686b531f99fcb54d15?s=96&d=wp_user_avatar&r=g","contentUrl":"https:\/\/secure.gravatar.com\/avatar\/82fdaa093be0b9686b531f99fcb54d15?s=96&d=wp_user_avatar&r=g","caption":"Iris Martin"},"url":"https:\/\/www.doppelklicker.de\/blog\/author\/iris-martin\/"}]}},"_links":{"self":[{"href":"https:\/\/www.doppelklicker.de\/blog\/wp-json\/wp\/v2\/posts\/12251"}],"collection":[{"href":"https:\/\/www.doppelklicker.de\/blog\/wp-json\/wp\/v2\/posts"}],"about":[{"href":"https:\/\/www.doppelklicker.de\/blog\/wp-json\/wp\/v2\/types\/post"}],"author":[{"embeddable":true,"href":"https:\/\/www.doppelklicker.de\/blog\/wp-json\/wp\/v2\/users\/8"}],"replies":[{"embeddable":true,"href":"https:\/\/www.doppelklicker.de\/blog\/wp-json\/wp\/v2\/comments?post=12251"}],"version-history":[{"count":0,"href":"https:\/\/www.doppelklicker.de\/blog\/wp-json\/wp\/v2\/posts\/12251\/revisions"}],"wp:featuredmedia":[{"embeddable":true,"href":"https:\/\/www.doppelklicker.de\/blog\/wp-json\/wp\/v2\/media\/12256"}],"wp:attachment":[{"href":"https:\/\/www.doppelklicker.de\/blog\/wp-json\/wp\/v2\/media?parent=12251"}],"wp:term":[{"taxonomy":"category","embeddable":true,"href":"https:\/\/www.doppelklicker.de\/blog\/wp-json\/wp\/v2\/categories?post=12251"},{"taxonomy":"post_tag","embeddable":true,"href":"https:\/\/www.doppelklicker.de\/blog\/wp-json\/wp\/v2\/tags?post=12251"}],"curies":[{"name":"wp","href":"https:\/\/api.w.org\/{rel}","templated":true}]}}