{"id":12504,"date":"2026-09-02T08:00:00","date_gmt":"2026-09-02T06:00:00","guid":{"rendered":"guid"},"modified":"2026-09-02T08:00:00","modified_gmt":"2026-09-02T06:00:00","slug":"uwe-kroeger-julia-im-stage-palladium-theater-stuttgart","status":"publish","type":"post","link":"https:\/\/www.doppelklicker.de\/blog\/uwe-kroeger-julia-im-stage-palladium-theater-stuttgart\/","title":{"rendered":"Musicalstar Uwe Kr\u00f6ger kehrt Fr\u00fchjahr 2027 nach Stuttgart zur\u00fcck"},"content":{"rendered":"<p>Im Fr\u00fchjahr 2027 kehrt Uwe Kr\u00f6ger als Lance im Pop-Musical &#038; JULIA zur\u00fcck und steht auf der B\u00fchne des Stage Palladium Theaters in Stuttgart. Der renommierte Darsteller blickt auf nachhaltige Erfolge in MISS SAIGON und DISNEYS DIE SCH\u00d6NE UND DAS BIEST zur\u00fcck, die seine emotionale Verbindung zur Stadt pr\u00e4gten. Mit kom\u00f6diantischem Talent und aktuellen Pop-Hits wie &#8222;Teenage Dream&#8220; und &#8222;Everybody&#8220; verspricht er ein energiegeladenes Erlebnis f\u00fcr Musicalfans und Theaterliebhaber gleicherma\u00dfen.<br \/>\n<!--more--><\/p>\n<div id=\"ez-toc-container\" class=\"ez-toc-v2_0_16 counter-hierarchy\">\n<div class=\"ez-toc-title-container\">\n<p class=\"ez-toc-title\">Inhaltsverzeichnis: Das erwartet Sie in diesem Artikel<\/p>\n<span class=\"ez-toc-title-toggle\"><a class=\"ez-toc-pull-right ez-toc-btn ez-toc-btn-xs ez-toc-btn-default ez-toc-toggle\" style=\"display: none;\"><i class=\"ez-toc-glyphicon ez-toc-icon-toggle\"><\/i><\/a><\/span><\/div>\n<nav><ul class=\"ez-toc-list ez-toc-list-level-1\"><li class=\"ez-toc-page-1 ez-toc-heading-level-2\"><a class=\"ez-toc-link ez-toc-heading-1\" href=\"https:\/\/www.doppelklicker.de\/blog\/uwe-kroeger-julia-im-stage-palladium-theater-stuttgart\/#uwe-kroeger-begeistert-als-lance-mit-pop-musicalcomedy-in-stuttgart\" title=\"Uwe Kr\u00f6ger begeistert als Lance mit Pop-Musicalcomedy in Stuttgart\">Uwe Kr\u00f6ger begeistert als Lance mit Pop-Musicalcomedy in Stuttgart<\/a><\/li><li class=\"ez-toc-page-1 ez-toc-heading-level-2\"><a class=\"ez-toc-link ez-toc-heading-2\" href=\"https:\/\/www.doppelklicker.de\/blog\/uwe-kroeger-julia-im-stage-palladium-theater-stuttgart\/#uwe-kroeger-begeisterte-als-gi-chris-1990er-stuttgart-publikumsliebling\" title=\"Uwe Kr\u00f6ger begeisterte als GI Chris 1990er Stuttgart Publikumsliebling\">Uwe Kr\u00f6ger begeisterte als GI Chris 1990er Stuttgart Publikumsliebling<\/a><\/li><li class=\"ez-toc-page-1 ez-toc-heading-level-2\"><a class=\"ez-toc-link ez-toc-heading-3\" href=\"https:\/\/www.doppelklicker.de\/blog\/uwe-kroeger-julia-im-stage-palladium-theater-stuttgart\/#uwe-kroeger-begeistert-als-lance-mit-pop-hits-und-comedy\" title=\"Uwe Kr\u00f6ger begeistert als Lance mit Pop-Hits und Comedy\">Uwe Kr\u00f6ger begeistert als Lance mit Pop-Hits und Comedy<\/a><\/li><li class=\"ez-toc-page-1 ez-toc-heading-level-2\"><a class=\"ez-toc-link ez-toc-heading-4\" href=\"https:\/\/www.doppelklicker.de\/blog\/uwe-kroeger-julia-im-stage-palladium-theater-stuttgart\/#uwe-kroeger-gastiert-an-vier-tagen-im-palladium-theater\" title=\"Uwe Kr\u00f6ger gastiert an vier Tagen im Palladium Theater\">Uwe Kr\u00f6ger gastiert an vier Tagen im Palladium Theater<\/a><\/li><\/ul><\/nav><\/div>\n<h2><span class=\"ez-toc-section\" id=\"uwe-kroeger-begeistert-als-lance-mit-pop-musicalcomedy-in-stuttgart\"><\/span>Uwe Kr\u00f6ger begeistert als Lance mit Pop-Musicalcomedy in Stuttgart<span class=\"ez-toc-section-end\"><\/span><\/h2>\n<p>In ausgew\u00e4hlten Auff\u00fchrungen des Pop-Musicals &#038; JULIA verk\u00f6rpert Uwe Kr\u00f6ger die Rolle des Lance mit kom\u00f6diantischem Geschick und verbindet dabei seine charakteristische B\u00fchnenpr\u00e4senz mit eing\u00e4ngigen Popmelodien. Nach mehr als drei\u00dfig Jahren B\u00fchnenpraxis kehrt einer der renommiertesten Musicaldarsteller Europas an den Schauplatz seiner gr\u00f6\u00dften Erfolge zur\u00fcck, das Stage Palladium Theater im SI-Centrum Stuttgart, und garantiert damit den Zuschauern ein energiegeladenes und unterhaltsames Liveerlebnis auf h\u00f6chstem Niveau mit unvergesslichen Momenten voller Emotionen.<\/p>\n<h2><span class=\"ez-toc-section\" id=\"uwe-kroeger-begeisterte-als-gi-chris-1990er-stuttgart-publikumsliebling\"><\/span>Uwe Kr\u00f6ger begeisterte als GI Chris 1990er Stuttgart Publikumsliebling<span class=\"ez-toc-section-end\"><\/span><\/h2>\n<p>In den mittleren 1990er-Jahren avancierte Uwe Kr\u00f6ger in Stuttgart mit der deutschsprachigen Erstinszenierung von MISS SAIGON als GI Chris zum absoluten Publikumsliebling. Sein intensiver Ausdruck und seine Darstellungskraft begeisterten die Zuschauer nachhaltig. Jahre sp\u00e4ter kehrte er als wandelbares Biest in Disneys DIE SCH\u00d6NE UND DAS BIEST zur\u00fcck und erzielte erneut herausragende Erfolge. Diese historischen Meilensteine im SI-Centrum Stuttgart festigten seine Bekanntheit und verleihen seiner R\u00fcckkehr im Fr\u00fchjahr 2027 besondere Relevanz.<\/p>\n<h2><span class=\"ez-toc-section\" id=\"uwe-kroeger-begeistert-als-lance-mit-pop-hits-und-comedy\"><\/span>Uwe Kr\u00f6ger begeistert als Lance mit Pop-Hits und Comedy<span class=\"ez-toc-section-end\"><\/span><\/h2>\n<p>In &#038; JULIA pr\u00e4sentiert Uwe Kr\u00f6ger als Lance sein kom\u00f6diantisches Geschick auf eindrucksvolle Weise. Pr\u00e4zise getimte Pointen wechseln sich ab mit emotional aufgeladenen Momenten, w\u00e4hrend er popul\u00e4re Popsongs wie &#8222;Teenage Dream&#8220; und &#8222;Everybody&#8220; gekonnt neu arrangiert und stimmlich interpretiert. Eine energiegeladene Inszenierung mit dynamischen Choreografien, modernem Lichtdesign und kraftvollem Sound setzt konsequent auf Humor und Herz, sodass Musicalfans ein kurzweiliges und spannungsreiches B\u00fchnenerlebnis geboten wird.<\/p>\n<h2><span class=\"ez-toc-section\" id=\"uwe-kroeger-gastiert-an-vier-tagen-im-palladium-theater\"><\/span>Uwe Kr\u00f6ger gastiert an vier Tagen im Palladium Theater<span class=\"ez-toc-section-end\"><\/span><\/h2>\n<p>Die Auff\u00fchrungen mit Uwe Kr\u00f6ger finden am 23. April, 24. April, 1. Mai und 2. Mai 2027 im Stage Palladium Theater Stuttgart statt. Stage Entertainment weist darauf hin, dass kurzfristige Besetzungs\u00e4nderungen m\u00f6glich sind. Bei Ausf\u00e4llen oder Umbesetzungen besteht kein Anspruch auf R\u00fcckerstattung, Stornierung oder Umtausch bereits gekaufter Tickets. Durch die begrenzten Termine erh\u00e4lt jede Vorstellung einen exklusiven Charakter, der Musicalfans ein einzigartiges und unvergleichliches Erlebnis mit Deutschlands beliebten Darsteller bietet.<\/p>\n<p>Die R\u00fcckkehr des angesehenen Musicaldarstellers Uwe Kr\u00f6ger nach Stuttgart er\u00f6ffnet Theaterbesuchern vielf\u00e4ltige Vorz\u00fcge. Erstmals nach Jahren k\u00f6nnen Fans eine Live-Darbietung seiner charismatischen B\u00fchnenpr\u00e4senz im Stage Palladium Theater erleben. Die Inszenierung verbindet pointierte Comedy-Elemente mit eing\u00e4ngigen Pop-Hits und profitiert von einer professionellen Stage-Entertainment-Produktion in historischem Ambiente. Begrenzte Auff\u00fchrungstermine im Fr\u00fchjahr 2027 schaffen eine exklusive Atmosph\u00e4re. Die Veranstaltung richtet sich an Liebhaber zeitgem\u00e4\u00dfer Musicalkunst und verspricht unvergessliche Abende voller Emotion und Spannung.<\/p>\n","protected":false},"excerpt":{"rendered":"<p>Im Fr\u00fchjahr 2027 kehrt Uwe Kr\u00f6ger als Lance im Pop-Musical &#038; JULIA zur\u00fcck und steht auf der B\u00fchne des Stage Palladium Theaters in Stuttgart. Der renommierte Darsteller blickt auf nachhaltige Erfolge in MISS SAIGON und DISNEYS DIE SCH\u00d6NE UND DAS BIEST zur\u00fcck, die seine emotionale Verbindung zur Stadt pr\u00e4gten. Mit kom\u00f6diantischem Talent und aktuellen Pop-Hits<\/p>\n<div class=\"read-more\"><a href=\"https:\/\/www.doppelklicker.de\/blog\/uwe-kroeger-julia-im-stage-palladium-theater-stuttgart\/\" title=\"Jetzt alles lesen\">Jetzt alles lesen<\/a><\/div>\n","protected":false},"author":8,"featured_media":12529,"comment_status":"open","ping_status":"open","sticky":false,"template":"","format":"standard","meta":[],"categories":[3305],"tags":[],"yoast_head":"<!-- This site is optimized with the Yoast SEO plugin v18.2 - https:\/\/yoast.com\/wordpress\/plugins\/seo\/ -->\n<meta name=\"robots\" content=\"index, follow, max-snippet:-1, max-image-preview:large, max-video-preview:-1\" \/>\n<link rel=\"canonical\" href=\"https:\/\/www.doppelklicker.de\/blog\/uwe-kroeger-julia-im-stage-palladium-theater-stuttgart\/\" \/>\n<meta property=\"og:locale\" content=\"de_DE\" \/>\n<meta property=\"og:type\" content=\"article\" \/>\n<meta property=\"og:title\" content=\"Musicalstar Uwe Kr\u00f6ger kehrt Fr\u00fchjahr 2027 nach Stuttgart zur\u00fcck\" \/>\n<meta property=\"og:description\" content=\"Im Fr\u00fchjahr 2027 kehrt Uwe Kr\u00f6ger als Lance im Pop-Musical &#038; JULIA zur\u00fcck und steht auf der B\u00fchne des Stage Palladium Theaters in Stuttgart. Der renommierte Darsteller blickt auf nachhaltige Erfolge in MISS SAIGON und DISNEYS DIE SCH\u00d6NE UND DAS BIEST zur\u00fcck, die seine emotionale Verbindung zur Stadt pr\u00e4gten. Mit kom\u00f6diantischem Talent und aktuellen Pop-HitsJetzt alles lesen\" \/>\n<meta property=\"og:url\" content=\"https:\/\/www.doppelklicker.de\/blog\/uwe-kroeger-julia-im-stage-palladium-theater-stuttgart\/\" \/>\n<meta property=\"og:site_name\" content=\"Aus Mainz.\" \/>\n<meta property=\"article:published_time\" content=\"2026-09-02T06:00:00+00:00\" \/>\n<meta property=\"og:image\" content=\"https:\/\/www.doppelklicker.de\/blog\/wp-content\/uploads\/2026\/08\/musicalstar-uwe-kroeger-kehrt-fruehjahr-2027-nach-stuttgart-31054.jpg\" \/>\n\t<meta property=\"og:image:width\" content=\"1280\" \/>\n\t<meta property=\"og:image:height\" content=\"615\" \/>\n\t<meta property=\"og:image:type\" content=\"image\/jpeg\" \/>\n<meta name=\"twitter:card\" content=\"summary_large_image\" \/>\n<meta name=\"twitter:label1\" content=\"Verfasst von\" \/>\n\t<meta name=\"twitter:data1\" content=\"Iris Martin\" \/>\n\t<meta name=\"twitter:label2\" content=\"Gesch\u00e4tzte Lesezeit\" \/>\n\t<meta name=\"twitter:data2\" content=\"3 Minuten\" \/>\n<script type=\"application\/ld+json\" class=\"yoast-schema-graph\">{\"@context\":\"https:\/\/schema.org\",\"@graph\":[{\"@type\":\"WebSite\",\"@id\":\"https:\/\/www.doppelklicker.de\/blog\/#website\",\"url\":\"https:\/\/www.doppelklicker.de\/blog\/\",\"name\":\"Aus Mainz.\",\"description\":\"F\u00fcr die Welt.\",\"potentialAction\":[{\"@type\":\"SearchAction\",\"target\":{\"@type\":\"EntryPoint\",\"urlTemplate\":\"https:\/\/www.doppelklicker.de\/blog\/?s={search_term_string}\"},\"query-input\":\"required name=search_term_string\"}],\"inLanguage\":\"de-DE\"},{\"@type\":\"ImageObject\",\"@id\":\"https:\/\/www.doppelklicker.de\/blog\/uwe-kroeger-julia-im-stage-palladium-theater-stuttgart\/#primaryimage\",\"inLanguage\":\"de-DE\",\"url\":\"https:\/\/www.doppelklicker.de\/blog\/wp-content\/uploads\/2026\/08\/musicalstar-uwe-kroeger-kehrt-fruehjahr-2027-nach-stuttgart-31054.jpg\",\"contentUrl\":\"https:\/\/www.doppelklicker.de\/blog\/wp-content\/uploads\/2026\/08\/musicalstar-uwe-kroeger-kehrt-fruehjahr-2027-nach-stuttgart-31054.jpg\",\"width\":1280,\"height\":615,\"caption\":\"Musicalstar Uwe Kr\u00f6ger kehrt Fr\u00fchjahr 2027 nach Stuttgart zur\u00fcck (Foto: Michael Wagner\/Stage Entertainment)\"},{\"@type\":\"WebPage\",\"@id\":\"https:\/\/www.doppelklicker.de\/blog\/uwe-kroeger-julia-im-stage-palladium-theater-stuttgart\/#webpage\",\"url\":\"https:\/\/www.doppelklicker.de\/blog\/uwe-kroeger-julia-im-stage-palladium-theater-stuttgart\/\",\"name\":\"Musicalstar Uwe Kr\u00f6ger kehrt Fr\u00fchjahr 2027 nach Stuttgart zur\u00fcck\",\"isPartOf\":{\"@id\":\"https:\/\/www.doppelklicker.de\/blog\/#website\"},\"primaryImageOfPage\":{\"@id\":\"https:\/\/www.doppelklicker.de\/blog\/uwe-kroeger-julia-im-stage-palladium-theater-stuttgart\/#primaryimage\"},\"datePublished\":\"2026-09-02T06:00:00+00:00\",\"dateModified\":\"2026-09-02T06:00:00+00:00\",\"author\":{\"@id\":\"https:\/\/www.doppelklicker.de\/blog\/#\/schema\/person\/08dcac172bdb025e8ff433488184668a\"},\"breadcrumb\":{\"@id\":\"https:\/\/www.doppelklicker.de\/blog\/uwe-kroeger-julia-im-stage-palladium-theater-stuttgart\/#breadcrumb\"},\"inLanguage\":\"de-DE\",\"potentialAction\":[{\"@type\":\"ReadAction\",\"target\":[\"https:\/\/www.doppelklicker.de\/blog\/uwe-kroeger-julia-im-stage-palladium-theater-stuttgart\/\"]}]},{\"@type\":\"BreadcrumbList\",\"@id\":\"https:\/\/www.doppelklicker.de\/blog\/uwe-kroeger-julia-im-stage-palladium-theater-stuttgart\/#breadcrumb\",\"itemListElement\":[{\"@type\":\"ListItem\",\"position\":1,\"name\":\"Startseite\",\"item\":\"https:\/\/www.doppelklicker.de\/blog\/\"},{\"@type\":\"ListItem\",\"position\":2,\"name\":\"Musicalstar Uwe Kr\u00f6ger kehrt Fr\u00fchjahr 2027 nach Stuttgart zur\u00fcck\"}]},{\"@type\":\"Person\",\"@id\":\"https:\/\/www.doppelklicker.de\/blog\/#\/schema\/person\/08dcac172bdb025e8ff433488184668a\",\"name\":\"Iris Martin\",\"image\":{\"@type\":\"ImageObject\",\"@id\":\"https:\/\/www.doppelklicker.de\/blog\/#personlogo\",\"inLanguage\":\"de-DE\",\"url\":\"https:\/\/secure.gravatar.com\/avatar\/82fdaa093be0b9686b531f99fcb54d15?s=96&d=wp_user_avatar&r=g\",\"contentUrl\":\"https:\/\/secure.gravatar.com\/avatar\/82fdaa093be0b9686b531f99fcb54d15?s=96&d=wp_user_avatar&r=g\",\"caption\":\"Iris Martin\"},\"url\":\"https:\/\/www.doppelklicker.de\/blog\/author\/iris-martin\/\"}]}<\/script>\n<!-- \/ Yoast SEO plugin. -->","yoast_head_json":{"robots":{"index":"index","follow":"follow","max-snippet":"max-snippet:-1","max-image-preview":"max-image-preview:large","max-video-preview":"max-video-preview:-1"},"canonical":"https:\/\/www.doppelklicker.de\/blog\/uwe-kroeger-julia-im-stage-palladium-theater-stuttgart\/","og_locale":"de_DE","og_type":"article","og_title":"Musicalstar Uwe Kr\u00f6ger kehrt Fr\u00fchjahr 2027 nach Stuttgart zur\u00fcck","og_description":"Im Fr\u00fchjahr 2027 kehrt Uwe Kr\u00f6ger als Lance im Pop-Musical &#038; JULIA zur\u00fcck und steht auf der B\u00fchne des Stage Palladium Theaters in Stuttgart. Der renommierte Darsteller blickt auf nachhaltige Erfolge in MISS SAIGON und DISNEYS DIE SCH\u00d6NE UND DAS BIEST zur\u00fcck, die seine emotionale Verbindung zur Stadt pr\u00e4gten. Mit kom\u00f6diantischem Talent und aktuellen Pop-HitsJetzt alles lesen","og_url":"https:\/\/www.doppelklicker.de\/blog\/uwe-kroeger-julia-im-stage-palladium-theater-stuttgart\/","og_site_name":"Aus Mainz.","article_published_time":"2026-09-02T06:00:00+00:00","og_image":[{"width":1280,"height":615,"url":"https:\/\/www.doppelklicker.de\/blog\/wp-content\/uploads\/2026\/08\/musicalstar-uwe-kroeger-kehrt-fruehjahr-2027-nach-stuttgart-31054.jpg","type":"image\/jpeg"}],"twitter_card":"summary_large_image","twitter_misc":{"Verfasst von":"Iris Martin","Gesch\u00e4tzte Lesezeit":"3 Minuten"},"schema":{"@context":"https:\/\/schema.org","@graph":[{"@type":"WebSite","@id":"https:\/\/www.doppelklicker.de\/blog\/#website","url":"https:\/\/www.doppelklicker.de\/blog\/","name":"Aus Mainz.","description":"F\u00fcr die Welt.","potentialAction":[{"@type":"SearchAction","target":{"@type":"EntryPoint","urlTemplate":"https:\/\/www.doppelklicker.de\/blog\/?s={search_term_string}"},"query-input":"required name=search_term_string"}],"inLanguage":"de-DE"},{"@type":"ImageObject","@id":"https:\/\/www.doppelklicker.de\/blog\/uwe-kroeger-julia-im-stage-palladium-theater-stuttgart\/#primaryimage","inLanguage":"de-DE","url":"https:\/\/www.doppelklicker.de\/blog\/wp-content\/uploads\/2026\/08\/musicalstar-uwe-kroeger-kehrt-fruehjahr-2027-nach-stuttgart-31054.jpg","contentUrl":"https:\/\/www.doppelklicker.de\/blog\/wp-content\/uploads\/2026\/08\/musicalstar-uwe-kroeger-kehrt-fruehjahr-2027-nach-stuttgart-31054.jpg","width":1280,"height":615,"caption":"Musicalstar Uwe Kr\u00f6ger kehrt Fr\u00fchjahr 2027 nach Stuttgart zur\u00fcck (Foto: Michael Wagner\/Stage Entertainment)"},{"@type":"WebPage","@id":"https:\/\/www.doppelklicker.de\/blog\/uwe-kroeger-julia-im-stage-palladium-theater-stuttgart\/#webpage","url":"https:\/\/www.doppelklicker.de\/blog\/uwe-kroeger-julia-im-stage-palladium-theater-stuttgart\/","name":"Musicalstar Uwe Kr\u00f6ger kehrt Fr\u00fchjahr 2027 nach Stuttgart zur\u00fcck","isPartOf":{"@id":"https:\/\/www.doppelklicker.de\/blog\/#website"},"primaryImageOfPage":{"@id":"https:\/\/www.doppelklicker.de\/blog\/uwe-kroeger-julia-im-stage-palladium-theater-stuttgart\/#primaryimage"},"datePublished":"2026-09-02T06:00:00+00:00","dateModified":"2026-09-02T06:00:00+00:00","author":{"@id":"https:\/\/www.doppelklicker.de\/blog\/#\/schema\/person\/08dcac172bdb025e8ff433488184668a"},"breadcrumb":{"@id":"https:\/\/www.doppelklicker.de\/blog\/uwe-kroeger-julia-im-stage-palladium-theater-stuttgart\/#breadcrumb"},"inLanguage":"de-DE","potentialAction":[{"@type":"ReadAction","target":["https:\/\/www.doppelklicker.de\/blog\/uwe-kroeger-julia-im-stage-palladium-theater-stuttgart\/"]}]},{"@type":"BreadcrumbList","@id":"https:\/\/www.doppelklicker.de\/blog\/uwe-kroeger-julia-im-stage-palladium-theater-stuttgart\/#breadcrumb","itemListElement":[{"@type":"ListItem","position":1,"name":"Startseite","item":"https:\/\/www.doppelklicker.de\/blog\/"},{"@type":"ListItem","position":2,"name":"Musicalstar Uwe Kr\u00f6ger kehrt Fr\u00fchjahr 2027 nach Stuttgart zur\u00fcck"}]},{"@type":"Person","@id":"https:\/\/www.doppelklicker.de\/blog\/#\/schema\/person\/08dcac172bdb025e8ff433488184668a","name":"Iris Martin","image":{"@type":"ImageObject","@id":"https:\/\/www.doppelklicker.de\/blog\/#personlogo","inLanguage":"de-DE","url":"https:\/\/secure.gravatar.com\/avatar\/82fdaa093be0b9686b531f99fcb54d15?s=96&d=wp_user_avatar&r=g","contentUrl":"https:\/\/secure.gravatar.com\/avatar\/82fdaa093be0b9686b531f99fcb54d15?s=96&d=wp_user_avatar&r=g","caption":"Iris Martin"},"url":"https:\/\/www.doppelklicker.de\/blog\/author\/iris-martin\/"}]}},"_links":{"self":[{"href":"https:\/\/www.doppelklicker.de\/blog\/wp-json\/wp\/v2\/posts\/12504"}],"collection":[{"href":"https:\/\/www.doppelklicker.de\/blog\/wp-json\/wp\/v2\/posts"}],"about":[{"href":"https:\/\/www.doppelklicker.de\/blog\/wp-json\/wp\/v2\/types\/post"}],"author":[{"embeddable":true,"href":"https:\/\/www.doppelklicker.de\/blog\/wp-json\/wp\/v2\/users\/8"}],"replies":[{"embeddable":true,"href":"https:\/\/www.doppelklicker.de\/blog\/wp-json\/wp\/v2\/comments?post=12504"}],"version-history":[{"count":0,"href":"https:\/\/www.doppelklicker.de\/blog\/wp-json\/wp\/v2\/posts\/12504\/revisions"}],"wp:featuredmedia":[{"embeddable":true,"href":"https:\/\/www.doppelklicker.de\/blog\/wp-json\/wp\/v2\/media\/12529"}],"wp:attachment":[{"href":"https:\/\/www.doppelklicker.de\/blog\/wp-json\/wp\/v2\/media?parent=12504"}],"wp:term":[{"taxonomy":"category","embeddable":true,"href":"https:\/\/www.doppelklicker.de\/blog\/wp-json\/wp\/v2\/categories?post=12504"},{"taxonomy":"post_tag","embeddable":true,"href":"https:\/\/www.doppelklicker.de\/blog\/wp-json\/wp\/v2\/tags?post=12504"}],"curies":[{"name":"wp","href":"https:\/\/api.w.org\/{rel}","templated":true}]}}