{"id":12547,"date":"2026-08-19T09:00:00","date_gmt":"2026-08-19T07:00:00","guid":{"rendered":"guid"},"modified":"2026-08-19T09:00:00","modified_gmt":"2026-08-19T07:00:00","slug":"verarbeitendes-gewerbe-2025-stellenabbau-in-kfz-zulieferung","status":"publish","type":"post","link":"https:\/\/www.doppelklicker.de\/blog\/verarbeitendes-gewerbe-2025-stellenabbau-in-kfz-zulieferung\/","title":{"rendered":"R\u00fcckl\u00e4ufige Besch\u00e4ftigung im Verarbeitenden Gewerbe belastet deutschen Arbeitsmarkt nachhaltig"},"content":{"rendered":"<p>Analysen des Arbeitsmarkts weisen darauf hin, dass rund ein Drittel der Experten sinkende Besch\u00e4ftigtenzahlen im Verarbeitenden Gewerbe konstatiert. Bis Dezember 2025 sank die sozialversicherungspflichtige Besch\u00e4ftigung dort um 177.000 auf 6,5 Millionen Arbeitspl\u00e4tze. Gesamt\u00fcbergreifend betrug der R\u00fcckgang 108.000 Stellen, weil Zuw\u00e4chse in anderen Wirtschaftszweigen die Verluste nicht ausglichen. Um den Fachkr\u00e4ftebedarf bedarfsgerecht zu decken, betreibt die Bundesagentur f\u00fcr Arbeit regionale Arbeitsmarktdrehscheiben zur schnellen Vermittlung geeigneter Mitarbeiter.<br \/>\n<!--more--><\/p>\n<h2>Verarbeitendes Gewerbe k\u00e4mpft weiterhin mit R\u00fcckgang sozialversicherungspflichtiger Besch\u00e4ftigter stark<\/h2>\n<p>Per Ende Dezember 2025 sind im Verarbeitenden Gewerbe Deutschlands rund 6,5 Millionen sozialversicherungspflichtige Erwerbst\u00e4tige besch\u00e4ftigt, was nahezu 20 Prozent aller derartigen Besch\u00e4ftigungsverh\u00e4ltnisse im Land ausmacht. Im Jahresvergleich verlor der Sektor 177.000 Arbeitspl\u00e4tze. Betrachtet man alle Wirtschaftszweige, ergibt sich ein Gesamtminus von 108.000 sozialversicherungspflichtigen Positionen, da Zunahmen in anderen Bereichen die Verluste im Verarbeitenden Gewerbe nicht vollst\u00e4ndig kompensieren konnten. Diese Kenngr\u00f6\u00dfen verdeutlichen die aktuellen Branchendynamiken und fordern koordinierten F\u00f6rder- und Strukturma\u00dfnahmen.<\/p>\n<h2>Besch\u00e4ftigungsstatistiken belegen deutlich sinkende Zahlen im Verarbeitenden Gewerbe 2025<\/h2>\n<p>Die Quartalsstatistik dokumentiert, dass bis Ende 2025 im Sektor Herstellung von Kraftwagen und Kraftwagenteilen 52.000 sozialversicherungspflichtige Stellen gestrichen wurden. Gleichzeitig sank die Zahl der Besch\u00e4ftigten in der Metallindustrie um 24.000 und im Maschinenbau um 28.000. Diese Daten unterstreichen die Dynamik und Komplexit\u00e4t der aktuellen Entwicklungen im Verarbeitenden Gewerbe. Sie weisen auf die Notwendigkeit hin, Qualifizierungsinitiativen, Innovationsnetzwerke und regionale Vermittlungsstrukturen zu st\u00e4rken, um Arbeitspl\u00e4tze zu erhalten und die Wettbewerbsf\u00e4higkeit zu sichern.<\/p>\n<h2>Fachkr\u00e4ftemangel wird reduziert durch koordinierte Arbeitsmarktdrehscheiben und Vernetzung regional<\/h2>\n<p>Im Zuge des Strukturwandels im Verarbeitenden Gewerbe aktiviert die Bundesagentur f\u00fcr Arbeit regionale Arbeitsmarktdrehscheiben, die als Schnittstellen zwischen Angebot und Nachfrage fungieren. Firmen mit Personalbedarf und Betriebe mit \u00dcberkapazit\u00e4ten werden durch lokale Koordinatoren und digitale Matching-Systeme vernetzt. Freie Kapazit\u00e4ten werden unmittelbar umgeleitet und mit Weiterbildungsangeboten kombiniert, um Qualifikationsl\u00fccken zu schlie\u00dfen. Diese dezentrale Vorgehensweise gew\u00e4hrleistet eine schnelle, flexible und passgenaue Besetzung offener Stellen und st\u00e4rkt die Wettbewerbsf\u00e4higkeit der Industrie.<\/p>\n<p>Mithilfe regionaler Vermittlungsdrehscheiben der Bundesagentur f\u00fcr Arbeit k\u00f6nnen Betriebe im Verarbeitenden Gewerbe ihren Fachkr\u00e4ftebedarf kurzfristig decken. Qualifizierte Arbeitskr\u00e4fte werden direkt mit passenden Stellen zusammengef\u00fchrt, wodurch Vakanzzeiten minimiert werden. Zugleich erhalten Besch\u00e4ftigte individuelle Unterst\u00fctzung bei Qualifizierungen und einem sektorbezogenen Branchenwechsel. Diese Ma\u00dfnahmen f\u00f6rdern einen reibungslosen Strukturwandel, mildern den Mangel an Fachpersonal und tragen nachhaltig dazu bei, die Innovations- und Wettbewerbsf\u00e4higkeit deutscher Produktionsunternehmen zu sichern.<\/p>\n","protected":false},"excerpt":{"rendered":"<p>Analysen des Arbeitsmarkts weisen darauf hin, dass rund ein Drittel der Experten sinkende Besch\u00e4ftigtenzahlen im Verarbeitenden Gewerbe konstatiert. Bis Dezember 2025 sank die sozialversicherungspflichtige Besch\u00e4ftigung dort um 177.000 auf 6,5 Millionen Arbeitspl\u00e4tze. Gesamt\u00fcbergreifend betrug der R\u00fcckgang 108.000 Stellen, weil Zuw\u00e4chse in anderen Wirtschaftszweigen die Verluste nicht ausglichen. Um den Fachkr\u00e4ftebedarf bedarfsgerecht zu decken, betreibt die<\/p>\n<div class=\"read-more\"><a href=\"https:\/\/www.doppelklicker.de\/blog\/verarbeitendes-gewerbe-2025-stellenabbau-in-kfz-zulieferung\/\" title=\"Jetzt alles lesen\">Jetzt alles lesen<\/a><\/div>\n","protected":false},"author":8,"featured_media":12548,"comment_status":"open","ping_status":"open","sticky":false,"template":"","format":"standard","meta":[],"categories":[3305],"tags":[],"yoast_head":"<!-- This site is optimized with the Yoast SEO plugin v18.2 - https:\/\/yoast.com\/wordpress\/plugins\/seo\/ -->\n<meta name=\"robots\" content=\"index, follow, max-snippet:-1, max-image-preview:large, max-video-preview:-1\" \/>\n<link rel=\"canonical\" href=\"https:\/\/www.doppelklicker.de\/blog\/verarbeitendes-gewerbe-2025-stellenabbau-in-kfz-zulieferung\/\" \/>\n<meta property=\"og:locale\" content=\"de_DE\" \/>\n<meta property=\"og:type\" content=\"article\" \/>\n<meta property=\"og:title\" content=\"R\u00fcckl\u00e4ufige Besch\u00e4ftigung im Verarbeitenden Gewerbe belastet deutschen Arbeitsmarkt nachhaltig\" \/>\n<meta property=\"og:description\" content=\"Analysen des Arbeitsmarkts weisen darauf hin, dass rund ein Drittel der Experten sinkende Besch\u00e4ftigtenzahlen im Verarbeitenden Gewerbe konstatiert. Bis Dezember 2025 sank die sozialversicherungspflichtige Besch\u00e4ftigung dort um 177.000 auf 6,5 Millionen Arbeitspl\u00e4tze. Gesamt\u00fcbergreifend betrug der R\u00fcckgang 108.000 Stellen, weil Zuw\u00e4chse in anderen Wirtschaftszweigen die Verluste nicht ausglichen. Um den Fachkr\u00e4ftebedarf bedarfsgerecht zu decken, betreibt dieJetzt alles lesen\" \/>\n<meta property=\"og:url\" content=\"https:\/\/www.doppelklicker.de\/blog\/verarbeitendes-gewerbe-2025-stellenabbau-in-kfz-zulieferung\/\" \/>\n<meta property=\"og:site_name\" content=\"Aus Mainz.\" \/>\n<meta property=\"article:published_time\" content=\"2026-08-19T07:00:00+00:00\" \/>\n<meta name=\"twitter:card\" content=\"summary_large_image\" \/>\n<meta name=\"twitter:label1\" content=\"Verfasst von\" \/>\n\t<meta name=\"twitter:data1\" content=\"Iris Martin\" \/>\n\t<meta name=\"twitter:label2\" content=\"Gesch\u00e4tzte Lesezeit\" \/>\n\t<meta name=\"twitter:data2\" content=\"2 Minuten\" \/>\n<script type=\"application\/ld+json\" class=\"yoast-schema-graph\">{\"@context\":\"https:\/\/schema.org\",\"@graph\":[{\"@type\":\"WebSite\",\"@id\":\"https:\/\/www.doppelklicker.de\/blog\/#website\",\"url\":\"https:\/\/www.doppelklicker.de\/blog\/\",\"name\":\"Aus Mainz.\",\"description\":\"F\u00fcr die Welt.\",\"potentialAction\":[{\"@type\":\"SearchAction\",\"target\":{\"@type\":\"EntryPoint\",\"urlTemplate\":\"https:\/\/www.doppelklicker.de\/blog\/?s={search_term_string}\"},\"query-input\":\"required name=search_term_string\"}],\"inLanguage\":\"de-DE\"},{\"@type\":\"ImageObject\",\"@id\":\"https:\/\/www.doppelklicker.de\/blog\/verarbeitendes-gewerbe-2025-stellenabbau-in-kfz-zulieferung\/#primaryimage\",\"inLanguage\":\"de-DE\",\"url\":\"https:\/\/www.doppelklicker.de\/blog\/wp-content\/uploads\/2026\/09\/beschaeftigtenzahl-im-verarbeitenden-gewerbe-sinkt-177-000-bis-31111.jpg\",\"contentUrl\":\"https:\/\/www.doppelklicker.de\/blog\/wp-content\/uploads\/2026\/09\/beschaeftigtenzahl-im-verarbeitenden-gewerbe-sinkt-177-000-bis-31111.jpg\",\"width\":1280,\"height\":615,\"caption\":\"R\u00fcckl\u00e4ufige Besch\u00e4ftigung im Verarbeitenden Gewerbe belastet deutschen Arbeitsmarkt nachhaltig (Foto: AdobeStock - chokniti - 2009367260)\"},{\"@type\":\"WebPage\",\"@id\":\"https:\/\/www.doppelklicker.de\/blog\/verarbeitendes-gewerbe-2025-stellenabbau-in-kfz-zulieferung\/#webpage\",\"url\":\"https:\/\/www.doppelklicker.de\/blog\/verarbeitendes-gewerbe-2025-stellenabbau-in-kfz-zulieferung\/\",\"name\":\"R\u00fcckl\u00e4ufige Besch\u00e4ftigung im Verarbeitenden Gewerbe belastet deutschen Arbeitsmarkt nachhaltig\",\"isPartOf\":{\"@id\":\"https:\/\/www.doppelklicker.de\/blog\/#website\"},\"primaryImageOfPage\":{\"@id\":\"https:\/\/www.doppelklicker.de\/blog\/verarbeitendes-gewerbe-2025-stellenabbau-in-kfz-zulieferung\/#primaryimage\"},\"datePublished\":\"2026-08-19T07:00:00+00:00\",\"dateModified\":\"2026-08-19T07:00:00+00:00\",\"author\":{\"@id\":\"https:\/\/www.doppelklicker.de\/blog\/#\/schema\/person\/08dcac172bdb025e8ff433488184668a\"},\"breadcrumb\":{\"@id\":\"https:\/\/www.doppelklicker.de\/blog\/verarbeitendes-gewerbe-2025-stellenabbau-in-kfz-zulieferung\/#breadcrumb\"},\"inLanguage\":\"de-DE\",\"potentialAction\":[{\"@type\":\"ReadAction\",\"target\":[\"https:\/\/www.doppelklicker.de\/blog\/verarbeitendes-gewerbe-2025-stellenabbau-in-kfz-zulieferung\/\"]}]},{\"@type\":\"BreadcrumbList\",\"@id\":\"https:\/\/www.doppelklicker.de\/blog\/verarbeitendes-gewerbe-2025-stellenabbau-in-kfz-zulieferung\/#breadcrumb\",\"itemListElement\":[{\"@type\":\"ListItem\",\"position\":1,\"name\":\"Startseite\",\"item\":\"https:\/\/www.doppelklicker.de\/blog\/\"},{\"@type\":\"ListItem\",\"position\":2,\"name\":\"R\u00fcckl\u00e4ufige Besch\u00e4ftigung im Verarbeitenden Gewerbe belastet deutschen Arbeitsmarkt nachhaltig\"}]},{\"@type\":\"Person\",\"@id\":\"https:\/\/www.doppelklicker.de\/blog\/#\/schema\/person\/08dcac172bdb025e8ff433488184668a\",\"name\":\"Iris Martin\",\"image\":{\"@type\":\"ImageObject\",\"@id\":\"https:\/\/www.doppelklicker.de\/blog\/#personlogo\",\"inLanguage\":\"de-DE\",\"url\":\"https:\/\/secure.gravatar.com\/avatar\/82fdaa093be0b9686b531f99fcb54d15?s=96&d=wp_user_avatar&r=g\",\"contentUrl\":\"https:\/\/secure.gravatar.com\/avatar\/82fdaa093be0b9686b531f99fcb54d15?s=96&d=wp_user_avatar&r=g\",\"caption\":\"Iris Martin\"},\"url\":\"https:\/\/www.doppelklicker.de\/blog\/author\/iris-martin\/\"}]}<\/script>\n<!-- \/ Yoast SEO plugin. -->","yoast_head_json":{"robots":{"index":"index","follow":"follow","max-snippet":"max-snippet:-1","max-image-preview":"max-image-preview:large","max-video-preview":"max-video-preview:-1"},"canonical":"https:\/\/www.doppelklicker.de\/blog\/verarbeitendes-gewerbe-2025-stellenabbau-in-kfz-zulieferung\/","og_locale":"de_DE","og_type":"article","og_title":"R\u00fcckl\u00e4ufige Besch\u00e4ftigung im Verarbeitenden Gewerbe belastet deutschen Arbeitsmarkt nachhaltig","og_description":"Analysen des Arbeitsmarkts weisen darauf hin, dass rund ein Drittel der Experten sinkende Besch\u00e4ftigtenzahlen im Verarbeitenden Gewerbe konstatiert. Bis Dezember 2025 sank die sozialversicherungspflichtige Besch\u00e4ftigung dort um 177.000 auf 6,5 Millionen Arbeitspl\u00e4tze. Gesamt\u00fcbergreifend betrug der R\u00fcckgang 108.000 Stellen, weil Zuw\u00e4chse in anderen Wirtschaftszweigen die Verluste nicht ausglichen. Um den Fachkr\u00e4ftebedarf bedarfsgerecht zu decken, betreibt dieJetzt alles lesen","og_url":"https:\/\/www.doppelklicker.de\/blog\/verarbeitendes-gewerbe-2025-stellenabbau-in-kfz-zulieferung\/","og_site_name":"Aus Mainz.","article_published_time":"2026-08-19T07:00:00+00:00","twitter_card":"summary_large_image","twitter_misc":{"Verfasst von":"Iris Martin","Gesch\u00e4tzte Lesezeit":"2 Minuten"},"schema":{"@context":"https:\/\/schema.org","@graph":[{"@type":"WebSite","@id":"https:\/\/www.doppelklicker.de\/blog\/#website","url":"https:\/\/www.doppelklicker.de\/blog\/","name":"Aus Mainz.","description":"F\u00fcr die Welt.","potentialAction":[{"@type":"SearchAction","target":{"@type":"EntryPoint","urlTemplate":"https:\/\/www.doppelklicker.de\/blog\/?s={search_term_string}"},"query-input":"required name=search_term_string"}],"inLanguage":"de-DE"},{"@type":"ImageObject","@id":"https:\/\/www.doppelklicker.de\/blog\/verarbeitendes-gewerbe-2025-stellenabbau-in-kfz-zulieferung\/#primaryimage","inLanguage":"de-DE","url":"https:\/\/www.doppelklicker.de\/blog\/wp-content\/uploads\/2026\/09\/beschaeftigtenzahl-im-verarbeitenden-gewerbe-sinkt-177-000-bis-31111.jpg","contentUrl":"https:\/\/www.doppelklicker.de\/blog\/wp-content\/uploads\/2026\/09\/beschaeftigtenzahl-im-verarbeitenden-gewerbe-sinkt-177-000-bis-31111.jpg","width":1280,"height":615,"caption":"R\u00fcckl\u00e4ufige Besch\u00e4ftigung im Verarbeitenden Gewerbe belastet deutschen Arbeitsmarkt nachhaltig (Foto: AdobeStock - chokniti - 2009367260)"},{"@type":"WebPage","@id":"https:\/\/www.doppelklicker.de\/blog\/verarbeitendes-gewerbe-2025-stellenabbau-in-kfz-zulieferung\/#webpage","url":"https:\/\/www.doppelklicker.de\/blog\/verarbeitendes-gewerbe-2025-stellenabbau-in-kfz-zulieferung\/","name":"R\u00fcckl\u00e4ufige Besch\u00e4ftigung im Verarbeitenden Gewerbe belastet deutschen Arbeitsmarkt nachhaltig","isPartOf":{"@id":"https:\/\/www.doppelklicker.de\/blog\/#website"},"primaryImageOfPage":{"@id":"https:\/\/www.doppelklicker.de\/blog\/verarbeitendes-gewerbe-2025-stellenabbau-in-kfz-zulieferung\/#primaryimage"},"datePublished":"2026-08-19T07:00:00+00:00","dateModified":"2026-08-19T07:00:00+00:00","author":{"@id":"https:\/\/www.doppelklicker.de\/blog\/#\/schema\/person\/08dcac172bdb025e8ff433488184668a"},"breadcrumb":{"@id":"https:\/\/www.doppelklicker.de\/blog\/verarbeitendes-gewerbe-2025-stellenabbau-in-kfz-zulieferung\/#breadcrumb"},"inLanguage":"de-DE","potentialAction":[{"@type":"ReadAction","target":["https:\/\/www.doppelklicker.de\/blog\/verarbeitendes-gewerbe-2025-stellenabbau-in-kfz-zulieferung\/"]}]},{"@type":"BreadcrumbList","@id":"https:\/\/www.doppelklicker.de\/blog\/verarbeitendes-gewerbe-2025-stellenabbau-in-kfz-zulieferung\/#breadcrumb","itemListElement":[{"@type":"ListItem","position":1,"name":"Startseite","item":"https:\/\/www.doppelklicker.de\/blog\/"},{"@type":"ListItem","position":2,"name":"R\u00fcckl\u00e4ufige Besch\u00e4ftigung im Verarbeitenden Gewerbe belastet deutschen Arbeitsmarkt nachhaltig"}]},{"@type":"Person","@id":"https:\/\/www.doppelklicker.de\/blog\/#\/schema\/person\/08dcac172bdb025e8ff433488184668a","name":"Iris Martin","image":{"@type":"ImageObject","@id":"https:\/\/www.doppelklicker.de\/blog\/#personlogo","inLanguage":"de-DE","url":"https:\/\/secure.gravatar.com\/avatar\/82fdaa093be0b9686b531f99fcb54d15?s=96&d=wp_user_avatar&r=g","contentUrl":"https:\/\/secure.gravatar.com\/avatar\/82fdaa093be0b9686b531f99fcb54d15?s=96&d=wp_user_avatar&r=g","caption":"Iris Martin"},"url":"https:\/\/www.doppelklicker.de\/blog\/author\/iris-martin\/"}]}},"_links":{"self":[{"href":"https:\/\/www.doppelklicker.de\/blog\/wp-json\/wp\/v2\/posts\/12547"}],"collection":[{"href":"https:\/\/www.doppelklicker.de\/blog\/wp-json\/wp\/v2\/posts"}],"about":[{"href":"https:\/\/www.doppelklicker.de\/blog\/wp-json\/wp\/v2\/types\/post"}],"author":[{"embeddable":true,"href":"https:\/\/www.doppelklicker.de\/blog\/wp-json\/wp\/v2\/users\/8"}],"replies":[{"embeddable":true,"href":"https:\/\/www.doppelklicker.de\/blog\/wp-json\/wp\/v2\/comments?post=12547"}],"version-history":[{"count":0,"href":"https:\/\/www.doppelklicker.de\/blog\/wp-json\/wp\/v2\/posts\/12547\/revisions"}],"wp:featuredmedia":[{"embeddable":true,"href":"https:\/\/www.doppelklicker.de\/blog\/wp-json\/wp\/v2\/media\/12548"}],"wp:attachment":[{"href":"https:\/\/www.doppelklicker.de\/blog\/wp-json\/wp\/v2\/media?parent=12547"}],"wp:term":[{"taxonomy":"category","embeddable":true,"href":"https:\/\/www.doppelklicker.de\/blog\/wp-json\/wp\/v2\/categories?post=12547"},{"taxonomy":"post_tag","embeddable":true,"href":"https:\/\/www.doppelklicker.de\/blog\/wp-json\/wp\/v2\/tags?post=12547"}],"curies":[{"name":"wp","href":"https:\/\/api.w.org\/{rel}","templated":true}]}}