{"id":12577,"date":"2026-09-03T09:00:00","date_gmt":"2026-09-03T07:00:00","guid":{"rendered":"guid"},"modified":"2026-09-03T09:00:00","modified_gmt":"2026-09-03T07:00:00","slug":"kodak-ifa-2026-halle-20-stand-157-pixpro-p1-c10-outdoor","status":"publish","type":"post","link":"https:\/\/www.doppelklicker.de\/blog\/kodak-ifa-2026-halle-20-stand-157-pixpro-p1-c10-outdoor\/","title":{"rendered":"Preiswerte Outdoor-Performance: Pixpro P1 ab Oktober f\u00fcr 149 Euro"},"content":{"rendered":"<p>Auf der IFA 2026 in Halle 20 (Stand 157) stellt Kodak die Pixpro P1- und C10-Kompaktkameras vor, die sowohl Wassersport- als auch Alltagseins\u00e4tze meistern. Die P1 ist bis f\u00fcnf Meter wasserdicht, sto\u00dffest und nimmt Full-HD-Videos auf. Ihr umklappbares Display er\u00f6ffnet neue Perspektiven. Die C10 bietet Retro-Optik, einen zehnfachen optischen Zoom und zehn verschiedene Kreativfilter. Beide Modelle zeichnen sich durch einfache Handhabung aus und sind ab Herbst 2026 ab 149,99 Euro erh\u00e4ltlich.<br \/>\n<!--more--><\/p>\n<div id=\"ez-toc-container\" class=\"ez-toc-v2_0_16 counter-hierarchy\">\n<div class=\"ez-toc-title-container\">\n<p class=\"ez-toc-title\">Inhaltsverzeichnis: Das erwartet Sie in diesem Artikel<\/p>\n<span class=\"ez-toc-title-toggle\"><a class=\"ez-toc-pull-right ez-toc-btn ez-toc-btn-xs ez-toc-btn-default ez-toc-toggle\" style=\"display: none;\"><i class=\"ez-toc-glyphicon ez-toc-icon-toggle\"><\/i><\/a><\/span><\/div>\n<nav><ul class=\"ez-toc-list ez-toc-list-level-1\"><li class=\"ez-toc-page-1 ez-toc-heading-level-2\"><a class=\"ez-toc-link ez-toc-heading-1\" href=\"https:\/\/www.doppelklicker.de\/blog\/kodak-ifa-2026-halle-20-stand-157-pixpro-p1-c10-outdoor\/#besondere-augenblicke-sichern-pixpro-p1-und-c10-auf-ifa\" title=\"Besondere Augenblicke sichern: Pixpro P1 und C10 auf IFA\">Besondere Augenblicke sichern: Pixpro P1 und C10 auf IFA<\/a><\/li><li class=\"ez-toc-page-1 ez-toc-heading-level-2\"><a class=\"ez-toc-link ez-toc-heading-2\" href=\"https:\/\/www.doppelklicker.de\/blog\/kodak-ifa-2026-halle-20-stand-157-pixpro-p1-c10-outdoor\/#outdoor-einsaetze-dank-wasserdichter-bauweise-und-robustem-design-unkompliziert-meistern\" title=\"Outdoor-Eins\u00e4tze dank wasserdichter Bauweise und robustem Design unkompliziert meistern\">Outdoor-Eins\u00e4tze dank wasserdichter Bauweise und robustem Design unkompliziert meistern<\/a><\/li><li class=\"ez-toc-page-1 ez-toc-heading-level-2\"><a class=\"ez-toc-link ez-toc-heading-3\" href=\"https:\/\/www.doppelklicker.de\/blog\/kodak-ifa-2026-halle-20-stand-157-pixpro-p1-c10-outdoor\/#intuitive-pixpro-c10-vermeidet-komplizierte-einstellungen-beim-fotografieren-ueberall\" title=\"Intuitive Pixpro C10 vermeidet komplizierte Einstellungen beim Fotografieren \u00fcberall\">Intuitive Pixpro C10 vermeidet komplizierte Einstellungen beim Fotografieren \u00fcberall<\/a><\/li><li class=\"ez-toc-page-1 ez-toc-heading-level-2\"><a class=\"ez-toc-link ez-toc-heading-4\" href=\"https:\/\/www.doppelklicker.de\/blog\/kodak-ifa-2026-halle-20-stand-157-pixpro-p1-c10-outdoor\/#ifa-publikum-kann-pixpro-p1-und-c10-vor-ort-testen\" title=\"IFA-Publikum kann Pixpro P1 und C10 vor Ort testen\">IFA-Publikum kann Pixpro P1 und C10 vor Ort testen<\/a><\/li><\/ul><\/nav><\/div>\n<h2><span class=\"ez-toc-section\" id=\"besondere-augenblicke-sichern-pixpro-p1-und-c10-auf-ifa\"><\/span>Besondere Augenblicke sichern: Pixpro P1 und C10 auf IFA<span class=\"ez-toc-section-end\"><\/span><\/h2>\n<p>Im Rahmen der IFA 2026 stellt Kodak in Halle 20 am Stand 157 die beiden neuen Pixpro-Modelle P1 und C10 als ideale Kameral\u00f6sungen f\u00fcr Outdoor-Eins\u00e4tze und Reiseaufnahmen vor. Die robusten Geh\u00e4use bieten IP-zertifizierten Schutz gegen Wasser und St\u00f6\u00dfe. Full-HD-Videofunktion und hochwertige Sensoren gew\u00e4hrleisten gestochen scharfe Resultate. Klappdisplays und intuitive Steuerung erlauben einfache Handhabung, w\u00e4hrend integrierte Filter kreative Gestaltungsm\u00f6glichkeiten auch f\u00fcr unge\u00fcbte Fotografen er\u00f6ffnen. So entstehen jederzeit professionelle Aufnahmen.<\/p>\n<h2><span class=\"ez-toc-section\" id=\"outdoor-einsaetze-dank-wasserdichter-bauweise-und-robustem-design-unkompliziert-meistern\"><\/span>Outdoor-Eins\u00e4tze dank wasserdichter Bauweise und robustem Design unkompliziert meistern<span class=\"ez-toc-section-end\"><\/span><\/h2>\n<p>Fotografen, die ihre Kamera auch bei Schlechtwetterperioden oder Wassersport einsetzen m\u00f6chten, profitieren von der Pixpro P1. Sie ist bis f\u00fcnf Meter Tiefe wasserdicht und sch\u00fctzt das Innenleben vor Feuchtigkeit. Sto\u00dffestigkeit bis zu einem Meter Fallh\u00f6he garantiert zus\u00e4tzliche Sicherheit. Der integrierte vierfache Digitalzoom deckt nahe und mittlere Distanzen ab. Full-HD-Videos in 1080p und 13-Megapixel-Bilder werden auf dem 180\u00b0 neigbaren LCD-Display dargestellt. Erh\u00e4ltlich in Blau, Schwarz und Wei\u00df zuverl\u00e4ssig und jederzeit einsatzbereit.<\/p>\n<h2><span class=\"ez-toc-section\" id=\"intuitive-pixpro-c10-vermeidet-komplizierte-einstellungen-beim-fotografieren-ueberall\"><\/span>Intuitive Pixpro C10 vermeidet komplizierte Einstellungen beim Fotografieren \u00fcberall<span class=\"ez-toc-section-end\"><\/span><\/h2>\n<p>Die Pixpro C10 pr\u00e4sentiert sich im ansprechenden Retro-Look und bietet eine intuitive Benutzerf\u00fchrung f\u00fcr Einsteiger und Fortgeschrittene. Ausgestattet mit einem 16-Megapixel-Sensor werden Aufnahmen detailreich erfasst, w\u00e4hrend der 10-fache optische Zoom f\u00fcr flexibel w\u00e4hlbare Perspektiven sorgt. Das helle 3-Zoll-Display liefert klare Bildvorschauen. Zehn fest eingestellte Kreativfilter wie Vintage, Monochrom oder Sepia unterst\u00fctzen kreative Fotoeffekte ohne externe Bearbeitung. Dank ihres geringen Gewichts ist die Kamera transportfreundlich und immer griffbereit, \u00fcberall und einsatzbereit.<\/p>\n<h2><span class=\"ez-toc-section\" id=\"ifa-publikum-kann-pixpro-p1-und-c10-vor-ort-testen\"><\/span>IFA-Publikum kann Pixpro P1 und C10 vor Ort testen<span class=\"ez-toc-section-end\"><\/span><\/h2>\n<p>Die Markteinf\u00fchrung der Kodak Pixpro P1 startet im Oktober 2026 zu einem Listenpreis von 149,99 Euro. Die erweiterte Pixpro C10 folgt im Dezember 2026 f\u00fcr 249,99 Euro. Auf der IFA 2026 in Halle 20, Stand 157, k\u00f6nnen Messebesucher beide Kameras unverbindlich testen. Die dort angebotenen Live-Demos erm\u00f6glichen fundierte Eindr\u00fccke zur intuitiven Bedienbarkeit, kompakten Abmessungen und vielseitigen Einsatzbereichen bei Foto- und Videoaufnahmen. Unter Bedingungen fokussieren Vorf\u00fchrungen ergonomisches Handling sowie schnelle Einsatzbereitschaft.<\/p>\n<p>Die Pixpro P1 und C10 Kameras von Kodak bieten eine Kombination aus abnehmender Sperrigkeit, maximaler Bedienfreundlichkeit und kreativen Ausstattungspaketen, ohne dabei das Budget zu sprengen. Die P1 erm\u00f6glicht Aufnahmen unter Wasser bis f\u00fcnf Meter Tiefe und ist sto\u00dffest f\u00fcr Outdoor-Aktivit\u00e4ten. Die C10 liefert scharfe 16-Megapixel-Fotos und zehn integrierte Kreativfilter. Beide Kameras sind ab Herbst respektive Winter 2026 erh\u00e4ltlich. So gelingen Hobby- und Profi-Fotografen jederzeit schnelle und eindrucksvolle Aufnahmen in au\u00dfergew\u00f6hnlicher Qualit\u00e4t.<\/p>\n","protected":false},"excerpt":{"rendered":"<p>Auf der IFA 2026 in Halle 20 (Stand 157) stellt Kodak die Pixpro P1- und C10-Kompaktkameras vor, die sowohl Wassersport- als auch Alltagseins\u00e4tze meistern. Die P1 ist bis f\u00fcnf Meter wasserdicht, sto\u00dffest und nimmt Full-HD-Videos auf. Ihr umklappbares Display er\u00f6ffnet neue Perspektiven. Die C10 bietet Retro-Optik, einen zehnfachen optischen Zoom und zehn verschiedene Kreativfilter. Beide<\/p>\n<div class=\"read-more\"><a href=\"https:\/\/www.doppelklicker.de\/blog\/kodak-ifa-2026-halle-20-stand-157-pixpro-p1-c10-outdoor\/\" title=\"Jetzt alles lesen\">Jetzt alles lesen<\/a><\/div>\n","protected":false},"author":8,"featured_media":12578,"comment_status":"open","ping_status":"open","sticky":false,"template":"","format":"standard","meta":[],"categories":[3305],"tags":[],"yoast_head":"<!-- This site is optimized with the Yoast SEO plugin v18.2 - https:\/\/yoast.com\/wordpress\/plugins\/seo\/ -->\n<meta name=\"robots\" content=\"index, follow, max-snippet:-1, max-image-preview:large, max-video-preview:-1\" \/>\n<link rel=\"canonical\" href=\"https:\/\/www.doppelklicker.de\/blog\/kodak-ifa-2026-halle-20-stand-157-pixpro-p1-c10-outdoor\/\" \/>\n<meta property=\"og:locale\" content=\"de_DE\" \/>\n<meta property=\"og:type\" content=\"article\" \/>\n<meta property=\"og:title\" content=\"Preiswerte Outdoor-Performance: Pixpro P1 ab Oktober f\u00fcr 149 Euro\" \/>\n<meta property=\"og:description\" content=\"Auf der IFA 2026 in Halle 20 (Stand 157) stellt Kodak die Pixpro P1- und C10-Kompaktkameras vor, die sowohl Wassersport- als auch Alltagseins\u00e4tze meistern. Die P1 ist bis f\u00fcnf Meter wasserdicht, sto\u00dffest und nimmt Full-HD-Videos auf. Ihr umklappbares Display er\u00f6ffnet neue Perspektiven. Die C10 bietet Retro-Optik, einen zehnfachen optischen Zoom und zehn verschiedene Kreativfilter. BeideJetzt alles lesen\" \/>\n<meta property=\"og:url\" content=\"https:\/\/www.doppelklicker.de\/blog\/kodak-ifa-2026-halle-20-stand-157-pixpro-p1-c10-outdoor\/\" \/>\n<meta property=\"og:site_name\" content=\"Aus Mainz.\" \/>\n<meta property=\"article:published_time\" content=\"2026-09-03T07:00:00+00:00\" \/>\n<meta name=\"twitter:card\" content=\"summary_large_image\" \/>\n<meta name=\"twitter:label1\" content=\"Verfasst von\" \/>\n\t<meta name=\"twitter:data1\" content=\"Iris Martin\" \/>\n\t<meta name=\"twitter:label2\" content=\"Gesch\u00e4tzte Lesezeit\" \/>\n\t<meta name=\"twitter:data2\" content=\"2 Minuten\" \/>\n<script type=\"application\/ld+json\" class=\"yoast-schema-graph\">{\"@context\":\"https:\/\/schema.org\",\"@graph\":[{\"@type\":\"WebSite\",\"@id\":\"https:\/\/www.doppelklicker.de\/blog\/#website\",\"url\":\"https:\/\/www.doppelklicker.de\/blog\/\",\"name\":\"Aus Mainz.\",\"description\":\"F\u00fcr die Welt.\",\"potentialAction\":[{\"@type\":\"SearchAction\",\"target\":{\"@type\":\"EntryPoint\",\"urlTemplate\":\"https:\/\/www.doppelklicker.de\/blog\/?s={search_term_string}\"},\"query-input\":\"required name=search_term_string\"}],\"inLanguage\":\"de-DE\"},{\"@type\":\"ImageObject\",\"@id\":\"https:\/\/www.doppelklicker.de\/blog\/kodak-ifa-2026-halle-20-stand-157-pixpro-p1-c10-outdoor\/#primaryimage\",\"inLanguage\":\"de-DE\",\"url\":\"https:\/\/www.doppelklicker.de\/blog\/wp-content\/uploads\/2026\/09\/kodak-praesentiert-pixpro-p1-und-c10-auf-ifa-2026-31149.jpg\",\"contentUrl\":\"https:\/\/www.doppelklicker.de\/blog\/wp-content\/uploads\/2026\/09\/kodak-praesentiert-pixpro-p1-und-c10-auf-ifa-2026-31149.jpg\",\"width\":1280,\"height\":615,\"caption\":\"Preiswerte Outdoor-Performance: Pixpro P1 ab Oktober f\u00fcr 149 Euro (Foto: Kodak)\"},{\"@type\":\"WebPage\",\"@id\":\"https:\/\/www.doppelklicker.de\/blog\/kodak-ifa-2026-halle-20-stand-157-pixpro-p1-c10-outdoor\/#webpage\",\"url\":\"https:\/\/www.doppelklicker.de\/blog\/kodak-ifa-2026-halle-20-stand-157-pixpro-p1-c10-outdoor\/\",\"name\":\"Preiswerte Outdoor-Performance: Pixpro P1 ab Oktober f\u00fcr 149 Euro\",\"isPartOf\":{\"@id\":\"https:\/\/www.doppelklicker.de\/blog\/#website\"},\"primaryImageOfPage\":{\"@id\":\"https:\/\/www.doppelklicker.de\/blog\/kodak-ifa-2026-halle-20-stand-157-pixpro-p1-c10-outdoor\/#primaryimage\"},\"datePublished\":\"2026-09-03T07:00:00+00:00\",\"dateModified\":\"2026-09-03T07:00:00+00:00\",\"author\":{\"@id\":\"https:\/\/www.doppelklicker.de\/blog\/#\/schema\/person\/08dcac172bdb025e8ff433488184668a\"},\"breadcrumb\":{\"@id\":\"https:\/\/www.doppelklicker.de\/blog\/kodak-ifa-2026-halle-20-stand-157-pixpro-p1-c10-outdoor\/#breadcrumb\"},\"inLanguage\":\"de-DE\",\"potentialAction\":[{\"@type\":\"ReadAction\",\"target\":[\"https:\/\/www.doppelklicker.de\/blog\/kodak-ifa-2026-halle-20-stand-157-pixpro-p1-c10-outdoor\/\"]}]},{\"@type\":\"BreadcrumbList\",\"@id\":\"https:\/\/www.doppelklicker.de\/blog\/kodak-ifa-2026-halle-20-stand-157-pixpro-p1-c10-outdoor\/#breadcrumb\",\"itemListElement\":[{\"@type\":\"ListItem\",\"position\":1,\"name\":\"Startseite\",\"item\":\"https:\/\/www.doppelklicker.de\/blog\/\"},{\"@type\":\"ListItem\",\"position\":2,\"name\":\"Preiswerte Outdoor-Performance: Pixpro P1 ab Oktober f\u00fcr 149 Euro\"}]},{\"@type\":\"Person\",\"@id\":\"https:\/\/www.doppelklicker.de\/blog\/#\/schema\/person\/08dcac172bdb025e8ff433488184668a\",\"name\":\"Iris Martin\",\"image\":{\"@type\":\"ImageObject\",\"@id\":\"https:\/\/www.doppelklicker.de\/blog\/#personlogo\",\"inLanguage\":\"de-DE\",\"url\":\"https:\/\/secure.gravatar.com\/avatar\/82fdaa093be0b9686b531f99fcb54d15?s=96&d=wp_user_avatar&r=g\",\"contentUrl\":\"https:\/\/secure.gravatar.com\/avatar\/82fdaa093be0b9686b531f99fcb54d15?s=96&d=wp_user_avatar&r=g\",\"caption\":\"Iris Martin\"},\"url\":\"https:\/\/www.doppelklicker.de\/blog\/author\/iris-martin\/\"}]}<\/script>\n<!-- \/ Yoast SEO plugin. -->","yoast_head_json":{"robots":{"index":"index","follow":"follow","max-snippet":"max-snippet:-1","max-image-preview":"max-image-preview:large","max-video-preview":"max-video-preview:-1"},"canonical":"https:\/\/www.doppelklicker.de\/blog\/kodak-ifa-2026-halle-20-stand-157-pixpro-p1-c10-outdoor\/","og_locale":"de_DE","og_type":"article","og_title":"Preiswerte Outdoor-Performance: Pixpro P1 ab Oktober f\u00fcr 149 Euro","og_description":"Auf der IFA 2026 in Halle 20 (Stand 157) stellt Kodak die Pixpro P1- und C10-Kompaktkameras vor, die sowohl Wassersport- als auch Alltagseins\u00e4tze meistern. Die P1 ist bis f\u00fcnf Meter wasserdicht, sto\u00dffest und nimmt Full-HD-Videos auf. Ihr umklappbares Display er\u00f6ffnet neue Perspektiven. Die C10 bietet Retro-Optik, einen zehnfachen optischen Zoom und zehn verschiedene Kreativfilter. BeideJetzt alles lesen","og_url":"https:\/\/www.doppelklicker.de\/blog\/kodak-ifa-2026-halle-20-stand-157-pixpro-p1-c10-outdoor\/","og_site_name":"Aus Mainz.","article_published_time":"2026-09-03T07:00:00+00:00","twitter_card":"summary_large_image","twitter_misc":{"Verfasst von":"Iris Martin","Gesch\u00e4tzte Lesezeit":"2 Minuten"},"schema":{"@context":"https:\/\/schema.org","@graph":[{"@type":"WebSite","@id":"https:\/\/www.doppelklicker.de\/blog\/#website","url":"https:\/\/www.doppelklicker.de\/blog\/","name":"Aus Mainz.","description":"F\u00fcr die Welt.","potentialAction":[{"@type":"SearchAction","target":{"@type":"EntryPoint","urlTemplate":"https:\/\/www.doppelklicker.de\/blog\/?s={search_term_string}"},"query-input":"required name=search_term_string"}],"inLanguage":"de-DE"},{"@type":"ImageObject","@id":"https:\/\/www.doppelklicker.de\/blog\/kodak-ifa-2026-halle-20-stand-157-pixpro-p1-c10-outdoor\/#primaryimage","inLanguage":"de-DE","url":"https:\/\/www.doppelklicker.de\/blog\/wp-content\/uploads\/2026\/09\/kodak-praesentiert-pixpro-p1-und-c10-auf-ifa-2026-31149.jpg","contentUrl":"https:\/\/www.doppelklicker.de\/blog\/wp-content\/uploads\/2026\/09\/kodak-praesentiert-pixpro-p1-und-c10-auf-ifa-2026-31149.jpg","width":1280,"height":615,"caption":"Preiswerte Outdoor-Performance: Pixpro P1 ab Oktober f\u00fcr 149 Euro (Foto: Kodak)"},{"@type":"WebPage","@id":"https:\/\/www.doppelklicker.de\/blog\/kodak-ifa-2026-halle-20-stand-157-pixpro-p1-c10-outdoor\/#webpage","url":"https:\/\/www.doppelklicker.de\/blog\/kodak-ifa-2026-halle-20-stand-157-pixpro-p1-c10-outdoor\/","name":"Preiswerte Outdoor-Performance: Pixpro P1 ab Oktober f\u00fcr 149 Euro","isPartOf":{"@id":"https:\/\/www.doppelklicker.de\/blog\/#website"},"primaryImageOfPage":{"@id":"https:\/\/www.doppelklicker.de\/blog\/kodak-ifa-2026-halle-20-stand-157-pixpro-p1-c10-outdoor\/#primaryimage"},"datePublished":"2026-09-03T07:00:00+00:00","dateModified":"2026-09-03T07:00:00+00:00","author":{"@id":"https:\/\/www.doppelklicker.de\/blog\/#\/schema\/person\/08dcac172bdb025e8ff433488184668a"},"breadcrumb":{"@id":"https:\/\/www.doppelklicker.de\/blog\/kodak-ifa-2026-halle-20-stand-157-pixpro-p1-c10-outdoor\/#breadcrumb"},"inLanguage":"de-DE","potentialAction":[{"@type":"ReadAction","target":["https:\/\/www.doppelklicker.de\/blog\/kodak-ifa-2026-halle-20-stand-157-pixpro-p1-c10-outdoor\/"]}]},{"@type":"BreadcrumbList","@id":"https:\/\/www.doppelklicker.de\/blog\/kodak-ifa-2026-halle-20-stand-157-pixpro-p1-c10-outdoor\/#breadcrumb","itemListElement":[{"@type":"ListItem","position":1,"name":"Startseite","item":"https:\/\/www.doppelklicker.de\/blog\/"},{"@type":"ListItem","position":2,"name":"Preiswerte Outdoor-Performance: Pixpro P1 ab Oktober f\u00fcr 149 Euro"}]},{"@type":"Person","@id":"https:\/\/www.doppelklicker.de\/blog\/#\/schema\/person\/08dcac172bdb025e8ff433488184668a","name":"Iris Martin","image":{"@type":"ImageObject","@id":"https:\/\/www.doppelklicker.de\/blog\/#personlogo","inLanguage":"de-DE","url":"https:\/\/secure.gravatar.com\/avatar\/82fdaa093be0b9686b531f99fcb54d15?s=96&d=wp_user_avatar&r=g","contentUrl":"https:\/\/secure.gravatar.com\/avatar\/82fdaa093be0b9686b531f99fcb54d15?s=96&d=wp_user_avatar&r=g","caption":"Iris Martin"},"url":"https:\/\/www.doppelklicker.de\/blog\/author\/iris-martin\/"}]}},"_links":{"self":[{"href":"https:\/\/www.doppelklicker.de\/blog\/wp-json\/wp\/v2\/posts\/12577"}],"collection":[{"href":"https:\/\/www.doppelklicker.de\/blog\/wp-json\/wp\/v2\/posts"}],"about":[{"href":"https:\/\/www.doppelklicker.de\/blog\/wp-json\/wp\/v2\/types\/post"}],"author":[{"embeddable":true,"href":"https:\/\/www.doppelklicker.de\/blog\/wp-json\/wp\/v2\/users\/8"}],"replies":[{"embeddable":true,"href":"https:\/\/www.doppelklicker.de\/blog\/wp-json\/wp\/v2\/comments?post=12577"}],"version-history":[{"count":0,"href":"https:\/\/www.doppelklicker.de\/blog\/wp-json\/wp\/v2\/posts\/12577\/revisions"}],"wp:featuredmedia":[{"embeddable":true,"href":"https:\/\/www.doppelklicker.de\/blog\/wp-json\/wp\/v2\/media\/12578"}],"wp:attachment":[{"href":"https:\/\/www.doppelklicker.de\/blog\/wp-json\/wp\/v2\/media?parent=12577"}],"wp:term":[{"taxonomy":"category","embeddable":true,"href":"https:\/\/www.doppelklicker.de\/blog\/wp-json\/wp\/v2\/categories?post=12577"},{"taxonomy":"post_tag","embeddable":true,"href":"https:\/\/www.doppelklicker.de\/blog\/wp-json\/wp\/v2\/tags?post=12577"}],"curies":[{"name":"wp","href":"https:\/\/api.w.org\/{rel}","templated":true}]}}