{"id":12584,"date":"2026-08-28T10:00:00","date_gmt":"2026-08-28T08:00:00","guid":{"rendered":"guid"},"modified":"2026-08-28T10:00:00","modified_gmt":"2026-08-28T08:00:00","slug":"caravan-salon-2026-duesseldorf-knaustabbert-morelo-weinsberg","status":"publish","type":"post","link":"https:\/\/www.doppelklicker.de\/blog\/caravan-salon-2026-duesseldorf-knaustabbert-morelo-weinsberg\/","title":{"rendered":"Weinsberg stellt CaraCompact [PEPPER], CaraBus [FIRE\/GREY] und CaraLife vor"},"content":{"rendered":"<p>Auf der Leitmesse Caravan Salon 2026 in D\u00fcsseldorf zeigt KnausTabbert erstmals seine umfangreichen neuen Reisemobile und hochwertigen Wohnwagen des Modelljahrgangs 2027, darunter die innovativen SKY TI und VAN TI Plus, den winterfesten NORDWIND sowie die Sport Platinum Selection. Parallel wird Morelos Luxusliner-Segment in Halle 16 ausgestellt. Erg\u00e4nzt wird das Portfolio durch Weinsberg mit CaraCompact Edition [PEPPER], CaraBus [FIRE\/GREY] und elektrisch betriebenem CaraLife sowie Tabberts Vivaldi und der Puccini Finest Edition.<br \/>\n<!--more--><\/p>\n<div id=\"ez-toc-container\" class=\"ez-toc-v2_0_16 counter-hierarchy\">\n<div class=\"ez-toc-title-container\">\n<p class=\"ez-toc-title\">Inhaltsverzeichnis: Das erwartet Sie in diesem Artikel<\/p>\n<span class=\"ez-toc-title-toggle\"><a class=\"ez-toc-pull-right ez-toc-btn ez-toc-btn-xs ez-toc-btn-default ez-toc-toggle\" style=\"display: none;\"><i class=\"ez-toc-glyphicon ez-toc-icon-toggle\"><\/i><\/a><\/span><\/div>\n<nav><ul class=\"ez-toc-list ez-toc-list-level-1\"><li class=\"ez-toc-page-1 ez-toc-heading-level-2\"><a class=\"ez-toc-link ez-toc-heading-1\" href=\"https:\/\/www.doppelklicker.de\/blog\/caravan-salon-2026-duesseldorf-knaustabbert-morelo-weinsberg\/#morelo-betont-in-halle-16-caravan-salon-seinen-luxusanspruch\" title=\"Morelo betont in Halle 16 Caravan Salon seinen Luxusanspruch\">Morelo betont in Halle 16 Caravan Salon seinen Luxusanspruch<\/a><\/li><li class=\"ez-toc-page-1 ez-toc-heading-level-2\"><a class=\"ez-toc-link ez-toc-heading-2\" href=\"https:\/\/www.doppelklicker.de\/blog\/caravan-salon-2026-duesseldorf-knaustabbert-morelo-weinsberg\/#stufenloser-wohnraumboden-erhoeht-alltagstauglichkeit-deutlich-und-erleichtert-einstiegsvorgaenge-enorm\" title=\"Stufenloser Wohnraumboden erh\u00f6ht Alltagstauglichkeit deutlich und erleichtert Einstiegsvorg\u00e4nge enorm\">Stufenloser Wohnraumboden erh\u00f6ht Alltagstauglichkeit deutlich und erleichtert Einstiegsvorg\u00e4nge enorm<\/a><\/li><li class=\"ez-toc-page-1 ez-toc-heading-level-2\"><a class=\"ez-toc-link ez-toc-heading-3\" href=\"https:\/\/www.doppelklicker.de\/blog\/caravan-salon-2026-duesseldorf-knaustabbert-morelo-weinsberg\/#157-liter-kompressor-kuehlschrank-und-dieselheizung-garantieren-komfort-unterwegs-im-sky-ti\" title=\"157-Liter-Kompressor-K\u00fchlschrank und Dieselheizung garantieren Komfort unterwegs im SKY TI\">157-Liter-Kompressor-K\u00fchlschrank und Dieselheizung garantieren Komfort unterwegs im SKY TI<\/a><\/li><li class=\"ez-toc-page-1 ez-toc-heading-level-2\"><a class=\"ez-toc-link ez-toc-heading-4\" href=\"https:\/\/www.doppelklicker.de\/blog\/caravan-salon-2026-duesseldorf-knaustabbert-morelo-weinsberg\/#ausgezeichnete-wintertauglichkeit-im-nordwind-dank-alde-heizung-und-innovativer-isolierung\" title=\"Ausgezeichnete Wintertauglichkeit im Nordwind dank ALDE-Heizung und innovativer Isolierung\">Ausgezeichnete Wintertauglichkeit im Nordwind dank ALDE-Heizung und innovativer Isolierung<\/a><\/li><li class=\"ez-toc-page-1 ez-toc-heading-level-2\"><a class=\"ez-toc-link ez-toc-heading-5\" href=\"https:\/\/www.doppelklicker.de\/blog\/caravan-salon-2026-duesseldorf-knaustabbert-morelo-weinsberg\/#techniker-und-einsteiger-sichern-preisvorteil-mit-sport-platinum-selection\" title=\"Techniker und Einsteiger sichern Preisvorteil mit Sport Platinum Selection\">Techniker und Einsteiger sichern Preisvorteil mit Sport Platinum Selection<\/a><\/li><li class=\"ez-toc-page-1 ez-toc-heading-level-2\"><a class=\"ez-toc-link ez-toc-heading-6\" href=\"https:\/\/www.doppelklicker.de\/blog\/caravan-salon-2026-duesseldorf-knaustabbert-morelo-weinsberg\/#kompaktes-kraftpaket-mit-zeitgemaessem-design-und-maximal-beeindruckender-preis-leistungsbilanz\" title=\"Kompaktes Kraftpaket mit zeitgem\u00e4\u00dfem Design und maximal beeindruckender Preis-Leistungsbilanz\">Kompaktes Kraftpaket mit zeitgem\u00e4\u00dfem Design und maximal beeindruckender Preis-Leistungsbilanz<\/a><\/li><li class=\"ez-toc-page-1 ez-toc-heading-level-2\"><a class=\"ez-toc-link ez-toc-heading-7\" href=\"https:\/\/www.doppelklicker.de\/blog\/caravan-salon-2026-duesseldorf-knaustabbert-morelo-weinsberg\/#fire-edition-ueberzeugt-mit-frischem-design-grey-mit-dachisolation\" title=\"Fire Edition \u00fcberzeugt mit frischem Design, GREY mit Dachisolation\">Fire Edition \u00fcberzeugt mit frischem Design, GREY mit Dachisolation<\/a><\/li><li class=\"ez-toc-page-1 ez-toc-heading-level-2\"><a class=\"ez-toc-link ez-toc-heading-8\" href=\"https:\/\/www.doppelklicker.de\/blog\/caravan-salon-2026-duesseldorf-knaustabbert-morelo-weinsberg\/#caralife-elektro-wohnwagen-richtet-sich-an-junge-mobile-reisemobil-enthusiasten-zielgruppen\" title=\"CaraLife Elektro-Wohnwagen richtet sich an junge, mobile Reisemobil-Enthusiasten Zielgruppen\">CaraLife Elektro-Wohnwagen richtet sich an junge, mobile Reisemobil-Enthusiasten Zielgruppen<\/a><\/li><li class=\"ez-toc-page-1 ez-toc-heading-level-2\"><a class=\"ez-toc-link ez-toc-heading-9\" href=\"https:\/\/www.doppelklicker.de\/blog\/caravan-salon-2026-duesseldorf-knaustabbert-morelo-weinsberg\/#157-liter-kompressor-kuehlbox-und-ambientebeleuchtung-maximieren-taeglichen-komfort-im-tabbert-vivaldi\" title=\"157-Liter-Kompressor-K\u00fchlbox und Ambientebeleuchtung maximieren t\u00e4glichen Komfort im Tabbert Vivaldi\">157-Liter-Kompressor-K\u00fchlbox und Ambientebeleuchtung maximieren t\u00e4glichen Komfort im Tabbert Vivaldi<\/a><\/li><li class=\"ez-toc-page-1 ez-toc-heading-level-2\"><a class=\"ez-toc-link ez-toc-heading-10\" href=\"https:\/\/www.doppelklicker.de\/blog\/caravan-salon-2026-duesseldorf-knaustabbert-morelo-weinsberg\/#hochwertige-lichtakzente-heben-ambiente-und-exklusiven-reisekomfort-im-wohnbereich\" title=\"Hochwertige Lichtakzente heben Ambiente und exklusiven Reisekomfort im Wohnbereich\">Hochwertige Lichtakzente heben Ambiente und exklusiven Reisekomfort im Wohnbereich<\/a><\/li><\/ul><\/nav><\/div>\n<h2><span class=\"ez-toc-section\" id=\"morelo-betont-in-halle-16-caravan-salon-seinen-luxusanspruch\"><\/span>Morelo betont in Halle 16 Caravan Salon seinen Luxusanspruch<span class=\"ez-toc-section-end\"><\/span><\/h2>\n<p>W\u00e4hrend der Caravan Salon als zentrale Branchenveranstaltung und Vision\u00e4rswerkstatt f\u00fcr das mobile Reisen gilt, richtet sich Halle 1 von KnausTabbert an technikaffine Reisende, die Wert auf erstklassige Ausstattung, hohen Komfort und Alltagstauglichkeit legen. Die ausgestellten Reisemobile und Wohnwagen \u00fcberzeugen durch intelligente L\u00f6sungen und moderne Technik. Parallel dazu betont Morelo mit seinen edlen Luxuslinern in Halle 16 seine Position im Premiumsegment und spricht damit anspruchsvolle Kunden an und bietet exklusive Erlebnisse.<\/p>\n<h2><span class=\"ez-toc-section\" id=\"stufenloser-wohnraumboden-erhoeht-alltagstauglichkeit-deutlich-und-erleichtert-einstiegsvorgaenge-enorm\"><\/span>Stufenloser Wohnraumboden erh\u00f6ht Alltagstauglichkeit deutlich und erleichtert Einstiegsvorg\u00e4nge enorm<span class=\"ez-toc-section-end\"><\/span><\/h2>\n<p>Mit dem VAN TI PLUS feiert eine neue Generation des VW Crafter-basierten Reisemobils Weltpremiere. Die Kombination aus schmalem Aufbau und FoldXpand-Technologie generiert ein maximiertes Raumangebot bei kompakten Au\u00dfenma\u00dfen. Zur serienm\u00e4\u00dfigen Ausstattung geh\u00f6ren ein sparsamer Kompressor-K\u00fchlschrank, eine automatische Dieselheizung und eine hochwertige LiFePo-Batterie. Der nahtlos ebene Wohnraumboden erleichtert Mobilit\u00e4t und Reinigung. Ein intuitives Bedienkonzept und clevere Raumaufteilung sorgen f\u00fcr hohen Nutzwert und Alltagstauglichkeit, w\u00e4hrend dezente LED-Akzente f\u00fcr gem\u00fctliches Licht sorgen.<\/p>\n<h2><span class=\"ez-toc-section\" id=\"157-liter-kompressor-kuehlschrank-und-dieselheizung-garantieren-komfort-unterwegs-im-sky-ti\"><\/span>157-Liter-Kompressor-K\u00fchlschrank und Dieselheizung garantieren Komfort unterwegs im SKY TI<span class=\"ez-toc-section-end\"><\/span><\/h2>\n<p>Die Basis des SKY TI bildet das VW-Crafter-Chassis mit verbreiterter Spurachse sowie einem Automatikgetriebe f\u00fcr komfortables Fahren. Dank eines beheizbaren Funktionsbodens und textiler Wandverkleidungen entsteht ein wohnliches Ambiente, das durch ein echtes Glas-Panoramadach zus\u00e4tzlich aufgehellt wird. Serienstandard sind ein 157-Liter-Kompressor-K\u00fchlschrank, eine Truma-Dieselheizung sowie optional eine ALDE-Lifestyle-Heizung. Abgerundet wird das Interieur durch ein elektrisch h\u00f6henverstellbares Bughubbett f\u00fcr erholsame \u00dcbernachtungen. Stauf\u00e4cher, USB-Anschl\u00fcsse und energiesparende LED-Innenbeleuchtung sorgen f\u00fcr erh\u00f6hten komfortablen Nutzen im Reisealltag.<\/p>\n<h2><span class=\"ez-toc-section\" id=\"ausgezeichnete-wintertauglichkeit-im-nordwind-dank-alde-heizung-und-innovativer-isolierung\"><\/span>Ausgezeichnete Wintertauglichkeit im Nordwind dank ALDE-Heizung und innovativer Isolierung<span class=\"ez-toc-section-end\"><\/span><\/h2>\n<p>Ausgelegt f\u00fcr internationale Eins\u00e4tze bei extremen Temperaturen, bietet der NORDWIND Caravan innovative Komponenten f\u00fcr ganzj\u00e4hrige Reiseerlebnisse. Die robuste ALDE-Fu\u00dfbodenheizung in Verbindung mit pr\u00e4ziser Abwasserverlegung und isoliertem Aufbau nach Winternorm liefert konstante Heizleistung auch bei Minusgraden. Leichtgewichtige Alu-Rahmenfenster steigern Energieeffizienz und Langlebigkeit. Ein moderner Hybrid-Kocher und ein adaptives Komfort-Schlafsystem garantieren flexible Nutzung. Das FoldXpand-Heck maximiert den Stau- und Wohnraum. Pr\u00e4zise Rangiergriffe und Cateye-Voll-LED-Leuchten akzentuieren die zeitgem\u00e4\u00dfe Gestaltung. Robuste Technik sichert Betrieb.<\/p>\n<h2><span class=\"ez-toc-section\" id=\"techniker-und-einsteiger-sichern-preisvorteil-mit-sport-platinum-selection\"><\/span>Techniker und Einsteiger sichern Preisvorteil mit Sport Platinum Selection<span class=\"ez-toc-section-end\"><\/span><\/h2>\n<p>In der Platinum Selection der Sport-Baureihe wurde die technische Basis um zahlreiche Extras erg\u00e4nzt, um den Alltag an Bord zu optimieren. Kunden in den Benelux-M\u00e4rkten greifen auf sechs exklusive Grundrissoptionen mit inkludiertem Mehrwertpaket zu, welches f\u00fcr zus\u00e4tzlichen Nutzwert sorgt. In anderen L\u00e4ndern ist stattdessen ein individuell konfigurierbares Platinum-Paket verf\u00fcgbar, das Einsteigern und Technikinteressierten erhebliche Preisvorteile verschafft und moderne Komfortl\u00f6sungen sowie hochwertige Komponenten umfasst. Dazu geh\u00f6ren digitale Displays, LED-Beleuchtung und Komfortsitze.<\/p>\n<h2><span class=\"ez-toc-section\" id=\"kompaktes-kraftpaket-mit-zeitgemaessem-design-und-maximal-beeindruckender-preis-leistungsbilanz\"><\/span>Kompaktes Kraftpaket mit zeitgem\u00e4\u00dfem Design und maximal beeindruckender Preis-Leistungsbilanz<span class=\"ez-toc-section-end\"><\/span><\/h2>\n<p>Mit der CaraCompact Edition [PEPPER] bietet KnausTabbert ein kompaktes Reisemobil, das dank \u00fcberarbeitetem Heckdesign einen vergr\u00f6\u00dferten Laderaum bereitstellt, ohne die Wendigkeit einzuschr\u00e4nken. Die Raumaufteilung nutzt jeden Zentimeter optimal, w\u00e4hrend hochwertige M\u00f6beloptik ein edles Ambiente schafft. Voll-LED-R\u00fcckleuchten garantieren Energieeffizienz und klare Signale im R\u00fcckw\u00e4rtsgang. Zur Serienausstattung z\u00e4hlt ein 153-Liter-Kompressor-K\u00fchlschrank sowie robuste Beschl\u00e4ge, die das Fahrzeug zu einem vielseitigen Kraftpaket mit bestem Preis-Leistungsverh\u00e4ltnis machen. Intelligente smarte Ablagen erh\u00f6hen Komfort und Alltagstauglichkeit sp\u00fcrbar.<\/p>\n<h2><span class=\"ez-toc-section\" id=\"fire-edition-ueberzeugt-mit-frischem-design-grey-mit-dachisolation\"><\/span>Fire Edition \u00fcberzeugt mit frischem Design, GREY mit Dachisolation<span class=\"ez-toc-section-end\"><\/span><\/h2>\n<p>Bei der CaraBus Edition [FIRE] sorgt ein intuitives Raumkonzept mit Schwenkbad, variabler L\u00fcmmelfunktion und lebendigen Farbakzenten f\u00fcr ein offenes, modernes Raumgef\u00fchl. Die GREY Edition besticht durch eine elegante Grauwelt mit klaren Linien und urbanem Flair. Beide Varianten bieten dank integriertem Frischwassertank, wirkungsvoller Dachisolation und stufenlos begehbarem Wohnraumboden eine erh\u00f6hte Barrierefreiheit, verbesserte Energieeffizienz und eine sp\u00fcrbar gleichm\u00e4\u00dfige Temperierung bei allen Witterungsbedingungen. Hochwertige Polsterstoffe und optimierte Verarbeitung gew\u00e4hrleisten dauerhaften reibungslosen Wohlf\u00fchlcharakter unterwegs.<\/p>\n<h2><span class=\"ez-toc-section\" id=\"caralife-elektro-wohnwagen-richtet-sich-an-junge-mobile-reisemobil-enthusiasten-zielgruppen\"><\/span>CaraLife Elektro-Wohnwagen richtet sich an junge, mobile Reisemobil-Enthusiasten Zielgruppen<span class=\"ez-toc-section-end\"><\/span><\/h2>\n<p>Das elektrisch angetriebene CaraLife \u00fcberzeugt als kompaktes, urbanes Reisemobil mit standardm\u00e4\u00dfig installiertem Induktionskochfeld, ger\u00e4uschged\u00e4mmtem Kompressor-K\u00fchlschrank und Klimaautomatik f\u00fcr Temperaturkomfort rund ums Jahr. Die variablen Schlafkonzepte gestatten Etagenbetten, Einzel- oder franz\u00f6sische Betten sowie multifunktionale Sitzgruppen. Ein puristisches Design mit klar strukturierten Oberfl\u00e4chen und modernen Leuchtpaneelen schafft zeitgem\u00e4\u00dfe Atmosph\u00e4re. Leichtbauweise, effiziente Energiespeicher und intelligentes Energiemanagement sichern hohe Reichweite und \u00f6konomische Mobilit\u00e4t sowie nachhaltigkeitsorientierte Entdecker mit Fokus auf Freiheit und urbanen Lifestyle.<\/p>\n<h2><span class=\"ez-toc-section\" id=\"157-liter-kompressor-kuehlbox-und-ambientebeleuchtung-maximieren-taeglichen-komfort-im-tabbert-vivaldi\"><\/span>157-Liter-Kompressor-K\u00fchlbox und Ambientebeleuchtung maximieren t\u00e4glichen Komfort im Tabbert Vivaldi<span class=\"ez-toc-section-end\"><\/span><\/h2>\n<p>Durch die vollisolierten Dach- und Bodenaufbauten bietet der Tabbert Vivaldi exzellenten Schutz vor extremen Temperaturen und reduziert Au\u00dfenger\u00e4usche wirkungsvoll. Das AL-KO Fahrwerk und das Antischleudersystem in Verbindung mit Premium-Bremsen sorgen f\u00fcr sicheres Fahrverhalten und hohe Stabilit\u00e4t. Der Innenraum verw\u00f6hnt mit einer 157-Liter-Kompressor-K\u00fchlbox, stimmungsvoller Ambientebeleuchtung und modernen Grundrissen. Komfortable Alltagsfunktionen wie Truma Mover und ein versenkbarer Gas-Kocher machen Rangieren und Kochen unterwegs besonders einfach f\u00fcr eine stressfreie Reiseplanung. Maximiert. Ergonomisch. Zuverl\u00e4ssig.<\/p>\n<h2><span class=\"ez-toc-section\" id=\"hochwertige-lichtakzente-heben-ambiente-und-exklusiven-reisekomfort-im-wohnbereich\"><\/span>Hochwertige Lichtakzente heben Ambiente und exklusiven Reisekomfort im Wohnbereich<span class=\"ez-toc-section-end\"><\/span><\/h2>\n<p>Eine glatte Au\u00dfenhaut aus resistentes Blech, kombiniert mit 17 Zoll gro\u00dfen Felgen, verleiht der Puccini Finest Edition eine kraftvolle Optik und hohe Fahrstabilit\u00e4t. Im Interieur sorgen wei\u00dfe Hochglanzm\u00f6belfronten und eine kratzfeste Acryl-K\u00fcchenr\u00fcckwand f\u00fcr Eleganz und leichte Reinigung. Fein gearbeitete Stickereien, ein schwarzes Deckenmodul und stimmungsvolle Lichtakzente schaffen ein edles Ambiente. Komfortschlafsystem und integrierter TV-Bildschirm bieten erholsamen Schlaf und moderne Unterhaltung. Die perfekte Verbindung aus Funktionalit\u00e4t, Design und Verarbeitung begeistert Camper.<\/p>\n<p>Die neue Modellpalette von KnausTabbert f\u00fcr das Jahr 2027 umfasst Fahrzeuge, die sowohl Komfort als auch Effizienz in den Vordergrund r\u00fccken. Unterschiedliche Grundrisse und innovative Ausbaukonzepte erm\u00f6glichen die individuelle Anpassung an Reisestile vom Wochenendtrip bis zur Fernreise. Weinsberg erg\u00e4nzt das Angebot mit g\u00fcnstigen, elektrischen Modellen f\u00fcr umweltorientierte Camper. Tabbert \u00fcberzeugt im Premiumsegment mit edler Ausstattung. Am Ende profitieren Nutzer von hoher Alltagstauglichkeit, zuverl\u00e4ssiger Technik und vielf\u00e4ltigen Konfigurationsm\u00f6glichkeiten und Service.<\/p>\n","protected":false},"excerpt":{"rendered":"<p>Auf der Leitmesse Caravan Salon 2026 in D\u00fcsseldorf zeigt KnausTabbert erstmals seine umfangreichen neuen Reisemobile und hochwertigen Wohnwagen des Modelljahrgangs 2027, darunter die innovativen SKY TI und VAN TI Plus, den winterfesten NORDWIND sowie die Sport Platinum Selection. Parallel wird Morelos Luxusliner-Segment in Halle 16 ausgestellt. Erg\u00e4nzt wird das Portfolio durch Weinsberg mit CaraCompact Edition<\/p>\n<div class=\"read-more\"><a href=\"https:\/\/www.doppelklicker.de\/blog\/caravan-salon-2026-duesseldorf-knaustabbert-morelo-weinsberg\/\" title=\"Jetzt alles lesen\">Jetzt alles lesen<\/a><\/div>\n","protected":false},"author":8,"featured_media":12588,"comment_status":"open","ping_status":"open","sticky":false,"template":"","format":"standard","meta":[],"categories":[3305],"tags":[],"yoast_head":"<!-- This site is optimized with the Yoast SEO plugin v18.2 - https:\/\/yoast.com\/wordpress\/plugins\/seo\/ -->\n<meta name=\"robots\" content=\"index, follow, max-snippet:-1, max-image-preview:large, max-video-preview:-1\" \/>\n<link rel=\"canonical\" href=\"https:\/\/www.doppelklicker.de\/blog\/caravan-salon-2026-duesseldorf-knaustabbert-morelo-weinsberg\/\" \/>\n<meta property=\"og:locale\" content=\"de_DE\" \/>\n<meta property=\"og:type\" content=\"article\" \/>\n<meta property=\"og:title\" content=\"Weinsberg stellt CaraCompact [PEPPER], CaraBus [FIRE\/GREY] und CaraLife vor\" \/>\n<meta property=\"og:description\" content=\"Auf der Leitmesse Caravan Salon 2026 in D\u00fcsseldorf zeigt KnausTabbert erstmals seine umfangreichen neuen Reisemobile und hochwertigen Wohnwagen des Modelljahrgangs 2027, darunter die innovativen SKY TI und VAN TI Plus, den winterfesten NORDWIND sowie die Sport Platinum Selection. Parallel wird Morelos Luxusliner-Segment in Halle 16 ausgestellt. Erg\u00e4nzt wird das Portfolio durch Weinsberg mit CaraCompact EditionJetzt alles lesen\" \/>\n<meta property=\"og:url\" content=\"https:\/\/www.doppelklicker.de\/blog\/caravan-salon-2026-duesseldorf-knaustabbert-morelo-weinsberg\/\" \/>\n<meta property=\"og:site_name\" content=\"Aus Mainz.\" \/>\n<meta property=\"article:published_time\" content=\"2026-08-28T08:00:00+00:00\" \/>\n<meta property=\"og:image\" content=\"https:\/\/www.doppelklicker.de\/blog\/wp-content\/uploads\/2026\/09\/knaustabbert-zeigt-auf-caravan-salon-2026-neues-modelljahr-31160.jpg\" \/>\n\t<meta property=\"og:image:width\" content=\"1280\" \/>\n\t<meta property=\"og:image:height\" content=\"615\" \/>\n\t<meta property=\"og:image:type\" content=\"image\/jpeg\" \/>\n<meta name=\"twitter:card\" content=\"summary_large_image\" \/>\n<meta name=\"twitter:label1\" content=\"Verfasst von\" \/>\n\t<meta name=\"twitter:data1\" content=\"Iris Martin\" \/>\n\t<meta name=\"twitter:label2\" content=\"Gesch\u00e4tzte Lesezeit\" \/>\n\t<meta name=\"twitter:data2\" content=\"5 Minuten\" \/>\n<script type=\"application\/ld+json\" class=\"yoast-schema-graph\">{\"@context\":\"https:\/\/schema.org\",\"@graph\":[{\"@type\":\"WebSite\",\"@id\":\"https:\/\/www.doppelklicker.de\/blog\/#website\",\"url\":\"https:\/\/www.doppelklicker.de\/blog\/\",\"name\":\"Aus Mainz.\",\"description\":\"F\u00fcr die Welt.\",\"potentialAction\":[{\"@type\":\"SearchAction\",\"target\":{\"@type\":\"EntryPoint\",\"urlTemplate\":\"https:\/\/www.doppelklicker.de\/blog\/?s={search_term_string}\"},\"query-input\":\"required name=search_term_string\"}],\"inLanguage\":\"de-DE\"},{\"@type\":\"ImageObject\",\"@id\":\"https:\/\/www.doppelklicker.de\/blog\/caravan-salon-2026-duesseldorf-knaustabbert-morelo-weinsberg\/#primaryimage\",\"inLanguage\":\"de-DE\",\"url\":\"https:\/\/www.doppelklicker.de\/blog\/wp-content\/uploads\/2026\/09\/knaustabbert-zeigt-auf-caravan-salon-2026-neues-modelljahr-31160.jpg\",\"contentUrl\":\"https:\/\/www.doppelklicker.de\/blog\/wp-content\/uploads\/2026\/09\/knaustabbert-zeigt-auf-caravan-salon-2026-neues-modelljahr-31160.jpg\",\"width\":1280,\"height\":615,\"caption\":\"Weinsberg stellt CaraCompact [PEPPER], CaraBus [FIRE\/GREY] und CaraLife vor (Foto: Knaus Tabbert AG)\"},{\"@type\":\"WebPage\",\"@id\":\"https:\/\/www.doppelklicker.de\/blog\/caravan-salon-2026-duesseldorf-knaustabbert-morelo-weinsberg\/#webpage\",\"url\":\"https:\/\/www.doppelklicker.de\/blog\/caravan-salon-2026-duesseldorf-knaustabbert-morelo-weinsberg\/\",\"name\":\"Weinsberg stellt CaraCompact [PEPPER], CaraBus [FIRE\/GREY] und CaraLife vor\",\"isPartOf\":{\"@id\":\"https:\/\/www.doppelklicker.de\/blog\/#website\"},\"primaryImageOfPage\":{\"@id\":\"https:\/\/www.doppelklicker.de\/blog\/caravan-salon-2026-duesseldorf-knaustabbert-morelo-weinsberg\/#primaryimage\"},\"datePublished\":\"2026-08-28T08:00:00+00:00\",\"dateModified\":\"2026-08-28T08:00:00+00:00\",\"author\":{\"@id\":\"https:\/\/www.doppelklicker.de\/blog\/#\/schema\/person\/08dcac172bdb025e8ff433488184668a\"},\"breadcrumb\":{\"@id\":\"https:\/\/www.doppelklicker.de\/blog\/caravan-salon-2026-duesseldorf-knaustabbert-morelo-weinsberg\/#breadcrumb\"},\"inLanguage\":\"de-DE\",\"potentialAction\":[{\"@type\":\"ReadAction\",\"target\":[\"https:\/\/www.doppelklicker.de\/blog\/caravan-salon-2026-duesseldorf-knaustabbert-morelo-weinsberg\/\"]}]},{\"@type\":\"BreadcrumbList\",\"@id\":\"https:\/\/www.doppelklicker.de\/blog\/caravan-salon-2026-duesseldorf-knaustabbert-morelo-weinsberg\/#breadcrumb\",\"itemListElement\":[{\"@type\":\"ListItem\",\"position\":1,\"name\":\"Startseite\",\"item\":\"https:\/\/www.doppelklicker.de\/blog\/\"},{\"@type\":\"ListItem\",\"position\":2,\"name\":\"Weinsberg stellt CaraCompact [PEPPER], CaraBus [FIRE\/GREY] und CaraLife vor\"}]},{\"@type\":\"Person\",\"@id\":\"https:\/\/www.doppelklicker.de\/blog\/#\/schema\/person\/08dcac172bdb025e8ff433488184668a\",\"name\":\"Iris Martin\",\"image\":{\"@type\":\"ImageObject\",\"@id\":\"https:\/\/www.doppelklicker.de\/blog\/#personlogo\",\"inLanguage\":\"de-DE\",\"url\":\"https:\/\/secure.gravatar.com\/avatar\/82fdaa093be0b9686b531f99fcb54d15?s=96&d=wp_user_avatar&r=g\",\"contentUrl\":\"https:\/\/secure.gravatar.com\/avatar\/82fdaa093be0b9686b531f99fcb54d15?s=96&d=wp_user_avatar&r=g\",\"caption\":\"Iris Martin\"},\"url\":\"https:\/\/www.doppelklicker.de\/blog\/author\/iris-martin\/\"}]}<\/script>\n<!-- \/ Yoast SEO plugin. -->","yoast_head_json":{"robots":{"index":"index","follow":"follow","max-snippet":"max-snippet:-1","max-image-preview":"max-image-preview:large","max-video-preview":"max-video-preview:-1"},"canonical":"https:\/\/www.doppelklicker.de\/blog\/caravan-salon-2026-duesseldorf-knaustabbert-morelo-weinsberg\/","og_locale":"de_DE","og_type":"article","og_title":"Weinsberg stellt CaraCompact [PEPPER], CaraBus [FIRE\/GREY] und CaraLife vor","og_description":"Auf der Leitmesse Caravan Salon 2026 in D\u00fcsseldorf zeigt KnausTabbert erstmals seine umfangreichen neuen Reisemobile und hochwertigen Wohnwagen des Modelljahrgangs 2027, darunter die innovativen SKY TI und VAN TI Plus, den winterfesten NORDWIND sowie die Sport Platinum Selection. Parallel wird Morelos Luxusliner-Segment in Halle 16 ausgestellt. Erg\u00e4nzt wird das Portfolio durch Weinsberg mit CaraCompact EditionJetzt alles lesen","og_url":"https:\/\/www.doppelklicker.de\/blog\/caravan-salon-2026-duesseldorf-knaustabbert-morelo-weinsberg\/","og_site_name":"Aus Mainz.","article_published_time":"2026-08-28T08:00:00+00:00","og_image":[{"width":1280,"height":615,"url":"https:\/\/www.doppelklicker.de\/blog\/wp-content\/uploads\/2026\/09\/knaustabbert-zeigt-auf-caravan-salon-2026-neues-modelljahr-31160.jpg","type":"image\/jpeg"}],"twitter_card":"summary_large_image","twitter_misc":{"Verfasst von":"Iris Martin","Gesch\u00e4tzte Lesezeit":"5 Minuten"},"schema":{"@context":"https:\/\/schema.org","@graph":[{"@type":"WebSite","@id":"https:\/\/www.doppelklicker.de\/blog\/#website","url":"https:\/\/www.doppelklicker.de\/blog\/","name":"Aus Mainz.","description":"F\u00fcr die Welt.","potentialAction":[{"@type":"SearchAction","target":{"@type":"EntryPoint","urlTemplate":"https:\/\/www.doppelklicker.de\/blog\/?s={search_term_string}"},"query-input":"required name=search_term_string"}],"inLanguage":"de-DE"},{"@type":"ImageObject","@id":"https:\/\/www.doppelklicker.de\/blog\/caravan-salon-2026-duesseldorf-knaustabbert-morelo-weinsberg\/#primaryimage","inLanguage":"de-DE","url":"https:\/\/www.doppelklicker.de\/blog\/wp-content\/uploads\/2026\/09\/knaustabbert-zeigt-auf-caravan-salon-2026-neues-modelljahr-31160.jpg","contentUrl":"https:\/\/www.doppelklicker.de\/blog\/wp-content\/uploads\/2026\/09\/knaustabbert-zeigt-auf-caravan-salon-2026-neues-modelljahr-31160.jpg","width":1280,"height":615,"caption":"Weinsberg stellt CaraCompact [PEPPER], CaraBus [FIRE\/GREY] und CaraLife vor (Foto: Knaus Tabbert AG)"},{"@type":"WebPage","@id":"https:\/\/www.doppelklicker.de\/blog\/caravan-salon-2026-duesseldorf-knaustabbert-morelo-weinsberg\/#webpage","url":"https:\/\/www.doppelklicker.de\/blog\/caravan-salon-2026-duesseldorf-knaustabbert-morelo-weinsberg\/","name":"Weinsberg stellt CaraCompact [PEPPER], CaraBus [FIRE\/GREY] und CaraLife vor","isPartOf":{"@id":"https:\/\/www.doppelklicker.de\/blog\/#website"},"primaryImageOfPage":{"@id":"https:\/\/www.doppelklicker.de\/blog\/caravan-salon-2026-duesseldorf-knaustabbert-morelo-weinsberg\/#primaryimage"},"datePublished":"2026-08-28T08:00:00+00:00","dateModified":"2026-08-28T08:00:00+00:00","author":{"@id":"https:\/\/www.doppelklicker.de\/blog\/#\/schema\/person\/08dcac172bdb025e8ff433488184668a"},"breadcrumb":{"@id":"https:\/\/www.doppelklicker.de\/blog\/caravan-salon-2026-duesseldorf-knaustabbert-morelo-weinsberg\/#breadcrumb"},"inLanguage":"de-DE","potentialAction":[{"@type":"ReadAction","target":["https:\/\/www.doppelklicker.de\/blog\/caravan-salon-2026-duesseldorf-knaustabbert-morelo-weinsberg\/"]}]},{"@type":"BreadcrumbList","@id":"https:\/\/www.doppelklicker.de\/blog\/caravan-salon-2026-duesseldorf-knaustabbert-morelo-weinsberg\/#breadcrumb","itemListElement":[{"@type":"ListItem","position":1,"name":"Startseite","item":"https:\/\/www.doppelklicker.de\/blog\/"},{"@type":"ListItem","position":2,"name":"Weinsberg stellt CaraCompact [PEPPER], CaraBus [FIRE\/GREY] und CaraLife vor"}]},{"@type":"Person","@id":"https:\/\/www.doppelklicker.de\/blog\/#\/schema\/person\/08dcac172bdb025e8ff433488184668a","name":"Iris Martin","image":{"@type":"ImageObject","@id":"https:\/\/www.doppelklicker.de\/blog\/#personlogo","inLanguage":"de-DE","url":"https:\/\/secure.gravatar.com\/avatar\/82fdaa093be0b9686b531f99fcb54d15?s=96&d=wp_user_avatar&r=g","contentUrl":"https:\/\/secure.gravatar.com\/avatar\/82fdaa093be0b9686b531f99fcb54d15?s=96&d=wp_user_avatar&r=g","caption":"Iris Martin"},"url":"https:\/\/www.doppelklicker.de\/blog\/author\/iris-martin\/"}]}},"_links":{"self":[{"href":"https:\/\/www.doppelklicker.de\/blog\/wp-json\/wp\/v2\/posts\/12584"}],"collection":[{"href":"https:\/\/www.doppelklicker.de\/blog\/wp-json\/wp\/v2\/posts"}],"about":[{"href":"https:\/\/www.doppelklicker.de\/blog\/wp-json\/wp\/v2\/types\/post"}],"author":[{"embeddable":true,"href":"https:\/\/www.doppelklicker.de\/blog\/wp-json\/wp\/v2\/users\/8"}],"replies":[{"embeddable":true,"href":"https:\/\/www.doppelklicker.de\/blog\/wp-json\/wp\/v2\/comments?post=12584"}],"version-history":[{"count":0,"href":"https:\/\/www.doppelklicker.de\/blog\/wp-json\/wp\/v2\/posts\/12584\/revisions"}],"wp:featuredmedia":[{"embeddable":true,"href":"https:\/\/www.doppelklicker.de\/blog\/wp-json\/wp\/v2\/media\/12588"}],"wp:attachment":[{"href":"https:\/\/www.doppelklicker.de\/blog\/wp-json\/wp\/v2\/media?parent=12584"}],"wp:term":[{"taxonomy":"category","embeddable":true,"href":"https:\/\/www.doppelklicker.de\/blog\/wp-json\/wp\/v2\/categories?post=12584"},{"taxonomy":"post_tag","embeddable":true,"href":"https:\/\/www.doppelklicker.de\/blog\/wp-json\/wp\/v2\/tags?post=12584"}],"curies":[{"name":"wp","href":"https:\/\/api.w.org\/{rel}","templated":true}]}}