{"id":12589,"date":"2026-08-21T09:00:00","date_gmt":"2026-08-21T07:00:00","guid":{"rendered":"guid"},"modified":"2026-09-03T12:33:18","modified_gmt":"2026-09-03T12:33:18","slug":"opel-frontera-start-hybrid-electric-extended-range-edition-gs","status":"publish","type":"post","link":"https:\/\/www.doppelklicker.de\/blog\/opel-frontera-start-hybrid-electric-extended-range-edition-gs\/","title":{"rendered":"Neue Antriebsvarianten reichen vom 1,2-Liter-Turbo bis umweltfreundlicher vollelektrischer Mobilit\u00e4t"},"content":{"rendered":"<p>Der Opel Frontera Start punktet mit flexiblem Laderaum f\u00fcr Alltag und Freizeit. Mit umgelegten R\u00fccksitzen im Verh\u00e4ltnis 60:40 w\u00e4chst das Ladevolumen von serienm\u00e4\u00dfigen 460 Litern auf bis zu 1.600 Liter. Ein optionales Komfort-Paket bietet einen doppelten Gep\u00e4ckraumboden sowie Make-up-Spiegel in den Sonnenblenden. Zahlreiche Ablagen in T\u00fcrf\u00e4chern, Mittelkonsole und Armlehne unterst\u00fctzen die Organisation pers\u00f6nlicher Gegenst\u00e4nde. Robuste Materialien und gut zug\u00e4ngliche Verstauoptionen steigern die Praxistauglichkeit.<br \/>\n<!--more--><\/p>\n<div id=\"ez-toc-container\" class=\"ez-toc-v2_0_16 counter-hierarchy\">\n<div class=\"ez-toc-title-container\">\n<p class=\"ez-toc-title\">Inhaltsverzeichnis: Das erwartet Sie in diesem Artikel<\/p>\n<span class=\"ez-toc-title-toggle\"><a class=\"ez-toc-pull-right ez-toc-btn ez-toc-btn-xs ez-toc-btn-default ez-toc-toggle\" style=\"display: none;\"><i class=\"ez-toc-glyphicon ez-toc-icon-toggle\"><\/i><\/a><\/span><\/div>\n<nav><ul class=\"ez-toc-list ez-toc-list-level-1\"><li class=\"ez-toc-page-1 ez-toc-heading-level-2\"><a class=\"ez-toc-link ez-toc-heading-1\" href=\"https:\/\/www.doppelklicker.de\/blog\/opel-frontera-start-hybrid-electric-extended-range-edition-gs\/#preisbewusste-kunden-profitieren-von-frontera-start-ausstattung-und-optik\" title=\"Preisbewusste Kunden profitieren von Frontera Start Ausstattung und Optik\">Preisbewusste Kunden profitieren von Frontera Start Ausstattung und Optik<\/a><\/li><li class=\"ez-toc-page-1 ez-toc-heading-level-2\"><a class=\"ez-toc-link ez-toc-heading-2\" href=\"https:\/\/www.doppelklicker.de\/blog\/opel-frontera-start-hybrid-electric-extended-range-edition-gs\/#co2-emissionen-des-frontera-liegen-bei-hybrid-bis-null-gramm\" title=\"CO2-Emissionen des Frontera liegen bei Hybrid bis null Gramm\">CO2-Emissionen des Frontera liegen bei Hybrid bis null Gramm<\/a><\/li><li class=\"ez-toc-page-1 ez-toc-heading-level-2\"><a class=\"ez-toc-link ez-toc-heading-3\" href=\"https:\/\/www.doppelklicker.de\/blog\/opel-frontera-start-hybrid-electric-extended-range-edition-gs\/#edition-und-ultimate-bieten-umfangreiche-assistenzsysteme-sowie-optische-aufwertungen\" title=\"Edition und Ultimate bieten umfangreiche Assistenzsysteme sowie optische Aufwertungen\">Edition und Ultimate bieten umfangreiche Assistenzsysteme sowie optische Aufwertungen<\/a><\/li><li class=\"ez-toc-page-1 ez-toc-heading-level-2\"><a class=\"ez-toc-link ez-toc-heading-4\" href=\"https:\/\/www.doppelklicker.de\/blog\/opel-frontera-start-hybrid-electric-extended-range-edition-gs\/#klare-linien-komfort-paket-optimiert-frontera-nutzvolumen-erhoeht-bedienkomfort-spuerbar\" title=\"Klare Linien: Komfort-Paket optimiert Frontera Nutzvolumen, erh\u00f6ht Bedienkomfort sp\u00fcrbar\">Klare Linien: Komfort-Paket optimiert Frontera Nutzvolumen, erh\u00f6ht Bedienkomfort sp\u00fcrbar<\/a><\/li><li class=\"ez-toc-page-1 ez-toc-heading-level-2\"><a class=\"ez-toc-link ez-toc-heading-5\" href=\"https:\/\/www.doppelklicker.de\/blog\/opel-frontera-start-hybrid-electric-extended-range-edition-gs\/#blauer-frontera-start-vereint-ausgepraegter-alltagstauglichkeit-mit-dynamischer-suv-optik\" title=\"Blauer Frontera Start vereint ausgepr\u00e4gter Alltagstauglichkeit mit dynamischer SUV-Optik\">Blauer Frontera Start vereint ausgepr\u00e4gter Alltagstauglichkeit mit dynamischer SUV-Optik<\/a><\/li><\/ul><\/nav><\/div>\n<h2><span class=\"ez-toc-section\" id=\"preisbewusste-kunden-profitieren-von-frontera-start-ausstattung-und-optik\"><\/span>Preisbewusste Kunden profitieren von Frontera Start Ausstattung und Optik<span class=\"ez-toc-section-end\"><\/span><\/h2>\n<div id=\"attachment_12585\" style=\"width: 760px\" class=\"wp-caption alignleft\"><img aria-describedby=\"caption-attachment-12585\" loading=\"lazy\" src=\"https:\/\/www.doppelklicker.de\/wp-content\/uploads\/2026\/09\/motor-31156.jpg\" alt=\"Opel Frontera Start: Neue Einstiegsvariante und neuer Motor (Foto: Opel Automobile GmbH)\" width=\"750\" height=\"600\" class=\"size-full wp-image-12585\" \/><p id=\"caption-attachment-12585\" class=\"wp-caption-text\">Opel Frontera Start: Neue Einstiegsvariante und neuer Motor (Foto: Opel Automobile GmbH)<\/p><\/div>\n<p>Das Einstiegs-SUV Opel Frontera Start kombiniert erschwingliche Anschaffungskosten mit einer soliden Serienausstattung, die f\u00fcr Alltagsfahrer relevant ist. Der Preis von 21.990 Euro inklusive Mehrwertsteuer deckt serienm\u00e4\u00dfig einen sechsfach einstellbaren Intelli-Fahrersitz sowie eine effektive Klimaanlage ab. Eine Smartphone-Station in der Mittelkonsole sorgt f\u00fcr Konnektivit\u00e4t. Robuste 16-Zoll-Stahlr\u00e4der mit schwarzen Radzierblenden, lackierte Au\u00dfenspiegelgeh\u00e4use und Unterfahrschutzelemente unterstreichen den Offroad-Charakter. Dieses Kompakt-SUV bietet gleichzeitig Tages- und Wochenendausfl\u00fcgen optimale Flexibilit\u00e4t sowie einen modernen Auftritt mit Details.<\/p>\n<h2><span class=\"ez-toc-section\" id=\"co2-emissionen-des-frontera-liegen-bei-hybrid-bis-null-gramm\"><\/span>CO2-Emissionen des Frontera liegen bei Hybrid bis null Gramm<span class=\"ez-toc-section-end\"><\/span><\/h2>\n<p>Neben dem neuen 1,2-Liter-Turbobenziner mit 74 kW (100 PS) und Sechsganggetriebe umfasst die Frontera-Palette von Opel zwei Hybridvarianten mit 81 kW (110 PS) beziehungsweise 107 kW (145 PS) Systemleistung und automatischem Doppelkupplungsgetriebe. Dar\u00fcber hinaus sind vollelektrische Frontera Electric Modelle mit 83 kW (113 PS) und wahlweise 44 kWh oder 54 kWh Batterie erh\u00e4ltlich. Die WLTP-Verbr\u00e4uche reichen von 5,3 l\/100 km bis 16,3 kWh\/100 km, CO2-Emission liegt bei null Gramm.<\/p>\n<h2><span class=\"ez-toc-section\" id=\"edition-und-ultimate-bieten-umfangreiche-assistenzsysteme-sowie-optische-aufwertungen\"><\/span>Edition und Ultimate bieten umfangreiche Assistenzsysteme sowie optische Aufwertungen<span class=\"ez-toc-section-end\"><\/span><\/h2>\n<div id=\"attachment_12586\" style=\"width: 760px\" class=\"wp-caption alignleft\"><img aria-describedby=\"caption-attachment-12586\" loading=\"lazy\" src=\"https:\/\/www.doppelklicker.de\/wp-content\/uploads\/2026\/09\/motor-31157.jpg\" alt=\"Opel Frontera Start: Neue Einstiegsvariante und neuer Motor (Foto: Opel Automobile GmbH)\" width=\"750\" height=\"600\" class=\"size-full wp-image-12586\" \/><p id=\"caption-attachment-12586\" class=\"wp-caption-text\">Opel Frontera Start: Neue Einstiegsvariante und neuer Motor (Foto: Opel Automobile GmbH)<\/p><\/div>\n<p>Beim neuen Fahrzeugmodell ist die Auswahl aus vier klar definierten Ausstattungslinien m\u00f6glich: Start, Edition, GS und Ultimate. Jede Variante erf\u00fcllt dabei spezifische Nutzeranforderungen transparent und nachvollziehbar. Die Einstiegsausf\u00fchrung bietet grundlegende Features zu einem wirtschaftlichen Einstiegspreis. Im Gegensatz dazu beinhalten die Linien Edition und GS zus\u00e4tzliche Komfort- und Assistenzoptionen, w\u00e4hrend die Toplinie Ultimate exklusive Upgrades wie hochwertige Polster, erweiterte Fahrerassistenzsysteme und stilvolle Exterieur-Designmerkmale integriert und garantiert individuelle Anpassung jeder Situation.<\/p>\n<h2><span class=\"ez-toc-section\" id=\"klare-linien-komfort-paket-optimiert-frontera-nutzvolumen-erhoeht-bedienkomfort-spuerbar\"><\/span>Klare Linien: Komfort-Paket optimiert Frontera Nutzvolumen, erh\u00f6ht Bedienkomfort sp\u00fcrbar<span class=\"ez-toc-section-end\"><\/span><\/h2>\n<p>Das Komfort-Paket Start ist eine optionale Ausstattung f\u00fcr den Frontera, die einen zus\u00e4tzlichen Gep\u00e4ckraumboden und Make-up-Spiegel in den Sonnenblenden f\u00fcr Fahrer und Beifahrer umfasst. Durch Umklappen der R\u00fccksitzlehnen im Verh\u00e4ltnis 60:40 l\u00e4sst sich das Volumen von 460 auf maximal 1.600 Liter erh\u00f6hen. Diese Flexibilit\u00e4t bietet Platz f\u00fcr umfangreiche Ausr\u00fcstung und Gep\u00e4ck. Die steilen Seitenw\u00e4nde bleiben erhalten, um den pr\u00e4gnanten und robusten Stil des Frontera unver\u00e4ndert effektiv zur Geltung zu bringen.<\/p>\n<h2><span class=\"ez-toc-section\" id=\"blauer-frontera-start-vereint-ausgepraegter-alltagstauglichkeit-mit-dynamischer-suv-optik\"><\/span>Blauer Frontera Start vereint ausgepr\u00e4gter Alltagstauglichkeit mit dynamischer SUV-Optik<span class=\"ez-toc-section-end\"><\/span><\/h2>\n<p>Effekt Blau definiert beim Frontera Start den pr\u00e4gnanten Auftritt, w\u00e4hrend schwarze Au\u00dfenspiegel und Unterfahrschutz-Optik an Front und Heck f\u00fcr einen kraftvollen Kontrast sorgen. Die halbfl\u00e4chigen Radzierblenden auf 16-Zoll-R\u00e4dern verst\u00e4rken den robusten Charakter und geben Raum f\u00fcr eine klare Linienf\u00fchrung. Dieses Design bildet eine harmonische Einheit aus Funktionalit\u00e4t und \u00e4sthetischem Appeal, die sowohl im t\u00e4glichen Pendelverkehr als auch auf Offroad-Strecken eine selbstbewusste Haltung ausstrahlt. Die Farbkombination \u00fcberzeugt bei Tag und Nacht.<\/p>\n<p>Das Basismodell Opel Frontera Start ist mit einem 1,2-Liter-Turbobenziner ausgestattet, der 74 kW (100 PS) an ein manuelles Sechsganggetriebe liefert. F\u00fcr 21.990 Euro inklusive Mehrwertsteuer beinhaltet die Serienausstattung Klimaanlage, Intelli-Sitz, Smartphone-Station und 16-Zoll-Stahlr\u00e4der. Alternativ lassen sich zwei Hybridversionen und vollelektrische Varianten w\u00e4hlen. Vier Ausstattungslinien und optionale Pakete sorgen f\u00fcr ma\u00dfgeschneiderte Konfiguration. WLTP-Verbr\u00e4uche dokumentieren effiziente Fahrleistung, variabler Innenraum optimiert Praxistauglichkeit und der umlegbare R\u00fccksitz erweitert den Kofferraum auf 1.600 Liter Ladevolumen<\/p>\n","protected":false},"excerpt":{"rendered":"<p>Der Opel Frontera Start punktet mit flexiblem Laderaum f\u00fcr Alltag und Freizeit. Mit umgelegten R\u00fccksitzen im Verh\u00e4ltnis 60:40 w\u00e4chst das Ladevolumen von serienm\u00e4\u00dfigen 460 Litern auf bis zu 1.600 Liter. Ein optionales Komfort-Paket bietet einen doppelten Gep\u00e4ckraumboden sowie Make-up-Spiegel in den Sonnenblenden. Zahlreiche Ablagen in T\u00fcrf\u00e4chern, Mittelkonsole und Armlehne unterst\u00fctzen die Organisation pers\u00f6nlicher Gegenst\u00e4nde. Robuste<\/p>\n<div class=\"read-more\"><a href=\"https:\/\/www.doppelklicker.de\/blog\/opel-frontera-start-hybrid-electric-extended-range-edition-gs\/\" title=\"Jetzt alles lesen\">Jetzt alles lesen<\/a><\/div>\n","protected":false},"author":8,"featured_media":12587,"comment_status":"open","ping_status":"open","sticky":false,"template":"","format":"standard","meta":[],"categories":[3305],"tags":[],"yoast_head":"<!-- This site is optimized with the Yoast SEO plugin v18.2 - https:\/\/yoast.com\/wordpress\/plugins\/seo\/ -->\n<meta name=\"robots\" content=\"index, follow, max-snippet:-1, max-image-preview:large, max-video-preview:-1\" \/>\n<link rel=\"canonical\" href=\"https:\/\/www.doppelklicker.de\/blog\/opel-frontera-start-hybrid-electric-extended-range-edition-gs\/\" \/>\n<meta property=\"og:locale\" content=\"de_DE\" \/>\n<meta property=\"og:type\" content=\"article\" \/>\n<meta property=\"og:title\" content=\"Neue Antriebsvarianten reichen vom 1,2-Liter-Turbo bis umweltfreundlicher vollelektrischer Mobilit\u00e4t\" \/>\n<meta property=\"og:description\" content=\"Der Opel Frontera Start punktet mit flexiblem Laderaum f\u00fcr Alltag und Freizeit. Mit umgelegten R\u00fccksitzen im Verh\u00e4ltnis 60:40 w\u00e4chst das Ladevolumen von serienm\u00e4\u00dfigen 460 Litern auf bis zu 1.600 Liter. Ein optionales Komfort-Paket bietet einen doppelten Gep\u00e4ckraumboden sowie Make-up-Spiegel in den Sonnenblenden. Zahlreiche Ablagen in T\u00fcrf\u00e4chern, Mittelkonsole und Armlehne unterst\u00fctzen die Organisation pers\u00f6nlicher Gegenst\u00e4nde. RobusteJetzt alles lesen\" \/>\n<meta property=\"og:url\" content=\"https:\/\/www.doppelklicker.de\/blog\/opel-frontera-start-hybrid-electric-extended-range-edition-gs\/\" \/>\n<meta property=\"og:site_name\" content=\"Aus Mainz.\" \/>\n<meta property=\"article:published_time\" content=\"2026-08-21T07:00:00+00:00\" \/>\n<meta property=\"article:modified_time\" content=\"2026-09-03T12:33:18+00:00\" \/>\n<meta property=\"og:image\" content=\"https:\/\/www.doppelklicker.de\/blog\/wp-content\/uploads\/2026\/09\/opel-fuehrt-neuen-frontera-start-als-preisguenstigen-suv-einstieg-31158.jpg\" \/>\n\t<meta property=\"og:image:width\" content=\"1280\" \/>\n\t<meta property=\"og:image:height\" content=\"615\" \/>\n\t<meta property=\"og:image:type\" content=\"image\/jpeg\" \/>\n<meta name=\"twitter:card\" content=\"summary_large_image\" \/>\n<meta name=\"twitter:label1\" content=\"Verfasst von\" \/>\n\t<meta name=\"twitter:data1\" content=\"Iris Martin\" \/>\n\t<meta name=\"twitter:label2\" content=\"Gesch\u00e4tzte Lesezeit\" \/>\n\t<meta name=\"twitter:data2\" content=\"3 Minuten\" \/>\n<script type=\"application\/ld+json\" class=\"yoast-schema-graph\">{\"@context\":\"https:\/\/schema.org\",\"@graph\":[{\"@type\":\"WebSite\",\"@id\":\"https:\/\/www.doppelklicker.de\/blog\/#website\",\"url\":\"https:\/\/www.doppelklicker.de\/blog\/\",\"name\":\"Aus Mainz.\",\"description\":\"F\u00fcr die Welt.\",\"potentialAction\":[{\"@type\":\"SearchAction\",\"target\":{\"@type\":\"EntryPoint\",\"urlTemplate\":\"https:\/\/www.doppelklicker.de\/blog\/?s={search_term_string}\"},\"query-input\":\"required name=search_term_string\"}],\"inLanguage\":\"de-DE\"},{\"@type\":\"ImageObject\",\"@id\":\"https:\/\/www.doppelklicker.de\/blog\/opel-frontera-start-hybrid-electric-extended-range-edition-gs\/#primaryimage\",\"inLanguage\":\"de-DE\",\"url\":\"https:\/\/www.doppelklicker.de\/blog\/wp-content\/uploads\/2026\/09\/opel-fuehrt-neuen-frontera-start-als-preisguenstigen-suv-einstieg-31158.jpg\",\"contentUrl\":\"https:\/\/www.doppelklicker.de\/blog\/wp-content\/uploads\/2026\/09\/opel-fuehrt-neuen-frontera-start-als-preisguenstigen-suv-einstieg-31158.jpg\",\"width\":1280,\"height\":615,\"caption\":\"Neue Antriebsvarianten reichen vom 1,2-Liter-Turbo bis umweltfreundlicher vollelektrischer Mobilit\u00e4t (Foto: Opel Automobile GmbH)\"},{\"@type\":\"WebPage\",\"@id\":\"https:\/\/www.doppelklicker.de\/blog\/opel-frontera-start-hybrid-electric-extended-range-edition-gs\/#webpage\",\"url\":\"https:\/\/www.doppelklicker.de\/blog\/opel-frontera-start-hybrid-electric-extended-range-edition-gs\/\",\"name\":\"Neue Antriebsvarianten reichen vom 1,2-Liter-Turbo bis umweltfreundlicher vollelektrischer Mobilit\u00e4t\",\"isPartOf\":{\"@id\":\"https:\/\/www.doppelklicker.de\/blog\/#website\"},\"primaryImageOfPage\":{\"@id\":\"https:\/\/www.doppelklicker.de\/blog\/opel-frontera-start-hybrid-electric-extended-range-edition-gs\/#primaryimage\"},\"datePublished\":\"2026-08-21T07:00:00+00:00\",\"dateModified\":\"2026-09-03T12:33:18+00:00\",\"author\":{\"@id\":\"https:\/\/www.doppelklicker.de\/blog\/#\/schema\/person\/08dcac172bdb025e8ff433488184668a\"},\"breadcrumb\":{\"@id\":\"https:\/\/www.doppelklicker.de\/blog\/opel-frontera-start-hybrid-electric-extended-range-edition-gs\/#breadcrumb\"},\"inLanguage\":\"de-DE\",\"potentialAction\":[{\"@type\":\"ReadAction\",\"target\":[\"https:\/\/www.doppelklicker.de\/blog\/opel-frontera-start-hybrid-electric-extended-range-edition-gs\/\"]}]},{\"@type\":\"BreadcrumbList\",\"@id\":\"https:\/\/www.doppelklicker.de\/blog\/opel-frontera-start-hybrid-electric-extended-range-edition-gs\/#breadcrumb\",\"itemListElement\":[{\"@type\":\"ListItem\",\"position\":1,\"name\":\"Startseite\",\"item\":\"https:\/\/www.doppelklicker.de\/blog\/\"},{\"@type\":\"ListItem\",\"position\":2,\"name\":\"Neue Antriebsvarianten reichen vom 1,2-Liter-Turbo bis umweltfreundlicher vollelektrischer Mobilit\u00e4t\"}]},{\"@type\":\"Person\",\"@id\":\"https:\/\/www.doppelklicker.de\/blog\/#\/schema\/person\/08dcac172bdb025e8ff433488184668a\",\"name\":\"Iris Martin\",\"image\":{\"@type\":\"ImageObject\",\"@id\":\"https:\/\/www.doppelklicker.de\/blog\/#personlogo\",\"inLanguage\":\"de-DE\",\"url\":\"https:\/\/secure.gravatar.com\/avatar\/82fdaa093be0b9686b531f99fcb54d15?s=96&d=wp_user_avatar&r=g\",\"contentUrl\":\"https:\/\/secure.gravatar.com\/avatar\/82fdaa093be0b9686b531f99fcb54d15?s=96&d=wp_user_avatar&r=g\",\"caption\":\"Iris Martin\"},\"url\":\"https:\/\/www.doppelklicker.de\/blog\/author\/iris-martin\/\"}]}<\/script>\n<!-- \/ Yoast SEO plugin. -->","yoast_head_json":{"robots":{"index":"index","follow":"follow","max-snippet":"max-snippet:-1","max-image-preview":"max-image-preview:large","max-video-preview":"max-video-preview:-1"},"canonical":"https:\/\/www.doppelklicker.de\/blog\/opel-frontera-start-hybrid-electric-extended-range-edition-gs\/","og_locale":"de_DE","og_type":"article","og_title":"Neue Antriebsvarianten reichen vom 1,2-Liter-Turbo bis umweltfreundlicher vollelektrischer Mobilit\u00e4t","og_description":"Der Opel Frontera Start punktet mit flexiblem Laderaum f\u00fcr Alltag und Freizeit. Mit umgelegten R\u00fccksitzen im Verh\u00e4ltnis 60:40 w\u00e4chst das Ladevolumen von serienm\u00e4\u00dfigen 460 Litern auf bis zu 1.600 Liter. Ein optionales Komfort-Paket bietet einen doppelten Gep\u00e4ckraumboden sowie Make-up-Spiegel in den Sonnenblenden. Zahlreiche Ablagen in T\u00fcrf\u00e4chern, Mittelkonsole und Armlehne unterst\u00fctzen die Organisation pers\u00f6nlicher Gegenst\u00e4nde. RobusteJetzt alles lesen","og_url":"https:\/\/www.doppelklicker.de\/blog\/opel-frontera-start-hybrid-electric-extended-range-edition-gs\/","og_site_name":"Aus Mainz.","article_published_time":"2026-08-21T07:00:00+00:00","article_modified_time":"2026-09-03T12:33:18+00:00","og_image":[{"width":1280,"height":615,"url":"https:\/\/www.doppelklicker.de\/blog\/wp-content\/uploads\/2026\/09\/opel-fuehrt-neuen-frontera-start-als-preisguenstigen-suv-einstieg-31158.jpg","type":"image\/jpeg"}],"twitter_card":"summary_large_image","twitter_misc":{"Verfasst von":"Iris Martin","Gesch\u00e4tzte Lesezeit":"3 Minuten"},"schema":{"@context":"https:\/\/schema.org","@graph":[{"@type":"WebSite","@id":"https:\/\/www.doppelklicker.de\/blog\/#website","url":"https:\/\/www.doppelklicker.de\/blog\/","name":"Aus Mainz.","description":"F\u00fcr die Welt.","potentialAction":[{"@type":"SearchAction","target":{"@type":"EntryPoint","urlTemplate":"https:\/\/www.doppelklicker.de\/blog\/?s={search_term_string}"},"query-input":"required name=search_term_string"}],"inLanguage":"de-DE"},{"@type":"ImageObject","@id":"https:\/\/www.doppelklicker.de\/blog\/opel-frontera-start-hybrid-electric-extended-range-edition-gs\/#primaryimage","inLanguage":"de-DE","url":"https:\/\/www.doppelklicker.de\/blog\/wp-content\/uploads\/2026\/09\/opel-fuehrt-neuen-frontera-start-als-preisguenstigen-suv-einstieg-31158.jpg","contentUrl":"https:\/\/www.doppelklicker.de\/blog\/wp-content\/uploads\/2026\/09\/opel-fuehrt-neuen-frontera-start-als-preisguenstigen-suv-einstieg-31158.jpg","width":1280,"height":615,"caption":"Neue Antriebsvarianten reichen vom 1,2-Liter-Turbo bis umweltfreundlicher vollelektrischer Mobilit\u00e4t (Foto: Opel Automobile GmbH)"},{"@type":"WebPage","@id":"https:\/\/www.doppelklicker.de\/blog\/opel-frontera-start-hybrid-electric-extended-range-edition-gs\/#webpage","url":"https:\/\/www.doppelklicker.de\/blog\/opel-frontera-start-hybrid-electric-extended-range-edition-gs\/","name":"Neue Antriebsvarianten reichen vom 1,2-Liter-Turbo bis umweltfreundlicher vollelektrischer Mobilit\u00e4t","isPartOf":{"@id":"https:\/\/www.doppelklicker.de\/blog\/#website"},"primaryImageOfPage":{"@id":"https:\/\/www.doppelklicker.de\/blog\/opel-frontera-start-hybrid-electric-extended-range-edition-gs\/#primaryimage"},"datePublished":"2026-08-21T07:00:00+00:00","dateModified":"2026-09-03T12:33:18+00:00","author":{"@id":"https:\/\/www.doppelklicker.de\/blog\/#\/schema\/person\/08dcac172bdb025e8ff433488184668a"},"breadcrumb":{"@id":"https:\/\/www.doppelklicker.de\/blog\/opel-frontera-start-hybrid-electric-extended-range-edition-gs\/#breadcrumb"},"inLanguage":"de-DE","potentialAction":[{"@type":"ReadAction","target":["https:\/\/www.doppelklicker.de\/blog\/opel-frontera-start-hybrid-electric-extended-range-edition-gs\/"]}]},{"@type":"BreadcrumbList","@id":"https:\/\/www.doppelklicker.de\/blog\/opel-frontera-start-hybrid-electric-extended-range-edition-gs\/#breadcrumb","itemListElement":[{"@type":"ListItem","position":1,"name":"Startseite","item":"https:\/\/www.doppelklicker.de\/blog\/"},{"@type":"ListItem","position":2,"name":"Neue Antriebsvarianten reichen vom 1,2-Liter-Turbo bis umweltfreundlicher vollelektrischer Mobilit\u00e4t"}]},{"@type":"Person","@id":"https:\/\/www.doppelklicker.de\/blog\/#\/schema\/person\/08dcac172bdb025e8ff433488184668a","name":"Iris Martin","image":{"@type":"ImageObject","@id":"https:\/\/www.doppelklicker.de\/blog\/#personlogo","inLanguage":"de-DE","url":"https:\/\/secure.gravatar.com\/avatar\/82fdaa093be0b9686b531f99fcb54d15?s=96&d=wp_user_avatar&r=g","contentUrl":"https:\/\/secure.gravatar.com\/avatar\/82fdaa093be0b9686b531f99fcb54d15?s=96&d=wp_user_avatar&r=g","caption":"Iris Martin"},"url":"https:\/\/www.doppelklicker.de\/blog\/author\/iris-martin\/"}]}},"_links":{"self":[{"href":"https:\/\/www.doppelklicker.de\/blog\/wp-json\/wp\/v2\/posts\/12589"}],"collection":[{"href":"https:\/\/www.doppelklicker.de\/blog\/wp-json\/wp\/v2\/posts"}],"about":[{"href":"https:\/\/www.doppelklicker.de\/blog\/wp-json\/wp\/v2\/types\/post"}],"author":[{"embeddable":true,"href":"https:\/\/www.doppelklicker.de\/blog\/wp-json\/wp\/v2\/users\/8"}],"replies":[{"embeddable":true,"href":"https:\/\/www.doppelklicker.de\/blog\/wp-json\/wp\/v2\/comments?post=12589"}],"version-history":[{"count":0,"href":"https:\/\/www.doppelklicker.de\/blog\/wp-json\/wp\/v2\/posts\/12589\/revisions"}],"wp:featuredmedia":[{"embeddable":true,"href":"https:\/\/www.doppelklicker.de\/blog\/wp-json\/wp\/v2\/media\/12587"}],"wp:attachment":[{"href":"https:\/\/www.doppelklicker.de\/blog\/wp-json\/wp\/v2\/media?parent=12589"}],"wp:term":[{"taxonomy":"category","embeddable":true,"href":"https:\/\/www.doppelklicker.de\/blog\/wp-json\/wp\/v2\/categories?post=12589"},{"taxonomy":"post_tag","embeddable":true,"href":"https:\/\/www.doppelklicker.de\/blog\/wp-json\/wp\/v2\/tags?post=12589"}],"curies":[{"name":"wp","href":"https:\/\/api.w.org\/{rel}","templated":true}]}}