{"id":12595,"date":"2026-08-10T09:00:00","date_gmt":"2026-08-10T07:00:00","guid":{"rendered":"guid"},"modified":"2026-08-10T09:00:00","modified_gmt":"2026-08-10T07:00:00","slug":"frelo-fahrradmietsystem-in-freiburg","status":"publish","type":"post","link":"https:\/\/www.doppelklicker.de\/blog\/frelo-fahrradmietsystem-in-freiburg\/","title":{"rendered":"Frelo Angebot w\u00e4chst mit 106 Stationen im RVF Gebiet"},"content":{"rendered":"<p>Die Freiburger Verkehrs AG (VAG) und der RVF f\u00fchren im August dreizehn tempor\u00e4re Frelo-Stationen au\u00dferhalb des Stadtkerns ein. Ziel ist es, die Erreichbarkeit von Wohngebieten und Betriebsst\u00e4tten durch Leihr\u00e4der zu verbessern. Im Rahmen eines zw\u00f6lfmonatigen Pilotprojekts werden Fahrten, Ausleihen und Nutzerfrequenz dokumentiert. Die Finanzierung erfolgt \u00fcber Mittel der Stadt Freiburg sowie der FWTM. Nach Ablauf des Jahres werten die Projektpartner die Ergebnisse aus und entscheiden \u00fcber die endg\u00fcltige dauerhafte Integration.<br \/>\n<!--more--><\/p>\n<div id=\"ez-toc-container\" class=\"ez-toc-v2_0_16 counter-hierarchy\">\n<div class=\"ez-toc-title-container\">\n<p class=\"ez-toc-title\">Inhaltsverzeichnis: Das erwartet Sie in diesem Artikel<\/p>\n<span class=\"ez-toc-title-toggle\"><a class=\"ez-toc-pull-right ez-toc-btn ez-toc-btn-xs ez-toc-btn-default ez-toc-toggle\" style=\"display: none;\"><i class=\"ez-toc-glyphicon ez-toc-icon-toggle\"><\/i><\/a><\/span><\/div>\n<nav><ul class=\"ez-toc-list ez-toc-list-level-1\"><li class=\"ez-toc-page-1 ez-toc-heading-level-2\"><a class=\"ez-toc-link ez-toc-heading-1\" href=\"https:\/\/www.doppelklicker.de\/blog\/frelo-fahrradmietsystem-in-freiburg\/#jaehrlicher-probelauf-fuer-13-neue-freiburg-frelo-stationen-beginnt-august\" title=\"J\u00e4hrlicher Probelauf f\u00fcr 13 neue Freiburg Frelo-Stationen beginnt August\">J\u00e4hrlicher Probelauf f\u00fcr 13 neue Freiburg Frelo-Stationen beginnt August<\/a><\/li><li class=\"ez-toc-page-1 ez-toc-heading-level-2\"><a class=\"ez-toc-link ez-toc-heading-2\" href=\"https:\/\/www.doppelklicker.de\/blog\/frelo-fahrradmietsystem-in-freiburg\/#neue-frelo-stationen-an-katholischer-hochschule-und-auwaldstrasse-jetzt-installiert\" title=\"Neue Frelo-Stationen an Katholischer Hochschule und Auwaldstra\u00dfe jetzt installiert\">Neue Frelo-Stationen an Katholischer Hochschule und Auwaldstra\u00dfe jetzt installiert<\/a><\/li><li class=\"ez-toc-page-1 ez-toc-heading-level-2\"><a class=\"ez-toc-link ez-toc-heading-3\" href=\"https:\/\/www.doppelklicker.de\/blog\/frelo-fahrradmietsystem-in-freiburg\/#bergauf-mobil-e-frelos-erleichtern-deutlich-fahrten-im-freiburger-stadtgebiet\" title=\"Bergauf mobil: E-Frelos erleichtern deutlich Fahrten im Freiburger Stadtgebiet\">Bergauf mobil: E-Frelos erleichtern deutlich Fahrten im Freiburger Stadtgebiet<\/a><\/li><li class=\"ez-toc-page-1 ez-toc-heading-level-2\"><a class=\"ez-toc-link ez-toc-heading-4\" href=\"https:\/\/www.doppelklicker.de\/blog\/frelo-fahrradmietsystem-in-freiburg\/#probestationen-laufen-zwoelf-monate-entscheidung-ueber-bestandsaufnahme-folgt\" title=\"Probestationen laufen zw\u00f6lf Monate &#8211; Entscheidung \u00fcber Bestandsaufnahme folgt\">Probestationen laufen zw\u00f6lf Monate &#8211; Entscheidung \u00fcber Bestandsaufnahme folgt<\/a><\/li><li class=\"ez-toc-page-1 ez-toc-heading-level-2\"><a class=\"ez-toc-link ez-toc-heading-5\" href=\"https:\/\/www.doppelklicker.de\/blog\/frelo-fahrradmietsystem-in-freiburg\/#auswahl-der-stationen-erfolgt-nach-buerger-und-firmenrueckmeldungen-sorgfaeltig\" title=\"Auswahl der Stationen erfolgt nach B\u00fcrger- und Firmenr\u00fcckmeldungen sorgf\u00e4ltig\">Auswahl der Stationen erfolgt nach B\u00fcrger- und Firmenr\u00fcckmeldungen sorgf\u00e4ltig<\/a><\/li><li class=\"ez-toc-page-1 ez-toc-heading-level-2\"><a class=\"ez-toc-link ez-toc-heading-6\" href=\"https:\/\/www.doppelklicker.de\/blog\/frelo-fahrradmietsystem-in-freiburg\/#frelo-erweiterung-moeglich-durch-niedrige-kosten-stadt-freiburg-finanziert-zwoelf\" title=\"Frelo-Erweiterung m\u00f6glich durch niedrige Kosten; Stadt Freiburg finanziert zw\u00f6lf\">Frelo-Erweiterung m\u00f6glich durch niedrige Kosten; Stadt Freiburg finanziert zw\u00f6lf<\/a><\/li><li class=\"ez-toc-page-1 ez-toc-heading-level-2\"><a class=\"ez-toc-link ez-toc-heading-7\" href=\"https:\/\/www.doppelklicker.de\/blog\/frelo-fahrradmietsystem-in-freiburg\/#frelo-system-vom-start-2019-bis-2025-stark-deutlich-gewachsen\" title=\"Frelo-System vom Start 2019 bis 2025 stark deutlich gewachsen\">Frelo-System vom Start 2019 bis 2025 stark deutlich gewachsen<\/a><\/li><\/ul><\/nav><\/div>\n<h2><span class=\"ez-toc-section\" id=\"jaehrlicher-probelauf-fuer-13-neue-freiburg-frelo-stationen-beginnt-august\"><\/span>J\u00e4hrlicher Probelauf f\u00fcr 13 neue Freiburg Frelo-Stationen beginnt August<span class=\"ez-toc-section-end\"><\/span><\/h2>\n<p>Die Freiburger Verkehrs AG und der Regio-Verkehrsverbund Freiburg erweitern das Frelo-Fahrradmietnetz ab Anfang August um 13 Pilotstationen. Vorher bestanden 93 Stationen im Innenstadtbereich, nach der Erweiterung stehen insgesamt 106 Entleih- und R\u00fcckgabepunkte im Stadtgebiet zur Verf\u00fcgung. Alle neuen Stationen sollen bis Mitte des Monats aktiviert werden. Im Anschluss wird ein einj\u00e4hriger Testlauf mit fortlaufender Auswertung der Nutzerzahlen und Routenprofile durchgef\u00fchrt, um \u00fcber eine langfristige Integration zu entscheiden.<\/p>\n<h2><span class=\"ez-toc-section\" id=\"neue-frelo-stationen-an-katholischer-hochschule-und-auwaldstrasse-jetzt-installiert\"><\/span>Neue Frelo-Stationen an Katholischer Hochschule und Auwaldstra\u00dfe jetzt installiert<span class=\"ez-toc-section-end\"><\/span><\/h2>\n<p>Das Frelo-Netz in Freiburg w\u00e4chst um 13 Probestationen, die sich von der Hans-Bunte-Stra\u00dfe im Industriegebiet Nord \u00fcber Tennenbacher Platz und Obergasse in St. Georgen bis nach Kappel am Hang erstrecken. Weitere Standorte sind Belchenstra\u00dfe, Els\u00e4sser Stra\u00dfe\/Am Eichb\u00e4chle und Opfinger See. Das erweiterte Angebot umfasst zudem Stationen am Mundenhof-Wirtschaftsgeb\u00e4ude, in Haid West, an der Katholischen Hochschule, Auwaldstra\u00dfe\/Moosgrund, Matthias-Erzberger-Stra\u00dfe und Eschholzstra\u00dfe\/Lehener Stra\u00dfe. Sie alle bieten flexible Ausleih- und R\u00fcckgabem\u00f6glichkeiten f\u00fcr Pendler, Eink\u00e4ufer und Freizeitradler.<\/p>\n<h2><span class=\"ez-toc-section\" id=\"bergauf-mobil-e-frelos-erleichtern-deutlich-fahrten-im-freiburger-stadtgebiet\"><\/span>Bergauf mobil: E-Frelos erleichtern deutlich Fahrten im Freiburger Stadtgebiet<span class=\"ez-toc-section-end\"><\/span><\/h2>\n<p>An steil ansteigenden Rampenabschnitten, etwa in Kappel, werden E-Frelos mit elektrischem Antrieb eingesetzt. Diese Pedelec-Modelle unterst\u00fctzen Fahrer beim Treten und verringern die k\u00f6rperliche Belastung im Steigungsbereich. Durch diese Technikfunktion profitieren sowohl gelegentliche Nutzerinnen als auch Pendler von Komfortabilit\u00e4t und erh\u00f6hter Reichweite. Zudem tr\u00e4gt die elektrische Antriebshilfe zur F\u00f6rderung klimafreundlicher Mobilit\u00e4t bei, indem sie die autofreie Anreise zum Opfinger See oder zum Mundenhof deutlich angenehmer gestaltet und Alltagsausfl\u00fcge noch komfortabler erschlie\u00dft.<\/p>\n<h2><span class=\"ez-toc-section\" id=\"probestationen-laufen-zwoelf-monate-entscheidung-ueber-bestandsaufnahme-folgt\"><\/span>Probestationen laufen zw\u00f6lf Monate &#8211; Entscheidung \u00fcber Bestandsaufnahme folgt<span class=\"ez-toc-section-end\"><\/span><\/h2>\n<p>Die tempor\u00e4re Einrichtung von 13 neuen Frelo-Stationen erfolgt im Rahmen eines einj\u00e4hrigen Evaluationszyklus. W\u00e4hrend dieser Phase sammeln VAG und RVF mit Hilfe digitaler Erfassungssysteme alle relevanten Nutzungsdaten, darunter Anzahl der Ausleihen, bevorzugte Fahrtzeiten sowie zur\u00fcckgelegte Distanzen. Anschlie\u00dfend werden die gesammelten Informationen umfassend ausgewertet. Basierend auf dieser Analyse wird entschieden, welche Stationen langfristig im Verleihnetz bleiben und an welchen Standorten gegebenenfalls das Angebot reduziert wird. So wird das Netz gezielt weiterentwickelt.<\/p>\n<h2><span class=\"ez-toc-section\" id=\"auswahl-der-stationen-erfolgt-nach-buerger-und-firmenrueckmeldungen-sorgfaeltig\"><\/span>Auswahl der Stationen erfolgt nach B\u00fcrger- und Firmenr\u00fcckmeldungen sorgf\u00e4ltig<span class=\"ez-toc-section-end\"><\/span><\/h2>\n<p>B\u00fcrgerpartizipation und Unternehmensberatung haben den Ausschlag zur Standortbestimmung gegeben. Nach Auswertung von Umfrageergebnissen und Mobilit\u00e4tsgespr\u00e4chen mit Firmen entwickelten Stadt Freiburg, VAG und RVF gemeinsam passgenaue Standortpl\u00e4ne. Jedes vorgeschlagene Gebiet wurde hinsichtlich Erreichbarkeit, Nutzerpotenzial und Verkehrsaufkommen analysiert. Das Ergebnis sind radmaschinennahe Stationen in Wohnlagen und Gewerbegebieten, die konsequent auf den realen Bedarf zugeschnitten sind. Diese kooperative Planung gew\u00e4hrleistet eine optimale Einbindung in das regionale Verkehrsnetz.<\/p>\n<h2><span class=\"ez-toc-section\" id=\"frelo-erweiterung-moeglich-durch-niedrige-kosten-stadt-freiburg-finanziert-zwoelf\"><\/span>Frelo-Erweiterung m\u00f6glich durch niedrige Kosten; Stadt Freiburg finanziert zw\u00f6lf<span class=\"ez-toc-section-end\"><\/span><\/h2>\n<p>Die Erweiterung des Frelo-Systems in Freiburg wird zu einem Gro\u00dfteil von der Stadt finanziert, die zw\u00f6lf der dreizehn Probestationen \u00fcber ihre Haushaltsmittel abdeckt und somit den Ausbau vorantreibt. F\u00fcr die verbleibende Station auf der Haid zeichnet sich die Freiburg Wirtschaft Touristik und Messe GmbH &#038; Co. KG (FWTM) als alleinige Kostentr\u00e4gerin verantwortlich. Hintergrund ist die positive Kostenbilanz des etablierten Mietradsystems, dessen Betriebsausgaben geringer ausfielen als in den Planungen veranschlagt. Erfreulich.<\/p>\n<h2><span class=\"ez-toc-section\" id=\"frelo-system-vom-start-2019-bis-2025-stark-deutlich-gewachsen\"><\/span>Frelo-System vom Start 2019 bis 2025 stark deutlich gewachsen<span class=\"ez-toc-section-end\"><\/span><\/h2>\n<p>Innerhalb des RVF-Gebiets vor Ort existieren mehr als 160 Frelo-Stationen, verteilt auf Freiburg, den Landkreis Emmendingen und Breisgau-Hochschwarzwald. Die Flotte setzt sich aus etwa 900 normalen Fahrr\u00e4dern, rund 200 E-Frelos und 22 Lastenfahrr\u00e4dern zusammen. Seit dem Start im Jahr 2019 unter der Federf\u00fchrung von nextbike entwickeln sich die Ausleihzahlen positiv und steigen j\u00e4hrlich. Allein im Jahr 2025 wurden mehr als 816.000 Fahrten \u00fcber das Frelo-Netz abgewickelt.<\/p>\n<p>Im Rahmen eines Pilotprojekts setzen VAG und RVF ab August 13 weitere Frelo-Stationen in Freiburg in Betrieb. Sie verteilen sich auf Wohngebiete, Gewerbeparks und Ziele im Erholungsbereich. Nutzer k\u00f6nnen klassische Fahrr\u00e4der, E-Frelos und Lastenr\u00e4der flexibel ausleihen sowie an den neuen Standorten zur\u00fcckgeben. Die Verkn\u00fcpfung mit Stra\u00dfenbahn und Bus verbessert die Gesamterreichbarkeit. Die einj\u00e4hrige Pilotphase sammelt Daten zu Leihvorg\u00e4ngen und Fahrstrecken, um das Angebot bedarfsgerecht anzupassen und m\u00f6gliche Ausbauoptionen abzuleiten.<\/p>\n","protected":false},"excerpt":{"rendered":"<p>Die Freiburger Verkehrs AG (VAG) und der RVF f\u00fchren im August dreizehn tempor\u00e4re Frelo-Stationen au\u00dferhalb des Stadtkerns ein. Ziel ist es, die Erreichbarkeit von Wohngebieten und Betriebsst\u00e4tten durch Leihr\u00e4der zu verbessern. Im Rahmen eines zw\u00f6lfmonatigen Pilotprojekts werden Fahrten, Ausleihen und Nutzerfrequenz dokumentiert. Die Finanzierung erfolgt \u00fcber Mittel der Stadt Freiburg sowie der FWTM. Nach Ablauf<\/p>\n<div class=\"read-more\"><a href=\"https:\/\/www.doppelklicker.de\/blog\/frelo-fahrradmietsystem-in-freiburg\/\" title=\"Jetzt alles lesen\">Jetzt alles lesen<\/a><\/div>\n","protected":false},"author":8,"featured_media":12602,"comment_status":"open","ping_status":"open","sticky":false,"template":"","format":"standard","meta":[],"categories":[3305],"tags":[],"yoast_head":"<!-- This site is optimized with the Yoast SEO plugin v18.2 - https:\/\/yoast.com\/wordpress\/plugins\/seo\/ -->\n<meta name=\"robots\" content=\"index, follow, max-snippet:-1, max-image-preview:large, max-video-preview:-1\" \/>\n<link rel=\"canonical\" href=\"https:\/\/www.doppelklicker.de\/blog\/frelo-fahrradmietsystem-in-freiburg\/\" \/>\n<meta property=\"og:locale\" content=\"de_DE\" \/>\n<meta property=\"og:type\" content=\"article\" \/>\n<meta property=\"og:title\" content=\"Frelo Angebot w\u00e4chst mit 106 Stationen im RVF Gebiet\" \/>\n<meta property=\"og:description\" content=\"Die Freiburger Verkehrs AG (VAG) und der RVF f\u00fchren im August dreizehn tempor\u00e4re Frelo-Stationen au\u00dferhalb des Stadtkerns ein. Ziel ist es, die Erreichbarkeit von Wohngebieten und Betriebsst\u00e4tten durch Leihr\u00e4der zu verbessern. Im Rahmen eines zw\u00f6lfmonatigen Pilotprojekts werden Fahrten, Ausleihen und Nutzerfrequenz dokumentiert. Die Finanzierung erfolgt \u00fcber Mittel der Stadt Freiburg sowie der FWTM. Nach AblaufJetzt alles lesen\" \/>\n<meta property=\"og:url\" content=\"https:\/\/www.doppelklicker.de\/blog\/frelo-fahrradmietsystem-in-freiburg\/\" \/>\n<meta property=\"og:site_name\" content=\"Aus Mainz.\" \/>\n<meta property=\"article:published_time\" content=\"2026-08-10T07:00:00+00:00\" \/>\n<meta property=\"og:image\" content=\"https:\/\/www.doppelklicker.de\/blog\/wp-content\/uploads\/2026\/09\/vag-und-rvf-erweitern-frelo-system-dreizehn-31173.jpg\" \/>\n\t<meta property=\"og:image:width\" content=\"1280\" \/>\n\t<meta property=\"og:image:height\" content=\"615\" \/>\n\t<meta property=\"og:image:type\" content=\"image\/jpeg\" \/>\n<meta name=\"twitter:card\" content=\"summary_large_image\" \/>\n<meta name=\"twitter:label1\" content=\"Verfasst von\" \/>\n\t<meta name=\"twitter:data1\" content=\"Iris Martin\" \/>\n\t<meta name=\"twitter:label2\" content=\"Gesch\u00e4tzte Lesezeit\" \/>\n\t<meta name=\"twitter:data2\" content=\"4 Minuten\" \/>\n<script type=\"application\/ld+json\" class=\"yoast-schema-graph\">{\"@context\":\"https:\/\/schema.org\",\"@graph\":[{\"@type\":\"WebSite\",\"@id\":\"https:\/\/www.doppelklicker.de\/blog\/#website\",\"url\":\"https:\/\/www.doppelklicker.de\/blog\/\",\"name\":\"Aus Mainz.\",\"description\":\"F\u00fcr die Welt.\",\"potentialAction\":[{\"@type\":\"SearchAction\",\"target\":{\"@type\":\"EntryPoint\",\"urlTemplate\":\"https:\/\/www.doppelklicker.de\/blog\/?s={search_term_string}\"},\"query-input\":\"required name=search_term_string\"}],\"inLanguage\":\"de-DE\"},{\"@type\":\"ImageObject\",\"@id\":\"https:\/\/www.doppelklicker.de\/blog\/frelo-fahrradmietsystem-in-freiburg\/#primaryimage\",\"inLanguage\":\"de-DE\",\"url\":\"https:\/\/www.doppelklicker.de\/blog\/wp-content\/uploads\/2026\/09\/vag-und-rvf-erweitern-frelo-system-dreizehn-31173.jpg\",\"contentUrl\":\"https:\/\/www.doppelklicker.de\/blog\/wp-content\/uploads\/2026\/09\/vag-und-rvf-erweitern-frelo-system-dreizehn-31173.jpg\",\"width\":1280,\"height\":615,\"caption\":\"Frelo Angebot w\u00e4chst mit 106 Stationen im RVF Gebiet (Foto: VAG Freiburg)\"},{\"@type\":\"WebPage\",\"@id\":\"https:\/\/www.doppelklicker.de\/blog\/frelo-fahrradmietsystem-in-freiburg\/#webpage\",\"url\":\"https:\/\/www.doppelklicker.de\/blog\/frelo-fahrradmietsystem-in-freiburg\/\",\"name\":\"Frelo Angebot w\u00e4chst mit 106 Stationen im RVF Gebiet\",\"isPartOf\":{\"@id\":\"https:\/\/www.doppelklicker.de\/blog\/#website\"},\"primaryImageOfPage\":{\"@id\":\"https:\/\/www.doppelklicker.de\/blog\/frelo-fahrradmietsystem-in-freiburg\/#primaryimage\"},\"datePublished\":\"2026-08-10T07:00:00+00:00\",\"dateModified\":\"2026-08-10T07:00:00+00:00\",\"author\":{\"@id\":\"https:\/\/www.doppelklicker.de\/blog\/#\/schema\/person\/08dcac172bdb025e8ff433488184668a\"},\"breadcrumb\":{\"@id\":\"https:\/\/www.doppelklicker.de\/blog\/frelo-fahrradmietsystem-in-freiburg\/#breadcrumb\"},\"inLanguage\":\"de-DE\",\"potentialAction\":[{\"@type\":\"ReadAction\",\"target\":[\"https:\/\/www.doppelklicker.de\/blog\/frelo-fahrradmietsystem-in-freiburg\/\"]}]},{\"@type\":\"BreadcrumbList\",\"@id\":\"https:\/\/www.doppelklicker.de\/blog\/frelo-fahrradmietsystem-in-freiburg\/#breadcrumb\",\"itemListElement\":[{\"@type\":\"ListItem\",\"position\":1,\"name\":\"Startseite\",\"item\":\"https:\/\/www.doppelklicker.de\/blog\/\"},{\"@type\":\"ListItem\",\"position\":2,\"name\":\"Frelo Angebot w\u00e4chst mit 106 Stationen im RVF Gebiet\"}]},{\"@type\":\"Person\",\"@id\":\"https:\/\/www.doppelklicker.de\/blog\/#\/schema\/person\/08dcac172bdb025e8ff433488184668a\",\"name\":\"Iris Martin\",\"image\":{\"@type\":\"ImageObject\",\"@id\":\"https:\/\/www.doppelklicker.de\/blog\/#personlogo\",\"inLanguage\":\"de-DE\",\"url\":\"https:\/\/secure.gravatar.com\/avatar\/82fdaa093be0b9686b531f99fcb54d15?s=96&d=wp_user_avatar&r=g\",\"contentUrl\":\"https:\/\/secure.gravatar.com\/avatar\/82fdaa093be0b9686b531f99fcb54d15?s=96&d=wp_user_avatar&r=g\",\"caption\":\"Iris Martin\"},\"url\":\"https:\/\/www.doppelklicker.de\/blog\/author\/iris-martin\/\"}]}<\/script>\n<!-- \/ Yoast SEO plugin. -->","yoast_head_json":{"robots":{"index":"index","follow":"follow","max-snippet":"max-snippet:-1","max-image-preview":"max-image-preview:large","max-video-preview":"max-video-preview:-1"},"canonical":"https:\/\/www.doppelklicker.de\/blog\/frelo-fahrradmietsystem-in-freiburg\/","og_locale":"de_DE","og_type":"article","og_title":"Frelo Angebot w\u00e4chst mit 106 Stationen im RVF Gebiet","og_description":"Die Freiburger Verkehrs AG (VAG) und der RVF f\u00fchren im August dreizehn tempor\u00e4re Frelo-Stationen au\u00dferhalb des Stadtkerns ein. Ziel ist es, die Erreichbarkeit von Wohngebieten und Betriebsst\u00e4tten durch Leihr\u00e4der zu verbessern. Im Rahmen eines zw\u00f6lfmonatigen Pilotprojekts werden Fahrten, Ausleihen und Nutzerfrequenz dokumentiert. Die Finanzierung erfolgt \u00fcber Mittel der Stadt Freiburg sowie der FWTM. Nach AblaufJetzt alles lesen","og_url":"https:\/\/www.doppelklicker.de\/blog\/frelo-fahrradmietsystem-in-freiburg\/","og_site_name":"Aus Mainz.","article_published_time":"2026-08-10T07:00:00+00:00","og_image":[{"width":1280,"height":615,"url":"https:\/\/www.doppelklicker.de\/blog\/wp-content\/uploads\/2026\/09\/vag-und-rvf-erweitern-frelo-system-dreizehn-31173.jpg","type":"image\/jpeg"}],"twitter_card":"summary_large_image","twitter_misc":{"Verfasst von":"Iris Martin","Gesch\u00e4tzte Lesezeit":"4 Minuten"},"schema":{"@context":"https:\/\/schema.org","@graph":[{"@type":"WebSite","@id":"https:\/\/www.doppelklicker.de\/blog\/#website","url":"https:\/\/www.doppelklicker.de\/blog\/","name":"Aus Mainz.","description":"F\u00fcr die Welt.","potentialAction":[{"@type":"SearchAction","target":{"@type":"EntryPoint","urlTemplate":"https:\/\/www.doppelklicker.de\/blog\/?s={search_term_string}"},"query-input":"required name=search_term_string"}],"inLanguage":"de-DE"},{"@type":"ImageObject","@id":"https:\/\/www.doppelklicker.de\/blog\/frelo-fahrradmietsystem-in-freiburg\/#primaryimage","inLanguage":"de-DE","url":"https:\/\/www.doppelklicker.de\/blog\/wp-content\/uploads\/2026\/09\/vag-und-rvf-erweitern-frelo-system-dreizehn-31173.jpg","contentUrl":"https:\/\/www.doppelklicker.de\/blog\/wp-content\/uploads\/2026\/09\/vag-und-rvf-erweitern-frelo-system-dreizehn-31173.jpg","width":1280,"height":615,"caption":"Frelo Angebot w\u00e4chst mit 106 Stationen im RVF Gebiet (Foto: VAG Freiburg)"},{"@type":"WebPage","@id":"https:\/\/www.doppelklicker.de\/blog\/frelo-fahrradmietsystem-in-freiburg\/#webpage","url":"https:\/\/www.doppelklicker.de\/blog\/frelo-fahrradmietsystem-in-freiburg\/","name":"Frelo Angebot w\u00e4chst mit 106 Stationen im RVF Gebiet","isPartOf":{"@id":"https:\/\/www.doppelklicker.de\/blog\/#website"},"primaryImageOfPage":{"@id":"https:\/\/www.doppelklicker.de\/blog\/frelo-fahrradmietsystem-in-freiburg\/#primaryimage"},"datePublished":"2026-08-10T07:00:00+00:00","dateModified":"2026-08-10T07:00:00+00:00","author":{"@id":"https:\/\/www.doppelklicker.de\/blog\/#\/schema\/person\/08dcac172bdb025e8ff433488184668a"},"breadcrumb":{"@id":"https:\/\/www.doppelklicker.de\/blog\/frelo-fahrradmietsystem-in-freiburg\/#breadcrumb"},"inLanguage":"de-DE","potentialAction":[{"@type":"ReadAction","target":["https:\/\/www.doppelklicker.de\/blog\/frelo-fahrradmietsystem-in-freiburg\/"]}]},{"@type":"BreadcrumbList","@id":"https:\/\/www.doppelklicker.de\/blog\/frelo-fahrradmietsystem-in-freiburg\/#breadcrumb","itemListElement":[{"@type":"ListItem","position":1,"name":"Startseite","item":"https:\/\/www.doppelklicker.de\/blog\/"},{"@type":"ListItem","position":2,"name":"Frelo Angebot w\u00e4chst mit 106 Stationen im RVF Gebiet"}]},{"@type":"Person","@id":"https:\/\/www.doppelklicker.de\/blog\/#\/schema\/person\/08dcac172bdb025e8ff433488184668a","name":"Iris Martin","image":{"@type":"ImageObject","@id":"https:\/\/www.doppelklicker.de\/blog\/#personlogo","inLanguage":"de-DE","url":"https:\/\/secure.gravatar.com\/avatar\/82fdaa093be0b9686b531f99fcb54d15?s=96&d=wp_user_avatar&r=g","contentUrl":"https:\/\/secure.gravatar.com\/avatar\/82fdaa093be0b9686b531f99fcb54d15?s=96&d=wp_user_avatar&r=g","caption":"Iris Martin"},"url":"https:\/\/www.doppelklicker.de\/blog\/author\/iris-martin\/"}]}},"_links":{"self":[{"href":"https:\/\/www.doppelklicker.de\/blog\/wp-json\/wp\/v2\/posts\/12595"}],"collection":[{"href":"https:\/\/www.doppelklicker.de\/blog\/wp-json\/wp\/v2\/posts"}],"about":[{"href":"https:\/\/www.doppelklicker.de\/blog\/wp-json\/wp\/v2\/types\/post"}],"author":[{"embeddable":true,"href":"https:\/\/www.doppelklicker.de\/blog\/wp-json\/wp\/v2\/users\/8"}],"replies":[{"embeddable":true,"href":"https:\/\/www.doppelklicker.de\/blog\/wp-json\/wp\/v2\/comments?post=12595"}],"version-history":[{"count":0,"href":"https:\/\/www.doppelklicker.de\/blog\/wp-json\/wp\/v2\/posts\/12595\/revisions"}],"wp:featuredmedia":[{"embeddable":true,"href":"https:\/\/www.doppelklicker.de\/blog\/wp-json\/wp\/v2\/media\/12602"}],"wp:attachment":[{"href":"https:\/\/www.doppelklicker.de\/blog\/wp-json\/wp\/v2\/media?parent=12595"}],"wp:term":[{"taxonomy":"category","embeddable":true,"href":"https:\/\/www.doppelklicker.de\/blog\/wp-json\/wp\/v2\/categories?post=12595"},{"taxonomy":"post_tag","embeddable":true,"href":"https:\/\/www.doppelklicker.de\/blog\/wp-json\/wp\/v2\/tags?post=12595"}],"curies":[{"name":"wp","href":"https:\/\/api.w.org\/{rel}","templated":true}]}}