{"id":12614,"date":"2026-08-06T09:00:00","date_gmt":"2026-08-06T07:00:00","guid":{"rendered":"guid"},"modified":"2026-09-05T11:10:31","modified_gmt":"2026-09-05T11:10:31","slug":"opel-gse-formula-e-team-verpflichtet-theo-pourchaire-fuer-gen4-einstieg","status":"publish","type":"post","link":"https:\/\/www.doppelklicker.de\/blog\/opel-gse-formula-e-team-verpflichtet-theo-pourchaire-fuer-gen4-einstieg\/","title":{"rendered":"Opel verpflichtet Formel-2-Champion Theo Pourchaire als ersten neuen GSE-Stammpiloten"},"content":{"rendered":"<p>Opel verpflichtet Formel-2-Champion Theo Pourchaire als ersten festangestellten Fahrer f\u00fcr sein neues GSE Formula E Team. Mit dem modernen GEN4-Prototyp GSE 27FE startet der 22-J\u00e4hrige in die ABB-FIA-Formel-E-Weltmeisterschaft. Das Motorsportprogramm von Opel kombiniert leistungsstarke Elektromobilit\u00e4t mit systematischer Entwicklungsarbeit am Pr\u00fcfstand, umfassenden Simulator-Sitzungen sowie bew\u00e4hrter Jugendf\u00f6rderung. Ziel ist eine optimale Fahrzeugabstimmung auf den Saisonstart im Dezember 2026 und das Etablieren einer klaren Rennstrategie. Teamspirit, technische Kompetenz und Konzepte stehen dabei im Fokus.<br \/>\n<!--more--><\/p>\n<div id=\"ez-toc-container\" class=\"ez-toc-v2_0_16 counter-hierarchy\">\n<div class=\"ez-toc-title-container\">\n<p class=\"ez-toc-title\">Inhaltsverzeichnis: Das erwartet Sie in diesem Artikel<\/p>\n<span class=\"ez-toc-title-toggle\"><a class=\"ez-toc-pull-right ez-toc-btn ez-toc-btn-xs ez-toc-btn-default ez-toc-toggle\" style=\"display: none;\"><i class=\"ez-toc-glyphicon ez-toc-icon-toggle\"><\/i><\/a><\/span><\/div>\n<nav><ul class=\"ez-toc-list ez-toc-list-level-1\"><li class=\"ez-toc-page-1 ez-toc-heading-level-2\"><a class=\"ez-toc-link ez-toc-heading-1\" href=\"https:\/\/www.doppelklicker.de\/blog\/opel-gse-formula-e-team-verpflichtet-theo-pourchaire-fuer-gen4-einstieg\/#opel-verpflichtet-theo-pourchaire-als-ersten-stammfahrer-im-formel-e-team\" title=\"Opel verpflichtet Theo Pourchaire als ersten Stammfahrer im Formel-E-Team\">Opel verpflichtet Theo Pourchaire als ersten Stammfahrer im Formel-E-Team<\/a><\/li><li class=\"ez-toc-page-1 ez-toc-heading-level-2\"><a class=\"ez-toc-link ez-toc-heading-2\" href=\"https:\/\/www.doppelklicker.de\/blog\/opel-gse-formula-e-team-verpflichtet-theo-pourchaire-fuer-gen4-einstieg\/#pourchaire-begruesst-opel-gse-formula-e-team-als-karrieresprung\" title=\"Pourchaire begr\u00fc\u00dft Opel GSE Formula E Team als Karrieresprung\">Pourchaire begr\u00fc\u00dft Opel GSE Formula E Team als Karrieresprung<\/a><\/li><li class=\"ez-toc-page-1 ez-toc-heading-level-2\"><a class=\"ez-toc-link ez-toc-heading-3\" href=\"https:\/\/www.doppelklicker.de\/blog\/opel-gse-formula-e-team-verpflichtet-theo-pourchaire-fuer-gen4-einstieg\/#pourchaire-startet-vorbereitung-mit-gse-27fe-vor-saisonbeginn-2026\" title=\"Pourchaire startet Vorbereitung mit GSE 27FE vor Saisonbeginn 2026\">Pourchaire startet Vorbereitung mit GSE 27FE vor Saisonbeginn 2026<\/a><\/li><li class=\"ez-toc-page-1 ez-toc-heading-level-2\"><a class=\"ez-toc-link ez-toc-heading-4\" href=\"https:\/\/www.doppelklicker.de\/blog\/opel-gse-formula-e-team-verpflichtet-theo-pourchaire-fuer-gen4-einstieg\/#schrott-lobt-pourchaires-technikverstaendnis-speed-und-anpassungsfaehigkeit-im-gen4-projekt\" title=\"Schrott lobt Pourchaires Technikverst\u00e4ndnis, Speed und Anpassungsf\u00e4higkeit im GEN4-Projekt\">Schrott lobt Pourchaires Technikverst\u00e4ndnis, Speed und Anpassungsf\u00e4higkeit im GEN4-Projekt<\/a><\/li><li class=\"ez-toc-page-1 ez-toc-heading-level-2\"><a class=\"ez-toc-link ez-toc-heading-5\" href=\"https:\/\/www.doppelklicker.de\/blog\/opel-gse-formula-e-team-verpflichtet-theo-pourchaire-fuer-gen4-einstieg\/#pourchaire-erster-stammfahrer-im-opel-gse-formula-e-team\" title=\"Pourchaire erster Stammfahrer im Opel GSE Formula E Team\">Pourchaire erster Stammfahrer im Opel GSE Formula E Team<\/a><\/li><li class=\"ez-toc-page-1 ez-toc-heading-level-2\"><a class=\"ez-toc-link ez-toc-heading-6\" href=\"https:\/\/www.doppelklicker.de\/blog\/opel-gse-formula-e-team-verpflichtet-theo-pourchaire-fuer-gen4-einstieg\/#opel-motorsport-baut-nachwuchstalente-systematisch-mit-young-drivers-programm-erfolgreich-aus\" title=\"Opel Motorsport baut Nachwuchstalente systematisch mit Young-Drivers-Programm erfolgreich aus\">Opel Motorsport baut Nachwuchstalente systematisch mit Young-Drivers-Programm erfolgreich aus<\/a><\/li><\/ul><\/nav><\/div>\n<h2><span class=\"ez-toc-section\" id=\"opel-verpflichtet-theo-pourchaire-als-ersten-stammfahrer-im-formel-e-team\"><\/span>Opel verpflichtet Theo Pourchaire als ersten Stammfahrer im Formel-E-Team<span class=\"ez-toc-section-end\"><\/span><\/h2>\n<div id=\"attachment_12610\" style=\"width: 760px\" class=\"wp-caption alignleft\"><img aria-describedby=\"caption-attachment-12610\" loading=\"lazy\" src=\"https:\/\/www.doppelklicker.de\/wp-content\/uploads\/2026\/09\/27fe-31181.jpg\" alt=\"Opel GSE 27FE (Foto: Opel Automobile GmbH)\" width=\"750\" height=\"600\" class=\"size-full wp-image-12610\" \/><p id=\"caption-attachment-12610\" class=\"wp-caption-text\">Opel GSE 27FE (Foto: Opel Automobile GmbH)<\/p><\/div>\n<p>Opel verpflichtet den 22-j\u00e4hrigen Formel-2-Champion Theo Pourchaire als ersten Stammpiloten im neuen GSE Formula E Team. Ab Dezember 2026 startet er gemeinsam mit dem GEN4-Prototyp GSE 27FE in Saudi-Arabien. Das Fahrzeug bietet \u00fcber 800 PS und Allradantrieb, um Beschleunigung und Traktion optimal zu optimieren. Die Integration von Energiemanagementsystemen soll neue Performance-Standards im elektrischen Motorsport setzen. Pourchaire arbeitet im Pr\u00fcfstand und Simulator an Fahrzeugabstimmung, um schnelle Lernkurven und Rennperformance zu sichern.<\/p>\n<h2><span class=\"ez-toc-section\" id=\"pourchaire-begruesst-opel-gse-formula-e-team-als-karrieresprung\"><\/span>Pourchaire begr\u00fc\u00dft Opel GSE Formula E Team als Karrieresprung<span class=\"ez-toc-section-end\"><\/span><\/h2>\n<p>Der junge Formel-2-Champion beschreibt seinen Wechsel zum Opel GSE Formula E Team als ausgezeichnete Gelegenheit, seine Karriere in der Elektromobilit\u00e4t fortzusetzen. Er unterstreicht, dass die leistungsstarke GEN4-Fahrzeuggeneration mit Allradantrieb, erh\u00f6hter Motorleistung und beeindruckender Beschleunigung optimal auf seine bisherigen Erfahrungen in der Formel 2 abgestimmt ist. Sein prim\u00e4res Ziel besteht darin, rasch zu lernen, sich individuell weiterzuentwickeln und vom ersten Tag maximale Einsatzbereitschaft zu zeigen und Erfolge im Motorsport zu erzielen.<\/p>\n<h2><span class=\"ez-toc-section\" id=\"pourchaire-startet-vorbereitung-mit-gse-27fe-vor-saisonbeginn-2026\"><\/span>Pourchaire startet Vorbereitung mit GSE 27FE vor Saisonbeginn 2026<span class=\"ez-toc-section-end\"><\/span><\/h2>\n<p>Bis zum Saisonauftakt in Saudi-Arabien am 18. und 19. Dezember 2026 fokussiert der Pilot seine Expertise auf das systematische Entwicklungsprogramm des GSE 27FE. Dabei gliedert sich der Zeitplan in eine straffe Abfolge: Zun\u00e4chst erfolgen zahlreiche Pr\u00fcfstandl\u00e4ufe zur Validierung der Elektromotor-Performance, anschlie\u00dfend intensive Simulator-Sitzungen zur Abstimmung von Fahrdynamik und Energiemanagement, gefolgt von realen Testeins\u00e4tzen auf ausgew\u00e4hlten Rennstrecken. Ziel ist eine pr\u00e4zise Fahrzeugoptimierung f\u00fcr Spitzenleistungen, unterst\u00fctzt durch Datenerfassung und Analyse pr\u00e4ziser Abstimmungen.<\/p>\n<h2><span class=\"ez-toc-section\" id=\"schrott-lobt-pourchaires-technikverstaendnis-speed-und-anpassungsfaehigkeit-im-gen4-projekt\"><\/span>Schrott lobt Pourchaires Technikverst\u00e4ndnis, Speed und Anpassungsf\u00e4higkeit im GEN4-Projekt<span class=\"ez-toc-section-end\"><\/span><\/h2>\n<div id=\"attachment_12611\" style=\"width: 760px\" class=\"wp-caption alignleft\"><img aria-describedby=\"caption-attachment-12611\" loading=\"lazy\" src=\"https:\/\/www.doppelklicker.de\/wp-content\/uploads\/2026\/09\/27fe-31182.jpg\" alt=\"Opel GSE 27FE (Foto: Opel Automobile GmbH)\" width=\"750\" height=\"600\" class=\"size-full wp-image-12611\" \/><p id=\"caption-attachment-12611\" class=\"wp-caption-text\">Opel GSE 27FE (Foto: Opel Automobile GmbH)<\/p><\/div>\n<p>J\u00f6rg Schrott hebt hervor, dass Theo Pourchaire dank seines umfassenden technischen Verst\u00e4ndnisses, seiner au\u00dfergew\u00f6hnlichen Geschwindigkeit und Anpassungsf\u00e4higkeit optimal in das GEN4-Programm integriert werden kann. Der junge Franzose hat in verschiedenen Nachwuchskategorien Titel errungen und bringt das erforderliche Mindset f\u00fcr Spitzenleistungen mit. Erste gemeinsame Entwicklungsphasen belegen sein pr\u00e4zises fachliches Feedback. Zudem zeigt er Gelassenheit in kritischen Momenten, beweist unerm\u00fcdlichen Ehrgeiz und treibt seine kontinuierliche Leistungssteigerung voran und f\u00f6rdert damit den Erfolg.<\/p>\n<h2><span class=\"ez-toc-section\" id=\"pourchaire-erster-stammfahrer-im-opel-gse-formula-e-team\"><\/span>Pourchaire erster Stammfahrer im Opel GSE Formula E Team<span class=\"ez-toc-section-end\"><\/span><\/h2>\n<p>Im GSE Formula E Team wurde Theo Pourchaire als erster von zwei Stammfahrern verpflichtet. Zus\u00e4tzlich unterst\u00fctzt Sophia Fl\u00f6rsch das Werksteam in der Rolle als Test- und Entwicklungsfahrerin und sammelt dabei wertvolle Erfahrungen in Simulator-Sessions sowie bei realen Testeins\u00e4tzen. Der umfassende FIA-Formel-E-Kalender 2026\/27 beinhaltet insgesamt 21 Rennen auf vier Kontinenten. Ein besonderes Highlight ist das Heimrennen in Berlin, das am 8. und 9. Mai 2027 ausgetragen wird, mit spannenden attraktiven Fan-Aktionen.<\/p>\n<h2><span class=\"ez-toc-section\" id=\"opel-motorsport-baut-nachwuchstalente-systematisch-mit-young-drivers-programm-erfolgreich-aus\"><\/span>Opel Motorsport baut Nachwuchstalente systematisch mit Young-Drivers-Programm erfolgreich aus<span class=\"ez-toc-section-end\"><\/span><\/h2>\n<p>Opel Motorsport verf\u00fcgt \u00fcber eine langj\u00e4hrige Tradition beim Entdecken und F\u00f6rdern vielversprechender Talente. Das Young-Drivers-Programm bietet Nachwuchspilotinnen und Piloten strukturierte Ausbildungsabschnitte sowie gezielte Coachings, um technische F\u00e4higkeiten und Wettkampferfahrung kontinuierlich zu optimieren. Durch die aktive Einbindung von Theo Pourchaire in die Entwicklung der neuen GEN4-Boliden demonstriert Opel sein Bestreben, junge Rennfahrer systematisch an den technischen Fortschritt der Elektromobilit\u00e4t heranzuf\u00fchren und so die Zukunft des Motorsports nachhaltig zu gestalten. Innovativ erfolgreich.<\/p>\n<p>Durch die enge Verzahnung aus hochmoderner GEN4-Technologie, leistungsstarken Allradaggregaten mit 800 PS sowie fundiertem Know-how und methodischer F\u00f6rderung schaffen Opel und Theo Pourchaire optimale Voraussetzungen f\u00fcr nachhaltiges Rennergebnis. Die systematische Entwicklungsarbeit im Pr\u00fcfstand und Simulator, kombiniert mit praxisnahen Testeins\u00e4tzen, garantiert eine pr\u00e4zise Fahrzeugabstimmung. Die Vielfalt aus technischer H\u00f6chstleistung, fokussierter Nachwuchsf\u00f6rderung und strategischer Performance bildet die Basis f\u00fcr eine langfristige Erfolgsperspektive in der ABB-FIA-Formel-E-Weltmeisterschaft und zielgerichteter Innovationskraft sichern die k\u00fcnftige Wettbewerbsf\u00e4higkeit.<\/p>\n","protected":false},"excerpt":{"rendered":"<p>Opel verpflichtet Formel-2-Champion Theo Pourchaire als ersten festangestellten Fahrer f\u00fcr sein neues GSE Formula E Team. Mit dem modernen GEN4-Prototyp GSE 27FE startet der 22-J\u00e4hrige in die ABB-FIA-Formel-E-Weltmeisterschaft. Das Motorsportprogramm von Opel kombiniert leistungsstarke Elektromobilit\u00e4t mit systematischer Entwicklungsarbeit am Pr\u00fcfstand, umfassenden Simulator-Sitzungen sowie bew\u00e4hrter Jugendf\u00f6rderung. Ziel ist eine optimale Fahrzeugabstimmung auf den Saisonstart im Dezember<\/p>\n<div class=\"read-more\"><a href=\"https:\/\/www.doppelklicker.de\/blog\/opel-gse-formula-e-team-verpflichtet-theo-pourchaire-fuer-gen4-einstieg\/\" title=\"Jetzt alles lesen\">Jetzt alles lesen<\/a><\/div>\n","protected":false},"author":8,"featured_media":12612,"comment_status":"open","ping_status":"open","sticky":false,"template":"","format":"standard","meta":[],"categories":[3305],"tags":[],"yoast_head":"<!-- This site is optimized with the Yoast SEO plugin v18.2 - https:\/\/yoast.com\/wordpress\/plugins\/seo\/ -->\n<meta name=\"robots\" content=\"index, follow, max-snippet:-1, max-image-preview:large, max-video-preview:-1\" \/>\n<link rel=\"canonical\" href=\"https:\/\/www.doppelklicker.de\/blog\/opel-gse-formula-e-team-verpflichtet-theo-pourchaire-fuer-gen4-einstieg\/\" \/>\n<meta property=\"og:locale\" content=\"de_DE\" \/>\n<meta property=\"og:type\" content=\"article\" \/>\n<meta property=\"og:title\" content=\"Opel verpflichtet Formel-2-Champion Theo Pourchaire als ersten neuen GSE-Stammpiloten\" \/>\n<meta property=\"og:description\" content=\"Opel verpflichtet Formel-2-Champion Theo Pourchaire als ersten festangestellten Fahrer f\u00fcr sein neues GSE Formula E Team. Mit dem modernen GEN4-Prototyp GSE 27FE startet der 22-J\u00e4hrige in die ABB-FIA-Formel-E-Weltmeisterschaft. Das Motorsportprogramm von Opel kombiniert leistungsstarke Elektromobilit\u00e4t mit systematischer Entwicklungsarbeit am Pr\u00fcfstand, umfassenden Simulator-Sitzungen sowie bew\u00e4hrter Jugendf\u00f6rderung. Ziel ist eine optimale Fahrzeugabstimmung auf den Saisonstart im DezemberJetzt alles lesen\" \/>\n<meta property=\"og:url\" content=\"https:\/\/www.doppelklicker.de\/blog\/opel-gse-formula-e-team-verpflichtet-theo-pourchaire-fuer-gen4-einstieg\/\" \/>\n<meta property=\"og:site_name\" content=\"Aus Mainz.\" \/>\n<meta property=\"article:published_time\" content=\"2026-08-06T07:00:00+00:00\" \/>\n<meta property=\"article:modified_time\" content=\"2026-09-05T11:10:31+00:00\" \/>\n<meta property=\"og:image\" content=\"https:\/\/www.doppelklicker.de\/blog\/wp-content\/uploads\/2026\/09\/opel-verpflichtet-formel-2-champion-theo-pourchaire-als-ersten-neuen-31183.jpg\" \/>\n\t<meta property=\"og:image:width\" content=\"1280\" \/>\n\t<meta property=\"og:image:height\" content=\"615\" \/>\n\t<meta property=\"og:image:type\" content=\"image\/jpeg\" \/>\n<meta name=\"twitter:card\" content=\"summary_large_image\" \/>\n<meta name=\"twitter:label1\" content=\"Verfasst von\" \/>\n\t<meta name=\"twitter:data1\" content=\"Iris Martin\" \/>\n\t<meta name=\"twitter:label2\" content=\"Gesch\u00e4tzte Lesezeit\" \/>\n\t<meta name=\"twitter:data2\" content=\"3 Minuten\" \/>\n<script type=\"application\/ld+json\" class=\"yoast-schema-graph\">{\"@context\":\"https:\/\/schema.org\",\"@graph\":[{\"@type\":\"WebSite\",\"@id\":\"https:\/\/www.doppelklicker.de\/blog\/#website\",\"url\":\"https:\/\/www.doppelklicker.de\/blog\/\",\"name\":\"Aus Mainz.\",\"description\":\"F\u00fcr die Welt.\",\"potentialAction\":[{\"@type\":\"SearchAction\",\"target\":{\"@type\":\"EntryPoint\",\"urlTemplate\":\"https:\/\/www.doppelklicker.de\/blog\/?s={search_term_string}\"},\"query-input\":\"required name=search_term_string\"}],\"inLanguage\":\"de-DE\"},{\"@type\":\"ImageObject\",\"@id\":\"https:\/\/www.doppelklicker.de\/blog\/opel-gse-formula-e-team-verpflichtet-theo-pourchaire-fuer-gen4-einstieg\/#primaryimage\",\"inLanguage\":\"de-DE\",\"url\":\"https:\/\/www.doppelklicker.de\/blog\/wp-content\/uploads\/2026\/09\/opel-verpflichtet-formel-2-champion-theo-pourchaire-als-ersten-neuen-31183.jpg\",\"contentUrl\":\"https:\/\/www.doppelklicker.de\/blog\/wp-content\/uploads\/2026\/09\/opel-verpflichtet-formel-2-champion-theo-pourchaire-als-ersten-neuen-31183.jpg\",\"width\":1280,\"height\":615,\"caption\":\"Opel verpflichtet Formel-2-Champion Theo Pourchaire als ersten neuen GSE-Stammpiloten (Foto: Opel Automobile GmbH)\"},{\"@type\":\"WebPage\",\"@id\":\"https:\/\/www.doppelklicker.de\/blog\/opel-gse-formula-e-team-verpflichtet-theo-pourchaire-fuer-gen4-einstieg\/#webpage\",\"url\":\"https:\/\/www.doppelklicker.de\/blog\/opel-gse-formula-e-team-verpflichtet-theo-pourchaire-fuer-gen4-einstieg\/\",\"name\":\"Opel verpflichtet Formel-2-Champion Theo Pourchaire als ersten neuen GSE-Stammpiloten\",\"isPartOf\":{\"@id\":\"https:\/\/www.doppelklicker.de\/blog\/#website\"},\"primaryImageOfPage\":{\"@id\":\"https:\/\/www.doppelklicker.de\/blog\/opel-gse-formula-e-team-verpflichtet-theo-pourchaire-fuer-gen4-einstieg\/#primaryimage\"},\"datePublished\":\"2026-08-06T07:00:00+00:00\",\"dateModified\":\"2026-09-05T11:10:31+00:00\",\"author\":{\"@id\":\"https:\/\/www.doppelklicker.de\/blog\/#\/schema\/person\/08dcac172bdb025e8ff433488184668a\"},\"breadcrumb\":{\"@id\":\"https:\/\/www.doppelklicker.de\/blog\/opel-gse-formula-e-team-verpflichtet-theo-pourchaire-fuer-gen4-einstieg\/#breadcrumb\"},\"inLanguage\":\"de-DE\",\"potentialAction\":[{\"@type\":\"ReadAction\",\"target\":[\"https:\/\/www.doppelklicker.de\/blog\/opel-gse-formula-e-team-verpflichtet-theo-pourchaire-fuer-gen4-einstieg\/\"]}]},{\"@type\":\"BreadcrumbList\",\"@id\":\"https:\/\/www.doppelklicker.de\/blog\/opel-gse-formula-e-team-verpflichtet-theo-pourchaire-fuer-gen4-einstieg\/#breadcrumb\",\"itemListElement\":[{\"@type\":\"ListItem\",\"position\":1,\"name\":\"Startseite\",\"item\":\"https:\/\/www.doppelklicker.de\/blog\/\"},{\"@type\":\"ListItem\",\"position\":2,\"name\":\"Opel verpflichtet Formel-2-Champion Theo Pourchaire als ersten neuen GSE-Stammpiloten\"}]},{\"@type\":\"Person\",\"@id\":\"https:\/\/www.doppelklicker.de\/blog\/#\/schema\/person\/08dcac172bdb025e8ff433488184668a\",\"name\":\"Iris Martin\",\"image\":{\"@type\":\"ImageObject\",\"@id\":\"https:\/\/www.doppelklicker.de\/blog\/#personlogo\",\"inLanguage\":\"de-DE\",\"url\":\"https:\/\/secure.gravatar.com\/avatar\/82fdaa093be0b9686b531f99fcb54d15?s=96&d=wp_user_avatar&r=g\",\"contentUrl\":\"https:\/\/secure.gravatar.com\/avatar\/82fdaa093be0b9686b531f99fcb54d15?s=96&d=wp_user_avatar&r=g\",\"caption\":\"Iris Martin\"},\"url\":\"https:\/\/www.doppelklicker.de\/blog\/author\/iris-martin\/\"}]}<\/script>\n<!-- \/ Yoast SEO plugin. -->","yoast_head_json":{"robots":{"index":"index","follow":"follow","max-snippet":"max-snippet:-1","max-image-preview":"max-image-preview:large","max-video-preview":"max-video-preview:-1"},"canonical":"https:\/\/www.doppelklicker.de\/blog\/opel-gse-formula-e-team-verpflichtet-theo-pourchaire-fuer-gen4-einstieg\/","og_locale":"de_DE","og_type":"article","og_title":"Opel verpflichtet Formel-2-Champion Theo Pourchaire als ersten neuen GSE-Stammpiloten","og_description":"Opel verpflichtet Formel-2-Champion Theo Pourchaire als ersten festangestellten Fahrer f\u00fcr sein neues GSE Formula E Team. Mit dem modernen GEN4-Prototyp GSE 27FE startet der 22-J\u00e4hrige in die ABB-FIA-Formel-E-Weltmeisterschaft. Das Motorsportprogramm von Opel kombiniert leistungsstarke Elektromobilit\u00e4t mit systematischer Entwicklungsarbeit am Pr\u00fcfstand, umfassenden Simulator-Sitzungen sowie bew\u00e4hrter Jugendf\u00f6rderung. Ziel ist eine optimale Fahrzeugabstimmung auf den Saisonstart im DezemberJetzt alles lesen","og_url":"https:\/\/www.doppelklicker.de\/blog\/opel-gse-formula-e-team-verpflichtet-theo-pourchaire-fuer-gen4-einstieg\/","og_site_name":"Aus Mainz.","article_published_time":"2026-08-06T07:00:00+00:00","article_modified_time":"2026-09-05T11:10:31+00:00","og_image":[{"width":1280,"height":615,"url":"https:\/\/www.doppelklicker.de\/blog\/wp-content\/uploads\/2026\/09\/opel-verpflichtet-formel-2-champion-theo-pourchaire-als-ersten-neuen-31183.jpg","type":"image\/jpeg"}],"twitter_card":"summary_large_image","twitter_misc":{"Verfasst von":"Iris Martin","Gesch\u00e4tzte Lesezeit":"3 Minuten"},"schema":{"@context":"https:\/\/schema.org","@graph":[{"@type":"WebSite","@id":"https:\/\/www.doppelklicker.de\/blog\/#website","url":"https:\/\/www.doppelklicker.de\/blog\/","name":"Aus Mainz.","description":"F\u00fcr die Welt.","potentialAction":[{"@type":"SearchAction","target":{"@type":"EntryPoint","urlTemplate":"https:\/\/www.doppelklicker.de\/blog\/?s={search_term_string}"},"query-input":"required name=search_term_string"}],"inLanguage":"de-DE"},{"@type":"ImageObject","@id":"https:\/\/www.doppelklicker.de\/blog\/opel-gse-formula-e-team-verpflichtet-theo-pourchaire-fuer-gen4-einstieg\/#primaryimage","inLanguage":"de-DE","url":"https:\/\/www.doppelklicker.de\/blog\/wp-content\/uploads\/2026\/09\/opel-verpflichtet-formel-2-champion-theo-pourchaire-als-ersten-neuen-31183.jpg","contentUrl":"https:\/\/www.doppelklicker.de\/blog\/wp-content\/uploads\/2026\/09\/opel-verpflichtet-formel-2-champion-theo-pourchaire-als-ersten-neuen-31183.jpg","width":1280,"height":615,"caption":"Opel verpflichtet Formel-2-Champion Theo Pourchaire als ersten neuen GSE-Stammpiloten (Foto: Opel Automobile GmbH)"},{"@type":"WebPage","@id":"https:\/\/www.doppelklicker.de\/blog\/opel-gse-formula-e-team-verpflichtet-theo-pourchaire-fuer-gen4-einstieg\/#webpage","url":"https:\/\/www.doppelklicker.de\/blog\/opel-gse-formula-e-team-verpflichtet-theo-pourchaire-fuer-gen4-einstieg\/","name":"Opel verpflichtet Formel-2-Champion Theo Pourchaire als ersten neuen GSE-Stammpiloten","isPartOf":{"@id":"https:\/\/www.doppelklicker.de\/blog\/#website"},"primaryImageOfPage":{"@id":"https:\/\/www.doppelklicker.de\/blog\/opel-gse-formula-e-team-verpflichtet-theo-pourchaire-fuer-gen4-einstieg\/#primaryimage"},"datePublished":"2026-08-06T07:00:00+00:00","dateModified":"2026-09-05T11:10:31+00:00","author":{"@id":"https:\/\/www.doppelklicker.de\/blog\/#\/schema\/person\/08dcac172bdb025e8ff433488184668a"},"breadcrumb":{"@id":"https:\/\/www.doppelklicker.de\/blog\/opel-gse-formula-e-team-verpflichtet-theo-pourchaire-fuer-gen4-einstieg\/#breadcrumb"},"inLanguage":"de-DE","potentialAction":[{"@type":"ReadAction","target":["https:\/\/www.doppelklicker.de\/blog\/opel-gse-formula-e-team-verpflichtet-theo-pourchaire-fuer-gen4-einstieg\/"]}]},{"@type":"BreadcrumbList","@id":"https:\/\/www.doppelklicker.de\/blog\/opel-gse-formula-e-team-verpflichtet-theo-pourchaire-fuer-gen4-einstieg\/#breadcrumb","itemListElement":[{"@type":"ListItem","position":1,"name":"Startseite","item":"https:\/\/www.doppelklicker.de\/blog\/"},{"@type":"ListItem","position":2,"name":"Opel verpflichtet Formel-2-Champion Theo Pourchaire als ersten neuen GSE-Stammpiloten"}]},{"@type":"Person","@id":"https:\/\/www.doppelklicker.de\/blog\/#\/schema\/person\/08dcac172bdb025e8ff433488184668a","name":"Iris Martin","image":{"@type":"ImageObject","@id":"https:\/\/www.doppelklicker.de\/blog\/#personlogo","inLanguage":"de-DE","url":"https:\/\/secure.gravatar.com\/avatar\/82fdaa093be0b9686b531f99fcb54d15?s=96&d=wp_user_avatar&r=g","contentUrl":"https:\/\/secure.gravatar.com\/avatar\/82fdaa093be0b9686b531f99fcb54d15?s=96&d=wp_user_avatar&r=g","caption":"Iris Martin"},"url":"https:\/\/www.doppelklicker.de\/blog\/author\/iris-martin\/"}]}},"_links":{"self":[{"href":"https:\/\/www.doppelklicker.de\/blog\/wp-json\/wp\/v2\/posts\/12614"}],"collection":[{"href":"https:\/\/www.doppelklicker.de\/blog\/wp-json\/wp\/v2\/posts"}],"about":[{"href":"https:\/\/www.doppelklicker.de\/blog\/wp-json\/wp\/v2\/types\/post"}],"author":[{"embeddable":true,"href":"https:\/\/www.doppelklicker.de\/blog\/wp-json\/wp\/v2\/users\/8"}],"replies":[{"embeddable":true,"href":"https:\/\/www.doppelklicker.de\/blog\/wp-json\/wp\/v2\/comments?post=12614"}],"version-history":[{"count":0,"href":"https:\/\/www.doppelklicker.de\/blog\/wp-json\/wp\/v2\/posts\/12614\/revisions"}],"wp:featuredmedia":[{"embeddable":true,"href":"https:\/\/www.doppelklicker.de\/blog\/wp-json\/wp\/v2\/media\/12612"}],"wp:attachment":[{"href":"https:\/\/www.doppelklicker.de\/blog\/wp-json\/wp\/v2\/media?parent=12614"}],"wp:term":[{"taxonomy":"category","embeddable":true,"href":"https:\/\/www.doppelklicker.de\/blog\/wp-json\/wp\/v2\/categories?post=12614"},{"taxonomy":"post_tag","embeddable":true,"href":"https:\/\/www.doppelklicker.de\/blog\/wp-json\/wp\/v2\/tags?post=12614"}],"curies":[{"name":"wp","href":"https:\/\/api.w.org\/{rel}","templated":true}]}}