{"id":12627,"date":"2026-08-31T10:00:00","date_gmt":"2026-08-31T08:00:00","guid":{"rendered":"guid"},"modified":"2026-08-31T10:00:00","modified_gmt":"2026-08-31T08:00:00","slug":"weinfest-theodor-heuss-platz-bremerhaven-lokal-erleben","status":"publish","type":"post","link":"https:\/\/www.doppelklicker.de\/blog\/weinfest-theodor-heuss-platz-bremerhaven-lokal-erleben\/","title":{"rendered":"Weinfest Auftakt auf Theodor-Heuss-Platz vom 4. bis 6. September"},"content":{"rendered":"<p>Zwischen dem 4. und 13. September veranstalten H\u00e4ndler, Gastronomen und lokale Produzenten in Bremerhaven eine erlebnisorientierte Kampagne, die Kunden zu sieben Quartieren f\u00fchrt. Den Startschuss gibt ein Weinfest auf dem Theodor-Heuss-Platz mit degustationsorientierten Angeboten von Karl Lorenzen Weine &#038; Spirituosen. Fast sechzig teilnehmende Betriebe bieten Aktionskarten f\u00fcr ein erg\u00e4nzendes Gewinnspiel sowie exklusive Rabatte, pers\u00f6nliche Fachberatung und regionale Spezialit\u00e4ten, um Einkaufserlebnisse vor Ort nachhaltig zu st\u00e4rken und vielseitige Erlebnisformate zu entdecken.<br \/>\n<!--more--><\/p>\n<div id=\"ez-toc-container\" class=\"ez-toc-v2_0_16 counter-hierarchy\">\n<div class=\"ez-toc-title-container\">\n<p class=\"ez-toc-title\">Inhaltsverzeichnis: Das erwartet Sie in diesem Artikel<\/p>\n<span class=\"ez-toc-title-toggle\"><a class=\"ez-toc-pull-right ez-toc-btn ez-toc-btn-xs ez-toc-btn-default ez-toc-toggle\" style=\"display: none;\"><i class=\"ez-toc-glyphicon ez-toc-icon-toggle\"><\/i><\/a><\/span><\/div>\n<nav><ul class=\"ez-toc-list ez-toc-list-level-1\"><li class=\"ez-toc-page-1 ez-toc-heading-level-2\"><a class=\"ez-toc-link ez-toc-heading-1\" href=\"https:\/\/www.doppelklicker.de\/blog\/weinfest-theodor-heuss-platz-bremerhaven-lokal-erleben\/#kunden-profitieren-von-individueller-beratung-direkter-warenpraesentation-vor-ort\" title=\"Kunden profitieren von individueller Beratung, direkter Warenpr\u00e4sentation vor Ort\">Kunden profitieren von individueller Beratung, direkter Warenpr\u00e4sentation vor Ort<\/a><\/li><li class=\"ez-toc-page-1 ez-toc-heading-level-2\"><a class=\"ez-toc-link ez-toc-heading-2\" href=\"https:\/\/www.doppelklicker.de\/blog\/weinfest-theodor-heuss-platz-bremerhaven-lokal-erleben\/#drei-sticker-sammeln-fuer-gutscheine-bis-250-euro-shopping-bags\" title=\"Drei Sticker sammeln f\u00fcr Gutscheine bis 250 Euro, Shopping-Bags\">Drei Sticker sammeln f\u00fcr Gutscheine bis 250 Euro, Shopping-Bags<\/a><\/li><li class=\"ez-toc-page-1 ez-toc-heading-level-2\"><a class=\"ez-toc-link ez-toc-heading-3\" href=\"https:\/\/www.doppelklicker.de\/blog\/weinfest-theodor-heuss-platz-bremerhaven-lokal-erleben\/#cafes-und-restaurants-ueberraschen-mit-regionalen-spezialitaeten-und-gratis-proben\" title=\"Cafes und Restaurants \u00fcberraschen mit regionalen Spezialit\u00e4ten und Gratis-Proben\">Cafes und Restaurants \u00fcberraschen mit regionalen Spezialit\u00e4ten und Gratis-Proben<\/a><\/li><li class=\"ez-toc-page-1 ez-toc-heading-level-2\"><a class=\"ez-toc-link ez-toc-heading-4\" href=\"https:\/\/www.doppelklicker.de\/blog\/weinfest-theodor-heuss-platz-bremerhaven-lokal-erleben\/#wein-highlights-von-top-anbietern-rund-um-johann-smidt-denkmal-praesentieren-sich-taeglich\" title=\"Wein-Highlights von Top-Anbietern rund um Johann-Smidt-Denkmal pr\u00e4sentieren sich t\u00e4glich\">Wein-Highlights von Top-Anbietern rund um Johann-Smidt-Denkmal pr\u00e4sentieren sich t\u00e4glich<\/a><\/li><li class=\"ez-toc-page-1 ez-toc-heading-level-2\"><a class=\"ez-toc-link ez-toc-heading-5\" href=\"https:\/\/www.doppelklicker.de\/blog\/weinfest-theodor-heuss-platz-bremerhaven-lokal-erleben\/#bremerhavener-quartiere-laden-weitere-stadtteile-mit-lokalen-angeboten-ein\" title=\"Bremerhavener Quartiere laden weitere Stadtteile mit lokalen Angeboten ein\">Bremerhavener Quartiere laden weitere Stadtteile mit lokalen Angeboten ein<\/a><\/li><li class=\"ez-toc-page-1 ez-toc-heading-level-2\"><a class=\"ez-toc-link ez-toc-heading-6\" href=\"https:\/\/www.doppelklicker.de\/blog\/weinfest-theodor-heuss-platz-bremerhaven-lokal-erleben\/#abschlussaktion-energie-und-klimastadttag-plus-verkaufsoffener-sonntag-in-bohmsiel\" title=\"Abschlussaktion: Energie- und Klimastadttag plus verkaufsoffener Sonntag in Bohmsiel\">Abschlussaktion: Energie- und Klimastadttag plus verkaufsoffener Sonntag in Bohmsiel<\/a><\/li><\/ul><\/nav><\/div>\n<h2><span class=\"ez-toc-section\" id=\"kunden-profitieren-von-individueller-beratung-direkter-warenpraesentation-vor-ort\"><\/span>Kunden profitieren von individueller Beratung, direkter Warenpr\u00e4sentation vor Ort<span class=\"ez-toc-section-end\"><\/span><\/h2>\n<p>Lokale Einzelh\u00e4ndler geben mit ihrem pers\u00f6nlichen Service und fachkundiger Beratung einen Entscheidenden Vorteil gegen\u00fcber Online-Anbietern. Tim Grundmann vom Seaside Sneaker im Columbus Shopping Center betont, dass Kunden Schuhe anprobieren, verschiedene Modelle nebeneinander testen und direktes Feedback erhalten k\u00f6nnen. Die gem\u00fctliche Atmosph\u00e4re und der individuelle Kontakt schaffen Vertrauen und f\u00f6rdern Mund-zu-Mund-Propaganda. Gleichzeitig st\u00e4rken Eink\u00e4ufe in Nachbarschaftsgesch\u00e4ften die regionale Wirtschaft, f\u00f6rdern lebendige Stra\u00dfen und erm\u00f6glichen authentische Begegnungen zwischen H\u00e4ndler und K\u00e4ufer miteinander.<\/p>\n<h2><span class=\"ez-toc-section\" id=\"drei-sticker-sammeln-fuer-gutscheine-bis-250-euro-shopping-bags\"><\/span>Drei Sticker sammeln f\u00fcr Gutscheine bis 250 Euro, Shopping-Bags<span class=\"ez-toc-section-end\"><\/span><\/h2>\n<p>Besucher erhalten in s\u00e4mtlichen teilnehmenden Gesch\u00e4ften eine kostenfreie Aktionskarte, auf der sie bei jedem Einkauf oder Besuch Sticker sammeln. Insgesamt werden drei Stickermarken ben\u00f6tigt, die beispielsweise bei Betten Aissen, Baier-Optik, Juwelier Rauscher-Hillje oder Karl Lorenzen Weine &#038; Spirituosen ausgegeben werden. Mit vollst\u00e4ndiger Karte nehmen Teilnehmer an einer Verlosung teil, bei der Hauptpreise attraktive Gutscheine bis zu 250 Euro sowie exklusiv prall gef\u00fcllte hochwertige Shopping-Bags des Mein Outlet &#038; Shopping-Center bereitstehen.<\/p>\n<h2><span class=\"ez-toc-section\" id=\"cafes-und-restaurants-ueberraschen-mit-regionalen-spezialitaeten-und-gratis-proben\"><\/span>Cafes und Restaurants \u00fcberraschen mit regionalen Spezialit\u00e4ten und Gratis-Proben<span class=\"ez-toc-section-end\"><\/span><\/h2>\n<p>Im Rahmen der Aktion erhalten Besucher in zahlreichen Fachgesch\u00e4ften exklusive Preisvorteile, kostenlose Produktmuster und erg\u00e4nzende Serviceleistungen. Dank Gratisproben lassen sich neue Marken testen, w\u00e4hrend erfahrene Mitarbeitende individuelle Beratung anbieten. Parallel verw\u00f6hnen Cafes und Gastronomen mit regionstypischen K\u00f6stlichkeiten, von hausgemachten Kuchen bis zu deftigen Spezialit\u00e4ten. Mode- und Accessoire-Boutiquen pr\u00e4sentieren streng limitierte Kollektionen, die nur vor Ort verf\u00fcgbar sind. Dieser vielseitige Mix steigert die Neugier, animiert zum Verweilen und bindet Stammkunden st\u00e4rker.<\/p>\n<h2><span class=\"ez-toc-section\" id=\"wein-highlights-von-top-anbietern-rund-um-johann-smidt-denkmal-praesentieren-sich-taeglich\"><\/span>Wein-Highlights von Top-Anbietern rund um Johann-Smidt-Denkmal pr\u00e4sentieren sich t\u00e4glich<span class=\"ez-toc-section-end\"><\/span><\/h2>\n<p>Zwischen dem 4. und 6. September lockt ein Weinfest zahlreiche Besucher an den Theodor-Heuss-Platz. Gro\u00dfe Namen wie Jacques Wein-Depot, Weingut Runkel, Jan Ahlfeld, Dock IV, Ludwig von Kapff, Winzerkind, Werft Events und Weingut Bechtel bieten hochwertige erlesene Weine und exklusive Probeangebote rund um das Johann-Smidt-Denkmal. Die ambitionierte Veranstaltung kombiniert historische Kulisse mit moderner Vinophilie. Abends sorgen Livebands f\u00fcr Stimmung, w\u00e4hrend ein verkaufsoffener Sonntag in der Innenstadt zu entspannten Einkaufsrunden einl\u00e4dt.<\/p>\n<h2><span class=\"ez-toc-section\" id=\"bremerhavener-quartiere-laden-weitere-stadtteile-mit-lokalen-angeboten-ein\"><\/span>Bremerhavener Quartiere laden weitere Stadtteile mit lokalen Angeboten ein<span class=\"ez-toc-section-end\"><\/span><\/h2>\n<p>Der Auftakt in der Innenstadt markiert nur den Beginn eines breit angelegten Programms, das anschlie\u00dfend in die Quartiere Lehe, Mitte, Geestem\u00fcnde, Gr\u00fcnh\u00f6fe, Alte B\u00fcrger, Fischereihafen und Bohmsiel wandert. Fast sechzig Einzelhandels- und Gastronomiepartner pr\u00e4sentieren ihr Angebot und veranschaulichen so die Vielfalt des urbanen Raums. Die Marketinginitiative Bremerhavener Quartiere (MBQ) verfolgt damit das Ziel, das lokale Einkaufserlebnis ins Zentrum von Aufmerksamkeit und Kundenn\u00e4he zu setzen. Dabei profitieren H\u00e4ndler und Besucher gleicherma\u00dfen.<\/p>\n<h2><span class=\"ez-toc-section\" id=\"abschlussaktion-energie-und-klimastadttag-plus-verkaufsoffener-sonntag-in-bohmsiel\"><\/span>Abschlussaktion: Energie- und Klimastadttag plus verkaufsoffener Sonntag in Bohmsiel<span class=\"ez-toc-section-end\"><\/span><\/h2>\n<p>Das Finale der Veranstaltungsreihe &#8222;Bremerhaven lokal erleben&#8220; findet am 13. September im Schaufenster Fischereihafen statt. Dort steht der Energie- und Klimastadttag im Mittelpunkt, bei dem nachhaltige Projekte, lokale Initiativen und Informationsst\u00e4nde pr\u00e4sentiert werden. Parallel dazu laden die Einzelh\u00e4ndler in Bohmsiel an diesem Sonntag zum verkaufsoffenen Tag ein. Diese Kombination aus Veranstaltung und Shopping-Option f\u00f6rdert B\u00fcrgerbeteiligung, st\u00e4rkt das lokale Gewerbe und setzt thematisch einen Schwerpunkt auf Umweltbewusstsein und dynamische Begegnungen erm\u00f6glichen.<\/p>\n<p>Das Projekt &#8222;Bremerhaven lokal erleben&#8220; f\u00fchrt Weinfreunde und Eink\u00e4ufer in die lebendigen Quartiere der Stadt und verbindet ein traditionelles Weinfest mit moderierten Weinverkostungen, individueller Fachberatung im Einzelhandel, gastronomischen Spezialit\u00e4ten und einem attraktiven Gewinnspiel. Besucher sammeln Stempel in verschiedenen Gesch\u00e4ften, erfahren pers\u00f6nliche Produktanalysen, nutzen exklusive Rabatte und erleben regionale Vielfalt hautnah. Diese umfassende Kampagne f\u00f6rdert den Dialog zwischen Anbietern und Kunden, st\u00e4rkt das soziale Miteinander und belebt nun alle Stadtteile aktiv.<\/p>\n","protected":false},"excerpt":{"rendered":"<p>Zwischen dem 4. und 13. September veranstalten H\u00e4ndler, Gastronomen und lokale Produzenten in Bremerhaven eine erlebnisorientierte Kampagne, die Kunden zu sieben Quartieren f\u00fchrt. Den Startschuss gibt ein Weinfest auf dem Theodor-Heuss-Platz mit degustationsorientierten Angeboten von Karl Lorenzen Weine &#038; Spirituosen. Fast sechzig teilnehmende Betriebe bieten Aktionskarten f\u00fcr ein erg\u00e4nzendes Gewinnspiel sowie exklusive Rabatte, pers\u00f6nliche Fachberatung<\/p>\n<div class=\"read-more\"><a href=\"https:\/\/www.doppelklicker.de\/blog\/weinfest-theodor-heuss-platz-bremerhaven-lokal-erleben\/\" title=\"Jetzt alles lesen\">Jetzt alles lesen<\/a><\/div>\n","protected":false},"author":8,"featured_media":12628,"comment_status":"open","ping_status":"open","sticky":false,"template":"","format":"standard","meta":[],"categories":[3305],"tags":[],"yoast_head":"<!-- This site is optimized with the Yoast SEO plugin v18.2 - https:\/\/yoast.com\/wordpress\/plugins\/seo\/ -->\n<meta name=\"robots\" content=\"index, follow, max-snippet:-1, max-image-preview:large, max-video-preview:-1\" \/>\n<link rel=\"canonical\" href=\"https:\/\/www.doppelklicker.de\/blog\/weinfest-theodor-heuss-platz-bremerhaven-lokal-erleben\/\" \/>\n<meta property=\"og:locale\" content=\"de_DE\" \/>\n<meta property=\"og:type\" content=\"article\" \/>\n<meta property=\"og:title\" content=\"Weinfest Auftakt auf Theodor-Heuss-Platz vom 4. bis 6. September\" \/>\n<meta property=\"og:description\" content=\"Zwischen dem 4. und 13. September veranstalten H\u00e4ndler, Gastronomen und lokale Produzenten in Bremerhaven eine erlebnisorientierte Kampagne, die Kunden zu sieben Quartieren f\u00fchrt. Den Startschuss gibt ein Weinfest auf dem Theodor-Heuss-Platz mit degustationsorientierten Angeboten von Karl Lorenzen Weine &#038; Spirituosen. Fast sechzig teilnehmende Betriebe bieten Aktionskarten f\u00fcr ein erg\u00e4nzendes Gewinnspiel sowie exklusive Rabatte, pers\u00f6nliche FachberatungJetzt alles lesen\" \/>\n<meta property=\"og:url\" content=\"https:\/\/www.doppelklicker.de\/blog\/weinfest-theodor-heuss-platz-bremerhaven-lokal-erleben\/\" \/>\n<meta property=\"og:site_name\" content=\"Aus Mainz.\" \/>\n<meta property=\"article:published_time\" content=\"2026-08-31T08:00:00+00:00\" \/>\n<meta name=\"twitter:card\" content=\"summary_large_image\" \/>\n<meta name=\"twitter:label1\" content=\"Verfasst von\" \/>\n\t<meta name=\"twitter:data1\" content=\"Iris Martin\" \/>\n\t<meta name=\"twitter:label2\" content=\"Gesch\u00e4tzte Lesezeit\" \/>\n\t<meta name=\"twitter:data2\" content=\"3 Minuten\" \/>\n<script type=\"application\/ld+json\" class=\"yoast-schema-graph\">{\"@context\":\"https:\/\/schema.org\",\"@graph\":[{\"@type\":\"WebSite\",\"@id\":\"https:\/\/www.doppelklicker.de\/blog\/#website\",\"url\":\"https:\/\/www.doppelklicker.de\/blog\/\",\"name\":\"Aus Mainz.\",\"description\":\"F\u00fcr die Welt.\",\"potentialAction\":[{\"@type\":\"SearchAction\",\"target\":{\"@type\":\"EntryPoint\",\"urlTemplate\":\"https:\/\/www.doppelklicker.de\/blog\/?s={search_term_string}\"},\"query-input\":\"required name=search_term_string\"}],\"inLanguage\":\"de-DE\"},{\"@type\":\"ImageObject\",\"@id\":\"https:\/\/www.doppelklicker.de\/blog\/weinfest-theodor-heuss-platz-bremerhaven-lokal-erleben\/#primaryimage\",\"inLanguage\":\"de-DE\",\"url\":\"https:\/\/www.doppelklicker.de\/blog\/wp-content\/uploads\/2026\/09\/bremerhaven-lokal-erleben-einzelhaendler-und-gastronomen-starten-zehntaegiges.jpg\",\"contentUrl\":\"https:\/\/www.doppelklicker.de\/blog\/wp-content\/uploads\/2026\/09\/bremerhaven-lokal-erleben-einzelhaendler-und-gastronomen-starten-zehntaegiges.jpg\",\"width\":1280,\"height\":615,\"caption\":\"Weinfest Auftakt auf Theodor-Heuss-Platz vom 4. bis 6. September (Foto: Helmut Gross Erlebnis Bremerhaven)\"},{\"@type\":\"WebPage\",\"@id\":\"https:\/\/www.doppelklicker.de\/blog\/weinfest-theodor-heuss-platz-bremerhaven-lokal-erleben\/#webpage\",\"url\":\"https:\/\/www.doppelklicker.de\/blog\/weinfest-theodor-heuss-platz-bremerhaven-lokal-erleben\/\",\"name\":\"Weinfest Auftakt auf Theodor-Heuss-Platz vom 4. bis 6. September\",\"isPartOf\":{\"@id\":\"https:\/\/www.doppelklicker.de\/blog\/#website\"},\"primaryImageOfPage\":{\"@id\":\"https:\/\/www.doppelklicker.de\/blog\/weinfest-theodor-heuss-platz-bremerhaven-lokal-erleben\/#primaryimage\"},\"datePublished\":\"2026-08-31T08:00:00+00:00\",\"dateModified\":\"2026-08-31T08:00:00+00:00\",\"author\":{\"@id\":\"https:\/\/www.doppelklicker.de\/blog\/#\/schema\/person\/08dcac172bdb025e8ff433488184668a\"},\"breadcrumb\":{\"@id\":\"https:\/\/www.doppelklicker.de\/blog\/weinfest-theodor-heuss-platz-bremerhaven-lokal-erleben\/#breadcrumb\"},\"inLanguage\":\"de-DE\",\"potentialAction\":[{\"@type\":\"ReadAction\",\"target\":[\"https:\/\/www.doppelklicker.de\/blog\/weinfest-theodor-heuss-platz-bremerhaven-lokal-erleben\/\"]}]},{\"@type\":\"BreadcrumbList\",\"@id\":\"https:\/\/www.doppelklicker.de\/blog\/weinfest-theodor-heuss-platz-bremerhaven-lokal-erleben\/#breadcrumb\",\"itemListElement\":[{\"@type\":\"ListItem\",\"position\":1,\"name\":\"Startseite\",\"item\":\"https:\/\/www.doppelklicker.de\/blog\/\"},{\"@type\":\"ListItem\",\"position\":2,\"name\":\"Weinfest Auftakt auf Theodor-Heuss-Platz vom 4. bis 6. September\"}]},{\"@type\":\"Person\",\"@id\":\"https:\/\/www.doppelklicker.de\/blog\/#\/schema\/person\/08dcac172bdb025e8ff433488184668a\",\"name\":\"Iris Martin\",\"image\":{\"@type\":\"ImageObject\",\"@id\":\"https:\/\/www.doppelklicker.de\/blog\/#personlogo\",\"inLanguage\":\"de-DE\",\"url\":\"https:\/\/secure.gravatar.com\/avatar\/82fdaa093be0b9686b531f99fcb54d15?s=96&d=wp_user_avatar&r=g\",\"contentUrl\":\"https:\/\/secure.gravatar.com\/avatar\/82fdaa093be0b9686b531f99fcb54d15?s=96&d=wp_user_avatar&r=g\",\"caption\":\"Iris Martin\"},\"url\":\"https:\/\/www.doppelklicker.de\/blog\/author\/iris-martin\/\"}]}<\/script>\n<!-- \/ Yoast SEO plugin. -->","yoast_head_json":{"robots":{"index":"index","follow":"follow","max-snippet":"max-snippet:-1","max-image-preview":"max-image-preview:large","max-video-preview":"max-video-preview:-1"},"canonical":"https:\/\/www.doppelklicker.de\/blog\/weinfest-theodor-heuss-platz-bremerhaven-lokal-erleben\/","og_locale":"de_DE","og_type":"article","og_title":"Weinfest Auftakt auf Theodor-Heuss-Platz vom 4. bis 6. September","og_description":"Zwischen dem 4. und 13. September veranstalten H\u00e4ndler, Gastronomen und lokale Produzenten in Bremerhaven eine erlebnisorientierte Kampagne, die Kunden zu sieben Quartieren f\u00fchrt. Den Startschuss gibt ein Weinfest auf dem Theodor-Heuss-Platz mit degustationsorientierten Angeboten von Karl Lorenzen Weine &#038; Spirituosen. Fast sechzig teilnehmende Betriebe bieten Aktionskarten f\u00fcr ein erg\u00e4nzendes Gewinnspiel sowie exklusive Rabatte, pers\u00f6nliche FachberatungJetzt alles lesen","og_url":"https:\/\/www.doppelklicker.de\/blog\/weinfest-theodor-heuss-platz-bremerhaven-lokal-erleben\/","og_site_name":"Aus Mainz.","article_published_time":"2026-08-31T08:00:00+00:00","twitter_card":"summary_large_image","twitter_misc":{"Verfasst von":"Iris Martin","Gesch\u00e4tzte Lesezeit":"3 Minuten"},"schema":{"@context":"https:\/\/schema.org","@graph":[{"@type":"WebSite","@id":"https:\/\/www.doppelklicker.de\/blog\/#website","url":"https:\/\/www.doppelklicker.de\/blog\/","name":"Aus Mainz.","description":"F\u00fcr die Welt.","potentialAction":[{"@type":"SearchAction","target":{"@type":"EntryPoint","urlTemplate":"https:\/\/www.doppelklicker.de\/blog\/?s={search_term_string}"},"query-input":"required name=search_term_string"}],"inLanguage":"de-DE"},{"@type":"ImageObject","@id":"https:\/\/www.doppelklicker.de\/blog\/weinfest-theodor-heuss-platz-bremerhaven-lokal-erleben\/#primaryimage","inLanguage":"de-DE","url":"https:\/\/www.doppelklicker.de\/blog\/wp-content\/uploads\/2026\/09\/bremerhaven-lokal-erleben-einzelhaendler-und-gastronomen-starten-zehntaegiges.jpg","contentUrl":"https:\/\/www.doppelklicker.de\/blog\/wp-content\/uploads\/2026\/09\/bremerhaven-lokal-erleben-einzelhaendler-und-gastronomen-starten-zehntaegiges.jpg","width":1280,"height":615,"caption":"Weinfest Auftakt auf Theodor-Heuss-Platz vom 4. bis 6. September (Foto: Helmut Gross Erlebnis Bremerhaven)"},{"@type":"WebPage","@id":"https:\/\/www.doppelklicker.de\/blog\/weinfest-theodor-heuss-platz-bremerhaven-lokal-erleben\/#webpage","url":"https:\/\/www.doppelklicker.de\/blog\/weinfest-theodor-heuss-platz-bremerhaven-lokal-erleben\/","name":"Weinfest Auftakt auf Theodor-Heuss-Platz vom 4. bis 6. September","isPartOf":{"@id":"https:\/\/www.doppelklicker.de\/blog\/#website"},"primaryImageOfPage":{"@id":"https:\/\/www.doppelklicker.de\/blog\/weinfest-theodor-heuss-platz-bremerhaven-lokal-erleben\/#primaryimage"},"datePublished":"2026-08-31T08:00:00+00:00","dateModified":"2026-08-31T08:00:00+00:00","author":{"@id":"https:\/\/www.doppelklicker.de\/blog\/#\/schema\/person\/08dcac172bdb025e8ff433488184668a"},"breadcrumb":{"@id":"https:\/\/www.doppelklicker.de\/blog\/weinfest-theodor-heuss-platz-bremerhaven-lokal-erleben\/#breadcrumb"},"inLanguage":"de-DE","potentialAction":[{"@type":"ReadAction","target":["https:\/\/www.doppelklicker.de\/blog\/weinfest-theodor-heuss-platz-bremerhaven-lokal-erleben\/"]}]},{"@type":"BreadcrumbList","@id":"https:\/\/www.doppelklicker.de\/blog\/weinfest-theodor-heuss-platz-bremerhaven-lokal-erleben\/#breadcrumb","itemListElement":[{"@type":"ListItem","position":1,"name":"Startseite","item":"https:\/\/www.doppelklicker.de\/blog\/"},{"@type":"ListItem","position":2,"name":"Weinfest Auftakt auf Theodor-Heuss-Platz vom 4. bis 6. September"}]},{"@type":"Person","@id":"https:\/\/www.doppelklicker.de\/blog\/#\/schema\/person\/08dcac172bdb025e8ff433488184668a","name":"Iris Martin","image":{"@type":"ImageObject","@id":"https:\/\/www.doppelklicker.de\/blog\/#personlogo","inLanguage":"de-DE","url":"https:\/\/secure.gravatar.com\/avatar\/82fdaa093be0b9686b531f99fcb54d15?s=96&d=wp_user_avatar&r=g","contentUrl":"https:\/\/secure.gravatar.com\/avatar\/82fdaa093be0b9686b531f99fcb54d15?s=96&d=wp_user_avatar&r=g","caption":"Iris Martin"},"url":"https:\/\/www.doppelklicker.de\/blog\/author\/iris-martin\/"}]}},"_links":{"self":[{"href":"https:\/\/www.doppelklicker.de\/blog\/wp-json\/wp\/v2\/posts\/12627"}],"collection":[{"href":"https:\/\/www.doppelklicker.de\/blog\/wp-json\/wp\/v2\/posts"}],"about":[{"href":"https:\/\/www.doppelklicker.de\/blog\/wp-json\/wp\/v2\/types\/post"}],"author":[{"embeddable":true,"href":"https:\/\/www.doppelklicker.de\/blog\/wp-json\/wp\/v2\/users\/8"}],"replies":[{"embeddable":true,"href":"https:\/\/www.doppelklicker.de\/blog\/wp-json\/wp\/v2\/comments?post=12627"}],"version-history":[{"count":0,"href":"https:\/\/www.doppelklicker.de\/blog\/wp-json\/wp\/v2\/posts\/12627\/revisions"}],"wp:featuredmedia":[{"embeddable":true,"href":"https:\/\/www.doppelklicker.de\/blog\/wp-json\/wp\/v2\/media\/12628"}],"wp:attachment":[{"href":"https:\/\/www.doppelklicker.de\/blog\/wp-json\/wp\/v2\/media?parent=12627"}],"wp:term":[{"taxonomy":"category","embeddable":true,"href":"https:\/\/www.doppelklicker.de\/blog\/wp-json\/wp\/v2\/categories?post=12627"},{"taxonomy":"post_tag","embeddable":true,"href":"https:\/\/www.doppelklicker.de\/blog\/wp-json\/wp\/v2\/tags?post=12627"}],"curies":[{"name":"wp","href":"https:\/\/api.w.org\/{rel}","templated":true}]}}