{"id":12642,"date":"2026-09-02T10:00:00","date_gmt":"2026-09-02T08:00:00","guid":{"rendered":"guid"},"modified":"2026-09-02T10:00:00","modified_gmt":"2026-09-02T08:00:00","slug":"bmf-koalitionsvertrag-gdw-stromsteuer-waermepumpen-mieterstrom","status":"publish","type":"post","link":"https:\/\/www.doppelklicker.de\/blog\/bmf-koalitionsvertrag-gdw-stromsteuer-waermepumpen-mieterstrom\/","title":{"rendered":"Steuerpl\u00e4ne stehen in direktem Widerstreit zum Koalitionsvertrag und Klimaschutz"},"content":{"rendered":"<p>Berichten zufolge m\u00f6chte das Bundesfinanzministerium die Stromsteuer auf EU-Ebene erneut erh\u00f6hen, was dem Koalitionsvertrag widerspricht. GdW-Chef Axel Gedaschko bef\u00fcrchtet, dass h\u00f6here Abgaben bestehende Investitionen in W\u00e4rmepumpen, Mieterstrom-Ideen und Photovoltaik-Anlagen herabsetzen und so die Dekarbonisierungsziele im Geb\u00e4udesegment gef\u00e4hrden. Dies f\u00fchre zu dauerhaft steigenden Energiekosten f\u00fcr Wohnungsunternehmer und Mieter und schw\u00e4che das Vertrauen in verl\u00e4ssliches staatliches Handeln im Energie- und Klimabereich. Eine Senkung auf EU-Mindestma\u00df sei dringend erforderlich.<br \/>\n<!--more--><\/p>\n<div id=\"ez-toc-container\" class=\"ez-toc-v2_0_16 counter-hierarchy\">\n<div class=\"ez-toc-title-container\">\n<p class=\"ez-toc-title\">Inhaltsverzeichnis: Das erwartet Sie in diesem Artikel<\/p>\n<span class=\"ez-toc-title-toggle\"><a class=\"ez-toc-pull-right ez-toc-btn ez-toc-btn-xs ez-toc-btn-default ez-toc-toggle\" style=\"display: none;\"><i class=\"ez-toc-glyphicon ez-toc-icon-toggle\"><\/i><\/a><\/span><\/div>\n<nav><ul class=\"ez-toc-list ez-toc-list-level-1\"><li class=\"ez-toc-page-1 ez-toc-heading-level-2\"><a class=\"ez-toc-link ez-toc-heading-1\" href=\"https:\/\/www.doppelklicker.de\/blog\/bmf-koalitionsvertrag-gdw-stromsteuer-waermepumpen-mieterstrom\/#ploetzliche-kursaenderung-koalitionspartner-empoert-ueber-nun-erneute-bruesseler-stromsteuerplaene\" title=\"Pl\u00f6tzliche Kurs\u00e4nderung: Koalitionspartner emp\u00f6rt \u00fcber nun erneute Br\u00fcsseler Stromsteuerpl\u00e4ne\">Pl\u00f6tzliche Kurs\u00e4nderung: Koalitionspartner emp\u00f6rt \u00fcber nun erneute Br\u00fcsseler Stromsteuerpl\u00e4ne<\/a><\/li><li class=\"ez-toc-page-1 ez-toc-heading-level-2\"><a class=\"ez-toc-link ez-toc-heading-2\" href=\"https:\/\/www.doppelklicker.de\/blog\/bmf-koalitionsvertrag-gdw-stromsteuer-waermepumpen-mieterstrom\/#dramatisches-signal-fuer-energiewende-stromsteuer-droht-massiv-zu-steigen\" title=\"Dramatisches Signal f\u00fcr Energiewende: Stromsteuer droht massiv zu steigen\">Dramatisches Signal f\u00fcr Energiewende: Stromsteuer droht massiv zu steigen<\/a><\/li><li class=\"ez-toc-page-1 ez-toc-heading-level-2\"><a class=\"ez-toc-link ez-toc-heading-3\" href=\"https:\/\/www.doppelklicker.de\/blog\/bmf-koalitionsvertrag-gdw-stromsteuer-waermepumpen-mieterstrom\/#gdw-warnt-vor-fatalen-folgen-erneuter-stromsteueranhebung-fuer-wohnungsmarkt\" title=\"GdW warnt vor fatalen Folgen erneuter Stromsteueranhebung f\u00fcr Wohnungsmarkt\">GdW warnt vor fatalen Folgen erneuter Stromsteueranhebung f\u00fcr Wohnungsmarkt<\/a><\/li><li class=\"ez-toc-page-1 ez-toc-heading-level-2\"><a class=\"ez-toc-link ez-toc-heading-4\" href=\"https:\/\/www.doppelklicker.de\/blog\/bmf-koalitionsvertrag-gdw-stromsteuer-waermepumpen-mieterstrom\/#klare-vorgabe-gefordert-eu-stromsteuersenkung-zur-foerderung-klimaschutzes-jetzt-noetig\" title=\"Klare Vorgabe gefordert: EU-Stromsteuersenkung zur F\u00f6rderung Klimaschutzes jetzt n\u00f6tig\">Klare Vorgabe gefordert: EU-Stromsteuersenkung zur F\u00f6rderung Klimaschutzes jetzt n\u00f6tig<\/a><\/li><\/ul><\/nav><\/div>\n<h2><span class=\"ez-toc-section\" id=\"ploetzliche-kursaenderung-koalitionspartner-empoert-ueber-nun-erneute-bruesseler-stromsteuerplaene\"><\/span>Pl\u00f6tzliche Kurs\u00e4nderung: Koalitionspartner emp\u00f6rt \u00fcber nun erneute Br\u00fcsseler Stromsteuerpl\u00e4ne<span class=\"ez-toc-section-end\"><\/span><\/h2>\n<p>Medienkreisen zufolge strebt das Bundesfinanzministerium an, in Br\u00fcssel eine Bestimmung zu verankern, die eine zuk\u00fcnftige Steigerung der Stromsteuer erm\u00f6glicht. Dieses Vorgehen steht diametral zur gesicherten Vereinbarung im Koalitionsvertrag, der eine Reduzierung auf das EU-Mindestniveau vorschreibt, und unterminiert damit die politische Konsistenz. Wirtschaftsexperten warnen, dass dieser Schritt das Vertrauen in EU-Verhandlungen schw\u00e4chen und die Investitionsbereitschaft im Energiesektor sp\u00fcrbar hemmen k\u00f6nnte, da unvorhersehbare Steuerbelastungen Planungssicherheit gef\u00e4hrden und Kapitalbereitstellung erschweren k\u00f6nnen.<\/p>\n<h2><span class=\"ez-toc-section\" id=\"dramatisches-signal-fuer-energiewende-stromsteuer-droht-massiv-zu-steigen\"><\/span>Dramatisches Signal f\u00fcr Energiewende: Stromsteuer droht massiv zu steigen<span class=\"ez-toc-section-end\"><\/span><\/h2>\n<p>Axel Gedaschko, Pr\u00e4sident des GdW, warnt vor den Folgen einer m\u00f6glichen R\u00fcckkehr zu h\u00f6heren Stromsteuers\u00e4tzen und bezeichnet diese als &#8222;Killerapplikation f\u00fcr das Vertrauen in staatliches Handeln&#8220;. Er hebt hervor, dass eine solche Ma\u00dfnahme energiepolitisch kontraproduktiv sei, klimapolitische Ziele in Gefahr bringe und soziale Ungleichheiten verst\u00e4rke. Die verteuerten Stromkosten w\u00fcrden Investitionen in klimafreundliche Geb\u00e4udeausstattung bremsen, bestehende Projekte infrage stellen und die dringend notwendige Dekarbonisierung des Geb\u00e4udesektors verz\u00f6gern.<\/p>\n<h2><span class=\"ez-toc-section\" id=\"gdw-warnt-vor-fatalen-folgen-erneuter-stromsteueranhebung-fuer-wohnungsmarkt\"><\/span>GdW warnt vor fatalen Folgen erneuter Stromsteueranhebung f\u00fcr Wohnungsmarkt<span class=\"ez-toc-section-end\"><\/span><\/h2>\n<p>Eine h\u00f6here Belastung durch die Stromsteuer w\u00fcrde den bilanziellen Wert bereits installierter W\u00e4rmepumpen, Mieterstromanlagen und Photovoltaikmodule nachhaltig reduzieren. Die nachtr\u00e4glichen Kosten belasten die Berechnung der Kapitalr\u00fcckfl\u00fcsse negativ und schw\u00e4chen damit die Renditeerwartungen. Zuk\u00fcnftige Investitionsentscheidungen werden aufgrund steigender Betriebsausgaben schwieriger und k\u00f6nnen aufgrund verschlechterter Wirtschaftlichkeit ausbleiben. Sozial ausgerichtete Wohnungsunternehmen investieren gegenw\u00e4rtig Milliarden in integrierte Stromerzeugungsl\u00f6sungen, um Mietern finanzielle Entlastung zu bieten und ihre Best\u00e4nde umfassend klimaneutral umzur\u00fcsten. Dies mindert das Vertrauen.<\/p>\n<h2><span class=\"ez-toc-section\" id=\"klare-vorgabe-gefordert-eu-stromsteuersenkung-zur-foerderung-klimaschutzes-jetzt-noetig\"><\/span>Klare Vorgabe gefordert: EU-Stromsteuersenkung zur F\u00f6rderung Klimaschutzes jetzt n\u00f6tig<span class=\"ez-toc-section-end\"><\/span><\/h2>\n<p>Die Forderung des GdW zielt darauf ab, die Stromsteuer rasch auf das europ\u00e4ische Mindestma\u00df zu reduzieren, um den Wert von Investitionen in Heizungs- und Solarprojekte nicht zu untergraben. Eine verl\u00e4ssliche Absenkung gew\u00e4hrleistet die Fortf\u00fchrung laufender Modernisierungen, entlastet Mieter und verbessert die Effizienz im Geb\u00e4udesektor. Gleichzeitig ist sie ein notwendiges Signal f\u00fcr Investoren, in klimaneutrale Technologien zu investieren und sichert so die Umsetzung nationaler und internationaler Klimaschutzziele. Sie f\u00f6rdert Innovationen breitfl\u00e4chig.<\/p>\n<p>Eine Stromsteuersenkung auf das europ\u00e4ische Mindestma\u00df erm\u00f6glicht Wohnungsunternehmen eine verl\u00e4ssliche Kalkulation ihrer Projekte und senkt das Risiko finanzieller Engp\u00e4sse bei energetischen Investitionen. Reduzierte Abgaben verbessern die Wirtschaftlichkeit von W\u00e4rmepumpen, Photovoltaikanlagen und Mieterstroml\u00f6sungen ma\u00dfgeblich. Folglich wird die Dekarbonisierung des Geb\u00e4udesektors deutlich beschleunigt, Mieter erhalten langfristig niedrigere Energiekosten und Investoren finden attraktive Bedingungen f\u00fcr gr\u00fcne Immobilienvorhaben. Diese Ma\u00dfnahme unterst\u00fctzt die nationale Klimaschutzstrategie und st\u00e4rkt die Wettbewerbsf\u00e4higkeit nachhaltiger Wohnmodelle.<\/p>\n","protected":false},"excerpt":{"rendered":"<p>Berichten zufolge m\u00f6chte das Bundesfinanzministerium die Stromsteuer auf EU-Ebene erneut erh\u00f6hen, was dem Koalitionsvertrag widerspricht. GdW-Chef Axel Gedaschko bef\u00fcrchtet, dass h\u00f6here Abgaben bestehende Investitionen in W\u00e4rmepumpen, Mieterstrom-Ideen und Photovoltaik-Anlagen herabsetzen und so die Dekarbonisierungsziele im Geb\u00e4udesegment gef\u00e4hrden. Dies f\u00fchre zu dauerhaft steigenden Energiekosten f\u00fcr Wohnungsunternehmer und Mieter und schw\u00e4che das Vertrauen in verl\u00e4ssliches staatliches Handeln<\/p>\n<div class=\"read-more\"><a href=\"https:\/\/www.doppelklicker.de\/blog\/bmf-koalitionsvertrag-gdw-stromsteuer-waermepumpen-mieterstrom\/\" title=\"Jetzt alles lesen\">Jetzt alles lesen<\/a><\/div>\n","protected":false},"author":8,"featured_media":12643,"comment_status":"open","ping_status":"open","sticky":false,"template":"","format":"standard","meta":[],"categories":[3305],"tags":[],"yoast_head":"<!-- This site is optimized with the Yoast SEO plugin v18.2 - https:\/\/yoast.com\/wordpress\/plugins\/seo\/ -->\n<meta name=\"robots\" content=\"index, follow, max-snippet:-1, max-image-preview:large, max-video-preview:-1\" \/>\n<link rel=\"canonical\" href=\"https:\/\/www.doppelklicker.de\/blog\/bmf-koalitionsvertrag-gdw-stromsteuer-waermepumpen-mieterstrom\/\" \/>\n<meta property=\"og:locale\" content=\"de_DE\" \/>\n<meta property=\"og:type\" content=\"article\" \/>\n<meta property=\"og:title\" content=\"Steuerpl\u00e4ne stehen in direktem Widerstreit zum Koalitionsvertrag und Klimaschutz\" \/>\n<meta property=\"og:description\" content=\"Berichten zufolge m\u00f6chte das Bundesfinanzministerium die Stromsteuer auf EU-Ebene erneut erh\u00f6hen, was dem Koalitionsvertrag widerspricht. GdW-Chef Axel Gedaschko bef\u00fcrchtet, dass h\u00f6here Abgaben bestehende Investitionen in W\u00e4rmepumpen, Mieterstrom-Ideen und Photovoltaik-Anlagen herabsetzen und so die Dekarbonisierungsziele im Geb\u00e4udesegment gef\u00e4hrden. Dies f\u00fchre zu dauerhaft steigenden Energiekosten f\u00fcr Wohnungsunternehmer und Mieter und schw\u00e4che das Vertrauen in verl\u00e4ssliches staatliches HandelnJetzt alles lesen\" \/>\n<meta property=\"og:url\" content=\"https:\/\/www.doppelklicker.de\/blog\/bmf-koalitionsvertrag-gdw-stromsteuer-waermepumpen-mieterstrom\/\" \/>\n<meta property=\"og:site_name\" content=\"Aus Mainz.\" \/>\n<meta property=\"article:published_time\" content=\"2026-09-02T08:00:00+00:00\" \/>\n<meta name=\"twitter:card\" content=\"summary_large_image\" \/>\n<meta name=\"twitter:label1\" content=\"Verfasst von\" \/>\n\t<meta name=\"twitter:data1\" content=\"Iris Martin\" \/>\n\t<meta name=\"twitter:label2\" content=\"Gesch\u00e4tzte Lesezeit\" \/>\n\t<meta name=\"twitter:data2\" content=\"3 Minuten\" \/>\n<script type=\"application\/ld+json\" class=\"yoast-schema-graph\">{\"@context\":\"https:\/\/schema.org\",\"@graph\":[{\"@type\":\"WebSite\",\"@id\":\"https:\/\/www.doppelklicker.de\/blog\/#website\",\"url\":\"https:\/\/www.doppelklicker.de\/blog\/\",\"name\":\"Aus Mainz.\",\"description\":\"F\u00fcr die Welt.\",\"potentialAction\":[{\"@type\":\"SearchAction\",\"target\":{\"@type\":\"EntryPoint\",\"urlTemplate\":\"https:\/\/www.doppelklicker.de\/blog\/?s={search_term_string}\"},\"query-input\":\"required name=search_term_string\"}],\"inLanguage\":\"de-DE\"},{\"@type\":\"ImageObject\",\"@id\":\"https:\/\/www.doppelklicker.de\/blog\/bmf-koalitionsvertrag-gdw-stromsteuer-waermepumpen-mieterstrom\/#primaryimage\",\"inLanguage\":\"de-DE\",\"url\":\"https:\/\/www.doppelklicker.de\/blog\/wp-content\/uploads\/2026\/09\/bundesfinanzministerium-will-stromsteuer-erhoehen-und-koalitionsvertrag-brechen.jpg\",\"contentUrl\":\"https:\/\/www.doppelklicker.de\/blog\/wp-content\/uploads\/2026\/09\/bundesfinanzministerium-will-stromsteuer-erhoehen-und-koalitionsvertrag-brechen.jpg\",\"width\":1280,\"height\":615,\"caption\":\"Steuerpl\u00e4ne stehen in direktem Widerstreit zum Koalitionsvertrag und Klimaschutz (Foto: AdobeStock - Miha Creative - 825406153)\"},{\"@type\":\"WebPage\",\"@id\":\"https:\/\/www.doppelklicker.de\/blog\/bmf-koalitionsvertrag-gdw-stromsteuer-waermepumpen-mieterstrom\/#webpage\",\"url\":\"https:\/\/www.doppelklicker.de\/blog\/bmf-koalitionsvertrag-gdw-stromsteuer-waermepumpen-mieterstrom\/\",\"name\":\"Steuerpl\u00e4ne stehen in direktem Widerstreit zum Koalitionsvertrag und Klimaschutz\",\"isPartOf\":{\"@id\":\"https:\/\/www.doppelklicker.de\/blog\/#website\"},\"primaryImageOfPage\":{\"@id\":\"https:\/\/www.doppelklicker.de\/blog\/bmf-koalitionsvertrag-gdw-stromsteuer-waermepumpen-mieterstrom\/#primaryimage\"},\"datePublished\":\"2026-09-02T08:00:00+00:00\",\"dateModified\":\"2026-09-02T08:00:00+00:00\",\"author\":{\"@id\":\"https:\/\/www.doppelklicker.de\/blog\/#\/schema\/person\/08dcac172bdb025e8ff433488184668a\"},\"breadcrumb\":{\"@id\":\"https:\/\/www.doppelklicker.de\/blog\/bmf-koalitionsvertrag-gdw-stromsteuer-waermepumpen-mieterstrom\/#breadcrumb\"},\"inLanguage\":\"de-DE\",\"potentialAction\":[{\"@type\":\"ReadAction\",\"target\":[\"https:\/\/www.doppelklicker.de\/blog\/bmf-koalitionsvertrag-gdw-stromsteuer-waermepumpen-mieterstrom\/\"]}]},{\"@type\":\"BreadcrumbList\",\"@id\":\"https:\/\/www.doppelklicker.de\/blog\/bmf-koalitionsvertrag-gdw-stromsteuer-waermepumpen-mieterstrom\/#breadcrumb\",\"itemListElement\":[{\"@type\":\"ListItem\",\"position\":1,\"name\":\"Startseite\",\"item\":\"https:\/\/www.doppelklicker.de\/blog\/\"},{\"@type\":\"ListItem\",\"position\":2,\"name\":\"Steuerpl\u00e4ne stehen in direktem Widerstreit zum Koalitionsvertrag und Klimaschutz\"}]},{\"@type\":\"Person\",\"@id\":\"https:\/\/www.doppelklicker.de\/blog\/#\/schema\/person\/08dcac172bdb025e8ff433488184668a\",\"name\":\"Iris Martin\",\"image\":{\"@type\":\"ImageObject\",\"@id\":\"https:\/\/www.doppelklicker.de\/blog\/#personlogo\",\"inLanguage\":\"de-DE\",\"url\":\"https:\/\/secure.gravatar.com\/avatar\/82fdaa093be0b9686b531f99fcb54d15?s=96&d=wp_user_avatar&r=g\",\"contentUrl\":\"https:\/\/secure.gravatar.com\/avatar\/82fdaa093be0b9686b531f99fcb54d15?s=96&d=wp_user_avatar&r=g\",\"caption\":\"Iris Martin\"},\"url\":\"https:\/\/www.doppelklicker.de\/blog\/author\/iris-martin\/\"}]}<\/script>\n<!-- \/ Yoast SEO plugin. -->","yoast_head_json":{"robots":{"index":"index","follow":"follow","max-snippet":"max-snippet:-1","max-image-preview":"max-image-preview:large","max-video-preview":"max-video-preview:-1"},"canonical":"https:\/\/www.doppelklicker.de\/blog\/bmf-koalitionsvertrag-gdw-stromsteuer-waermepumpen-mieterstrom\/","og_locale":"de_DE","og_type":"article","og_title":"Steuerpl\u00e4ne stehen in direktem Widerstreit zum Koalitionsvertrag und Klimaschutz","og_description":"Berichten zufolge m\u00f6chte das Bundesfinanzministerium die Stromsteuer auf EU-Ebene erneut erh\u00f6hen, was dem Koalitionsvertrag widerspricht. GdW-Chef Axel Gedaschko bef\u00fcrchtet, dass h\u00f6here Abgaben bestehende Investitionen in W\u00e4rmepumpen, Mieterstrom-Ideen und Photovoltaik-Anlagen herabsetzen und so die Dekarbonisierungsziele im Geb\u00e4udesegment gef\u00e4hrden. Dies f\u00fchre zu dauerhaft steigenden Energiekosten f\u00fcr Wohnungsunternehmer und Mieter und schw\u00e4che das Vertrauen in verl\u00e4ssliches staatliches HandelnJetzt alles lesen","og_url":"https:\/\/www.doppelklicker.de\/blog\/bmf-koalitionsvertrag-gdw-stromsteuer-waermepumpen-mieterstrom\/","og_site_name":"Aus Mainz.","article_published_time":"2026-09-02T08:00:00+00:00","twitter_card":"summary_large_image","twitter_misc":{"Verfasst von":"Iris Martin","Gesch\u00e4tzte Lesezeit":"3 Minuten"},"schema":{"@context":"https:\/\/schema.org","@graph":[{"@type":"WebSite","@id":"https:\/\/www.doppelklicker.de\/blog\/#website","url":"https:\/\/www.doppelklicker.de\/blog\/","name":"Aus Mainz.","description":"F\u00fcr die Welt.","potentialAction":[{"@type":"SearchAction","target":{"@type":"EntryPoint","urlTemplate":"https:\/\/www.doppelklicker.de\/blog\/?s={search_term_string}"},"query-input":"required name=search_term_string"}],"inLanguage":"de-DE"},{"@type":"ImageObject","@id":"https:\/\/www.doppelklicker.de\/blog\/bmf-koalitionsvertrag-gdw-stromsteuer-waermepumpen-mieterstrom\/#primaryimage","inLanguage":"de-DE","url":"https:\/\/www.doppelklicker.de\/blog\/wp-content\/uploads\/2026\/09\/bundesfinanzministerium-will-stromsteuer-erhoehen-und-koalitionsvertrag-brechen.jpg","contentUrl":"https:\/\/www.doppelklicker.de\/blog\/wp-content\/uploads\/2026\/09\/bundesfinanzministerium-will-stromsteuer-erhoehen-und-koalitionsvertrag-brechen.jpg","width":1280,"height":615,"caption":"Steuerpl\u00e4ne stehen in direktem Widerstreit zum Koalitionsvertrag und Klimaschutz (Foto: AdobeStock - Miha Creative - 825406153)"},{"@type":"WebPage","@id":"https:\/\/www.doppelklicker.de\/blog\/bmf-koalitionsvertrag-gdw-stromsteuer-waermepumpen-mieterstrom\/#webpage","url":"https:\/\/www.doppelklicker.de\/blog\/bmf-koalitionsvertrag-gdw-stromsteuer-waermepumpen-mieterstrom\/","name":"Steuerpl\u00e4ne stehen in direktem Widerstreit zum Koalitionsvertrag und Klimaschutz","isPartOf":{"@id":"https:\/\/www.doppelklicker.de\/blog\/#website"},"primaryImageOfPage":{"@id":"https:\/\/www.doppelklicker.de\/blog\/bmf-koalitionsvertrag-gdw-stromsteuer-waermepumpen-mieterstrom\/#primaryimage"},"datePublished":"2026-09-02T08:00:00+00:00","dateModified":"2026-09-02T08:00:00+00:00","author":{"@id":"https:\/\/www.doppelklicker.de\/blog\/#\/schema\/person\/08dcac172bdb025e8ff433488184668a"},"breadcrumb":{"@id":"https:\/\/www.doppelklicker.de\/blog\/bmf-koalitionsvertrag-gdw-stromsteuer-waermepumpen-mieterstrom\/#breadcrumb"},"inLanguage":"de-DE","potentialAction":[{"@type":"ReadAction","target":["https:\/\/www.doppelklicker.de\/blog\/bmf-koalitionsvertrag-gdw-stromsteuer-waermepumpen-mieterstrom\/"]}]},{"@type":"BreadcrumbList","@id":"https:\/\/www.doppelklicker.de\/blog\/bmf-koalitionsvertrag-gdw-stromsteuer-waermepumpen-mieterstrom\/#breadcrumb","itemListElement":[{"@type":"ListItem","position":1,"name":"Startseite","item":"https:\/\/www.doppelklicker.de\/blog\/"},{"@type":"ListItem","position":2,"name":"Steuerpl\u00e4ne stehen in direktem Widerstreit zum Koalitionsvertrag und Klimaschutz"}]},{"@type":"Person","@id":"https:\/\/www.doppelklicker.de\/blog\/#\/schema\/person\/08dcac172bdb025e8ff433488184668a","name":"Iris Martin","image":{"@type":"ImageObject","@id":"https:\/\/www.doppelklicker.de\/blog\/#personlogo","inLanguage":"de-DE","url":"https:\/\/secure.gravatar.com\/avatar\/82fdaa093be0b9686b531f99fcb54d15?s=96&d=wp_user_avatar&r=g","contentUrl":"https:\/\/secure.gravatar.com\/avatar\/82fdaa093be0b9686b531f99fcb54d15?s=96&d=wp_user_avatar&r=g","caption":"Iris Martin"},"url":"https:\/\/www.doppelklicker.de\/blog\/author\/iris-martin\/"}]}},"_links":{"self":[{"href":"https:\/\/www.doppelklicker.de\/blog\/wp-json\/wp\/v2\/posts\/12642"}],"collection":[{"href":"https:\/\/www.doppelklicker.de\/blog\/wp-json\/wp\/v2\/posts"}],"about":[{"href":"https:\/\/www.doppelklicker.de\/blog\/wp-json\/wp\/v2\/types\/post"}],"author":[{"embeddable":true,"href":"https:\/\/www.doppelklicker.de\/blog\/wp-json\/wp\/v2\/users\/8"}],"replies":[{"embeddable":true,"href":"https:\/\/www.doppelklicker.de\/blog\/wp-json\/wp\/v2\/comments?post=12642"}],"version-history":[{"count":0,"href":"https:\/\/www.doppelklicker.de\/blog\/wp-json\/wp\/v2\/posts\/12642\/revisions"}],"wp:featuredmedia":[{"embeddable":true,"href":"https:\/\/www.doppelklicker.de\/blog\/wp-json\/wp\/v2\/media\/12643"}],"wp:attachment":[{"href":"https:\/\/www.doppelklicker.de\/blog\/wp-json\/wp\/v2\/media?parent=12642"}],"wp:term":[{"taxonomy":"category","embeddable":true,"href":"https:\/\/www.doppelklicker.de\/blog\/wp-json\/wp\/v2\/categories?post=12642"},{"taxonomy":"post_tag","embeddable":true,"href":"https:\/\/www.doppelklicker.de\/blog\/wp-json\/wp\/v2\/tags?post=12642"}],"curies":[{"name":"wp","href":"https:\/\/api.w.org\/{rel}","templated":true}]}}