{"id":12650,"date":"2026-08-14T09:00:00","date_gmt":"2026-08-14T07:00:00","guid":{"rendered":"guid"},"modified":"2026-09-06T07:23:31","modified_gmt":"2026-09-06T07:23:31","slug":"airstream-world-traveler-17-leichter-caravan-bis-1-600-kg-fuer-tesla","status":"publish","type":"post","link":"https:\/\/www.doppelklicker.de\/blog\/airstream-world-traveler-17-leichter-caravan-bis-1-600-kg-fuer-tesla\/","title":{"rendered":"Leichter 4,50m Caravan mit gro\u00dfz\u00fcgigem Schlafbereich feiert Europapremiere 2026"},"content":{"rendered":"<p>Mit dem Airstream World Traveler 17 lanciert Airstream ein kompaktes Reisemobil, das Zugfahrzeuge bis 1.600 kg Anh\u00e4ngelast optimal nutzt. Die Au\u00dfenma\u00dfe von 4,50 m L\u00e4nge und 2,30 m Breite gew\u00e4hrleisten einfache Man\u00f6vrierbarkeit und niedrigen Verbrauch. Das Interieur kombiniert ein 1,40 m breites Bett, eine wandelbare Sitzgruppe sowie hochwertige Serienausstattung wie Klimaanlage, Markise und 24-Zoll-Fernseher. Die europ\u00e4ische Erstvorstellung findet 2026 beim Caravan Salon in D\u00fcsseldorf statt. Ab September 2026 ist es in Merenberg verf\u00fcgbar vorf\u00fchrbereit.<br \/>\n<!--more--><\/p>\n<div id=\"ez-toc-container\" class=\"ez-toc-v2_0_16 counter-hierarchy\">\n<div class=\"ez-toc-title-container\">\n<p class=\"ez-toc-title\">Inhaltsverzeichnis: Das erwartet Sie in diesem Artikel<\/p>\n<span class=\"ez-toc-title-toggle\"><a class=\"ez-toc-pull-right ez-toc-btn ez-toc-btn-xs ez-toc-btn-default ez-toc-toggle\" style=\"display: none;\"><i class=\"ez-toc-glyphicon ez-toc-icon-toggle\"><\/i><\/a><\/span><\/div>\n<nav><ul class=\"ez-toc-list ez-toc-list-level-1\"><li class=\"ez-toc-page-1 ez-toc-heading-level-2\"><a class=\"ez-toc-link ez-toc-heading-1\" href=\"https:\/\/www.doppelklicker.de\/blog\/airstream-world-traveler-17-leichter-caravan-bis-1-600-kg-fuer-tesla\/#neuer-world-traveler-17-ueberzeugt-mit-450-zentimetern-kompaktmass\" title=\"Neuer World Traveler 17 \u00fcberzeugt mit 450 Zentimetern Kompaktma\u00df\">Neuer World Traveler 17 \u00fcberzeugt mit 450 Zentimetern Kompaktma\u00df<\/a><\/li><li class=\"ez-toc-page-1 ez-toc-heading-level-2\"><a class=\"ez-toc-link ez-toc-heading-2\" href=\"https:\/\/www.doppelklicker.de\/blog\/airstream-world-traveler-17-leichter-caravan-bis-1-600-kg-fuer-tesla\/#neuer-world-traveler-17-zieht-1600kg-ohne-technische-nachruestung\" title=\"Neuer World Traveler 17 zieht 1.600?kg ohne technische Nachr\u00fcstung\">Neuer World Traveler 17 zieht 1.600?kg ohne technische Nachr\u00fcstung<\/a><\/li><li class=\"ez-toc-page-1 ez-toc-heading-level-2\"><a class=\"ez-toc-link ez-toc-heading-3\" href=\"https:\/\/www.doppelklicker.de\/blog\/airstream-world-traveler-17-leichter-caravan-bis-1-600-kg-fuer-tesla\/#kompakte-masse-ermoeglichen-wirklich-einfache-manoevrierbarkeit-und-aussergewoehnliches-raumgefuehl\" title=\"Kompakte Ma\u00dfe erm\u00f6glichen wirklich einfache Man\u00f6vrierbarkeit und au\u00dfergew\u00f6hnliches Raumgef\u00fchl\">Kompakte Ma\u00dfe erm\u00f6glichen wirklich einfache Man\u00f6vrierbarkeit und au\u00dfergew\u00f6hnliches Raumgef\u00fchl<\/a><\/li><li class=\"ez-toc-page-1 ez-toc-heading-level-2\"><a class=\"ez-toc-link ez-toc-heading-4\" href=\"https:\/\/www.doppelklicker.de\/blog\/airstream-world-traveler-17-leichter-caravan-bis-1-600-kg-fuer-tesla\/#klimaanlage-markise-24-zoll-fernseher-inklusive-trotz-maximalem-verzicht-auf-dachaufbauten\" title=\"Klimaanlage, Markise, 24-Zoll-Fernseher inklusive, trotz maximalem Verzicht auf Dachaufbauten\">Klimaanlage, Markise, 24-Zoll-Fernseher inklusive, trotz maximalem Verzicht auf Dachaufbauten<\/a><\/li><li class=\"ez-toc-page-1 ez-toc-heading-level-2\"><a class=\"ez-toc-link ez-toc-heading-5\" href=\"https:\/\/www.doppelklicker.de\/blog\/airstream-world-traveler-17-leichter-caravan-bis-1-600-kg-fuer-tesla\/#windschnittige-karosserie-ohne-dachinstallationen-senkt-energiebedarf-auf-langen-strecken\" title=\"Windschnittige Karosserie ohne Dachinstallationen senkt Energiebedarf auf langen Strecken\">Windschnittige Karosserie ohne Dachinstallationen senkt Energiebedarf auf langen Strecken<\/a><\/li><li class=\"ez-toc-page-1 ez-toc-heading-level-2\"><a class=\"ez-toc-link ez-toc-heading-6\" href=\"https:\/\/www.doppelklicker.de\/blog\/airstream-world-traveler-17-leichter-caravan-bis-1-600-kg-fuer-tesla\/#serienmaessig-frisch-grau-und-schwarzwassertanks-fuer-komfortables-autarkes-campen\" title=\"Serienm\u00e4\u00dfig Frisch-, Grau- und Schwarzwassertanks f\u00fcr komfortables autarkes Campen\">Serienm\u00e4\u00dfig Frisch-, Grau- und Schwarzwassertanks f\u00fcr komfortables autarkes Campen<\/a><\/li><li class=\"ez-toc-page-1 ez-toc-heading-level-2\"><a class=\"ez-toc-link ez-toc-heading-7\" href=\"https:\/\/www.doppelklicker.de\/blog\/airstream-world-traveler-17-leichter-caravan-bis-1-600-kg-fuer-tesla\/#world-traveler-17-ab-8-september-showroom-merenberg-erleben\" title=\"World Traveler 17 ab 8. September Showroom Merenberg erleben\">World Traveler 17 ab 8. September Showroom Merenberg erleben<\/a><\/li><li class=\"ez-toc-page-1 ez-toc-heading-level-2\"><a class=\"ez-toc-link ez-toc-heading-8\" href=\"https:\/\/www.doppelklicker.de\/blog\/airstream-world-traveler-17-leichter-caravan-bis-1-600-kg-fuer-tesla\/#all-inclusive-airstream-world-traveler-17-einstiegspreis-bei-78979-euro\" title=\"All-inclusive Airstream World Traveler 17 Einstiegspreis bei 78.979 Euro\">All-inclusive Airstream World Traveler 17 Einstiegspreis bei 78.979 Euro<\/a><\/li><\/ul><\/nav><\/div>\n<h2><span class=\"ez-toc-section\" id=\"neuer-world-traveler-17-ueberzeugt-mit-450-zentimetern-kompaktmass\"><\/span>Neuer World Traveler 17 \u00fcberzeugt mit 450 Zentimetern Kompaktma\u00df<span class=\"ez-toc-section-end\"><\/span><\/h2>\n<div id=\"attachment_12646\" style=\"width: 760px\" class=\"wp-caption alignleft\"><img aria-describedby=\"caption-attachment-12646\" loading=\"lazy\" src=\"https:\/\/www.doppelklicker.de\/wp-content\/uploads\/2026\/09\/compass-31303.jpg\" alt=\"Airstream World Traveler 17 mit Jeep Compass (Foto: Roka Werk GmbH)\" width=\"750\" height=\"600\" class=\"size-full wp-image-12646\" \/><p id=\"caption-attachment-12646\" class=\"wp-caption-text\">Airstream World Traveler 17 mit Jeep Compass (Foto: Roka Werk GmbH)<\/p><\/div>\n<p>Mit dem leichten World Traveler 17 erg\u00e4nzt Airstream seine World Traveler Serie um ein speziell entwickeltes Reisemobil f\u00fcr Pkw und E-Fahrzeuge mit einer Anh\u00e4ngelast von maximal 1.600 Kilogramm. Die kompakte L\u00e4nge von 4,50 Metern und die markentypische Aluminium-Au\u00dfenh\u00fclle bieten effizientes Handling und geringere Windresistenz. Fahrer von Modellen wie dem Tesla Model Y profitieren von einer ausgewogenen Kombination aus Mobilit\u00e4t, Komfort, Stabilit\u00e4t und schneller Montage ohne technische Nachr\u00fcstungen, hoher Sicherheit, Zuverl\u00e4ssigkeit.<\/p>\n<h2><span class=\"ez-toc-section\" id=\"neuer-world-traveler-17-zieht-1600kg-ohne-technische-nachruestung\"><\/span>Neuer World Traveler 17 zieht 1.600?kg ohne technische Nachr\u00fcstung<span class=\"ez-toc-section-end\"><\/span><\/h2>\n<p>Der Airstream World Traveler 17 ist f\u00fcr Fahrzeuge mit einer maximalen Anh\u00e4ngelast von 1.600?kg ausgelegt und erm\u00f6glicht Fahrern kompakter Limousinen, sportlicher SUVs oder moderner Elektroautos, einen hochwertigen Caravan ohne nachtr\u00e4gliche technische Modifikationen zu transportieren. Die durchdachte Gewichtsoptimierung in Verbindung mit der robusten Aluminiumkarosserie gew\u00e4hrleistet sichere Fahrt und punktet mit einfacher Handhabung. So stehen Abenteuerlustigen alle T\u00fcren offen, um stilvoll und unabh\u00e4ngig neue Reiseziele zu entdecken jederzeit ohne Einschr\u00e4nkungen und komfortabel.<\/p>\n<h2><span class=\"ez-toc-section\" id=\"kompakte-masse-ermoeglichen-wirklich-einfache-manoevrierbarkeit-und-aussergewoehnliches-raumgefuehl\"><\/span>Kompakte Ma\u00dfe erm\u00f6glichen wirklich einfache Man\u00f6vrierbarkeit und au\u00dfergew\u00f6hnliches Raumgef\u00fchl<span class=\"ez-toc-section-end\"><\/span><\/h2>\n<div id=\"attachment_12647\" style=\"width: 760px\" class=\"wp-caption alignleft\"><img aria-describedby=\"caption-attachment-12647\" loading=\"lazy\" src=\"https:\/\/www.doppelklicker.de\/wp-content\/uploads\/2026\/09\/compass-31304.jpg\" alt=\"Airstream World Traveler 17 mit Jeep Compass (Foto: Roka Werk GmbH)\" width=\"750\" height=\"600\" class=\"size-full wp-image-12647\" \/><p id=\"caption-attachment-12647\" class=\"wp-caption-text\">Airstream World Traveler 17 mit Jeep Compass (Foto: Roka Werk GmbH)<\/p><\/div>\n<p>Mit einer kompakten Gesamtbreite von nur 2,30 Metern statt \u00fcblichen 2,50 Metern und einer Aufbau-L\u00e4nge von 4,50 Metern bietet der World Traveler 17 bei Man\u00f6vrierman\u00f6vern und Parkvorg\u00e4ngen besonders hohe Wendigkeit. Trotz seiner kompakten \u00e4u\u00dferen Dimensionen \u00fcberzeugt das Interieur mit einem 1,40 Meter breiten Doppelbett sowie einer multifunktionalen Sitzgruppe, die bei Bedarf in Schlafgelegenheiten umgewandelt werden kann, und er\u00f6ffnet so ein bislang in diesem Segment unerreichtes Raumerlebnis mit gro\u00dfz\u00fcgiger au\u00dfergew\u00f6hnlicher Bewegungsfreiheit.<\/p>\n<h2><span class=\"ez-toc-section\" id=\"klimaanlage-markise-24-zoll-fernseher-inklusive-trotz-maximalem-verzicht-auf-dachaufbauten\"><\/span>Klimaanlage, Markise, 24-Zoll-Fernseher inklusive, trotz maximalem Verzicht auf Dachaufbauten<span class=\"ez-toc-section-end\"><\/span><\/h2>\n<p>Die technische Ausstattung des World Traveler 22 wurde gr\u00f6\u00dftenteils in das Leichtgewicht des World Traveler 17 \u00fcbernommen. Highlights sind eine kompakte Klimaanlage im Staukasten, eine robuste Markise und ein 24-Zoll-Fernseher. Durch den bewussten Verzicht auf Dachaufbauten wie Dachl\u00fcfter oder Solarpaneele bleibt die Eleganz der Airstream-Silhouette erhalten. Zugleich sinkt das Leergewicht deutlich und der optimierte Luftwiderstand steigert Reichweite, Fahrstabilit\u00e4t sowie Energieeffizienz sp\u00fcrbar auf langen Touren nachhaltig, zuverl\u00e4ssig, \u00f6kologisch und komfortorientiert, erm\u00fcdungsfrei.<\/p>\n<h2><span class=\"ez-toc-section\" id=\"windschnittige-karosserie-ohne-dachinstallationen-senkt-energiebedarf-auf-langen-strecken\"><\/span>Windschnittige Karosserie ohne Dachinstallationen senkt Energiebedarf auf langen Strecken<span class=\"ez-toc-section-end\"><\/span><\/h2>\n<p>Die Abwesenheit von Dachklimaanlage und Aufbauten erm\u00f6glicht eine unver\u00e4nderte, aerodynamische Karosserieform mit geringerem Luftwiderstandsbeiwert. Eine schlankere Silhouette f\u00fchrt zu weniger Turbulenzen und reduziertem Str\u00f6mungsabriss, sodass das Zugfahrzeug weniger Kraftstoff beziehungsweise elektrische Energie verbraucht. Auf l\u00e4ngeren Reiserouten wirkt sich diese Effizienzsteigerung in Form von erweiterten Fahrdistanzen und niedrigeren Betriebskosten aus. Zus\u00e4tzlich verringern sich Windger\u00e4usche, wodurch der Fahrkomfort und die Ruhe im Innenraum zunehmen. Das Design \u00fcberzeugt zugleich durch Eleganz und Effizienz.<\/p>\n<h2><span class=\"ez-toc-section\" id=\"serienmaessig-frisch-grau-und-schwarzwassertanks-fuer-komfortables-autarkes-campen\"><\/span>Serienm\u00e4\u00dfig Frisch-, Grau- und Schwarzwassertanks f\u00fcr komfortables autarkes Campen<span class=\"ez-toc-section-end\"><\/span><\/h2>\n<div id=\"attachment_12648\" style=\"width: 760px\" class=\"wp-caption alignleft\"><img aria-describedby=\"caption-attachment-12648\" loading=\"lazy\" src=\"https:\/\/www.doppelklicker.de\/wp-content\/uploads\/2026\/09\/grundriss-31305.jpg\" alt=\"Airstream World Traveler 17 Grundriss (Foto: Roka Werk GmbH)\" width=\"750\" height=\"600\" class=\"size-full wp-image-12648\" \/><p id=\"caption-attachment-12648\" class=\"wp-caption-text\">Airstream World Traveler 17 Grundriss (Foto: Roka Werk GmbH)<\/p><\/div>\n<p>Die vollst\u00e4ndig wasserfeste Nasszelle bietet eine ger\u00e4umige Sp\u00fcltoilette und eine separierte Duschkabine mit robusten Abdichtungen. F\u00fcr autarkes Campen sind Frischwasser-, Grauwasser- und Schwarzwassertanks direkt an Bord integriert. Wartungszugang und Reinigung der Tanks erfolgen \u00fcber leicht erreichbare Serviceklappen. Eine optionale LiFePO?-Batterie erm\u00f6glicht langlebige Energiespeicherung. Flexible Solarmodule k\u00f6nnen unabh\u00e4ngig auf dem Dach montiert werden, um nachhaltigen Strom f\u00fcr Beleuchtung, Wasserpumpe und Ger\u00e4te ohne externen Anschluss zu erzeugen und erh\u00f6hen sp\u00fcrbar Komfort unterwegs.<\/p>\n<h2><span class=\"ez-toc-section\" id=\"world-traveler-17-ab-8-september-showroom-merenberg-erleben\"><\/span>World Traveler 17 ab 8. September Showroom Merenberg erleben<span class=\"ez-toc-section-end\"><\/span><\/h2>\n<p>Vom 26. August bis 6. September 2026 pr\u00e4sentiert Airstream den neuen World Traveler 17 erstmalig in Europa auf dem Caravan Salon in D\u00fcsseldorf. Die Ausstellung erfolgt in Halle 16 am Stand A42. Ab dem 8. September ist das Reisemobil im Airstream Germany Showroom in Merenberg zu besichtigen. Beim Open Weekend am 19. und 20. September 2026 steht der Kleinstcaravan jeweils ganzt\u00e4gig f\u00fcr Fachpublikum und Endkunden zur Verf\u00fcgung. Eintritt ist kostenfrei.<\/p>\n<h2><span class=\"ez-toc-section\" id=\"all-inclusive-airstream-world-traveler-17-einstiegspreis-bei-78979-euro\"><\/span>All-inclusive Airstream World Traveler 17 Einstiegspreis bei 78.979 Euro<span class=\"ez-toc-section-end\"><\/span><\/h2>\n<p>Mit einem Grundpreis von 78.979 Euro bietet das Reisemobil einen Rundum-Service, der den internationalen Transport von den Produktionsanlagen in den USA, die Entrichtung der Zollabgaben, die T\u00dcV-Genehmigung sowie die gesetzliche Mehrwertsteuer von 19 Prozent einschlie\u00dft. Im serienm\u00e4\u00dfigen Lieferumfang sind bereits eine elektrische Markise, eine leistungsf\u00e4hige Klimaanlage und ein flacher 24-Zoll-Fernseher integriert, sodass f\u00fcr die Basisausstattung keine weiteren Investitionen n\u00f6tig sind. Erweiterungsoptionen lassen sich zus\u00e4tzlich buchen, um den Komfort zu steigern.<\/p>\n<p>Mit dem World Traveler 17 stellt Airstream einen kompakten Caravan vor, der klassische Aluminium-Optik mit innovativer Leichtbautechnologie vereint. Auf einer Aufbau-Fl\u00e4che von 4,50 Metern L\u00e4nge und 2,30 Metern Breite finden Doppelbett, K\u00fcchenzeile und Nasszelle Platz. Serienausstattung wie Klimaanlage, Markise und Fernseher garantiert Reisekomfort. Die windschnittige Silhouette ohne Dachaufbauten optimiert Fahrdynamik und Verbrauch. Optional bietet das Modell Solarmodule und eine LiFePO?-Batterie f\u00fcr nachhaltige Stromversorgung an. Robuste Nasszelle erm\u00f6glicht autarkes Camping jederzeit.<\/p>\n","protected":false},"excerpt":{"rendered":"<p>Mit dem Airstream World Traveler 17 lanciert Airstream ein kompaktes Reisemobil, das Zugfahrzeuge bis 1.600 kg Anh\u00e4ngelast optimal nutzt. Die Au\u00dfenma\u00dfe von 4,50 m L\u00e4nge und 2,30 m Breite gew\u00e4hrleisten einfache Man\u00f6vrierbarkeit und niedrigen Verbrauch. Das Interieur kombiniert ein 1,40 m breites Bett, eine wandelbare Sitzgruppe sowie hochwertige Serienausstattung wie Klimaanlage, Markise und 24-Zoll-Fernseher. Die<\/p>\n<div class=\"read-more\"><a href=\"https:\/\/www.doppelklicker.de\/blog\/airstream-world-traveler-17-leichter-caravan-bis-1-600-kg-fuer-tesla\/\" title=\"Jetzt alles lesen\">Jetzt alles lesen<\/a><\/div>\n","protected":false},"author":8,"featured_media":12649,"comment_status":"open","ping_status":"open","sticky":false,"template":"","format":"standard","meta":[],"categories":[3305],"tags":[],"yoast_head":"<!-- This site is optimized with the Yoast SEO plugin v18.2 - https:\/\/yoast.com\/wordpress\/plugins\/seo\/ -->\n<meta name=\"robots\" content=\"index, follow, max-snippet:-1, max-image-preview:large, max-video-preview:-1\" \/>\n<link rel=\"canonical\" href=\"https:\/\/www.doppelklicker.de\/blog\/airstream-world-traveler-17-leichter-caravan-bis-1-600-kg-fuer-tesla\/\" \/>\n<meta property=\"og:locale\" content=\"de_DE\" \/>\n<meta property=\"og:type\" content=\"article\" \/>\n<meta property=\"og:title\" content=\"Leichter 4,50m Caravan mit gro\u00dfz\u00fcgigem Schlafbereich feiert Europapremiere 2026\" \/>\n<meta property=\"og:description\" content=\"Mit dem Airstream World Traveler 17 lanciert Airstream ein kompaktes Reisemobil, das Zugfahrzeuge bis 1.600 kg Anh\u00e4ngelast optimal nutzt. Die Au\u00dfenma\u00dfe von 4,50 m L\u00e4nge und 2,30 m Breite gew\u00e4hrleisten einfache Man\u00f6vrierbarkeit und niedrigen Verbrauch. Das Interieur kombiniert ein 1,40 m breites Bett, eine wandelbare Sitzgruppe sowie hochwertige Serienausstattung wie Klimaanlage, Markise und 24-Zoll-Fernseher. DieJetzt alles lesen\" \/>\n<meta property=\"og:url\" content=\"https:\/\/www.doppelklicker.de\/blog\/airstream-world-traveler-17-leichter-caravan-bis-1-600-kg-fuer-tesla\/\" \/>\n<meta property=\"og:site_name\" content=\"Aus Mainz.\" \/>\n<meta property=\"article:published_time\" content=\"2026-08-14T07:00:00+00:00\" \/>\n<meta property=\"article:modified_time\" content=\"2026-09-06T07:23:31+00:00\" \/>\n<meta property=\"og:image\" content=\"https:\/\/www.doppelklicker.de\/blog\/wp-content\/uploads\/2026\/09\/airstream-world-traveler-17-kompakter-caravan-fahrzeuge-bis-31306.jpg\" \/>\n\t<meta property=\"og:image:width\" content=\"1280\" \/>\n\t<meta property=\"og:image:height\" content=\"615\" \/>\n\t<meta property=\"og:image:type\" content=\"image\/jpeg\" \/>\n<meta name=\"twitter:card\" content=\"summary_large_image\" \/>\n<meta name=\"twitter:label1\" content=\"Verfasst von\" \/>\n\t<meta name=\"twitter:data1\" content=\"Iris Martin\" \/>\n\t<meta name=\"twitter:label2\" content=\"Gesch\u00e4tzte Lesezeit\" \/>\n\t<meta name=\"twitter:data2\" content=\"4 Minuten\" \/>\n<script type=\"application\/ld+json\" class=\"yoast-schema-graph\">{\"@context\":\"https:\/\/schema.org\",\"@graph\":[{\"@type\":\"WebSite\",\"@id\":\"https:\/\/www.doppelklicker.de\/blog\/#website\",\"url\":\"https:\/\/www.doppelklicker.de\/blog\/\",\"name\":\"Aus Mainz.\",\"description\":\"F\u00fcr die Welt.\",\"potentialAction\":[{\"@type\":\"SearchAction\",\"target\":{\"@type\":\"EntryPoint\",\"urlTemplate\":\"https:\/\/www.doppelklicker.de\/blog\/?s={search_term_string}\"},\"query-input\":\"required name=search_term_string\"}],\"inLanguage\":\"de-DE\"},{\"@type\":\"ImageObject\",\"@id\":\"https:\/\/www.doppelklicker.de\/blog\/airstream-world-traveler-17-leichter-caravan-bis-1-600-kg-fuer-tesla\/#primaryimage\",\"inLanguage\":\"de-DE\",\"url\":\"https:\/\/www.doppelklicker.de\/blog\/wp-content\/uploads\/2026\/09\/airstream-world-traveler-17-kompakter-caravan-fahrzeuge-bis-31306.jpg\",\"contentUrl\":\"https:\/\/www.doppelklicker.de\/blog\/wp-content\/uploads\/2026\/09\/airstream-world-traveler-17-kompakter-caravan-fahrzeuge-bis-31306.jpg\",\"width\":1280,\"height\":615,\"caption\":\"Leichter 4,50m Caravan mit gro\u00dfz\u00fcgigem Schlafbereich feiert Europapremiere 2026 (Foto: Roka Werk GmbH)\"},{\"@type\":\"WebPage\",\"@id\":\"https:\/\/www.doppelklicker.de\/blog\/airstream-world-traveler-17-leichter-caravan-bis-1-600-kg-fuer-tesla\/#webpage\",\"url\":\"https:\/\/www.doppelklicker.de\/blog\/airstream-world-traveler-17-leichter-caravan-bis-1-600-kg-fuer-tesla\/\",\"name\":\"Leichter 4,50m Caravan mit gro\u00dfz\u00fcgigem Schlafbereich feiert Europapremiere 2026\",\"isPartOf\":{\"@id\":\"https:\/\/www.doppelklicker.de\/blog\/#website\"},\"primaryImageOfPage\":{\"@id\":\"https:\/\/www.doppelklicker.de\/blog\/airstream-world-traveler-17-leichter-caravan-bis-1-600-kg-fuer-tesla\/#primaryimage\"},\"datePublished\":\"2026-08-14T07:00:00+00:00\",\"dateModified\":\"2026-09-06T07:23:31+00:00\",\"author\":{\"@id\":\"https:\/\/www.doppelklicker.de\/blog\/#\/schema\/person\/08dcac172bdb025e8ff433488184668a\"},\"breadcrumb\":{\"@id\":\"https:\/\/www.doppelklicker.de\/blog\/airstream-world-traveler-17-leichter-caravan-bis-1-600-kg-fuer-tesla\/#breadcrumb\"},\"inLanguage\":\"de-DE\",\"potentialAction\":[{\"@type\":\"ReadAction\",\"target\":[\"https:\/\/www.doppelklicker.de\/blog\/airstream-world-traveler-17-leichter-caravan-bis-1-600-kg-fuer-tesla\/\"]}]},{\"@type\":\"BreadcrumbList\",\"@id\":\"https:\/\/www.doppelklicker.de\/blog\/airstream-world-traveler-17-leichter-caravan-bis-1-600-kg-fuer-tesla\/#breadcrumb\",\"itemListElement\":[{\"@type\":\"ListItem\",\"position\":1,\"name\":\"Startseite\",\"item\":\"https:\/\/www.doppelklicker.de\/blog\/\"},{\"@type\":\"ListItem\",\"position\":2,\"name\":\"Leichter 4,50m Caravan mit gro\u00dfz\u00fcgigem Schlafbereich feiert Europapremiere 2026\"}]},{\"@type\":\"Person\",\"@id\":\"https:\/\/www.doppelklicker.de\/blog\/#\/schema\/person\/08dcac172bdb025e8ff433488184668a\",\"name\":\"Iris Martin\",\"image\":{\"@type\":\"ImageObject\",\"@id\":\"https:\/\/www.doppelklicker.de\/blog\/#personlogo\",\"inLanguage\":\"de-DE\",\"url\":\"https:\/\/secure.gravatar.com\/avatar\/82fdaa093be0b9686b531f99fcb54d15?s=96&d=wp_user_avatar&r=g\",\"contentUrl\":\"https:\/\/secure.gravatar.com\/avatar\/82fdaa093be0b9686b531f99fcb54d15?s=96&d=wp_user_avatar&r=g\",\"caption\":\"Iris Martin\"},\"url\":\"https:\/\/www.doppelklicker.de\/blog\/author\/iris-martin\/\"}]}<\/script>\n<!-- \/ Yoast SEO plugin. -->","yoast_head_json":{"robots":{"index":"index","follow":"follow","max-snippet":"max-snippet:-1","max-image-preview":"max-image-preview:large","max-video-preview":"max-video-preview:-1"},"canonical":"https:\/\/www.doppelklicker.de\/blog\/airstream-world-traveler-17-leichter-caravan-bis-1-600-kg-fuer-tesla\/","og_locale":"de_DE","og_type":"article","og_title":"Leichter 4,50m Caravan mit gro\u00dfz\u00fcgigem Schlafbereich feiert Europapremiere 2026","og_description":"Mit dem Airstream World Traveler 17 lanciert Airstream ein kompaktes Reisemobil, das Zugfahrzeuge bis 1.600 kg Anh\u00e4ngelast optimal nutzt. Die Au\u00dfenma\u00dfe von 4,50 m L\u00e4nge und 2,30 m Breite gew\u00e4hrleisten einfache Man\u00f6vrierbarkeit und niedrigen Verbrauch. Das Interieur kombiniert ein 1,40 m breites Bett, eine wandelbare Sitzgruppe sowie hochwertige Serienausstattung wie Klimaanlage, Markise und 24-Zoll-Fernseher. DieJetzt alles lesen","og_url":"https:\/\/www.doppelklicker.de\/blog\/airstream-world-traveler-17-leichter-caravan-bis-1-600-kg-fuer-tesla\/","og_site_name":"Aus Mainz.","article_published_time":"2026-08-14T07:00:00+00:00","article_modified_time":"2026-09-06T07:23:31+00:00","og_image":[{"width":1280,"height":615,"url":"https:\/\/www.doppelklicker.de\/blog\/wp-content\/uploads\/2026\/09\/airstream-world-traveler-17-kompakter-caravan-fahrzeuge-bis-31306.jpg","type":"image\/jpeg"}],"twitter_card":"summary_large_image","twitter_misc":{"Verfasst von":"Iris Martin","Gesch\u00e4tzte Lesezeit":"4 Minuten"},"schema":{"@context":"https:\/\/schema.org","@graph":[{"@type":"WebSite","@id":"https:\/\/www.doppelklicker.de\/blog\/#website","url":"https:\/\/www.doppelklicker.de\/blog\/","name":"Aus Mainz.","description":"F\u00fcr die Welt.","potentialAction":[{"@type":"SearchAction","target":{"@type":"EntryPoint","urlTemplate":"https:\/\/www.doppelklicker.de\/blog\/?s={search_term_string}"},"query-input":"required name=search_term_string"}],"inLanguage":"de-DE"},{"@type":"ImageObject","@id":"https:\/\/www.doppelklicker.de\/blog\/airstream-world-traveler-17-leichter-caravan-bis-1-600-kg-fuer-tesla\/#primaryimage","inLanguage":"de-DE","url":"https:\/\/www.doppelklicker.de\/blog\/wp-content\/uploads\/2026\/09\/airstream-world-traveler-17-kompakter-caravan-fahrzeuge-bis-31306.jpg","contentUrl":"https:\/\/www.doppelklicker.de\/blog\/wp-content\/uploads\/2026\/09\/airstream-world-traveler-17-kompakter-caravan-fahrzeuge-bis-31306.jpg","width":1280,"height":615,"caption":"Leichter 4,50m Caravan mit gro\u00dfz\u00fcgigem Schlafbereich feiert Europapremiere 2026 (Foto: Roka Werk GmbH)"},{"@type":"WebPage","@id":"https:\/\/www.doppelklicker.de\/blog\/airstream-world-traveler-17-leichter-caravan-bis-1-600-kg-fuer-tesla\/#webpage","url":"https:\/\/www.doppelklicker.de\/blog\/airstream-world-traveler-17-leichter-caravan-bis-1-600-kg-fuer-tesla\/","name":"Leichter 4,50m Caravan mit gro\u00dfz\u00fcgigem Schlafbereich feiert Europapremiere 2026","isPartOf":{"@id":"https:\/\/www.doppelklicker.de\/blog\/#website"},"primaryImageOfPage":{"@id":"https:\/\/www.doppelklicker.de\/blog\/airstream-world-traveler-17-leichter-caravan-bis-1-600-kg-fuer-tesla\/#primaryimage"},"datePublished":"2026-08-14T07:00:00+00:00","dateModified":"2026-09-06T07:23:31+00:00","author":{"@id":"https:\/\/www.doppelklicker.de\/blog\/#\/schema\/person\/08dcac172bdb025e8ff433488184668a"},"breadcrumb":{"@id":"https:\/\/www.doppelklicker.de\/blog\/airstream-world-traveler-17-leichter-caravan-bis-1-600-kg-fuer-tesla\/#breadcrumb"},"inLanguage":"de-DE","potentialAction":[{"@type":"ReadAction","target":["https:\/\/www.doppelklicker.de\/blog\/airstream-world-traveler-17-leichter-caravan-bis-1-600-kg-fuer-tesla\/"]}]},{"@type":"BreadcrumbList","@id":"https:\/\/www.doppelklicker.de\/blog\/airstream-world-traveler-17-leichter-caravan-bis-1-600-kg-fuer-tesla\/#breadcrumb","itemListElement":[{"@type":"ListItem","position":1,"name":"Startseite","item":"https:\/\/www.doppelklicker.de\/blog\/"},{"@type":"ListItem","position":2,"name":"Leichter 4,50m Caravan mit gro\u00dfz\u00fcgigem Schlafbereich feiert Europapremiere 2026"}]},{"@type":"Person","@id":"https:\/\/www.doppelklicker.de\/blog\/#\/schema\/person\/08dcac172bdb025e8ff433488184668a","name":"Iris Martin","image":{"@type":"ImageObject","@id":"https:\/\/www.doppelklicker.de\/blog\/#personlogo","inLanguage":"de-DE","url":"https:\/\/secure.gravatar.com\/avatar\/82fdaa093be0b9686b531f99fcb54d15?s=96&d=wp_user_avatar&r=g","contentUrl":"https:\/\/secure.gravatar.com\/avatar\/82fdaa093be0b9686b531f99fcb54d15?s=96&d=wp_user_avatar&r=g","caption":"Iris Martin"},"url":"https:\/\/www.doppelklicker.de\/blog\/author\/iris-martin\/"}]}},"_links":{"self":[{"href":"https:\/\/www.doppelklicker.de\/blog\/wp-json\/wp\/v2\/posts\/12650"}],"collection":[{"href":"https:\/\/www.doppelklicker.de\/blog\/wp-json\/wp\/v2\/posts"}],"about":[{"href":"https:\/\/www.doppelklicker.de\/blog\/wp-json\/wp\/v2\/types\/post"}],"author":[{"embeddable":true,"href":"https:\/\/www.doppelklicker.de\/blog\/wp-json\/wp\/v2\/users\/8"}],"replies":[{"embeddable":true,"href":"https:\/\/www.doppelklicker.de\/blog\/wp-json\/wp\/v2\/comments?post=12650"}],"version-history":[{"count":0,"href":"https:\/\/www.doppelklicker.de\/blog\/wp-json\/wp\/v2\/posts\/12650\/revisions"}],"wp:featuredmedia":[{"embeddable":true,"href":"https:\/\/www.doppelklicker.de\/blog\/wp-json\/wp\/v2\/media\/12649"}],"wp:attachment":[{"href":"https:\/\/www.doppelklicker.de\/blog\/wp-json\/wp\/v2\/media?parent=12650"}],"wp:term":[{"taxonomy":"category","embeddable":true,"href":"https:\/\/www.doppelklicker.de\/blog\/wp-json\/wp\/v2\/categories?post=12650"},{"taxonomy":"post_tag","embeddable":true,"href":"https:\/\/www.doppelklicker.de\/blog\/wp-json\/wp\/v2\/tags?post=12650"}],"curies":[{"name":"wp","href":"https:\/\/api.w.org\/{rel}","templated":true}]}}