{"id":12669,"date":"2026-08-25T10:00:00","date_gmt":"2026-08-25T08:00:00","guid":{"rendered":"guid"},"modified":"2026-09-06T17:30:49","modified_gmt":"2026-09-06T17:30:49","slug":"stadtradeln-im-landratsamt-donau-ries-donauwoerth-961-840-km","status":"publish","type":"post","link":"https:\/\/www.doppelklicker.de\/blog\/stadtradeln-im-landratsamt-donau-ries-donauwoerth-961-840-km\/","title":{"rendered":"Zukunftsprojekt: Ausbau sicherer Radwege f\u00fcr deutlich alltagstaugliche Mobilit\u00e4t geplant"},"content":{"rendered":"<p>Die Stadtradeln-Aktion im Landkreis Donau-Ries mobilisierte 3.411 Teilnehmer, die w\u00e4hrend eines dreiw\u00f6chigen Zeitraums 961.840 Kilometer per Fahrrad zur\u00fccklegten und dadurch rund 158 Tonnen CO2 einsparen konnten. Bei der Ehrung im Donauw\u00f6rther Landratsamt wurden herausragende Teams, einzelne Radfahrer und Schulen wie die Gebr\u00fcder-R\u00f6ls-Grundschule Donauw\u00f6rth ausgezeichnet. In zuk\u00fcnftigen Ma\u00dfnahmen liegt der Fokus auf dem Ausbau sicherer Radwege sowie der Verbesserung der Alltagstauglichkeit von Fahrradstrecken im gesamten Kreisgebiet. F\u00f6rderprogramme, Initiativen und lokale Partnerschaften begleiten das Vorhaben.<br \/>\n<!--more--><\/p>\n<div id=\"ez-toc-container\" class=\"ez-toc-v2_0_16 counter-hierarchy\">\n<div class=\"ez-toc-title-container\">\n<p class=\"ez-toc-title\">Inhaltsverzeichnis: Das erwartet Sie in diesem Artikel<\/p>\n<span class=\"ez-toc-title-toggle\"><a class=\"ez-toc-pull-right ez-toc-btn ez-toc-btn-xs ez-toc-btn-default ez-toc-toggle\" style=\"display: none;\"><i class=\"ez-toc-glyphicon ez-toc-icon-toggle\"><\/i><\/a><\/span><\/div>\n<nav><ul class=\"ez-toc-list ez-toc-list-level-1\"><li class=\"ez-toc-page-1 ez-toc-heading-level-2\"><a class=\"ez-toc-link ez-toc-heading-1\" href=\"https:\/\/www.doppelklicker.de\/blog\/stadtradeln-im-landratsamt-donau-ries-donauwoerth-961-840-km\/#411-teilnehmer-radeln-gemeinsam-961840-kilometer-erfolgreich-fuer-klimaschutz\" title=\"411 Teilnehmer radeln gemeinsam 961.840 Kilometer erfolgreich f\u00fcr Klimaschutz\">411 Teilnehmer radeln gemeinsam 961.840 Kilometer erfolgreich f\u00fcr Klimaschutz<\/a><\/li><li class=\"ez-toc-page-1 ez-toc-heading-level-2\"><a class=\"ez-toc-link ez-toc-heading-2\" href=\"https:\/\/www.doppelklicker.de\/blog\/stadtradeln-im-landratsamt-donau-ries-donauwoerth-961-840-km\/#stadtradeln-motiviert-3411-teilnehmer-im-landkreis-zu-klimafreundlicher-alltagsmobilitaet\" title=\"Stadtradeln motiviert 3.411 Teilnehmer im Landkreis zu klimafreundlicher Alltagsmobilit\u00e4t\">Stadtradeln motiviert 3.411 Teilnehmer im Landkreis zu klimafreundlicher Alltagsmobilit\u00e4t<\/a><\/li><li class=\"ez-toc-page-1 ez-toc-heading-level-2\"><a class=\"ez-toc-link ez-toc-heading-3\" href=\"https:\/\/www.doppelklicker.de\/blog\/stadtradeln-im-landratsamt-donau-ries-donauwoerth-961-840-km\/#umweltprojekt-schulradeln-foerdert-zusammenhalt-und-nachhaltigkeit-stark-unter-schuelern\" title=\"Umweltprojekt Schulradeln f\u00f6rdert zusammenhalt und Nachhaltigkeit stark unter Sch\u00fclern\">Umweltprojekt Schulradeln f\u00f6rdert zusammenhalt und Nachhaltigkeit stark unter Sch\u00fclern<\/a><\/li><li class=\"ez-toc-page-1 ez-toc-heading-level-2\"><a class=\"ez-toc-link ez-toc-heading-4\" href=\"https:\/\/www.doppelklicker.de\/blog\/stadtradeln-im-landratsamt-donau-ries-donauwoerth-961-840-km\/#drei-top-teams-liefern-beeindruckende-kilometern-ansporn-fuer-alle-radelnden\" title=\"Drei Top-Teams liefern beeindruckende Kilometern: Ansporn f\u00fcr alle Radelnden\">Drei Top-Teams liefern beeindruckende Kilometern: Ansporn f\u00fcr alle Radelnden<\/a><\/li><li class=\"ez-toc-page-1 ez-toc-heading-level-2\"><a class=\"ez-toc-link ez-toc-heading-5\" href=\"https:\/\/www.doppelklicker.de\/blog\/stadtradeln-im-landratsamt-donau-ries-donauwoerth-961-840-km\/#spitzenleistungen-im-wettbewerb-solo-fahrer-erstrampeln-tausende-von-kilometern-gemeinsam\" title=\"Spitzenleistungen im Wettbewerb: Solo-Fahrer erstrampeln Tausende von Kilometern gemeinsam\">Spitzenleistungen im Wettbewerb: Solo-Fahrer erstrampeln Tausende von Kilometern gemeinsam<\/a><\/li><li class=\"ez-toc-page-1 ez-toc-heading-level-2\"><a class=\"ez-toc-link ez-toc-heading-6\" href=\"https:\/\/www.doppelklicker.de\/blog\/stadtradeln-im-landratsamt-donau-ries-donauwoerth-961-840-km\/#albrecht-ernst-gymnasium-oettingen-erradelt-2787-kilometer-pro-kopf-und-siegt\" title=\"Albrecht-Ernst-Gymnasium Oettingen erradelt 278,7 Kilometer pro Kopf und siegt\">Albrecht-Ernst-Gymnasium Oettingen erradelt 278,7 Kilometer pro Kopf und siegt<\/a><\/li><li class=\"ez-toc-page-1 ez-toc-heading-level-2\"><a class=\"ez-toc-link ez-toc-heading-7\" href=\"https:\/\/www.doppelklicker.de\/blog\/stadtradeln-im-landratsamt-donau-ries-donauwoerth-961-840-km\/#kreisweite-infrastrukturoffensive-staerkt-fahrradnutzung-und-sichert-zahlreiche-teilnehmer-langfristig\" title=\"Kreisweite Infrastrukturoffensive st\u00e4rkt Fahrradnutzung und sichert zahlreiche Teilnehmer langfristig\">Kreisweite Infrastrukturoffensive st\u00e4rkt Fahrradnutzung und sichert zahlreiche Teilnehmer langfristig<\/a><\/li><\/ul><\/nav><\/div>\n<h2><span class=\"ez-toc-section\" id=\"411-teilnehmer-radeln-gemeinsam-961840-kilometer-erfolgreich-fuer-klimaschutz\"><\/span>411 Teilnehmer radeln gemeinsam 961.840 Kilometer erfolgreich f\u00fcr Klimaschutz<span class=\"ez-toc-section-end\"><\/span><\/h2>\n<div id=\"attachment_12666\" style=\"width: 760px\" class=\"wp-caption alignleft\"><img aria-describedby=\"caption-attachment-12666\" loading=\"lazy\" src=\"https:\/\/www.doppelklicker.de\/wp-content\/uploads\/2026\/09\/stadtradelns-31376.jpg\" alt=\"Preistr&auml;gerinnen und Preistr&auml;ger des Stadtradelns (Foto: Fiorella Salamena (ADFC))\" width=\"750\" height=\"600\" class=\"size-full wp-image-12666\" \/><p id=\"caption-attachment-12666\" class=\"wp-caption-text\">Preistr\u00e4gerinnen und Preistr\u00e4ger des Stadtradelns (Foto: Fiorella Salamena (ADFC))<\/p><\/div>\n<p>Das Donauw\u00f6rther Landratsamt zeichnete 3.411 Teilnehmer aus, die im Stadtradeln \u00fcber drei Wochen hinweg 961.840 Kilometer auf dem Rad zur\u00fccklegten. Radwegebeauftragter Stefan Ro\u00dfkopf und Bianca Kratzsch machten auf die Einsparung von 158 Tonnen CO2 aufmerksam. Landrat Dinkelmeier bedankte sich bei allen Aktiven und hob den gro\u00dfen Zuspruch beim Schulradeln hervor. Er betonte, dass solche Initiativen wesentlich zur nachhaltigen Mobilit\u00e4tskultur und zum Schutz von Umwelt sowie Klima beitragen im Landkreis Donau-Ries.<\/p>\n<h2><span class=\"ez-toc-section\" id=\"stadtradeln-motiviert-3411-teilnehmer-im-landkreis-zu-klimafreundlicher-alltagsmobilitaet\"><\/span>Stadtradeln motiviert 3.411 Teilnehmer im Landkreis zu klimafreundlicher Alltagsmobilit\u00e4t<span class=\"ez-toc-section-end\"><\/span><\/h2>\n<p>Stadtradeln im Landkreis Donau-Ries verdeutlicht eindrucksvoll, wie der t\u00e4gliche Umstieg aufs Fahrrad als klimafreundliche Mobilit\u00e4t wirkt. Im gemeinsamen Aktionszeitraum wurden 961.840 Kilometer zur\u00fcckgelegt, wodurch die Teilnehmern 158 Tonnen CO2 einsparen konnten. Diese Zahlen beweisen, dass Alltagsradeln effektiv Autofahrten ersetzt und somit einen messbaren Beitrag zum Klimaschutz leistet. Lokale Gemeinschaften verst\u00e4rken durch diesen kollektiven Einsatz ihre Rolle bei der Umsetzung weltweiter Klimaschutzziele und f\u00f6rdern ein umweltbewusstes Bewusstsein.<\/p>\n<h2><span class=\"ez-toc-section\" id=\"umweltprojekt-schulradeln-foerdert-zusammenhalt-und-nachhaltigkeit-stark-unter-schuelern\"><\/span>Umweltprojekt Schulradeln f\u00f6rdert zusammenhalt und Nachhaltigkeit stark unter Sch\u00fclern<span class=\"ez-toc-section-end\"><\/span><\/h2>\n<p>Im Schulradeln-Wettbewerb erhielten die Gebr\u00fcder-R\u00f6ls-Grundschule Donauw\u00f6rth, die Grundschule Marktoffingen und die Mittelschule Oettingen i. Bay. Auszeichnungen f\u00fcr ihre beeindruckenden Radleistungen. Durch diese formative Aktion lernen Kinder fr\u00fch, Verantwortung f\u00fcr die Umwelt zu \u00fcbernehmen und f\u00f6rdern gleichzeitig ihre k\u00f6rperliche Fitness. Das gemeinsame Ziel und das Teilen von Erfolgen st\u00e4rken das Zusammengeh\u00f6rigkeitsgef\u00fchl und f\u00f6rdern den Umgang mit Teamherausforderungen. Auf diese Weise wird klassenzimmer\u00fcbergreifende Solidarit\u00e4t aufgebaut und der Gemeinschaftssinn nachhaltig gest\u00e4rkt.<\/p>\n<h2><span class=\"ez-toc-section\" id=\"drei-top-teams-liefern-beeindruckende-kilometern-ansporn-fuer-alle-radelnden\"><\/span>Drei Top-Teams liefern beeindruckende Kilometern: Ansporn f\u00fcr alle Radelnden<span class=\"ez-toc-section-end\"><\/span><\/h2>\n<p>In der abschlie\u00dfenden Teamwertung fahren Die Mittwochs Radler aus Oettingen mit 67.300 Kilometern auf Platz eins. Die Hof und Stadtapotheke Friends folgten mit 35.320 Kilometern und sicherten sich den zweiten Rang. Den dritten Platz belegte der DAV Donauw\u00f6rth mit 27.045 Kilometern. Alle drei Mannschaften zeigten dank pr\u00e4ziser Planung, partnerschaftlicher Zusammenarbeit und unnachgiebiger Ausdauer, wie effektiv kollektive Mobilit\u00e4tsprojekte funktionieren k\u00f6nnen und liefern damit ein wegweisendes Beispiel f\u00fcr Engagierte in der Region.<\/p>\n<h2><span class=\"ez-toc-section\" id=\"spitzenleistungen-im-wettbewerb-solo-fahrer-erstrampeln-tausende-von-kilometern-gemeinsam\"><\/span>Spitzenleistungen im Wettbewerb: Solo-Fahrer erstrampeln Tausende von Kilometern gemeinsam<span class=\"ez-toc-section-end\"><\/span><\/h2>\n<p>In der Einzelwertung des Stadtradelns dominierten Holger Rosenwirth mit 3510, Karl Ro\u00dfkopf mit 3294 und Eslam Payenda mit 2739 Kilometern. Diese drei Radsportenthusiasten demonstrieren durch ihre Distanzen, wie sich individuelle Zielsetzung, methodische Trainingsplanung und Konsequenz miteinander verbinden lassen. Sie nutzten t\u00e4glich verschiedene Routen und passten ihr Training flexibel an berufliche und private Verpflichtungen an. Die beeindruckenden Zahlen unterstreichen pers\u00f6nliche Belastbarkeit und k\u00f6nnen als Motivation f\u00fcr alle fahrradbegeisterten B\u00fcrger dienen.<\/p>\n<h2><span class=\"ez-toc-section\" id=\"albrecht-ernst-gymnasium-oettingen-erradelt-2787-kilometer-pro-kopf-und-siegt\"><\/span>Albrecht-Ernst-Gymnasium Oettingen erradelt 278,7 Kilometer pro Kopf und siegt<span class=\"ez-toc-section-end\"><\/span><\/h2>\n<p>Mit Blick auf die pro-Kopf-Kilometer zeigt sich ein klares Bild: ERC Monheim legte im Durchschnitt 824 Kilometer zur\u00fcck. Die Biobiker Mertingen folgen mit 805 Kilometern, w\u00e4hrend die Tischtennis Freunde Mertingen 709 Kilometer pro Person erreichten. Beim Schulradeln liegt die Ludwig-B\u00f6lkow-Berufsschule Donauw\u00f6rth mit 289,5 Kilometern an der Spitze. Dahinter rangieren das Albrecht-Ernst-Gymnasium Oettingen i. Bay. mit 278,7 Kilometern und die Realschule Heilig-Kreuz Donauw\u00f6rth mit 204,1 Kilometern, unterstreichend starke Leistungen. Motivation sichtbar<\/p>\n<h2><span class=\"ez-toc-section\" id=\"kreisweite-infrastrukturoffensive-staerkt-fahrradnutzung-und-sichert-zahlreiche-teilnehmer-langfristig\"><\/span>Kreisweite Infrastrukturoffensive st\u00e4rkt Fahrradnutzung und sichert zahlreiche Teilnehmer langfristig<span class=\"ez-toc-section-end\"><\/span><\/h2>\n<p>Im Rahmen einer strategischen Initiative haben die Radwegeexperten angek\u00fcndigt, das Angebot an Fahrradwegen im Landkreis sukzessive zu erweitern und die Alltagsmobilit\u00e4t per Rad zu optimieren. Vorgesehen sind innovative Routenplanungen und die Einrichtung sicherer Strecken mit verbesserter Markierung sowie der Bau von Unterstellm\u00f6glichkeiten an Bahnh\u00f6fen, Schulen und Freizeiteinrichtungen. Durch regelm\u00e4\u00dfige Evaluierungen und Einbindung der B\u00fcrger sollen Hemmschwellen abgebaut, die Radverkehrsquote gesteigert und nachhaltige Mobilit\u00e4tsziele unterst\u00fctzt werden. Expertentreffen, Workshops und \u00d6ffentlichkeitskampagne geplant.<\/p>\n<p>Durch die gemeinsame Aktion Stadtradeln im Landkreis Donau-Ries wurden \u00fcber 961.840 Fahrradkilometer gesammelt, was eine CO2-Einsparung von 158 Tonnen bewirkte. 3.411 Menschen aus verschiedenen Altersklassen und sozialen Gruppen nahmen teil und demonstrierten dadurch ihre Bereitschaft f\u00fcr umweltfreundliche Mobilit\u00e4t. Schulen, Vereine und zahlreiche private Teams lieferten rekordverd\u00e4chtige Leistungen. Die n\u00e4chsten Schritte sehen vor, das Radwegenetz zu optimieren, sichere Kreuzungsl\u00f6sungen einzuf\u00fchren und Alltagswege f\u00fcr Pendler attraktiver zu gestalten und die Lebensqualit\u00e4t steigern.<\/p>\n","protected":false},"excerpt":{"rendered":"<p>Die Stadtradeln-Aktion im Landkreis Donau-Ries mobilisierte 3.411 Teilnehmer, die w\u00e4hrend eines dreiw\u00f6chigen Zeitraums 961.840 Kilometer per Fahrrad zur\u00fccklegten und dadurch rund 158 Tonnen CO2 einsparen konnten. Bei der Ehrung im Donauw\u00f6rther Landratsamt wurden herausragende Teams, einzelne Radfahrer und Schulen wie die Gebr\u00fcder-R\u00f6ls-Grundschule Donauw\u00f6rth ausgezeichnet. In zuk\u00fcnftigen Ma\u00dfnahmen liegt der Fokus auf dem Ausbau sicherer Radwege<\/p>\n<div class=\"read-more\"><a href=\"https:\/\/www.doppelklicker.de\/blog\/stadtradeln-im-landratsamt-donau-ries-donauwoerth-961-840-km\/\" title=\"Jetzt alles lesen\">Jetzt alles lesen<\/a><\/div>\n","protected":false},"author":8,"featured_media":12667,"comment_status":"open","ping_status":"open","sticky":false,"template":"","format":"standard","meta":[],"categories":[3305],"tags":[],"yoast_head":"<!-- This site is optimized with the Yoast SEO plugin v18.2 - https:\/\/yoast.com\/wordpress\/plugins\/seo\/ -->\n<meta name=\"robots\" content=\"index, follow, max-snippet:-1, max-image-preview:large, max-video-preview:-1\" \/>\n<link rel=\"canonical\" href=\"https:\/\/www.doppelklicker.de\/blog\/stadtradeln-im-landratsamt-donau-ries-donauwoerth-961-840-km\/\" \/>\n<meta property=\"og:locale\" content=\"de_DE\" \/>\n<meta property=\"og:type\" content=\"article\" \/>\n<meta property=\"og:title\" content=\"Zukunftsprojekt: Ausbau sicherer Radwege f\u00fcr deutlich alltagstaugliche Mobilit\u00e4t geplant\" \/>\n<meta property=\"og:description\" content=\"Die Stadtradeln-Aktion im Landkreis Donau-Ries mobilisierte 3.411 Teilnehmer, die w\u00e4hrend eines dreiw\u00f6chigen Zeitraums 961.840 Kilometer per Fahrrad zur\u00fccklegten und dadurch rund 158 Tonnen CO2 einsparen konnten. Bei der Ehrung im Donauw\u00f6rther Landratsamt wurden herausragende Teams, einzelne Radfahrer und Schulen wie die Gebr\u00fcder-R\u00f6ls-Grundschule Donauw\u00f6rth ausgezeichnet. In zuk\u00fcnftigen Ma\u00dfnahmen liegt der Fokus auf dem Ausbau sicherer RadwegeJetzt alles lesen\" \/>\n<meta property=\"og:url\" content=\"https:\/\/www.doppelklicker.de\/blog\/stadtradeln-im-landratsamt-donau-ries-donauwoerth-961-840-km\/\" \/>\n<meta property=\"og:site_name\" content=\"Aus Mainz.\" \/>\n<meta property=\"article:published_time\" content=\"2026-08-25T08:00:00+00:00\" \/>\n<meta property=\"article:modified_time\" content=\"2026-09-06T17:30:49+00:00\" \/>\n<meta property=\"og:image\" content=\"https:\/\/www.doppelklicker.de\/blog\/wp-content\/uploads\/2026\/09\/411-radler-sammeln-961-840-kilometer-sparen-158-tonnen-co2-31377.jpg\" \/>\n\t<meta property=\"og:image:width\" content=\"1280\" \/>\n\t<meta property=\"og:image:height\" content=\"615\" \/>\n\t<meta property=\"og:image:type\" content=\"image\/jpeg\" \/>\n<meta name=\"twitter:card\" content=\"summary_large_image\" \/>\n<meta name=\"twitter:label1\" content=\"Verfasst von\" \/>\n\t<meta name=\"twitter:data1\" content=\"Iris Martin\" \/>\n\t<meta name=\"twitter:label2\" content=\"Gesch\u00e4tzte Lesezeit\" \/>\n\t<meta name=\"twitter:data2\" content=\"4 Minuten\" \/>\n<script type=\"application\/ld+json\" class=\"yoast-schema-graph\">{\"@context\":\"https:\/\/schema.org\",\"@graph\":[{\"@type\":\"WebSite\",\"@id\":\"https:\/\/www.doppelklicker.de\/blog\/#website\",\"url\":\"https:\/\/www.doppelklicker.de\/blog\/\",\"name\":\"Aus Mainz.\",\"description\":\"F\u00fcr die Welt.\",\"potentialAction\":[{\"@type\":\"SearchAction\",\"target\":{\"@type\":\"EntryPoint\",\"urlTemplate\":\"https:\/\/www.doppelklicker.de\/blog\/?s={search_term_string}\"},\"query-input\":\"required name=search_term_string\"}],\"inLanguage\":\"de-DE\"},{\"@type\":\"ImageObject\",\"@id\":\"https:\/\/www.doppelklicker.de\/blog\/stadtradeln-im-landratsamt-donau-ries-donauwoerth-961-840-km\/#primaryimage\",\"inLanguage\":\"de-DE\",\"url\":\"https:\/\/www.doppelklicker.de\/blog\/wp-content\/uploads\/2026\/09\/411-radler-sammeln-961-840-kilometer-sparen-158-tonnen-co2-31377.jpg\",\"contentUrl\":\"https:\/\/www.doppelklicker.de\/blog\/wp-content\/uploads\/2026\/09\/411-radler-sammeln-961-840-kilometer-sparen-158-tonnen-co2-31377.jpg\",\"width\":1280,\"height\":615,\"caption\":\"Zukunftsprojekt: Ausbau sicherer Radwege f\u00fcr deutlich alltagstaugliche Mobilit\u00e4t geplant (Foto: Fiorella Salamena (ADFC))\"},{\"@type\":\"WebPage\",\"@id\":\"https:\/\/www.doppelklicker.de\/blog\/stadtradeln-im-landratsamt-donau-ries-donauwoerth-961-840-km\/#webpage\",\"url\":\"https:\/\/www.doppelklicker.de\/blog\/stadtradeln-im-landratsamt-donau-ries-donauwoerth-961-840-km\/\",\"name\":\"Zukunftsprojekt: Ausbau sicherer Radwege f\u00fcr deutlich alltagstaugliche Mobilit\u00e4t geplant\",\"isPartOf\":{\"@id\":\"https:\/\/www.doppelklicker.de\/blog\/#website\"},\"primaryImageOfPage\":{\"@id\":\"https:\/\/www.doppelklicker.de\/blog\/stadtradeln-im-landratsamt-donau-ries-donauwoerth-961-840-km\/#primaryimage\"},\"datePublished\":\"2026-08-25T08:00:00+00:00\",\"dateModified\":\"2026-09-06T17:30:49+00:00\",\"author\":{\"@id\":\"https:\/\/www.doppelklicker.de\/blog\/#\/schema\/person\/08dcac172bdb025e8ff433488184668a\"},\"breadcrumb\":{\"@id\":\"https:\/\/www.doppelklicker.de\/blog\/stadtradeln-im-landratsamt-donau-ries-donauwoerth-961-840-km\/#breadcrumb\"},\"inLanguage\":\"de-DE\",\"potentialAction\":[{\"@type\":\"ReadAction\",\"target\":[\"https:\/\/www.doppelklicker.de\/blog\/stadtradeln-im-landratsamt-donau-ries-donauwoerth-961-840-km\/\"]}]},{\"@type\":\"BreadcrumbList\",\"@id\":\"https:\/\/www.doppelklicker.de\/blog\/stadtradeln-im-landratsamt-donau-ries-donauwoerth-961-840-km\/#breadcrumb\",\"itemListElement\":[{\"@type\":\"ListItem\",\"position\":1,\"name\":\"Startseite\",\"item\":\"https:\/\/www.doppelklicker.de\/blog\/\"},{\"@type\":\"ListItem\",\"position\":2,\"name\":\"Zukunftsprojekt: Ausbau sicherer Radwege f\u00fcr deutlich alltagstaugliche Mobilit\u00e4t geplant\"}]},{\"@type\":\"Person\",\"@id\":\"https:\/\/www.doppelklicker.de\/blog\/#\/schema\/person\/08dcac172bdb025e8ff433488184668a\",\"name\":\"Iris Martin\",\"image\":{\"@type\":\"ImageObject\",\"@id\":\"https:\/\/www.doppelklicker.de\/blog\/#personlogo\",\"inLanguage\":\"de-DE\",\"url\":\"https:\/\/secure.gravatar.com\/avatar\/82fdaa093be0b9686b531f99fcb54d15?s=96&d=wp_user_avatar&r=g\",\"contentUrl\":\"https:\/\/secure.gravatar.com\/avatar\/82fdaa093be0b9686b531f99fcb54d15?s=96&d=wp_user_avatar&r=g\",\"caption\":\"Iris Martin\"},\"url\":\"https:\/\/www.doppelklicker.de\/blog\/author\/iris-martin\/\"}]}<\/script>\n<!-- \/ Yoast SEO plugin. -->","yoast_head_json":{"robots":{"index":"index","follow":"follow","max-snippet":"max-snippet:-1","max-image-preview":"max-image-preview:large","max-video-preview":"max-video-preview:-1"},"canonical":"https:\/\/www.doppelklicker.de\/blog\/stadtradeln-im-landratsamt-donau-ries-donauwoerth-961-840-km\/","og_locale":"de_DE","og_type":"article","og_title":"Zukunftsprojekt: Ausbau sicherer Radwege f\u00fcr deutlich alltagstaugliche Mobilit\u00e4t geplant","og_description":"Die Stadtradeln-Aktion im Landkreis Donau-Ries mobilisierte 3.411 Teilnehmer, die w\u00e4hrend eines dreiw\u00f6chigen Zeitraums 961.840 Kilometer per Fahrrad zur\u00fccklegten und dadurch rund 158 Tonnen CO2 einsparen konnten. Bei der Ehrung im Donauw\u00f6rther Landratsamt wurden herausragende Teams, einzelne Radfahrer und Schulen wie die Gebr\u00fcder-R\u00f6ls-Grundschule Donauw\u00f6rth ausgezeichnet. In zuk\u00fcnftigen Ma\u00dfnahmen liegt der Fokus auf dem Ausbau sicherer RadwegeJetzt alles lesen","og_url":"https:\/\/www.doppelklicker.de\/blog\/stadtradeln-im-landratsamt-donau-ries-donauwoerth-961-840-km\/","og_site_name":"Aus Mainz.","article_published_time":"2026-08-25T08:00:00+00:00","article_modified_time":"2026-09-06T17:30:49+00:00","og_image":[{"width":1280,"height":615,"url":"https:\/\/www.doppelklicker.de\/blog\/wp-content\/uploads\/2026\/09\/411-radler-sammeln-961-840-kilometer-sparen-158-tonnen-co2-31377.jpg","type":"image\/jpeg"}],"twitter_card":"summary_large_image","twitter_misc":{"Verfasst von":"Iris Martin","Gesch\u00e4tzte Lesezeit":"4 Minuten"},"schema":{"@context":"https:\/\/schema.org","@graph":[{"@type":"WebSite","@id":"https:\/\/www.doppelklicker.de\/blog\/#website","url":"https:\/\/www.doppelklicker.de\/blog\/","name":"Aus Mainz.","description":"F\u00fcr die Welt.","potentialAction":[{"@type":"SearchAction","target":{"@type":"EntryPoint","urlTemplate":"https:\/\/www.doppelklicker.de\/blog\/?s={search_term_string}"},"query-input":"required name=search_term_string"}],"inLanguage":"de-DE"},{"@type":"ImageObject","@id":"https:\/\/www.doppelklicker.de\/blog\/stadtradeln-im-landratsamt-donau-ries-donauwoerth-961-840-km\/#primaryimage","inLanguage":"de-DE","url":"https:\/\/www.doppelklicker.de\/blog\/wp-content\/uploads\/2026\/09\/411-radler-sammeln-961-840-kilometer-sparen-158-tonnen-co2-31377.jpg","contentUrl":"https:\/\/www.doppelklicker.de\/blog\/wp-content\/uploads\/2026\/09\/411-radler-sammeln-961-840-kilometer-sparen-158-tonnen-co2-31377.jpg","width":1280,"height":615,"caption":"Zukunftsprojekt: Ausbau sicherer Radwege f\u00fcr deutlich alltagstaugliche Mobilit\u00e4t geplant (Foto: Fiorella Salamena (ADFC))"},{"@type":"WebPage","@id":"https:\/\/www.doppelklicker.de\/blog\/stadtradeln-im-landratsamt-donau-ries-donauwoerth-961-840-km\/#webpage","url":"https:\/\/www.doppelklicker.de\/blog\/stadtradeln-im-landratsamt-donau-ries-donauwoerth-961-840-km\/","name":"Zukunftsprojekt: Ausbau sicherer Radwege f\u00fcr deutlich alltagstaugliche Mobilit\u00e4t geplant","isPartOf":{"@id":"https:\/\/www.doppelklicker.de\/blog\/#website"},"primaryImageOfPage":{"@id":"https:\/\/www.doppelklicker.de\/blog\/stadtradeln-im-landratsamt-donau-ries-donauwoerth-961-840-km\/#primaryimage"},"datePublished":"2026-08-25T08:00:00+00:00","dateModified":"2026-09-06T17:30:49+00:00","author":{"@id":"https:\/\/www.doppelklicker.de\/blog\/#\/schema\/person\/08dcac172bdb025e8ff433488184668a"},"breadcrumb":{"@id":"https:\/\/www.doppelklicker.de\/blog\/stadtradeln-im-landratsamt-donau-ries-donauwoerth-961-840-km\/#breadcrumb"},"inLanguage":"de-DE","potentialAction":[{"@type":"ReadAction","target":["https:\/\/www.doppelklicker.de\/blog\/stadtradeln-im-landratsamt-donau-ries-donauwoerth-961-840-km\/"]}]},{"@type":"BreadcrumbList","@id":"https:\/\/www.doppelklicker.de\/blog\/stadtradeln-im-landratsamt-donau-ries-donauwoerth-961-840-km\/#breadcrumb","itemListElement":[{"@type":"ListItem","position":1,"name":"Startseite","item":"https:\/\/www.doppelklicker.de\/blog\/"},{"@type":"ListItem","position":2,"name":"Zukunftsprojekt: Ausbau sicherer Radwege f\u00fcr deutlich alltagstaugliche Mobilit\u00e4t geplant"}]},{"@type":"Person","@id":"https:\/\/www.doppelklicker.de\/blog\/#\/schema\/person\/08dcac172bdb025e8ff433488184668a","name":"Iris Martin","image":{"@type":"ImageObject","@id":"https:\/\/www.doppelklicker.de\/blog\/#personlogo","inLanguage":"de-DE","url":"https:\/\/secure.gravatar.com\/avatar\/82fdaa093be0b9686b531f99fcb54d15?s=96&d=wp_user_avatar&r=g","contentUrl":"https:\/\/secure.gravatar.com\/avatar\/82fdaa093be0b9686b531f99fcb54d15?s=96&d=wp_user_avatar&r=g","caption":"Iris Martin"},"url":"https:\/\/www.doppelklicker.de\/blog\/author\/iris-martin\/"}]}},"_links":{"self":[{"href":"https:\/\/www.doppelklicker.de\/blog\/wp-json\/wp\/v2\/posts\/12669"}],"collection":[{"href":"https:\/\/www.doppelklicker.de\/blog\/wp-json\/wp\/v2\/posts"}],"about":[{"href":"https:\/\/www.doppelklicker.de\/blog\/wp-json\/wp\/v2\/types\/post"}],"author":[{"embeddable":true,"href":"https:\/\/www.doppelklicker.de\/blog\/wp-json\/wp\/v2\/users\/8"}],"replies":[{"embeddable":true,"href":"https:\/\/www.doppelklicker.de\/blog\/wp-json\/wp\/v2\/comments?post=12669"}],"version-history":[{"count":0,"href":"https:\/\/www.doppelklicker.de\/blog\/wp-json\/wp\/v2\/posts\/12669\/revisions"}],"wp:featuredmedia":[{"embeddable":true,"href":"https:\/\/www.doppelklicker.de\/blog\/wp-json\/wp\/v2\/media\/12667"}],"wp:attachment":[{"href":"https:\/\/www.doppelklicker.de\/blog\/wp-json\/wp\/v2\/media?parent=12669"}],"wp:term":[{"taxonomy":"category","embeddable":true,"href":"https:\/\/www.doppelklicker.de\/blog\/wp-json\/wp\/v2\/categories?post=12669"},{"taxonomy":"post_tag","embeddable":true,"href":"https:\/\/www.doppelklicker.de\/blog\/wp-json\/wp\/v2\/tags?post=12669"}],"curies":[{"name":"wp","href":"https:\/\/api.w.org\/{rel}","templated":true}]}}