{"id":1740,"date":"2016-09-20T08:00:00","date_gmt":"2016-09-20T06:00:00","guid":{"rendered":"http:\/\/www.doppelklicker.de\/blog\/?p=1740"},"modified":"2020-04-19T13:55:57","modified_gmt":"2020-04-19T11:55:57","slug":"terrasse-wind-und-wetterfest-machen","status":"publish","type":"post","link":"https:\/\/www.doppelklicker.de\/blog\/terrasse-wind-und-wetterfest-machen\/","title":{"rendered":"Die Terrasse wind- und wetterfest machen"},"content":{"rendered":"<p>Die eigene Terrasse ist vor allem im Sommer wie ein weiteres Zimmer mit direktem Anschluss an den eigenen Garten. Hier verbringen Sie gem\u00fctliche Stunden mit der Familie und Freunden, erholsame Momente mit einem guten Buch oder ausgelassene Feiern mit Ihren Nachbarn. Es k\u00f6nnte so idyllisch sein, w\u00e4ren da nicht der l\u00e4stige Wind, Regen, die Sonne und die Blicke der Passanten oder Nachbarn.<\/p>\n<p><!--more--><\/p>\n<p>Hier finden Sie Tipps, wie Sie Ihre Terrasse wind- und wetterfest machen und mit welchen Mitteln Sie f\u00fcr einen Sonnen-, Wind- und Sichtschutz sorgen. Wir stellen Ihnen L\u00f6sungen f\u00fcr das kleine Budget und komplexe Ideen f\u00fcr einen langj\u00e4hrigen Schutz vor der Witterung vor.<\/p>\n<h2>F\u00fcr Gelegenheitsnutzer: Sonnenschirme und Sonnensegel als Sonnenschutz<\/h2>\n<p>In beinahe jedem Haushalt mit Balkon oder Terrasse ist er zu finden, der gute alte Sonnenschirm. In zahlreichen Formen, Gr\u00f6\u00dfen und Farben wird er bei Bedarf aufgespannt und spendet auf einem begrenzten Raum den hei\u00df ersehnten Schatten. Wichtig beim Einsatz eines Sonnenschirms ist die Befestigung am Boden. Sie muss ausreichend schwer und fest sein, damit Ihr Sonnenschirm auch einen kleinen Sturm unbeschadet \u00fcbersteht und nicht umkippt.<\/p>\n<p>Gerade gro\u00dffl\u00e4chige Sonnenschirme werden daher meistens in einem St\u00e4nder mit Stein- oder Betonplatten befestigt. Vorteil bei einem Sonnenschirm ist, dass Sie ihn je nach Bedarf an verschiedenen Standorten aufstellen k\u00f6nnen. In der kalten Jahreszeit wird der Schirm entweder im Keller oder der Garage gelagert, oder er erh\u00e4lt eine witterungsfeste Schutzh\u00fclle.<\/p>\n<p>Auf kleinen Terrassen ist ein Sonnensegel meistens praktischer als ein Sonnenschirm. Es ben\u00f6tigt keine Standfl\u00e4che am Boden der Terrasse, sondern wird direkt an der Hauswand und einem Gel\u00e4nder oder nahen Baum gespannt. Ein Sonnensegel bietet einen guten Sichtschutz, eignet sich jedoch nur bedingt als Windschutz, da keine gro\u00dffl\u00e4chige Abdeckung m\u00f6glich ist.<\/p>\n<p>&nbsp;<\/p>\n<div id=\"attachment_1745\" style=\"width: 560px\" class=\"wp-caption aligncenter\"><a href=\"https:\/\/www.doppelklicker.de\/blog\/wp-content\/uploads\/2016\/09\/Terrasse-wind-und-wetterfest-machen-2.jpg\"><img aria-describedby=\"caption-attachment-1745\" loading=\"lazy\" class=\"size-full wp-image-1745\" src=\"https:\/\/www.doppelklicker.de\/blog\/wp-content\/uploads\/2016\/09\/Terrasse-wind-und-wetterfest-machen-2.jpg\" alt=\"Markisen erf\u00fcllen auf einer Terrasse gleich mehrere Funktionen: Sie sind ein effektiver Schutz vor dem Sonnenlicht und verringern dadurch die Hitzeentwicklung im Sommer. \" width=\"550\" height=\"413\" \/><\/a><p id=\"caption-attachment-1745\" class=\"wp-caption-text\">Markisen erf\u00fcllen auf einer Terrasse gleich mehrere Funktionen: Sie sind ein effektiver Schutz vor dem Sonnenlicht und verringern dadurch die Hitzeentwicklung im Sommer. (#01)<\/p><\/div>\n<h2>Die Markise als Windschutz, Sonnenschutz und Sichtschutz<\/h2>\n<p>Markisen erf\u00fcllen auf einer Terrasse gleich mehrere Funktionen: Sie sind ein effektiver Schutz vor dem Sonnenlicht und verringern dadurch die Hitzeentwicklung im Sommer. Gleichzeitig bieten sie einen Windschutz f\u00fcr Terrassen mit starker Zugluft und k\u00f6nnen auch als Sichtschutz eingesetzt werden. Praktisch an einer Markise ist, dass Sie diese nur bei Bedarf ausfahren und sie in der anderen Zeit in einem kompakten Ma\u00df zusammengerollt kaum Platz einnimmt.<\/p>\n<p>Auch gro\u00dffl\u00e4chige Markisen haben ausreichend Halt an einem windigen Tag. Das Hauptelement der Markise wird dazu an der Hauswand verankert. Ist das nicht m\u00f6glich, gibt es spezielle Gestelle f\u00fcr die Montage. Markisen f\u00fcr kleine, gro\u00dfe und ausgefallen geformte Terrassen bietet beispielsweise <a href=\"https:\/\/www.markilux.com\/de\/sonnenschutz\/wintergartenmarkisen \" target=\"_blank\" rel=\"noopener noreferrer\">der Markisenhersteller markilux <\/a>\u00a0in seinem Sortiment an. Kleine Modelle eignen sich \u00fcbrigens auch f\u00fcr den Einsatz auf einem Balkon.<\/p>\n<h2>Ein nat\u00fcrlicher Schutz vor Wind und Sonne<\/h2>\n<p>Auch auf nat\u00fcrliche Weise k\u00f6nnen Sie f\u00fcr einen Sicht- und Windschutz auf Ihrer Terrasse sorgen. Der Vorteil eines solchen Schutzes aus Pflanzen ist der Farbklecks, den Sie Ihrer Terrasse damit verleihen. Immergr\u00fcne und winterharte Pflanzen eignen sich als Sichtschutz besonders gut, da sie ganzj\u00e4hrig Bl\u00e4tter tragen und im Fr\u00fchling oder Sommer sogar mit ihrer Bl\u00fctenpracht begeistern. Basis f\u00fcr einen pflanzlichen Windschutz ist eine Rankhilfe.<\/p>\n<p>Diese ben\u00f6tigen die Pflanzen, um daran empor zu ranken und ein \u00fcppiges Bl\u00e4tterwerk zu bilden. Sie k\u00f6nnen eine solche Rankhilfe in Baum\u00e4rkten und Gartencentern kaufen oder einfach und schnell aus Brettern selber bauen. Danach sollten die Pflanzen wahlweise in ein Blumenbeet direkt an der Terrasse oder in ausreichend gro\u00dfe Pflanzgef\u00e4\u00dfe gesetzt werden. Bedenken Sie, dass rankende Pflanzen ausreichend Raum zur Wurzelbildung ben\u00f6tigen. Je nach Art der gesetzten Pflanzen erhalten Sie nach ein bis drei Jahren einen gr\u00fcnen Schutz, der auch dem einen oder anderen Tier aus Ihrem Garten Unterschlupf gew\u00e4hrt.<\/p>\n<div id=\"attachment_1746\" style=\"width: 614px\" class=\"wp-caption aligncenter\"><a href=\"https:\/\/www.doppelklicker.de\/blog\/wp-content\/uploads\/2016\/09\/Terrasse-wind-und-wetterfest-machen-3.jpg\"><img aria-describedby=\"caption-attachment-1746\" loading=\"lazy\" class=\"size-full wp-image-1746\" src=\"https:\/\/www.doppelklicker.de\/blog\/wp-content\/uploads\/2016\/09\/Terrasse-wind-und-wetterfest-machen-3.jpg\" alt=\" Je nach Art der gesetzten Pflanzen erhalten Sie nach ein bis drei Jahren einen gr\u00fcnen Schutz, der auch dem einen oder anderen Tier aus Ihrem Garten Unterschlupf gew\u00e4hrt.\" width=\"604\" height=\"431\" \/><\/a><p id=\"caption-attachment-1746\" class=\"wp-caption-text\">Je nach Art der gesetzten Pflanzen erhalten Sie nach ein bis drei Jahren einen gr\u00fcnen Schutz, der auch dem einen oder anderen Tier aus Ihrem Garten Unterschlupf gew\u00e4hrt. (#02)<\/p><\/div>\n<h2>Schnell und dicht rankende Pflanzen sind zum Beispiel:<\/h2>\n<ul>\n<li>Efeu<\/li>\n<li>Blauregen<\/li>\n<li>wilder Wein<\/li>\n<li>Kiwipflanzen<\/li>\n<li>echter Hopfen<\/li>\n<li>Kletterrosen<\/li>\n<li>Kn\u00f6terich<\/li>\n<\/ul>\n<p>Wenn Sie Ihre Terrasse vor Wind und neugierigen Blicken durch eine \u00fcppige Bepflanzung sch\u00fctzen m\u00f6chten, dann bedenken Sie vorab, dass Pflanzen etwas Pflege ben\u00f6tigen. Gerade in den hei\u00dfen Sommermonaten ist eine Bew\u00e4sserung unverzichtbar. Kosteng\u00fcnstig und einfach erhalten Sie Wasser zum Gie\u00dfen, wenn Sie im Garten eine Regentonne aufstellen. Sorgen Sie auch daf\u00fcr, dass ein Nachbar, Freund oder Familienmitglied sich in Ihrer Abwesenheit um die Pflanzen auf der Terrasse k\u00fcmmert. Andernfalls k\u00f6nnte Sie nach Ihrem Urlaub ein trauriger Anblick vertrockneter Pflanzen erwarten und der nat\u00fcrliche Schutz vor neugierigen Blicken oder dem Wind erf\u00fcllt seine Funktion nicht mehr.<\/p>\n<h2>Schutz durch T\u00fccher und Trennw\u00e4nde<\/h2>\n<p>Sehr kosteng\u00fcnstig und schnell gemacht ist ein Schutz aus T\u00fcchern oder aufgestellten Trennw\u00e4nden. Vor allem eine Veranda bietet Ihnen jede Menge M\u00f6glichkeiten, mit T\u00fcchern farbige Akzente zu setzen und gleichzeitig einen leichten Schutz vor Zugluft, Regen und Beobachtern zu haben. Montieren Sie einfach unter dem Vordach eine Gardinenstange oder Schiene f\u00fcr Vorh\u00e4nge. Falls das nicht m\u00f6glich ist, k\u00f6nnen Sie die T\u00fccher mit \u00d6sen versehen und an kleinen Haken in der Decke aufh\u00e4ngen. Praktisch an solchen T\u00fcchern ist, dass Sie sie bei Bedarf im Handumdrehen aufh\u00e4ngen und sie ebenso schnell wieder abgenommen sind. Auch das Waschen der T\u00fccher ist einfach und schnell gemacht, wodurch ein gepflegter Anblick der Terrasse bestehen bleibt.<\/p>\n<p>Eine Alternative zu T\u00fcchern, die Sie \u00e4hnlich schnell und kosteng\u00fcnstig umsetzen k\u00f6nnen, sind Trennw\u00e4nde. Baum\u00e4rkte bieten bereits zur Montage vorbereitete, fertige Trennw\u00e4nde f\u00fcr Terrassen und G\u00e4rten an. Stattdessen k\u00f6nnen Sie auch einen Paravent nutzen, den Sie flexibel dort aufstellen, wo die Sonne oder der Sommerwind Sie gerade st\u00f6ren. Fest montierte Trennw\u00e4nde sind meistens aus Holz gefertigt und wirken auf einer sch\u00f6n gestalteten Terrasse schnell zu schlicht. Mit Blument\u00f6pfen zum Aufh\u00e4ngen, einer solarbetriebenen Lichterkette und \u00fcppig bepflanzten Blumenk\u00e4sten vor der Trennwand werten Sie den Anblick auf. Noch mehr kreative und elegante Ideen f\u00fcr einen Schutz vor dem Wetter und neugierigen Blicken bietet Ihnen dieser Artikel\u00a0<a href=\"http:\/\/http:\/\/www.huffingtonpost.de\/alexandra-oertel\/balkon-deko-umgestalten-\" target=\"_blank\" rel=\"noopener noreferrer\">\u00fcber den Sonnenschutz von Balkonen und Terrassen<\/a>.<\/p>\n<div id=\"attachment_1747\" style=\"width: 638px\" class=\"wp-caption aligncenter\"><a href=\"https:\/\/www.doppelklicker.de\/blog\/wp-content\/uploads\/2016\/09\/Terrasse-wind-und-wetterfest-machen-4.jpg\"><img aria-describedby=\"caption-attachment-1747\" loading=\"lazy\" class=\"size-full wp-image-1747\" src=\"https:\/\/www.doppelklicker.de\/blog\/wp-content\/uploads\/2016\/09\/Terrasse-wind-und-wetterfest-machen-4.jpg\" alt=\"Wer etwas mehr Zeit und Geld investieren m\u00f6chte, der kann seine Terrasse in einem Wintergarten umfunktionieren.\" width=\"628\" height=\"401\" \/><\/a><p id=\"caption-attachment-1747\" class=\"wp-caption-text\">Wer etwas mehr Zeit und Geld investieren m\u00f6chte, der kann seine Terrasse in einem Wintergarten umfunktionieren. Die Terrasse zum Wintergarten machen (#03)<\/p><\/div>\n<p>Wer etwas mehr Zeit und Geld investieren m\u00f6chte, der kann seine Terrasse in einem Wintergarten umfunktionieren. Moderne Systeme bieten Seitenw\u00e4nde aus Glas, die je nach Bedarf einen Rundumschutz f\u00fcr die Terrasse darstellen oder weit ge\u00f6ffnet werden k\u00f6nnen. Glas hat den Vorteil, dass der Wintergarten auch in der kalten Jahreszeit bei Sonnenschein eine angenehme W\u00e4rme entwickelt und Sie sich dort gem\u00fctlich mit einer Tasse Kaffee und einem Buch in den Liegestuhl legen und Ihren Garten betrachten k\u00f6nnen. Allerdings ist die Ausstattung von Terrassen mit einem Windschutz aus Glas mit einer hohen Investition verbunden und sollte daher genau geplant werden. Als Bauzeit empfehlen sich entweder das Fr\u00fchjahr oder der sp\u00e4te Herbst. So m\u00fcssen Sie in den Sommermonaten nicht auf die Idylle auf Ihrer Terrasse verzichten.<\/p>\n<h2>Fazit zum Thema Schutz f\u00fcr die Terrasse<\/h2>\n<p>Ein Sicht- und Sonnenschutz f\u00fcr die Terrasse muss weder teuer noch aufw\u00e4ndig sein. Schon mit einfachen Mitteln sorgen Sie im Handumdrehen f\u00fcr mehr Gem\u00fctlichkeit und einen Schutz vor Sonne, Wind, Regen und neugierigen Beobachtern. Sie haben dabei die Wahl zwischen folgenden M\u00f6glichkeiten:<\/p>\n<ul>\n<li>Sonnenschirme und Sonensegel<\/li>\n<li>Markisen<\/li>\n<li>Trennw\u00e4nde oder T\u00fccher<\/li>\n<li>Bepflanzung an Rankhilfen<\/li>\n<li>Einfassung der Terrasse mit Elementen aus Glas<\/li>\n<\/ul>\n<p>&nbsp;<\/p>\n<hr \/>\n<p>Bildnachweis:\u00a9 Fotolia-Titelbild: Marco2811-#01: kange_one-#02: Friedberg Subscription-#03: Klaus Rose<\/p>\n","protected":false},"excerpt":{"rendered":"<p>Die eigene Terrasse ist vor allem im Sommer wie ein weiteres Zimmer mit direktem Anschluss an den eigenen Garten. Hier verbringen Sie gem\u00fctliche Stunden mit der Familie und Freunden, erholsame Momente mit einem guten Buch oder ausgelassene Feiern mit Ihren Nachbarn. Es k\u00f6nnte so idyllisch sein, w\u00e4ren da nicht der l\u00e4stige Wind, Regen, die Sonne<\/p>\n<div class=\"read-more\"><a href=\"https:\/\/www.doppelklicker.de\/blog\/terrasse-wind-und-wetterfest-machen\/\" title=\"Jetzt alles lesen\">Jetzt alles lesen<\/a><\/div>\n","protected":false},"author":6,"featured_media":0,"comment_status":"open","ping_status":"open","sticky":false,"template":"","format":"standard","meta":[],"categories":[152],"tags":[2675,2672,2676,2674,2673],"yoast_head":"<!-- This site is optimized with the Yoast SEO plugin v18.2 - https:\/\/yoast.com\/wordpress\/plugins\/seo\/ -->\n<meta name=\"description\" content=\"Tipps &amp; Tricks, um die Terrasse wind- und wetterfest zu machen finden Sie hier. So wird die Terrasse fit f\u00fcr den Herbst!\" \/>\n<meta name=\"robots\" content=\"index, follow, max-snippet:-1, max-image-preview:large, max-video-preview:-1\" \/>\n<link rel=\"canonical\" href=\"https:\/\/www.doppelklicker.de\/blog\/terrasse-wind-und-wetterfest-machen\/\" \/>\n<meta property=\"og:locale\" content=\"de_DE\" \/>\n<meta property=\"og:type\" content=\"article\" \/>\n<meta property=\"og:title\" content=\"Die Terrasse wind- und wetterfest machen\" \/>\n<meta property=\"og:description\" content=\"Tipps &amp; Tricks, um die Terrasse wind- und wetterfest zu machen finden Sie hier. So wird die Terrasse fit f\u00fcr den Herbst!\" \/>\n<meta property=\"og:url\" content=\"https:\/\/www.doppelklicker.de\/blog\/terrasse-wind-und-wetterfest-machen\/\" \/>\n<meta property=\"og:site_name\" content=\"Aus Mainz.\" \/>\n<meta property=\"article:published_time\" content=\"2016-09-20T06:00:00+00:00\" \/>\n<meta property=\"article:modified_time\" content=\"2020-04-19T11:55:57+00:00\" \/>\n<meta property=\"og:image\" content=\"https:\/\/www.doppelklicker.de\/blog\/wp-content\/uploads\/2016\/09\/Terrasse-wind-und-wetterfest-machen.jpg\" \/>\n\t<meta property=\"og:image:width\" content=\"699\" \/>\n\t<meta property=\"og:image:height\" content=\"335\" \/>\n\t<meta property=\"og:image:type\" content=\"image\/jpeg\" \/>\n<meta name=\"twitter:card\" content=\"summary_large_image\" \/>\n<meta name=\"twitter:label1\" content=\"Verfasst von\" \/>\n\t<meta name=\"twitter:data1\" content=\"Marius Beilhammer\" \/>\n\t<meta name=\"twitter:label2\" content=\"Gesch\u00e4tzte Lesezeit\" \/>\n\t<meta name=\"twitter:data2\" content=\"7 Minuten\" \/>\n<script type=\"application\/ld+json\" class=\"yoast-schema-graph\">{\"@context\":\"https:\/\/schema.org\",\"@graph\":[{\"@type\":\"WebSite\",\"@id\":\"https:\/\/www.doppelklicker.de\/blog\/#website\",\"url\":\"https:\/\/www.doppelklicker.de\/blog\/\",\"name\":\"Aus Mainz.\",\"description\":\"F\u00fcr die Welt.\",\"potentialAction\":[{\"@type\":\"SearchAction\",\"target\":{\"@type\":\"EntryPoint\",\"urlTemplate\":\"https:\/\/www.doppelklicker.de\/blog\/?s={search_term_string}\"},\"query-input\":\"required name=search_term_string\"}],\"inLanguage\":\"de-DE\"},{\"@type\":\"ImageObject\",\"@id\":\"https:\/\/www.doppelklicker.de\/blog\/terrasse-wind-und-wetterfest-machen\/#primaryimage\",\"inLanguage\":\"de-DE\",\"url\":\"https:\/\/www.doppelklicker.de\/blog\/wp-content\/uploads\/2016\/09\/Terrasse-wind-und-wetterfest-machen-2.jpg\",\"contentUrl\":\"https:\/\/www.doppelklicker.de\/blog\/wp-content\/uploads\/2016\/09\/Terrasse-wind-und-wetterfest-machen-2.jpg\"},{\"@type\":\"WebPage\",\"@id\":\"https:\/\/www.doppelklicker.de\/blog\/terrasse-wind-und-wetterfest-machen\/#webpage\",\"url\":\"https:\/\/www.doppelklicker.de\/blog\/terrasse-wind-und-wetterfest-machen\/\",\"name\":\"Die Terrasse wind- und wetterfest machen\",\"isPartOf\":{\"@id\":\"https:\/\/www.doppelklicker.de\/blog\/#website\"},\"primaryImageOfPage\":{\"@id\":\"https:\/\/www.doppelklicker.de\/blog\/terrasse-wind-und-wetterfest-machen\/#primaryimage\"},\"datePublished\":\"2016-09-20T06:00:00+00:00\",\"dateModified\":\"2020-04-19T11:55:57+00:00\",\"author\":{\"@id\":\"https:\/\/www.doppelklicker.de\/blog\/#\/schema\/person\/009b6a6a744da4e73050c53bc1695177\"},\"description\":\"Tipps & Tricks, um die Terrasse wind- und wetterfest zu machen finden Sie hier. So wird die Terrasse fit f\u00fcr den Herbst!\",\"breadcrumb\":{\"@id\":\"https:\/\/www.doppelklicker.de\/blog\/terrasse-wind-und-wetterfest-machen\/#breadcrumb\"},\"inLanguage\":\"de-DE\",\"potentialAction\":[{\"@type\":\"ReadAction\",\"target\":[\"https:\/\/www.doppelklicker.de\/blog\/terrasse-wind-und-wetterfest-machen\/\"]}]},{\"@type\":\"BreadcrumbList\",\"@id\":\"https:\/\/www.doppelklicker.de\/blog\/terrasse-wind-und-wetterfest-machen\/#breadcrumb\",\"itemListElement\":[{\"@type\":\"ListItem\",\"position\":1,\"name\":\"Startseite\",\"item\":\"https:\/\/www.doppelklicker.de\/blog\/\"},{\"@type\":\"ListItem\",\"position\":2,\"name\":\"Die Terrasse wind- und wetterfest machen\"}]},{\"@type\":\"Person\",\"@id\":\"https:\/\/www.doppelklicker.de\/blog\/#\/schema\/person\/009b6a6a744da4e73050c53bc1695177\",\"name\":\"Marius Beilhammer\",\"image\":{\"@type\":\"ImageObject\",\"@id\":\"https:\/\/www.doppelklicker.de\/blog\/#personlogo\",\"inLanguage\":\"de-DE\",\"url\":\"https:\/\/secure.gravatar.com\/avatar\/a11edae29886b0b57251ce3980648452?s=96&d=wp_user_avatar&r=g\",\"contentUrl\":\"https:\/\/secure.gravatar.com\/avatar\/a11edae29886b0b57251ce3980648452?s=96&d=wp_user_avatar&r=g\",\"caption\":\"Marius Beilhammer\"},\"url\":\"https:\/\/www.doppelklicker.de\/blog\/author\/mb1979\/\"}]}<\/script>\n<!-- \/ Yoast SEO plugin. -->","yoast_head_json":{"description":"Tipps & Tricks, um die Terrasse wind- und wetterfest zu machen finden Sie hier. So wird die Terrasse fit f\u00fcr den Herbst!","robots":{"index":"index","follow":"follow","max-snippet":"max-snippet:-1","max-image-preview":"max-image-preview:large","max-video-preview":"max-video-preview:-1"},"canonical":"https:\/\/www.doppelklicker.de\/blog\/terrasse-wind-und-wetterfest-machen\/","og_locale":"de_DE","og_type":"article","og_title":"Die Terrasse wind- und wetterfest machen","og_description":"Tipps & Tricks, um die Terrasse wind- und wetterfest zu machen finden Sie hier. So wird die Terrasse fit f\u00fcr den Herbst!","og_url":"https:\/\/www.doppelklicker.de\/blog\/terrasse-wind-und-wetterfest-machen\/","og_site_name":"Aus Mainz.","article_published_time":"2016-09-20T06:00:00+00:00","article_modified_time":"2020-04-19T11:55:57+00:00","og_image":[{"width":699,"height":335,"url":"https:\/\/www.doppelklicker.de\/blog\/wp-content\/uploads\/2016\/09\/Terrasse-wind-und-wetterfest-machen.jpg","type":"image\/jpeg"}],"twitter_card":"summary_large_image","twitter_misc":{"Verfasst von":"Marius Beilhammer","Gesch\u00e4tzte Lesezeit":"7 Minuten"},"schema":{"@context":"https:\/\/schema.org","@graph":[{"@type":"WebSite","@id":"https:\/\/www.doppelklicker.de\/blog\/#website","url":"https:\/\/www.doppelklicker.de\/blog\/","name":"Aus Mainz.","description":"F\u00fcr die Welt.","potentialAction":[{"@type":"SearchAction","target":{"@type":"EntryPoint","urlTemplate":"https:\/\/www.doppelklicker.de\/blog\/?s={search_term_string}"},"query-input":"required name=search_term_string"}],"inLanguage":"de-DE"},{"@type":"ImageObject","@id":"https:\/\/www.doppelklicker.de\/blog\/terrasse-wind-und-wetterfest-machen\/#primaryimage","inLanguage":"de-DE","url":"https:\/\/www.doppelklicker.de\/blog\/wp-content\/uploads\/2016\/09\/Terrasse-wind-und-wetterfest-machen-2.jpg","contentUrl":"https:\/\/www.doppelklicker.de\/blog\/wp-content\/uploads\/2016\/09\/Terrasse-wind-und-wetterfest-machen-2.jpg"},{"@type":"WebPage","@id":"https:\/\/www.doppelklicker.de\/blog\/terrasse-wind-und-wetterfest-machen\/#webpage","url":"https:\/\/www.doppelklicker.de\/blog\/terrasse-wind-und-wetterfest-machen\/","name":"Die Terrasse wind- und wetterfest machen","isPartOf":{"@id":"https:\/\/www.doppelklicker.de\/blog\/#website"},"primaryImageOfPage":{"@id":"https:\/\/www.doppelklicker.de\/blog\/terrasse-wind-und-wetterfest-machen\/#primaryimage"},"datePublished":"2016-09-20T06:00:00+00:00","dateModified":"2020-04-19T11:55:57+00:00","author":{"@id":"https:\/\/www.doppelklicker.de\/blog\/#\/schema\/person\/009b6a6a744da4e73050c53bc1695177"},"description":"Tipps & Tricks, um die Terrasse wind- und wetterfest zu machen finden Sie hier. So wird die Terrasse fit f\u00fcr den Herbst!","breadcrumb":{"@id":"https:\/\/www.doppelklicker.de\/blog\/terrasse-wind-und-wetterfest-machen\/#breadcrumb"},"inLanguage":"de-DE","potentialAction":[{"@type":"ReadAction","target":["https:\/\/www.doppelklicker.de\/blog\/terrasse-wind-und-wetterfest-machen\/"]}]},{"@type":"BreadcrumbList","@id":"https:\/\/www.doppelklicker.de\/blog\/terrasse-wind-und-wetterfest-machen\/#breadcrumb","itemListElement":[{"@type":"ListItem","position":1,"name":"Startseite","item":"https:\/\/www.doppelklicker.de\/blog\/"},{"@type":"ListItem","position":2,"name":"Die Terrasse wind- und wetterfest machen"}]},{"@type":"Person","@id":"https:\/\/www.doppelklicker.de\/blog\/#\/schema\/person\/009b6a6a744da4e73050c53bc1695177","name":"Marius Beilhammer","image":{"@type":"ImageObject","@id":"https:\/\/www.doppelklicker.de\/blog\/#personlogo","inLanguage":"de-DE","url":"https:\/\/secure.gravatar.com\/avatar\/a11edae29886b0b57251ce3980648452?s=96&d=wp_user_avatar&r=g","contentUrl":"https:\/\/secure.gravatar.com\/avatar\/a11edae29886b0b57251ce3980648452?s=96&d=wp_user_avatar&r=g","caption":"Marius Beilhammer"},"url":"https:\/\/www.doppelklicker.de\/blog\/author\/mb1979\/"}]}},"_links":{"self":[{"href":"https:\/\/www.doppelklicker.de\/blog\/wp-json\/wp\/v2\/posts\/1740"}],"collection":[{"href":"https:\/\/www.doppelklicker.de\/blog\/wp-json\/wp\/v2\/posts"}],"about":[{"href":"https:\/\/www.doppelklicker.de\/blog\/wp-json\/wp\/v2\/types\/post"}],"author":[{"embeddable":true,"href":"https:\/\/www.doppelklicker.de\/blog\/wp-json\/wp\/v2\/users\/6"}],"replies":[{"embeddable":true,"href":"https:\/\/www.doppelklicker.de\/blog\/wp-json\/wp\/v2\/comments?post=1740"}],"version-history":[{"count":0,"href":"https:\/\/www.doppelklicker.de\/blog\/wp-json\/wp\/v2\/posts\/1740\/revisions"}],"wp:attachment":[{"href":"https:\/\/www.doppelklicker.de\/blog\/wp-json\/wp\/v2\/media?parent=1740"}],"wp:term":[{"taxonomy":"category","embeddable":true,"href":"https:\/\/www.doppelklicker.de\/blog\/wp-json\/wp\/v2\/categories?post=1740"},{"taxonomy":"post_tag","embeddable":true,"href":"https:\/\/www.doppelklicker.de\/blog\/wp-json\/wp\/v2\/tags?post=1740"}],"curies":[{"name":"wp","href":"https:\/\/api.w.org\/{rel}","templated":true}]}}