{"id":5650,"date":"2022-04-22T08:00:00","date_gmt":"2022-04-22T06:00:00","guid":{"rendered":"guid"},"modified":"2022-04-22T08:00:00","modified_gmt":"2022-04-22T06:00:00","slug":"just-stop-oil-klimaaktivsten","status":"publish","type":"post","link":"https:\/\/www.doppelklicker.de\/blog\/just-stop-oil-klimaaktivsten\/","title":{"rendered":"Just Stop Oil: Klimaaktivisten in England zu Freiheitsentzug verurteilt"},"content":{"rendered":"<p>Die Justiz in England hat zwei Klimaaktivisten f\u00fcr schuldig befunden, eine wichtige Themse-Br\u00fccke blockiert zu haben, und sie zu mehrj\u00e4hrigen Haftstrafen verurteilt. Der 40-j\u00e4hrige Mann muss f\u00fcr drei Jahre ins Gef\u00e4ngnis, w\u00e4hrend der 34-j\u00e4hrige Mann f\u00fcr zwei Jahre und sieben Monate hinter Gittern bleibt. Obwohl Proteste ein legitimes Mittel sind, um auf Probleme aufmerksam zu machen, m\u00fcssen sie innerhalb der Grenzen der Gesetze und der \u00f6ffentlichen Sicherheit bleiben. Die harten Strafen sind ein Beweis daf\u00fcr, dass die Justiz keine Straftaten tolerieren wird, auch nicht im Namen des Klimaschutzes.<br \/>\n<!--more--><\/p>\n<h2>Just Stop Oil-Aktivisten demonstrieren auf H\u00e4ngebr\u00fccke in Dartford<\/h2>\n<p>Die umstrittene Aktion der beiden Aktivisten der Gruppe Just Stop Oil im Oktober letzten Jahres auf den Pfeilern der Themse-Br\u00fccke in Dartford zu klettern, war nicht nur \u00fcberm\u00fctig, sondern auch unverantwortlich. Durch die Schlie\u00dfung der Br\u00fccke f\u00fcr 40 Stunden wurden viele Menschen im Verkehr behindert und es entstand ein gro\u00dfer Schaden. Obwohl ihr Anliegen, auf die negativen Auswirkungen der \u00d6lindustrie aufmerksam zu machen, durchaus berechtigt ist, war die Durchf\u00fchrung der Aktion einfach unangemessen und gef\u00e4hrlich.<\/p>\n<p>Der Richter Shane Collery begr\u00fcndete die harte Strafe am Southend Crown Court damit, dass die Angeklagten f\u00fcr ihre Taten Verantwortung \u00fcbernehmen m\u00fcssen. Durch ihr Verhalten haben sie die Rechte anderer verletzt und das soziale Gef\u00fcge gest\u00f6rt. Die Strafe soll nicht nur eine Bestrafung f\u00fcr die Angeklagten darstellen, sondern auch ein Zeichen setzen, dass solch ein Verhalten nicht akzeptabel ist und Konsequenzen hat.<\/p>\n","protected":false},"excerpt":{"rendered":"<p>Die Justiz in England hat zwei Klimaaktivisten f\u00fcr schuldig befunden, eine wichtige Themse-Br\u00fccke blockiert zu haben, und sie zu mehrj\u00e4hrigen Haftstrafen verurteilt. Der 40-j\u00e4hrige Mann muss f\u00fcr drei Jahre ins Gef\u00e4ngnis, w\u00e4hrend der 34-j\u00e4hrige Mann f\u00fcr zwei Jahre und sieben Monate hinter Gittern bleibt. Obwohl Proteste ein legitimes Mittel sind, um auf Probleme aufmerksam zu<\/p>\n<div class=\"read-more\"><a href=\"https:\/\/www.doppelklicker.de\/blog\/just-stop-oil-klimaaktivsten\/\" title=\"Jetzt alles lesen\">Jetzt alles lesen<\/a><\/div>\n","protected":false},"author":8,"featured_media":5651,"comment_status":"open","ping_status":"open","sticky":false,"template":"","format":"standard","meta":[],"categories":[3305],"tags":[3490,3491,3487,3494,3492,3493,3489,3488,50],"yoast_head":"<!-- This site is optimized with the Yoast SEO plugin v18.2 - https:\/\/yoast.com\/wordpress\/plugins\/seo\/ -->\n<meta name=\"robots\" content=\"index, follow, max-snippet:-1, max-image-preview:large, max-video-preview:-1\" \/>\n<link rel=\"canonical\" href=\"https:\/\/www.doppelklicker.de\/blog\/just-stop-oil-klimaaktivsten\/\" \/>\n<meta property=\"og:locale\" content=\"de_DE\" \/>\n<meta property=\"og:type\" content=\"article\" \/>\n<meta property=\"og:title\" content=\"Just Stop Oil: Klimaaktivisten in England zu Freiheitsentzug verurteilt\" \/>\n<meta property=\"og:description\" content=\"Die Justiz in England hat zwei Klimaaktivisten f\u00fcr schuldig befunden, eine wichtige Themse-Br\u00fccke blockiert zu haben, und sie zu mehrj\u00e4hrigen Haftstrafen verurteilt. Der 40-j\u00e4hrige Mann muss f\u00fcr drei Jahre ins Gef\u00e4ngnis, w\u00e4hrend der 34-j\u00e4hrige Mann f\u00fcr zwei Jahre und sieben Monate hinter Gittern bleibt. Obwohl Proteste ein legitimes Mittel sind, um auf Probleme aufmerksam zuJetzt alles lesen\" \/>\n<meta property=\"og:url\" content=\"https:\/\/www.doppelklicker.de\/blog\/just-stop-oil-klimaaktivsten\/\" \/>\n<meta property=\"og:site_name\" content=\"Aus Mainz.\" \/>\n<meta property=\"article:published_time\" content=\"2022-04-22T06:00:00+00:00\" \/>\n<meta property=\"og:image\" content=\"https:\/\/www.doppelklicker.de\/blog\/wp-content\/uploads\/2023\/04\/aktivisten-der-just-stop-oil-bewegung-in-england-zu-gefaengnis-6026.jpg\" \/>\n\t<meta property=\"og:image:width\" content=\"700\" \/>\n\t<meta property=\"og:image:height\" content=\"335\" \/>\n\t<meta property=\"og:image:type\" content=\"image\/jpeg\" \/>\n<meta name=\"twitter:card\" content=\"summary_large_image\" \/>\n<meta name=\"twitter:label1\" content=\"Verfasst von\" \/>\n\t<meta name=\"twitter:data1\" content=\"Iris Martin\" \/>\n\t<meta name=\"twitter:label2\" content=\"Gesch\u00e4tzte Lesezeit\" \/>\n\t<meta name=\"twitter:data2\" content=\"1 Minute\" \/>\n<script type=\"application\/ld+json\" class=\"yoast-schema-graph\">{\"@context\":\"https:\/\/schema.org\",\"@graph\":[{\"@type\":\"WebSite\",\"@id\":\"https:\/\/www.doppelklicker.de\/blog\/#website\",\"url\":\"https:\/\/www.doppelklicker.de\/blog\/\",\"name\":\"Aus Mainz.\",\"description\":\"F\u00fcr die Welt.\",\"potentialAction\":[{\"@type\":\"SearchAction\",\"target\":{\"@type\":\"EntryPoint\",\"urlTemplate\":\"https:\/\/www.doppelklicker.de\/blog\/?s={search_term_string}\"},\"query-input\":\"required name=search_term_string\"}],\"inLanguage\":\"de-DE\"},{\"@type\":\"ImageObject\",\"@id\":\"https:\/\/www.doppelklicker.de\/blog\/just-stop-oil-klimaaktivsten\/#primaryimage\",\"inLanguage\":\"de-DE\",\"url\":\"https:\/\/www.doppelklicker.de\/blog\/wp-content\/uploads\/2023\/04\/aktivisten-der-just-stop-oil-bewegung-in-england-zu-gefaengnis-6026.jpg\",\"contentUrl\":\"https:\/\/www.doppelklicker.de\/blog\/wp-content\/uploads\/2023\/04\/aktivisten-der-just-stop-oil-bewegung-in-england-zu-gefaengnis-6026.jpg\",\"width\":700,\"height\":335,\"caption\":\"Just Stop Oil: Klimaaktivisten in England zu Freiheitsentzug verurteilt (Foto: AdobeStock - Nele 573648168)\"},{\"@type\":\"WebPage\",\"@id\":\"https:\/\/www.doppelklicker.de\/blog\/just-stop-oil-klimaaktivsten\/#webpage\",\"url\":\"https:\/\/www.doppelklicker.de\/blog\/just-stop-oil-klimaaktivsten\/\",\"name\":\"Just Stop Oil: Klimaaktivisten in England zu Freiheitsentzug verurteilt\",\"isPartOf\":{\"@id\":\"https:\/\/www.doppelklicker.de\/blog\/#website\"},\"primaryImageOfPage\":{\"@id\":\"https:\/\/www.doppelklicker.de\/blog\/just-stop-oil-klimaaktivsten\/#primaryimage\"},\"datePublished\":\"2022-04-22T06:00:00+00:00\",\"dateModified\":\"2022-04-22T06:00:00+00:00\",\"author\":{\"@id\":\"https:\/\/www.doppelklicker.de\/blog\/#\/schema\/person\/08dcac172bdb025e8ff433488184668a\"},\"breadcrumb\":{\"@id\":\"https:\/\/www.doppelklicker.de\/blog\/just-stop-oil-klimaaktivsten\/#breadcrumb\"},\"inLanguage\":\"de-DE\",\"potentialAction\":[{\"@type\":\"ReadAction\",\"target\":[\"https:\/\/www.doppelklicker.de\/blog\/just-stop-oil-klimaaktivsten\/\"]}]},{\"@type\":\"BreadcrumbList\",\"@id\":\"https:\/\/www.doppelklicker.de\/blog\/just-stop-oil-klimaaktivsten\/#breadcrumb\",\"itemListElement\":[{\"@type\":\"ListItem\",\"position\":1,\"name\":\"Startseite\",\"item\":\"https:\/\/www.doppelklicker.de\/blog\/\"},{\"@type\":\"ListItem\",\"position\":2,\"name\":\"Just Stop Oil: Klimaaktivisten in England zu Freiheitsentzug verurteilt\"}]},{\"@type\":\"Person\",\"@id\":\"https:\/\/www.doppelklicker.de\/blog\/#\/schema\/person\/08dcac172bdb025e8ff433488184668a\",\"name\":\"Iris Martin\",\"image\":{\"@type\":\"ImageObject\",\"@id\":\"https:\/\/www.doppelklicker.de\/blog\/#personlogo\",\"inLanguage\":\"de-DE\",\"url\":\"https:\/\/secure.gravatar.com\/avatar\/82fdaa093be0b9686b531f99fcb54d15?s=96&d=wp_user_avatar&r=g\",\"contentUrl\":\"https:\/\/secure.gravatar.com\/avatar\/82fdaa093be0b9686b531f99fcb54d15?s=96&d=wp_user_avatar&r=g\",\"caption\":\"Iris Martin\"},\"url\":\"https:\/\/www.doppelklicker.de\/blog\/author\/iris-martin\/\"}]}<\/script>\n<!-- \/ Yoast SEO plugin. -->","yoast_head_json":{"robots":{"index":"index","follow":"follow","max-snippet":"max-snippet:-1","max-image-preview":"max-image-preview:large","max-video-preview":"max-video-preview:-1"},"canonical":"https:\/\/www.doppelklicker.de\/blog\/just-stop-oil-klimaaktivsten\/","og_locale":"de_DE","og_type":"article","og_title":"Just Stop Oil: Klimaaktivisten in England zu Freiheitsentzug verurteilt","og_description":"Die Justiz in England hat zwei Klimaaktivisten f\u00fcr schuldig befunden, eine wichtige Themse-Br\u00fccke blockiert zu haben, und sie zu mehrj\u00e4hrigen Haftstrafen verurteilt. Der 40-j\u00e4hrige Mann muss f\u00fcr drei Jahre ins Gef\u00e4ngnis, w\u00e4hrend der 34-j\u00e4hrige Mann f\u00fcr zwei Jahre und sieben Monate hinter Gittern bleibt. Obwohl Proteste ein legitimes Mittel sind, um auf Probleme aufmerksam zuJetzt alles lesen","og_url":"https:\/\/www.doppelklicker.de\/blog\/just-stop-oil-klimaaktivsten\/","og_site_name":"Aus Mainz.","article_published_time":"2022-04-22T06:00:00+00:00","og_image":[{"width":700,"height":335,"url":"https:\/\/www.doppelklicker.de\/blog\/wp-content\/uploads\/2023\/04\/aktivisten-der-just-stop-oil-bewegung-in-england-zu-gefaengnis-6026.jpg","type":"image\/jpeg"}],"twitter_card":"summary_large_image","twitter_misc":{"Verfasst von":"Iris Martin","Gesch\u00e4tzte Lesezeit":"1 Minute"},"schema":{"@context":"https:\/\/schema.org","@graph":[{"@type":"WebSite","@id":"https:\/\/www.doppelklicker.de\/blog\/#website","url":"https:\/\/www.doppelklicker.de\/blog\/","name":"Aus Mainz.","description":"F\u00fcr die Welt.","potentialAction":[{"@type":"SearchAction","target":{"@type":"EntryPoint","urlTemplate":"https:\/\/www.doppelklicker.de\/blog\/?s={search_term_string}"},"query-input":"required name=search_term_string"}],"inLanguage":"de-DE"},{"@type":"ImageObject","@id":"https:\/\/www.doppelklicker.de\/blog\/just-stop-oil-klimaaktivsten\/#primaryimage","inLanguage":"de-DE","url":"https:\/\/www.doppelklicker.de\/blog\/wp-content\/uploads\/2023\/04\/aktivisten-der-just-stop-oil-bewegung-in-england-zu-gefaengnis-6026.jpg","contentUrl":"https:\/\/www.doppelklicker.de\/blog\/wp-content\/uploads\/2023\/04\/aktivisten-der-just-stop-oil-bewegung-in-england-zu-gefaengnis-6026.jpg","width":700,"height":335,"caption":"Just Stop Oil: Klimaaktivisten in England zu Freiheitsentzug verurteilt (Foto: AdobeStock - Nele 573648168)"},{"@type":"WebPage","@id":"https:\/\/www.doppelklicker.de\/blog\/just-stop-oil-klimaaktivsten\/#webpage","url":"https:\/\/www.doppelklicker.de\/blog\/just-stop-oil-klimaaktivsten\/","name":"Just Stop Oil: Klimaaktivisten in England zu Freiheitsentzug verurteilt","isPartOf":{"@id":"https:\/\/www.doppelklicker.de\/blog\/#website"},"primaryImageOfPage":{"@id":"https:\/\/www.doppelklicker.de\/blog\/just-stop-oil-klimaaktivsten\/#primaryimage"},"datePublished":"2022-04-22T06:00:00+00:00","dateModified":"2022-04-22T06:00:00+00:00","author":{"@id":"https:\/\/www.doppelklicker.de\/blog\/#\/schema\/person\/08dcac172bdb025e8ff433488184668a"},"breadcrumb":{"@id":"https:\/\/www.doppelklicker.de\/blog\/just-stop-oil-klimaaktivsten\/#breadcrumb"},"inLanguage":"de-DE","potentialAction":[{"@type":"ReadAction","target":["https:\/\/www.doppelklicker.de\/blog\/just-stop-oil-klimaaktivsten\/"]}]},{"@type":"BreadcrumbList","@id":"https:\/\/www.doppelklicker.de\/blog\/just-stop-oil-klimaaktivsten\/#breadcrumb","itemListElement":[{"@type":"ListItem","position":1,"name":"Startseite","item":"https:\/\/www.doppelklicker.de\/blog\/"},{"@type":"ListItem","position":2,"name":"Just Stop Oil: Klimaaktivisten in England zu Freiheitsentzug verurteilt"}]},{"@type":"Person","@id":"https:\/\/www.doppelklicker.de\/blog\/#\/schema\/person\/08dcac172bdb025e8ff433488184668a","name":"Iris Martin","image":{"@type":"ImageObject","@id":"https:\/\/www.doppelklicker.de\/blog\/#personlogo","inLanguage":"de-DE","url":"https:\/\/secure.gravatar.com\/avatar\/82fdaa093be0b9686b531f99fcb54d15?s=96&d=wp_user_avatar&r=g","contentUrl":"https:\/\/secure.gravatar.com\/avatar\/82fdaa093be0b9686b531f99fcb54d15?s=96&d=wp_user_avatar&r=g","caption":"Iris Martin"},"url":"https:\/\/www.doppelklicker.de\/blog\/author\/iris-martin\/"}]}},"_links":{"self":[{"href":"https:\/\/www.doppelklicker.de\/blog\/wp-json\/wp\/v2\/posts\/5650"}],"collection":[{"href":"https:\/\/www.doppelklicker.de\/blog\/wp-json\/wp\/v2\/posts"}],"about":[{"href":"https:\/\/www.doppelklicker.de\/blog\/wp-json\/wp\/v2\/types\/post"}],"author":[{"embeddable":true,"href":"https:\/\/www.doppelklicker.de\/blog\/wp-json\/wp\/v2\/users\/8"}],"replies":[{"embeddable":true,"href":"https:\/\/www.doppelklicker.de\/blog\/wp-json\/wp\/v2\/comments?post=5650"}],"version-history":[{"count":0,"href":"https:\/\/www.doppelklicker.de\/blog\/wp-json\/wp\/v2\/posts\/5650\/revisions"}],"wp:featuredmedia":[{"embeddable":true,"href":"https:\/\/www.doppelklicker.de\/blog\/wp-json\/wp\/v2\/media\/5651"}],"wp:attachment":[{"href":"https:\/\/www.doppelklicker.de\/blog\/wp-json\/wp\/v2\/media?parent=5650"}],"wp:term":[{"taxonomy":"category","embeddable":true,"href":"https:\/\/www.doppelklicker.de\/blog\/wp-json\/wp\/v2\/categories?post=5650"},{"taxonomy":"post_tag","embeddable":true,"href":"https:\/\/www.doppelklicker.de\/blog\/wp-json\/wp\/v2\/tags?post=5650"}],"curies":[{"name":"wp","href":"https:\/\/api.w.org\/{rel}","templated":true}]}}