{"id":5654,"date":"2023-03-31T08:00:00","date_gmt":"2023-03-31T06:00:00","guid":{"rendered":"guid"},"modified":"2023-04-22T15:26:33","modified_gmt":"2023-04-22T15:26:33","slug":"miriam-jacks-goldene-maske-fuer-visagistik","status":"publish","type":"post","link":"https:\/\/www.doppelklicker.de\/blog\/miriam-jacks-goldene-maske-fuer-visagistik\/","title":{"rendered":"Visagistin Miriam Jacks wird f\u00fcr ihr herausragendes Talent mit der &#8222;Goldenen Maske&#8220; in der Kategorie Visagistik ausgezeichnet"},"content":{"rendered":"<p>Aufgrund ihrer au\u00dfergew\u00f6hnlichen Kreativit\u00e4t, Fachkenntnis und ihres besonderen Engagements in der Visagistik wurde Miriam Jacks auf der BEAUTY D\u00dcSSELDORF mit der &#8222;Goldenen Maske f\u00fcr Visagistik&#8220; geehrt, einem renommierten Preis, der von der Messe D\u00fcsseldorf und KRYOLAN Professional Make-up vergeben wird.<br \/>\n<!--more--><\/p>\n<h2>Von der Leidenschaft zum Beruf: Preistr\u00e4gerin erlangt kreative Freiheit im E-Commerce-Bereich.<\/h2>\n<div id=\"attachment_5652\" style=\"width: 310px\" class=\"wp-caption alignright\"><img aria-describedby=\"caption-attachment-5652\" loading=\"lazy\" src=\"https:\/\/www.doppelklicker.de\/wp-content\/uploads\/2023\/04\/miriam-jacks-wird-fuer-ihre-herausragende-visagistik-mit-der-goldenen-maske-auf-der-beauty.jpg\" alt=\"Miriam Jacks ist die stolze Gewinnerin der Goldenen Maske f&uuml;r Visagistik auf der BEAUTY D&Uuml;SSELDORF. (Foto: Constanze Tillmann. Messe D&uuml;sseldorf)\" width=\"300\" height=\"600\" class=\"size-full wp-image-5652\" \/><p id=\"caption-attachment-5652\" class=\"wp-caption-text\">Miriam Jacks ist die stolze Gewinnerin der Goldenen Maske f\u00fcr Visagistik auf der BEAUTY D\u00dcSSELDORF. (Foto: Constanze Tillmann. Messe D\u00fcsseldorf)<\/p><\/div>\n<p>Die Preistr\u00e4gerin unterstreicht die Bedeutung des Preises, da er zeigt, dass man immer seinen Tr\u00e4umen folgen und an sich glauben sollte. Trotz mangelnder Erfahrung im Bereich BWL oder E-Commerce hat sie ihren Traumjob gefunden und kann ihre Kreativit\u00e4t voll entfalten. Sie ist \u00fcberzeugt, dass es sich immer lohnt, hart f\u00fcr seine Ziele zu arbeiten.<\/p>\n<p>Eine ehemalige Make-up-Artistin und Hair-Stylistin feiert als Unternehmerin und Gr\u00fcnderin gro\u00dfe Erfolge: Ihr Unternehmen Jacks beauty line, das sie 2011 gegr\u00fcndet hat, hat w\u00e4hrend der Corona-Pandemie einen enormen Durchbruch erlebt. Mit ihrer Make-up- und Hautpflege-Linie sowie handbemalten Pinseln, Beauty-Bags und weiteren Accessoires hat sie zusammen mit ihrer Gesch\u00e4ftspartnerin Lisa Buchholz einen Umsatz von mehr als sechs Millionen Euro erzielt. Diesen Erfolg verdankt sie ihrer langj\u00e4hrigen Erfahrung als Make-up-Artistin und Beauty-Expertin sowie ihrem unerm\u00fcdlichen Einsatz und ihrer Entschlossenheit, niemals aufzugeben.<\/p>\n<p>Die Beauty-Branche fasziniert Miriam Jacks bereits seit ihrer Kindheit, in der sie in einer Familie von Unternehmern im Ruhrgebiet aufwuchs. Heute nutzt sie ihr umfangreiches Wissen und ihre Erfahrung, um ihre Produkte erfolgreich zu vermarkten und ihr Unternehmen aufzubauen. Indem sie sich konsequent an ihren eigenen Visionen orientiert, schafft sie es, sowohl beruflich als auch privat gl\u00fccklich zu sein.<\/p>\n<p>Mit 20 Jahren zog Miriam Jacks nach Los Angeles, um eine Karriere als Make-up Artistin und Hair-Stylistin zu starten. Durch ihre au\u00dfergew\u00f6hnlichen F\u00e4higkeiten und ihren unerm\u00fcdlichen Einsatz wurde sie schnell zu einer der gefragtesten Make-up Artists der Branche. Nach dem USA-Abenteuer gr\u00fcndete sie eine Kette von Concept Stores f\u00fcr nachhaltige Sch\u00f6nheitspflege und entwickelte ihre eigene vegane Pinselkollektion JACKS beauty line, nachdem sie aufgrund einer Echthaarpinsel-Allergie ihre Karriere ver\u00e4ndert hatte.<\/p>\n<p>Diese Frau, die jetzt 39 Jahre alt ist, hat schnell den Gipfel als Make-up Artistin in der h\u00f6chsten Liga erreicht und auch als erfolgreiche Gesch\u00e4ftsfrau Fu\u00df gefasst. Trotzdem hat sie auch die Schattenseiten der Gesch\u00e4ftswelt kennengelernt, einschlie\u00dflich einer Insolvenz und zweier Burnouts. Aber ihre Kinder, besonders ihr Sohn Noah, der in ihrer h\u00e4rtesten Zeit zur Welt kam, haben ihr geholfen, alle Krisen zu \u00fcberwinden und stark zu bleiben.<\/p>\n<p>JACKS beauty line, das von der zweifachen Mutter Jacks gegr\u00fcndet wurde, verfolgt eine moderne Arbeitskultur, die auf flexible Arbeitszeiten und eine ausgewogene Work-Life-Balance setzt. Jacks ist es ein Anliegen, Frauen mit Kindern zu zeigen, dass es m\u00f6glich ist, eine Karriere zu verfolgen und dennoch eine erf\u00fcllte Familienzeit zu haben. Ihr Unternehmen soll dazu beitragen, die Sch\u00f6nheitsindustrie zu ver\u00e4ndern und realistischer zu gestalten.<\/p>\n<p>Wenn Miriam Jacks auf ihre Karriere zur\u00fcckblickt, w\u00fcrde sie ihrem j\u00fcngeren Ich raten, fr\u00fchzeitig professionelle Hilfe in Anspruch zu nehmen, um ihre negativen Gedankenmuster zu \u00fcberwinden. Sie ist stolz darauf, dass sie sich inzwischen nicht mehr selbst im Weg steht und ihr Leben viel zufriedenstellender geworden ist. Sie hat gelernt, ihre St\u00e4rken zu nutzen und sich auf das Positive zu konzentrieren.<\/p>\n<p>Wer Erfolg haben will, sollte sich f\u00fcr keine Aufgabe zu schade sein und jede Chance nutzen, die sich bietet. Dabei ist es wichtig, aktiv zu sein und sich optimal zu pr\u00e4sentieren. Auch wenn man nicht von Anfang an alles kann, kann man durch Engagement und Lernbereitschaft erfolgreicher werden.<\/p>\n<p>Die Gr\u00fcndung von JACKS beauty line war zweifellos einer ihrer gr\u00f6\u00dften Erfolge im Leben. Doch die unternehmungslustige Frau denkt schon an die Zukunft und hat klare Pl\u00e4ne. Eines ihrer ehrgeizigen Ziele ist eine Expansion in die USA und ein weiteres Wachstum ihrer Firma. Insbesondere in Los Angeles, dem Ort, an dem alles begann, w\u00fcrde sie gerne arbeiten.<\/p>\n","protected":false},"excerpt":{"rendered":"<p>Aufgrund ihrer au\u00dfergew\u00f6hnlichen Kreativit\u00e4t, Fachkenntnis und ihres besonderen Engagements in der Visagistik wurde Miriam Jacks auf der BEAUTY D\u00dcSSELDORF mit der &#8222;Goldenen Maske f\u00fcr Visagistik&#8220; geehrt, einem renommierten Preis, der von der Messe D\u00fcsseldorf und KRYOLAN Professional Make-up vergeben wird.<\/p>\n","protected":false},"author":8,"featured_media":5653,"comment_status":"open","ping_status":"open","sticky":false,"template":"","format":"standard","meta":[],"categories":[3305],"tags":[80,3500,1908,3495,3497,3322,3496,3501,3499,3498],"yoast_head":"<!-- This site is optimized with the Yoast SEO plugin v18.2 - https:\/\/yoast.com\/wordpress\/plugins\/seo\/ -->\n<meta name=\"robots\" content=\"index, follow, max-snippet:-1, max-image-preview:large, max-video-preview:-1\" \/>\n<link rel=\"canonical\" href=\"https:\/\/www.doppelklicker.de\/blog\/miriam-jacks-goldene-maske-fuer-visagistik\/\" \/>\n<meta property=\"og:locale\" content=\"de_DE\" \/>\n<meta property=\"og:type\" content=\"article\" \/>\n<meta property=\"og:title\" content=\"Visagistin Miriam Jacks wird f\u00fcr ihr herausragendes Talent mit der &quot;Goldenen Maske&quot; in der Kategorie Visagistik ausgezeichnet\" \/>\n<meta property=\"og:description\" content=\"Aufgrund ihrer au\u00dfergew\u00f6hnlichen Kreativit\u00e4t, Fachkenntnis und ihres besonderen Engagements in der Visagistik wurde Miriam Jacks auf der BEAUTY D\u00dcSSELDORF mit der &#8222;Goldenen Maske f\u00fcr Visagistik&#8220; geehrt, einem renommierten Preis, der von der Messe D\u00fcsseldorf und KRYOLAN Professional Make-up vergeben wird.\" \/>\n<meta property=\"og:url\" content=\"https:\/\/www.doppelklicker.de\/blog\/miriam-jacks-goldene-maske-fuer-visagistik\/\" \/>\n<meta property=\"og:site_name\" content=\"Aus Mainz.\" \/>\n<meta property=\"article:published_time\" content=\"2023-03-31T06:00:00+00:00\" \/>\n<meta property=\"article:modified_time\" content=\"2023-04-22T15:26:33+00:00\" \/>\n<meta property=\"og:image\" content=\"https:\/\/www.doppelklicker.de\/blog\/wp-content\/uploads\/2023\/04\/visagistin-miriam-jacks-wird-mit-der-goldenen-maske-fuer-ihr-herausragendes-koennen-6044.jpg\" \/>\n\t<meta property=\"og:image:width\" content=\"700\" \/>\n\t<meta property=\"og:image:height\" content=\"335\" \/>\n\t<meta property=\"og:image:type\" content=\"image\/jpeg\" \/>\n<meta name=\"twitter:card\" content=\"summary_large_image\" \/>\n<meta name=\"twitter:label1\" content=\"Verfasst von\" \/>\n\t<meta name=\"twitter:data1\" content=\"Iris Martin\" \/>\n\t<meta name=\"twitter:label2\" content=\"Gesch\u00e4tzte Lesezeit\" \/>\n\t<meta name=\"twitter:data2\" content=\"3 Minuten\" \/>\n<script type=\"application\/ld+json\" class=\"yoast-schema-graph\">{\"@context\":\"https:\/\/schema.org\",\"@graph\":[{\"@type\":\"WebSite\",\"@id\":\"https:\/\/www.doppelklicker.de\/blog\/#website\",\"url\":\"https:\/\/www.doppelklicker.de\/blog\/\",\"name\":\"Aus Mainz.\",\"description\":\"F\u00fcr die Welt.\",\"potentialAction\":[{\"@type\":\"SearchAction\",\"target\":{\"@type\":\"EntryPoint\",\"urlTemplate\":\"https:\/\/www.doppelklicker.de\/blog\/?s={search_term_string}\"},\"query-input\":\"required name=search_term_string\"}],\"inLanguage\":\"de-DE\"},{\"@type\":\"ImageObject\",\"@id\":\"https:\/\/www.doppelklicker.de\/blog\/miriam-jacks-goldene-maske-fuer-visagistik\/#primaryimage\",\"inLanguage\":\"de-DE\",\"url\":\"https:\/\/www.doppelklicker.de\/blog\/wp-content\/uploads\/2023\/04\/visagistin-miriam-jacks-wird-mit-der-goldenen-maske-fuer-ihr-herausragendes-koennen-6044.jpg\",\"contentUrl\":\"https:\/\/www.doppelklicker.de\/blog\/wp-content\/uploads\/2023\/04\/visagistin-miriam-jacks-wird-mit-der-goldenen-maske-fuer-ihr-herausragendes-koennen-6044.jpg\",\"width\":700,\"height\":335,\"caption\":\"Visagistin Miriam Jacks wird f\u00fcr ihr herausragendes Talent mit der \\\"Goldenen Maske\\\" in der Kategorie Visagistik ausgezeichnet (Foto: Constanze Tillmann. Messe D\u00fcsseldorf)\"},{\"@type\":\"WebPage\",\"@id\":\"https:\/\/www.doppelklicker.de\/blog\/miriam-jacks-goldene-maske-fuer-visagistik\/#webpage\",\"url\":\"https:\/\/www.doppelklicker.de\/blog\/miriam-jacks-goldene-maske-fuer-visagistik\/\",\"name\":\"Visagistin Miriam Jacks wird f\u00fcr ihr herausragendes Talent mit der \\\"Goldenen Maske\\\" in der Kategorie Visagistik ausgezeichnet\",\"isPartOf\":{\"@id\":\"https:\/\/www.doppelklicker.de\/blog\/#website\"},\"primaryImageOfPage\":{\"@id\":\"https:\/\/www.doppelklicker.de\/blog\/miriam-jacks-goldene-maske-fuer-visagistik\/#primaryimage\"},\"datePublished\":\"2023-03-31T06:00:00+00:00\",\"dateModified\":\"2023-04-22T15:26:33+00:00\",\"author\":{\"@id\":\"https:\/\/www.doppelklicker.de\/blog\/#\/schema\/person\/08dcac172bdb025e8ff433488184668a\"},\"breadcrumb\":{\"@id\":\"https:\/\/www.doppelklicker.de\/blog\/miriam-jacks-goldene-maske-fuer-visagistik\/#breadcrumb\"},\"inLanguage\":\"de-DE\",\"potentialAction\":[{\"@type\":\"ReadAction\",\"target\":[\"https:\/\/www.doppelklicker.de\/blog\/miriam-jacks-goldene-maske-fuer-visagistik\/\"]}]},{\"@type\":\"BreadcrumbList\",\"@id\":\"https:\/\/www.doppelklicker.de\/blog\/miriam-jacks-goldene-maske-fuer-visagistik\/#breadcrumb\",\"itemListElement\":[{\"@type\":\"ListItem\",\"position\":1,\"name\":\"Startseite\",\"item\":\"https:\/\/www.doppelklicker.de\/blog\/\"},{\"@type\":\"ListItem\",\"position\":2,\"name\":\"Visagistin Miriam Jacks wird f\u00fcr ihr herausragendes Talent mit der &#8222;Goldenen Maske&#8220; in der Kategorie Visagistik ausgezeichnet\"}]},{\"@type\":\"Person\",\"@id\":\"https:\/\/www.doppelklicker.de\/blog\/#\/schema\/person\/08dcac172bdb025e8ff433488184668a\",\"name\":\"Iris Martin\",\"image\":{\"@type\":\"ImageObject\",\"@id\":\"https:\/\/www.doppelklicker.de\/blog\/#personlogo\",\"inLanguage\":\"de-DE\",\"url\":\"https:\/\/secure.gravatar.com\/avatar\/82fdaa093be0b9686b531f99fcb54d15?s=96&d=wp_user_avatar&r=g\",\"contentUrl\":\"https:\/\/secure.gravatar.com\/avatar\/82fdaa093be0b9686b531f99fcb54d15?s=96&d=wp_user_avatar&r=g\",\"caption\":\"Iris Martin\"},\"url\":\"https:\/\/www.doppelklicker.de\/blog\/author\/iris-martin\/\"}]}<\/script>\n<!-- \/ Yoast SEO plugin. -->","yoast_head_json":{"robots":{"index":"index","follow":"follow","max-snippet":"max-snippet:-1","max-image-preview":"max-image-preview:large","max-video-preview":"max-video-preview:-1"},"canonical":"https:\/\/www.doppelklicker.de\/blog\/miriam-jacks-goldene-maske-fuer-visagistik\/","og_locale":"de_DE","og_type":"article","og_title":"Visagistin Miriam Jacks wird f\u00fcr ihr herausragendes Talent mit der \"Goldenen Maske\" in der Kategorie Visagistik ausgezeichnet","og_description":"Aufgrund ihrer au\u00dfergew\u00f6hnlichen Kreativit\u00e4t, Fachkenntnis und ihres besonderen Engagements in der Visagistik wurde Miriam Jacks auf der BEAUTY D\u00dcSSELDORF mit der &#8222;Goldenen Maske f\u00fcr Visagistik&#8220; geehrt, einem renommierten Preis, der von der Messe D\u00fcsseldorf und KRYOLAN Professional Make-up vergeben wird.","og_url":"https:\/\/www.doppelklicker.de\/blog\/miriam-jacks-goldene-maske-fuer-visagistik\/","og_site_name":"Aus Mainz.","article_published_time":"2023-03-31T06:00:00+00:00","article_modified_time":"2023-04-22T15:26:33+00:00","og_image":[{"width":700,"height":335,"url":"https:\/\/www.doppelklicker.de\/blog\/wp-content\/uploads\/2023\/04\/visagistin-miriam-jacks-wird-mit-der-goldenen-maske-fuer-ihr-herausragendes-koennen-6044.jpg","type":"image\/jpeg"}],"twitter_card":"summary_large_image","twitter_misc":{"Verfasst von":"Iris Martin","Gesch\u00e4tzte Lesezeit":"3 Minuten"},"schema":{"@context":"https:\/\/schema.org","@graph":[{"@type":"WebSite","@id":"https:\/\/www.doppelklicker.de\/blog\/#website","url":"https:\/\/www.doppelklicker.de\/blog\/","name":"Aus Mainz.","description":"F\u00fcr die Welt.","potentialAction":[{"@type":"SearchAction","target":{"@type":"EntryPoint","urlTemplate":"https:\/\/www.doppelklicker.de\/blog\/?s={search_term_string}"},"query-input":"required name=search_term_string"}],"inLanguage":"de-DE"},{"@type":"ImageObject","@id":"https:\/\/www.doppelklicker.de\/blog\/miriam-jacks-goldene-maske-fuer-visagistik\/#primaryimage","inLanguage":"de-DE","url":"https:\/\/www.doppelklicker.de\/blog\/wp-content\/uploads\/2023\/04\/visagistin-miriam-jacks-wird-mit-der-goldenen-maske-fuer-ihr-herausragendes-koennen-6044.jpg","contentUrl":"https:\/\/www.doppelklicker.de\/blog\/wp-content\/uploads\/2023\/04\/visagistin-miriam-jacks-wird-mit-der-goldenen-maske-fuer-ihr-herausragendes-koennen-6044.jpg","width":700,"height":335,"caption":"Visagistin Miriam Jacks wird f\u00fcr ihr herausragendes Talent mit der \"Goldenen Maske\" in der Kategorie Visagistik ausgezeichnet (Foto: Constanze Tillmann. Messe D\u00fcsseldorf)"},{"@type":"WebPage","@id":"https:\/\/www.doppelklicker.de\/blog\/miriam-jacks-goldene-maske-fuer-visagistik\/#webpage","url":"https:\/\/www.doppelklicker.de\/blog\/miriam-jacks-goldene-maske-fuer-visagistik\/","name":"Visagistin Miriam Jacks wird f\u00fcr ihr herausragendes Talent mit der \"Goldenen Maske\" in der Kategorie Visagistik ausgezeichnet","isPartOf":{"@id":"https:\/\/www.doppelklicker.de\/blog\/#website"},"primaryImageOfPage":{"@id":"https:\/\/www.doppelklicker.de\/blog\/miriam-jacks-goldene-maske-fuer-visagistik\/#primaryimage"},"datePublished":"2023-03-31T06:00:00+00:00","dateModified":"2023-04-22T15:26:33+00:00","author":{"@id":"https:\/\/www.doppelklicker.de\/blog\/#\/schema\/person\/08dcac172bdb025e8ff433488184668a"},"breadcrumb":{"@id":"https:\/\/www.doppelklicker.de\/blog\/miriam-jacks-goldene-maske-fuer-visagistik\/#breadcrumb"},"inLanguage":"de-DE","potentialAction":[{"@type":"ReadAction","target":["https:\/\/www.doppelklicker.de\/blog\/miriam-jacks-goldene-maske-fuer-visagistik\/"]}]},{"@type":"BreadcrumbList","@id":"https:\/\/www.doppelklicker.de\/blog\/miriam-jacks-goldene-maske-fuer-visagistik\/#breadcrumb","itemListElement":[{"@type":"ListItem","position":1,"name":"Startseite","item":"https:\/\/www.doppelklicker.de\/blog\/"},{"@type":"ListItem","position":2,"name":"Visagistin Miriam Jacks wird f\u00fcr ihr herausragendes Talent mit der &#8222;Goldenen Maske&#8220; in der Kategorie Visagistik ausgezeichnet"}]},{"@type":"Person","@id":"https:\/\/www.doppelklicker.de\/blog\/#\/schema\/person\/08dcac172bdb025e8ff433488184668a","name":"Iris Martin","image":{"@type":"ImageObject","@id":"https:\/\/www.doppelklicker.de\/blog\/#personlogo","inLanguage":"de-DE","url":"https:\/\/secure.gravatar.com\/avatar\/82fdaa093be0b9686b531f99fcb54d15?s=96&d=wp_user_avatar&r=g","contentUrl":"https:\/\/secure.gravatar.com\/avatar\/82fdaa093be0b9686b531f99fcb54d15?s=96&d=wp_user_avatar&r=g","caption":"Iris Martin"},"url":"https:\/\/www.doppelklicker.de\/blog\/author\/iris-martin\/"}]}},"_links":{"self":[{"href":"https:\/\/www.doppelklicker.de\/blog\/wp-json\/wp\/v2\/posts\/5654"}],"collection":[{"href":"https:\/\/www.doppelklicker.de\/blog\/wp-json\/wp\/v2\/posts"}],"about":[{"href":"https:\/\/www.doppelklicker.de\/blog\/wp-json\/wp\/v2\/types\/post"}],"author":[{"embeddable":true,"href":"https:\/\/www.doppelklicker.de\/blog\/wp-json\/wp\/v2\/users\/8"}],"replies":[{"embeddable":true,"href":"https:\/\/www.doppelklicker.de\/blog\/wp-json\/wp\/v2\/comments?post=5654"}],"version-history":[{"count":0,"href":"https:\/\/www.doppelklicker.de\/blog\/wp-json\/wp\/v2\/posts\/5654\/revisions"}],"wp:featuredmedia":[{"embeddable":true,"href":"https:\/\/www.doppelklicker.de\/blog\/wp-json\/wp\/v2\/media\/5653"}],"wp:attachment":[{"href":"https:\/\/www.doppelklicker.de\/blog\/wp-json\/wp\/v2\/media?parent=5654"}],"wp:term":[{"taxonomy":"category","embeddable":true,"href":"https:\/\/www.doppelklicker.de\/blog\/wp-json\/wp\/v2\/categories?post=5654"},{"taxonomy":"post_tag","embeddable":true,"href":"https:\/\/www.doppelklicker.de\/blog\/wp-json\/wp\/v2\/tags?post=5654"}],"curies":[{"name":"wp","href":"https:\/\/api.w.org\/{rel}","templated":true}]}}