{"id":5733,"date":"2023-01-04T08:00:00","date_gmt":"2023-01-04T06:00:00","guid":{"rendered":"guid"},"modified":"2023-01-04T08:00:00","modified_gmt":"2023-01-04T06:00:00","slug":"solarpflicht-dach-2023","status":"publish","type":"post","link":"https:\/\/www.doppelklicker.de\/blog\/solarpflicht-dach-2023\/","title":{"rendered":"Solarpflicht: Neue D\u00e4cher m\u00fcssen seit Jahresanfang 2023 mit einer Solarpflicht umgesetzt werden"},"content":{"rendered":"<p>In Berlin greift seit dem 1. Januar 2023 die Solarpflicht f\u00fcr den Bau neuer Geb\u00e4ude. Gem\u00e4\u00df dem Berliner Solargesetz m\u00fcssen private Eigent\u00fcmer sicherstellen, dass auf den Neubauten eine Photovoltaik-Anlage installiert und betrieben wird, um den Einsatz von Solarenergie zu f\u00f6rdern.<br \/>\n<!--more--><\/p>\n<h2>Neue Regulierung: Dachumbauten erfordern Solarenergie bei privatem Eigentum<\/h2>\n<p>Auch bei bereits bestehenden Geb\u00e4uden, die sich in privatem Besitz befinden und wesentlichen Umbauten wie einer Dachaufstockung oder Dachsanierung unterzogen werden, gilt die Vorgabe. Sowohl Wohngeb\u00e4ude als auch Gewerbe- und Industriegeb\u00e4ude sind von der Solarpflicht betroffen. Nach dem Gesetz muss ein Anteil von mindestens 30 Prozent der Dachfl\u00e4che f\u00fcr Photovoltaik-Anlagen genutzt werden.<\/p>\n<p>Wenn es um Bestandsgeb\u00e4ude geht, kann die Dachfl\u00e4che um Dachaufbauten, Dachfenster und \u00e4hnliche Elemente reduziert werden. Geb\u00e4ude mit einer Fl\u00e4che von bis zu 50 Quadratmetern sind von der Solarpflicht ausgeschlossen. In Berlin unterst\u00fctzt das Land den Ausbau der Solarenergie und stellt F\u00f6rder- und Beratungsangebote zur Verf\u00fcgung. Das Solarzentrum Berlin bietet kostenfreie Erstberatungen f\u00fcr Privatpersonen und Unternehmen an und bleibt dabei neutral in Bezug auf Produkte und Hersteller.<\/p>\n<p>Durch das F\u00f6rderprogramm SolarPLUS m\u00f6chte das Land Berlin Privatpersonen und Unternehmen gezielte Unterst\u00fctzung beim Ausbau ihrer Solarenergieanlagen bieten. Der Fokus liegt hierbei auf Investitionen in Stromspeicher, um den lokal erzeugten Stromanteil weiter zu erh\u00f6hen.<\/p>\n<p>In Berlin werden Solaranlagen auf denkmalgesch\u00fctzten Geb\u00e4uden gro\u00dfz\u00fcgig gef\u00f6rdert, um eine nachhaltige Energieversorgung in der Stadt zu f\u00f6rdern. Die finanzielle Unterst\u00fctzung umfasst nicht nur die Installation von Solarmodulen, sondern auch die Kombination von Gr\u00fcnd\u00e4chern mit Solaranlagen, was zu einer \u00f6kologischen und \u00e4sthetischen Aufwertung der Stadt f\u00fchrt. Dar\u00fcber hinaus werden auch Kosten f\u00fcr Studien, Gutachten und Konzepte teilweise \u00fcbernommen, um die Umsetzung von Solarprojekten zu erleichtern.<\/p>\n<p>Das Abgeordnetenhaus beschloss am 17. Juni 2021 das Solargesetz Berlin, das am 16. Juli 2021 in Kraft trat. Es hat das Ziel, die Nutzung der Solarpotenziale auf den D\u00e4chern Berlins zu f\u00f6rdern und somit einen bedeutenden Beitrag zur Erreichung der Klimaschutzziele zu leisten. F\u00fcr die \u00f6ffentlichen Geb\u00e4ude in Berlin gelten bereits strengere Vorgaben gem\u00e4\u00df dem Berliner Klimaschutz und Energiewendegesetz.<\/p>\n","protected":false},"excerpt":{"rendered":"<p>In Berlin greift seit dem 1. Januar 2023 die Solarpflicht f\u00fcr den Bau neuer Geb\u00e4ude. Gem\u00e4\u00df dem Berliner Solargesetz m\u00fcssen private Eigent\u00fcmer sicherstellen, dass auf den Neubauten eine Photovoltaik-Anlage installiert und betrieben wird, um den Einsatz von Solarenergie zu f\u00f6rdern.<\/p>\n","protected":false},"author":8,"featured_media":5734,"comment_status":"open","ping_status":"open","sticky":false,"template":"","format":"standard","meta":[],"categories":[3305],"tags":[],"yoast_head":"<!-- This site is optimized with the Yoast SEO plugin v18.2 - https:\/\/yoast.com\/wordpress\/plugins\/seo\/ -->\n<meta name=\"robots\" content=\"index, follow, max-snippet:-1, max-image-preview:large, max-video-preview:-1\" \/>\n<link rel=\"canonical\" href=\"https:\/\/www.doppelklicker.de\/blog\/solarpflicht-dach-2023\/\" \/>\n<meta property=\"og:locale\" content=\"de_DE\" \/>\n<meta property=\"og:type\" content=\"article\" \/>\n<meta property=\"og:title\" content=\"Solarpflicht: Neue D\u00e4cher m\u00fcssen seit Jahresanfang 2023 mit einer Solarpflicht umgesetzt werden\" \/>\n<meta property=\"og:description\" content=\"In Berlin greift seit dem 1. Januar 2023 die Solarpflicht f\u00fcr den Bau neuer Geb\u00e4ude. Gem\u00e4\u00df dem Berliner Solargesetz m\u00fcssen private Eigent\u00fcmer sicherstellen, dass auf den Neubauten eine Photovoltaik-Anlage installiert und betrieben wird, um den Einsatz von Solarenergie zu f\u00f6rdern.\" \/>\n<meta property=\"og:url\" content=\"https:\/\/www.doppelklicker.de\/blog\/solarpflicht-dach-2023\/\" \/>\n<meta property=\"og:site_name\" content=\"Aus Mainz.\" \/>\n<meta property=\"article:published_time\" content=\"2023-01-04T06:00:00+00:00\" \/>\n<meta property=\"og:image\" content=\"https:\/\/www.doppelklicker.de\/blog\/wp-content\/uploads\/2023\/05\/solarpflicht-neue-daecher-muessen-seit-dem-1-januar-2023-mit-solarenergie-ausgestattet.jpg\" \/>\n\t<meta property=\"og:image:width\" content=\"700\" \/>\n\t<meta property=\"og:image:height\" content=\"335\" \/>\n\t<meta property=\"og:image:type\" content=\"image\/jpeg\" \/>\n<meta name=\"twitter:card\" content=\"summary_large_image\" \/>\n<meta name=\"twitter:label1\" content=\"Verfasst von\" \/>\n\t<meta name=\"twitter:data1\" content=\"Iris Martin\" \/>\n\t<meta name=\"twitter:label2\" content=\"Gesch\u00e4tzte Lesezeit\" \/>\n\t<meta name=\"twitter:data2\" content=\"2 Minuten\" \/>\n<script type=\"application\/ld+json\" class=\"yoast-schema-graph\">{\"@context\":\"https:\/\/schema.org\",\"@graph\":[{\"@type\":\"WebSite\",\"@id\":\"https:\/\/www.doppelklicker.de\/blog\/#website\",\"url\":\"https:\/\/www.doppelklicker.de\/blog\/\",\"name\":\"Aus Mainz.\",\"description\":\"F\u00fcr die Welt.\",\"potentialAction\":[{\"@type\":\"SearchAction\",\"target\":{\"@type\":\"EntryPoint\",\"urlTemplate\":\"https:\/\/www.doppelklicker.de\/blog\/?s={search_term_string}\"},\"query-input\":\"required name=search_term_string\"}],\"inLanguage\":\"de-DE\"},{\"@type\":\"ImageObject\",\"@id\":\"https:\/\/www.doppelklicker.de\/blog\/solarpflicht-dach-2023\/#primaryimage\",\"inLanguage\":\"de-DE\",\"url\":\"https:\/\/www.doppelklicker.de\/blog\/wp-content\/uploads\/2023\/05\/solarpflicht-neue-daecher-muessen-seit-dem-1-januar-2023-mit-solarenergie-ausgestattet.jpg\",\"contentUrl\":\"https:\/\/www.doppelklicker.de\/blog\/wp-content\/uploads\/2023\/05\/solarpflicht-neue-daecher-muessen-seit-dem-1-januar-2023-mit-solarenergie-ausgestattet.jpg\",\"width\":700,\"height\":335,\"caption\":\"Solarpflicht: Neue D\u00e4cher m\u00fcssen seit Jahresanfang 2023 mit einer Solarpflicht umgesetzt werden (Foto: AdobeStock - finecki 79540388)\"},{\"@type\":\"WebPage\",\"@id\":\"https:\/\/www.doppelklicker.de\/blog\/solarpflicht-dach-2023\/#webpage\",\"url\":\"https:\/\/www.doppelklicker.de\/blog\/solarpflicht-dach-2023\/\",\"name\":\"Solarpflicht: Neue D\u00e4cher m\u00fcssen seit Jahresanfang 2023 mit einer Solarpflicht umgesetzt werden\",\"isPartOf\":{\"@id\":\"https:\/\/www.doppelklicker.de\/blog\/#website\"},\"primaryImageOfPage\":{\"@id\":\"https:\/\/www.doppelklicker.de\/blog\/solarpflicht-dach-2023\/#primaryimage\"},\"datePublished\":\"2023-01-04T06:00:00+00:00\",\"dateModified\":\"2023-01-04T06:00:00+00:00\",\"author\":{\"@id\":\"https:\/\/www.doppelklicker.de\/blog\/#\/schema\/person\/08dcac172bdb025e8ff433488184668a\"},\"breadcrumb\":{\"@id\":\"https:\/\/www.doppelklicker.de\/blog\/solarpflicht-dach-2023\/#breadcrumb\"},\"inLanguage\":\"de-DE\",\"potentialAction\":[{\"@type\":\"ReadAction\",\"target\":[\"https:\/\/www.doppelklicker.de\/blog\/solarpflicht-dach-2023\/\"]}]},{\"@type\":\"BreadcrumbList\",\"@id\":\"https:\/\/www.doppelklicker.de\/blog\/solarpflicht-dach-2023\/#breadcrumb\",\"itemListElement\":[{\"@type\":\"ListItem\",\"position\":1,\"name\":\"Startseite\",\"item\":\"https:\/\/www.doppelklicker.de\/blog\/\"},{\"@type\":\"ListItem\",\"position\":2,\"name\":\"Solarpflicht: Neue D\u00e4cher m\u00fcssen seit Jahresanfang 2023 mit einer Solarpflicht umgesetzt werden\"}]},{\"@type\":\"Person\",\"@id\":\"https:\/\/www.doppelklicker.de\/blog\/#\/schema\/person\/08dcac172bdb025e8ff433488184668a\",\"name\":\"Iris Martin\",\"image\":{\"@type\":\"ImageObject\",\"@id\":\"https:\/\/www.doppelklicker.de\/blog\/#personlogo\",\"inLanguage\":\"de-DE\",\"url\":\"https:\/\/secure.gravatar.com\/avatar\/82fdaa093be0b9686b531f99fcb54d15?s=96&d=wp_user_avatar&r=g\",\"contentUrl\":\"https:\/\/secure.gravatar.com\/avatar\/82fdaa093be0b9686b531f99fcb54d15?s=96&d=wp_user_avatar&r=g\",\"caption\":\"Iris Martin\"},\"url\":\"https:\/\/www.doppelklicker.de\/blog\/author\/iris-martin\/\"}]}<\/script>\n<!-- \/ Yoast SEO plugin. -->","yoast_head_json":{"robots":{"index":"index","follow":"follow","max-snippet":"max-snippet:-1","max-image-preview":"max-image-preview:large","max-video-preview":"max-video-preview:-1"},"canonical":"https:\/\/www.doppelklicker.de\/blog\/solarpflicht-dach-2023\/","og_locale":"de_DE","og_type":"article","og_title":"Solarpflicht: Neue D\u00e4cher m\u00fcssen seit Jahresanfang 2023 mit einer Solarpflicht umgesetzt werden","og_description":"In Berlin greift seit dem 1. Januar 2023 die Solarpflicht f\u00fcr den Bau neuer Geb\u00e4ude. Gem\u00e4\u00df dem Berliner Solargesetz m\u00fcssen private Eigent\u00fcmer sicherstellen, dass auf den Neubauten eine Photovoltaik-Anlage installiert und betrieben wird, um den Einsatz von Solarenergie zu f\u00f6rdern.","og_url":"https:\/\/www.doppelklicker.de\/blog\/solarpflicht-dach-2023\/","og_site_name":"Aus Mainz.","article_published_time":"2023-01-04T06:00:00+00:00","og_image":[{"width":700,"height":335,"url":"https:\/\/www.doppelklicker.de\/blog\/wp-content\/uploads\/2023\/05\/solarpflicht-neue-daecher-muessen-seit-dem-1-januar-2023-mit-solarenergie-ausgestattet.jpg","type":"image\/jpeg"}],"twitter_card":"summary_large_image","twitter_misc":{"Verfasst von":"Iris Martin","Gesch\u00e4tzte Lesezeit":"2 Minuten"},"schema":{"@context":"https:\/\/schema.org","@graph":[{"@type":"WebSite","@id":"https:\/\/www.doppelklicker.de\/blog\/#website","url":"https:\/\/www.doppelklicker.de\/blog\/","name":"Aus Mainz.","description":"F\u00fcr die Welt.","potentialAction":[{"@type":"SearchAction","target":{"@type":"EntryPoint","urlTemplate":"https:\/\/www.doppelklicker.de\/blog\/?s={search_term_string}"},"query-input":"required name=search_term_string"}],"inLanguage":"de-DE"},{"@type":"ImageObject","@id":"https:\/\/www.doppelklicker.de\/blog\/solarpflicht-dach-2023\/#primaryimage","inLanguage":"de-DE","url":"https:\/\/www.doppelklicker.de\/blog\/wp-content\/uploads\/2023\/05\/solarpflicht-neue-daecher-muessen-seit-dem-1-januar-2023-mit-solarenergie-ausgestattet.jpg","contentUrl":"https:\/\/www.doppelklicker.de\/blog\/wp-content\/uploads\/2023\/05\/solarpflicht-neue-daecher-muessen-seit-dem-1-januar-2023-mit-solarenergie-ausgestattet.jpg","width":700,"height":335,"caption":"Solarpflicht: Neue D\u00e4cher m\u00fcssen seit Jahresanfang 2023 mit einer Solarpflicht umgesetzt werden (Foto: AdobeStock - finecki 79540388)"},{"@type":"WebPage","@id":"https:\/\/www.doppelklicker.de\/blog\/solarpflicht-dach-2023\/#webpage","url":"https:\/\/www.doppelklicker.de\/blog\/solarpflicht-dach-2023\/","name":"Solarpflicht: Neue D\u00e4cher m\u00fcssen seit Jahresanfang 2023 mit einer Solarpflicht umgesetzt werden","isPartOf":{"@id":"https:\/\/www.doppelklicker.de\/blog\/#website"},"primaryImageOfPage":{"@id":"https:\/\/www.doppelklicker.de\/blog\/solarpflicht-dach-2023\/#primaryimage"},"datePublished":"2023-01-04T06:00:00+00:00","dateModified":"2023-01-04T06:00:00+00:00","author":{"@id":"https:\/\/www.doppelklicker.de\/blog\/#\/schema\/person\/08dcac172bdb025e8ff433488184668a"},"breadcrumb":{"@id":"https:\/\/www.doppelklicker.de\/blog\/solarpflicht-dach-2023\/#breadcrumb"},"inLanguage":"de-DE","potentialAction":[{"@type":"ReadAction","target":["https:\/\/www.doppelklicker.de\/blog\/solarpflicht-dach-2023\/"]}]},{"@type":"BreadcrumbList","@id":"https:\/\/www.doppelklicker.de\/blog\/solarpflicht-dach-2023\/#breadcrumb","itemListElement":[{"@type":"ListItem","position":1,"name":"Startseite","item":"https:\/\/www.doppelklicker.de\/blog\/"},{"@type":"ListItem","position":2,"name":"Solarpflicht: Neue D\u00e4cher m\u00fcssen seit Jahresanfang 2023 mit einer Solarpflicht umgesetzt werden"}]},{"@type":"Person","@id":"https:\/\/www.doppelklicker.de\/blog\/#\/schema\/person\/08dcac172bdb025e8ff433488184668a","name":"Iris Martin","image":{"@type":"ImageObject","@id":"https:\/\/www.doppelklicker.de\/blog\/#personlogo","inLanguage":"de-DE","url":"https:\/\/secure.gravatar.com\/avatar\/82fdaa093be0b9686b531f99fcb54d15?s=96&d=wp_user_avatar&r=g","contentUrl":"https:\/\/secure.gravatar.com\/avatar\/82fdaa093be0b9686b531f99fcb54d15?s=96&d=wp_user_avatar&r=g","caption":"Iris Martin"},"url":"https:\/\/www.doppelklicker.de\/blog\/author\/iris-martin\/"}]}},"_links":{"self":[{"href":"https:\/\/www.doppelklicker.de\/blog\/wp-json\/wp\/v2\/posts\/5733"}],"collection":[{"href":"https:\/\/www.doppelklicker.de\/blog\/wp-json\/wp\/v2\/posts"}],"about":[{"href":"https:\/\/www.doppelklicker.de\/blog\/wp-json\/wp\/v2\/types\/post"}],"author":[{"embeddable":true,"href":"https:\/\/www.doppelklicker.de\/blog\/wp-json\/wp\/v2\/users\/8"}],"replies":[{"embeddable":true,"href":"https:\/\/www.doppelklicker.de\/blog\/wp-json\/wp\/v2\/comments?post=5733"}],"version-history":[{"count":0,"href":"https:\/\/www.doppelklicker.de\/blog\/wp-json\/wp\/v2\/posts\/5733\/revisions"}],"wp:featuredmedia":[{"embeddable":true,"href":"https:\/\/www.doppelklicker.de\/blog\/wp-json\/wp\/v2\/media\/5734"}],"wp:attachment":[{"href":"https:\/\/www.doppelklicker.de\/blog\/wp-json\/wp\/v2\/media?parent=5733"}],"wp:term":[{"taxonomy":"category","embeddable":true,"href":"https:\/\/www.doppelklicker.de\/blog\/wp-json\/wp\/v2\/categories?post=5733"},{"taxonomy":"post_tag","embeddable":true,"href":"https:\/\/www.doppelklicker.de\/blog\/wp-json\/wp\/v2\/tags?post=5733"}],"curies":[{"name":"wp","href":"https:\/\/api.w.org\/{rel}","templated":true}]}}