{"id":5735,"date":"2023-01-05T08:00:00","date_gmt":"2023-01-05T06:00:00","guid":{"rendered":"guid"},"modified":"2023-01-05T08:00:00","modified_gmt":"2023-01-05T06:00:00","slug":"umweltbonus-foerderregeln-2023","status":"publish","type":"post","link":"https:\/\/www.doppelklicker.de\/blog\/umweltbonus-foerderregeln-2023\/","title":{"rendered":"Neuer Schwung f\u00fcr den Umweltbonus: Ab 2023 gelten \u00fcberarbeitete F\u00f6rderregeln"},"content":{"rendered":"<p>Die Bundesregierung plant, die Elektromobilit\u00e4t weiter voranzutreiben und die F\u00f6rderung auf den Klimaschutz auszurichten. Ab dem 1. Januar 2023 wird die \u00fcberarbeitete F\u00f6rderrichtlinie f\u00fcr den Umweltbonus wirksam. Mit dieser neuen Regelung werden ausschlie\u00dflich reine Elektrofahrzeuge gef\u00f6rdert. Im Jahr 2022 betr\u00e4gt die staatliche F\u00f6rderung f\u00fcr den Kauf eines Elektrofahrzeugs bis zu 9000 Euro.<br \/>\n<!--more--><\/p>\n<div id=\"ez-toc-container\" class=\"ez-toc-v2_0_16 counter-hierarchy\">\n<div class=\"ez-toc-title-container\">\n<p class=\"ez-toc-title\">Inhaltsverzeichnis: Das erwartet Sie in diesem Artikel<\/p>\n<span class=\"ez-toc-title-toggle\"><a class=\"ez-toc-pull-right ez-toc-btn ez-toc-btn-xs ez-toc-btn-default ez-toc-toggle\" style=\"display: none;\"><i class=\"ez-toc-glyphicon ez-toc-icon-toggle\"><\/i><\/a><\/span><\/div>\n<nav><ul class=\"ez-toc-list ez-toc-list-level-1\"><li class=\"ez-toc-page-1 ez-toc-heading-level-2\"><a class=\"ez-toc-link ez-toc-heading-1\" href=\"https:\/\/www.doppelklicker.de\/blog\/umweltbonus-foerderregeln-2023\/#regierung-will-elektromobilitaet-vorantreiben-umweltbonus-fuer-elektroautos-verlaengert\" title=\"Regierung will Elektromobilit\u00e4t vorantreiben: Umweltbonus f\u00fcr Elektroautos verl\u00e4ngert\">Regierung will Elektromobilit\u00e4t vorantreiben: Umweltbonus f\u00fcr Elektroautos verl\u00e4ngert<\/a><\/li><li class=\"ez-toc-page-1 ez-toc-heading-level-2\"><a class=\"ez-toc-link ez-toc-heading-2\" href=\"https:\/\/www.doppelklicker.de\/blog\/umweltbonus-foerderregeln-2023\/#welche-neuerungen-sind-in-der-aktuellen-foerderrichtlinie-fuer-den-umweltbonus-enthalten\" title=\"Welche Neuerungen sind in der aktuellen F\u00f6rderrichtlinie f\u00fcr den Umweltbonus enthalten?\">Welche Neuerungen sind in der aktuellen F\u00f6rderrichtlinie f\u00fcr den Umweltbonus enthalten?<\/a><\/li><li class=\"ez-toc-page-1 ez-toc-heading-level-2\"><a class=\"ez-toc-link ez-toc-heading-3\" href=\"https:\/\/www.doppelklicker.de\/blog\/umweltbonus-foerderregeln-2023\/#wie-viel-geld-kann-man-erhalten\" title=\"Wie viel Geld kann man erhalten?\">Wie viel Geld kann man erhalten?<\/a><\/li><li class=\"ez-toc-page-1 ez-toc-heading-level-2\"><a class=\"ez-toc-link ez-toc-heading-4\" href=\"https:\/\/www.doppelklicker.de\/blog\/umweltbonus-foerderregeln-2023\/#wie-sieht-es-mit-der-foerderung-von-leasingfahrzeugen-aus\" title=\"Wie sieht es mit der F\u00f6rderung von Leasingfahrzeugen aus?\">Wie sieht es mit der F\u00f6rderung von Leasingfahrzeugen aus?<\/a><\/li><li class=\"ez-toc-page-1 ez-toc-heading-level-2\"><a class=\"ez-toc-link ez-toc-heading-5\" href=\"https:\/\/www.doppelklicker.de\/blog\/umweltbonus-foerderregeln-2023\/#welche-behoerde-ist-zustaendig-fuer-die-beantragung-des-umweltbonus\" title=\"Welche Beh\u00f6rde ist zust\u00e4ndig f\u00fcr die Beantragung des Umweltbonus?\">Welche Beh\u00f6rde ist zust\u00e4ndig f\u00fcr die Beantragung des Umweltbonus?<\/a><\/li><\/ul><\/nav><\/div>\n<h2><span class=\"ez-toc-section\" id=\"regierung-will-elektromobilitaet-vorantreiben-umweltbonus-fuer-elektroautos-verlaengert\"><\/span>Regierung will Elektromobilit\u00e4t vorantreiben: Umweltbonus f\u00fcr Elektroautos verl\u00e4ngert<span class=\"ez-toc-section-end\"><\/span><\/h2>\n<p>Die Bundesregierung hat das ambitionierte Ziel formuliert, bis zum Jahr 2030 15 Millionen vollelektrische Pkw in Deutschland zuzulassen. Um den Kauf von rein elektrischen Fahrzeugen zu erleichtern, wird der Umweltbonus auch nach dem 1. Januar 2023 weiterhin gew\u00e4hrt. Besonderes Augenmerk wird auf den nachweislichen positiven Beitrag zum Klimaschutz gelegt.<\/p>\n<h2><span class=\"ez-toc-section\" id=\"welche-neuerungen-sind-in-der-aktuellen-foerderrichtlinie-fuer-den-umweltbonus-enthalten\"><\/span>Welche Neuerungen sind in der aktuellen F\u00f6rderrichtlinie f\u00fcr den Umweltbonus enthalten?<span class=\"ez-toc-section-end\"><\/span><\/h2>\n<p>Mit der reformierten F\u00f6rderrichtlinie hat die Bundesregierung eine neue Form der F\u00f6rderung eingef\u00fchrt. Ab dem 1. Januar 2024 werden die F\u00f6rderbetr\u00e4ge abnehmen. Die genauen Regelungen sind in der am 9. Dezember ver\u00f6ffentlichten F\u00f6rderrichtlinie f\u00fcr den Umweltbonus im Bundesanzeiger festgelegt worden.<\/p>\n<p>Ab dem 1. Januar 2023 werden sowohl neu zugelassene als auch junge gebrauchte Batterie-Elektrofahrzeuge und Brennstoffzellenfahrzeuge durch finanzielle Anreize gef\u00f6rdert. Zudem werden Fahrzeuge mit allen Antriebsarten gef\u00f6rdert, sofern sie keine lokalen CO2-Emissionen haben. Diese Fahrzeuge werden gem\u00e4\u00df dieser F\u00f6rderrichtlinie den reinen Batterieelektrofahrzeugen gleichgestellt. Plug-In-Hybridfahrzeuge sind von der Umweltbonus-F\u00f6rderung ab dem 1. September 2023 ausgeschlossen. Ab diesem Datum k\u00f6nnen nur noch Privatpersonen einen Antrag auf F\u00f6rderung stellen.<\/p>\n<h2><span class=\"ez-toc-section\" id=\"wie-viel-geld-kann-man-erhalten\"><\/span>Wie viel Geld kann man erhalten?<span class=\"ez-toc-section-end\"><\/span><\/h2>\n<p>Zum Jahresbeginn 2023 gibt es eine wichtige Neuerung bez\u00fcglich des Umweltbonus in Deutschland. Wenn der Netto-Listenpreis des Basismodells 40.000 Euro nicht \u00fcbersteigt, betr\u00e4gt der Bundesanteil 4.500 Euro. Bei einem Netto-Listenpreis \u00fcber 40.000 Euro bis 65.000 Euro reduziert sich der Bundesanteil auf 3.000 Euro.<\/p>\n<p>Der Bundesanteil zur F\u00f6rderung wird ab dem 1. Januar 2024 auf 3.000 Euro gesenkt, w\u00e4hrend der H\u00f6chstbetrag f\u00fcr die F\u00f6rderung des Netto-Listenpreises des Basismodells von 65.000 Euro auf 45.000 Euro begrenzt wird.<\/p>\n<p>Zur Deckung des Umweltbonus werden gleicherma\u00dfen Mittel von den Automobilherstellern und dem Bund bereitgestellt. Der Herstelleranteil und der Bundesanteil tragen zu gleichen Teilen zur Gesamtfinanzierung bei.<\/p>\n<h2><span class=\"ez-toc-section\" id=\"wie-sieht-es-mit-der-foerderung-von-leasingfahrzeugen-aus\"><\/span>Wie sieht es mit der F\u00f6rderung von Leasingfahrzeugen aus?<span class=\"ez-toc-section-end\"><\/span><\/h2>\n<p>Ab dem 1. Januar 2023 gibt es eine wichtige \u00c4nderung bez\u00fcglich der Mindesthaltedauer beim Leasing von Fahrzeugen. F\u00fcr eine F\u00f6rderung kommen nur noch Leasingfahrzeuge in Frage, deren Vertragslaufzeiten zw\u00f6lf Monate oder mehr betragen. Wenn Sie einen Leasingvertrag \u00fcber 23 Monate abschlie\u00dfen, m\u00fcssen Sie das Fahrzeug f\u00fcr mindestens 24 Monate behalten.<\/p>\n<h2><span class=\"ez-toc-section\" id=\"welche-behoerde-ist-zustaendig-fuer-die-beantragung-des-umweltbonus\"><\/span>Welche Beh\u00f6rde ist zust\u00e4ndig f\u00fcr die Beantragung des Umweltbonus?<span class=\"ez-toc-section-end\"><\/span><\/h2>\n<p>Die Gew\u00e4hrung des Umweltbonus setzt voraus, dass Antr\u00e4ge ausschlie\u00dflich online beim Bundesamt f\u00fcr Wirtschaft und Ausfuhrkontrolle (BAFA) gestellt werden. Die Antragsbearbeitung erfolgt nach dem Zeitpunkt des Eingangs der Antr\u00e4ge.<\/p>\n","protected":false},"excerpt":{"rendered":"<p>Die Bundesregierung plant, die Elektromobilit\u00e4t weiter voranzutreiben und die F\u00f6rderung auf den Klimaschutz auszurichten. Ab dem 1. Januar 2023 wird die \u00fcberarbeitete F\u00f6rderrichtlinie f\u00fcr den Umweltbonus wirksam. Mit dieser neuen Regelung werden ausschlie\u00dflich reine Elektrofahrzeuge gef\u00f6rdert. Im Jahr 2022 betr\u00e4gt die staatliche F\u00f6rderung f\u00fcr den Kauf eines Elektrofahrzeugs bis zu 9000 Euro.<\/p>\n","protected":false},"author":8,"featured_media":5736,"comment_status":"open","ping_status":"open","sticky":false,"template":"","format":"standard","meta":[],"categories":[3305],"tags":[],"yoast_head":"<!-- This site is optimized with the Yoast SEO plugin v18.2 - https:\/\/yoast.com\/wordpress\/plugins\/seo\/ -->\n<meta name=\"robots\" content=\"index, follow, max-snippet:-1, max-image-preview:large, max-video-preview:-1\" \/>\n<link rel=\"canonical\" href=\"https:\/\/www.doppelklicker.de\/blog\/umweltbonus-foerderregeln-2023\/\" \/>\n<meta property=\"og:locale\" content=\"de_DE\" \/>\n<meta property=\"og:type\" content=\"article\" \/>\n<meta property=\"og:title\" content=\"Neuer Schwung f\u00fcr den Umweltbonus: Ab 2023 gelten \u00fcberarbeitete F\u00f6rderregeln\" \/>\n<meta property=\"og:description\" content=\"Die Bundesregierung plant, die Elektromobilit\u00e4t weiter voranzutreiben und die F\u00f6rderung auf den Klimaschutz auszurichten. Ab dem 1. Januar 2023 wird die \u00fcberarbeitete F\u00f6rderrichtlinie f\u00fcr den Umweltbonus wirksam. Mit dieser neuen Regelung werden ausschlie\u00dflich reine Elektrofahrzeuge gef\u00f6rdert. Im Jahr 2022 betr\u00e4gt die staatliche F\u00f6rderung f\u00fcr den Kauf eines Elektrofahrzeugs bis zu 9000 Euro.\" \/>\n<meta property=\"og:url\" content=\"https:\/\/www.doppelklicker.de\/blog\/umweltbonus-foerderregeln-2023\/\" \/>\n<meta property=\"og:site_name\" content=\"Aus Mainz.\" \/>\n<meta property=\"article:published_time\" content=\"2023-01-05T06:00:00+00:00\" \/>\n<meta property=\"og:image\" content=\"https:\/\/www.doppelklicker.de\/blog\/wp-content\/uploads\/2023\/05\/neues-jahr-neue-regeln-der-umweltbonus-erhaelt-ab-2023-neue-6408.jpg\" \/>\n\t<meta property=\"og:image:width\" content=\"700\" \/>\n\t<meta property=\"og:image:height\" content=\"335\" \/>\n\t<meta property=\"og:image:type\" content=\"image\/jpeg\" \/>\n<meta name=\"twitter:card\" content=\"summary_large_image\" \/>\n<meta name=\"twitter:label1\" content=\"Verfasst von\" \/>\n\t<meta name=\"twitter:data1\" content=\"Iris Martin\" \/>\n\t<meta name=\"twitter:label2\" content=\"Gesch\u00e4tzte Lesezeit\" \/>\n\t<meta name=\"twitter:data2\" content=\"2 Minuten\" \/>\n<script type=\"application\/ld+json\" class=\"yoast-schema-graph\">{\"@context\":\"https:\/\/schema.org\",\"@graph\":[{\"@type\":\"WebSite\",\"@id\":\"https:\/\/www.doppelklicker.de\/blog\/#website\",\"url\":\"https:\/\/www.doppelklicker.de\/blog\/\",\"name\":\"Aus Mainz.\",\"description\":\"F\u00fcr die Welt.\",\"potentialAction\":[{\"@type\":\"SearchAction\",\"target\":{\"@type\":\"EntryPoint\",\"urlTemplate\":\"https:\/\/www.doppelklicker.de\/blog\/?s={search_term_string}\"},\"query-input\":\"required name=search_term_string\"}],\"inLanguage\":\"de-DE\"},{\"@type\":\"ImageObject\",\"@id\":\"https:\/\/www.doppelklicker.de\/blog\/umweltbonus-foerderregeln-2023\/#primaryimage\",\"inLanguage\":\"de-DE\",\"url\":\"https:\/\/www.doppelklicker.de\/blog\/wp-content\/uploads\/2023\/05\/neues-jahr-neue-regeln-der-umweltbonus-erhaelt-ab-2023-neue-6408.jpg\",\"contentUrl\":\"https:\/\/www.doppelklicker.de\/blog\/wp-content\/uploads\/2023\/05\/neues-jahr-neue-regeln-der-umweltbonus-erhaelt-ab-2023-neue-6408.jpg\",\"width\":700,\"height\":335,\"caption\":\"Neuer Schwung f\u00fcr den Umweltbonus: Ab 2023 gelten \u00fcberarbeitete F\u00f6rderregeln (Foto: AdobeStock - standret 598237228)\"},{\"@type\":\"WebPage\",\"@id\":\"https:\/\/www.doppelklicker.de\/blog\/umweltbonus-foerderregeln-2023\/#webpage\",\"url\":\"https:\/\/www.doppelklicker.de\/blog\/umweltbonus-foerderregeln-2023\/\",\"name\":\"Neuer Schwung f\u00fcr den Umweltbonus: Ab 2023 gelten \u00fcberarbeitete F\u00f6rderregeln\",\"isPartOf\":{\"@id\":\"https:\/\/www.doppelklicker.de\/blog\/#website\"},\"primaryImageOfPage\":{\"@id\":\"https:\/\/www.doppelklicker.de\/blog\/umweltbonus-foerderregeln-2023\/#primaryimage\"},\"datePublished\":\"2023-01-05T06:00:00+00:00\",\"dateModified\":\"2023-01-05T06:00:00+00:00\",\"author\":{\"@id\":\"https:\/\/www.doppelklicker.de\/blog\/#\/schema\/person\/08dcac172bdb025e8ff433488184668a\"},\"breadcrumb\":{\"@id\":\"https:\/\/www.doppelklicker.de\/blog\/umweltbonus-foerderregeln-2023\/#breadcrumb\"},\"inLanguage\":\"de-DE\",\"potentialAction\":[{\"@type\":\"ReadAction\",\"target\":[\"https:\/\/www.doppelklicker.de\/blog\/umweltbonus-foerderregeln-2023\/\"]}]},{\"@type\":\"BreadcrumbList\",\"@id\":\"https:\/\/www.doppelklicker.de\/blog\/umweltbonus-foerderregeln-2023\/#breadcrumb\",\"itemListElement\":[{\"@type\":\"ListItem\",\"position\":1,\"name\":\"Startseite\",\"item\":\"https:\/\/www.doppelklicker.de\/blog\/\"},{\"@type\":\"ListItem\",\"position\":2,\"name\":\"Neuer Schwung f\u00fcr den Umweltbonus: Ab 2023 gelten \u00fcberarbeitete F\u00f6rderregeln\"}]},{\"@type\":\"Person\",\"@id\":\"https:\/\/www.doppelklicker.de\/blog\/#\/schema\/person\/08dcac172bdb025e8ff433488184668a\",\"name\":\"Iris Martin\",\"image\":{\"@type\":\"ImageObject\",\"@id\":\"https:\/\/www.doppelklicker.de\/blog\/#personlogo\",\"inLanguage\":\"de-DE\",\"url\":\"https:\/\/secure.gravatar.com\/avatar\/82fdaa093be0b9686b531f99fcb54d15?s=96&d=wp_user_avatar&r=g\",\"contentUrl\":\"https:\/\/secure.gravatar.com\/avatar\/82fdaa093be0b9686b531f99fcb54d15?s=96&d=wp_user_avatar&r=g\",\"caption\":\"Iris Martin\"},\"url\":\"https:\/\/www.doppelklicker.de\/blog\/author\/iris-martin\/\"}]}<\/script>\n<!-- \/ Yoast SEO plugin. -->","yoast_head_json":{"robots":{"index":"index","follow":"follow","max-snippet":"max-snippet:-1","max-image-preview":"max-image-preview:large","max-video-preview":"max-video-preview:-1"},"canonical":"https:\/\/www.doppelklicker.de\/blog\/umweltbonus-foerderregeln-2023\/","og_locale":"de_DE","og_type":"article","og_title":"Neuer Schwung f\u00fcr den Umweltbonus: Ab 2023 gelten \u00fcberarbeitete F\u00f6rderregeln","og_description":"Die Bundesregierung plant, die Elektromobilit\u00e4t weiter voranzutreiben und die F\u00f6rderung auf den Klimaschutz auszurichten. Ab dem 1. Januar 2023 wird die \u00fcberarbeitete F\u00f6rderrichtlinie f\u00fcr den Umweltbonus wirksam. Mit dieser neuen Regelung werden ausschlie\u00dflich reine Elektrofahrzeuge gef\u00f6rdert. Im Jahr 2022 betr\u00e4gt die staatliche F\u00f6rderung f\u00fcr den Kauf eines Elektrofahrzeugs bis zu 9000 Euro.","og_url":"https:\/\/www.doppelklicker.de\/blog\/umweltbonus-foerderregeln-2023\/","og_site_name":"Aus Mainz.","article_published_time":"2023-01-05T06:00:00+00:00","og_image":[{"width":700,"height":335,"url":"https:\/\/www.doppelklicker.de\/blog\/wp-content\/uploads\/2023\/05\/neues-jahr-neue-regeln-der-umweltbonus-erhaelt-ab-2023-neue-6408.jpg","type":"image\/jpeg"}],"twitter_card":"summary_large_image","twitter_misc":{"Verfasst von":"Iris Martin","Gesch\u00e4tzte Lesezeit":"2 Minuten"},"schema":{"@context":"https:\/\/schema.org","@graph":[{"@type":"WebSite","@id":"https:\/\/www.doppelklicker.de\/blog\/#website","url":"https:\/\/www.doppelklicker.de\/blog\/","name":"Aus Mainz.","description":"F\u00fcr die Welt.","potentialAction":[{"@type":"SearchAction","target":{"@type":"EntryPoint","urlTemplate":"https:\/\/www.doppelklicker.de\/blog\/?s={search_term_string}"},"query-input":"required name=search_term_string"}],"inLanguage":"de-DE"},{"@type":"ImageObject","@id":"https:\/\/www.doppelklicker.de\/blog\/umweltbonus-foerderregeln-2023\/#primaryimage","inLanguage":"de-DE","url":"https:\/\/www.doppelklicker.de\/blog\/wp-content\/uploads\/2023\/05\/neues-jahr-neue-regeln-der-umweltbonus-erhaelt-ab-2023-neue-6408.jpg","contentUrl":"https:\/\/www.doppelklicker.de\/blog\/wp-content\/uploads\/2023\/05\/neues-jahr-neue-regeln-der-umweltbonus-erhaelt-ab-2023-neue-6408.jpg","width":700,"height":335,"caption":"Neuer Schwung f\u00fcr den Umweltbonus: Ab 2023 gelten \u00fcberarbeitete F\u00f6rderregeln (Foto: AdobeStock - standret 598237228)"},{"@type":"WebPage","@id":"https:\/\/www.doppelklicker.de\/blog\/umweltbonus-foerderregeln-2023\/#webpage","url":"https:\/\/www.doppelklicker.de\/blog\/umweltbonus-foerderregeln-2023\/","name":"Neuer Schwung f\u00fcr den Umweltbonus: Ab 2023 gelten \u00fcberarbeitete F\u00f6rderregeln","isPartOf":{"@id":"https:\/\/www.doppelklicker.de\/blog\/#website"},"primaryImageOfPage":{"@id":"https:\/\/www.doppelklicker.de\/blog\/umweltbonus-foerderregeln-2023\/#primaryimage"},"datePublished":"2023-01-05T06:00:00+00:00","dateModified":"2023-01-05T06:00:00+00:00","author":{"@id":"https:\/\/www.doppelklicker.de\/blog\/#\/schema\/person\/08dcac172bdb025e8ff433488184668a"},"breadcrumb":{"@id":"https:\/\/www.doppelklicker.de\/blog\/umweltbonus-foerderregeln-2023\/#breadcrumb"},"inLanguage":"de-DE","potentialAction":[{"@type":"ReadAction","target":["https:\/\/www.doppelklicker.de\/blog\/umweltbonus-foerderregeln-2023\/"]}]},{"@type":"BreadcrumbList","@id":"https:\/\/www.doppelklicker.de\/blog\/umweltbonus-foerderregeln-2023\/#breadcrumb","itemListElement":[{"@type":"ListItem","position":1,"name":"Startseite","item":"https:\/\/www.doppelklicker.de\/blog\/"},{"@type":"ListItem","position":2,"name":"Neuer Schwung f\u00fcr den Umweltbonus: Ab 2023 gelten \u00fcberarbeitete F\u00f6rderregeln"}]},{"@type":"Person","@id":"https:\/\/www.doppelklicker.de\/blog\/#\/schema\/person\/08dcac172bdb025e8ff433488184668a","name":"Iris Martin","image":{"@type":"ImageObject","@id":"https:\/\/www.doppelklicker.de\/blog\/#personlogo","inLanguage":"de-DE","url":"https:\/\/secure.gravatar.com\/avatar\/82fdaa093be0b9686b531f99fcb54d15?s=96&d=wp_user_avatar&r=g","contentUrl":"https:\/\/secure.gravatar.com\/avatar\/82fdaa093be0b9686b531f99fcb54d15?s=96&d=wp_user_avatar&r=g","caption":"Iris Martin"},"url":"https:\/\/www.doppelklicker.de\/blog\/author\/iris-martin\/"}]}},"_links":{"self":[{"href":"https:\/\/www.doppelklicker.de\/blog\/wp-json\/wp\/v2\/posts\/5735"}],"collection":[{"href":"https:\/\/www.doppelklicker.de\/blog\/wp-json\/wp\/v2\/posts"}],"about":[{"href":"https:\/\/www.doppelklicker.de\/blog\/wp-json\/wp\/v2\/types\/post"}],"author":[{"embeddable":true,"href":"https:\/\/www.doppelklicker.de\/blog\/wp-json\/wp\/v2\/users\/8"}],"replies":[{"embeddable":true,"href":"https:\/\/www.doppelklicker.de\/blog\/wp-json\/wp\/v2\/comments?post=5735"}],"version-history":[{"count":0,"href":"https:\/\/www.doppelklicker.de\/blog\/wp-json\/wp\/v2\/posts\/5735\/revisions"}],"wp:featuredmedia":[{"embeddable":true,"href":"https:\/\/www.doppelklicker.de\/blog\/wp-json\/wp\/v2\/media\/5736"}],"wp:attachment":[{"href":"https:\/\/www.doppelklicker.de\/blog\/wp-json\/wp\/v2\/media?parent=5735"}],"wp:term":[{"taxonomy":"category","embeddable":true,"href":"https:\/\/www.doppelklicker.de\/blog\/wp-json\/wp\/v2\/categories?post=5735"},{"taxonomy":"post_tag","embeddable":true,"href":"https:\/\/www.doppelklicker.de\/blog\/wp-json\/wp\/v2\/tags?post=5735"}],"curies":[{"name":"wp","href":"https:\/\/api.w.org\/{rel}","templated":true}]}}