{"id":5789,"date":"2023-06-01T08:00:00","date_gmt":"2023-06-01T06:00:00","guid":{"rendered":"guid"},"modified":"2023-06-01T08:00:00","modified_gmt":"2023-06-01T06:00:00","slug":"christoph-daum","status":"publish","type":"post","link":"https:\/\/www.doppelklicker.de\/blog\/christoph-daum\/","title":{"rendered":"Freuen Sie sich auf den spannenden Sky Original Dokumentarfilm \u00fcber Christoph Daum, der ab Oktober auf Sky und WOW verf\u00fcgbar ist"},"content":{"rendered":"<p>Sky Deutschland bringt einen hochkar\u00e4tigen Sky Original Dokumentarfilm \u00fcber Christoph Daum auf die Leinwand. Dieses au\u00dfergew\u00f6hnliche Filmprojekt, das im Oktober anl\u00e4sslich seines 70. Geburtstags auf Sky und dem Streamingdienst WOW erscheint, gew\u00e4hrt den Zuschauern einen exklusiven Einblick in Daums beeindruckende Karriere sowie sein pers\u00f6nliches Leben. Der Dokumentarfilm umfasst auch Interviews mit renommierten Wegbegleitern wie Matthias Sammer, Michael Ballack und Reiner Calmund, die ihre einzigartigen Perspektiven auf Daums Erfolge und seinen Einfluss auf den Fu\u00dfballsport teilen.<br \/>\n<!--more--><\/p>\n<h2>Die Bundesligageschichte neu geschrieben: Christoph Daum und seine Spuren im deutschen Fu\u00dfball<\/h2>\n<p>Christoph Daum wird als der wohl schillerndste und streitbarste Trainer in der Geschichte der Bundesliga angesehen. Urspr\u00fcnglich als Jugendcoach und relativ unbekannt gestartet, erlangte er in den 1980er Jahren rasch an Bedeutung und wurde zum gr\u00f6\u00dften Rivalen des FC Bayern M\u00fcnchen. Seine pr\u00e4genden Momente waren legend\u00e4re Meisterschaftsfinals wie 1992 mit dem VfB Stuttgart und das tragische Ereignis um die verpasste Meisterschaft von Bayer Leverkusen gegen Unterhaching im Jahr 2000. Bekannt als der &#8222;Lautsprecher der Liga&#8220; aufgrund seiner provokanten Auftritte in TV-Interviews, befand sich Daum stets im Konflikt mit Uli Hoene\u00df. Dar\u00fcber hinaus scheute er nicht davor zur\u00fcck, seine Spieler mit ungew\u00f6hnlichen Methoden wie dem Laufen \u00fcber Glasscherben zu fordern.<\/p>\n<p>Auf dem H\u00f6hepunkt seiner Karriere, unmittelbar vor dem ersehnten Ziel, Bundestrainer zu werden, wurde Christoph Daum im Oktober 2000 von der Kokain-Aff\u00e4re ersch\u00fcttert. Dieser Vorfall f\u00fchrte zu einem der gr\u00f6\u00dften Skandale in der Geschichte des deutschen Fu\u00dfballs und hatte schwerwiegende Konsequenzen f\u00fcr Daum pers\u00f6nlich und beruflich. Er selbst bezeichnet diese Zeit als den gr\u00f6\u00dften Fehler seines Lebens, der ihn bis heute begleitet und seine Reputation nachhaltig beeinflusst.<\/p>\n<p>Auf dem H\u00f6hepunkt seiner Karriere, unmittelbar vor dem ersehnten Ziel, Bundestrainer zu werden, wurde Christoph Daum im Oktober 2000 von der Kokain-Aff\u00e4re ersch\u00fcttert. Dieser Vorfall f\u00fchrte zu einem der gr\u00f6\u00dften Skandale in der Geschichte des deutschen Fu\u00dfballs und hatte schwerwiegende Konsequenzen f\u00fcr Daum pers\u00f6nlich und beruflich. Er selbst bezeichnet diese Zeit als den gr\u00f6\u00dften Fehler seines Lebens, der ihn bis heute begleitet und seine Reputation nachhaltig beeinflusst.<\/p>\n<p>Christoph Daum: Eine au\u00dfergew\u00f6hnliche Karriere im Fokus &#8211; Sky Deutschland pr\u00e4sentiert anl\u00e4sslich seines 70. Geburtstags einen fesselnden Dokumentarfilm \u00fcber das Leben und die Karriere von Christoph Daum. Erleben Sie informative und packende Einblicke in das Leben dieses bemerkenswerten Mannes, der trotz einer schweren Krebserkrankung sein au\u00dfergew\u00f6hnliches Leben mit uns teilt. Auf einer pers\u00f6nlichen Reise zu seinen fr\u00fcheren Stationen erz\u00e4hlt Daum mitrei\u00dfende Anekdoten und l\u00e4sst uns an seinen Fehlentscheidungen teilhaben. Prominente Wegbegleiter wie Michael Ballack, Matthias Sammer und Reiner Calmund bereichern diese einzigartige Dokumentation mit ihren eigenen Erfahrungen und er\u00f6ffnen neue Perspektiven auf den legend\u00e4ren Trainer.<\/p>\n<p>Christoph Daum: Der Schl\u00fcssel zum Verst\u00e4ndnis des Fu\u00dfballs &#8211; In einer beeindruckenden Dokumentation enth\u00fcllt Christoph Daum bisher unver\u00f6ffentlichte Details aus seiner faszinierenden Fu\u00dfballkarriere. Die Zuschauer haben die einmalige Gelegenheit, den Fu\u00dfball auf eine v\u00f6llig neue Art und Weise zu erleben und zu verstehen. Dar\u00fcber hinaus erl\u00e4utert Daum, warum er bei vielen Vereinen einen Legendenstatus genie\u00dft. Diese packende und informative Doku ist ein absolutes Muss f\u00fcr alle Fu\u00dfball-Fans und wird sogar als noch wichtiger als die t\u00e4gliche Tagesschau betrachtet.<\/p>\n<p>Sky Deutschland Vice President Entertainment, Christian Asanger, betont: &#8222;Christoph Daum hat nicht nur als international erfolgreicher Fu\u00dfballtrainer, sondern auch als herausragende Figur der deutschen Zeitgeschichte f\u00fcr Aufsehen gesorgt. Aus Anlass seines 70. Geburtstags pr\u00e4sentieren wir eine fesselnde Sky Original Dokumentation, die gemeinsam mit Daum auf seine bewegte Karriere zur\u00fcckblickt. Wir begleiten ihn exklusiv auf Reisen zu bedeutenden Stationen seines Lebens und gew\u00e4hren den Zuschauern einen einzigartigen Einblick in das Leben und Wirken dieses au\u00dfergew\u00f6hnlichen Mannes.&#8220;<\/p>\n<p>Arno Schneppenheim, Gesch\u00e4ftsf\u00fchrer von Banijay Productions Germany, hebt hervor: &#8222;Christoph Daum geh\u00f6rt zweifellos zu den vielschichtigsten und spannendsten Trainerpers\u00f6nlichkeiten Deutschlands. Seine Geschichte ist einfach einzigartig und wir erz\u00e4hlen sie ohne Zur\u00fcckhaltung. Die Tatsache, dass diese herausragende Dokumentation bei Sky zu sehen sein wird, ist einfach perfekt!&#8220;<\/p>\n<p>Die Produktion der Dokumentation &#8222;Daum&#8220; (AT) liegt in den H\u00e4nden von Banijay Productions Germany im Auftrag von Sky Deutschland. Marc Schloemer \u00fcbernimmt die Produktion und f\u00fchrt Regie. Als Executive Producer f\u00fcr Sky zeichnet Nico Gammella verantwortlich.<\/p>\n<p>Banijay Productions Germany ist eine etablierte unabh\u00e4ngige TV-Produktionsfirma unter der Leitung von Managing Director Arno Schneppenheim. Das Unternehmen ist spezialisiert auf die Produktion hochwertiger Inhalte f\u00fcr verschiedene Sender, Streaming-Anbieter und Unternehmen. Mit einem breiten Genrespektrum, darunter Factual, Reality, Comedy, Show und Doku, deckt Banijay Productions eine vielf\u00e4ltige Bandbreite an Formaten ab. Die Unit Doc.Banijay, geleitet von Marc Schl\u00f6mer, erweitert seit 2021 das Portfolio erfolgreich um fesselnde Dokumentationen wie &#8222;Ansgar Brinkmann &#8211; Der Stra\u00dfenfu\u00dfballer&#8220;, &#8222;HYPED&#8220; oder &#8222;ZDFzoom: Grauzone&#8220;. Banijay Productions ist bekannt f\u00fcr die Entwicklung und Gestaltung von Formaten, die auf starken Marken und erfolgreichen Hits basieren. Als eigenst\u00e4ndiges Label ist das Unternehmen Teil des Banijay Germany Netzwerks, das unabh\u00e4ngige Entertainment-Produzenten und Unternehmer vereint.<\/p>\n<p>Sky Deutschland ist ein f\u00fchrender Anbieter von Entertainment in Deutschland, \u00d6sterreich und der Schweiz. Das breitgef\u00e4cherte Programmangebot umfasst hochwertigen Live-Sport, exklusive Serien, aktuelle Kinofilme, abwechslungsreiche Kinderprogramme, spannende Dokumentationen und unterhaltsame Shows &#8211; darunter zahlreiche Sky Originals. Zuschauer k\u00f6nnen das Programm von Sky bequem zuhause oder unterwegs \u00fcber die Plattformen Sky Q und WOW erleben. Die Entertainment-Plattform Sky Q bietet Zugriff auf Sky- und Free-TV-Sender, eine umfangreiche Auswahl an Filmen und Serien on demand, Mediatheken und weitere Apps. Mit WOW haben Kunden die M\u00f6glichkeit, Serien, Filme und Live-Sport flexibel und zeitlich unabh\u00e4ngig zu streamen, und das auf einer monatlich k\u00fcndbaren Basis. Sky Deutschland hat seinen Hauptsitz in Unterf\u00f6hring bei M\u00fcnchen und geh\u00f6rt zur Comcast Group, einem f\u00fchrenden Medien- und Unterhaltungskonzern in Europa.<\/p>\n<p>Mit dem Streamingdienst WOW haben Kunden die Freiheit, ihre Lieblingsinhalte jederzeit und \u00fcberall zu genie\u00dfen, und das ohne lange Vertragsbindung. Ein internetf\u00e4higes Ger\u00e4t reicht aus, um das umfangreiche Angebot von WOW zu nutzen &#8211; ein zus\u00e4tzlicher Receiver ist nicht erforderlich. Ob preisgekr\u00f6nte Serien, aktuelle Blockbuster-Filme, mitrei\u00dfender Live-Sport oder kindgerechte Unterhaltung, WOW bietet passende Pakete f\u00fcr alle Vorlieben. Sportfans k\u00f6nnen mit WOW alle Spiele der Bundesliga, 2. Bundesliga, des DFB-Pokals und der Premier League, Formel-1-Rennen, die LIQUI MOLY Handball Bundesliga, die Wanda Diamond League sowie spannende Tennis- und Golf-Events live verfolgen. Film- und Serienliebhaber haben Zugriff auf eine gro\u00dfe Auswahl von \u00fcber 1.000 Filmen, Blockbuster-Serien von HBO und Peacock sowie preisgekr\u00f6nte Sky Originals. Weitere Informationen finden Sie auf der Website https:\/\/www.wowtv.de.<\/p>\n","protected":false},"excerpt":{"rendered":"<p>Sky Deutschland bringt einen hochkar\u00e4tigen Sky Original Dokumentarfilm \u00fcber Christoph Daum auf die Leinwand. Dieses au\u00dfergew\u00f6hnliche Filmprojekt, das im Oktober anl\u00e4sslich seines 70. Geburtstags auf Sky und dem Streamingdienst WOW erscheint, gew\u00e4hrt den Zuschauern einen exklusiven Einblick in Daums beeindruckende Karriere sowie sein pers\u00f6nliches Leben. Der Dokumentarfilm umfasst auch Interviews mit renommierten Wegbegleitern wie Matthias<\/p>\n<div class=\"read-more\"><a href=\"https:\/\/www.doppelklicker.de\/blog\/christoph-daum\/\" title=\"Jetzt alles lesen\">Jetzt alles lesen<\/a><\/div>\n","protected":false},"author":8,"featured_media":5790,"comment_status":"open","ping_status":"open","sticky":false,"template":"","format":"standard","meta":[],"categories":[3305],"tags":[],"yoast_head":"<!-- This site is optimized with the Yoast SEO plugin v18.2 - https:\/\/yoast.com\/wordpress\/plugins\/seo\/ -->\n<meta name=\"robots\" content=\"index, follow, max-snippet:-1, max-image-preview:large, max-video-preview:-1\" \/>\n<link rel=\"canonical\" href=\"https:\/\/www.doppelklicker.de\/blog\/christoph-daum\/\" \/>\n<meta property=\"og:locale\" content=\"de_DE\" \/>\n<meta property=\"og:type\" content=\"article\" \/>\n<meta property=\"og:title\" content=\"Freuen Sie sich auf den spannenden Sky Original Dokumentarfilm \u00fcber Christoph Daum, der ab Oktober auf Sky und WOW verf\u00fcgbar ist\" \/>\n<meta property=\"og:description\" content=\"Sky Deutschland bringt einen hochkar\u00e4tigen Sky Original Dokumentarfilm \u00fcber Christoph Daum auf die Leinwand. Dieses au\u00dfergew\u00f6hnliche Filmprojekt, das im Oktober anl\u00e4sslich seines 70. Geburtstags auf Sky und dem Streamingdienst WOW erscheint, gew\u00e4hrt den Zuschauern einen exklusiven Einblick in Daums beeindruckende Karriere sowie sein pers\u00f6nliches Leben. Der Dokumentarfilm umfasst auch Interviews mit renommierten Wegbegleitern wie MatthiasJetzt alles lesen\" \/>\n<meta property=\"og:url\" content=\"https:\/\/www.doppelklicker.de\/blog\/christoph-daum\/\" \/>\n<meta property=\"og:site_name\" content=\"Aus Mainz.\" \/>\n<meta property=\"article:published_time\" content=\"2023-06-01T06:00:00+00:00\" \/>\n<meta property=\"og:image\" content=\"https:\/\/www.doppelklicker.de\/blog\/wp-content\/uploads\/2023\/05\/sky-praesentiert-ab-oktober-den-fesselnden-dokumentarfilm-ueber-christoph-daum.jpg\" \/>\n\t<meta property=\"og:image:width\" content=\"700\" \/>\n\t<meta property=\"og:image:height\" content=\"335\" \/>\n\t<meta property=\"og:image:type\" content=\"image\/jpeg\" \/>\n<meta name=\"twitter:card\" content=\"summary_large_image\" \/>\n<meta name=\"twitter:label1\" content=\"Verfasst von\" \/>\n\t<meta name=\"twitter:data1\" content=\"Iris Martin\" \/>\n\t<meta name=\"twitter:label2\" content=\"Gesch\u00e4tzte Lesezeit\" \/>\n\t<meta name=\"twitter:data2\" content=\"6 Minuten\" \/>\n<script type=\"application\/ld+json\" class=\"yoast-schema-graph\">{\"@context\":\"https:\/\/schema.org\",\"@graph\":[{\"@type\":\"WebSite\",\"@id\":\"https:\/\/www.doppelklicker.de\/blog\/#website\",\"url\":\"https:\/\/www.doppelklicker.de\/blog\/\",\"name\":\"Aus Mainz.\",\"description\":\"F\u00fcr die Welt.\",\"potentialAction\":[{\"@type\":\"SearchAction\",\"target\":{\"@type\":\"EntryPoint\",\"urlTemplate\":\"https:\/\/www.doppelklicker.de\/blog\/?s={search_term_string}\"},\"query-input\":\"required name=search_term_string\"}],\"inLanguage\":\"de-DE\"},{\"@type\":\"ImageObject\",\"@id\":\"https:\/\/www.doppelklicker.de\/blog\/christoph-daum\/#primaryimage\",\"inLanguage\":\"de-DE\",\"url\":\"https:\/\/www.doppelklicker.de\/blog\/wp-content\/uploads\/2023\/05\/sky-praesentiert-ab-oktober-den-fesselnden-dokumentarfilm-ueber-christoph-daum.jpg\",\"contentUrl\":\"https:\/\/www.doppelklicker.de\/blog\/wp-content\/uploads\/2023\/05\/sky-praesentiert-ab-oktober-den-fesselnden-dokumentarfilm-ueber-christoph-daum.jpg\",\"width\":700,\"height\":335,\"caption\":\"Freuen Sie sich auf den spannenden Sky Original Dokumentarfilm \u00fcber Christoph Daum, der ab Oktober auf Sky und WOW verf\u00fcgbar ist (Foto: Banijay Productions. Sky)\"},{\"@type\":\"WebPage\",\"@id\":\"https:\/\/www.doppelklicker.de\/blog\/christoph-daum\/#webpage\",\"url\":\"https:\/\/www.doppelklicker.de\/blog\/christoph-daum\/\",\"name\":\"Freuen Sie sich auf den spannenden Sky Original Dokumentarfilm \u00fcber Christoph Daum, der ab Oktober auf Sky und WOW verf\u00fcgbar ist\",\"isPartOf\":{\"@id\":\"https:\/\/www.doppelklicker.de\/blog\/#website\"},\"primaryImageOfPage\":{\"@id\":\"https:\/\/www.doppelklicker.de\/blog\/christoph-daum\/#primaryimage\"},\"datePublished\":\"2023-06-01T06:00:00+00:00\",\"dateModified\":\"2023-06-01T06:00:00+00:00\",\"author\":{\"@id\":\"https:\/\/www.doppelklicker.de\/blog\/#\/schema\/person\/08dcac172bdb025e8ff433488184668a\"},\"breadcrumb\":{\"@id\":\"https:\/\/www.doppelklicker.de\/blog\/christoph-daum\/#breadcrumb\"},\"inLanguage\":\"de-DE\",\"potentialAction\":[{\"@type\":\"ReadAction\",\"target\":[\"https:\/\/www.doppelklicker.de\/blog\/christoph-daum\/\"]}]},{\"@type\":\"BreadcrumbList\",\"@id\":\"https:\/\/www.doppelklicker.de\/blog\/christoph-daum\/#breadcrumb\",\"itemListElement\":[{\"@type\":\"ListItem\",\"position\":1,\"name\":\"Startseite\",\"item\":\"https:\/\/www.doppelklicker.de\/blog\/\"},{\"@type\":\"ListItem\",\"position\":2,\"name\":\"Freuen Sie sich auf den spannenden Sky Original Dokumentarfilm \u00fcber Christoph Daum, der ab Oktober auf Sky und WOW verf\u00fcgbar ist\"}]},{\"@type\":\"Person\",\"@id\":\"https:\/\/www.doppelklicker.de\/blog\/#\/schema\/person\/08dcac172bdb025e8ff433488184668a\",\"name\":\"Iris Martin\",\"image\":{\"@type\":\"ImageObject\",\"@id\":\"https:\/\/www.doppelklicker.de\/blog\/#personlogo\",\"inLanguage\":\"de-DE\",\"url\":\"https:\/\/secure.gravatar.com\/avatar\/82fdaa093be0b9686b531f99fcb54d15?s=96&d=wp_user_avatar&r=g\",\"contentUrl\":\"https:\/\/secure.gravatar.com\/avatar\/82fdaa093be0b9686b531f99fcb54d15?s=96&d=wp_user_avatar&r=g\",\"caption\":\"Iris Martin\"},\"url\":\"https:\/\/www.doppelklicker.de\/blog\/author\/iris-martin\/\"}]}<\/script>\n<!-- \/ Yoast SEO plugin. -->","yoast_head_json":{"robots":{"index":"index","follow":"follow","max-snippet":"max-snippet:-1","max-image-preview":"max-image-preview:large","max-video-preview":"max-video-preview:-1"},"canonical":"https:\/\/www.doppelklicker.de\/blog\/christoph-daum\/","og_locale":"de_DE","og_type":"article","og_title":"Freuen Sie sich auf den spannenden Sky Original Dokumentarfilm \u00fcber Christoph Daum, der ab Oktober auf Sky und WOW verf\u00fcgbar ist","og_description":"Sky Deutschland bringt einen hochkar\u00e4tigen Sky Original Dokumentarfilm \u00fcber Christoph Daum auf die Leinwand. Dieses au\u00dfergew\u00f6hnliche Filmprojekt, das im Oktober anl\u00e4sslich seines 70. Geburtstags auf Sky und dem Streamingdienst WOW erscheint, gew\u00e4hrt den Zuschauern einen exklusiven Einblick in Daums beeindruckende Karriere sowie sein pers\u00f6nliches Leben. Der Dokumentarfilm umfasst auch Interviews mit renommierten Wegbegleitern wie MatthiasJetzt alles lesen","og_url":"https:\/\/www.doppelklicker.de\/blog\/christoph-daum\/","og_site_name":"Aus Mainz.","article_published_time":"2023-06-01T06:00:00+00:00","og_image":[{"width":700,"height":335,"url":"https:\/\/www.doppelklicker.de\/blog\/wp-content\/uploads\/2023\/05\/sky-praesentiert-ab-oktober-den-fesselnden-dokumentarfilm-ueber-christoph-daum.jpg","type":"image\/jpeg"}],"twitter_card":"summary_large_image","twitter_misc":{"Verfasst von":"Iris Martin","Gesch\u00e4tzte Lesezeit":"6 Minuten"},"schema":{"@context":"https:\/\/schema.org","@graph":[{"@type":"WebSite","@id":"https:\/\/www.doppelklicker.de\/blog\/#website","url":"https:\/\/www.doppelklicker.de\/blog\/","name":"Aus Mainz.","description":"F\u00fcr die Welt.","potentialAction":[{"@type":"SearchAction","target":{"@type":"EntryPoint","urlTemplate":"https:\/\/www.doppelklicker.de\/blog\/?s={search_term_string}"},"query-input":"required name=search_term_string"}],"inLanguage":"de-DE"},{"@type":"ImageObject","@id":"https:\/\/www.doppelklicker.de\/blog\/christoph-daum\/#primaryimage","inLanguage":"de-DE","url":"https:\/\/www.doppelklicker.de\/blog\/wp-content\/uploads\/2023\/05\/sky-praesentiert-ab-oktober-den-fesselnden-dokumentarfilm-ueber-christoph-daum.jpg","contentUrl":"https:\/\/www.doppelklicker.de\/blog\/wp-content\/uploads\/2023\/05\/sky-praesentiert-ab-oktober-den-fesselnden-dokumentarfilm-ueber-christoph-daum.jpg","width":700,"height":335,"caption":"Freuen Sie sich auf den spannenden Sky Original Dokumentarfilm \u00fcber Christoph Daum, der ab Oktober auf Sky und WOW verf\u00fcgbar ist (Foto: Banijay Productions. Sky)"},{"@type":"WebPage","@id":"https:\/\/www.doppelklicker.de\/blog\/christoph-daum\/#webpage","url":"https:\/\/www.doppelklicker.de\/blog\/christoph-daum\/","name":"Freuen Sie sich auf den spannenden Sky Original Dokumentarfilm \u00fcber Christoph Daum, der ab Oktober auf Sky und WOW verf\u00fcgbar ist","isPartOf":{"@id":"https:\/\/www.doppelklicker.de\/blog\/#website"},"primaryImageOfPage":{"@id":"https:\/\/www.doppelklicker.de\/blog\/christoph-daum\/#primaryimage"},"datePublished":"2023-06-01T06:00:00+00:00","dateModified":"2023-06-01T06:00:00+00:00","author":{"@id":"https:\/\/www.doppelklicker.de\/blog\/#\/schema\/person\/08dcac172bdb025e8ff433488184668a"},"breadcrumb":{"@id":"https:\/\/www.doppelklicker.de\/blog\/christoph-daum\/#breadcrumb"},"inLanguage":"de-DE","potentialAction":[{"@type":"ReadAction","target":["https:\/\/www.doppelklicker.de\/blog\/christoph-daum\/"]}]},{"@type":"BreadcrumbList","@id":"https:\/\/www.doppelklicker.de\/blog\/christoph-daum\/#breadcrumb","itemListElement":[{"@type":"ListItem","position":1,"name":"Startseite","item":"https:\/\/www.doppelklicker.de\/blog\/"},{"@type":"ListItem","position":2,"name":"Freuen Sie sich auf den spannenden Sky Original Dokumentarfilm \u00fcber Christoph Daum, der ab Oktober auf Sky und WOW verf\u00fcgbar ist"}]},{"@type":"Person","@id":"https:\/\/www.doppelklicker.de\/blog\/#\/schema\/person\/08dcac172bdb025e8ff433488184668a","name":"Iris Martin","image":{"@type":"ImageObject","@id":"https:\/\/www.doppelklicker.de\/blog\/#personlogo","inLanguage":"de-DE","url":"https:\/\/secure.gravatar.com\/avatar\/82fdaa093be0b9686b531f99fcb54d15?s=96&d=wp_user_avatar&r=g","contentUrl":"https:\/\/secure.gravatar.com\/avatar\/82fdaa093be0b9686b531f99fcb54d15?s=96&d=wp_user_avatar&r=g","caption":"Iris Martin"},"url":"https:\/\/www.doppelklicker.de\/blog\/author\/iris-martin\/"}]}},"_links":{"self":[{"href":"https:\/\/www.doppelklicker.de\/blog\/wp-json\/wp\/v2\/posts\/5789"}],"collection":[{"href":"https:\/\/www.doppelklicker.de\/blog\/wp-json\/wp\/v2\/posts"}],"about":[{"href":"https:\/\/www.doppelklicker.de\/blog\/wp-json\/wp\/v2\/types\/post"}],"author":[{"embeddable":true,"href":"https:\/\/www.doppelklicker.de\/blog\/wp-json\/wp\/v2\/users\/8"}],"replies":[{"embeddable":true,"href":"https:\/\/www.doppelklicker.de\/blog\/wp-json\/wp\/v2\/comments?post=5789"}],"version-history":[{"count":0,"href":"https:\/\/www.doppelklicker.de\/blog\/wp-json\/wp\/v2\/posts\/5789\/revisions"}],"wp:featuredmedia":[{"embeddable":true,"href":"https:\/\/www.doppelklicker.de\/blog\/wp-json\/wp\/v2\/media\/5790"}],"wp:attachment":[{"href":"https:\/\/www.doppelklicker.de\/blog\/wp-json\/wp\/v2\/media?parent=5789"}],"wp:term":[{"taxonomy":"category","embeddable":true,"href":"https:\/\/www.doppelklicker.de\/blog\/wp-json\/wp\/v2\/categories?post=5789"},{"taxonomy":"post_tag","embeddable":true,"href":"https:\/\/www.doppelklicker.de\/blog\/wp-json\/wp\/v2\/tags?post=5789"}],"curies":[{"name":"wp","href":"https:\/\/api.w.org\/{rel}","templated":true}]}}