{"id":5791,"date":"2023-05-22T08:00:00","date_gmt":"2023-05-22T06:00:00","guid":{"rendered":"guid"},"modified":"2023-05-22T08:00:00","modified_gmt":"2023-05-22T06:00:00","slug":"kulturzeit-extra-indiana-jones-cannes","status":"publish","type":"post","link":"https:\/\/www.doppelklicker.de\/blog\/kulturzeit-extra-indiana-jones-cannes\/","title":{"rendered":"Exklusive Einblicke: &#8222;Kulturzeit extra: Indiana Jones in Cannes&#8220; auf 3sat pr\u00e4sentiert die H\u00f6hepunkte der 76. Internationalen Filmfestspiele"},"content":{"rendered":"<p>Die Internationalen Filmfestspiele von Cannes sind das Highlight f\u00fcr Filmliebhaber und bieten einen Vorgeschmack auf die aufregendsten Kinohighlights des kommenden Jahres. Unter den Weltpremieren befinden sich Filme wie &#8222;Indiana Jones 5&#8220; und Martin Scorseses &#8222;Killers of the Flower Moon&#8220;. Die Erstausstrahlung von &#8222;Kulturzeit extra: Indiana Jones in Cannes. Hollywoods Superstars und gro\u00dfes Kino&#8220; findet am Montag, den 29. Mai 2023, um 19.30 Uhr auf 3sat statt. Die Sendung taucht tief in die besonderen Momente des Festivals ein, f\u00fchrt Interviews mit Filmschaffenden und pr\u00e4sentiert eine ausf\u00fchrliche Berichterstattung \u00fcber das deutschsprachige Kino, das im Jahr 2023 auf dem Festival stark vertreten ist. Bereits ab Sonntag, den 28. Mai 2023, um 19.30 Uhr, steht die Sendung in der 3sat Mediathek zur Verf\u00fcgung.<br \/>\n<!--more--><\/p>\n<h2>Indiana Jones&#8216; Abschied nach 15 Jahren: Ein Filmheld verl\u00e4sst die B\u00fchne<\/h2>\n<p>Die Sendung &#8222;Kulturzeit extra&#8220; ist hautnah dabei, wenn der legend\u00e4re Schauspieler Harrison Ford, der mittlerweile das stolze Alter von 80 Jahren erreicht hat, in &#8222;Indiana Jones und der Ruf des Schicksals&#8220; seine letzte Vorstellung als der weltber\u00fchmte Arch\u00e4ologe gibt. Bereits vor 15 Jahren stellte Ford den Film &#8222;Indiana Jones und das K\u00f6nigreich des Kristallsch\u00e4dels&#8220; auf dem renommierten Filmfestival in Cannes vor. In einem faszinierenden Interview mit &#8222;Kulturzeit extra&#8220; erz\u00e4hlt Ford von der pers\u00f6nlichen Bedeutung und dem Erbe seiner Rolle als Indiana Jones.<\/p>\n<p>In der Sendung &#8222;Kulturzeit extra&#8220; wird die R\u00fcckkehr von Johnny Depp in die Filmwelt nach seinem \u00f6ffentlichen Rechtsstreit mit Amber Heard thematisiert. Depps Auftritt im Er\u00f6ffnungsfilm &#8222;Jeanne Du Barry&#8220; l\u00f6st auf den Internationalen Filmfestspielen von Cannes unterschiedliche Reaktionen aus. Die Sendung geht der Frage nach, warum seine Pr\u00e4senz in Cannes kontrovers diskutiert wird.<\/p>\n<p>Das Comeback auf der gro\u00dfen B\u00fchne: Johnny Depp gibt mit seiner Rolle im Er\u00f6ffnungsfilm &#8222;Jeanne Du Barry&#8220; nach dem rechtlichen Streit mit Amber Heard sein filmisches Comeback. Doch seine Pr\u00e4senz bei den Internationalen Filmfestspielen von Cannes wird kontrovers aufgenommen. &#8222;Kulturzeit extra&#8220; wirft einen Blick auf die Gr\u00fcnde hinter der umstrittenen Reaktion auf Depps R\u00fcckkehr.<\/p>\n<h2>Tops oder Flops<\/h2>\n<p>Die Sendung &#8222;Kulturzeit extra&#8220; bietet einen umfassenden \u00dcberblick \u00fcber die H\u00f6hepunkte und Entt\u00e4uschungen des Wettbewerbs bei den Internationalen Filmfestspielen von Cannes. Zudem werden die Favoriten f\u00fcr die begehrte Goldene Palme und den Gewinnerfilm vorgestellt. Die endg\u00fcltige Entscheidung \u00fcber diese prestigetr\u00e4chtigen Auszeichnungen obliegt der diesj\u00e4hrigen Jury unter der F\u00fchrung des renommierten schwedischen Regisseurs Ruben \u00d6stlund, der bereits zweimal die Palmengewinne verbuchen konnte. Weitere Jurymitglieder sind die renommierten Hollywood-Stars Brie Larson und Paul Dano, die deutsche Schauspielerin Paula Beer sowie die talentierte franz\u00f6sische Filmemacherin Julia Ducournau.<\/p>\n","protected":false},"excerpt":{"rendered":"<p>Die Internationalen Filmfestspiele von Cannes sind das Highlight f\u00fcr Filmliebhaber und bieten einen Vorgeschmack auf die aufregendsten Kinohighlights des kommenden Jahres. Unter den Weltpremieren befinden sich Filme wie &#8222;Indiana Jones 5&#8220; und Martin Scorseses &#8222;Killers of the Flower Moon&#8220;. Die Erstausstrahlung von &#8222;Kulturzeit extra: Indiana Jones in Cannes. Hollywoods Superstars und gro\u00dfes Kino&#8220; findet am<\/p>\n<div class=\"read-more\"><a href=\"https:\/\/www.doppelklicker.de\/blog\/kulturzeit-extra-indiana-jones-cannes\/\" title=\"Jetzt alles lesen\">Jetzt alles lesen<\/a><\/div>\n","protected":false},"author":8,"featured_media":5792,"comment_status":"open","ping_status":"open","sticky":false,"template":"","format":"standard","meta":[],"categories":[3305],"tags":[],"yoast_head":"<!-- This site is optimized with the Yoast SEO plugin v18.2 - https:\/\/yoast.com\/wordpress\/plugins\/seo\/ -->\n<meta name=\"robots\" content=\"index, follow, max-snippet:-1, max-image-preview:large, max-video-preview:-1\" \/>\n<link rel=\"canonical\" href=\"https:\/\/www.doppelklicker.de\/blog\/kulturzeit-extra-indiana-jones-cannes\/\" \/>\n<meta property=\"og:locale\" content=\"de_DE\" \/>\n<meta property=\"og:type\" content=\"article\" \/>\n<meta property=\"og:title\" content=\"Exklusive Einblicke: &quot;Kulturzeit extra: Indiana Jones in Cannes&quot; auf 3sat pr\u00e4sentiert die H\u00f6hepunkte der 76. Internationalen Filmfestspiele\" \/>\n<meta property=\"og:description\" content=\"Die Internationalen Filmfestspiele von Cannes sind das Highlight f\u00fcr Filmliebhaber und bieten einen Vorgeschmack auf die aufregendsten Kinohighlights des kommenden Jahres. Unter den Weltpremieren befinden sich Filme wie &#8222;Indiana Jones 5&#8220; und Martin Scorseses &#8222;Killers of the Flower Moon&#8220;. Die Erstausstrahlung von &#8222;Kulturzeit extra: Indiana Jones in Cannes. Hollywoods Superstars und gro\u00dfes Kino&#8220; findet amJetzt alles lesen\" \/>\n<meta property=\"og:url\" content=\"https:\/\/www.doppelklicker.de\/blog\/kulturzeit-extra-indiana-jones-cannes\/\" \/>\n<meta property=\"og:site_name\" content=\"Aus Mainz.\" \/>\n<meta property=\"article:published_time\" content=\"2023-05-22T06:00:00+00:00\" \/>\n<meta property=\"og:image\" content=\"https:\/\/www.doppelklicker.de\/blog\/wp-content\/uploads\/2023\/05\/rueckblick-auf-76-internationalen-filmfestspiele-kulturzeit-extra-indiana-jones.jpg\" \/>\n\t<meta property=\"og:image:width\" content=\"700\" \/>\n\t<meta property=\"og:image:height\" content=\"335\" \/>\n\t<meta property=\"og:image:type\" content=\"image\/jpeg\" \/>\n<meta name=\"twitter:card\" content=\"summary_large_image\" \/>\n<meta name=\"twitter:label1\" content=\"Verfasst von\" \/>\n\t<meta name=\"twitter:data1\" content=\"Iris Martin\" \/>\n\t<meta name=\"twitter:label2\" content=\"Gesch\u00e4tzte Lesezeit\" \/>\n\t<meta name=\"twitter:data2\" content=\"2 Minuten\" \/>\n<script type=\"application\/ld+json\" class=\"yoast-schema-graph\">{\"@context\":\"https:\/\/schema.org\",\"@graph\":[{\"@type\":\"WebSite\",\"@id\":\"https:\/\/www.doppelklicker.de\/blog\/#website\",\"url\":\"https:\/\/www.doppelklicker.de\/blog\/\",\"name\":\"Aus Mainz.\",\"description\":\"F\u00fcr die Welt.\",\"potentialAction\":[{\"@type\":\"SearchAction\",\"target\":{\"@type\":\"EntryPoint\",\"urlTemplate\":\"https:\/\/www.doppelklicker.de\/blog\/?s={search_term_string}\"},\"query-input\":\"required name=search_term_string\"}],\"inLanguage\":\"de-DE\"},{\"@type\":\"ImageObject\",\"@id\":\"https:\/\/www.doppelklicker.de\/blog\/kulturzeit-extra-indiana-jones-cannes\/#primaryimage\",\"inLanguage\":\"de-DE\",\"url\":\"https:\/\/www.doppelklicker.de\/blog\/wp-content\/uploads\/2023\/05\/rueckblick-auf-76-internationalen-filmfestspiele-kulturzeit-extra-indiana-jones.jpg\",\"contentUrl\":\"https:\/\/www.doppelklicker.de\/blog\/wp-content\/uploads\/2023\/05\/rueckblick-auf-76-internationalen-filmfestspiele-kulturzeit-extra-indiana-jones.jpg\",\"width\":700,\"height\":335,\"caption\":\"Exklusive Einblicke: \\\"Kulturzeit extra: Indiana Jones in Cannes\\\" auf 3sat pr\u00e4sentiert die H\u00f6hepunkte der 76. Internationalen Filmfestspiele (Foto: ZDF. Nicolette Feiler-Thull)\"},{\"@type\":\"WebPage\",\"@id\":\"https:\/\/www.doppelklicker.de\/blog\/kulturzeit-extra-indiana-jones-cannes\/#webpage\",\"url\":\"https:\/\/www.doppelklicker.de\/blog\/kulturzeit-extra-indiana-jones-cannes\/\",\"name\":\"Exklusive Einblicke: \\\"Kulturzeit extra: Indiana Jones in Cannes\\\" auf 3sat pr\u00e4sentiert die H\u00f6hepunkte der 76. Internationalen Filmfestspiele\",\"isPartOf\":{\"@id\":\"https:\/\/www.doppelklicker.de\/blog\/#website\"},\"primaryImageOfPage\":{\"@id\":\"https:\/\/www.doppelklicker.de\/blog\/kulturzeit-extra-indiana-jones-cannes\/#primaryimage\"},\"datePublished\":\"2023-05-22T06:00:00+00:00\",\"dateModified\":\"2023-05-22T06:00:00+00:00\",\"author\":{\"@id\":\"https:\/\/www.doppelklicker.de\/blog\/#\/schema\/person\/08dcac172bdb025e8ff433488184668a\"},\"breadcrumb\":{\"@id\":\"https:\/\/www.doppelklicker.de\/blog\/kulturzeit-extra-indiana-jones-cannes\/#breadcrumb\"},\"inLanguage\":\"de-DE\",\"potentialAction\":[{\"@type\":\"ReadAction\",\"target\":[\"https:\/\/www.doppelklicker.de\/blog\/kulturzeit-extra-indiana-jones-cannes\/\"]}]},{\"@type\":\"BreadcrumbList\",\"@id\":\"https:\/\/www.doppelklicker.de\/blog\/kulturzeit-extra-indiana-jones-cannes\/#breadcrumb\",\"itemListElement\":[{\"@type\":\"ListItem\",\"position\":1,\"name\":\"Startseite\",\"item\":\"https:\/\/www.doppelklicker.de\/blog\/\"},{\"@type\":\"ListItem\",\"position\":2,\"name\":\"Exklusive Einblicke: &#8222;Kulturzeit extra: Indiana Jones in Cannes&#8220; auf 3sat pr\u00e4sentiert die H\u00f6hepunkte der 76. Internationalen Filmfestspiele\"}]},{\"@type\":\"Person\",\"@id\":\"https:\/\/www.doppelklicker.de\/blog\/#\/schema\/person\/08dcac172bdb025e8ff433488184668a\",\"name\":\"Iris Martin\",\"image\":{\"@type\":\"ImageObject\",\"@id\":\"https:\/\/www.doppelklicker.de\/blog\/#personlogo\",\"inLanguage\":\"de-DE\",\"url\":\"https:\/\/secure.gravatar.com\/avatar\/82fdaa093be0b9686b531f99fcb54d15?s=96&d=wp_user_avatar&r=g\",\"contentUrl\":\"https:\/\/secure.gravatar.com\/avatar\/82fdaa093be0b9686b531f99fcb54d15?s=96&d=wp_user_avatar&r=g\",\"caption\":\"Iris Martin\"},\"url\":\"https:\/\/www.doppelklicker.de\/blog\/author\/iris-martin\/\"}]}<\/script>\n<!-- \/ Yoast SEO plugin. -->","yoast_head_json":{"robots":{"index":"index","follow":"follow","max-snippet":"max-snippet:-1","max-image-preview":"max-image-preview:large","max-video-preview":"max-video-preview:-1"},"canonical":"https:\/\/www.doppelklicker.de\/blog\/kulturzeit-extra-indiana-jones-cannes\/","og_locale":"de_DE","og_type":"article","og_title":"Exklusive Einblicke: \"Kulturzeit extra: Indiana Jones in Cannes\" auf 3sat pr\u00e4sentiert die H\u00f6hepunkte der 76. Internationalen Filmfestspiele","og_description":"Die Internationalen Filmfestspiele von Cannes sind das Highlight f\u00fcr Filmliebhaber und bieten einen Vorgeschmack auf die aufregendsten Kinohighlights des kommenden Jahres. Unter den Weltpremieren befinden sich Filme wie &#8222;Indiana Jones 5&#8220; und Martin Scorseses &#8222;Killers of the Flower Moon&#8220;. Die Erstausstrahlung von &#8222;Kulturzeit extra: Indiana Jones in Cannes. Hollywoods Superstars und gro\u00dfes Kino&#8220; findet amJetzt alles lesen","og_url":"https:\/\/www.doppelklicker.de\/blog\/kulturzeit-extra-indiana-jones-cannes\/","og_site_name":"Aus Mainz.","article_published_time":"2023-05-22T06:00:00+00:00","og_image":[{"width":700,"height":335,"url":"https:\/\/www.doppelklicker.de\/blog\/wp-content\/uploads\/2023\/05\/rueckblick-auf-76-internationalen-filmfestspiele-kulturzeit-extra-indiana-jones.jpg","type":"image\/jpeg"}],"twitter_card":"summary_large_image","twitter_misc":{"Verfasst von":"Iris Martin","Gesch\u00e4tzte Lesezeit":"2 Minuten"},"schema":{"@context":"https:\/\/schema.org","@graph":[{"@type":"WebSite","@id":"https:\/\/www.doppelklicker.de\/blog\/#website","url":"https:\/\/www.doppelklicker.de\/blog\/","name":"Aus Mainz.","description":"F\u00fcr die Welt.","potentialAction":[{"@type":"SearchAction","target":{"@type":"EntryPoint","urlTemplate":"https:\/\/www.doppelklicker.de\/blog\/?s={search_term_string}"},"query-input":"required name=search_term_string"}],"inLanguage":"de-DE"},{"@type":"ImageObject","@id":"https:\/\/www.doppelklicker.de\/blog\/kulturzeit-extra-indiana-jones-cannes\/#primaryimage","inLanguage":"de-DE","url":"https:\/\/www.doppelklicker.de\/blog\/wp-content\/uploads\/2023\/05\/rueckblick-auf-76-internationalen-filmfestspiele-kulturzeit-extra-indiana-jones.jpg","contentUrl":"https:\/\/www.doppelklicker.de\/blog\/wp-content\/uploads\/2023\/05\/rueckblick-auf-76-internationalen-filmfestspiele-kulturzeit-extra-indiana-jones.jpg","width":700,"height":335,"caption":"Exklusive Einblicke: \"Kulturzeit extra: Indiana Jones in Cannes\" auf 3sat pr\u00e4sentiert die H\u00f6hepunkte der 76. Internationalen Filmfestspiele (Foto: ZDF. Nicolette Feiler-Thull)"},{"@type":"WebPage","@id":"https:\/\/www.doppelklicker.de\/blog\/kulturzeit-extra-indiana-jones-cannes\/#webpage","url":"https:\/\/www.doppelklicker.de\/blog\/kulturzeit-extra-indiana-jones-cannes\/","name":"Exklusive Einblicke: \"Kulturzeit extra: Indiana Jones in Cannes\" auf 3sat pr\u00e4sentiert die H\u00f6hepunkte der 76. Internationalen Filmfestspiele","isPartOf":{"@id":"https:\/\/www.doppelklicker.de\/blog\/#website"},"primaryImageOfPage":{"@id":"https:\/\/www.doppelklicker.de\/blog\/kulturzeit-extra-indiana-jones-cannes\/#primaryimage"},"datePublished":"2023-05-22T06:00:00+00:00","dateModified":"2023-05-22T06:00:00+00:00","author":{"@id":"https:\/\/www.doppelklicker.de\/blog\/#\/schema\/person\/08dcac172bdb025e8ff433488184668a"},"breadcrumb":{"@id":"https:\/\/www.doppelklicker.de\/blog\/kulturzeit-extra-indiana-jones-cannes\/#breadcrumb"},"inLanguage":"de-DE","potentialAction":[{"@type":"ReadAction","target":["https:\/\/www.doppelklicker.de\/blog\/kulturzeit-extra-indiana-jones-cannes\/"]}]},{"@type":"BreadcrumbList","@id":"https:\/\/www.doppelklicker.de\/blog\/kulturzeit-extra-indiana-jones-cannes\/#breadcrumb","itemListElement":[{"@type":"ListItem","position":1,"name":"Startseite","item":"https:\/\/www.doppelklicker.de\/blog\/"},{"@type":"ListItem","position":2,"name":"Exklusive Einblicke: &#8222;Kulturzeit extra: Indiana Jones in Cannes&#8220; auf 3sat pr\u00e4sentiert die H\u00f6hepunkte der 76. Internationalen Filmfestspiele"}]},{"@type":"Person","@id":"https:\/\/www.doppelklicker.de\/blog\/#\/schema\/person\/08dcac172bdb025e8ff433488184668a","name":"Iris Martin","image":{"@type":"ImageObject","@id":"https:\/\/www.doppelklicker.de\/blog\/#personlogo","inLanguage":"de-DE","url":"https:\/\/secure.gravatar.com\/avatar\/82fdaa093be0b9686b531f99fcb54d15?s=96&d=wp_user_avatar&r=g","contentUrl":"https:\/\/secure.gravatar.com\/avatar\/82fdaa093be0b9686b531f99fcb54d15?s=96&d=wp_user_avatar&r=g","caption":"Iris Martin"},"url":"https:\/\/www.doppelklicker.de\/blog\/author\/iris-martin\/"}]}},"_links":{"self":[{"href":"https:\/\/www.doppelklicker.de\/blog\/wp-json\/wp\/v2\/posts\/5791"}],"collection":[{"href":"https:\/\/www.doppelklicker.de\/blog\/wp-json\/wp\/v2\/posts"}],"about":[{"href":"https:\/\/www.doppelklicker.de\/blog\/wp-json\/wp\/v2\/types\/post"}],"author":[{"embeddable":true,"href":"https:\/\/www.doppelklicker.de\/blog\/wp-json\/wp\/v2\/users\/8"}],"replies":[{"embeddable":true,"href":"https:\/\/www.doppelklicker.de\/blog\/wp-json\/wp\/v2\/comments?post=5791"}],"version-history":[{"count":0,"href":"https:\/\/www.doppelklicker.de\/blog\/wp-json\/wp\/v2\/posts\/5791\/revisions"}],"wp:featuredmedia":[{"embeddable":true,"href":"https:\/\/www.doppelklicker.de\/blog\/wp-json\/wp\/v2\/media\/5792"}],"wp:attachment":[{"href":"https:\/\/www.doppelklicker.de\/blog\/wp-json\/wp\/v2\/media?parent=5791"}],"wp:term":[{"taxonomy":"category","embeddable":true,"href":"https:\/\/www.doppelklicker.de\/blog\/wp-json\/wp\/v2\/categories?post=5791"},{"taxonomy":"post_tag","embeddable":true,"href":"https:\/\/www.doppelklicker.de\/blog\/wp-json\/wp\/v2\/tags?post=5791"}],"curies":[{"name":"wp","href":"https:\/\/api.w.org\/{rel}","templated":true}]}}