{"id":5800,"date":"2023-06-02T08:00:00","date_gmt":"2023-06-02T06:00:00","guid":{"rendered":"guid"},"modified":"2023-06-02T08:00:00","modified_gmt":"2023-06-02T06:00:00","slug":"famila-zeven-eroeffnung","status":"publish","type":"post","link":"https:\/\/www.doppelklicker.de\/blog\/famila-zeven-eroeffnung\/","title":{"rendered":"Einladung zur Feier: Famila er\u00f6ffnet neuen Standort in Zeven"},"content":{"rendered":"<p>Am 15. Mai wird die Neuer\u00f6ffnung des famila-Verbrauchermarkts in Zeven mit gro\u00dfer Freude erwartet. W\u00e4hrend der zweiw\u00f6chigen Schlie\u00dfungsphase wurde intensiv daran gearbeitet, den Kunden ein herausragendes Einkaufserlebnis zu bieten. Auf einer gro\u00dfz\u00fcgigen Verkaufsfl\u00e4che von \u00fcber 2800 Quadratmetern pr\u00e4sentiert sich der Markt mit einem Fokus auf Regionalit\u00e4t, Vielfalt, attraktiven Angeboten und kompetenter Beratung. Die breiten G\u00e4nge sorgen zus\u00e4tzlich daf\u00fcr, dass das Einkaufen f\u00fcr Familien und Menschen aller Generationen angenehm und komfortabel ist.<br \/>\n<!--more--><\/p>\n<div id=\"ez-toc-container\" class=\"ez-toc-v2_0_16 counter-hierarchy\">\n<div class=\"ez-toc-title-container\">\n<p class=\"ez-toc-title\">Inhaltsverzeichnis: Das erwartet Sie in diesem Artikel<\/p>\n<span class=\"ez-toc-title-toggle\"><a class=\"ez-toc-pull-right ez-toc-btn ez-toc-btn-xs ez-toc-btn-default ez-toc-toggle\" style=\"display: none;\"><i class=\"ez-toc-glyphicon ez-toc-icon-toggle\"><\/i><\/a><\/span><\/div>\n<nav><ul class=\"ez-toc-list ez-toc-list-level-1\"><li class=\"ez-toc-page-1 ez-toc-heading-level-2\"><a class=\"ez-toc-link ez-toc-heading-1\" href=\"https:\/\/www.doppelklicker.de\/blog\/famila-zeven-eroeffnung\/#von-grund-auf-erneuert-umbau-erfolgreich-abgeschlossen\" title=\"Von Grund auf erneuert: Umbau erfolgreich abgeschlossen\">Von Grund auf erneuert: Umbau erfolgreich abgeschlossen<\/a><\/li><li class=\"ez-toc-page-1 ez-toc-heading-level-2\"><a class=\"ez-toc-link ez-toc-heading-2\" href=\"https:\/\/www.doppelklicker.de\/blog\/famila-zeven-eroeffnung\/#regional-und-nachhaltig-famila-verbrauchermarkt-in-zeven-bietet-gesunde-einkaufsmoeglichkeiten\" title=\"Regional und nachhaltig: Famila-Verbrauchermarkt in Zeven bietet gesunde Einkaufsm\u00f6glichkeiten\">Regional und nachhaltig: Famila-Verbrauchermarkt in Zeven bietet gesunde Einkaufsm\u00f6glichkeiten<\/a><\/li><li class=\"ez-toc-page-1 ez-toc-heading-level-2\"><a class=\"ez-toc-link ez-toc-heading-3\" href=\"https:\/\/www.doppelklicker.de\/blog\/famila-zeven-eroeffnung\/#top-qualitaet-und-exzellenter-service-famila-verbrauchermarkt-in-zeven-begeistert-mit-vielfaeltigem-angebot-und-bestem-kundenservice\" title=\"Top-Qualit\u00e4t und exzellenter Service: famila-Verbrauchermarkt in Zeven begeistert mit vielf\u00e4ltigem Angebot und bestem Kundenservice\">Top-Qualit\u00e4t und exzellenter Service: famila-Verbrauchermarkt in Zeven begeistert mit vielf\u00e4ltigem Angebot und bestem Kundenservice<\/a><\/li><li class=\"ez-toc-page-1 ez-toc-heading-level-2\"><a class=\"ez-toc-link ez-toc-heading-4\" href=\"https:\/\/www.doppelklicker.de\/blog\/famila-zeven-eroeffnung\/#modernste-technik-eroeffnet-neue-moeglichkeiten\" title=\"Modernste Technik er\u00f6ffnet neue M\u00f6glichkeiten\">Modernste Technik er\u00f6ffnet neue M\u00f6glichkeiten<\/a><\/li><\/ul><\/nav><\/div>\n<h2><span class=\"ez-toc-section\" id=\"von-grund-auf-erneuert-umbau-erfolgreich-abgeschlossen\"><\/span>Von Grund auf erneuert: Umbau erfolgreich abgeschlossen<span class=\"ez-toc-section-end\"><\/span><\/h2>\n<p>Der neue famila in Zeven ist ein Ort der Einladung, Modernit\u00e4t und Kundenn\u00e4he. Mit seinem vielseitigen Sortiment bietet der Markt ein vollkommen neues Einkaufserlebnis. Marktmanager Rene Haltermann ist erfreut, den Startschuss f\u00fcr den neuen Markt geben zu k\u00f6nnen. Besonders stolz ist er auf den neuen Anbau, der den Kunden eine hervorragende \u00dcbersicht erm\u00f6glicht. Durch die klare Strukturierung in verschiedene Bereiche, wie zum Beispiel eine Fr\u00fchst\u00fcckswelt, einen S\u00fc\u00dfwarenbereich und eine Welt f\u00fcr bewusste Ern\u00e4hrung, wird das Einkaufen f\u00fcr jeden Kunden schnell und \u00fcbersichtlich gestaltet.<\/p>\n<h2><span class=\"ez-toc-section\" id=\"regional-und-nachhaltig-famila-verbrauchermarkt-in-zeven-bietet-gesunde-einkaufsmoeglichkeiten\"><\/span>Regional und nachhaltig: Famila-Verbrauchermarkt in Zeven bietet gesunde Einkaufsm\u00f6glichkeiten<span class=\"ez-toc-section-end\"><\/span><\/h2>\n<p>Die gro\u00dfartige Obst- und Gem\u00fcseabteilung bildet das Herzst\u00fcck des famila-Marktes in Zeven und besticht durch ihre Frische und Vielfalt. Hier erwartet die Kundinnen und Kunden nicht nur eine breite Auswahl an frischen Obst- und Gem\u00fcsesorten, sondern auch besondere Angebote wie eine Salatbar und eine Schnibbelk\u00fcche. In der Schnibbelk\u00fcche werden t\u00e4glich frische Salate, Wraps und Dessertkreationen liebevoll zubereitet. Die Salatbar bietet eine abwechslungsreiche Auswahl an frischen Salaten. Erg\u00e4nzt wird das Angebot durch die hauseigene Backstube, die mit leckeren Br\u00f6tchen und Naschereien verw\u00f6hnt. Der famila-Markt legt au\u00dferdem gro\u00dfen Wert auf regionale Produkte und pr\u00e4sentiert eine vielf\u00e4ltige Auswahl von Herstellern aus der Region. Dazu geh\u00f6ren beispielsweise das Goldgelb-Kartoffelgut aus Apensen, Bley Wurstwaren aus Edewecht und der Fruchtgenuss by KaSa aus Gnarrenburg.<\/p>\n<h2><span class=\"ez-toc-section\" id=\"top-qualitaet-und-exzellenter-service-famila-verbrauchermarkt-in-zeven-begeistert-mit-vielfaeltigem-angebot-und-bestem-kundenservice\"><\/span>Top-Qualit\u00e4t und exzellenter Service: famila-Verbrauchermarkt in Zeven begeistert mit vielf\u00e4ltigem Angebot und bestem Kundenservice<span class=\"ez-toc-section-end\"><\/span><\/h2>\n<p>Die Bedientheke des famila-Marktes ist ein Paradies f\u00fcr K\u00e4se-, Wurst- und Fleischliebhaber. Hier finden die Kunden ein vielf\u00e4ltiges Angebot an erstklassigen Spezialit\u00e4ten, das keine W\u00fcnsche offen l\u00e4sst. Das erfahrene Marktteam ist bestens informiert \u00fcber die verschiedenen Sorten und wei\u00df, welche Kombinationen besonders gut harmonieren. Neben den bekannten K\u00e4se- und Wurstspezialit\u00e4ten erwartet die Kunden auch eine umfangreiche Auswahl an frischem Fleisch. Eine besondere Attraktion ist die umfangreiche Geschenkboutique, in der die Kunden liebevoll gestaltete Mitbringsel und Pr\u00e4sentk\u00f6rbe finden. Abgerundet wird das Angebot durch ein \u00fcberarbeitetes Non-Food-Sortiment, das praktische Haushaltsartikel f\u00fcr den t\u00e4glichen Bedarf bietet.<\/p>\n<h2><span class=\"ez-toc-section\" id=\"modernste-technik-eroeffnet-neue-moeglichkeiten\"><\/span>Modernste Technik er\u00f6ffnet neue M\u00f6glichkeiten<span class=\"ez-toc-section-end\"><\/span><\/h2>\n<p>Der Einkaufskomplex hat bereits zu Beginn des Jahres das fortschrittliche &#8222;Scan &#038; Go&#8220;-System eingef\u00fchrt, das es den Kunden erm\u00f6glicht, ihre Waren eigenst\u00e4ndig zu scannen. Dadurch wird der Bezahlvorgang an der Kasse erheblich beschleunigt und dauert nur noch wenige Sekunden, wie Marktmanager Haltermann betont. Neben dieser zeitsparenden Innovation wurden auch weitere Verbesserungen umgesetzt, um das Einkaufserlebnis der Kunden zu optimieren. So wurden zwei neue Leergutautomaten installiert, um den R\u00fcckgabeprozess von Leergut zu erleichtern, und eine energiesparende LED-Beleuchtung wurde eingef\u00fchrt, um den Energieverbrauch zu reduzieren. Eine weitere bemerkenswerte Eigenschaft des Einkaufskomplexes ist die Schaffung eines zus\u00e4tzlichen Eingangs, der die Kundinnen und Kunden direkt zum Bereich der Haushaltswaren f\u00fchrt und somit eine verbesserte Zug\u00e4nglichkeit bietet.<\/p>\n<p>Ein bedeutendes Update des Einkaufskomplexes wurde bereits zum Jahreswechsel mit der Einf\u00fchrung des fortschrittlichen Systems &#8222;Scan &#038; Go&#8220; erreicht, das den Kunden die M\u00f6glichkeit gibt, ihre Waren eigenst\u00e4ndig zu scannen. Marktmanager Haltermann hebt einen der vielen Vorteile dieser Erneuerung hervor: Der Bezahlvorgang an der Kasse dauert jetzt nur noch wenige Sekunden. Als Teil dieses Upgrades wurden auch zwei neue Leergutautomaten implementiert, um den Kunden ein effizientes System zur R\u00fcckgabe von Leergut anzubieten. Zudem wurde eine energiesparende LED-Beleuchtung installiert, um den Energieverbrauch des Einkaufskomplexes zu reduzieren und die Umweltbelastung zu verringern. Ein weiteres bemerkenswertes Merkmal des Einkaufskomplexes ist die Tatsache, dass er \u00fcber zwei Eing\u00e4nge verf\u00fcgt. Neben dem Hauptzugang wurde ein weiterer Eingang geschaffen, der die Kunden direkt in den Bereich der Haushaltswaren leitet und ihnen eine effiziente Orientierung erm\u00f6glicht.<\/p>\n","protected":false},"excerpt":{"rendered":"<p>Am 15. Mai wird die Neuer\u00f6ffnung des famila-Verbrauchermarkts in Zeven mit gro\u00dfer Freude erwartet. W\u00e4hrend der zweiw\u00f6chigen Schlie\u00dfungsphase wurde intensiv daran gearbeitet, den Kunden ein herausragendes Einkaufserlebnis zu bieten. Auf einer gro\u00dfz\u00fcgigen Verkaufsfl\u00e4che von \u00fcber 2800 Quadratmetern pr\u00e4sentiert sich der Markt mit einem Fokus auf Regionalit\u00e4t, Vielfalt, attraktiven Angeboten und kompetenter Beratung. Die breiten G\u00e4nge<\/p>\n<div class=\"read-more\"><a href=\"https:\/\/www.doppelklicker.de\/blog\/famila-zeven-eroeffnung\/\" title=\"Jetzt alles lesen\">Jetzt alles lesen<\/a><\/div>\n","protected":false},"author":8,"featured_media":5801,"comment_status":"open","ping_status":"open","sticky":false,"template":"","format":"standard","meta":[],"categories":[3305],"tags":[],"yoast_head":"<!-- This site is optimized with the Yoast SEO plugin v18.2 - https:\/\/yoast.com\/wordpress\/plugins\/seo\/ -->\n<meta name=\"robots\" content=\"index, follow, max-snippet:-1, max-image-preview:large, max-video-preview:-1\" \/>\n<link rel=\"canonical\" href=\"https:\/\/www.doppelklicker.de\/blog\/famila-zeven-eroeffnung\/\" \/>\n<meta property=\"og:locale\" content=\"de_DE\" \/>\n<meta property=\"og:type\" content=\"article\" \/>\n<meta property=\"og:title\" content=\"Einladung zur Feier: Famila er\u00f6ffnet neuen Standort in Zeven\" \/>\n<meta property=\"og:description\" content=\"Am 15. Mai wird die Neuer\u00f6ffnung des famila-Verbrauchermarkts in Zeven mit gro\u00dfer Freude erwartet. W\u00e4hrend der zweiw\u00f6chigen Schlie\u00dfungsphase wurde intensiv daran gearbeitet, den Kunden ein herausragendes Einkaufserlebnis zu bieten. Auf einer gro\u00dfz\u00fcgigen Verkaufsfl\u00e4che von \u00fcber 2800 Quadratmetern pr\u00e4sentiert sich der Markt mit einem Fokus auf Regionalit\u00e4t, Vielfalt, attraktiven Angeboten und kompetenter Beratung. Die breiten G\u00e4ngeJetzt alles lesen\" \/>\n<meta property=\"og:url\" content=\"https:\/\/www.doppelklicker.de\/blog\/famila-zeven-eroeffnung\/\" \/>\n<meta property=\"og:site_name\" content=\"Aus Mainz.\" \/>\n<meta property=\"article:published_time\" content=\"2023-06-02T06:00:00+00:00\" \/>\n<meta property=\"og:image\" content=\"https:\/\/www.doppelklicker.de\/blog\/wp-content\/uploads\/2023\/06\/grosse-feier-zeven-famila-eroeffnet-neuen-standort-6827.jpg\" \/>\n\t<meta property=\"og:image:width\" content=\"700\" \/>\n\t<meta property=\"og:image:height\" content=\"335\" \/>\n\t<meta property=\"og:image:type\" content=\"image\/jpeg\" \/>\n<meta name=\"twitter:card\" content=\"summary_large_image\" \/>\n<meta name=\"twitter:label1\" content=\"Verfasst von\" \/>\n\t<meta name=\"twitter:data1\" content=\"Iris Martin\" \/>\n\t<meta name=\"twitter:label2\" content=\"Gesch\u00e4tzte Lesezeit\" \/>\n\t<meta name=\"twitter:data2\" content=\"4 Minuten\" \/>\n<script type=\"application\/ld+json\" class=\"yoast-schema-graph\">{\"@context\":\"https:\/\/schema.org\",\"@graph\":[{\"@type\":\"WebSite\",\"@id\":\"https:\/\/www.doppelklicker.de\/blog\/#website\",\"url\":\"https:\/\/www.doppelklicker.de\/blog\/\",\"name\":\"Aus Mainz.\",\"description\":\"F\u00fcr die Welt.\",\"potentialAction\":[{\"@type\":\"SearchAction\",\"target\":{\"@type\":\"EntryPoint\",\"urlTemplate\":\"https:\/\/www.doppelklicker.de\/blog\/?s={search_term_string}\"},\"query-input\":\"required name=search_term_string\"}],\"inLanguage\":\"de-DE\"},{\"@type\":\"ImageObject\",\"@id\":\"https:\/\/www.doppelklicker.de\/blog\/famila-zeven-eroeffnung\/#primaryimage\",\"inLanguage\":\"de-DE\",\"url\":\"https:\/\/www.doppelklicker.de\/blog\/wp-content\/uploads\/2023\/06\/grosse-feier-zeven-famila-eroeffnet-neuen-standort-6827.jpg\",\"contentUrl\":\"https:\/\/www.doppelklicker.de\/blog\/wp-content\/uploads\/2023\/06\/grosse-feier-zeven-famila-eroeffnet-neuen-standort-6827.jpg\",\"width\":700,\"height\":335,\"caption\":\"Einladung zur Feier: Famila er\u00f6ffnet neuen Standort in Zeven (Foto: B\u00fcnting Unternehmensgruppe)\"},{\"@type\":\"WebPage\",\"@id\":\"https:\/\/www.doppelklicker.de\/blog\/famila-zeven-eroeffnung\/#webpage\",\"url\":\"https:\/\/www.doppelklicker.de\/blog\/famila-zeven-eroeffnung\/\",\"name\":\"Einladung zur Feier: Famila er\u00f6ffnet neuen Standort in Zeven\",\"isPartOf\":{\"@id\":\"https:\/\/www.doppelklicker.de\/blog\/#website\"},\"primaryImageOfPage\":{\"@id\":\"https:\/\/www.doppelklicker.de\/blog\/famila-zeven-eroeffnung\/#primaryimage\"},\"datePublished\":\"2023-06-02T06:00:00+00:00\",\"dateModified\":\"2023-06-02T06:00:00+00:00\",\"author\":{\"@id\":\"https:\/\/www.doppelklicker.de\/blog\/#\/schema\/person\/08dcac172bdb025e8ff433488184668a\"},\"breadcrumb\":{\"@id\":\"https:\/\/www.doppelklicker.de\/blog\/famila-zeven-eroeffnung\/#breadcrumb\"},\"inLanguage\":\"de-DE\",\"potentialAction\":[{\"@type\":\"ReadAction\",\"target\":[\"https:\/\/www.doppelklicker.de\/blog\/famila-zeven-eroeffnung\/\"]}]},{\"@type\":\"BreadcrumbList\",\"@id\":\"https:\/\/www.doppelklicker.de\/blog\/famila-zeven-eroeffnung\/#breadcrumb\",\"itemListElement\":[{\"@type\":\"ListItem\",\"position\":1,\"name\":\"Startseite\",\"item\":\"https:\/\/www.doppelklicker.de\/blog\/\"},{\"@type\":\"ListItem\",\"position\":2,\"name\":\"Einladung zur Feier: Famila er\u00f6ffnet neuen Standort in Zeven\"}]},{\"@type\":\"Person\",\"@id\":\"https:\/\/www.doppelklicker.de\/blog\/#\/schema\/person\/08dcac172bdb025e8ff433488184668a\",\"name\":\"Iris Martin\",\"image\":{\"@type\":\"ImageObject\",\"@id\":\"https:\/\/www.doppelklicker.de\/blog\/#personlogo\",\"inLanguage\":\"de-DE\",\"url\":\"https:\/\/secure.gravatar.com\/avatar\/82fdaa093be0b9686b531f99fcb54d15?s=96&d=wp_user_avatar&r=g\",\"contentUrl\":\"https:\/\/secure.gravatar.com\/avatar\/82fdaa093be0b9686b531f99fcb54d15?s=96&d=wp_user_avatar&r=g\",\"caption\":\"Iris Martin\"},\"url\":\"https:\/\/www.doppelklicker.de\/blog\/author\/iris-martin\/\"}]}<\/script>\n<!-- \/ Yoast SEO plugin. -->","yoast_head_json":{"robots":{"index":"index","follow":"follow","max-snippet":"max-snippet:-1","max-image-preview":"max-image-preview:large","max-video-preview":"max-video-preview:-1"},"canonical":"https:\/\/www.doppelklicker.de\/blog\/famila-zeven-eroeffnung\/","og_locale":"de_DE","og_type":"article","og_title":"Einladung zur Feier: Famila er\u00f6ffnet neuen Standort in Zeven","og_description":"Am 15. Mai wird die Neuer\u00f6ffnung des famila-Verbrauchermarkts in Zeven mit gro\u00dfer Freude erwartet. W\u00e4hrend der zweiw\u00f6chigen Schlie\u00dfungsphase wurde intensiv daran gearbeitet, den Kunden ein herausragendes Einkaufserlebnis zu bieten. Auf einer gro\u00dfz\u00fcgigen Verkaufsfl\u00e4che von \u00fcber 2800 Quadratmetern pr\u00e4sentiert sich der Markt mit einem Fokus auf Regionalit\u00e4t, Vielfalt, attraktiven Angeboten und kompetenter Beratung. Die breiten G\u00e4ngeJetzt alles lesen","og_url":"https:\/\/www.doppelklicker.de\/blog\/famila-zeven-eroeffnung\/","og_site_name":"Aus Mainz.","article_published_time":"2023-06-02T06:00:00+00:00","og_image":[{"width":700,"height":335,"url":"https:\/\/www.doppelklicker.de\/blog\/wp-content\/uploads\/2023\/06\/grosse-feier-zeven-famila-eroeffnet-neuen-standort-6827.jpg","type":"image\/jpeg"}],"twitter_card":"summary_large_image","twitter_misc":{"Verfasst von":"Iris Martin","Gesch\u00e4tzte Lesezeit":"4 Minuten"},"schema":{"@context":"https:\/\/schema.org","@graph":[{"@type":"WebSite","@id":"https:\/\/www.doppelklicker.de\/blog\/#website","url":"https:\/\/www.doppelklicker.de\/blog\/","name":"Aus Mainz.","description":"F\u00fcr die Welt.","potentialAction":[{"@type":"SearchAction","target":{"@type":"EntryPoint","urlTemplate":"https:\/\/www.doppelklicker.de\/blog\/?s={search_term_string}"},"query-input":"required name=search_term_string"}],"inLanguage":"de-DE"},{"@type":"ImageObject","@id":"https:\/\/www.doppelklicker.de\/blog\/famila-zeven-eroeffnung\/#primaryimage","inLanguage":"de-DE","url":"https:\/\/www.doppelklicker.de\/blog\/wp-content\/uploads\/2023\/06\/grosse-feier-zeven-famila-eroeffnet-neuen-standort-6827.jpg","contentUrl":"https:\/\/www.doppelklicker.de\/blog\/wp-content\/uploads\/2023\/06\/grosse-feier-zeven-famila-eroeffnet-neuen-standort-6827.jpg","width":700,"height":335,"caption":"Einladung zur Feier: Famila er\u00f6ffnet neuen Standort in Zeven (Foto: B\u00fcnting Unternehmensgruppe)"},{"@type":"WebPage","@id":"https:\/\/www.doppelklicker.de\/blog\/famila-zeven-eroeffnung\/#webpage","url":"https:\/\/www.doppelklicker.de\/blog\/famila-zeven-eroeffnung\/","name":"Einladung zur Feier: Famila er\u00f6ffnet neuen Standort in Zeven","isPartOf":{"@id":"https:\/\/www.doppelklicker.de\/blog\/#website"},"primaryImageOfPage":{"@id":"https:\/\/www.doppelklicker.de\/blog\/famila-zeven-eroeffnung\/#primaryimage"},"datePublished":"2023-06-02T06:00:00+00:00","dateModified":"2023-06-02T06:00:00+00:00","author":{"@id":"https:\/\/www.doppelklicker.de\/blog\/#\/schema\/person\/08dcac172bdb025e8ff433488184668a"},"breadcrumb":{"@id":"https:\/\/www.doppelklicker.de\/blog\/famila-zeven-eroeffnung\/#breadcrumb"},"inLanguage":"de-DE","potentialAction":[{"@type":"ReadAction","target":["https:\/\/www.doppelklicker.de\/blog\/famila-zeven-eroeffnung\/"]}]},{"@type":"BreadcrumbList","@id":"https:\/\/www.doppelklicker.de\/blog\/famila-zeven-eroeffnung\/#breadcrumb","itemListElement":[{"@type":"ListItem","position":1,"name":"Startseite","item":"https:\/\/www.doppelklicker.de\/blog\/"},{"@type":"ListItem","position":2,"name":"Einladung zur Feier: Famila er\u00f6ffnet neuen Standort in Zeven"}]},{"@type":"Person","@id":"https:\/\/www.doppelklicker.de\/blog\/#\/schema\/person\/08dcac172bdb025e8ff433488184668a","name":"Iris Martin","image":{"@type":"ImageObject","@id":"https:\/\/www.doppelklicker.de\/blog\/#personlogo","inLanguage":"de-DE","url":"https:\/\/secure.gravatar.com\/avatar\/82fdaa093be0b9686b531f99fcb54d15?s=96&d=wp_user_avatar&r=g","contentUrl":"https:\/\/secure.gravatar.com\/avatar\/82fdaa093be0b9686b531f99fcb54d15?s=96&d=wp_user_avatar&r=g","caption":"Iris Martin"},"url":"https:\/\/www.doppelklicker.de\/blog\/author\/iris-martin\/"}]}},"_links":{"self":[{"href":"https:\/\/www.doppelklicker.de\/blog\/wp-json\/wp\/v2\/posts\/5800"}],"collection":[{"href":"https:\/\/www.doppelklicker.de\/blog\/wp-json\/wp\/v2\/posts"}],"about":[{"href":"https:\/\/www.doppelklicker.de\/blog\/wp-json\/wp\/v2\/types\/post"}],"author":[{"embeddable":true,"href":"https:\/\/www.doppelklicker.de\/blog\/wp-json\/wp\/v2\/users\/8"}],"replies":[{"embeddable":true,"href":"https:\/\/www.doppelklicker.de\/blog\/wp-json\/wp\/v2\/comments?post=5800"}],"version-history":[{"count":0,"href":"https:\/\/www.doppelklicker.de\/blog\/wp-json\/wp\/v2\/posts\/5800\/revisions"}],"wp:featuredmedia":[{"embeddable":true,"href":"https:\/\/www.doppelklicker.de\/blog\/wp-json\/wp\/v2\/media\/5801"}],"wp:attachment":[{"href":"https:\/\/www.doppelklicker.de\/blog\/wp-json\/wp\/v2\/media?parent=5800"}],"wp:term":[{"taxonomy":"category","embeddable":true,"href":"https:\/\/www.doppelklicker.de\/blog\/wp-json\/wp\/v2\/categories?post=5800"},{"taxonomy":"post_tag","embeddable":true,"href":"https:\/\/www.doppelklicker.de\/blog\/wp-json\/wp\/v2\/tags?post=5800"}],"curies":[{"name":"wp","href":"https:\/\/api.w.org\/{rel}","templated":true}]}}