{"id":5804,"date":"2023-06-06T08:00:00","date_gmt":"2023-06-06T06:00:00","guid":{"rendered":"guid"},"modified":"2023-06-06T08:00:00","modified_gmt":"2023-06-06T06:00:00","slug":"arag-rechtsschutz-diesel-klage-gegen-audi","status":"publish","type":"post","link":"https:\/\/www.doppelklicker.de\/blog\/arag-rechtsschutz-diesel-klage-gegen-audi\/","title":{"rendered":"ARAG-Rechtsschutzversicherung in der Verantwortung: Diesel-Klage gegen Audi abgedeckt"},"content":{"rendered":"<p>Der Europ\u00e4ische Gerichtshof (EuGH) hat eine bedeutende Entscheidung im Diesel-Abgasskandal getroffen, die auch Auswirkungen auf die Haftung von Rechtsschutzversicherern hat. Das Landgericht D\u00fcsseldorf hat in einem Urteil vom 5. Mai 2023 festgestellt, dass die ARAG-Versicherung die Kosten f\u00fcr die zweite Instanz einer Diesel-Klage gegen Audi tragen muss. Dieses Urteil steht im Einklang mit der neuen Rechtsprechung, die infolge der EuGH-Entscheidung entstanden ist. Es verdeutlicht die rechtlichen Konsequenzen der EuGH-Entscheidung f\u00fcr Rechtsschutzversicherer wie die ARAG-Versicherung.<br \/>\n<!--more--><\/p>\n<div id=\"ez-toc-container\" class=\"ez-toc-v2_0_16 counter-hierarchy\">\n<div class=\"ez-toc-title-container\">\n<p class=\"ez-toc-title\">Inhaltsverzeichnis: Das erwartet Sie in diesem Artikel<\/p>\n<span class=\"ez-toc-title-toggle\"><a class=\"ez-toc-pull-right ez-toc-btn ez-toc-btn-xs ez-toc-btn-default ez-toc-toggle\" style=\"display: none;\"><i class=\"ez-toc-glyphicon ez-toc-icon-toggle\"><\/i><\/a><\/span><\/div>\n<nav><ul class=\"ez-toc-list ez-toc-list-level-1\"><li class=\"ez-toc-page-1 ez-toc-heading-level-2\"><a class=\"ez-toc-link ez-toc-heading-1\" href=\"https:\/\/www.doppelklicker.de\/blog\/arag-rechtsschutz-diesel-klage-gegen-audi\/#rechtsspruch-lg-duesseldorf-erkennt-erfolgsaussichten\" title=\"Rechtsspruch: LG D\u00fcsseldorf erkennt Erfolgsaussichten\">Rechtsspruch: LG D\u00fcsseldorf erkennt Erfolgsaussichten<\/a><\/li><li class=\"ez-toc-page-1 ez-toc-heading-level-2\"><a class=\"ez-toc-link ez-toc-heading-2\" href=\"https:\/\/www.doppelklicker.de\/blog\/arag-rechtsschutz-diesel-klage-gegen-audi\/#europaeischer-gerichtshof-unterstuetzt-verbraucher-in-diesel-klagen\" title=\"Europ\u00e4ischer Gerichtshof unterst\u00fctzt Verbraucher in Diesel-Klagen\">Europ\u00e4ischer Gerichtshof unterst\u00fctzt Verbraucher in Diesel-Klagen<\/a><\/li><li class=\"ez-toc-page-1 ez-toc-heading-level-2\"><a class=\"ez-toc-link ez-toc-heading-3\" href=\"https:\/\/www.doppelklicker.de\/blog\/arag-rechtsschutz-diesel-klage-gegen-audi\/#rechtlicher-ausweg-moeglich-urteil-kann-angefochten-werden\" title=\"Rechtlicher Ausweg m\u00f6glich: Urteil kann angefochten werden\">Rechtlicher Ausweg m\u00f6glich: Urteil kann angefochten werden<\/a><\/li><li class=\"ez-toc-page-1 ez-toc-heading-level-2\"><a class=\"ez-toc-link ez-toc-heading-4\" href=\"https:\/\/www.doppelklicker.de\/blog\/arag-rechtsschutz-diesel-klage-gegen-audi\/#erfreuliche-neuigkeiten-im-diesel-abgasskandal-verbesserungen-fuer-verbraucher\" title=\"Erfreuliche Neuigkeiten im Diesel-Abgasskandal: Verbesserungen f\u00fcr Verbraucher\">Erfreuliche Neuigkeiten im Diesel-Abgasskandal: Verbesserungen f\u00fcr Verbraucher<\/a><\/li><\/ul><\/nav><\/div>\n<h2><span class=\"ez-toc-section\" id=\"rechtsspruch-lg-duesseldorf-erkennt-erfolgsaussichten\"><\/span>Rechtsspruch: LG D\u00fcsseldorf erkennt Erfolgsaussichten<span class=\"ez-toc-section-end\"><\/span><\/h2>\n<p>Im konkreten Fall (Az.: 9a O 122\/22) befand das Gericht, im Gegensatz zur ARAG, dass die Klage im Diesel-Abgasskandal hinreichende Erfolgsaussichten hat. Die Entscheidung des Gerichts basierte dabei explizit auf dem aktuellen Urteil des Europ\u00e4ischen Gerichtshofs (EuGH) in Bezug auf den Diesel-Abgasskandal. Am 21. M\u00e4rz 2023 entschied der EuGH, dass bereits fahrl\u00e4ssiges Handeln seitens der Hersteller f\u00fcr Schadensersatzanspr\u00fcche im Zusammenhang mit dem Diesel-Abgasskandal ausreicht. Dar\u00fcber hinaus erkl\u00e4rte der EuGH die Verwendung von Thermofenstern zur Manipulation der Abgasreinigung als rechtswidrig. Das Gericht sah in diesem EuGH-Urteil eine ausreichende Grundlage, um Erfolgsaussichten f\u00fcr das vorliegende Klageverfahren anzunehmen.<\/p>\n<h2><span class=\"ez-toc-section\" id=\"europaeischer-gerichtshof-unterstuetzt-verbraucher-in-diesel-klagen\"><\/span>Europ\u00e4ischer Gerichtshof unterst\u00fctzt Verbraucher in Diesel-Klagen<span class=\"ez-toc-section-end\"><\/span><\/h2>\n<p>Die Kanzlei Dr. Stoll &#038; Sauer, die das Verfahren zusammenfasst, k\u00f6nnte eine wichtige Rolle bei der Ver\u00e4nderung der Rechtslage gespielt haben, indem sie relevante rechtliche Argumente und Entscheidungen des EuGH pr\u00e4sentiert hat. Dadurch k\u00f6nnte das Landgericht D\u00fcsseldorf zu der Erkenntnis gelangt sein, dass ausreichende Erfolgsaussichten f\u00fcr die Klage gegen den Autohersteller Audi bestehen. Diese Zusammenfassung und die folgende Entscheidung k\u00f6nnten den Rechtsschutzversicherern klargemacht haben, dass sie ihre Position \u00fcberdenken m\u00fcssen.<\/p>\n<p>Im Jahr 2019 entschied das Landgericht Bonn \u00fcber die Schadensersatzklage eines Verbrauchers, der im Dezember 2015 einen gebrauchten Audi A6 mit dem Motor EA896 f\u00fcr 36.350 Euro erworben hatte. Der Verbraucher behauptete, dass der PKW mit unzul\u00e4ssigen Abschalteinrichtungen, darunter ein &#8222;Thermofenster&#8220;, ausgestattet war, und dass er dadurch vors\u00e4tzlich und sittenwidrig gesch\u00e4digt wurde. Das Gericht kam im Jahr 2021 zu dem Schluss, dass die Klage unbegr\u00fcndet war und wies sie daher ab.<\/p>\n<p>Die Rechtsschutzversicherung der ARAG lehnte im Mai 2021 die Deckungszusage f\u00fcr die Berufung ab und f\u00fchrte als Grund an, dass die Erfolgsaussichten nicht ausreichend seien. Die Versicherung sah keine hinreichenden Erfolgsaussichten f\u00fcr die Berufung und verweigerte daher die Kosten\u00fcbernahme. Der Verbraucher schlug vor, einen sogenannten Stichentscheid zu nutzen, um eine objektive Einsch\u00e4tzung der Erfolgsaussichten zu erhalten, aber die ARAG lehnte diese Option ab. Daraufhin entschied sich der Verbraucher, eine Deckungsklage gegen die Versicherung einzureichen, um die Kosten f\u00fcr die Berufung geltend zu machen.<\/p>\n<p>Das LG D\u00fcsseldorf hat eine abweichende Einsch\u00e4tzung der Sachlage vorgenommen. Zum einen hat das Gericht entschieden, dass der Rechtsschutzfall eingetreten ist und Versicherungsschutz besteht. Zum anderen hat es die Erfolgsaussichten f\u00fcr die Klage als positiv bewertet. Laut der Urteilsbegr\u00fcndung des Gerichts behauptet der Kl\u00e4ger, dass das Fahrzeug mit verschiedenen illegalen Abschalteinrichtungen ausgestattet ist, darunter ein Thermofenster und eine Lenkwinkelerkennung. Diese Abschalteinrichtungen bewirken, dass die Abgasreinigung im Pr\u00fcfbetrieb zu einem niedrigeren Stickstoffaussto\u00df f\u00fchrt. Das Gericht st\u00fctzt seine Entscheidung auf die k\u00fcrzlich ergangene Entscheidung des EuGH, der festgestellt hat, dass Thermofenster als illegale Abschalteinrichtungen anzusehen sind und den Verbrauchern daher Schadensersatzanspr\u00fcche zustehen.<\/p>\n<h2><span class=\"ez-toc-section\" id=\"rechtlicher-ausweg-moeglich-urteil-kann-angefochten-werden\"><\/span>Rechtlicher Ausweg m\u00f6glich: Urteil kann angefochten werden<span class=\"ez-toc-section-end\"><\/span><\/h2>\n<p>Ein kostenloser Online-Check wird Personen empfohlen, die Schwierigkeiten mit Deckungszusagen ihrer Rechtsschutzversicherung haben, und die Kanzlei Dr. Stoll &#038; Sauer steht ihnen zur Verf\u00fcgung. Die aktuellen Entwicklungen im Abgasskandal haben die Erfolgsaussichten der Verbraucher bei Schadensersatzforderungen erheblich verbessert. Infolgedessen sollten die Rechtsschutzversicherer die Kosten f\u00fcr Klagen im Zusammenhang mit Diesel-Fahrzeugen \u00fcbernehmen. Dr. Stoll &#038; Sauer ist eine renommierte Kanzlei, die sich auf den Abgasskandal spezialisiert hat und den Betroffenen umfangreiche Unterst\u00fctzung bietet.<\/p>\n<h2><span class=\"ez-toc-section\" id=\"erfreuliche-neuigkeiten-im-diesel-abgasskandal-verbesserungen-fuer-verbraucher\"><\/span>Erfreuliche Neuigkeiten im Diesel-Abgasskandal: Verbesserungen f\u00fcr Verbraucher<span class=\"ez-toc-section-end\"><\/span><\/h2>\n<p>Der Diesel-Abgasskandal und die zahlreichen noch anh\u00e4ngigen Verfahren verdeutlichen die Notwendigkeit einer umfassenden rechtlichen Aufarbeitung und Kl\u00e4rung der Verantwortlichkeiten. Die anhaltenden Schadensersatzklagen gegen Autohersteller zeigen, dass der Diesel-Abgasskandal nicht nur ein tempor\u00e4res Ereignis war, sondern weiterhin erhebliche Auswirkungen auf die betroffenen Verbraucher hat. Die aktuellen Entwicklungen und gesteigerten Erfolgsaussichten bieten Hoffnung auf eine gerechte L\u00f6sung f\u00fcr die Gesch\u00e4digten und tragen dazu bei, das Vertrauen in die Rechtsstaatlichkeit zu st\u00e4rken.<\/p>\n<p>Das Urteil des Europ\u00e4ischen Gerichtshofs vom 21. M\u00e4rz 2023 hat eine wegweisende Entscheidung im Zusammenhang mit dem Diesel-Abgasskandal getroffen. Indem der EuGH festgelegt hat, dass fahrl\u00e4ssiges Handeln f\u00fcr die Geltendmachung von Schadensersatzanspr\u00fcchen ausreichend ist, wird der Zugang zur Justiz f\u00fcr Verbraucher erheblich erleichtert. Bisher mussten Verbraucher den schwierigen Nachweis von Sittenwidrigkeit und Vorsatz erbringen, was oft mit erheblichem Aufwand verbunden war. Durch die neue Rechtsprechung des EuGH haben Verbraucher nun eine klarere Grundlage, um ihre Anspr\u00fcche geltend zu machen und gegen betroffene Unternehmen vorzugehen.<\/p>\n<p>Am 8. Mai 2023 hat der Bundesgerichtshof (BGH) versucht, seine Position in Bezug auf Diesel-Fahrzeuge und Abgasmanipulationen neu zu definieren. Nach ausgiebigen Verhandlungen neigt der Diesel-Senat des BGH zu einer verbraucherfreundlichen Rechtsprechung, die es den Verbrauchern erm\u00f6glicht, den durch Abgasmanipulationen verursachten Wertverlust erstattet zu bekommen und ihre Fahrzeuge weiterhin zu nutzen. W\u00e4hrend noch viele Fragen offen sind, ist die Richtung der Entscheidung klar: Es wird eine neue Art von Schadensersatz geben, die den Verbrauchern den Zugang zu ihrem Recht erleichtert. Dies k\u00f6nnte zu einer Klagewelle f\u00fchren, bei der die Versicherer f\u00fcr die Deckung der Klagen verantwortlich sind. Die endg\u00fcltige Entscheidung des BGH wird am 26. Juni 2023 verk\u00fcndet.<\/p>\n<p>Mit der Aufhebung des Software-Updates f\u00fcr den VW-Skandalmotor EA189 und der Erkl\u00e4rung als illegal durch das Verwaltungsgericht Schleswig wurde der Diesel-Abgasskandal erneut in den Fokus ger\u00fcckt. Das Thermofenster im Update war eine gezielte Manipulation der Abgasreinigung, die es den Fahrzeugen erm\u00f6glichte, die geltenden Emissionsgrenzwerte zu umgehen. Das Urteil des Gerichts signalisierte, dass solche Praktiken nicht toleriert werden und dass strengere Kontrollen und Sanktionen erforderlich sind, um zuk\u00fcnftige Skandale zu verhindern.<\/p>\n<p>Das Verwaltungsgericht Schleswig hat in seinem Urteil klargestellt, dass die Zulassungsbeh\u00f6rde verpflichtet ist sicherzustellen, dass die betroffenen Fahrzeuge wieder den gesetzlichen Vorgaben entsprechen. Dazu z\u00e4hlt die M\u00f6glichkeit der Stilllegung oder des Entzugs der Typgenehmigung. Um ihre Rechte zu sch\u00fctzen, empfiehlt es sich f\u00fcr Verbraucher, schnell zu handeln und Klage gegen den Fahrzeughersteller ihres Diesel-Fahrzeugs einzureichen. Diese Ma\u00dfnahmen sind besonders relevant, da Thermofenster in nahezu allen betroffenen Modellen verbaut sind.<\/p>\n<p>Die von der Deutschen Umwelthilfe (DUH) ver\u00f6ffentlichten Bosch-Papiere legen offen, dass alle Hersteller beim Automobilzulieferer Abschalteinrichtungen bestellt haben, um die gesetzlichen Abgasnormen zu umgehen. Diese Offenbarung wirft ein Schlaglicht auf die Notwendigkeit einer strengeren \u00dcberwachung und Regulierung der Automobilindustrie, um derartiges Fehlverhalten zu verhindern.<\/p>\n<p>Verbraucher, die vom Diesel-Abgasskandal betroffen sind, stehen vor erheblichen finanziellen Einbu\u00dfen. Sie riskieren Fahrverbote, Stilllegungen ihrer Fahrzeuge und Wertverluste. Um ihre Situation zu verbessern, empfiehlt es sich, individuelle Klagen einzureichen, da die Erfolgsaussichten laut aktueller Rechtsprechung \u00e4u\u00dferst vielversprechend sind. Ein kostenfreier Online-Check erm\u00f6glicht es den Betroffenen, den besten Weg aus dem Dieselskandal zu finden, indem ihre konkreten F\u00e4lle gepr\u00fcft werden, um eine Ersteinsch\u00e4tzung zu erhalten. Gemeinsame Schritte gegen den Autohersteller werden erst unternommen, nachdem die individuellen Umst\u00e4nde bewertet wurden. Sollte die Rechtsschutzversicherung die Deckung verweigern, wird die Kanzlei Deckungsklagen einreichen, um den Verbrauchern zu helfen.<\/p>\n","protected":false},"excerpt":{"rendered":"<p>Der Europ\u00e4ische Gerichtshof (EuGH) hat eine bedeutende Entscheidung im Diesel-Abgasskandal getroffen, die auch Auswirkungen auf die Haftung von Rechtsschutzversicherern hat. Das Landgericht D\u00fcsseldorf hat in einem Urteil vom 5. Mai 2023 festgestellt, dass die ARAG-Versicherung die Kosten f\u00fcr die zweite Instanz einer Diesel-Klage gegen Audi tragen muss. Dieses Urteil steht im Einklang mit der neuen<\/p>\n<div class=\"read-more\"><a href=\"https:\/\/www.doppelklicker.de\/blog\/arag-rechtsschutz-diesel-klage-gegen-audi\/\" title=\"Jetzt alles lesen\">Jetzt alles lesen<\/a><\/div>\n","protected":false},"author":8,"featured_media":5805,"comment_status":"open","ping_status":"open","sticky":false,"template":"","format":"standard","meta":[],"categories":[3305],"tags":[],"yoast_head":"<!-- This site is optimized with the Yoast SEO plugin v18.2 - https:\/\/yoast.com\/wordpress\/plugins\/seo\/ -->\n<meta name=\"robots\" content=\"index, follow, max-snippet:-1, max-image-preview:large, max-video-preview:-1\" \/>\n<link rel=\"canonical\" href=\"https:\/\/www.doppelklicker.de\/blog\/arag-rechtsschutz-diesel-klage-gegen-audi\/\" \/>\n<meta property=\"og:locale\" content=\"de_DE\" \/>\n<meta property=\"og:type\" content=\"article\" \/>\n<meta property=\"og:title\" content=\"ARAG-Rechtsschutzversicherung in der Verantwortung: Diesel-Klage gegen Audi abgedeckt\" \/>\n<meta property=\"og:description\" content=\"Der Europ\u00e4ische Gerichtshof (EuGH) hat eine bedeutende Entscheidung im Diesel-Abgasskandal getroffen, die auch Auswirkungen auf die Haftung von Rechtsschutzversicherern hat. Das Landgericht D\u00fcsseldorf hat in einem Urteil vom 5. Mai 2023 festgestellt, dass die ARAG-Versicherung die Kosten f\u00fcr die zweite Instanz einer Diesel-Klage gegen Audi tragen muss. Dieses Urteil steht im Einklang mit der neuenJetzt alles lesen\" \/>\n<meta property=\"og:url\" content=\"https:\/\/www.doppelklicker.de\/blog\/arag-rechtsschutz-diesel-klage-gegen-audi\/\" \/>\n<meta property=\"og:site_name\" content=\"Aus Mainz.\" \/>\n<meta property=\"article:published_time\" content=\"2023-06-06T06:00:00+00:00\" \/>\n<meta property=\"og:image\" content=\"https:\/\/www.doppelklicker.de\/blog\/wp-content\/uploads\/2023\/06\/arag-rechtsschutzversicherung-muss-klage-gegen-audi-im-dieselskandal-6928.jpg\" \/>\n\t<meta property=\"og:image:width\" content=\"700\" \/>\n\t<meta property=\"og:image:height\" content=\"335\" \/>\n\t<meta property=\"og:image:type\" content=\"image\/jpeg\" \/>\n<meta name=\"twitter:card\" content=\"summary_large_image\" \/>\n<meta name=\"twitter:label1\" content=\"Verfasst von\" \/>\n\t<meta name=\"twitter:data1\" content=\"Iris Martin\" \/>\n\t<meta name=\"twitter:label2\" content=\"Gesch\u00e4tzte Lesezeit\" \/>\n\t<meta name=\"twitter:data2\" content=\"6 Minuten\" \/>\n<script type=\"application\/ld+json\" class=\"yoast-schema-graph\">{\"@context\":\"https:\/\/schema.org\",\"@graph\":[{\"@type\":\"WebSite\",\"@id\":\"https:\/\/www.doppelklicker.de\/blog\/#website\",\"url\":\"https:\/\/www.doppelklicker.de\/blog\/\",\"name\":\"Aus Mainz.\",\"description\":\"F\u00fcr die Welt.\",\"potentialAction\":[{\"@type\":\"SearchAction\",\"target\":{\"@type\":\"EntryPoint\",\"urlTemplate\":\"https:\/\/www.doppelklicker.de\/blog\/?s={search_term_string}\"},\"query-input\":\"required name=search_term_string\"}],\"inLanguage\":\"de-DE\"},{\"@type\":\"ImageObject\",\"@id\":\"https:\/\/www.doppelklicker.de\/blog\/arag-rechtsschutz-diesel-klage-gegen-audi\/#primaryimage\",\"inLanguage\":\"de-DE\",\"url\":\"https:\/\/www.doppelklicker.de\/blog\/wp-content\/uploads\/2023\/06\/arag-rechtsschutzversicherung-muss-klage-gegen-audi-im-dieselskandal-6928.jpg\",\"contentUrl\":\"https:\/\/www.doppelklicker.de\/blog\/wp-content\/uploads\/2023\/06\/arag-rechtsschutzversicherung-muss-klage-gegen-audi-im-dieselskandal-6928.jpg\",\"width\":700,\"height\":335,\"caption\":\"ARAG-Rechtsschutzversicherung in der Verantwortung: Diesel-Klage gegen Audi abgedeckt (Foto: AdobeStock - nmann77 364425998)\"},{\"@type\":\"WebPage\",\"@id\":\"https:\/\/www.doppelklicker.de\/blog\/arag-rechtsschutz-diesel-klage-gegen-audi\/#webpage\",\"url\":\"https:\/\/www.doppelklicker.de\/blog\/arag-rechtsschutz-diesel-klage-gegen-audi\/\",\"name\":\"ARAG-Rechtsschutzversicherung in der Verantwortung: Diesel-Klage gegen Audi abgedeckt\",\"isPartOf\":{\"@id\":\"https:\/\/www.doppelklicker.de\/blog\/#website\"},\"primaryImageOfPage\":{\"@id\":\"https:\/\/www.doppelklicker.de\/blog\/arag-rechtsschutz-diesel-klage-gegen-audi\/#primaryimage\"},\"datePublished\":\"2023-06-06T06:00:00+00:00\",\"dateModified\":\"2023-06-06T06:00:00+00:00\",\"author\":{\"@id\":\"https:\/\/www.doppelklicker.de\/blog\/#\/schema\/person\/08dcac172bdb025e8ff433488184668a\"},\"breadcrumb\":{\"@id\":\"https:\/\/www.doppelklicker.de\/blog\/arag-rechtsschutz-diesel-klage-gegen-audi\/#breadcrumb\"},\"inLanguage\":\"de-DE\",\"potentialAction\":[{\"@type\":\"ReadAction\",\"target\":[\"https:\/\/www.doppelklicker.de\/blog\/arag-rechtsschutz-diesel-klage-gegen-audi\/\"]}]},{\"@type\":\"BreadcrumbList\",\"@id\":\"https:\/\/www.doppelklicker.de\/blog\/arag-rechtsschutz-diesel-klage-gegen-audi\/#breadcrumb\",\"itemListElement\":[{\"@type\":\"ListItem\",\"position\":1,\"name\":\"Startseite\",\"item\":\"https:\/\/www.doppelklicker.de\/blog\/\"},{\"@type\":\"ListItem\",\"position\":2,\"name\":\"ARAG-Rechtsschutzversicherung in der Verantwortung: Diesel-Klage gegen Audi abgedeckt\"}]},{\"@type\":\"Person\",\"@id\":\"https:\/\/www.doppelklicker.de\/blog\/#\/schema\/person\/08dcac172bdb025e8ff433488184668a\",\"name\":\"Iris Martin\",\"image\":{\"@type\":\"ImageObject\",\"@id\":\"https:\/\/www.doppelklicker.de\/blog\/#personlogo\",\"inLanguage\":\"de-DE\",\"url\":\"https:\/\/secure.gravatar.com\/avatar\/82fdaa093be0b9686b531f99fcb54d15?s=96&d=wp_user_avatar&r=g\",\"contentUrl\":\"https:\/\/secure.gravatar.com\/avatar\/82fdaa093be0b9686b531f99fcb54d15?s=96&d=wp_user_avatar&r=g\",\"caption\":\"Iris Martin\"},\"url\":\"https:\/\/www.doppelklicker.de\/blog\/author\/iris-martin\/\"}]}<\/script>\n<!-- \/ Yoast SEO plugin. -->","yoast_head_json":{"robots":{"index":"index","follow":"follow","max-snippet":"max-snippet:-1","max-image-preview":"max-image-preview:large","max-video-preview":"max-video-preview:-1"},"canonical":"https:\/\/www.doppelklicker.de\/blog\/arag-rechtsschutz-diesel-klage-gegen-audi\/","og_locale":"de_DE","og_type":"article","og_title":"ARAG-Rechtsschutzversicherung in der Verantwortung: Diesel-Klage gegen Audi abgedeckt","og_description":"Der Europ\u00e4ische Gerichtshof (EuGH) hat eine bedeutende Entscheidung im Diesel-Abgasskandal getroffen, die auch Auswirkungen auf die Haftung von Rechtsschutzversicherern hat. Das Landgericht D\u00fcsseldorf hat in einem Urteil vom 5. Mai 2023 festgestellt, dass die ARAG-Versicherung die Kosten f\u00fcr die zweite Instanz einer Diesel-Klage gegen Audi tragen muss. Dieses Urteil steht im Einklang mit der neuenJetzt alles lesen","og_url":"https:\/\/www.doppelklicker.de\/blog\/arag-rechtsschutz-diesel-klage-gegen-audi\/","og_site_name":"Aus Mainz.","article_published_time":"2023-06-06T06:00:00+00:00","og_image":[{"width":700,"height":335,"url":"https:\/\/www.doppelklicker.de\/blog\/wp-content\/uploads\/2023\/06\/arag-rechtsschutzversicherung-muss-klage-gegen-audi-im-dieselskandal-6928.jpg","type":"image\/jpeg"}],"twitter_card":"summary_large_image","twitter_misc":{"Verfasst von":"Iris Martin","Gesch\u00e4tzte Lesezeit":"6 Minuten"},"schema":{"@context":"https:\/\/schema.org","@graph":[{"@type":"WebSite","@id":"https:\/\/www.doppelklicker.de\/blog\/#website","url":"https:\/\/www.doppelklicker.de\/blog\/","name":"Aus Mainz.","description":"F\u00fcr die Welt.","potentialAction":[{"@type":"SearchAction","target":{"@type":"EntryPoint","urlTemplate":"https:\/\/www.doppelklicker.de\/blog\/?s={search_term_string}"},"query-input":"required name=search_term_string"}],"inLanguage":"de-DE"},{"@type":"ImageObject","@id":"https:\/\/www.doppelklicker.de\/blog\/arag-rechtsschutz-diesel-klage-gegen-audi\/#primaryimage","inLanguage":"de-DE","url":"https:\/\/www.doppelklicker.de\/blog\/wp-content\/uploads\/2023\/06\/arag-rechtsschutzversicherung-muss-klage-gegen-audi-im-dieselskandal-6928.jpg","contentUrl":"https:\/\/www.doppelklicker.de\/blog\/wp-content\/uploads\/2023\/06\/arag-rechtsschutzversicherung-muss-klage-gegen-audi-im-dieselskandal-6928.jpg","width":700,"height":335,"caption":"ARAG-Rechtsschutzversicherung in der Verantwortung: Diesel-Klage gegen Audi abgedeckt (Foto: AdobeStock - nmann77 364425998)"},{"@type":"WebPage","@id":"https:\/\/www.doppelklicker.de\/blog\/arag-rechtsschutz-diesel-klage-gegen-audi\/#webpage","url":"https:\/\/www.doppelklicker.de\/blog\/arag-rechtsschutz-diesel-klage-gegen-audi\/","name":"ARAG-Rechtsschutzversicherung in der Verantwortung: Diesel-Klage gegen Audi abgedeckt","isPartOf":{"@id":"https:\/\/www.doppelklicker.de\/blog\/#website"},"primaryImageOfPage":{"@id":"https:\/\/www.doppelklicker.de\/blog\/arag-rechtsschutz-diesel-klage-gegen-audi\/#primaryimage"},"datePublished":"2023-06-06T06:00:00+00:00","dateModified":"2023-06-06T06:00:00+00:00","author":{"@id":"https:\/\/www.doppelklicker.de\/blog\/#\/schema\/person\/08dcac172bdb025e8ff433488184668a"},"breadcrumb":{"@id":"https:\/\/www.doppelklicker.de\/blog\/arag-rechtsschutz-diesel-klage-gegen-audi\/#breadcrumb"},"inLanguage":"de-DE","potentialAction":[{"@type":"ReadAction","target":["https:\/\/www.doppelklicker.de\/blog\/arag-rechtsschutz-diesel-klage-gegen-audi\/"]}]},{"@type":"BreadcrumbList","@id":"https:\/\/www.doppelklicker.de\/blog\/arag-rechtsschutz-diesel-klage-gegen-audi\/#breadcrumb","itemListElement":[{"@type":"ListItem","position":1,"name":"Startseite","item":"https:\/\/www.doppelklicker.de\/blog\/"},{"@type":"ListItem","position":2,"name":"ARAG-Rechtsschutzversicherung in der Verantwortung: Diesel-Klage gegen Audi abgedeckt"}]},{"@type":"Person","@id":"https:\/\/www.doppelklicker.de\/blog\/#\/schema\/person\/08dcac172bdb025e8ff433488184668a","name":"Iris Martin","image":{"@type":"ImageObject","@id":"https:\/\/www.doppelklicker.de\/blog\/#personlogo","inLanguage":"de-DE","url":"https:\/\/secure.gravatar.com\/avatar\/82fdaa093be0b9686b531f99fcb54d15?s=96&d=wp_user_avatar&r=g","contentUrl":"https:\/\/secure.gravatar.com\/avatar\/82fdaa093be0b9686b531f99fcb54d15?s=96&d=wp_user_avatar&r=g","caption":"Iris Martin"},"url":"https:\/\/www.doppelklicker.de\/blog\/author\/iris-martin\/"}]}},"_links":{"self":[{"href":"https:\/\/www.doppelklicker.de\/blog\/wp-json\/wp\/v2\/posts\/5804"}],"collection":[{"href":"https:\/\/www.doppelklicker.de\/blog\/wp-json\/wp\/v2\/posts"}],"about":[{"href":"https:\/\/www.doppelklicker.de\/blog\/wp-json\/wp\/v2\/types\/post"}],"author":[{"embeddable":true,"href":"https:\/\/www.doppelklicker.de\/blog\/wp-json\/wp\/v2\/users\/8"}],"replies":[{"embeddable":true,"href":"https:\/\/www.doppelklicker.de\/blog\/wp-json\/wp\/v2\/comments?post=5804"}],"version-history":[{"count":0,"href":"https:\/\/www.doppelklicker.de\/blog\/wp-json\/wp\/v2\/posts\/5804\/revisions"}],"wp:featuredmedia":[{"embeddable":true,"href":"https:\/\/www.doppelklicker.de\/blog\/wp-json\/wp\/v2\/media\/5805"}],"wp:attachment":[{"href":"https:\/\/www.doppelklicker.de\/blog\/wp-json\/wp\/v2\/media?parent=5804"}],"wp:term":[{"taxonomy":"category","embeddable":true,"href":"https:\/\/www.doppelklicker.de\/blog\/wp-json\/wp\/v2\/categories?post=5804"},{"taxonomy":"post_tag","embeddable":true,"href":"https:\/\/www.doppelklicker.de\/blog\/wp-json\/wp\/v2\/tags?post=5804"}],"curies":[{"name":"wp","href":"https:\/\/api.w.org\/{rel}","templated":true}]}}