{"id":5817,"date":"2023-06-14T08:00:00","date_gmt":"2023-06-14T06:00:00","guid":{"rendered":"guid"},"modified":"2023-06-14T08:00:00","modified_gmt":"2023-06-14T06:00:00","slug":"zentrale-kommission-fuer-die-biologische-sicherheit","status":"publish","type":"post","link":"https:\/\/www.doppelklicker.de\/blog\/zentrale-kommission-fuer-die-biologische-sicherheit\/","title":{"rendered":"Neue Experten in der Zentralen Kommission f\u00fcr biologische Sicherheit: Minister \u00d6zdemir handelt mit 19 Berufenen"},"content":{"rendered":"<p>Der Bundesminister f\u00fcr Ern\u00e4hrung und Landwirtschaft, Cem \u00d6zdemir, hat durch die Berufung von 19 sachverst\u00e4ndigen und sachkundigen Personen in die Zentrale Kommission f\u00fcr die biologische Sicherheit (ZKBS) einen bedeutenden Schritt unternommen. Diese Berufungen sind besonders bemerkenswert, da sie erstmalig seit der Erweiterung der ZKBS im Jahr 2008 eine umfassende Vertretung aller gesellschaftlichen Gruppen gew\u00e4hrleisten. In der neuen Zusammensetzung der ZKBS sind auch zwei Fachleute f\u00fcr den Bereich Naturschutz vertreten, was auf das wachsende Bewusstsein f\u00fcr den Schutz der Natur hinweist. Die Berufungen wurden von der Bundesregierung in enger Abstimmung mit den L\u00e4ndern vorgenommen, um sicherzustellen, dass alle relevanten Interessen angemessen ber\u00fccksichtigt werden. Die bevorstehende Sitzung der ZKBS am 4. Juli wird somit eine wichtige Plattform bieten, um \u00fcber Fragen der biologischen Sicherheit zu diskutieren und gemeinsam L\u00f6sungen zu erarbeiten.<br \/>\n<!--more--><\/p>\n<h2>Neue Zusammensetzung der ZKBS ab Juli: Entscheidende Sitzung steht bevor<\/h2>\n<p>Seit \u00fcber drei Jahrzehnten ist die Zentralstelle f\u00fcr die Kontrolle von Biologischen Sicherheit (ZKBS) verantwortlich f\u00fcr die Pr\u00fcfung der m\u00f6glichen Risiken im Zusammenhang mit gentechnisch ver\u00e4nderten Organismen gem\u00e4\u00df den Vorschriften des Gentechnikgesetzes. Die ZKBS dient als Beratungsgremium f\u00fcr die Bundesregierung und die L\u00e4nder in sicherheitsrelevanten Angelegenheiten der Gentechnik, einschlie\u00dflich laufender Verwaltungsverfahren. Prof. Dr. Dr. med. vet. Thomas W. Vahlenkamp, Direktor des Instituts f\u00fcr Virologie an der Universit\u00e4t Leipzig, bleibt weiterhin Vorsitzender des ehrenamtlichen Gremiums. Die Mitglieder des Gremiums werden f\u00fcr einen Zeitraum von drei Jahren berufen und k\u00f6nnen wiedergew\u00e4hlt werden.<\/p>\n<p>Gem\u00e4\u00df dem Gentechnikgesetz und der Verordnung \u00fcber die Zentrale Kommission f\u00fcr die Biologische Sicherheit setzt sich die vorliegende Zusammensetzung aus genetisch modifizierten Organismen zusammen. Diese genetischen Modifikationen k\u00f6nnen auf verschiedene Arten durchgef\u00fchrt werden, beispielsweise durch das Einf\u00fcgen oder Entfernen von Genen. Die gesetzlichen Vorgaben zielen darauf ab, m\u00f6gliche Risiken zu minimieren und sicherzustellen, dass die Entwicklung und Anwendung genetisch modifizierter Organismen kontrolliert und \u00fcberwacht wird, um potenzielle Auswirkungen auf die Umwelt und die menschliche Gesundheit zu bewerten.<\/p>\n<ul>\n<li>Sachverst\u00e4ndige mit Fachkenntnissen in Mikrobiologie, Zellbiologie, Virologie, Genetik, Pflanzenzucht, Hygiene, \u00d6kologie, Toxikologie und Sicherheitstechnik bilden ein Team von zw\u00f6lf Experten.<\/li>\n<li>Die achtk\u00f6pfige Expertengruppe setzt sich aus Vertretern verschiedener Bereiche wie Gewerkschaften, Arbeitsschutz, Wirtschaft, Landwirtschaft, Umweltschutz, Naturschutz, Verbraucherschutz und Forschungsf\u00f6rderung zusammen. Jeder Teilnehmer vertritt eine bestimmte Fachrichtung und verf\u00fcgt \u00fcber umfangreiches Wissen und Erfahrung in seinem Bereich. Die Vielfalt der Fachgebiete gew\u00e4hrleistet eine ganzheitliche Betrachtung und fundierte Entscheidungsfindung in allen relevanten Themen.<\/li>\n<li>In dieser Organisation ist es eine feste Regelung, dass f\u00fcr jedes Mitglied eine Stellvertretung vorhanden ist. Diese Stellvertretung \u00fcbernimmt im Bedarfsfall die Aufgaben und Verantwortlichkeiten des Mitglieds, um einen reibungslosen Arbeitsablauf sicherzustellen. Dadurch wird sichergestellt, dass die Organisation auch bei Abwesenheiten oder unvorhergesehenen Ereignissen handlungsf\u00e4hig bleibt. Die Einrichtung von Stellvertretungen zeigt den Fokus auf eine effektive Arbeitsstruktur und eine nachhaltige Organisation.<\/li>\n<li>Um den Anforderungen gerecht zu werden, k\u00f6nnen bei Bedarf bis zu zwei Sachverst\u00e4ndige als zus\u00e4tzliche stellvertretende Mitglieder in das Gremium aufgenommen werden. Durch ihre Expertise erweitern sie den Erfahrungsschatz des Gremiums und erm\u00f6glichen eine umfassendere Betrachtung von Sachverhalten.<\/li>\n<\/ul>\n<p>Das Gentechnikgesetz legt Wert auf eine sorgf\u00e4ltige Auswahl von Sachverst\u00e4ndigen und sachkundigen Personen. Sachverst\u00e4ndige m\u00fcssen \u00fcber besondere Erfahrungen in ihren Fachgebieten verf\u00fcgen, vorzugsweise mit internationalem Bezug. Der Wissenschaftsrat schl\u00e4gt geeignete Sachverst\u00e4ndige vor, um sicherzustellen, dass ihr Fachwissen den hohen Anforderungen entspricht. Bei der Berufung der sachkundigen Personen werden Vorschl\u00e4ge aus den gesellschaftlichen Bereichen eingeholt, um eine angemessene Vertretung der verschiedenen gesellschaftlichen Interessen zu gew\u00e4hrleisten. Durch diese differenzierte Herangehensweise tr\u00e4gt das Gesetz zur Einbindung von Expertise und gesellschaftlichen Perspektiven bei Entscheidungen im Bereich Gentechnik bei.<\/p>\n<h2>Biologische Sicherheit im Fokus: Die Rolle der Zentralen Kommission<\/h2>\n<p>Die Aufgaben der Zentralstelle f\u00fcr die Biologische Sicherheit (ZKBS) sind im Gentechnikgesetz festgelegt. Zu den Hauptaufgaben der ZKBS geh\u00f6rt die Regelung der Risikobewertung von Mikroorganismen, die bei gentechnischen Arbeiten als Spender- oder Empf\u00e4ngerorganismen eingesetzt werden. Bei dieser Bewertung werden m\u00f6gliche Risiken f\u00fcr die Umwelt und die Gesundheit des Menschen analysiert und bewertet. Ein weiterer Schwerpunkt liegt auf der Sicherheitseinstufung von gentechnischen Arbeiten, bei der die Sicherheit und m\u00f6gliche Risiken im Zusammenhang mit diesen Arbeiten beurteilt werden. Zudem hat die ZKBS die Aufgabe, sicherheitstechnische Ma\u00dfnahmen und gentechnische Anlagen hinsichtlich ihrer Risiken zu bewerten und Empfehlungen f\u00fcr die Minimierung von Gefahren auszusprechen.<\/p>\n<p>Bei Genehmigungsverfahren f\u00fcr Freilandversuche mit gentechnisch ver\u00e4nderten Organismen (GVO) oder das Inverkehrbringen von GVO, die nicht als Lebens- oder Futtermittel dienen, spielt die Zentrale Kommission f\u00fcr die Biologische Sicherheit (ZKBS) eine bedeutende Rolle. Sie f\u00fchrt umfassende Risikobewertungen durch und gibt darauf basierend konkrete Empfehlungen f\u00fcr die Einhaltung von Sicherheitsma\u00dfnahmen. Diese Ma\u00dfnahmen umfassen technische, organisatorische und pers\u00f6nliche Schutzvorkehrungen, die darauf abzielen, die potenziellen Auswirkungen von gentechnisch ver\u00e4nderten Organismen auf die Gesundheit von Menschen, Tieren, Pflanzen und die Umwelt zu minimieren. Zus\u00e4tzlich dazu hat die ZKBS den Auftrag des Bundesministeriums f\u00fcr Ern\u00e4hrung und Landwirtschaft (BMEL), die Entwicklungen im Bereich der Synthetischen Biologie fortlaufend zu \u00fcberwachen.<\/p>\n<p>Die Zentralstelle f\u00fcr die Sicherheit in der Biotechnologie (ZKBS) agiert als unabh\u00e4ngige Instanz im Auftrag der L\u00e4nder und der Bundesregierung, um sicherheitsrelevante Fragen in Bezug auf Gentechnik zu untersuchen und zu beurteilen. Ihr Hauptaugenmerk liegt auf der Gew\u00e4hrleistung der Sicherheit von Mensch und Umwelt im Zusammenhang mit gentechnischen Arbeiten. Die ZKBS ver\u00f6ffentlicht regelm\u00e4\u00dfig allgemeine Stellungnahmen zu h\u00e4ufig durchgef\u00fchrten gentechnischen Arbeiten im Bundesanzeiger, um die \u00d6ffentlichkeit \u00fcber die Ergebnisse ihrer Bewertungen zu informieren. Dar\u00fcber hinaus legt die ZKBS j\u00e4hrliche T\u00e4tigkeitsberichte vor, um der breiten \u00d6ffentlichkeit einen umfassenden Einblick in ihre Aktivit\u00e4ten und Forschungsergebnisse zu erm\u00f6glichen. Durch diesen Informationsaustausch wird ein hohes Ma\u00df an Transparenz und Vertrauen in den Umgang mit Gentechnik gew\u00e4hrleistet.<\/p>\n","protected":false},"excerpt":{"rendered":"<p>Der Bundesminister f\u00fcr Ern\u00e4hrung und Landwirtschaft, Cem \u00d6zdemir, hat durch die Berufung von 19 sachverst\u00e4ndigen und sachkundigen Personen in die Zentrale Kommission f\u00fcr die biologische Sicherheit (ZKBS) einen bedeutenden Schritt unternommen. Diese Berufungen sind besonders bemerkenswert, da sie erstmalig seit der Erweiterung der ZKBS im Jahr 2008 eine umfassende Vertretung aller gesellschaftlichen Gruppen gew\u00e4hrleisten. In<\/p>\n<div class=\"read-more\"><a href=\"https:\/\/www.doppelklicker.de\/blog\/zentrale-kommission-fuer-die-biologische-sicherheit\/\" title=\"Jetzt alles lesen\">Jetzt alles lesen<\/a><\/div>\n","protected":false},"author":8,"featured_media":5818,"comment_status":"open","ping_status":"open","sticky":false,"template":"","format":"standard","meta":[],"categories":[3305],"tags":[],"yoast_head":"<!-- This site is optimized with the Yoast SEO plugin v18.2 - https:\/\/yoast.com\/wordpress\/plugins\/seo\/ -->\n<meta name=\"robots\" content=\"index, follow, max-snippet:-1, max-image-preview:large, max-video-preview:-1\" \/>\n<link rel=\"canonical\" href=\"https:\/\/www.doppelklicker.de\/blog\/zentrale-kommission-fuer-die-biologische-sicherheit\/\" \/>\n<meta property=\"og:locale\" content=\"de_DE\" \/>\n<meta property=\"og:type\" content=\"article\" \/>\n<meta property=\"og:title\" content=\"Neue Experten in der Zentralen Kommission f\u00fcr biologische Sicherheit: Minister \u00d6zdemir handelt mit 19 Berufenen\" \/>\n<meta property=\"og:description\" content=\"Der Bundesminister f\u00fcr Ern\u00e4hrung und Landwirtschaft, Cem \u00d6zdemir, hat durch die Berufung von 19 sachverst\u00e4ndigen und sachkundigen Personen in die Zentrale Kommission f\u00fcr die biologische Sicherheit (ZKBS) einen bedeutenden Schritt unternommen. Diese Berufungen sind besonders bemerkenswert, da sie erstmalig seit der Erweiterung der ZKBS im Jahr 2008 eine umfassende Vertretung aller gesellschaftlichen Gruppen gew\u00e4hrleisten. InJetzt alles lesen\" \/>\n<meta property=\"og:url\" content=\"https:\/\/www.doppelklicker.de\/blog\/zentrale-kommission-fuer-die-biologische-sicherheit\/\" \/>\n<meta property=\"og:site_name\" content=\"Aus Mainz.\" \/>\n<meta property=\"article:published_time\" content=\"2023-06-14T06:00:00+00:00\" \/>\n<meta property=\"og:image\" content=\"https:\/\/www.doppelklicker.de\/blog\/wp-content\/uploads\/2023\/06\/minister-oezdemir-beruft-19-experten-zentrale-kommission-biologische-7105.jpg\" \/>\n\t<meta property=\"og:image:width\" content=\"700\" \/>\n\t<meta property=\"og:image:height\" content=\"335\" \/>\n\t<meta property=\"og:image:type\" content=\"image\/jpeg\" \/>\n<meta name=\"twitter:card\" content=\"summary_large_image\" \/>\n<meta name=\"twitter:label1\" content=\"Verfasst von\" \/>\n\t<meta name=\"twitter:data1\" content=\"Iris Martin\" \/>\n\t<meta name=\"twitter:label2\" content=\"Gesch\u00e4tzte Lesezeit\" \/>\n\t<meta name=\"twitter:data2\" content=\"5 Minuten\" \/>\n<script type=\"application\/ld+json\" class=\"yoast-schema-graph\">{\"@context\":\"https:\/\/schema.org\",\"@graph\":[{\"@type\":\"WebSite\",\"@id\":\"https:\/\/www.doppelklicker.de\/blog\/#website\",\"url\":\"https:\/\/www.doppelklicker.de\/blog\/\",\"name\":\"Aus Mainz.\",\"description\":\"F\u00fcr die Welt.\",\"potentialAction\":[{\"@type\":\"SearchAction\",\"target\":{\"@type\":\"EntryPoint\",\"urlTemplate\":\"https:\/\/www.doppelklicker.de\/blog\/?s={search_term_string}\"},\"query-input\":\"required name=search_term_string\"}],\"inLanguage\":\"de-DE\"},{\"@type\":\"ImageObject\",\"@id\":\"https:\/\/www.doppelklicker.de\/blog\/zentrale-kommission-fuer-die-biologische-sicherheit\/#primaryimage\",\"inLanguage\":\"de-DE\",\"url\":\"https:\/\/www.doppelklicker.de\/blog\/wp-content\/uploads\/2023\/06\/minister-oezdemir-beruft-19-experten-zentrale-kommission-biologische-7105.jpg\",\"contentUrl\":\"https:\/\/www.doppelklicker.de\/blog\/wp-content\/uploads\/2023\/06\/minister-oezdemir-beruft-19-experten-zentrale-kommission-biologische-7105.jpg\",\"width\":700,\"height\":335,\"caption\":\"Neue Experten in der Zentralen Kommission f\u00fcr biologische Sicherheit: Minister \u00d6zdemir handelt mit 19 Berufenen (Foto: AdobeStock - 514775229 blackday)\"},{\"@type\":\"WebPage\",\"@id\":\"https:\/\/www.doppelklicker.de\/blog\/zentrale-kommission-fuer-die-biologische-sicherheit\/#webpage\",\"url\":\"https:\/\/www.doppelklicker.de\/blog\/zentrale-kommission-fuer-die-biologische-sicherheit\/\",\"name\":\"Neue Experten in der Zentralen Kommission f\u00fcr biologische Sicherheit: Minister \u00d6zdemir handelt mit 19 Berufenen\",\"isPartOf\":{\"@id\":\"https:\/\/www.doppelklicker.de\/blog\/#website\"},\"primaryImageOfPage\":{\"@id\":\"https:\/\/www.doppelklicker.de\/blog\/zentrale-kommission-fuer-die-biologische-sicherheit\/#primaryimage\"},\"datePublished\":\"2023-06-14T06:00:00+00:00\",\"dateModified\":\"2023-06-14T06:00:00+00:00\",\"author\":{\"@id\":\"https:\/\/www.doppelklicker.de\/blog\/#\/schema\/person\/08dcac172bdb025e8ff433488184668a\"},\"breadcrumb\":{\"@id\":\"https:\/\/www.doppelklicker.de\/blog\/zentrale-kommission-fuer-die-biologische-sicherheit\/#breadcrumb\"},\"inLanguage\":\"de-DE\",\"potentialAction\":[{\"@type\":\"ReadAction\",\"target\":[\"https:\/\/www.doppelklicker.de\/blog\/zentrale-kommission-fuer-die-biologische-sicherheit\/\"]}]},{\"@type\":\"BreadcrumbList\",\"@id\":\"https:\/\/www.doppelklicker.de\/blog\/zentrale-kommission-fuer-die-biologische-sicherheit\/#breadcrumb\",\"itemListElement\":[{\"@type\":\"ListItem\",\"position\":1,\"name\":\"Startseite\",\"item\":\"https:\/\/www.doppelklicker.de\/blog\/\"},{\"@type\":\"ListItem\",\"position\":2,\"name\":\"Neue Experten in der Zentralen Kommission f\u00fcr biologische Sicherheit: Minister \u00d6zdemir handelt mit 19 Berufenen\"}]},{\"@type\":\"Person\",\"@id\":\"https:\/\/www.doppelklicker.de\/blog\/#\/schema\/person\/08dcac172bdb025e8ff433488184668a\",\"name\":\"Iris Martin\",\"image\":{\"@type\":\"ImageObject\",\"@id\":\"https:\/\/www.doppelklicker.de\/blog\/#personlogo\",\"inLanguage\":\"de-DE\",\"url\":\"https:\/\/secure.gravatar.com\/avatar\/82fdaa093be0b9686b531f99fcb54d15?s=96&d=wp_user_avatar&r=g\",\"contentUrl\":\"https:\/\/secure.gravatar.com\/avatar\/82fdaa093be0b9686b531f99fcb54d15?s=96&d=wp_user_avatar&r=g\",\"caption\":\"Iris Martin\"},\"url\":\"https:\/\/www.doppelklicker.de\/blog\/author\/iris-martin\/\"}]}<\/script>\n<!-- \/ Yoast SEO plugin. -->","yoast_head_json":{"robots":{"index":"index","follow":"follow","max-snippet":"max-snippet:-1","max-image-preview":"max-image-preview:large","max-video-preview":"max-video-preview:-1"},"canonical":"https:\/\/www.doppelklicker.de\/blog\/zentrale-kommission-fuer-die-biologische-sicherheit\/","og_locale":"de_DE","og_type":"article","og_title":"Neue Experten in der Zentralen Kommission f\u00fcr biologische Sicherheit: Minister \u00d6zdemir handelt mit 19 Berufenen","og_description":"Der Bundesminister f\u00fcr Ern\u00e4hrung und Landwirtschaft, Cem \u00d6zdemir, hat durch die Berufung von 19 sachverst\u00e4ndigen und sachkundigen Personen in die Zentrale Kommission f\u00fcr die biologische Sicherheit (ZKBS) einen bedeutenden Schritt unternommen. Diese Berufungen sind besonders bemerkenswert, da sie erstmalig seit der Erweiterung der ZKBS im Jahr 2008 eine umfassende Vertretung aller gesellschaftlichen Gruppen gew\u00e4hrleisten. InJetzt alles lesen","og_url":"https:\/\/www.doppelklicker.de\/blog\/zentrale-kommission-fuer-die-biologische-sicherheit\/","og_site_name":"Aus Mainz.","article_published_time":"2023-06-14T06:00:00+00:00","og_image":[{"width":700,"height":335,"url":"https:\/\/www.doppelklicker.de\/blog\/wp-content\/uploads\/2023\/06\/minister-oezdemir-beruft-19-experten-zentrale-kommission-biologische-7105.jpg","type":"image\/jpeg"}],"twitter_card":"summary_large_image","twitter_misc":{"Verfasst von":"Iris Martin","Gesch\u00e4tzte Lesezeit":"5 Minuten"},"schema":{"@context":"https:\/\/schema.org","@graph":[{"@type":"WebSite","@id":"https:\/\/www.doppelklicker.de\/blog\/#website","url":"https:\/\/www.doppelklicker.de\/blog\/","name":"Aus Mainz.","description":"F\u00fcr die Welt.","potentialAction":[{"@type":"SearchAction","target":{"@type":"EntryPoint","urlTemplate":"https:\/\/www.doppelklicker.de\/blog\/?s={search_term_string}"},"query-input":"required name=search_term_string"}],"inLanguage":"de-DE"},{"@type":"ImageObject","@id":"https:\/\/www.doppelklicker.de\/blog\/zentrale-kommission-fuer-die-biologische-sicherheit\/#primaryimage","inLanguage":"de-DE","url":"https:\/\/www.doppelklicker.de\/blog\/wp-content\/uploads\/2023\/06\/minister-oezdemir-beruft-19-experten-zentrale-kommission-biologische-7105.jpg","contentUrl":"https:\/\/www.doppelklicker.de\/blog\/wp-content\/uploads\/2023\/06\/minister-oezdemir-beruft-19-experten-zentrale-kommission-biologische-7105.jpg","width":700,"height":335,"caption":"Neue Experten in der Zentralen Kommission f\u00fcr biologische Sicherheit: Minister \u00d6zdemir handelt mit 19 Berufenen (Foto: AdobeStock - 514775229 blackday)"},{"@type":"WebPage","@id":"https:\/\/www.doppelklicker.de\/blog\/zentrale-kommission-fuer-die-biologische-sicherheit\/#webpage","url":"https:\/\/www.doppelklicker.de\/blog\/zentrale-kommission-fuer-die-biologische-sicherheit\/","name":"Neue Experten in der Zentralen Kommission f\u00fcr biologische Sicherheit: Minister \u00d6zdemir handelt mit 19 Berufenen","isPartOf":{"@id":"https:\/\/www.doppelklicker.de\/blog\/#website"},"primaryImageOfPage":{"@id":"https:\/\/www.doppelklicker.de\/blog\/zentrale-kommission-fuer-die-biologische-sicherheit\/#primaryimage"},"datePublished":"2023-06-14T06:00:00+00:00","dateModified":"2023-06-14T06:00:00+00:00","author":{"@id":"https:\/\/www.doppelklicker.de\/blog\/#\/schema\/person\/08dcac172bdb025e8ff433488184668a"},"breadcrumb":{"@id":"https:\/\/www.doppelklicker.de\/blog\/zentrale-kommission-fuer-die-biologische-sicherheit\/#breadcrumb"},"inLanguage":"de-DE","potentialAction":[{"@type":"ReadAction","target":["https:\/\/www.doppelklicker.de\/blog\/zentrale-kommission-fuer-die-biologische-sicherheit\/"]}]},{"@type":"BreadcrumbList","@id":"https:\/\/www.doppelklicker.de\/blog\/zentrale-kommission-fuer-die-biologische-sicherheit\/#breadcrumb","itemListElement":[{"@type":"ListItem","position":1,"name":"Startseite","item":"https:\/\/www.doppelklicker.de\/blog\/"},{"@type":"ListItem","position":2,"name":"Neue Experten in der Zentralen Kommission f\u00fcr biologische Sicherheit: Minister \u00d6zdemir handelt mit 19 Berufenen"}]},{"@type":"Person","@id":"https:\/\/www.doppelklicker.de\/blog\/#\/schema\/person\/08dcac172bdb025e8ff433488184668a","name":"Iris Martin","image":{"@type":"ImageObject","@id":"https:\/\/www.doppelklicker.de\/blog\/#personlogo","inLanguage":"de-DE","url":"https:\/\/secure.gravatar.com\/avatar\/82fdaa093be0b9686b531f99fcb54d15?s=96&d=wp_user_avatar&r=g","contentUrl":"https:\/\/secure.gravatar.com\/avatar\/82fdaa093be0b9686b531f99fcb54d15?s=96&d=wp_user_avatar&r=g","caption":"Iris Martin"},"url":"https:\/\/www.doppelklicker.de\/blog\/author\/iris-martin\/"}]}},"_links":{"self":[{"href":"https:\/\/www.doppelklicker.de\/blog\/wp-json\/wp\/v2\/posts\/5817"}],"collection":[{"href":"https:\/\/www.doppelklicker.de\/blog\/wp-json\/wp\/v2\/posts"}],"about":[{"href":"https:\/\/www.doppelklicker.de\/blog\/wp-json\/wp\/v2\/types\/post"}],"author":[{"embeddable":true,"href":"https:\/\/www.doppelklicker.de\/blog\/wp-json\/wp\/v2\/users\/8"}],"replies":[{"embeddable":true,"href":"https:\/\/www.doppelklicker.de\/blog\/wp-json\/wp\/v2\/comments?post=5817"}],"version-history":[{"count":0,"href":"https:\/\/www.doppelklicker.de\/blog\/wp-json\/wp\/v2\/posts\/5817\/revisions"}],"wp:featuredmedia":[{"embeddable":true,"href":"https:\/\/www.doppelklicker.de\/blog\/wp-json\/wp\/v2\/media\/5818"}],"wp:attachment":[{"href":"https:\/\/www.doppelklicker.de\/blog\/wp-json\/wp\/v2\/media?parent=5817"}],"wp:term":[{"taxonomy":"category","embeddable":true,"href":"https:\/\/www.doppelklicker.de\/blog\/wp-json\/wp\/v2\/categories?post=5817"},{"taxonomy":"post_tag","embeddable":true,"href":"https:\/\/www.doppelklicker.de\/blog\/wp-json\/wp\/v2\/tags?post=5817"}],"curies":[{"name":"wp","href":"https:\/\/api.w.org\/{rel}","templated":true}]}}