{"id":5846,"date":"2023-06-16T08:00:00","date_gmt":"2023-06-16T06:00:00","guid":{"rendered":"guid"},"modified":"2023-06-16T08:00:00","modified_gmt":"2023-06-16T06:00:00","slug":"kosmetik-nachhaltigkeit-ikw-studie","status":"publish","type":"post","link":"https:\/\/www.doppelklicker.de\/blog\/kosmetik-nachhaltigkeit-ikw-studie\/","title":{"rendered":"Nachhaltigkeit in Kosmetik: IKW-Studie deckt Verbraucherpr\u00e4ferenzen auf"},"content":{"rendered":"<p>Eine Studie des Industrieverbandes K\u00f6rperpflege- und Waschmittel e. V. (IKW) besch\u00e4ftigt sich mit der Verkn\u00fcpfung von Frankfurt am Main, Kosmetik und Nachhaltigkeit und untersucht insbesondere die Perspektive der Verbraucherinnen und Verbraucher. Die begleitende Pressemitteilung hebt hervor, dass die pers\u00f6nliche Betroffenheit der Deutschen durch extreme Hitze, \u00dcberflutungen und die Problematik des M\u00fclls das Bewusstsein f\u00fcr Nachhaltigkeit gesteigert hat. Die aktuelle Studie des Kompetenzpartners Sch\u00f6nheitspflege im IKW gibt Aufschluss dar\u00fcber, wie Menschen nachhaltiges Handeln in ihrem Alltag konkret umsetzen und welche Bedeutung Nachhaltigkeit im Zusammenhang mit Kosmetik f\u00fcr sie besitzt.<br \/>\n<!--more--><\/p>\n<div id=\"ez-toc-container\" class=\"ez-toc-v2_0_16 counter-hierarchy\">\n<div class=\"ez-toc-title-container\">\n<p class=\"ez-toc-title\">Inhaltsverzeichnis: Das erwartet Sie in diesem Artikel<\/p>\n<span class=\"ez-toc-title-toggle\"><a class=\"ez-toc-pull-right ez-toc-btn ez-toc-btn-xs ez-toc-btn-default ez-toc-toggle\" style=\"display: none;\"><i class=\"ez-toc-glyphicon ez-toc-icon-toggle\"><\/i><\/a><\/span><\/div>\n<nav><ul class=\"ez-toc-list ez-toc-list-level-1\"><li class=\"ez-toc-page-1 ez-toc-heading-level-2\"><a class=\"ez-toc-link ez-toc-heading-1\" href=\"https:\/\/www.doppelklicker.de\/blog\/kosmetik-nachhaltigkeit-ikw-studie\/#debatte-entfacht-84-prozent-der-befragten-betonen-bedeutung-von-nachhaltigkeit\" title=\"Debatte entfacht: 84 Prozent der Befragten betonen Bedeutung von Nachhaltigkeit\">Debatte entfacht: 84 Prozent der Befragten betonen Bedeutung von Nachhaltigkeit<\/a><\/li><li class=\"ez-toc-page-1 ez-toc-heading-level-2\"><a class=\"ez-toc-link ez-toc-heading-2\" href=\"https:\/\/www.doppelklicker.de\/blog\/kosmetik-nachhaltigkeit-ikw-studie\/#oekologisches-bewusstsein-in-deutschland-muellvermeidung-und-trennung-an-vorderster-front\" title=\"\u00d6kologisches Bewusstsein in Deutschland: M\u00fcllvermeidung und -trennung an vorderster Front\">\u00d6kologisches Bewusstsein in Deutschland: M\u00fcllvermeidung und -trennung an vorderster Front<\/a><\/li><li class=\"ez-toc-page-1 ez-toc-heading-level-2\"><a class=\"ez-toc-link ez-toc-heading-3\" href=\"https:\/\/www.doppelklicker.de\/blog\/kosmetik-nachhaltigkeit-ikw-studie\/#praktischer-umweltschutz-kleine-schritte-fuer-eine-nachhaltige-lebensweise\" title=\"Praktischer Umweltschutz: Kleine Schritte f\u00fcr eine nachhaltige Lebensweise\">Praktischer Umweltschutz: Kleine Schritte f\u00fcr eine nachhaltige Lebensweise<\/a><\/li><li class=\"ez-toc-page-1 ez-toc-heading-level-2\"><a class=\"ez-toc-link ez-toc-heading-4\" href=\"https:\/\/www.doppelklicker.de\/blog\/kosmetik-nachhaltigkeit-ikw-studie\/#schoenheit-im-einklang-mit-der-natur-fuenf-herangehensweisen-fuer-nachhaltige-kosmetik\" title=\"Sch\u00f6nheit im Einklang mit der Natur: F\u00fcnf Herangehensweisen f\u00fcr nachhaltige Kosmetik\">Sch\u00f6nheit im Einklang mit der Natur: F\u00fcnf Herangehensweisen f\u00fcr nachhaltige Kosmetik<\/a><\/li><li class=\"ez-toc-page-1 ez-toc-heading-level-2\"><a class=\"ez-toc-link ez-toc-heading-5\" href=\"https:\/\/www.doppelklicker.de\/blog\/kosmetik-nachhaltigkeit-ikw-studie\/#nachhaltige-alternativen-gefragt-kosmetik-sucht-anschluss-an-nachhaltige-trends\" title=\"Nachhaltige Alternativen gefragt: Kosmetik sucht Anschluss an nachhaltige Trends\">Nachhaltige Alternativen gefragt: Kosmetik sucht Anschluss an nachhaltige Trends<\/a><\/li><li class=\"ez-toc-page-1 ez-toc-heading-level-2\"><a class=\"ez-toc-link ez-toc-heading-6\" href=\"https:\/\/www.doppelklicker.de\/blog\/kosmetik-nachhaltigkeit-ikw-studie\/#studie-zeigt-persoenliche-und-umweltliche-vertraeglichkeit-als-massstab-fuer-nachhaltige-kosmetik\" title=\"Studie zeigt: Pers\u00f6nliche und umweltliche Vertr\u00e4glichkeit als Ma\u00dfstab f\u00fcr nachhaltige Kosmetik\">Studie zeigt: Pers\u00f6nliche und umweltliche Vertr\u00e4glichkeit als Ma\u00dfstab f\u00fcr nachhaltige Kosmetik<\/a><\/li><li class=\"ez-toc-page-1 ez-toc-heading-level-2\"><a class=\"ez-toc-link ez-toc-heading-7\" href=\"https:\/\/www.doppelklicker.de\/blog\/kosmetik-nachhaltigkeit-ikw-studie\/#wunsch-nach-klarheit-grosse-mehrheit-verlangt-siegel-fuer-umweltfreundliche-kosmetik\" title=\"Wunsch nach Klarheit: Gro\u00dfe Mehrheit verlangt Siegel f\u00fcr umweltfreundliche Kosmetik\">Wunsch nach Klarheit: Gro\u00dfe Mehrheit verlangt Siegel f\u00fcr umweltfreundliche Kosmetik<\/a><\/li><li class=\"ez-toc-page-1 ez-toc-heading-level-2\"><a class=\"ez-toc-link ez-toc-heading-8\" href=\"https:\/\/www.doppelklicker.de\/blog\/kosmetik-nachhaltigkeit-ikw-studie\/#nachhaltigkeitstrend-nur-eine-minderheit-der-deutschen-nimmt-abstriche-bei-der-produktleistung-in-kauf\" title=\"Nachhaltigkeitstrend: Nur eine Minderheit der Deutschen nimmt Abstriche bei der Produktleistung in Kauf\">Nachhaltigkeitstrend: Nur eine Minderheit der Deutschen nimmt Abstriche bei der Produktleistung in Kauf<\/a><\/li><li class=\"ez-toc-page-1 ez-toc-heading-level-2\"><a class=\"ez-toc-link ez-toc-heading-9\" href=\"https:\/\/www.doppelklicker.de\/blog\/kosmetik-nachhaltigkeit-ikw-studie\/#verantwortungsvolle-kosmetik-hersteller-informieren-transparent-ueber-nachhaltige-produkte\" title=\"Verantwortungsvolle Kosmetik: Hersteller informieren transparent \u00fcber nachhaltige Produkte\">Verantwortungsvolle Kosmetik: Hersteller informieren transparent \u00fcber nachhaltige Produkte<\/a><\/li><\/ul><\/nav><\/div>\n<h2><span class=\"ez-toc-section\" id=\"debatte-entfacht-84-prozent-der-befragten-betonen-bedeutung-von-nachhaltigkeit\"><\/span>Debatte entfacht: 84 Prozent der Befragten betonen Bedeutung von Nachhaltigkeit<span class=\"ez-toc-section-end\"><\/span><\/h2>\n<p>Bei 84 Prozent der Befragten steht Nachhaltigkeit im Fokus ihrer Aufmerksamkeit. Es ist erstaunlich, dass die Deutschen nur wenige Themen als so bedeutsam erachten wie die Nachhaltigkeit. In Politik, Gesellschaft und Medien wird intensiv \u00fcber dieses Thema diskutiert und es entbrennen heftige Streitigkeiten.<\/p>\n<p>Laut der tiefenpsychologisch repr\u00e4sentativen Studie &#8222;Kosmetik und Nachhaltigkeit &#8211; So ticken die Deutschen&#8220;, beauftragt vom IKW und durchgef\u00fchrt von rheingold salon, halten 84 Prozent der befragten Frauen und M\u00e4nner Nachhaltigkeit f\u00fcr ein bedeutendes Thema. \u00dcberraschenderweise betrachten sogar 20 Prozent der Teilnehmenden Nachhaltigkeit als das wichtigste Thema unserer Zeit. Insbesondere bei den j\u00fcngeren Befragten im Alter von 18 bis 29 Jahren wurde mit 33 Prozent eine noch gr\u00f6\u00dfere Bedeutung f\u00fcr dieses Thema festgestellt im Vergleich zu den \u00c4lteren.<\/p>\n<h2><span class=\"ez-toc-section\" id=\"oekologisches-bewusstsein-in-deutschland-muellvermeidung-und-trennung-an-vorderster-front\"><\/span>\u00d6kologisches Bewusstsein in Deutschland: M\u00fcllvermeidung und -trennung an vorderster Front<span class=\"ez-toc-section-end\"><\/span><\/h2>\n<p>Die Definition von Nachhaltigkeit ist f\u00fcr viele Menschen eine Herausforderung, jedoch gibt es bestimmte Bereiche, die mit diesem Konzept in Verbindung gebracht werden. In Deutschland wird die Vermeidung von M\u00fcll von 83 Prozent der Studienteilnehmenden als zentral angesehen. Ebenso hoch im Kurs steht die richtige M\u00fclltrennung mit einer Zustimmung von 81 Prozent. Dar\u00fcber hinaus spielen der Zugang zu sauberem Wasser, der Schutz der Biodiversit\u00e4t, die Reduktion von CO2-Emissionen und der Tierschutz eine bedeutende Rolle, mit Zustimmungswerten von \u00fcber 70 Prozent. Die Bek\u00e4mpfung der Kinderarbeit erh\u00e4lt im Vergleich dazu mit 63 Prozent weniger Aufmerksamkeit.<\/p>\n<h2><span class=\"ez-toc-section\" id=\"praktischer-umweltschutz-kleine-schritte-fuer-eine-nachhaltige-lebensweise\"><\/span>Praktischer Umweltschutz: Kleine Schritte f\u00fcr eine nachhaltige Lebensweise<span class=\"ez-toc-section-end\"><\/span><\/h2>\n<p>Sowohl die Bedeutung des Themas Nachhaltigkeit als auch die internen Konflikte, mit denen sich die Menschen konfrontiert sehen, haben zugenommen. Ines Imdahl, Gesch\u00e4ftsf\u00fchrerin von rheingold salon und Studienleiterin, erkl\u00e4rt, dass die Menschen ein wachsendes Bewusstsein f\u00fcr die Bedeutung nachhaltigen Lebens entwickeln. Sie empfinden ein starkes Verlangen, nicht l\u00e4nger schuld daran zu sein, dass Umweltprobleme sich weiter verschlimmern. Jedoch stellen sie fest, dass es ihnen schwerf\u00e4llt, konsequent auf bestimmte Dinge zu verzichten. Daher w\u00e4hlen sie den Ansatz, sich dem Thema Nachhaltigkeit im Alltag lieber in kleinen Schritten anzun\u00e4hern.<\/p>\n<h2><span class=\"ez-toc-section\" id=\"schoenheit-im-einklang-mit-der-natur-fuenf-herangehensweisen-fuer-nachhaltige-kosmetik\"><\/span>Sch\u00f6nheit im Einklang mit der Natur: F\u00fcnf Herangehensweisen f\u00fcr nachhaltige Kosmetik<span class=\"ez-toc-section-end\"><\/span><\/h2>\n<p>Die Studie hat herausgefunden, dass Menschen auf verschiedene Weisen versuchen, nachhaltigere Verhaltensweisen in ihren Alltag einzubauen, oft ohne sich dessen bewusst zu sein. Dabei bedienen sie sich f\u00fcnf verschiedener Umgangsformen, um ihr Gewissen zu beruhigen, wenn es um Nachhaltigkeit geht.<\/p>\n<ul>\n<li>Menschen, die auf die Methode des &#8222;Unterlassens&#8220; zur\u00fcckgreifen, vermeiden es gelegentlich, bestimmte T\u00e4tigkeiten wie Fliegen oder Auto fahren auszuf\u00fchren, ohne sie jedoch vollst\u00e4ndig aufzugeben.<\/li>\n<li>Beim Umdeuten wird etwas, das bereits Teil des allt\u00e4glichen Verhaltens war, im Nachhinein als nachhaltige Handlung interpretiert.<\/li>\n<li>Menschen entscheiden sich oft f\u00fcr das Fokussieren auf einen bestimmten Bereich, in dem sie am zuversichtlichsten sind und Ver\u00e4nderungen am ehesten bew\u00e4ltigen k\u00f6nnen.<\/li>\n<li>Neben dem &#8222;Optimieren&#8220; als Strategie zur kontinuierlichen Verbesserung kann auch das empathische Mitf\u00fchlen genutzt werden, um Menschen zum Verzicht zu bewegen, beispielsweise auf Fleisch im Sinne des Tierwohls.<\/li>\n<\/ul>\n<h2><span class=\"ez-toc-section\" id=\"nachhaltige-alternativen-gefragt-kosmetik-sucht-anschluss-an-nachhaltige-trends\"><\/span>Nachhaltige Alternativen gefragt: Kosmetik sucht Anschluss an nachhaltige Trends<span class=\"ez-toc-section-end\"><\/span><\/h2>\n<p>Im Gegensatz dazu steht die Kosmetikbranche noch nicht im Fokus derjenigen, die sich mit Nachhaltigkeit auseinandersetzen. Allerdings geben immerhin 34 Prozent der Befragten an, bei kosmetischen Produkten auf deren Nachhaltigkeit zu achten. Dies zeigt ein zunehmendes Interesse an umweltfreundlichen und ethisch verantwortungsvollen Kosmetikprodukten, was m\u00f6glicherweise auf zuk\u00fcnftige Entwicklungen und Ver\u00e4nderungen in der Branche hinweist.<\/p>\n<h2><span class=\"ez-toc-section\" id=\"studie-zeigt-persoenliche-und-umweltliche-vertraeglichkeit-als-massstab-fuer-nachhaltige-kosmetik\"><\/span>Studie zeigt: Pers\u00f6nliche und umweltliche Vertr\u00e4glichkeit als Ma\u00dfstab f\u00fcr nachhaltige Kosmetik<span class=\"ez-toc-section-end\"><\/span><\/h2>\n<p>Die Definition von Nachhaltigkeit bei kosmetischen Produkten f\u00e4llt vielen Menschen schwer. In diesem Kontext sind f\u00fcr 68 Prozent der Befragten bestimmte Inhaltsstoffe entscheidend, um ein Produkt als nachhaltig einzustufen. Die Vermeidung von sch\u00e4dlichen Chemikalien und umweltbelastenden Substanzen steht hierbei im Vordergrund. Dar\u00fcber hinaus wird von 64 Prozent der Befragten ein Siegel verlangt, welches die Tierversuchsfreiheit des Produkts bescheinigt.<\/p>\n<p>Die Ergebnisse der tiefenpsychologischen Studie zeigen, dass 71 Prozent der Menschen ein Kosmetikprodukt als nachhaltig empfinden, wenn sie es bedenkenlos verwenden k\u00f6nnen. Dies schlie\u00dft die Vorstellung ein, dass die Produkte sicher und gr\u00fcndlich getestet wurden, um m\u00f6gliche Risiken zu minimieren. Die Sorglosigkeit bei der Nutzung von Kosmetikprodukten tr\u00e4gt daher ma\u00dfgeblich zur Wahrnehmung von Nachhaltigkeit bei, da sie ein Gef\u00fchl der Vertrauensw\u00fcrdigkeit und des Schutzes vermittelt.<\/p>\n<h2><span class=\"ez-toc-section\" id=\"wunsch-nach-klarheit-grosse-mehrheit-verlangt-siegel-fuer-umweltfreundliche-kosmetik\"><\/span>Wunsch nach Klarheit: Gro\u00dfe Mehrheit verlangt Siegel f\u00fcr umweltfreundliche Kosmetik<span class=\"ez-toc-section-end\"><\/span><\/h2>\n<p>Siegel spielen eine wichtige Rolle, um Kunden einen sorglosen Umgang und geringen Aufwand beim Kauf von Kosmetikprodukten zu erm\u00f6glichen. Laut einer Umfrage m\u00f6chten 59 Prozent der befragten Frauen und M\u00e4nner sich nicht erst ausf\u00fchrlich \u00fcber die Nachhaltigkeit von Kosmetikprodukten informieren m\u00fcssen, sondern ihnen einfach vertrauen k\u00f6nnen. Daher w\u00fcnschen sich 68 Prozent der Umfrageteilnehmer Siegel und Kennzeichnungen, die ihnen eine klare Orientierung bieten und auf einen Blick zeigen, inwieweit ein kosmetisches Produkt nachhaltig ist.<\/p>\n<h2><span class=\"ez-toc-section\" id=\"nachhaltigkeitstrend-nur-eine-minderheit-der-deutschen-nimmt-abstriche-bei-der-produktleistung-in-kauf\"><\/span>Nachhaltigkeitstrend: Nur eine Minderheit der Deutschen nimmt Abstriche bei der Produktleistung in Kauf<span class=\"ez-toc-section-end\"><\/span><\/h2>\n<p>Die Umfrageergebnisse weisen darauf hin, dass ein Gro\u00dfteil der Frauen und M\u00e4nner (67 Prozent) ein positives Interesse an umweltfreundlichen Kosmetikprodukten zeigt. Jedoch zeigt sich, dass nur etwa 45 Prozent der Deutschen bereit w\u00e4ren, Einschr\u00e4nkungen bei der Produktleistung hinzunehmen, um ein nachhaltiges Produkt zu erwerben. Dies betont die Tatsache, dass Nachhaltigkeit in der Kosmetikbranche als relevanter Zusatzaspekt angesehen wird, der jedoch nicht alleinig \u00fcber die Wahl eines Produkts entscheidet.<\/p>\n<h2><span class=\"ez-toc-section\" id=\"verantwortungsvolle-kosmetik-hersteller-informieren-transparent-ueber-nachhaltige-produkte\"><\/span>Verantwortungsvolle Kosmetik: Hersteller informieren transparent \u00fcber nachhaltige Produkte<span class=\"ez-toc-section-end\"><\/span><\/h2>\n<p>Birgit Huber, die Bereichsleiterin des Kompetenzpartners Sch\u00f6nheitspflege im IKW, betont, dass die vorliegende Studie verdeutlicht, wie wichtig den Menschen das Thema Nachhaltigkeit ist. Gleichzeitig wird jedoch auch deutlich, dass viele Menschen Schwierigkeiten haben, ihre gewohnten Lebensweisen zu \u00e4ndern. Um den Alltag noch nachhaltiger zu gestalten, w\u00fcnschen sich Verbraucherinnen und Verbraucher eine Entlastung. Die Kosmetikhersteller k\u00f6nnen sie dabei unterst\u00fctzen, indem sie nachhaltige Produkte anbieten und gleichzeitig eine transparentere und nachvollziehbarere Informationsstrategie verfolgen.<\/p>\n","protected":false},"excerpt":{"rendered":"<p>Eine Studie des Industrieverbandes K\u00f6rperpflege- und Waschmittel e. V. (IKW) besch\u00e4ftigt sich mit der Verkn\u00fcpfung von Frankfurt am Main, Kosmetik und Nachhaltigkeit und untersucht insbesondere die Perspektive der Verbraucherinnen und Verbraucher. Die begleitende Pressemitteilung hebt hervor, dass die pers\u00f6nliche Betroffenheit der Deutschen durch extreme Hitze, \u00dcberflutungen und die Problematik des M\u00fclls das Bewusstsein f\u00fcr Nachhaltigkeit<\/p>\n<div class=\"read-more\"><a href=\"https:\/\/www.doppelklicker.de\/blog\/kosmetik-nachhaltigkeit-ikw-studie\/\" title=\"Jetzt alles lesen\">Jetzt alles lesen<\/a><\/div>\n","protected":false},"author":8,"featured_media":5847,"comment_status":"open","ping_status":"open","sticky":false,"template":"","format":"standard","meta":[],"categories":[3305],"tags":[],"yoast_head":"<!-- This site is optimized with the Yoast SEO plugin v18.2 - https:\/\/yoast.com\/wordpress\/plugins\/seo\/ -->\n<meta name=\"robots\" content=\"index, follow, max-snippet:-1, max-image-preview:large, max-video-preview:-1\" \/>\n<link rel=\"canonical\" href=\"https:\/\/www.doppelklicker.de\/blog\/kosmetik-nachhaltigkeit-ikw-studie\/\" \/>\n<meta property=\"og:locale\" content=\"de_DE\" \/>\n<meta property=\"og:type\" content=\"article\" \/>\n<meta property=\"og:title\" content=\"Nachhaltigkeit in Kosmetik: IKW-Studie deckt Verbraucherpr\u00e4ferenzen auf\" \/>\n<meta property=\"og:description\" content=\"Eine Studie des Industrieverbandes K\u00f6rperpflege- und Waschmittel e. V. (IKW) besch\u00e4ftigt sich mit der Verkn\u00fcpfung von Frankfurt am Main, Kosmetik und Nachhaltigkeit und untersucht insbesondere die Perspektive der Verbraucherinnen und Verbraucher. Die begleitende Pressemitteilung hebt hervor, dass die pers\u00f6nliche Betroffenheit der Deutschen durch extreme Hitze, \u00dcberflutungen und die Problematik des M\u00fclls das Bewusstsein f\u00fcr NachhaltigkeitJetzt alles lesen\" \/>\n<meta property=\"og:url\" content=\"https:\/\/www.doppelklicker.de\/blog\/kosmetik-nachhaltigkeit-ikw-studie\/\" \/>\n<meta property=\"og:site_name\" content=\"Aus Mainz.\" \/>\n<meta property=\"article:published_time\" content=\"2023-06-16T06:00:00+00:00\" \/>\n<meta property=\"og:image\" content=\"https:\/\/www.doppelklicker.de\/blog\/wp-content\/uploads\/2023\/06\/ikw-studie-verbraucheransichten-nachhaltigkeit-kosmetikbranche-7175.jpg\" \/>\n\t<meta property=\"og:image:width\" content=\"700\" \/>\n\t<meta property=\"og:image:height\" content=\"335\" \/>\n\t<meta property=\"og:image:type\" content=\"image\/jpeg\" \/>\n<meta name=\"twitter:card\" content=\"summary_large_image\" \/>\n<meta name=\"twitter:label1\" content=\"Verfasst von\" \/>\n\t<meta name=\"twitter:data1\" content=\"Iris Martin\" \/>\n\t<meta name=\"twitter:label2\" content=\"Gesch\u00e4tzte Lesezeit\" \/>\n\t<meta name=\"twitter:data2\" content=\"5 Minuten\" \/>\n<script type=\"application\/ld+json\" class=\"yoast-schema-graph\">{\"@context\":\"https:\/\/schema.org\",\"@graph\":[{\"@type\":\"WebSite\",\"@id\":\"https:\/\/www.doppelklicker.de\/blog\/#website\",\"url\":\"https:\/\/www.doppelklicker.de\/blog\/\",\"name\":\"Aus Mainz.\",\"description\":\"F\u00fcr die Welt.\",\"potentialAction\":[{\"@type\":\"SearchAction\",\"target\":{\"@type\":\"EntryPoint\",\"urlTemplate\":\"https:\/\/www.doppelklicker.de\/blog\/?s={search_term_string}\"},\"query-input\":\"required name=search_term_string\"}],\"inLanguage\":\"de-DE\"},{\"@type\":\"ImageObject\",\"@id\":\"https:\/\/www.doppelklicker.de\/blog\/kosmetik-nachhaltigkeit-ikw-studie\/#primaryimage\",\"inLanguage\":\"de-DE\",\"url\":\"https:\/\/www.doppelklicker.de\/blog\/wp-content\/uploads\/2023\/06\/ikw-studie-verbraucheransichten-nachhaltigkeit-kosmetikbranche-7175.jpg\",\"contentUrl\":\"https:\/\/www.doppelklicker.de\/blog\/wp-content\/uploads\/2023\/06\/ikw-studie-verbraucheransichten-nachhaltigkeit-kosmetikbranche-7175.jpg\",\"width\":700,\"height\":335,\"caption\":\"Nachhaltigkeit in Kosmetik: IKW-Studie deckt Verbraucherpr\u00e4ferenzen auf (Foto: AdobeStock - 383880301 zinkevych)\"},{\"@type\":\"WebPage\",\"@id\":\"https:\/\/www.doppelklicker.de\/blog\/kosmetik-nachhaltigkeit-ikw-studie\/#webpage\",\"url\":\"https:\/\/www.doppelklicker.de\/blog\/kosmetik-nachhaltigkeit-ikw-studie\/\",\"name\":\"Nachhaltigkeit in Kosmetik: IKW-Studie deckt Verbraucherpr\u00e4ferenzen auf\",\"isPartOf\":{\"@id\":\"https:\/\/www.doppelklicker.de\/blog\/#website\"},\"primaryImageOfPage\":{\"@id\":\"https:\/\/www.doppelklicker.de\/blog\/kosmetik-nachhaltigkeit-ikw-studie\/#primaryimage\"},\"datePublished\":\"2023-06-16T06:00:00+00:00\",\"dateModified\":\"2023-06-16T06:00:00+00:00\",\"author\":{\"@id\":\"https:\/\/www.doppelklicker.de\/blog\/#\/schema\/person\/08dcac172bdb025e8ff433488184668a\"},\"breadcrumb\":{\"@id\":\"https:\/\/www.doppelklicker.de\/blog\/kosmetik-nachhaltigkeit-ikw-studie\/#breadcrumb\"},\"inLanguage\":\"de-DE\",\"potentialAction\":[{\"@type\":\"ReadAction\",\"target\":[\"https:\/\/www.doppelklicker.de\/blog\/kosmetik-nachhaltigkeit-ikw-studie\/\"]}]},{\"@type\":\"BreadcrumbList\",\"@id\":\"https:\/\/www.doppelklicker.de\/blog\/kosmetik-nachhaltigkeit-ikw-studie\/#breadcrumb\",\"itemListElement\":[{\"@type\":\"ListItem\",\"position\":1,\"name\":\"Startseite\",\"item\":\"https:\/\/www.doppelklicker.de\/blog\/\"},{\"@type\":\"ListItem\",\"position\":2,\"name\":\"Nachhaltigkeit in Kosmetik: IKW-Studie deckt Verbraucherpr\u00e4ferenzen auf\"}]},{\"@type\":\"Person\",\"@id\":\"https:\/\/www.doppelklicker.de\/blog\/#\/schema\/person\/08dcac172bdb025e8ff433488184668a\",\"name\":\"Iris Martin\",\"image\":{\"@type\":\"ImageObject\",\"@id\":\"https:\/\/www.doppelklicker.de\/blog\/#personlogo\",\"inLanguage\":\"de-DE\",\"url\":\"https:\/\/secure.gravatar.com\/avatar\/82fdaa093be0b9686b531f99fcb54d15?s=96&d=wp_user_avatar&r=g\",\"contentUrl\":\"https:\/\/secure.gravatar.com\/avatar\/82fdaa093be0b9686b531f99fcb54d15?s=96&d=wp_user_avatar&r=g\",\"caption\":\"Iris Martin\"},\"url\":\"https:\/\/www.doppelklicker.de\/blog\/author\/iris-martin\/\"}]}<\/script>\n<!-- \/ Yoast SEO plugin. -->","yoast_head_json":{"robots":{"index":"index","follow":"follow","max-snippet":"max-snippet:-1","max-image-preview":"max-image-preview:large","max-video-preview":"max-video-preview:-1"},"canonical":"https:\/\/www.doppelklicker.de\/blog\/kosmetik-nachhaltigkeit-ikw-studie\/","og_locale":"de_DE","og_type":"article","og_title":"Nachhaltigkeit in Kosmetik: IKW-Studie deckt Verbraucherpr\u00e4ferenzen auf","og_description":"Eine Studie des Industrieverbandes K\u00f6rperpflege- und Waschmittel e. V. (IKW) besch\u00e4ftigt sich mit der Verkn\u00fcpfung von Frankfurt am Main, Kosmetik und Nachhaltigkeit und untersucht insbesondere die Perspektive der Verbraucherinnen und Verbraucher. Die begleitende Pressemitteilung hebt hervor, dass die pers\u00f6nliche Betroffenheit der Deutschen durch extreme Hitze, \u00dcberflutungen und die Problematik des M\u00fclls das Bewusstsein f\u00fcr NachhaltigkeitJetzt alles lesen","og_url":"https:\/\/www.doppelklicker.de\/blog\/kosmetik-nachhaltigkeit-ikw-studie\/","og_site_name":"Aus Mainz.","article_published_time":"2023-06-16T06:00:00+00:00","og_image":[{"width":700,"height":335,"url":"https:\/\/www.doppelklicker.de\/blog\/wp-content\/uploads\/2023\/06\/ikw-studie-verbraucheransichten-nachhaltigkeit-kosmetikbranche-7175.jpg","type":"image\/jpeg"}],"twitter_card":"summary_large_image","twitter_misc":{"Verfasst von":"Iris Martin","Gesch\u00e4tzte Lesezeit":"5 Minuten"},"schema":{"@context":"https:\/\/schema.org","@graph":[{"@type":"WebSite","@id":"https:\/\/www.doppelklicker.de\/blog\/#website","url":"https:\/\/www.doppelklicker.de\/blog\/","name":"Aus Mainz.","description":"F\u00fcr die Welt.","potentialAction":[{"@type":"SearchAction","target":{"@type":"EntryPoint","urlTemplate":"https:\/\/www.doppelklicker.de\/blog\/?s={search_term_string}"},"query-input":"required name=search_term_string"}],"inLanguage":"de-DE"},{"@type":"ImageObject","@id":"https:\/\/www.doppelklicker.de\/blog\/kosmetik-nachhaltigkeit-ikw-studie\/#primaryimage","inLanguage":"de-DE","url":"https:\/\/www.doppelklicker.de\/blog\/wp-content\/uploads\/2023\/06\/ikw-studie-verbraucheransichten-nachhaltigkeit-kosmetikbranche-7175.jpg","contentUrl":"https:\/\/www.doppelklicker.de\/blog\/wp-content\/uploads\/2023\/06\/ikw-studie-verbraucheransichten-nachhaltigkeit-kosmetikbranche-7175.jpg","width":700,"height":335,"caption":"Nachhaltigkeit in Kosmetik: IKW-Studie deckt Verbraucherpr\u00e4ferenzen auf (Foto: AdobeStock - 383880301 zinkevych)"},{"@type":"WebPage","@id":"https:\/\/www.doppelklicker.de\/blog\/kosmetik-nachhaltigkeit-ikw-studie\/#webpage","url":"https:\/\/www.doppelklicker.de\/blog\/kosmetik-nachhaltigkeit-ikw-studie\/","name":"Nachhaltigkeit in Kosmetik: IKW-Studie deckt Verbraucherpr\u00e4ferenzen auf","isPartOf":{"@id":"https:\/\/www.doppelklicker.de\/blog\/#website"},"primaryImageOfPage":{"@id":"https:\/\/www.doppelklicker.de\/blog\/kosmetik-nachhaltigkeit-ikw-studie\/#primaryimage"},"datePublished":"2023-06-16T06:00:00+00:00","dateModified":"2023-06-16T06:00:00+00:00","author":{"@id":"https:\/\/www.doppelklicker.de\/blog\/#\/schema\/person\/08dcac172bdb025e8ff433488184668a"},"breadcrumb":{"@id":"https:\/\/www.doppelklicker.de\/blog\/kosmetik-nachhaltigkeit-ikw-studie\/#breadcrumb"},"inLanguage":"de-DE","potentialAction":[{"@type":"ReadAction","target":["https:\/\/www.doppelklicker.de\/blog\/kosmetik-nachhaltigkeit-ikw-studie\/"]}]},{"@type":"BreadcrumbList","@id":"https:\/\/www.doppelklicker.de\/blog\/kosmetik-nachhaltigkeit-ikw-studie\/#breadcrumb","itemListElement":[{"@type":"ListItem","position":1,"name":"Startseite","item":"https:\/\/www.doppelklicker.de\/blog\/"},{"@type":"ListItem","position":2,"name":"Nachhaltigkeit in Kosmetik: IKW-Studie deckt Verbraucherpr\u00e4ferenzen auf"}]},{"@type":"Person","@id":"https:\/\/www.doppelklicker.de\/blog\/#\/schema\/person\/08dcac172bdb025e8ff433488184668a","name":"Iris Martin","image":{"@type":"ImageObject","@id":"https:\/\/www.doppelklicker.de\/blog\/#personlogo","inLanguage":"de-DE","url":"https:\/\/secure.gravatar.com\/avatar\/82fdaa093be0b9686b531f99fcb54d15?s=96&d=wp_user_avatar&r=g","contentUrl":"https:\/\/secure.gravatar.com\/avatar\/82fdaa093be0b9686b531f99fcb54d15?s=96&d=wp_user_avatar&r=g","caption":"Iris Martin"},"url":"https:\/\/www.doppelklicker.de\/blog\/author\/iris-martin\/"}]}},"_links":{"self":[{"href":"https:\/\/www.doppelklicker.de\/blog\/wp-json\/wp\/v2\/posts\/5846"}],"collection":[{"href":"https:\/\/www.doppelklicker.de\/blog\/wp-json\/wp\/v2\/posts"}],"about":[{"href":"https:\/\/www.doppelklicker.de\/blog\/wp-json\/wp\/v2\/types\/post"}],"author":[{"embeddable":true,"href":"https:\/\/www.doppelklicker.de\/blog\/wp-json\/wp\/v2\/users\/8"}],"replies":[{"embeddable":true,"href":"https:\/\/www.doppelklicker.de\/blog\/wp-json\/wp\/v2\/comments?post=5846"}],"version-history":[{"count":0,"href":"https:\/\/www.doppelklicker.de\/blog\/wp-json\/wp\/v2\/posts\/5846\/revisions"}],"wp:featuredmedia":[{"embeddable":true,"href":"https:\/\/www.doppelklicker.de\/blog\/wp-json\/wp\/v2\/media\/5847"}],"wp:attachment":[{"href":"https:\/\/www.doppelklicker.de\/blog\/wp-json\/wp\/v2\/media?parent=5846"}],"wp:term":[{"taxonomy":"category","embeddable":true,"href":"https:\/\/www.doppelklicker.de\/blog\/wp-json\/wp\/v2\/categories?post=5846"},{"taxonomy":"post_tag","embeddable":true,"href":"https:\/\/www.doppelklicker.de\/blog\/wp-json\/wp\/v2\/tags?post=5846"}],"curies":[{"name":"wp","href":"https:\/\/api.w.org\/{rel}","templated":true}]}}