{"id":5849,"date":"2023-06-20T08:00:00","date_gmt":"2023-06-20T06:00:00","guid":{"rendered":"guid"},"modified":"2023-06-20T08:00:00","modified_gmt":"2023-06-20T06:00:00","slug":"weinernte-rebenbluete-2023","status":"publish","type":"post","link":"https:\/\/www.doppelklicker.de\/blog\/weinernte-rebenbluete-2023\/","title":{"rendered":"Erfreuliche Entwicklung: Rebenbl\u00fcte 2023 verl\u00e4uft erfolgreich dank idealer Bedingungen"},"content":{"rendered":"<p>Die warmen Weinlagen sind derzeit Schauplatz eines zauberhaften Ereignisses: Die Reben sind in ihre Bl\u00fctephase eingetreten. Die zarten Bl\u00fctenknospen \u00f6ffnen sich und verleihen den Weinbergen ein romantisches Flair. Die Winzer verfolgen gespannt den Fortschritt der Bl\u00fcte, da dies ein wichtiger Indikator f\u00fcr den sp\u00e4teren Ernteerfolg ist. Gleichzeitig richten sich die Blicke auf die \u00fcbrigen Weinberge, in denen die Rebbl\u00fcte in der kommenden 24. Kalenderwoche erwartet wird und aufgrund der prognostizierten Witterung einen vielversprechenden Verlauf verspricht.<br \/>\n<!--more--><\/p>\n<h2>Erfreuliche Bl\u00fcte l\u00e4sst auf ertragreiche Ernte hoffen<\/h2>\n<p>Die Rebbl\u00fcte ist f\u00fcr Winzerinnen und Winzer eine Zeit voller Erwartungen und Hoffnungen. Wenn die Bl\u00fcte, wie in diesem Jahr, problemlos verl\u00e4uft, steigt die Zuversicht auf eine erfreuliche Ernte. Allerdings bergen k\u00fchle Temperaturen w\u00e4hrend der Bl\u00fctephase das Risiko geringerer Fruchtans\u00e4tze und damit verbundener verminderten Ertr\u00e4ge. Daher verfolgen die Winzerinnen und Winzer aufmerksam den Verlauf der Bl\u00fcte und hoffen auf g\u00fcnstige Bedingungen, die eine erfolgreiche Befruchtung der Bl\u00fcten erm\u00f6glichen und letztendlich zu einer guten Ernte f\u00fchren.<\/p>\n<h2>Erntesaison in Sicht: Weinlese voraussichtlich Mitte September<\/h2>\n<p>Der diesj\u00e4hrige Bl\u00fctezeitraum der Reben zeigt einen Verlauf, der dem langj\u00e4hrigen Durchschnitt entspricht. Die Rebbl\u00fcte markiert den Startpunkt der Traubenentwicklung, die in etwa 90 bis 100 Tagen abgeschlossen sein wird, wodurch die Trauben erntereif werden. Basierend auf dem aktuellen Entwicklungsstand ist es wahrscheinlich, dass die Hauptlese f\u00fcr den Weinjahrgang 2023 Mitte September beginnen wird. Allerdings werden bereits Ende August die ersten fr\u00fchreifen Trauben geerntet, um Federwei\u00dfen zu produzieren.<\/p>\n<h2>Perfektes Gleichgewicht: Sonne und Regen in optimaler Balance<\/h2>\n<p>Die Winzerinnen und Winzer haben klare Vorstellungen davon, welches Wetter sie sich bis zur Traubenernte erhoffen. Sie streben nach sonnigen Tagen, die jedoch nicht zu hei\u00df sind, um eine gesunde Rebenentwicklung zu f\u00f6rdern. Gleichzeitig ist ihnen der Landregen wichtig, um die derzeitige gute Wasserversorgung der Reben aufrechtzuerhalten. Das ideale Wetter w\u00e4re eine Kombination aus ausreichender Sonneneinstrahlung und gelegentlichem, aber ausgiebigem Landregen, um den Reben optimale Bedingungen zu bieten und somit eine erfolgreiche und qualitativ hochwertige Traubenernte zu erm\u00f6glichen.<\/p>\n","protected":false},"excerpt":{"rendered":"<p>Die warmen Weinlagen sind derzeit Schauplatz eines zauberhaften Ereignisses: Die Reben sind in ihre Bl\u00fctephase eingetreten. Die zarten Bl\u00fctenknospen \u00f6ffnen sich und verleihen den Weinbergen ein romantisches Flair. Die Winzer verfolgen gespannt den Fortschritt der Bl\u00fcte, da dies ein wichtiger Indikator f\u00fcr den sp\u00e4teren Ernteerfolg ist. Gleichzeitig richten sich die Blicke auf die \u00fcbrigen Weinberge,<\/p>\n<div class=\"read-more\"><a href=\"https:\/\/www.doppelklicker.de\/blog\/weinernte-rebenbluete-2023\/\" title=\"Jetzt alles lesen\">Jetzt alles lesen<\/a><\/div>\n","protected":false},"author":8,"featured_media":5850,"comment_status":"open","ping_status":"open","sticky":false,"template":"","format":"standard","meta":[],"categories":[3305],"tags":[],"yoast_head":"<!-- This site is optimized with the Yoast SEO plugin v18.2 - https:\/\/yoast.com\/wordpress\/plugins\/seo\/ -->\n<meta name=\"robots\" content=\"index, follow, max-snippet:-1, max-image-preview:large, max-video-preview:-1\" \/>\n<link rel=\"canonical\" href=\"https:\/\/www.doppelklicker.de\/blog\/weinernte-rebenbluete-2023\/\" \/>\n<meta property=\"og:locale\" content=\"de_DE\" \/>\n<meta property=\"og:type\" content=\"article\" \/>\n<meta property=\"og:title\" content=\"Erfreuliche Entwicklung: Rebenbl\u00fcte 2023 verl\u00e4uft erfolgreich dank idealer Bedingungen\" \/>\n<meta property=\"og:description\" content=\"Die warmen Weinlagen sind derzeit Schauplatz eines zauberhaften Ereignisses: Die Reben sind in ihre Bl\u00fctephase eingetreten. Die zarten Bl\u00fctenknospen \u00f6ffnen sich und verleihen den Weinbergen ein romantisches Flair. Die Winzer verfolgen gespannt den Fortschritt der Bl\u00fcte, da dies ein wichtiger Indikator f\u00fcr den sp\u00e4teren Ernteerfolg ist. Gleichzeitig richten sich die Blicke auf die \u00fcbrigen Weinberge,Jetzt alles lesen\" \/>\n<meta property=\"og:url\" content=\"https:\/\/www.doppelklicker.de\/blog\/weinernte-rebenbluete-2023\/\" \/>\n<meta property=\"og:site_name\" content=\"Aus Mainz.\" \/>\n<meta property=\"article:published_time\" content=\"2023-06-20T06:00:00+00:00\" \/>\n<meta property=\"og:image\" content=\"https:\/\/www.doppelklicker.de\/blog\/wp-content\/uploads\/2023\/06\/optimale-bedingungen-rebenbluete-verspricht-gute-ernte-7187.jpg\" \/>\n\t<meta property=\"og:image:width\" content=\"700\" \/>\n\t<meta property=\"og:image:height\" content=\"335\" \/>\n\t<meta property=\"og:image:type\" content=\"image\/jpeg\" \/>\n<meta name=\"twitter:card\" content=\"summary_large_image\" \/>\n<meta name=\"twitter:label1\" content=\"Verfasst von\" \/>\n\t<meta name=\"twitter:data1\" content=\"Iris Martin\" \/>\n\t<meta name=\"twitter:label2\" content=\"Gesch\u00e4tzte Lesezeit\" \/>\n\t<meta name=\"twitter:data2\" content=\"2 Minuten\" \/>\n<script type=\"application\/ld+json\" class=\"yoast-schema-graph\">{\"@context\":\"https:\/\/schema.org\",\"@graph\":[{\"@type\":\"WebSite\",\"@id\":\"https:\/\/www.doppelklicker.de\/blog\/#website\",\"url\":\"https:\/\/www.doppelklicker.de\/blog\/\",\"name\":\"Aus Mainz.\",\"description\":\"F\u00fcr die Welt.\",\"potentialAction\":[{\"@type\":\"SearchAction\",\"target\":{\"@type\":\"EntryPoint\",\"urlTemplate\":\"https:\/\/www.doppelklicker.de\/blog\/?s={search_term_string}\"},\"query-input\":\"required name=search_term_string\"}],\"inLanguage\":\"de-DE\"},{\"@type\":\"ImageObject\",\"@id\":\"https:\/\/www.doppelklicker.de\/blog\/weinernte-rebenbluete-2023\/#primaryimage\",\"inLanguage\":\"de-DE\",\"url\":\"https:\/\/www.doppelklicker.de\/blog\/wp-content\/uploads\/2023\/06\/optimale-bedingungen-rebenbluete-verspricht-gute-ernte-7187.jpg\",\"contentUrl\":\"https:\/\/www.doppelklicker.de\/blog\/wp-content\/uploads\/2023\/06\/optimale-bedingungen-rebenbluete-verspricht-gute-ernte-7187.jpg\",\"width\":700,\"height\":335,\"caption\":\"Erfreuliche Entwicklung: Rebenbl\u00fcte 2023 verl\u00e4uft erfolgreich dank idealer Bedingungen (Foto: 364115547 Reiner)\"},{\"@type\":\"WebPage\",\"@id\":\"https:\/\/www.doppelklicker.de\/blog\/weinernte-rebenbluete-2023\/#webpage\",\"url\":\"https:\/\/www.doppelklicker.de\/blog\/weinernte-rebenbluete-2023\/\",\"name\":\"Erfreuliche Entwicklung: Rebenbl\u00fcte 2023 verl\u00e4uft erfolgreich dank idealer Bedingungen\",\"isPartOf\":{\"@id\":\"https:\/\/www.doppelklicker.de\/blog\/#website\"},\"primaryImageOfPage\":{\"@id\":\"https:\/\/www.doppelklicker.de\/blog\/weinernte-rebenbluete-2023\/#primaryimage\"},\"datePublished\":\"2023-06-20T06:00:00+00:00\",\"dateModified\":\"2023-06-20T06:00:00+00:00\",\"author\":{\"@id\":\"https:\/\/www.doppelklicker.de\/blog\/#\/schema\/person\/08dcac172bdb025e8ff433488184668a\"},\"breadcrumb\":{\"@id\":\"https:\/\/www.doppelklicker.de\/blog\/weinernte-rebenbluete-2023\/#breadcrumb\"},\"inLanguage\":\"de-DE\",\"potentialAction\":[{\"@type\":\"ReadAction\",\"target\":[\"https:\/\/www.doppelklicker.de\/blog\/weinernte-rebenbluete-2023\/\"]}]},{\"@type\":\"BreadcrumbList\",\"@id\":\"https:\/\/www.doppelklicker.de\/blog\/weinernte-rebenbluete-2023\/#breadcrumb\",\"itemListElement\":[{\"@type\":\"ListItem\",\"position\":1,\"name\":\"Startseite\",\"item\":\"https:\/\/www.doppelklicker.de\/blog\/\"},{\"@type\":\"ListItem\",\"position\":2,\"name\":\"Erfreuliche Entwicklung: Rebenbl\u00fcte 2023 verl\u00e4uft erfolgreich dank idealer Bedingungen\"}]},{\"@type\":\"Person\",\"@id\":\"https:\/\/www.doppelklicker.de\/blog\/#\/schema\/person\/08dcac172bdb025e8ff433488184668a\",\"name\":\"Iris Martin\",\"image\":{\"@type\":\"ImageObject\",\"@id\":\"https:\/\/www.doppelklicker.de\/blog\/#personlogo\",\"inLanguage\":\"de-DE\",\"url\":\"https:\/\/secure.gravatar.com\/avatar\/82fdaa093be0b9686b531f99fcb54d15?s=96&d=wp_user_avatar&r=g\",\"contentUrl\":\"https:\/\/secure.gravatar.com\/avatar\/82fdaa093be0b9686b531f99fcb54d15?s=96&d=wp_user_avatar&r=g\",\"caption\":\"Iris Martin\"},\"url\":\"https:\/\/www.doppelklicker.de\/blog\/author\/iris-martin\/\"}]}<\/script>\n<!-- \/ Yoast SEO plugin. -->","yoast_head_json":{"robots":{"index":"index","follow":"follow","max-snippet":"max-snippet:-1","max-image-preview":"max-image-preview:large","max-video-preview":"max-video-preview:-1"},"canonical":"https:\/\/www.doppelklicker.de\/blog\/weinernte-rebenbluete-2023\/","og_locale":"de_DE","og_type":"article","og_title":"Erfreuliche Entwicklung: Rebenbl\u00fcte 2023 verl\u00e4uft erfolgreich dank idealer Bedingungen","og_description":"Die warmen Weinlagen sind derzeit Schauplatz eines zauberhaften Ereignisses: Die Reben sind in ihre Bl\u00fctephase eingetreten. Die zarten Bl\u00fctenknospen \u00f6ffnen sich und verleihen den Weinbergen ein romantisches Flair. Die Winzer verfolgen gespannt den Fortschritt der Bl\u00fcte, da dies ein wichtiger Indikator f\u00fcr den sp\u00e4teren Ernteerfolg ist. Gleichzeitig richten sich die Blicke auf die \u00fcbrigen Weinberge,Jetzt alles lesen","og_url":"https:\/\/www.doppelklicker.de\/blog\/weinernte-rebenbluete-2023\/","og_site_name":"Aus Mainz.","article_published_time":"2023-06-20T06:00:00+00:00","og_image":[{"width":700,"height":335,"url":"https:\/\/www.doppelklicker.de\/blog\/wp-content\/uploads\/2023\/06\/optimale-bedingungen-rebenbluete-verspricht-gute-ernte-7187.jpg","type":"image\/jpeg"}],"twitter_card":"summary_large_image","twitter_misc":{"Verfasst von":"Iris Martin","Gesch\u00e4tzte Lesezeit":"2 Minuten"},"schema":{"@context":"https:\/\/schema.org","@graph":[{"@type":"WebSite","@id":"https:\/\/www.doppelklicker.de\/blog\/#website","url":"https:\/\/www.doppelklicker.de\/blog\/","name":"Aus Mainz.","description":"F\u00fcr die Welt.","potentialAction":[{"@type":"SearchAction","target":{"@type":"EntryPoint","urlTemplate":"https:\/\/www.doppelklicker.de\/blog\/?s={search_term_string}"},"query-input":"required name=search_term_string"}],"inLanguage":"de-DE"},{"@type":"ImageObject","@id":"https:\/\/www.doppelklicker.de\/blog\/weinernte-rebenbluete-2023\/#primaryimage","inLanguage":"de-DE","url":"https:\/\/www.doppelklicker.de\/blog\/wp-content\/uploads\/2023\/06\/optimale-bedingungen-rebenbluete-verspricht-gute-ernte-7187.jpg","contentUrl":"https:\/\/www.doppelklicker.de\/blog\/wp-content\/uploads\/2023\/06\/optimale-bedingungen-rebenbluete-verspricht-gute-ernte-7187.jpg","width":700,"height":335,"caption":"Erfreuliche Entwicklung: Rebenbl\u00fcte 2023 verl\u00e4uft erfolgreich dank idealer Bedingungen (Foto: 364115547 Reiner)"},{"@type":"WebPage","@id":"https:\/\/www.doppelklicker.de\/blog\/weinernte-rebenbluete-2023\/#webpage","url":"https:\/\/www.doppelklicker.de\/blog\/weinernte-rebenbluete-2023\/","name":"Erfreuliche Entwicklung: Rebenbl\u00fcte 2023 verl\u00e4uft erfolgreich dank idealer Bedingungen","isPartOf":{"@id":"https:\/\/www.doppelklicker.de\/blog\/#website"},"primaryImageOfPage":{"@id":"https:\/\/www.doppelklicker.de\/blog\/weinernte-rebenbluete-2023\/#primaryimage"},"datePublished":"2023-06-20T06:00:00+00:00","dateModified":"2023-06-20T06:00:00+00:00","author":{"@id":"https:\/\/www.doppelklicker.de\/blog\/#\/schema\/person\/08dcac172bdb025e8ff433488184668a"},"breadcrumb":{"@id":"https:\/\/www.doppelklicker.de\/blog\/weinernte-rebenbluete-2023\/#breadcrumb"},"inLanguage":"de-DE","potentialAction":[{"@type":"ReadAction","target":["https:\/\/www.doppelklicker.de\/blog\/weinernte-rebenbluete-2023\/"]}]},{"@type":"BreadcrumbList","@id":"https:\/\/www.doppelklicker.de\/blog\/weinernte-rebenbluete-2023\/#breadcrumb","itemListElement":[{"@type":"ListItem","position":1,"name":"Startseite","item":"https:\/\/www.doppelklicker.de\/blog\/"},{"@type":"ListItem","position":2,"name":"Erfreuliche Entwicklung: Rebenbl\u00fcte 2023 verl\u00e4uft erfolgreich dank idealer Bedingungen"}]},{"@type":"Person","@id":"https:\/\/www.doppelklicker.de\/blog\/#\/schema\/person\/08dcac172bdb025e8ff433488184668a","name":"Iris Martin","image":{"@type":"ImageObject","@id":"https:\/\/www.doppelklicker.de\/blog\/#personlogo","inLanguage":"de-DE","url":"https:\/\/secure.gravatar.com\/avatar\/82fdaa093be0b9686b531f99fcb54d15?s=96&d=wp_user_avatar&r=g","contentUrl":"https:\/\/secure.gravatar.com\/avatar\/82fdaa093be0b9686b531f99fcb54d15?s=96&d=wp_user_avatar&r=g","caption":"Iris Martin"},"url":"https:\/\/www.doppelklicker.de\/blog\/author\/iris-martin\/"}]}},"_links":{"self":[{"href":"https:\/\/www.doppelklicker.de\/blog\/wp-json\/wp\/v2\/posts\/5849"}],"collection":[{"href":"https:\/\/www.doppelklicker.de\/blog\/wp-json\/wp\/v2\/posts"}],"about":[{"href":"https:\/\/www.doppelklicker.de\/blog\/wp-json\/wp\/v2\/types\/post"}],"author":[{"embeddable":true,"href":"https:\/\/www.doppelklicker.de\/blog\/wp-json\/wp\/v2\/users\/8"}],"replies":[{"embeddable":true,"href":"https:\/\/www.doppelklicker.de\/blog\/wp-json\/wp\/v2\/comments?post=5849"}],"version-history":[{"count":0,"href":"https:\/\/www.doppelklicker.de\/blog\/wp-json\/wp\/v2\/posts\/5849\/revisions"}],"wp:featuredmedia":[{"embeddable":true,"href":"https:\/\/www.doppelklicker.de\/blog\/wp-json\/wp\/v2\/media\/5850"}],"wp:attachment":[{"href":"https:\/\/www.doppelklicker.de\/blog\/wp-json\/wp\/v2\/media?parent=5849"}],"wp:term":[{"taxonomy":"category","embeddable":true,"href":"https:\/\/www.doppelklicker.de\/blog\/wp-json\/wp\/v2\/categories?post=5849"},{"taxonomy":"post_tag","embeddable":true,"href":"https:\/\/www.doppelklicker.de\/blog\/wp-json\/wp\/v2\/tags?post=5849"}],"curies":[{"name":"wp","href":"https:\/\/api.w.org\/{rel}","templated":true}]}}