{"id":5868,"date":"2023-07-10T08:00:00","date_gmt":"2023-07-10T06:00:00","guid":{"rendered":"guid"},"modified":"2023-07-10T08:00:00","modified_gmt":"2023-07-10T06:00:00","slug":"datenschutz-bundeskartell-meta","status":"publish","type":"post","link":"https:\/\/www.doppelklicker.de\/blog\/datenschutz-bundeskartell-meta\/","title":{"rendered":"Datenschutzversto\u00df? Bundeskartellamt untersucht Meta"},"content":{"rendered":"<p>Das Urteil des Europ\u00e4ischen Gerichtshofs (EuGH) hat weitreichende Konsequenzen f\u00fcr Meta, das Unternehmen hinter Facebook, in Bezug auf den Datenschutz. Das Bundeskartellamt hatte bereits zuvor Meta untersagt, Nutzerdaten ohne ausdr\u00fcckliche Zustimmung zu sammeln. Der EuGH hat nun die Entscheidung best\u00e4tigt und dabei insbesondere Bedenken ge\u00e4u\u00dfert bez\u00fcglich der Sammlung von Daten, die R\u00fcckschl\u00fcsse auf politische Meinungen, religi\u00f6se Zugeh\u00f6rigkeit oder sexuelle Orientierung zulassen. Dieses Urteil r\u00fcckt erneut die Datenschutzprobleme von Meta in den Fokus, wie auch ein Datenleck aus dem Jahr 2021 zeigt. Betroffenen Facebook-Nutzern wird von der renommierten Kanzlei Dr. Stoll &#038; Sauer empfohlen, eine kostenlose Erstberatung in Anspruch zu nehmen, um Schadensersatzanspr\u00fcche zu pr\u00fcfen. Weitere Informationen zum Datenleck und Datenschutz k\u00f6nnen auf unserer Website eingesehen werden.<br \/>\n<!--more--><\/p>\n<div id=\"ez-toc-container\" class=\"ez-toc-v2_0_16 counter-hierarchy\">\n<div class=\"ez-toc-title-container\">\n<p class=\"ez-toc-title\">Inhaltsverzeichnis: Das erwartet Sie in diesem Artikel<\/p>\n<span class=\"ez-toc-title-toggle\"><a class=\"ez-toc-pull-right ez-toc-btn ez-toc-btn-xs ez-toc-btn-default ez-toc-toggle\" style=\"display: none;\"><i class=\"ez-toc-glyphicon ez-toc-icon-toggle\"><\/i><\/a><\/span><\/div>\n<nav><ul class=\"ez-toc-list ez-toc-list-level-1\"><li class=\"ez-toc-page-1 ez-toc-heading-level-2\"><a class=\"ez-toc-link ez-toc-heading-1\" href=\"https:\/\/www.doppelklicker.de\/blog\/datenschutz-bundeskartell-meta\/#meta-unterliegt-in-datenschutzverfahren\" title=\"Meta unterliegt in Datenschutzverfahren\">Meta unterliegt in Datenschutzverfahren<\/a><\/li><li class=\"ez-toc-page-1 ez-toc-heading-level-2\"><a class=\"ez-toc-link ez-toc-heading-2\" href=\"https:\/\/www.doppelklicker.de\/blog\/datenschutz-bundeskartell-meta\/#eugh-urteil-meta-muss-daten-ohne-zustimmung-untersagen\" title=\"EuGH-Urteil: Meta muss Daten ohne Zustimmung untersagen\">EuGH-Urteil: Meta muss Daten ohne Zustimmung untersagen<\/a><\/li><li class=\"ez-toc-page-1 ez-toc-heading-level-2\"><a class=\"ez-toc-link ez-toc-heading-3\" href=\"https:\/\/www.doppelklicker.de\/blog\/datenschutz-bundeskartell-meta\/#einwilligung-und-datenschutz-im-fokus\" title=\"Einwilligung und Datenschutz im Fokus\">Einwilligung und Datenschutz im Fokus<\/a><\/li><li class=\"ez-toc-page-1 ez-toc-heading-level-2\"><a class=\"ez-toc-link ez-toc-heading-4\" href=\"https:\/\/www.doppelklicker.de\/blog\/datenschutz-bundeskartell-meta\/#bundeskartellamt-feiert-wichtigen-erfolg\" title=\"Bundeskartellamt feiert wichtigen Erfolg\">Bundeskartellamt feiert wichtigen Erfolg<\/a><\/li><li class=\"ez-toc-page-1 ez-toc-heading-level-2\"><a class=\"ez-toc-link ez-toc-heading-5\" href=\"https:\/\/www.doppelklicker.de\/blog\/datenschutz-bundeskartell-meta\/#schlussfolgerungen-und-ausblicke-praesentiert\" title=\"Schlussfolgerungen und Ausblicke pr\u00e4sentiert\">Schlussfolgerungen und Ausblicke pr\u00e4sentiert<\/a><\/li><\/ul><\/nav><\/div>\n<h2><span class=\"ez-toc-section\" id=\"meta-unterliegt-in-datenschutzverfahren\"><\/span>Meta unterliegt in Datenschutzverfahren<span class=\"ez-toc-section-end\"><\/span><\/h2>\n<p>In den letzten Jahren hat der Meta-Konzern vermehrt wegen Verst\u00f6\u00dfen gegen den Datenschutz das Interesse der EU auf sich gezogen. Das aktuelle Urteil des Europ\u00e4ischen Gerichtshofs stellt einen weiteren R\u00fcckschlag f\u00fcr den gro\u00dfen Social-Media-Riesen dar. In dem Verfahren mit dem Aktenzeichen C-252\/21 wurde die umfangreiche Datensammlung von Meta \u00fcber seine Nutzer verhandelt. Um die Dienste von Facebook nutzen zu k\u00f6nnen, m\u00fcssen die Nutzer den Allgemeinen Nutzungsbedingungen, Cookies und den Richtlinien zur Datenverwendung zustimmen. Anschlie\u00dfend verfolgt Meta die Aktivit\u00e4ten der Nutzer innerhalb und au\u00dferhalb der Plattform und ordnet sie den entsprechenden Facebook-Konten zu. Dabei werden auch Informationen \u00fcber die Nutzung anderer Meta-Plattformen wie Instagram oder WhatsApp sowie \u00fcber besuchte Drittseiten erfasst. Das Bundeskartellamt hat dem Datensammeln ohne Einwilligung der Nutzer nun ein Ende gesetzt.<\/p>\n<h2><span class=\"ez-toc-section\" id=\"eugh-urteil-meta-muss-daten-ohne-zustimmung-untersagen\"><\/span>EuGH-Urteil: Meta muss Daten ohne Zustimmung untersagen<span class=\"ez-toc-section-end\"><\/span><\/h2>\n<p>Im Rahmen eines Rechtsstreits gegen das Verbot des Bundeskartellamts reichte Meta Klage beim Oberlandesgericht D\u00fcsseldorf ein. Das Unternehmen argumentierte, dass das Bundeskartellamt seine Befugnisse \u00fcberschritten habe, indem es die Einhaltung des Datenschutzes kontrollierte. Zur Kl\u00e4rung der Frage, ob nationale Kartell\u00e4mter berechtigt sind, den Datenschutz zu \u00fcberwachen, wurde der Fall an den Europ\u00e4ischen Gerichtshof \u00fcbergeben. Der EuGH entschied eindeutig zugunsten des Bundeskartellamts und untersagte Meta das Sammeln von Daten ohne ausdr\u00fcckliche Zustimmung der Nutzer.<\/p>\n<h2><span class=\"ez-toc-section\" id=\"einwilligung-und-datenschutz-im-fokus\"><\/span>Einwilligung und Datenschutz im Fokus<span class=\"ez-toc-section-end\"><\/span><\/h2>\n<p>Der Europ\u00e4ische Gerichtshof (EuGH) hat in seinem Urteil auch die Erfassung von Informationen beim Besuch von Websites au\u00dferhalb der Meta-Plattformen kritisch hinterfragt, insbesondere im Zusammenhang mit der Nutzung des &#8222;Gef\u00e4llt mir&#8220;-Buttons von Facebook. Das Gericht entschied, dass der Besuch einer Webseite nicht automatisch die Zustimmung des Nutzers zur weltweiten Ver\u00f6ffentlichung der gesammelten Daten einschlie\u00dft. Gem\u00e4\u00df der Datenschutzgrundverordnung h\u00e4ngt dies von den ausdr\u00fccklichen Erlaubnissen ab, die der Nutzer erteilt hat. Sensible Daten d\u00fcrfen nur mit der ausdr\u00fccklichen Zustimmung des Nutzers gesammelt werden. Das Urteil stellt klar, dass Meta nur dann auf Webseiten au\u00dferhalb seiner eigenen Plattformen zugreifen darf, wenn die Nutzer zuvor eindeutig ihre Freigabe daf\u00fcr erteilt haben.<\/p>\n<h2><span class=\"ez-toc-section\" id=\"bundeskartellamt-feiert-wichtigen-erfolg\"><\/span>Bundeskartellamt feiert wichtigen Erfolg<span class=\"ez-toc-section-end\"><\/span><\/h2>\n<p>Das Urteil des Europ\u00e4ischen Gerichtshofs (EuGH) hat weitreichende Auswirkungen und stellt einen bedeutenden Meilenstein f\u00fcr das Bundeskartellamt dar. Bereits 2019 hatte das Bundeskartellamt gegen Facebook Ma\u00dfnahmen ergriffen und dem Unternehmen das Sammeln von Daten ohne eine wirksame freiwillige Einwilligung der Nutzer untersagt. Facebook hatte gegen diese Entscheidung geklagt und vor allem die Zust\u00e4ndigkeit des Bundeskartellamts angezweifelt, da dieses in erster Linie f\u00fcr die Aufrechterhaltung eines fairen Wettbewerbs zust\u00e4ndig ist. Das Gericht betonte jedoch, dass sowohl Datenschutzbeh\u00f6rden als auch das Bundeskartellamt berechtigt sind, das Datensammeln zu kontrollieren, um m\u00f6glichen Missbrauch einer marktbeherrschenden Stellung zu verhindern.<\/p>\n<h2><span class=\"ez-toc-section\" id=\"schlussfolgerungen-und-ausblicke-praesentiert\"><\/span>Schlussfolgerungen und Ausblicke pr\u00e4sentiert<span class=\"ez-toc-section-end\"><\/span><\/h2>\n<p>Durch die R\u00fcckverweisung des Falls an die deutschen Gerichte, welche sich an den Vorgaben des Europ\u00e4ischen Gerichtshofs in Luxemburg orientieren m\u00fcssen, er\u00f6ffnet sich eine neue Phase des Streitverfahrens. Meta wird voraussichtlich gezwungen sein, seine Kunden auf Plattformen wie Facebook, Instagram und WhatsApp erneut um ihre Zustimmung zur Datensammlung zu bitten. Hierbei ist es von gro\u00dfer Bedeutung, dass den Nutzern die Wahlfreiheit gew\u00e4hrt wird und sie die M\u00f6glichkeit haben, diese Einwilligung zu verweigern. Das Urteil des Europ\u00e4ischen Gerichtshofs sendet ein deutliches Signal hinsichtlich des Datenschutzes und betont die Wichtigkeit der Einwilligung bei der Sammlung von Daten. Es stellt einen bedeutsamen Schritt zur St\u00e4rkung der Privatsph\u00e4re und zum Schutz pers\u00f6nlicher Daten der Nutzer dar.<\/p>\n","protected":false},"excerpt":{"rendered":"<p>Das Urteil des Europ\u00e4ischen Gerichtshofs (EuGH) hat weitreichende Konsequenzen f\u00fcr Meta, das Unternehmen hinter Facebook, in Bezug auf den Datenschutz. Das Bundeskartellamt hatte bereits zuvor Meta untersagt, Nutzerdaten ohne ausdr\u00fcckliche Zustimmung zu sammeln. Der EuGH hat nun die Entscheidung best\u00e4tigt und dabei insbesondere Bedenken ge\u00e4u\u00dfert bez\u00fcglich der Sammlung von Daten, die R\u00fcckschl\u00fcsse auf politische Meinungen,<\/p>\n<div class=\"read-more\"><a href=\"https:\/\/www.doppelklicker.de\/blog\/datenschutz-bundeskartell-meta\/\" title=\"Jetzt alles lesen\">Jetzt alles lesen<\/a><\/div>\n","protected":false},"author":8,"featured_media":5869,"comment_status":"open","ping_status":"open","sticky":false,"template":"","format":"standard","meta":[],"categories":[3305],"tags":[],"yoast_head":"<!-- This site is optimized with the Yoast SEO plugin v18.2 - https:\/\/yoast.com\/wordpress\/plugins\/seo\/ -->\n<meta name=\"robots\" content=\"index, follow, max-snippet:-1, max-image-preview:large, max-video-preview:-1\" \/>\n<link rel=\"canonical\" href=\"https:\/\/www.doppelklicker.de\/blog\/datenschutz-bundeskartell-meta\/\" \/>\n<meta property=\"og:locale\" content=\"de_DE\" \/>\n<meta property=\"og:type\" content=\"article\" \/>\n<meta property=\"og:title\" content=\"Datenschutzversto\u00df? Bundeskartellamt untersucht Meta\" \/>\n<meta property=\"og:description\" content=\"Das Urteil des Europ\u00e4ischen Gerichtshofs (EuGH) hat weitreichende Konsequenzen f\u00fcr Meta, das Unternehmen hinter Facebook, in Bezug auf den Datenschutz. Das Bundeskartellamt hatte bereits zuvor Meta untersagt, Nutzerdaten ohne ausdr\u00fcckliche Zustimmung zu sammeln. Der EuGH hat nun die Entscheidung best\u00e4tigt und dabei insbesondere Bedenken ge\u00e4u\u00dfert bez\u00fcglich der Sammlung von Daten, die R\u00fcckschl\u00fcsse auf politische Meinungen,Jetzt alles lesen\" \/>\n<meta property=\"og:url\" content=\"https:\/\/www.doppelklicker.de\/blog\/datenschutz-bundeskartell-meta\/\" \/>\n<meta property=\"og:site_name\" content=\"Aus Mainz.\" \/>\n<meta property=\"article:published_time\" content=\"2023-07-10T06:00:00+00:00\" \/>\n<meta property=\"og:image\" content=\"https:\/\/www.doppelklicker.de\/blog\/wp-content\/uploads\/2023\/07\/bundeskartellamt-erhaelt-befugnis-zur-ueberpruefung-von-meta-im-hinblick-auf.jpg\" \/>\n\t<meta property=\"og:image:width\" content=\"700\" \/>\n\t<meta property=\"og:image:height\" content=\"335\" \/>\n\t<meta property=\"og:image:type\" content=\"image\/jpeg\" \/>\n<meta name=\"twitter:card\" content=\"summary_large_image\" \/>\n<meta name=\"twitter:label1\" content=\"Verfasst von\" \/>\n\t<meta name=\"twitter:data1\" content=\"Iris Martin\" \/>\n\t<meta name=\"twitter:label2\" content=\"Gesch\u00e4tzte Lesezeit\" \/>\n\t<meta name=\"twitter:data2\" content=\"4 Minuten\" \/>\n<script type=\"application\/ld+json\" class=\"yoast-schema-graph\">{\"@context\":\"https:\/\/schema.org\",\"@graph\":[{\"@type\":\"WebSite\",\"@id\":\"https:\/\/www.doppelklicker.de\/blog\/#website\",\"url\":\"https:\/\/www.doppelklicker.de\/blog\/\",\"name\":\"Aus Mainz.\",\"description\":\"F\u00fcr die Welt.\",\"potentialAction\":[{\"@type\":\"SearchAction\",\"target\":{\"@type\":\"EntryPoint\",\"urlTemplate\":\"https:\/\/www.doppelklicker.de\/blog\/?s={search_term_string}\"},\"query-input\":\"required name=search_term_string\"}],\"inLanguage\":\"de-DE\"},{\"@type\":\"ImageObject\",\"@id\":\"https:\/\/www.doppelklicker.de\/blog\/datenschutz-bundeskartell-meta\/#primaryimage\",\"inLanguage\":\"de-DE\",\"url\":\"https:\/\/www.doppelklicker.de\/blog\/wp-content\/uploads\/2023\/07\/bundeskartellamt-erhaelt-befugnis-zur-ueberpruefung-von-meta-im-hinblick-auf.jpg\",\"contentUrl\":\"https:\/\/www.doppelklicker.de\/blog\/wp-content\/uploads\/2023\/07\/bundeskartellamt-erhaelt-befugnis-zur-ueberpruefung-von-meta-im-hinblick-auf.jpg\",\"width\":700,\"height\":335,\"caption\":\"Datenschutzversto\u00df? Bundeskartellamt untersucht Meta (Foto: AdobeStock - 195650110 stockpics)\"},{\"@type\":\"WebPage\",\"@id\":\"https:\/\/www.doppelklicker.de\/blog\/datenschutz-bundeskartell-meta\/#webpage\",\"url\":\"https:\/\/www.doppelklicker.de\/blog\/datenschutz-bundeskartell-meta\/\",\"name\":\"Datenschutzversto\u00df? Bundeskartellamt untersucht Meta\",\"isPartOf\":{\"@id\":\"https:\/\/www.doppelklicker.de\/blog\/#website\"},\"primaryImageOfPage\":{\"@id\":\"https:\/\/www.doppelklicker.de\/blog\/datenschutz-bundeskartell-meta\/#primaryimage\"},\"datePublished\":\"2023-07-10T06:00:00+00:00\",\"dateModified\":\"2023-07-10T06:00:00+00:00\",\"author\":{\"@id\":\"https:\/\/www.doppelklicker.de\/blog\/#\/schema\/person\/08dcac172bdb025e8ff433488184668a\"},\"breadcrumb\":{\"@id\":\"https:\/\/www.doppelklicker.de\/blog\/datenschutz-bundeskartell-meta\/#breadcrumb\"},\"inLanguage\":\"de-DE\",\"potentialAction\":[{\"@type\":\"ReadAction\",\"target\":[\"https:\/\/www.doppelklicker.de\/blog\/datenschutz-bundeskartell-meta\/\"]}]},{\"@type\":\"BreadcrumbList\",\"@id\":\"https:\/\/www.doppelklicker.de\/blog\/datenschutz-bundeskartell-meta\/#breadcrumb\",\"itemListElement\":[{\"@type\":\"ListItem\",\"position\":1,\"name\":\"Startseite\",\"item\":\"https:\/\/www.doppelklicker.de\/blog\/\"},{\"@type\":\"ListItem\",\"position\":2,\"name\":\"Datenschutzversto\u00df? Bundeskartellamt untersucht Meta\"}]},{\"@type\":\"Person\",\"@id\":\"https:\/\/www.doppelklicker.de\/blog\/#\/schema\/person\/08dcac172bdb025e8ff433488184668a\",\"name\":\"Iris Martin\",\"image\":{\"@type\":\"ImageObject\",\"@id\":\"https:\/\/www.doppelklicker.de\/blog\/#personlogo\",\"inLanguage\":\"de-DE\",\"url\":\"https:\/\/secure.gravatar.com\/avatar\/82fdaa093be0b9686b531f99fcb54d15?s=96&d=wp_user_avatar&r=g\",\"contentUrl\":\"https:\/\/secure.gravatar.com\/avatar\/82fdaa093be0b9686b531f99fcb54d15?s=96&d=wp_user_avatar&r=g\",\"caption\":\"Iris Martin\"},\"url\":\"https:\/\/www.doppelklicker.de\/blog\/author\/iris-martin\/\"}]}<\/script>\n<!-- \/ Yoast SEO plugin. -->","yoast_head_json":{"robots":{"index":"index","follow":"follow","max-snippet":"max-snippet:-1","max-image-preview":"max-image-preview:large","max-video-preview":"max-video-preview:-1"},"canonical":"https:\/\/www.doppelklicker.de\/blog\/datenschutz-bundeskartell-meta\/","og_locale":"de_DE","og_type":"article","og_title":"Datenschutzversto\u00df? Bundeskartellamt untersucht Meta","og_description":"Das Urteil des Europ\u00e4ischen Gerichtshofs (EuGH) hat weitreichende Konsequenzen f\u00fcr Meta, das Unternehmen hinter Facebook, in Bezug auf den Datenschutz. Das Bundeskartellamt hatte bereits zuvor Meta untersagt, Nutzerdaten ohne ausdr\u00fcckliche Zustimmung zu sammeln. Der EuGH hat nun die Entscheidung best\u00e4tigt und dabei insbesondere Bedenken ge\u00e4u\u00dfert bez\u00fcglich der Sammlung von Daten, die R\u00fcckschl\u00fcsse auf politische Meinungen,Jetzt alles lesen","og_url":"https:\/\/www.doppelklicker.de\/blog\/datenschutz-bundeskartell-meta\/","og_site_name":"Aus Mainz.","article_published_time":"2023-07-10T06:00:00+00:00","og_image":[{"width":700,"height":335,"url":"https:\/\/www.doppelklicker.de\/blog\/wp-content\/uploads\/2023\/07\/bundeskartellamt-erhaelt-befugnis-zur-ueberpruefung-von-meta-im-hinblick-auf.jpg","type":"image\/jpeg"}],"twitter_card":"summary_large_image","twitter_misc":{"Verfasst von":"Iris Martin","Gesch\u00e4tzte Lesezeit":"4 Minuten"},"schema":{"@context":"https:\/\/schema.org","@graph":[{"@type":"WebSite","@id":"https:\/\/www.doppelklicker.de\/blog\/#website","url":"https:\/\/www.doppelklicker.de\/blog\/","name":"Aus Mainz.","description":"F\u00fcr die Welt.","potentialAction":[{"@type":"SearchAction","target":{"@type":"EntryPoint","urlTemplate":"https:\/\/www.doppelklicker.de\/blog\/?s={search_term_string}"},"query-input":"required name=search_term_string"}],"inLanguage":"de-DE"},{"@type":"ImageObject","@id":"https:\/\/www.doppelklicker.de\/blog\/datenschutz-bundeskartell-meta\/#primaryimage","inLanguage":"de-DE","url":"https:\/\/www.doppelklicker.de\/blog\/wp-content\/uploads\/2023\/07\/bundeskartellamt-erhaelt-befugnis-zur-ueberpruefung-von-meta-im-hinblick-auf.jpg","contentUrl":"https:\/\/www.doppelklicker.de\/blog\/wp-content\/uploads\/2023\/07\/bundeskartellamt-erhaelt-befugnis-zur-ueberpruefung-von-meta-im-hinblick-auf.jpg","width":700,"height":335,"caption":"Datenschutzversto\u00df? Bundeskartellamt untersucht Meta (Foto: AdobeStock - 195650110 stockpics)"},{"@type":"WebPage","@id":"https:\/\/www.doppelklicker.de\/blog\/datenschutz-bundeskartell-meta\/#webpage","url":"https:\/\/www.doppelklicker.de\/blog\/datenschutz-bundeskartell-meta\/","name":"Datenschutzversto\u00df? Bundeskartellamt untersucht Meta","isPartOf":{"@id":"https:\/\/www.doppelklicker.de\/blog\/#website"},"primaryImageOfPage":{"@id":"https:\/\/www.doppelklicker.de\/blog\/datenschutz-bundeskartell-meta\/#primaryimage"},"datePublished":"2023-07-10T06:00:00+00:00","dateModified":"2023-07-10T06:00:00+00:00","author":{"@id":"https:\/\/www.doppelklicker.de\/blog\/#\/schema\/person\/08dcac172bdb025e8ff433488184668a"},"breadcrumb":{"@id":"https:\/\/www.doppelklicker.de\/blog\/datenschutz-bundeskartell-meta\/#breadcrumb"},"inLanguage":"de-DE","potentialAction":[{"@type":"ReadAction","target":["https:\/\/www.doppelklicker.de\/blog\/datenschutz-bundeskartell-meta\/"]}]},{"@type":"BreadcrumbList","@id":"https:\/\/www.doppelklicker.de\/blog\/datenschutz-bundeskartell-meta\/#breadcrumb","itemListElement":[{"@type":"ListItem","position":1,"name":"Startseite","item":"https:\/\/www.doppelklicker.de\/blog\/"},{"@type":"ListItem","position":2,"name":"Datenschutzversto\u00df? Bundeskartellamt untersucht Meta"}]},{"@type":"Person","@id":"https:\/\/www.doppelklicker.de\/blog\/#\/schema\/person\/08dcac172bdb025e8ff433488184668a","name":"Iris Martin","image":{"@type":"ImageObject","@id":"https:\/\/www.doppelklicker.de\/blog\/#personlogo","inLanguage":"de-DE","url":"https:\/\/secure.gravatar.com\/avatar\/82fdaa093be0b9686b531f99fcb54d15?s=96&d=wp_user_avatar&r=g","contentUrl":"https:\/\/secure.gravatar.com\/avatar\/82fdaa093be0b9686b531f99fcb54d15?s=96&d=wp_user_avatar&r=g","caption":"Iris Martin"},"url":"https:\/\/www.doppelklicker.de\/blog\/author\/iris-martin\/"}]}},"_links":{"self":[{"href":"https:\/\/www.doppelklicker.de\/blog\/wp-json\/wp\/v2\/posts\/5868"}],"collection":[{"href":"https:\/\/www.doppelklicker.de\/blog\/wp-json\/wp\/v2\/posts"}],"about":[{"href":"https:\/\/www.doppelklicker.de\/blog\/wp-json\/wp\/v2\/types\/post"}],"author":[{"embeddable":true,"href":"https:\/\/www.doppelklicker.de\/blog\/wp-json\/wp\/v2\/users\/8"}],"replies":[{"embeddable":true,"href":"https:\/\/www.doppelklicker.de\/blog\/wp-json\/wp\/v2\/comments?post=5868"}],"version-history":[{"count":0,"href":"https:\/\/www.doppelklicker.de\/blog\/wp-json\/wp\/v2\/posts\/5868\/revisions"}],"wp:featuredmedia":[{"embeddable":true,"href":"https:\/\/www.doppelklicker.de\/blog\/wp-json\/wp\/v2\/media\/5869"}],"wp:attachment":[{"href":"https:\/\/www.doppelklicker.de\/blog\/wp-json\/wp\/v2\/media?parent=5868"}],"wp:term":[{"taxonomy":"category","embeddable":true,"href":"https:\/\/www.doppelklicker.de\/blog\/wp-json\/wp\/v2\/categories?post=5868"},{"taxonomy":"post_tag","embeddable":true,"href":"https:\/\/www.doppelklicker.de\/blog\/wp-json\/wp\/v2\/tags?post=5868"}],"curies":[{"name":"wp","href":"https:\/\/api.w.org\/{rel}","templated":true}]}}