{"id":5891,"date":"2023-07-20T08:00:00","date_gmt":"2023-07-20T06:00:00","guid":{"rendered":"guid"},"modified":"2023-07-20T08:00:00","modified_gmt":"2023-07-20T06:00:00","slug":"neue-co2-preise-fuer-2024-hoehere-kosten-fuer-gas-und-heizoel","status":"publish","type":"post","link":"https:\/\/www.doppelklicker.de\/blog\/neue-co2-preise-fuer-2024-hoehere-kosten-fuer-gas-und-heizoel\/","title":{"rendered":"Preiserh\u00f6hung absehbar: Neue CO2-Preise f\u00fcr Gas und Heiz\u00f6l"},"content":{"rendered":"<p>Gem\u00e4\u00df einer aktuellen Entscheidung der Bundesregierung wird die CO2-Abgabe f\u00fcr Verbraucher im Jahr 2024 auf 45 Euro pro Tonne angehoben, w\u00e4hrend der urspr\u00fcnglich festgelegte Betrag bei 35 Euro lag, entsprechend dem Brennstoffemissionshandelsgesetz. Die erwartete Erh\u00f6hung wird voraussichtlich zu h\u00f6heren Heizkosten f\u00fcr Gas- und Heiz\u00f6lkunden f\u00fchren. CHECK24 hat eine detaillierte Analyse durchgef\u00fchrt, um die potenziellen Auswirkungen auf die Verbraucher zu ermitteln.<br \/>\n<!--more--><\/p>\n<h2>Gas wird kostspieliger: Verbraucher m\u00fcssen sparen<\/h2>\n<ul>\n<li>Erfahren Sie mehr \u00fcber die Auswirkungen der CO2-Abgabe-Erh\u00f6hung im Jahr 2024 auf die finanzielle Belastung eines Musterhaushalts mit einem Gasverbrauch von 20.000 kWh.<\/li>\n<li>Warum steigen die Kosten eines Singlehaushalts mit einem Gasverbrauch von 5.000 kWh im Jahr 2024 um zw\u00f6lf Euro im Vergleich zur bisherigen CO2-Abgabe? Erfahren Sie die Gr\u00fcnde.<\/li>\n<li>Steffen Suttner, Gesch\u00e4ftsf\u00fchrer Energie bei CHECK24, betont die steigenden Kosten f\u00fcr das Heizen mit Gas und \u00d6l &#8211; ein Vergleich der Anbieter kann Verbrauchern erhebliche Einsparungen erm\u00f6glichen.<\/li>\n<\/ul>\n<h2>Teurer Energietr\u00e4ger: Preisanstieg bei Heiz\u00f6l absehbar<\/h2>\n<ul>\n<li>Steigende CO2-Abgabe belastet Musterfamilie mit 63,06 Euro zus\u00e4tzlich im Jahr 2024.<\/li>\n<li>CO2-Kosten f\u00fcr Single-\u00d6lheizer: 70,95 Euro im Jahr statt 55,18 Euro.<\/li>\n<\/ul>\n<p>Verbraucher, die Gas und Heiz\u00f6l nutzen, m\u00fcssen aufgrund der neuen CO2-Preise mit steigenden Kosten rechnen. Im Jahr 2024 wird die Musterfamilie mit zus\u00e4tzlichen Ausgaben von 214,20 Euro f\u00fcr Gas und 283,78 Euro f\u00fcr Heiz\u00f6l konfrontiert sein.<\/p>\n","protected":false},"excerpt":{"rendered":"<p>Gem\u00e4\u00df einer aktuellen Entscheidung der Bundesregierung wird die CO2-Abgabe f\u00fcr Verbraucher im Jahr 2024 auf 45 Euro pro Tonne angehoben, w\u00e4hrend der urspr\u00fcnglich festgelegte Betrag bei 35 Euro lag, entsprechend dem Brennstoffemissionshandelsgesetz. Die erwartete Erh\u00f6hung wird voraussichtlich zu h\u00f6heren Heizkosten f\u00fcr Gas- und Heiz\u00f6lkunden f\u00fchren. CHECK24 hat eine detaillierte Analyse durchgef\u00fchrt, um die potenziellen Auswirkungen<\/p>\n<div class=\"read-more\"><a href=\"https:\/\/www.doppelklicker.de\/blog\/neue-co2-preise-fuer-2024-hoehere-kosten-fuer-gas-und-heizoel\/\" title=\"Jetzt alles lesen\">Jetzt alles lesen<\/a><\/div>\n","protected":false},"author":8,"featured_media":5892,"comment_status":"open","ping_status":"open","sticky":false,"template":"","format":"standard","meta":[],"categories":[3305],"tags":[],"yoast_head":"<!-- This site is optimized with the Yoast SEO plugin v18.2 - https:\/\/yoast.com\/wordpress\/plugins\/seo\/ -->\n<meta name=\"robots\" content=\"index, follow, max-snippet:-1, max-image-preview:large, max-video-preview:-1\" \/>\n<link rel=\"canonical\" href=\"https:\/\/www.doppelklicker.de\/blog\/neue-co2-preise-fuer-2024-hoehere-kosten-fuer-gas-und-heizoel\/\" \/>\n<meta property=\"og:locale\" content=\"de_DE\" \/>\n<meta property=\"og:type\" content=\"article\" \/>\n<meta property=\"og:title\" content=\"Preiserh\u00f6hung absehbar: Neue CO2-Preise f\u00fcr Gas und Heiz\u00f6l\" \/>\n<meta property=\"og:description\" content=\"Gem\u00e4\u00df einer aktuellen Entscheidung der Bundesregierung wird die CO2-Abgabe f\u00fcr Verbraucher im Jahr 2024 auf 45 Euro pro Tonne angehoben, w\u00e4hrend der urspr\u00fcnglich festgelegte Betrag bei 35 Euro lag, entsprechend dem Brennstoffemissionshandelsgesetz. Die erwartete Erh\u00f6hung wird voraussichtlich zu h\u00f6heren Heizkosten f\u00fcr Gas- und Heiz\u00f6lkunden f\u00fchren. CHECK24 hat eine detaillierte Analyse durchgef\u00fchrt, um die potenziellen AuswirkungenJetzt alles lesen\" \/>\n<meta property=\"og:url\" content=\"https:\/\/www.doppelklicker.de\/blog\/neue-co2-preise-fuer-2024-hoehere-kosten-fuer-gas-und-heizoel\/\" \/>\n<meta property=\"og:site_name\" content=\"Aus Mainz.\" \/>\n<meta property=\"article:published_time\" content=\"2023-07-20T06:00:00+00:00\" \/>\n<meta property=\"og:image\" content=\"https:\/\/www.doppelklicker.de\/blog\/wp-content\/uploads\/2023\/07\/verbraucher-muessen-tiefer-tasche-greifen-hoehere-co2-preise-7839.jpg\" \/>\n\t<meta property=\"og:image:width\" content=\"700\" \/>\n\t<meta property=\"og:image:height\" content=\"335\" \/>\n\t<meta property=\"og:image:type\" content=\"image\/jpeg\" \/>\n<meta name=\"twitter:card\" content=\"summary_large_image\" \/>\n<meta name=\"twitter:label1\" content=\"Verfasst von\" \/>\n\t<meta name=\"twitter:data1\" content=\"Iris Martin\" \/>\n\t<meta name=\"twitter:label2\" content=\"Gesch\u00e4tzte Lesezeit\" \/>\n\t<meta name=\"twitter:data2\" content=\"1 Minute\" \/>\n<script type=\"application\/ld+json\" class=\"yoast-schema-graph\">{\"@context\":\"https:\/\/schema.org\",\"@graph\":[{\"@type\":\"WebSite\",\"@id\":\"https:\/\/www.doppelklicker.de\/blog\/#website\",\"url\":\"https:\/\/www.doppelklicker.de\/blog\/\",\"name\":\"Aus Mainz.\",\"description\":\"F\u00fcr die Welt.\",\"potentialAction\":[{\"@type\":\"SearchAction\",\"target\":{\"@type\":\"EntryPoint\",\"urlTemplate\":\"https:\/\/www.doppelklicker.de\/blog\/?s={search_term_string}\"},\"query-input\":\"required name=search_term_string\"}],\"inLanguage\":\"de-DE\"},{\"@type\":\"ImageObject\",\"@id\":\"https:\/\/www.doppelklicker.de\/blog\/neue-co2-preise-fuer-2024-hoehere-kosten-fuer-gas-und-heizoel\/#primaryimage\",\"inLanguage\":\"de-DE\",\"url\":\"https:\/\/www.doppelklicker.de\/blog\/wp-content\/uploads\/2023\/07\/verbraucher-muessen-tiefer-tasche-greifen-hoehere-co2-preise-7839.jpg\",\"contentUrl\":\"https:\/\/www.doppelklicker.de\/blog\/wp-content\/uploads\/2023\/07\/verbraucher-muessen-tiefer-tasche-greifen-hoehere-co2-preise-7839.jpg\",\"width\":700,\"height\":335,\"caption\":\"Preiserh\u00f6hung absehbar: Neue CO2-Preise f\u00fcr Gas und Heiz\u00f6l (Foto: AdobeStock - m.mphoto 225634523)\"},{\"@type\":\"WebPage\",\"@id\":\"https:\/\/www.doppelklicker.de\/blog\/neue-co2-preise-fuer-2024-hoehere-kosten-fuer-gas-und-heizoel\/#webpage\",\"url\":\"https:\/\/www.doppelklicker.de\/blog\/neue-co2-preise-fuer-2024-hoehere-kosten-fuer-gas-und-heizoel\/\",\"name\":\"Preiserh\u00f6hung absehbar: Neue CO2-Preise f\u00fcr Gas und Heiz\u00f6l\",\"isPartOf\":{\"@id\":\"https:\/\/www.doppelklicker.de\/blog\/#website\"},\"primaryImageOfPage\":{\"@id\":\"https:\/\/www.doppelklicker.de\/blog\/neue-co2-preise-fuer-2024-hoehere-kosten-fuer-gas-und-heizoel\/#primaryimage\"},\"datePublished\":\"2023-07-20T06:00:00+00:00\",\"dateModified\":\"2023-07-20T06:00:00+00:00\",\"author\":{\"@id\":\"https:\/\/www.doppelklicker.de\/blog\/#\/schema\/person\/08dcac172bdb025e8ff433488184668a\"},\"breadcrumb\":{\"@id\":\"https:\/\/www.doppelklicker.de\/blog\/neue-co2-preise-fuer-2024-hoehere-kosten-fuer-gas-und-heizoel\/#breadcrumb\"},\"inLanguage\":\"de-DE\",\"potentialAction\":[{\"@type\":\"ReadAction\",\"target\":[\"https:\/\/www.doppelklicker.de\/blog\/neue-co2-preise-fuer-2024-hoehere-kosten-fuer-gas-und-heizoel\/\"]}]},{\"@type\":\"BreadcrumbList\",\"@id\":\"https:\/\/www.doppelklicker.de\/blog\/neue-co2-preise-fuer-2024-hoehere-kosten-fuer-gas-und-heizoel\/#breadcrumb\",\"itemListElement\":[{\"@type\":\"ListItem\",\"position\":1,\"name\":\"Startseite\",\"item\":\"https:\/\/www.doppelklicker.de\/blog\/\"},{\"@type\":\"ListItem\",\"position\":2,\"name\":\"Preiserh\u00f6hung absehbar: Neue CO2-Preise f\u00fcr Gas und Heiz\u00f6l\"}]},{\"@type\":\"Person\",\"@id\":\"https:\/\/www.doppelklicker.de\/blog\/#\/schema\/person\/08dcac172bdb025e8ff433488184668a\",\"name\":\"Iris Martin\",\"image\":{\"@type\":\"ImageObject\",\"@id\":\"https:\/\/www.doppelklicker.de\/blog\/#personlogo\",\"inLanguage\":\"de-DE\",\"url\":\"https:\/\/secure.gravatar.com\/avatar\/82fdaa093be0b9686b531f99fcb54d15?s=96&d=wp_user_avatar&r=g\",\"contentUrl\":\"https:\/\/secure.gravatar.com\/avatar\/82fdaa093be0b9686b531f99fcb54d15?s=96&d=wp_user_avatar&r=g\",\"caption\":\"Iris Martin\"},\"url\":\"https:\/\/www.doppelklicker.de\/blog\/author\/iris-martin\/\"}]}<\/script>\n<!-- \/ Yoast SEO plugin. -->","yoast_head_json":{"robots":{"index":"index","follow":"follow","max-snippet":"max-snippet:-1","max-image-preview":"max-image-preview:large","max-video-preview":"max-video-preview:-1"},"canonical":"https:\/\/www.doppelklicker.de\/blog\/neue-co2-preise-fuer-2024-hoehere-kosten-fuer-gas-und-heizoel\/","og_locale":"de_DE","og_type":"article","og_title":"Preiserh\u00f6hung absehbar: Neue CO2-Preise f\u00fcr Gas und Heiz\u00f6l","og_description":"Gem\u00e4\u00df einer aktuellen Entscheidung der Bundesregierung wird die CO2-Abgabe f\u00fcr Verbraucher im Jahr 2024 auf 45 Euro pro Tonne angehoben, w\u00e4hrend der urspr\u00fcnglich festgelegte Betrag bei 35 Euro lag, entsprechend dem Brennstoffemissionshandelsgesetz. Die erwartete Erh\u00f6hung wird voraussichtlich zu h\u00f6heren Heizkosten f\u00fcr Gas- und Heiz\u00f6lkunden f\u00fchren. CHECK24 hat eine detaillierte Analyse durchgef\u00fchrt, um die potenziellen AuswirkungenJetzt alles lesen","og_url":"https:\/\/www.doppelklicker.de\/blog\/neue-co2-preise-fuer-2024-hoehere-kosten-fuer-gas-und-heizoel\/","og_site_name":"Aus Mainz.","article_published_time":"2023-07-20T06:00:00+00:00","og_image":[{"width":700,"height":335,"url":"https:\/\/www.doppelklicker.de\/blog\/wp-content\/uploads\/2023\/07\/verbraucher-muessen-tiefer-tasche-greifen-hoehere-co2-preise-7839.jpg","type":"image\/jpeg"}],"twitter_card":"summary_large_image","twitter_misc":{"Verfasst von":"Iris Martin","Gesch\u00e4tzte Lesezeit":"1 Minute"},"schema":{"@context":"https:\/\/schema.org","@graph":[{"@type":"WebSite","@id":"https:\/\/www.doppelklicker.de\/blog\/#website","url":"https:\/\/www.doppelklicker.de\/blog\/","name":"Aus Mainz.","description":"F\u00fcr die Welt.","potentialAction":[{"@type":"SearchAction","target":{"@type":"EntryPoint","urlTemplate":"https:\/\/www.doppelklicker.de\/blog\/?s={search_term_string}"},"query-input":"required name=search_term_string"}],"inLanguage":"de-DE"},{"@type":"ImageObject","@id":"https:\/\/www.doppelklicker.de\/blog\/neue-co2-preise-fuer-2024-hoehere-kosten-fuer-gas-und-heizoel\/#primaryimage","inLanguage":"de-DE","url":"https:\/\/www.doppelklicker.de\/blog\/wp-content\/uploads\/2023\/07\/verbraucher-muessen-tiefer-tasche-greifen-hoehere-co2-preise-7839.jpg","contentUrl":"https:\/\/www.doppelklicker.de\/blog\/wp-content\/uploads\/2023\/07\/verbraucher-muessen-tiefer-tasche-greifen-hoehere-co2-preise-7839.jpg","width":700,"height":335,"caption":"Preiserh\u00f6hung absehbar: Neue CO2-Preise f\u00fcr Gas und Heiz\u00f6l (Foto: AdobeStock - m.mphoto 225634523)"},{"@type":"WebPage","@id":"https:\/\/www.doppelklicker.de\/blog\/neue-co2-preise-fuer-2024-hoehere-kosten-fuer-gas-und-heizoel\/#webpage","url":"https:\/\/www.doppelklicker.de\/blog\/neue-co2-preise-fuer-2024-hoehere-kosten-fuer-gas-und-heizoel\/","name":"Preiserh\u00f6hung absehbar: Neue CO2-Preise f\u00fcr Gas und Heiz\u00f6l","isPartOf":{"@id":"https:\/\/www.doppelklicker.de\/blog\/#website"},"primaryImageOfPage":{"@id":"https:\/\/www.doppelklicker.de\/blog\/neue-co2-preise-fuer-2024-hoehere-kosten-fuer-gas-und-heizoel\/#primaryimage"},"datePublished":"2023-07-20T06:00:00+00:00","dateModified":"2023-07-20T06:00:00+00:00","author":{"@id":"https:\/\/www.doppelklicker.de\/blog\/#\/schema\/person\/08dcac172bdb025e8ff433488184668a"},"breadcrumb":{"@id":"https:\/\/www.doppelklicker.de\/blog\/neue-co2-preise-fuer-2024-hoehere-kosten-fuer-gas-und-heizoel\/#breadcrumb"},"inLanguage":"de-DE","potentialAction":[{"@type":"ReadAction","target":["https:\/\/www.doppelklicker.de\/blog\/neue-co2-preise-fuer-2024-hoehere-kosten-fuer-gas-und-heizoel\/"]}]},{"@type":"BreadcrumbList","@id":"https:\/\/www.doppelklicker.de\/blog\/neue-co2-preise-fuer-2024-hoehere-kosten-fuer-gas-und-heizoel\/#breadcrumb","itemListElement":[{"@type":"ListItem","position":1,"name":"Startseite","item":"https:\/\/www.doppelklicker.de\/blog\/"},{"@type":"ListItem","position":2,"name":"Preiserh\u00f6hung absehbar: Neue CO2-Preise f\u00fcr Gas und Heiz\u00f6l"}]},{"@type":"Person","@id":"https:\/\/www.doppelklicker.de\/blog\/#\/schema\/person\/08dcac172bdb025e8ff433488184668a","name":"Iris Martin","image":{"@type":"ImageObject","@id":"https:\/\/www.doppelklicker.de\/blog\/#personlogo","inLanguage":"de-DE","url":"https:\/\/secure.gravatar.com\/avatar\/82fdaa093be0b9686b531f99fcb54d15?s=96&d=wp_user_avatar&r=g","contentUrl":"https:\/\/secure.gravatar.com\/avatar\/82fdaa093be0b9686b531f99fcb54d15?s=96&d=wp_user_avatar&r=g","caption":"Iris Martin"},"url":"https:\/\/www.doppelklicker.de\/blog\/author\/iris-martin\/"}]}},"_links":{"self":[{"href":"https:\/\/www.doppelklicker.de\/blog\/wp-json\/wp\/v2\/posts\/5891"}],"collection":[{"href":"https:\/\/www.doppelklicker.de\/blog\/wp-json\/wp\/v2\/posts"}],"about":[{"href":"https:\/\/www.doppelklicker.de\/blog\/wp-json\/wp\/v2\/types\/post"}],"author":[{"embeddable":true,"href":"https:\/\/www.doppelklicker.de\/blog\/wp-json\/wp\/v2\/users\/8"}],"replies":[{"embeddable":true,"href":"https:\/\/www.doppelklicker.de\/blog\/wp-json\/wp\/v2\/comments?post=5891"}],"version-history":[{"count":0,"href":"https:\/\/www.doppelklicker.de\/blog\/wp-json\/wp\/v2\/posts\/5891\/revisions"}],"wp:featuredmedia":[{"embeddable":true,"href":"https:\/\/www.doppelklicker.de\/blog\/wp-json\/wp\/v2\/media\/5892"}],"wp:attachment":[{"href":"https:\/\/www.doppelklicker.de\/blog\/wp-json\/wp\/v2\/media?parent=5891"}],"wp:term":[{"taxonomy":"category","embeddable":true,"href":"https:\/\/www.doppelklicker.de\/blog\/wp-json\/wp\/v2\/categories?post=5891"},{"taxonomy":"post_tag","embeddable":true,"href":"https:\/\/www.doppelklicker.de\/blog\/wp-json\/wp\/v2\/tags?post=5891"}],"curies":[{"name":"wp","href":"https:\/\/api.w.org\/{rel}","templated":true}]}}