{"id":5910,"date":"2023-08-01T08:00:00","date_gmt":"2023-08-01T06:00:00","guid":{"rendered":"guid"},"modified":"2023-08-01T08:00:00","modified_gmt":"2023-08-01T06:00:00","slug":"musical-der-bossler-ruft-schwaebische-alpenrock-musical-begeistert","status":"publish","type":"post","link":"https:\/\/www.doppelklicker.de\/blog\/musical-der-bossler-ruft-schwaebische-alpenrock-musical-begeistert\/","title":{"rendered":"Musikalischer H\u00f6hepunkt: &#8222;Der Bo\u00dfler ruft&#8220; begeistert"},"content":{"rendered":"<p>Der Bo\u00dfler ruft&#8220; &#8211; Die musikalische Persiflage der EHL-Band begeisterte das Publikum am Jubil\u00e4um des Naturfreundehauses Bo\u00dfler. Die Band bot eine mitrei\u00dfende Performance, die von den rund 400 Besuchern mit viel Beifall honoriert wurde. Die gelungene Verbindung von alpiner Musiktradition und schw\u00e4bischer Kultur schuf eine einzigartige Atmosph\u00e4re, die lange in Erinnerung bleiben wird.<br \/>\n<!--more--><\/p>\n<div id=\"ez-toc-container\" class=\"ez-toc-v2_0_16 counter-hierarchy\">\n<div class=\"ez-toc-title-container\">\n<p class=\"ez-toc-title\">Inhaltsverzeichnis: Das erwartet Sie in diesem Artikel<\/p>\n<span class=\"ez-toc-title-toggle\"><a class=\"ez-toc-pull-right ez-toc-btn ez-toc-btn-xs ez-toc-btn-default ez-toc-toggle\" style=\"display: none;\"><i class=\"ez-toc-glyphicon ez-toc-icon-toggle\"><\/i><\/a><\/span><\/div>\n<nav><ul class=\"ez-toc-list ez-toc-list-level-1\"><li class=\"ez-toc-page-1 ez-toc-heading-level-2\"><a class=\"ez-toc-link ez-toc-heading-1\" href=\"https:\/\/www.doppelklicker.de\/blog\/musical-der-bossler-ruft-schwaebische-alpenrock-musical-begeistert\/#schwaebische-premiere-alpiner-klassiker-im-rampenlicht\" title=\"Schw\u00e4bische Premiere: Alpiner Klassiker im Rampenlicht\">Schw\u00e4bische Premiere: Alpiner Klassiker im Rampenlicht<\/a><\/li><li class=\"ez-toc-page-1 ez-toc-heading-level-2\"><a class=\"ez-toc-link ez-toc-heading-2\" href=\"https:\/\/www.doppelklicker.de\/blog\/musical-der-bossler-ruft-schwaebische-alpenrock-musical-begeistert\/#open-air-zauber-naturbuehne-begeistert-mit-atmosphaere\" title=\"Open-Air-Zauber: Naturb\u00fchne begeistert mit Atmosph\u00e4re\">Open-Air-Zauber: Naturb\u00fchne begeistert mit Atmosph\u00e4re<\/a><\/li><li class=\"ez-toc-page-1 ez-toc-heading-level-2\"><a class=\"ez-toc-link ez-toc-heading-3\" href=\"https:\/\/www.doppelklicker.de\/blog\/musical-der-bossler-ruft-schwaebische-alpenrock-musical-begeistert\/#alpenklaenge-auf-der-schwaebischen-alb-erleben\" title=\"Alpenkl\u00e4nge auf der Schw\u00e4bischen Alb erleben\">Alpenkl\u00e4nge auf der Schw\u00e4bischen Alb erleben<\/a><\/li><li class=\"ez-toc-page-1 ez-toc-heading-level-2\"><a class=\"ez-toc-link ez-toc-heading-4\" href=\"https:\/\/www.doppelklicker.de\/blog\/musical-der-bossler-ruft-schwaebische-alpenrock-musical-begeistert\/#faszinierende-bandbreite-begeistert-die-zuhoerer\" title=\"Faszinierende Bandbreite begeistert die Zuh\u00f6rer\">Faszinierende Bandbreite begeistert die Zuh\u00f6rer<\/a><\/li><li class=\"ez-toc-page-1 ez-toc-heading-level-2\"><a class=\"ez-toc-link ez-toc-heading-5\" href=\"https:\/\/www.doppelklicker.de\/blog\/musical-der-bossler-ruft-schwaebische-alpenrock-musical-begeistert\/#erfolgreiche-hommage-mit-potenzial-zur-wiederholung\" title=\"Erfolgreiche Hommage mit Potenzial zur Wiederholung\">Erfolgreiche Hommage mit Potenzial zur Wiederholung<\/a><\/li><\/ul><\/nav><\/div>\n<h2><span class=\"ez-toc-section\" id=\"schwaebische-premiere-alpiner-klassiker-im-rampenlicht\"><\/span>Schw\u00e4bische Premiere: Alpiner Klassiker im Rampenlicht<span class=\"ez-toc-section-end\"><\/span><\/h2>\n<p>Vor genau drei Jahren wagte Frontmann Edgar-Heinz-Ludwig (Zinn\u00f6cker) eine k\u00fcnstlerische Metamorphose, indem er das weltbekannte Werk &#8222;Der Watzmann ruft&#8220; ins Schw\u00e4bische \u00fcbertrug, es in &#8222;Der Bo\u00dfler ruft&#8220; umbenannte und mit seiner Band im B\u00fcrgerhaus in Ebersbach-Weiler zur Premiere brachte. Dieses Jahr bot das Alb-Musical eine doppelte Premiere: Es wurde erstmals unter freiem Himmel aufgef\u00fchrt und entfaltete seine magische Wirkung vor der passenden Naturkulisse des Originalschauplatzes.<\/p>\n<h2><span class=\"ez-toc-section\" id=\"open-air-zauber-naturbuehne-begeistert-mit-atmosphaere\"><\/span>Open-Air-Zauber: Naturb\u00fchne begeistert mit Atmosph\u00e4re<span class=\"ez-toc-section-end\"><\/span><\/h2>\n<p>Vor der beeindruckenden Kulisse des Bo\u00dflerhauses und des angrenzenden Waldes fand das musikalische Highlight der EHL-Band statt. Etwa 400 G\u00e4ste hatten die Qual der Wahl: Entweder sie wanderten zum &#8222;Schicksalsberg&#8220; oder sie entschieden sich f\u00fcr den komfortablen Shuttlebus. Das nat\u00fcrlich geschaffene Amphitheater-Ambiente sorgte f\u00fcr eine einzigartige Stimmung und erm\u00f6glichte den Besucherinnen und Besuchern, den Abend in vollen Z\u00fcgen zu genie\u00dfen.<\/p>\n<h2><span class=\"ez-toc-section\" id=\"alpenklaenge-auf-der-schwaebischen-alb-erleben\"><\/span>Alpenkl\u00e4nge auf der Schw\u00e4bischen Alb erleben<span class=\"ez-toc-section-end\"><\/span><\/h2>\n<p>Mit ihrer au\u00dfergew\u00f6hnlichen Performance aus \u00f6sterreichischen Rocksongs und Balladen riss die EHL-Band, bestehend aus Edgar-Heinz-Ludwig, Harry Seeger und Peter Funk, das Publikum mit. Als die D\u00e4mmerung einsetzte, entstand eine fesselnde Atmosph\u00e4re, als &#8222;Der Alb-Bauer, die Knechte, die M\u00e4gde und &#8218;dr Bua'&#8220; mit ihren beeindruckenden Texten und Liedern f\u00fcr anhaltendes Staunen, Lachen und G\u00e4nsehautmomente sorgten. Die gelungene \u00dcbertragung tirolerischer Ausdr\u00fccke ins Schw\u00e4bische verlieh der Show ihre besondere Ausstrahlung.<\/p>\n<h2><span class=\"ez-toc-section\" id=\"faszinierende-bandbreite-begeistert-die-zuhoerer\"><\/span>Faszinierende Bandbreite begeistert die Zuh\u00f6rer<span class=\"ez-toc-section-end\"><\/span><\/h2>\n<p>Nahezu alle Rollen wurden von Edgar-Heinz-Ludwig und seinen Bandkollegen selbst verk\u00f6rpert, jedoch erhielten sie einmal personelle Unterst\u00fctzung von Martin Pfl\u00fcger, der die Rolle der &#8222;Gaildorferin&#8220; \u00fcbernahm. Das Publikum reagierte begeistert mit anhaltendem Gel\u00e4chter, langem Zwischenapplaus, tosendem Schlussbeifall und lauten Zugabe-Forderungen, was die EHL-Band als herausragende Live-Performance hervorhob. Die K\u00fcnstler brillierten durch ihre Vielseitigkeit und ihr Talent, das Publikum mitzurei\u00dfen.<\/p>\n<h2><span class=\"ez-toc-section\" id=\"erfolgreiche-hommage-mit-potenzial-zur-wiederholung\"><\/span>Erfolgreiche Hommage mit Potenzial zur Wiederholung<span class=\"ez-toc-section-end\"><\/span><\/h2>\n<p>Die EHL-Band brillierte mit ihrer Darbietung und bereicherte das 100-j\u00e4hrige Bestehen des Bo\u00dflerhauses auf besondere Weise. Die gelungene Verbindung von alpiner Musiktradition und schw\u00e4bischer Kultur faszinierte das Publikum zutiefst. Die malerische Naturkulisse und die mitrei\u00dfende musikalische Performance, untermalt von humorvollen Texten, erzeugten eine unvergessliche G\u00e4nsehaut-Atmosph\u00e4re. Angesichts dieses \u00fcberw\u00e4ltigenden Erfolgs w\u00e4re es durchaus lohnenswert, eine Wiederholung dieses au\u00dfergew\u00f6hnlichen Events in Erw\u00e4gung zu ziehen.<\/p>\n","protected":false},"excerpt":{"rendered":"<p>Der Bo\u00dfler ruft&#8220; &#8211; Die musikalische Persiflage der EHL-Band begeisterte das Publikum am Jubil\u00e4um des Naturfreundehauses Bo\u00dfler. Die Band bot eine mitrei\u00dfende Performance, die von den rund 400 Besuchern mit viel Beifall honoriert wurde. Die gelungene Verbindung von alpiner Musiktradition und schw\u00e4bischer Kultur schuf eine einzigartige Atmosph\u00e4re, die lange in Erinnerung bleiben wird.<\/p>\n","protected":false},"author":8,"featured_media":5911,"comment_status":"open","ping_status":"open","sticky":false,"template":"","format":"standard","meta":[],"categories":[3305],"tags":[],"yoast_head":"<!-- This site is optimized with the Yoast SEO plugin v18.2 - https:\/\/yoast.com\/wordpress\/plugins\/seo\/ -->\n<meta name=\"robots\" content=\"index, follow, max-snippet:-1, max-image-preview:large, max-video-preview:-1\" \/>\n<link rel=\"canonical\" href=\"https:\/\/www.doppelklicker.de\/blog\/musical-der-bossler-ruft-schwaebische-alpenrock-musical-begeistert\/\" \/>\n<meta property=\"og:locale\" content=\"de_DE\" \/>\n<meta property=\"og:type\" content=\"article\" \/>\n<meta property=\"og:title\" content=\"Musikalischer H\u00f6hepunkt: &quot;Der Bo\u00dfler ruft&quot; begeistert\" \/>\n<meta property=\"og:description\" content=\"Der Bo\u00dfler ruft&#8220; &#8211; Die musikalische Persiflage der EHL-Band begeisterte das Publikum am Jubil\u00e4um des Naturfreundehauses Bo\u00dfler. Die Band bot eine mitrei\u00dfende Performance, die von den rund 400 Besuchern mit viel Beifall honoriert wurde. Die gelungene Verbindung von alpiner Musiktradition und schw\u00e4bischer Kultur schuf eine einzigartige Atmosph\u00e4re, die lange in Erinnerung bleiben wird.\" \/>\n<meta property=\"og:url\" content=\"https:\/\/www.doppelklicker.de\/blog\/musical-der-bossler-ruft-schwaebische-alpenrock-musical-begeistert\/\" \/>\n<meta property=\"og:site_name\" content=\"Aus Mainz.\" \/>\n<meta property=\"article:published_time\" content=\"2023-08-01T06:00:00+00:00\" \/>\n<meta property=\"og:image\" content=\"https:\/\/www.doppelklicker.de\/blog\/wp-content\/uploads\/2023\/08\/schwaebischer-alpenrock-begeistert-bossler-ruft-8115.jpg\" \/>\n\t<meta property=\"og:image:width\" content=\"700\" \/>\n\t<meta property=\"og:image:height\" content=\"335\" \/>\n\t<meta property=\"og:image:type\" content=\"image\/jpeg\" \/>\n<meta name=\"twitter:card\" content=\"summary_large_image\" \/>\n<meta name=\"twitter:label1\" content=\"Verfasst von\" \/>\n\t<meta name=\"twitter:data1\" content=\"Iris Martin\" \/>\n\t<meta name=\"twitter:label2\" content=\"Gesch\u00e4tzte Lesezeit\" \/>\n\t<meta name=\"twitter:data2\" content=\"2 Minuten\" \/>\n<script type=\"application\/ld+json\" class=\"yoast-schema-graph\">{\"@context\":\"https:\/\/schema.org\",\"@graph\":[{\"@type\":\"WebSite\",\"@id\":\"https:\/\/www.doppelklicker.de\/blog\/#website\",\"url\":\"https:\/\/www.doppelklicker.de\/blog\/\",\"name\":\"Aus Mainz.\",\"description\":\"F\u00fcr die Welt.\",\"potentialAction\":[{\"@type\":\"SearchAction\",\"target\":{\"@type\":\"EntryPoint\",\"urlTemplate\":\"https:\/\/www.doppelklicker.de\/blog\/?s={search_term_string}\"},\"query-input\":\"required name=search_term_string\"}],\"inLanguage\":\"de-DE\"},{\"@type\":\"ImageObject\",\"@id\":\"https:\/\/www.doppelklicker.de\/blog\/musical-der-bossler-ruft-schwaebische-alpenrock-musical-begeistert\/#primaryimage\",\"inLanguage\":\"de-DE\",\"url\":\"https:\/\/www.doppelklicker.de\/blog\/wp-content\/uploads\/2023\/08\/schwaebischer-alpenrock-begeistert-bossler-ruft-8115.jpg\",\"contentUrl\":\"https:\/\/www.doppelklicker.de\/blog\/wp-content\/uploads\/2023\/08\/schwaebischer-alpenrock-begeistert-bossler-ruft-8115.jpg\",\"width\":700,\"height\":335,\"caption\":\"Schw\u00e4bischer Alpenrock begeistert: \\\"Der Bo\u00dfler ruft (Foto: Naturfreunde Bo\u00dfler. EHL-Band)\"},{\"@type\":\"WebPage\",\"@id\":\"https:\/\/www.doppelklicker.de\/blog\/musical-der-bossler-ruft-schwaebische-alpenrock-musical-begeistert\/#webpage\",\"url\":\"https:\/\/www.doppelklicker.de\/blog\/musical-der-bossler-ruft-schwaebische-alpenrock-musical-begeistert\/\",\"name\":\"Musikalischer H\u00f6hepunkt: \\\"Der Bo\u00dfler ruft\\\" begeistert\",\"isPartOf\":{\"@id\":\"https:\/\/www.doppelklicker.de\/blog\/#website\"},\"primaryImageOfPage\":{\"@id\":\"https:\/\/www.doppelklicker.de\/blog\/musical-der-bossler-ruft-schwaebische-alpenrock-musical-begeistert\/#primaryimage\"},\"datePublished\":\"2023-08-01T06:00:00+00:00\",\"dateModified\":\"2023-08-01T06:00:00+00:00\",\"author\":{\"@id\":\"https:\/\/www.doppelklicker.de\/blog\/#\/schema\/person\/08dcac172bdb025e8ff433488184668a\"},\"breadcrumb\":{\"@id\":\"https:\/\/www.doppelklicker.de\/blog\/musical-der-bossler-ruft-schwaebische-alpenrock-musical-begeistert\/#breadcrumb\"},\"inLanguage\":\"de-DE\",\"potentialAction\":[{\"@type\":\"ReadAction\",\"target\":[\"https:\/\/www.doppelklicker.de\/blog\/musical-der-bossler-ruft-schwaebische-alpenrock-musical-begeistert\/\"]}]},{\"@type\":\"BreadcrumbList\",\"@id\":\"https:\/\/www.doppelklicker.de\/blog\/musical-der-bossler-ruft-schwaebische-alpenrock-musical-begeistert\/#breadcrumb\",\"itemListElement\":[{\"@type\":\"ListItem\",\"position\":1,\"name\":\"Startseite\",\"item\":\"https:\/\/www.doppelklicker.de\/blog\/\"},{\"@type\":\"ListItem\",\"position\":2,\"name\":\"Musikalischer H\u00f6hepunkt: &#8222;Der Bo\u00dfler ruft&#8220; begeistert\"}]},{\"@type\":\"Person\",\"@id\":\"https:\/\/www.doppelklicker.de\/blog\/#\/schema\/person\/08dcac172bdb025e8ff433488184668a\",\"name\":\"Iris Martin\",\"image\":{\"@type\":\"ImageObject\",\"@id\":\"https:\/\/www.doppelklicker.de\/blog\/#personlogo\",\"inLanguage\":\"de-DE\",\"url\":\"https:\/\/secure.gravatar.com\/avatar\/82fdaa093be0b9686b531f99fcb54d15?s=96&d=wp_user_avatar&r=g\",\"contentUrl\":\"https:\/\/secure.gravatar.com\/avatar\/82fdaa093be0b9686b531f99fcb54d15?s=96&d=wp_user_avatar&r=g\",\"caption\":\"Iris Martin\"},\"url\":\"https:\/\/www.doppelklicker.de\/blog\/author\/iris-martin\/\"}]}<\/script>\n<!-- \/ Yoast SEO plugin. -->","yoast_head_json":{"robots":{"index":"index","follow":"follow","max-snippet":"max-snippet:-1","max-image-preview":"max-image-preview:large","max-video-preview":"max-video-preview:-1"},"canonical":"https:\/\/www.doppelklicker.de\/blog\/musical-der-bossler-ruft-schwaebische-alpenrock-musical-begeistert\/","og_locale":"de_DE","og_type":"article","og_title":"Musikalischer H\u00f6hepunkt: \"Der Bo\u00dfler ruft\" begeistert","og_description":"Der Bo\u00dfler ruft&#8220; &#8211; Die musikalische Persiflage der EHL-Band begeisterte das Publikum am Jubil\u00e4um des Naturfreundehauses Bo\u00dfler. Die Band bot eine mitrei\u00dfende Performance, die von den rund 400 Besuchern mit viel Beifall honoriert wurde. Die gelungene Verbindung von alpiner Musiktradition und schw\u00e4bischer Kultur schuf eine einzigartige Atmosph\u00e4re, die lange in Erinnerung bleiben wird.","og_url":"https:\/\/www.doppelklicker.de\/blog\/musical-der-bossler-ruft-schwaebische-alpenrock-musical-begeistert\/","og_site_name":"Aus Mainz.","article_published_time":"2023-08-01T06:00:00+00:00","og_image":[{"width":700,"height":335,"url":"https:\/\/www.doppelklicker.de\/blog\/wp-content\/uploads\/2023\/08\/schwaebischer-alpenrock-begeistert-bossler-ruft-8115.jpg","type":"image\/jpeg"}],"twitter_card":"summary_large_image","twitter_misc":{"Verfasst von":"Iris Martin","Gesch\u00e4tzte Lesezeit":"2 Minuten"},"schema":{"@context":"https:\/\/schema.org","@graph":[{"@type":"WebSite","@id":"https:\/\/www.doppelklicker.de\/blog\/#website","url":"https:\/\/www.doppelklicker.de\/blog\/","name":"Aus Mainz.","description":"F\u00fcr die Welt.","potentialAction":[{"@type":"SearchAction","target":{"@type":"EntryPoint","urlTemplate":"https:\/\/www.doppelklicker.de\/blog\/?s={search_term_string}"},"query-input":"required name=search_term_string"}],"inLanguage":"de-DE"},{"@type":"ImageObject","@id":"https:\/\/www.doppelklicker.de\/blog\/musical-der-bossler-ruft-schwaebische-alpenrock-musical-begeistert\/#primaryimage","inLanguage":"de-DE","url":"https:\/\/www.doppelklicker.de\/blog\/wp-content\/uploads\/2023\/08\/schwaebischer-alpenrock-begeistert-bossler-ruft-8115.jpg","contentUrl":"https:\/\/www.doppelklicker.de\/blog\/wp-content\/uploads\/2023\/08\/schwaebischer-alpenrock-begeistert-bossler-ruft-8115.jpg","width":700,"height":335,"caption":"Schw\u00e4bischer Alpenrock begeistert: \"Der Bo\u00dfler ruft (Foto: Naturfreunde Bo\u00dfler. EHL-Band)"},{"@type":"WebPage","@id":"https:\/\/www.doppelklicker.de\/blog\/musical-der-bossler-ruft-schwaebische-alpenrock-musical-begeistert\/#webpage","url":"https:\/\/www.doppelklicker.de\/blog\/musical-der-bossler-ruft-schwaebische-alpenrock-musical-begeistert\/","name":"Musikalischer H\u00f6hepunkt: \"Der Bo\u00dfler ruft\" begeistert","isPartOf":{"@id":"https:\/\/www.doppelklicker.de\/blog\/#website"},"primaryImageOfPage":{"@id":"https:\/\/www.doppelklicker.de\/blog\/musical-der-bossler-ruft-schwaebische-alpenrock-musical-begeistert\/#primaryimage"},"datePublished":"2023-08-01T06:00:00+00:00","dateModified":"2023-08-01T06:00:00+00:00","author":{"@id":"https:\/\/www.doppelklicker.de\/blog\/#\/schema\/person\/08dcac172bdb025e8ff433488184668a"},"breadcrumb":{"@id":"https:\/\/www.doppelklicker.de\/blog\/musical-der-bossler-ruft-schwaebische-alpenrock-musical-begeistert\/#breadcrumb"},"inLanguage":"de-DE","potentialAction":[{"@type":"ReadAction","target":["https:\/\/www.doppelklicker.de\/blog\/musical-der-bossler-ruft-schwaebische-alpenrock-musical-begeistert\/"]}]},{"@type":"BreadcrumbList","@id":"https:\/\/www.doppelklicker.de\/blog\/musical-der-bossler-ruft-schwaebische-alpenrock-musical-begeistert\/#breadcrumb","itemListElement":[{"@type":"ListItem","position":1,"name":"Startseite","item":"https:\/\/www.doppelklicker.de\/blog\/"},{"@type":"ListItem","position":2,"name":"Musikalischer H\u00f6hepunkt: &#8222;Der Bo\u00dfler ruft&#8220; begeistert"}]},{"@type":"Person","@id":"https:\/\/www.doppelklicker.de\/blog\/#\/schema\/person\/08dcac172bdb025e8ff433488184668a","name":"Iris Martin","image":{"@type":"ImageObject","@id":"https:\/\/www.doppelklicker.de\/blog\/#personlogo","inLanguage":"de-DE","url":"https:\/\/secure.gravatar.com\/avatar\/82fdaa093be0b9686b531f99fcb54d15?s=96&d=wp_user_avatar&r=g","contentUrl":"https:\/\/secure.gravatar.com\/avatar\/82fdaa093be0b9686b531f99fcb54d15?s=96&d=wp_user_avatar&r=g","caption":"Iris Martin"},"url":"https:\/\/www.doppelklicker.de\/blog\/author\/iris-martin\/"}]}},"_links":{"self":[{"href":"https:\/\/www.doppelklicker.de\/blog\/wp-json\/wp\/v2\/posts\/5910"}],"collection":[{"href":"https:\/\/www.doppelklicker.de\/blog\/wp-json\/wp\/v2\/posts"}],"about":[{"href":"https:\/\/www.doppelklicker.de\/blog\/wp-json\/wp\/v2\/types\/post"}],"author":[{"embeddable":true,"href":"https:\/\/www.doppelklicker.de\/blog\/wp-json\/wp\/v2\/users\/8"}],"replies":[{"embeddable":true,"href":"https:\/\/www.doppelklicker.de\/blog\/wp-json\/wp\/v2\/comments?post=5910"}],"version-history":[{"count":0,"href":"https:\/\/www.doppelklicker.de\/blog\/wp-json\/wp\/v2\/posts\/5910\/revisions"}],"wp:featuredmedia":[{"embeddable":true,"href":"https:\/\/www.doppelklicker.de\/blog\/wp-json\/wp\/v2\/media\/5911"}],"wp:attachment":[{"href":"https:\/\/www.doppelklicker.de\/blog\/wp-json\/wp\/v2\/media?parent=5910"}],"wp:term":[{"taxonomy":"category","embeddable":true,"href":"https:\/\/www.doppelklicker.de\/blog\/wp-json\/wp\/v2\/categories?post=5910"},{"taxonomy":"post_tag","embeddable":true,"href":"https:\/\/www.doppelklicker.de\/blog\/wp-json\/wp\/v2\/tags?post=5910"}],"curies":[{"name":"wp","href":"https:\/\/api.w.org\/{rel}","templated":true}]}}