{"id":5942,"date":"2023-08-16T08:00:00","date_gmt":"2023-08-16T06:00:00","guid":{"rendered":"guid"},"modified":"2023-08-16T08:00:00","modified_gmt":"2023-08-16T06:00:00","slug":"bmw-m-motorsport-sommerpause","status":"publish","type":"post","link":"https:\/\/www.doppelklicker.de\/blog\/bmw-m-motorsport-sommerpause\/","title":{"rendered":"Triumph trotz Ruhe: BMW M Motorsport im Sommer"},"content":{"rendered":"<p>Im August halten Rennstrecken weltweit \u00fcblicherweise inne, um sich auf den intensiven Saisonendspurt im kommenden September vorzubereiten. In dieser Phase der Erholung und Planung bleibt der Motorsport dennoch dynamisch aktiv. Die zur\u00fcckliegenden Wochenenden waren erneut gepr\u00e4gt von herausragenden Erfolgen der BMW M Motorsport Teams, die selbst w\u00e4hrend der Sommerpause ihre Siegesstr\u00e4hne fortsetzten.<br \/>\n<!--more--><\/p>\n<div id=\"ez-toc-container\" class=\"ez-toc-v2_0_16 counter-hierarchy\">\n<div class=\"ez-toc-title-container\">\n<p class=\"ez-toc-title\">Inhaltsverzeichnis: Das erwartet Sie in diesem Artikel<\/p>\n<span class=\"ez-toc-title-toggle\"><a class=\"ez-toc-pull-right ez-toc-btn ez-toc-btn-xs ez-toc-btn-default ez-toc-toggle\" style=\"display: none;\"><i class=\"ez-toc-glyphicon ez-toc-icon-toggle\"><\/i><\/a><\/span><\/div>\n<nav><ul class=\"ez-toc-list ez-toc-list-level-1\"><li class=\"ez-toc-page-1 ez-toc-heading-level-2\"><a class=\"ez-toc-link ez-toc-heading-1\" href=\"https:\/\/www.doppelklicker.de\/blog\/bmw-m-motorsport-sommerpause\/#glaenzende-performance-in-der-japanese-super-gt\" title=\"Gl\u00e4nzende Performance in der Japanese Super GT\">Gl\u00e4nzende Performance in der Japanese Super GT<\/a><\/li><li class=\"ez-toc-page-1 ez-toc-heading-level-2\"><a class=\"ez-toc-link ez-toc-heading-2\" href=\"https:\/\/www.doppelklicker.de\/blog\/bmw-m-motorsport-sommerpause\/#hoechstleistung-bmw-m4-gt4-brilliert-in-imsa-michelin-challenge\" title=\"H\u00f6chstleistung: BMW M4 GT4 brilliert in IMSA Michelin Challenge\">H\u00f6chstleistung: BMW M4 GT4 brilliert in IMSA Michelin Challenge<\/a><\/li><li class=\"ez-toc-page-1 ez-toc-heading-level-2\"><a class=\"ez-toc-link ez-toc-heading-3\" href=\"https:\/\/www.doppelklicker.de\/blog\/bmw-m-motorsport-sommerpause\/#adac-gt4-germany-regenrennen-als-wahre-herausforderung\" title=\"ADAC GT4 Germany: Regenrennen als wahre Herausforderung\">ADAC GT4 Germany: Regenrennen als wahre Herausforderung<\/a><\/li><li class=\"ez-toc-page-1 ez-toc-heading-level-2\"><a class=\"ez-toc-link ez-toc-heading-4\" href=\"https:\/\/www.doppelklicker.de\/blog\/bmw-m-motorsport-sommerpause\/#erfolgsgeschichten-aus-tschechien-eset-cup-series-ueberzeugt\" title=\"Erfolgsgeschichten aus Tschechien: ESET Cup Series \u00fcberzeugt\">Erfolgsgeschichten aus Tschechien: ESET Cup Series \u00fcberzeugt<\/a><\/li><li class=\"ez-toc-page-1 ez-toc-heading-level-2\"><a class=\"ez-toc-link ez-toc-heading-5\" href=\"https:\/\/www.doppelklicker.de\/blog\/bmw-m-motorsport-sommerpause\/#gt4-scandinavia-erfolge-fuer-bmw-m-bilar-group-racing\" title=\"GT4 Scandinavia: Erfolge f\u00fcr BMW M-Bilar Group Racing\">GT4 Scandinavia: Erfolge f\u00fcr BMW M-Bilar Group Racing<\/a><\/li><li class=\"ez-toc-page-1 ez-toc-heading-level-2\"><a class=\"ez-toc-link ez-toc-heading-6\" href=\"https:\/\/www.doppelklicker.de\/blog\/bmw-m-motorsport-sommerpause\/#rennfieber-pur-bmw-m2-cup-am-nuerburgring\" title=\"Rennfieber pur: BMW M2 Cup am N\u00fcrburgring\">Rennfieber pur: BMW M2 Cup am N\u00fcrburgring<\/a><\/li><li class=\"ez-toc-page-1 ez-toc-heading-level-2\"><a class=\"ez-toc-link ez-toc-heading-7\" href=\"https:\/\/www.doppelklicker.de\/blog\/bmw-m-motorsport-sommerpause\/#bmw-pilot-triumphiert-eindrucksvoll-in-der-btcc\" title=\"BMW Pilot triumphiert eindrucksvoll in der BTCC\">BMW Pilot triumphiert eindrucksvoll in der BTCC<\/a><\/li><li class=\"ez-toc-page-1 ez-toc-heading-level-2\"><a class=\"ez-toc-link ez-toc-heading-8\" href=\"https:\/\/www.doppelklicker.de\/blog\/bmw-m-motorsport-sommerpause\/#erfolgsgeschichte-motorsport-vielseitigkeit-und-triumphe-im-ueberblick\" title=\"Erfolgsgeschichte Motorsport: Vielseitigkeit und Triumphe im \u00dcberblick\">Erfolgsgeschichte Motorsport: Vielseitigkeit und Triumphe im \u00dcberblick<\/a><\/li><\/ul><\/nav><\/div>\n<h2><span class=\"ez-toc-section\" id=\"glaenzende-performance-in-der-japanese-super-gt\"><\/span>Gl\u00e4nzende Performance in der Japanese Super GT<span class=\"ez-toc-section-end\"><\/span><\/h2>\n<p>In der hochkar\u00e4tig besetzten GT300-Klasse der Japanese Super GT Series setzte das BMW M Team Studie erneut ein beeindruckendes Signal. Nach einem vorherigen Sieg in Suzuka erreichte das Team in Fuji einen weiteren herausragenden Erfolg. Trotz \u00e4u\u00dferst anspruchsvoller Bedingungen, unvorhersehbarem Wetter und einer herausfordernden Strecke sicherten sich Seiji Ara und Masataka Yanagida den zweiten Platz. Diese Leistung verdeutlicht nicht nur die St\u00e4rke des BMW M4 GT3, sondern auch die strategische Klugheit der Fahrer im Renngeschehen.<\/p>\n<h2><span class=\"ez-toc-section\" id=\"hoechstleistung-bmw-m4-gt4-brilliert-in-imsa-michelin-challenge\"><\/span>H\u00f6chstleistung: BMW M4 GT4 brilliert in IMSA Michelin Challenge<span class=\"ez-toc-section-end\"><\/span><\/h2>\n<p>Beim Zwei-Stunden-Rennen der IMSA Michelin Pilot Challenge auf Road America zeigte BMW M Motorsport seine starke Pr\u00e4senz. F\u00fcnf BMW M4 GT4 Fahrzeuge traten an und k\u00e4mpften auf den vorderen Pl\u00e4tzen mit. W\u00e4hrend Turner Motorsport und Random Vandals Racing in der ersten Rennh\u00e4lfte das Podium im Blick hatten, verhinderte das Fehlen einer Safety-Car-Phase eine optimale strategische Ausrichtung. Dennoch unterstreichen die Leistungen der Teams die Wettbewerbsf\u00e4higkeit des BMW M4 GT4 und seine M\u00f6glichkeiten f\u00fcr Spitzenpl\u00e4tze.<\/p>\n<h2><span class=\"ez-toc-section\" id=\"adac-gt4-germany-regenrennen-als-wahre-herausforderung\"><\/span>ADAC GT4 Germany: Regenrennen als wahre Herausforderung<span class=\"ez-toc-section-end\"><\/span><\/h2>\n<p>W\u00e4hrend der dritten Saisonveranstaltung der ADAC GT4 Germany auf dem N\u00fcrburgring traten die Teams unter herausfordernden Bedingungen an, da starker Regen die Rennen begleitete. Trotz dieser Widrigkeiten zeigte der BMW M4 GT4 von Hofor Racing by Bonk Motorsport seine beeindruckende Leistungsf\u00e4higkeit. Marat Khayrov und Gabriele Piana eroberten unter wechselhaftem Wetter das Podium im ersten Rennen, w\u00e4hrend Leon Wassertheurer und Tim Reiter im zweiten Rennen ebenfalls \u00fcberzeugten. Die Performance des BMW M4 GT4 in schwierigem Umfeld betont seine Vielseitigkeit und Effektivit\u00e4t.<\/p>\n<h2><span class=\"ez-toc-section\" id=\"erfolgsgeschichten-aus-tschechien-eset-cup-series-ueberzeugt\"><\/span>Erfolgsgeschichten aus Tschechien: ESET Cup Series \u00fcberzeugt<span class=\"ez-toc-section-end\"><\/span><\/h2>\n<p>In der ESET Cup Series in Most erzielte BMW M Motorsport beeindruckende Siege. Antal Zsigo holte sich zwei GT4-Klassensiege, w\u00e4hrend Gregor Zsigo und Stefan Rosina im BMW M4 GT3 eine solide Gesamtplatzierung einfuhren. Diese Erfolge verdeutlichen die Flexibilit\u00e4t der BMW M-Modelle und ihre F\u00e4higkeit, in verschiedenen Rennformaten erfolgreich zu sein.<\/p>\n<h2><span class=\"ez-toc-section\" id=\"gt4-scandinavia-erfolge-fuer-bmw-m-bilar-group-racing\"><\/span>GT4 Scandinavia: Erfolge f\u00fcr BMW M-Bilar Group Racing<span class=\"ez-toc-section-end\"><\/span><\/h2>\n<p>Die GT4 Scandinavia kehrte nach einer Reihe internationaler Rennen zur\u00fcck in skandinavische Gefilde. Victor Bouveng und Joakim Walde vom BMW M-Bilar Group Racing Team erreichten erneut ein Doppelpodium-Ergebnis, das ihre beeindruckende Performance und gleichbleibende Qualit\u00e4t in dieser Rennserie unterstreicht.<\/p>\n<h2><span class=\"ez-toc-section\" id=\"rennfieber-pur-bmw-m2-cup-am-nuerburgring\"><\/span>Rennfieber pur: BMW M2 Cup am N\u00fcrburgring<span class=\"ez-toc-section-end\"><\/span><\/h2>\n<p>Beim BMW M2 Cup auf dem N\u00fcrburgring sahen sich die Fahrer mit anspruchsvollen Witterungsbedingungen konfrontiert. Dennoch meisterten Leyton Fourie und Bart Horsten die Herausforderungen souver\u00e4n und erzielten bedeutsame Erfolge f\u00fcr BMW M Motorsport. Diese Siege veranschaulichen eindrucksvoll die ausgewogene Verbindung zwischen eindrucksvoller Leistung und pr\u00e4ziser Kontrolle, die die Identit\u00e4t der BMW M-Modelle pr\u00e4gt.<\/p>\n<h2><span class=\"ez-toc-section\" id=\"bmw-pilot-triumphiert-eindrucksvoll-in-der-btcc\"><\/span>BMW Pilot triumphiert eindrucksvoll in der BTCC<span class=\"ez-toc-section-end\"><\/span><\/h2>\n<p>In Croft setzte Colin Turkington seinen Siegeszug fort. Sein dritter Triumph in dieser Saison innerhalb der British Touring Car Championship (BTCC) untermauert seine au\u00dferordentliche St\u00e4rke. Mit dem BMW 330e M Sport demonstrierte er erneut seine \u00fcberlegene Fahrkunst und best\u00e4tigte seine Spitzenposition auf dieser Strecke.<\/p>\n<h2><span class=\"ez-toc-section\" id=\"erfolgsgeschichte-motorsport-vielseitigkeit-und-triumphe-im-ueberblick\"><\/span>Erfolgsgeschichte Motorsport: Vielseitigkeit und Triumphe im \u00dcberblick<span class=\"ez-toc-section-end\"><\/span><\/h2>\n<p>Die beeindruckenden Erfolge und hervorragenden Leistungen der BMW M Motorsport Teams in verschiedenen Rennserien unterstreichen auf eindrucksvolle Art und Weise die au\u00dfergew\u00f6hnliche Vielseitigkeit und erstklassige Qualit\u00e4t der BMW M-Modelle. Ob bei herausforderndem Regenwetter, wechselnden Umweltbedingungen oder auf anspruchsvollen Strecken &#8211; die BMW M-Fahrzeuge zeigen ihre bemerkenswerte St\u00e4rke, Verl\u00e4sslichkeit und die F\u00e4higkeit, unter s\u00e4mtlichen Bedingungen Spitzenleistungen zu erreichen. Ein spannender Blick in die Zukunft verspricht aufregende Rennen und Erfolge von BMW M Motorsport in der bevorstehenden Saison.<\/p>\n","protected":false},"excerpt":{"rendered":"<p>Im August halten Rennstrecken weltweit \u00fcblicherweise inne, um sich auf den intensiven Saisonendspurt im kommenden September vorzubereiten. In dieser Phase der Erholung und Planung bleibt der Motorsport dennoch dynamisch aktiv. Die zur\u00fcckliegenden Wochenenden waren erneut gepr\u00e4gt von herausragenden Erfolgen der BMW M Motorsport Teams, die selbst w\u00e4hrend der Sommerpause ihre Siegesstr\u00e4hne fortsetzten.<\/p>\n","protected":false},"author":8,"featured_media":5943,"comment_status":"open","ping_status":"open","sticky":false,"template":"","format":"standard","meta":[],"categories":[3305],"tags":[],"yoast_head":"<!-- This site is optimized with the Yoast SEO plugin v18.2 - https:\/\/yoast.com\/wordpress\/plugins\/seo\/ -->\n<meta name=\"robots\" content=\"index, follow, max-snippet:-1, max-image-preview:large, max-video-preview:-1\" \/>\n<link rel=\"canonical\" href=\"https:\/\/www.doppelklicker.de\/blog\/bmw-m-motorsport-sommerpause\/\" \/>\n<meta property=\"og:locale\" content=\"de_DE\" \/>\n<meta property=\"og:type\" content=\"article\" \/>\n<meta property=\"og:title\" content=\"Triumph trotz Ruhe: BMW M Motorsport im Sommer\" \/>\n<meta property=\"og:description\" content=\"Im August halten Rennstrecken weltweit \u00fcblicherweise inne, um sich auf den intensiven Saisonendspurt im kommenden September vorzubereiten. In dieser Phase der Erholung und Planung bleibt der Motorsport dennoch dynamisch aktiv. Die zur\u00fcckliegenden Wochenenden waren erneut gepr\u00e4gt von herausragenden Erfolgen der BMW M Motorsport Teams, die selbst w\u00e4hrend der Sommerpause ihre Siegesstr\u00e4hne fortsetzten.\" \/>\n<meta property=\"og:url\" content=\"https:\/\/www.doppelklicker.de\/blog\/bmw-m-motorsport-sommerpause\/\" \/>\n<meta property=\"og:site_name\" content=\"Aus Mainz.\" \/>\n<meta property=\"article:published_time\" content=\"2023-08-16T06:00:00+00:00\" \/>\n<meta property=\"og:image\" content=\"https:\/\/www.doppelklicker.de\/blog\/wp-content\/uploads\/2023\/08\/sommerlicher-stillstando-bmw-m-motorsport-punktet-weiter-8354.jpg\" \/>\n\t<meta property=\"og:image:width\" content=\"700\" \/>\n\t<meta property=\"og:image:height\" content=\"335\" \/>\n\t<meta property=\"og:image:type\" content=\"image\/jpeg\" \/>\n<meta name=\"twitter:card\" content=\"summary_large_image\" \/>\n<meta name=\"twitter:label1\" content=\"Verfasst von\" \/>\n\t<meta name=\"twitter:data1\" content=\"Iris Martin\" \/>\n\t<meta name=\"twitter:label2\" content=\"Gesch\u00e4tzte Lesezeit\" \/>\n\t<meta name=\"twitter:data2\" content=\"3 Minuten\" \/>\n<script type=\"application\/ld+json\" class=\"yoast-schema-graph\">{\"@context\":\"https:\/\/schema.org\",\"@graph\":[{\"@type\":\"WebSite\",\"@id\":\"https:\/\/www.doppelklicker.de\/blog\/#website\",\"url\":\"https:\/\/www.doppelklicker.de\/blog\/\",\"name\":\"Aus Mainz.\",\"description\":\"F\u00fcr die Welt.\",\"potentialAction\":[{\"@type\":\"SearchAction\",\"target\":{\"@type\":\"EntryPoint\",\"urlTemplate\":\"https:\/\/www.doppelklicker.de\/blog\/?s={search_term_string}\"},\"query-input\":\"required name=search_term_string\"}],\"inLanguage\":\"de-DE\"},{\"@type\":\"ImageObject\",\"@id\":\"https:\/\/www.doppelklicker.de\/blog\/bmw-m-motorsport-sommerpause\/#primaryimage\",\"inLanguage\":\"de-DE\",\"url\":\"https:\/\/www.doppelklicker.de\/blog\/wp-content\/uploads\/2023\/08\/sommerlicher-stillstando-bmw-m-motorsport-punktet-weiter-8354.jpg\",\"contentUrl\":\"https:\/\/www.doppelklicker.de\/blog\/wp-content\/uploads\/2023\/08\/sommerlicher-stillstando-bmw-m-motorsport-punktet-weiter-8354.jpg\",\"width\":700,\"height\":335,\"caption\":\"Triumph trotz Ruhe: BMW M Motorsport im Sommer (Foto: BMW Motorsport)\"},{\"@type\":\"WebPage\",\"@id\":\"https:\/\/www.doppelklicker.de\/blog\/bmw-m-motorsport-sommerpause\/#webpage\",\"url\":\"https:\/\/www.doppelklicker.de\/blog\/bmw-m-motorsport-sommerpause\/\",\"name\":\"Triumph trotz Ruhe: BMW M Motorsport im Sommer\",\"isPartOf\":{\"@id\":\"https:\/\/www.doppelklicker.de\/blog\/#website\"},\"primaryImageOfPage\":{\"@id\":\"https:\/\/www.doppelklicker.de\/blog\/bmw-m-motorsport-sommerpause\/#primaryimage\"},\"datePublished\":\"2023-08-16T06:00:00+00:00\",\"dateModified\":\"2023-08-16T06:00:00+00:00\",\"author\":{\"@id\":\"https:\/\/www.doppelklicker.de\/blog\/#\/schema\/person\/08dcac172bdb025e8ff433488184668a\"},\"breadcrumb\":{\"@id\":\"https:\/\/www.doppelklicker.de\/blog\/bmw-m-motorsport-sommerpause\/#breadcrumb\"},\"inLanguage\":\"de-DE\",\"potentialAction\":[{\"@type\":\"ReadAction\",\"target\":[\"https:\/\/www.doppelklicker.de\/blog\/bmw-m-motorsport-sommerpause\/\"]}]},{\"@type\":\"BreadcrumbList\",\"@id\":\"https:\/\/www.doppelklicker.de\/blog\/bmw-m-motorsport-sommerpause\/#breadcrumb\",\"itemListElement\":[{\"@type\":\"ListItem\",\"position\":1,\"name\":\"Startseite\",\"item\":\"https:\/\/www.doppelklicker.de\/blog\/\"},{\"@type\":\"ListItem\",\"position\":2,\"name\":\"Triumph trotz Ruhe: BMW M Motorsport im Sommer\"}]},{\"@type\":\"Person\",\"@id\":\"https:\/\/www.doppelklicker.de\/blog\/#\/schema\/person\/08dcac172bdb025e8ff433488184668a\",\"name\":\"Iris Martin\",\"image\":{\"@type\":\"ImageObject\",\"@id\":\"https:\/\/www.doppelklicker.de\/blog\/#personlogo\",\"inLanguage\":\"de-DE\",\"url\":\"https:\/\/secure.gravatar.com\/avatar\/82fdaa093be0b9686b531f99fcb54d15?s=96&d=wp_user_avatar&r=g\",\"contentUrl\":\"https:\/\/secure.gravatar.com\/avatar\/82fdaa093be0b9686b531f99fcb54d15?s=96&d=wp_user_avatar&r=g\",\"caption\":\"Iris Martin\"},\"url\":\"https:\/\/www.doppelklicker.de\/blog\/author\/iris-martin\/\"}]}<\/script>\n<!-- \/ Yoast SEO plugin. -->","yoast_head_json":{"robots":{"index":"index","follow":"follow","max-snippet":"max-snippet:-1","max-image-preview":"max-image-preview:large","max-video-preview":"max-video-preview:-1"},"canonical":"https:\/\/www.doppelklicker.de\/blog\/bmw-m-motorsport-sommerpause\/","og_locale":"de_DE","og_type":"article","og_title":"Triumph trotz Ruhe: BMW M Motorsport im Sommer","og_description":"Im August halten Rennstrecken weltweit \u00fcblicherweise inne, um sich auf den intensiven Saisonendspurt im kommenden September vorzubereiten. In dieser Phase der Erholung und Planung bleibt der Motorsport dennoch dynamisch aktiv. Die zur\u00fcckliegenden Wochenenden waren erneut gepr\u00e4gt von herausragenden Erfolgen der BMW M Motorsport Teams, die selbst w\u00e4hrend der Sommerpause ihre Siegesstr\u00e4hne fortsetzten.","og_url":"https:\/\/www.doppelklicker.de\/blog\/bmw-m-motorsport-sommerpause\/","og_site_name":"Aus Mainz.","article_published_time":"2023-08-16T06:00:00+00:00","og_image":[{"width":700,"height":335,"url":"https:\/\/www.doppelklicker.de\/blog\/wp-content\/uploads\/2023\/08\/sommerlicher-stillstando-bmw-m-motorsport-punktet-weiter-8354.jpg","type":"image\/jpeg"}],"twitter_card":"summary_large_image","twitter_misc":{"Verfasst von":"Iris Martin","Gesch\u00e4tzte Lesezeit":"3 Minuten"},"schema":{"@context":"https:\/\/schema.org","@graph":[{"@type":"WebSite","@id":"https:\/\/www.doppelklicker.de\/blog\/#website","url":"https:\/\/www.doppelklicker.de\/blog\/","name":"Aus Mainz.","description":"F\u00fcr die Welt.","potentialAction":[{"@type":"SearchAction","target":{"@type":"EntryPoint","urlTemplate":"https:\/\/www.doppelklicker.de\/blog\/?s={search_term_string}"},"query-input":"required name=search_term_string"}],"inLanguage":"de-DE"},{"@type":"ImageObject","@id":"https:\/\/www.doppelklicker.de\/blog\/bmw-m-motorsport-sommerpause\/#primaryimage","inLanguage":"de-DE","url":"https:\/\/www.doppelklicker.de\/blog\/wp-content\/uploads\/2023\/08\/sommerlicher-stillstando-bmw-m-motorsport-punktet-weiter-8354.jpg","contentUrl":"https:\/\/www.doppelklicker.de\/blog\/wp-content\/uploads\/2023\/08\/sommerlicher-stillstando-bmw-m-motorsport-punktet-weiter-8354.jpg","width":700,"height":335,"caption":"Triumph trotz Ruhe: BMW M Motorsport im Sommer (Foto: BMW Motorsport)"},{"@type":"WebPage","@id":"https:\/\/www.doppelklicker.de\/blog\/bmw-m-motorsport-sommerpause\/#webpage","url":"https:\/\/www.doppelklicker.de\/blog\/bmw-m-motorsport-sommerpause\/","name":"Triumph trotz Ruhe: BMW M Motorsport im Sommer","isPartOf":{"@id":"https:\/\/www.doppelklicker.de\/blog\/#website"},"primaryImageOfPage":{"@id":"https:\/\/www.doppelklicker.de\/blog\/bmw-m-motorsport-sommerpause\/#primaryimage"},"datePublished":"2023-08-16T06:00:00+00:00","dateModified":"2023-08-16T06:00:00+00:00","author":{"@id":"https:\/\/www.doppelklicker.de\/blog\/#\/schema\/person\/08dcac172bdb025e8ff433488184668a"},"breadcrumb":{"@id":"https:\/\/www.doppelklicker.de\/blog\/bmw-m-motorsport-sommerpause\/#breadcrumb"},"inLanguage":"de-DE","potentialAction":[{"@type":"ReadAction","target":["https:\/\/www.doppelklicker.de\/blog\/bmw-m-motorsport-sommerpause\/"]}]},{"@type":"BreadcrumbList","@id":"https:\/\/www.doppelklicker.de\/blog\/bmw-m-motorsport-sommerpause\/#breadcrumb","itemListElement":[{"@type":"ListItem","position":1,"name":"Startseite","item":"https:\/\/www.doppelklicker.de\/blog\/"},{"@type":"ListItem","position":2,"name":"Triumph trotz Ruhe: BMW M Motorsport im Sommer"}]},{"@type":"Person","@id":"https:\/\/www.doppelklicker.de\/blog\/#\/schema\/person\/08dcac172bdb025e8ff433488184668a","name":"Iris Martin","image":{"@type":"ImageObject","@id":"https:\/\/www.doppelklicker.de\/blog\/#personlogo","inLanguage":"de-DE","url":"https:\/\/secure.gravatar.com\/avatar\/82fdaa093be0b9686b531f99fcb54d15?s=96&d=wp_user_avatar&r=g","contentUrl":"https:\/\/secure.gravatar.com\/avatar\/82fdaa093be0b9686b531f99fcb54d15?s=96&d=wp_user_avatar&r=g","caption":"Iris Martin"},"url":"https:\/\/www.doppelklicker.de\/blog\/author\/iris-martin\/"}]}},"_links":{"self":[{"href":"https:\/\/www.doppelklicker.de\/blog\/wp-json\/wp\/v2\/posts\/5942"}],"collection":[{"href":"https:\/\/www.doppelklicker.de\/blog\/wp-json\/wp\/v2\/posts"}],"about":[{"href":"https:\/\/www.doppelklicker.de\/blog\/wp-json\/wp\/v2\/types\/post"}],"author":[{"embeddable":true,"href":"https:\/\/www.doppelklicker.de\/blog\/wp-json\/wp\/v2\/users\/8"}],"replies":[{"embeddable":true,"href":"https:\/\/www.doppelklicker.de\/blog\/wp-json\/wp\/v2\/comments?post=5942"}],"version-history":[{"count":0,"href":"https:\/\/www.doppelklicker.de\/blog\/wp-json\/wp\/v2\/posts\/5942\/revisions"}],"wp:featuredmedia":[{"embeddable":true,"href":"https:\/\/www.doppelklicker.de\/blog\/wp-json\/wp\/v2\/media\/5943"}],"wp:attachment":[{"href":"https:\/\/www.doppelklicker.de\/blog\/wp-json\/wp\/v2\/media?parent=5942"}],"wp:term":[{"taxonomy":"category","embeddable":true,"href":"https:\/\/www.doppelklicker.de\/blog\/wp-json\/wp\/v2\/categories?post=5942"},{"taxonomy":"post_tag","embeddable":true,"href":"https:\/\/www.doppelklicker.de\/blog\/wp-json\/wp\/v2\/tags?post=5942"}],"curies":[{"name":"wp","href":"https:\/\/api.w.org\/{rel}","templated":true}]}}