{"id":5946,"date":"2023-08-18T08:00:00","date_gmt":"2023-08-18T06:00:00","guid":{"rendered":"guid"},"modified":"2023-08-18T08:00:00","modified_gmt":"2023-08-18T06:00:00","slug":"bmw-motorrad-metaride-virtuelles-fahrerlebnis","status":"publish","type":"post","link":"https:\/\/www.doppelklicker.de\/blog\/bmw-motorrad-metaride-virtuelles-fahrerlebnis\/","title":{"rendered":"BMW MetaRide: Neue \u00c4ra des virtuellen Motorradfahrens"},"content":{"rendered":"<p>Der neu pr\u00e4sentierte BMW CE 02 leitet eine faszinierende Evolution in der Motorradwelt ein. Dieses innovative Fahrzeug symbolisiert nicht nur elektrische Leistung, sondern etabliert auch die aufregende Kategorie des eParkourers. Speziell f\u00fcr urbane Mobilit\u00e4t entwickelt, spricht der BMW CE 02 vor allem junge Fahrer an, die eine erfrischende Perspektive auf das Fahren suchen. Die Einf\u00fchrung des BMW Motorrad MetaRide intensiviert die Anziehungskraft dieses spannenden Fahrerlebnisses.<br \/>\n<!--more--><\/p>\n<div id=\"ez-toc-container\" class=\"ez-toc-v2_0_16 counter-hierarchy\">\n<div class=\"ez-toc-title-container\">\n<p class=\"ez-toc-title\">Inhaltsverzeichnis: Das erwartet Sie in diesem Artikel<\/p>\n<span class=\"ez-toc-title-toggle\"><a class=\"ez-toc-pull-right ez-toc-btn ez-toc-btn-xs ez-toc-btn-default ez-toc-toggle\" style=\"display: none;\"><i class=\"ez-toc-glyphicon ez-toc-icon-toggle\"><\/i><\/a><\/span><\/div>\n<nav><ul class=\"ez-toc-list ez-toc-list-level-1\"><li class=\"ez-toc-page-1 ez-toc-heading-level-2\"><a class=\"ez-toc-link ez-toc-heading-1\" href=\"https:\/\/www.doppelklicker.de\/blog\/bmw-motorrad-metaride-virtuelles-fahrerlebnis\/#metaride-enthuellt-bmw-motorrad-definiert-zukunft-des-fahrens\" title=\"MetaRide enth\u00fcllt: BMW Motorrad definiert Zukunft des Fahrens\">MetaRide enth\u00fcllt: BMW Motorrad definiert Zukunft des Fahrens<\/a><\/li><li class=\"ez-toc-page-1 ez-toc-heading-level-2\"><a class=\"ez-toc-link ez-toc-heading-2\" href=\"https:\/\/www.doppelklicker.de\/blog\/bmw-motorrad-metaride-virtuelles-fahrerlebnis\/#virtuelle-freiheit-vielseitige-abenteuer-im-motorrad-metaride\" title=\"Virtuelle Freiheit: Vielseitige Abenteuer im Motorrad-MetaRide\">Virtuelle Freiheit: Vielseitige Abenteuer im Motorrad-MetaRide<\/a><\/li><li class=\"ez-toc-page-1 ez-toc-heading-level-2\"><a class=\"ez-toc-link ez-toc-heading-3\" href=\"https:\/\/www.doppelklicker.de\/blog\/bmw-motorrad-metaride-virtuelles-fahrerlebnis\/#real-vs-virtuell-aufregende-wechselwirkung-der-dimensionen\" title=\"Real vs. Virtuell: Aufregende Wechselwirkung der Dimensionen\">Real vs. Virtuell: Aufregende Wechselwirkung der Dimensionen<\/a><\/li><li class=\"ez-toc-page-1 ez-toc-heading-level-2\"><a class=\"ez-toc-link ez-toc-heading-4\" href=\"https:\/\/www.doppelklicker.de\/blog\/bmw-motorrad-metaride-virtuelles-fahrerlebnis\/#elektrisch-digital-bmw-motorrad-metaride-revolutioniert-fahrerlebnis\" title=\"Elektrisch &#038; Digital: BMW Motorrad MetaRide revolutioniert Fahrerlebnis\">Elektrisch &#038; Digital: BMW Motorrad MetaRide revolutioniert Fahrerlebnis<\/a><\/li><li class=\"ez-toc-page-1 ez-toc-heading-level-2\"><a class=\"ez-toc-link ez-toc-heading-5\" href=\"https:\/\/www.doppelklicker.de\/blog\/bmw-motorrad-metaride-virtuelles-fahrerlebnis\/#sicherheit-fuer-bmw-im-metaverse-gewaehrleistet\" title=\"Sicherheit f\u00fcr BMW im Metaverse gew\u00e4hrleistet\">Sicherheit f\u00fcr BMW im Metaverse gew\u00e4hrleistet<\/a><\/li><li class=\"ez-toc-page-1 ez-toc-heading-level-2\"><a class=\"ez-toc-link ez-toc-heading-6\" href=\"https:\/\/www.doppelklicker.de\/blog\/bmw-motorrad-metaride-virtuelles-fahrerlebnis\/#zukunft-der-mobilitaet-digitaler-pfad-fuer-motorradenthusiasten\" title=\"Zukunft der Mobilit\u00e4t: Digitaler Pfad f\u00fcr Motorradenthusiasten\">Zukunft der Mobilit\u00e4t: Digitaler Pfad f\u00fcr Motorradenthusiasten<\/a><\/li><\/ul><\/nav><\/div>\n<h2><span class=\"ez-toc-section\" id=\"metaride-enthuellt-bmw-motorrad-definiert-zukunft-des-fahrens\"><\/span>MetaRide enth\u00fcllt: BMW Motorrad definiert Zukunft des Fahrens<span class=\"ez-toc-section-end\"><\/span><\/h2>\n<p>Der BMW Motorrad MetaRide bietet einen digitalen Raum, der die Welt des BMW CE 02 in ein neues Licht r\u00fcckt. Hier k\u00f6nnen Motorradfans den CE 02 in Form eines Avatars erleben, als s\u00e4\u00dfen sie tats\u00e4chlich auf dem Bike. Der Raum erlaubt nicht nur das Fahrerlebnis, sondern auch die Interaktion mit anderen Gleichgesinnten und der Marke BMW Motorrad. Die authentische Umgebungsdarstellung im MetaRide vermittelt ein realistisches Fahrgef\u00fchl.<\/p>\n<h2><span class=\"ez-toc-section\" id=\"virtuelle-freiheit-vielseitige-abenteuer-im-motorrad-metaride\"><\/span>Virtuelle Freiheit: Vielseitige Abenteuer im Motorrad-MetaRide<span class=\"ez-toc-section-end\"><\/span><\/h2>\n<p>Neben dem reinen Fahrvergn\u00fcgen des BMW CE 02 bietet der BMW Motorrad MetaRide eine breite Palette an Zusatzm\u00f6glichkeiten. Nutzer k\u00f6nnen nicht nur virtuelle Testfahrten unternehmen, sondern sich auch in unterhaltsamen Aktivit\u00e4ten wie Basketballspielen versuchen oder virtuelle Tokens sammeln. Die Option, stilvolle Kleidung und Accessoires f\u00fcr den pers\u00f6nlichen Avatar zu erspielen, f\u00fcgt dem Erlebnis eine kreative Note hinzu. Dieser digitale Markenraum wird kontinuierlich erweitert, um weitere Produkte der BMW Motorrad Welt zu integrieren.<\/p>\n<h2><span class=\"ez-toc-section\" id=\"real-vs-virtuell-aufregende-wechselwirkung-der-dimensionen\"><\/span>Real vs. Virtuell: Aufregende Wechselwirkung der Dimensionen<span class=\"ez-toc-section-end\"><\/span><\/h2>\n<p>Die Enth\u00fcllung des BMW CE 02 bei der Weltpremiere war ein bemerkenswertes Ereignis, das die Trennlinien zwischen realer und virtueller Welt verschwimmen lie\u00df. Zwischen der virtuellen Umgebung des BMW Motorrad MetaRide und der pulsierenden Kulisse des Pure&#038;Crafted Festivals in Berlin hatten die Zuschauer die einzigartige Gelegenheit, das Fahrzeug auf eine bisher unvorstellbare Art zu erleben. Diese Verschmelzung von digitaler und physischer Realit\u00e4t zeigt, wie nahtlos diese beiden Welten ineinander \u00fcbergehen k\u00f6nnen, um ein unvergessliches Erlebnis zu gestalten.<\/p>\n<h2><span class=\"ez-toc-section\" id=\"elektrisch-digital-bmw-motorrad-metaride-revolutioniert-fahrerlebnis\"><\/span>Elektrisch &#038; Digital: BMW Motorrad MetaRide revolutioniert Fahrerlebnis<span class=\"ez-toc-section-end\"><\/span><\/h2>\n<p>Mit Leichtigkeit betreten Motorradenthusiasten die faszinierende Welt des BMW Motorrad MetaRide. \u00dcber die offizielle BMW Motorrad Website oder etablierte Social-Media-Kan\u00e4le wird der Zugang er\u00f6ffnet. Zugleich erm\u00f6glicht die Metaverse-Plattform Spatial direktes Eintauchen in die virtuelle Dimension. Dank dieser wegweisenden Zugangsm\u00f6glichkeiten k\u00f6nnen Anh\u00e4nger aus aller Welt das aufregende Fahrerlebnis des MetaRide in vollen Z\u00fcgen genie\u00dfen.<\/p>\n<h2><span class=\"ez-toc-section\" id=\"sicherheit-fuer-bmw-im-metaverse-gewaehrleistet\"><\/span>Sicherheit f\u00fcr BMW im Metaverse gew\u00e4hrleistet<span class=\"ez-toc-section-end\"><\/span><\/h2>\n<p>Im &#8222;MetaRide&#8220; sind virtuelle Produkte ebenso gesch\u00fctzt wie ihre physischen Entsprechungen. Die BMW AG hat ihre Hauptmarken, inklusive des ikonischen BMW Logos, f\u00fcr die Zukunft im Metaverse abgesichert. Diese Pr\u00e4ventivma\u00dfnahme sichert die Identit\u00e4t und Integrit\u00e4t der Marke, sei es bei virtuellen Fahrzeugen oder Kleidungsst\u00fccken.<\/p>\n<h2><span class=\"ez-toc-section\" id=\"zukunft-der-mobilitaet-digitaler-pfad-fuer-motorradenthusiasten\"><\/span>Zukunft der Mobilit\u00e4t: Digitaler Pfad f\u00fcr Motorradenthusiasten<span class=\"ez-toc-section-end\"><\/span><\/h2>\n<p>Der BMW Motorrad MetaRide verk\u00fcndet den Aufbruch in eine neue \u00c4ra des Fahrerlebnisses. Die gelungene Verbindung von virtueller Eleganz und realistischer Darbietung \u00f6ffnet Motorradfans eine Welt ungeahnter M\u00f6glichkeiten. Vom authentischen Fahrspa\u00df bis hin zu interaktiven Erlebnissen erm\u00f6glicht der MetaRide eine immersiv gestaltete Reise in die BMW Motorrad Welt. Diese fortschrittliche Konzeption unterstreicht eindrucksvoll, wie die digitale Transformation das Potenzial hat, die Art und Weise, wie wir Motorr\u00e4der wahrnehmen, grundlegend zu transformieren.<\/p>\n","protected":false},"excerpt":{"rendered":"<p>Der neu pr\u00e4sentierte BMW CE 02 leitet eine faszinierende Evolution in der Motorradwelt ein. Dieses innovative Fahrzeug symbolisiert nicht nur elektrische Leistung, sondern etabliert auch die aufregende Kategorie des eParkourers. Speziell f\u00fcr urbane Mobilit\u00e4t entwickelt, spricht der BMW CE 02 vor allem junge Fahrer an, die eine erfrischende Perspektive auf das Fahren suchen. Die Einf\u00fchrung<\/p>\n<div class=\"read-more\"><a href=\"https:\/\/www.doppelklicker.de\/blog\/bmw-motorrad-metaride-virtuelles-fahrerlebnis\/\" title=\"Jetzt alles lesen\">Jetzt alles lesen<\/a><\/div>\n","protected":false},"author":8,"featured_media":5947,"comment_status":"open","ping_status":"open","sticky":false,"template":"","format":"standard","meta":[],"categories":[3305],"tags":[],"yoast_head":"<!-- This site is optimized with the Yoast SEO plugin v18.2 - https:\/\/yoast.com\/wordpress\/plugins\/seo\/ -->\n<meta name=\"robots\" content=\"index, follow, max-snippet:-1, max-image-preview:large, max-video-preview:-1\" \/>\n<link rel=\"canonical\" href=\"https:\/\/www.doppelklicker.de\/blog\/bmw-motorrad-metaride-virtuelles-fahrerlebnis\/\" \/>\n<meta property=\"og:locale\" content=\"de_DE\" \/>\n<meta property=\"og:type\" content=\"article\" \/>\n<meta property=\"og:title\" content=\"BMW MetaRide: Neue \u00c4ra des virtuellen Motorradfahrens\" \/>\n<meta property=\"og:description\" content=\"Der neu pr\u00e4sentierte BMW CE 02 leitet eine faszinierende Evolution in der Motorradwelt ein. Dieses innovative Fahrzeug symbolisiert nicht nur elektrische Leistung, sondern etabliert auch die aufregende Kategorie des eParkourers. Speziell f\u00fcr urbane Mobilit\u00e4t entwickelt, spricht der BMW CE 02 vor allem junge Fahrer an, die eine erfrischende Perspektive auf das Fahren suchen. Die Einf\u00fchrungJetzt alles lesen\" \/>\n<meta property=\"og:url\" content=\"https:\/\/www.doppelklicker.de\/blog\/bmw-motorrad-metaride-virtuelles-fahrerlebnis\/\" \/>\n<meta property=\"og:site_name\" content=\"Aus Mainz.\" \/>\n<meta property=\"article:published_time\" content=\"2023-08-18T06:00:00+00:00\" \/>\n<meta property=\"og:image\" content=\"https:\/\/www.doppelklicker.de\/blog\/wp-content\/uploads\/2023\/08\/bmw-metaride-digitales-fahrerlebnis-motorradfans-8432.jpg\" \/>\n\t<meta property=\"og:image:width\" content=\"700\" \/>\n\t<meta property=\"og:image:height\" content=\"335\" \/>\n\t<meta property=\"og:image:type\" content=\"image\/jpeg\" \/>\n<meta name=\"twitter:card\" content=\"summary_large_image\" \/>\n<meta name=\"twitter:label1\" content=\"Verfasst von\" \/>\n\t<meta name=\"twitter:data1\" content=\"Iris Martin\" \/>\n\t<meta name=\"twitter:label2\" content=\"Gesch\u00e4tzte Lesezeit\" \/>\n\t<meta name=\"twitter:data2\" content=\"3 Minuten\" \/>\n<script type=\"application\/ld+json\" class=\"yoast-schema-graph\">{\"@context\":\"https:\/\/schema.org\",\"@graph\":[{\"@type\":\"WebSite\",\"@id\":\"https:\/\/www.doppelklicker.de\/blog\/#website\",\"url\":\"https:\/\/www.doppelklicker.de\/blog\/\",\"name\":\"Aus Mainz.\",\"description\":\"F\u00fcr die Welt.\",\"potentialAction\":[{\"@type\":\"SearchAction\",\"target\":{\"@type\":\"EntryPoint\",\"urlTemplate\":\"https:\/\/www.doppelklicker.de\/blog\/?s={search_term_string}\"},\"query-input\":\"required name=search_term_string\"}],\"inLanguage\":\"de-DE\"},{\"@type\":\"ImageObject\",\"@id\":\"https:\/\/www.doppelklicker.de\/blog\/bmw-motorrad-metaride-virtuelles-fahrerlebnis\/#primaryimage\",\"inLanguage\":\"de-DE\",\"url\":\"https:\/\/www.doppelklicker.de\/blog\/wp-content\/uploads\/2023\/08\/bmw-metaride-digitales-fahrerlebnis-motorradfans-8432.jpg\",\"contentUrl\":\"https:\/\/www.doppelklicker.de\/blog\/wp-content\/uploads\/2023\/08\/bmw-metaride-digitales-fahrerlebnis-motorradfans-8432.jpg\",\"width\":700,\"height\":335,\"caption\":\"BMW MetaRide: Digitales Fahrerlebnis f\u00fcr Motorradfans (Foto: BMW Group)\"},{\"@type\":\"WebPage\",\"@id\":\"https:\/\/www.doppelklicker.de\/blog\/bmw-motorrad-metaride-virtuelles-fahrerlebnis\/#webpage\",\"url\":\"https:\/\/www.doppelklicker.de\/blog\/bmw-motorrad-metaride-virtuelles-fahrerlebnis\/\",\"name\":\"BMW MetaRide: Neue \u00c4ra des virtuellen Motorradfahrens\",\"isPartOf\":{\"@id\":\"https:\/\/www.doppelklicker.de\/blog\/#website\"},\"primaryImageOfPage\":{\"@id\":\"https:\/\/www.doppelklicker.de\/blog\/bmw-motorrad-metaride-virtuelles-fahrerlebnis\/#primaryimage\"},\"datePublished\":\"2023-08-18T06:00:00+00:00\",\"dateModified\":\"2023-08-18T06:00:00+00:00\",\"author\":{\"@id\":\"https:\/\/www.doppelklicker.de\/blog\/#\/schema\/person\/08dcac172bdb025e8ff433488184668a\"},\"breadcrumb\":{\"@id\":\"https:\/\/www.doppelklicker.de\/blog\/bmw-motorrad-metaride-virtuelles-fahrerlebnis\/#breadcrumb\"},\"inLanguage\":\"de-DE\",\"potentialAction\":[{\"@type\":\"ReadAction\",\"target\":[\"https:\/\/www.doppelklicker.de\/blog\/bmw-motorrad-metaride-virtuelles-fahrerlebnis\/\"]}]},{\"@type\":\"BreadcrumbList\",\"@id\":\"https:\/\/www.doppelklicker.de\/blog\/bmw-motorrad-metaride-virtuelles-fahrerlebnis\/#breadcrumb\",\"itemListElement\":[{\"@type\":\"ListItem\",\"position\":1,\"name\":\"Startseite\",\"item\":\"https:\/\/www.doppelklicker.de\/blog\/\"},{\"@type\":\"ListItem\",\"position\":2,\"name\":\"BMW MetaRide: Neue \u00c4ra des virtuellen Motorradfahrens\"}]},{\"@type\":\"Person\",\"@id\":\"https:\/\/www.doppelklicker.de\/blog\/#\/schema\/person\/08dcac172bdb025e8ff433488184668a\",\"name\":\"Iris Martin\",\"image\":{\"@type\":\"ImageObject\",\"@id\":\"https:\/\/www.doppelklicker.de\/blog\/#personlogo\",\"inLanguage\":\"de-DE\",\"url\":\"https:\/\/secure.gravatar.com\/avatar\/82fdaa093be0b9686b531f99fcb54d15?s=96&d=wp_user_avatar&r=g\",\"contentUrl\":\"https:\/\/secure.gravatar.com\/avatar\/82fdaa093be0b9686b531f99fcb54d15?s=96&d=wp_user_avatar&r=g\",\"caption\":\"Iris Martin\"},\"url\":\"https:\/\/www.doppelklicker.de\/blog\/author\/iris-martin\/\"}]}<\/script>\n<!-- \/ Yoast SEO plugin. -->","yoast_head_json":{"robots":{"index":"index","follow":"follow","max-snippet":"max-snippet:-1","max-image-preview":"max-image-preview:large","max-video-preview":"max-video-preview:-1"},"canonical":"https:\/\/www.doppelklicker.de\/blog\/bmw-motorrad-metaride-virtuelles-fahrerlebnis\/","og_locale":"de_DE","og_type":"article","og_title":"BMW MetaRide: Neue \u00c4ra des virtuellen Motorradfahrens","og_description":"Der neu pr\u00e4sentierte BMW CE 02 leitet eine faszinierende Evolution in der Motorradwelt ein. Dieses innovative Fahrzeug symbolisiert nicht nur elektrische Leistung, sondern etabliert auch die aufregende Kategorie des eParkourers. Speziell f\u00fcr urbane Mobilit\u00e4t entwickelt, spricht der BMW CE 02 vor allem junge Fahrer an, die eine erfrischende Perspektive auf das Fahren suchen. Die Einf\u00fchrungJetzt alles lesen","og_url":"https:\/\/www.doppelklicker.de\/blog\/bmw-motorrad-metaride-virtuelles-fahrerlebnis\/","og_site_name":"Aus Mainz.","article_published_time":"2023-08-18T06:00:00+00:00","og_image":[{"width":700,"height":335,"url":"https:\/\/www.doppelklicker.de\/blog\/wp-content\/uploads\/2023\/08\/bmw-metaride-digitales-fahrerlebnis-motorradfans-8432.jpg","type":"image\/jpeg"}],"twitter_card":"summary_large_image","twitter_misc":{"Verfasst von":"Iris Martin","Gesch\u00e4tzte Lesezeit":"3 Minuten"},"schema":{"@context":"https:\/\/schema.org","@graph":[{"@type":"WebSite","@id":"https:\/\/www.doppelklicker.de\/blog\/#website","url":"https:\/\/www.doppelklicker.de\/blog\/","name":"Aus Mainz.","description":"F\u00fcr die Welt.","potentialAction":[{"@type":"SearchAction","target":{"@type":"EntryPoint","urlTemplate":"https:\/\/www.doppelklicker.de\/blog\/?s={search_term_string}"},"query-input":"required name=search_term_string"}],"inLanguage":"de-DE"},{"@type":"ImageObject","@id":"https:\/\/www.doppelklicker.de\/blog\/bmw-motorrad-metaride-virtuelles-fahrerlebnis\/#primaryimage","inLanguage":"de-DE","url":"https:\/\/www.doppelklicker.de\/blog\/wp-content\/uploads\/2023\/08\/bmw-metaride-digitales-fahrerlebnis-motorradfans-8432.jpg","contentUrl":"https:\/\/www.doppelklicker.de\/blog\/wp-content\/uploads\/2023\/08\/bmw-metaride-digitales-fahrerlebnis-motorradfans-8432.jpg","width":700,"height":335,"caption":"BMW MetaRide: Digitales Fahrerlebnis f\u00fcr Motorradfans (Foto: BMW Group)"},{"@type":"WebPage","@id":"https:\/\/www.doppelklicker.de\/blog\/bmw-motorrad-metaride-virtuelles-fahrerlebnis\/#webpage","url":"https:\/\/www.doppelklicker.de\/blog\/bmw-motorrad-metaride-virtuelles-fahrerlebnis\/","name":"BMW MetaRide: Neue \u00c4ra des virtuellen Motorradfahrens","isPartOf":{"@id":"https:\/\/www.doppelklicker.de\/blog\/#website"},"primaryImageOfPage":{"@id":"https:\/\/www.doppelklicker.de\/blog\/bmw-motorrad-metaride-virtuelles-fahrerlebnis\/#primaryimage"},"datePublished":"2023-08-18T06:00:00+00:00","dateModified":"2023-08-18T06:00:00+00:00","author":{"@id":"https:\/\/www.doppelklicker.de\/blog\/#\/schema\/person\/08dcac172bdb025e8ff433488184668a"},"breadcrumb":{"@id":"https:\/\/www.doppelklicker.de\/blog\/bmw-motorrad-metaride-virtuelles-fahrerlebnis\/#breadcrumb"},"inLanguage":"de-DE","potentialAction":[{"@type":"ReadAction","target":["https:\/\/www.doppelklicker.de\/blog\/bmw-motorrad-metaride-virtuelles-fahrerlebnis\/"]}]},{"@type":"BreadcrumbList","@id":"https:\/\/www.doppelklicker.de\/blog\/bmw-motorrad-metaride-virtuelles-fahrerlebnis\/#breadcrumb","itemListElement":[{"@type":"ListItem","position":1,"name":"Startseite","item":"https:\/\/www.doppelklicker.de\/blog\/"},{"@type":"ListItem","position":2,"name":"BMW MetaRide: Neue \u00c4ra des virtuellen Motorradfahrens"}]},{"@type":"Person","@id":"https:\/\/www.doppelklicker.de\/blog\/#\/schema\/person\/08dcac172bdb025e8ff433488184668a","name":"Iris Martin","image":{"@type":"ImageObject","@id":"https:\/\/www.doppelklicker.de\/blog\/#personlogo","inLanguage":"de-DE","url":"https:\/\/secure.gravatar.com\/avatar\/82fdaa093be0b9686b531f99fcb54d15?s=96&d=wp_user_avatar&r=g","contentUrl":"https:\/\/secure.gravatar.com\/avatar\/82fdaa093be0b9686b531f99fcb54d15?s=96&d=wp_user_avatar&r=g","caption":"Iris Martin"},"url":"https:\/\/www.doppelklicker.de\/blog\/author\/iris-martin\/"}]}},"_links":{"self":[{"href":"https:\/\/www.doppelklicker.de\/blog\/wp-json\/wp\/v2\/posts\/5946"}],"collection":[{"href":"https:\/\/www.doppelklicker.de\/blog\/wp-json\/wp\/v2\/posts"}],"about":[{"href":"https:\/\/www.doppelklicker.de\/blog\/wp-json\/wp\/v2\/types\/post"}],"author":[{"embeddable":true,"href":"https:\/\/www.doppelklicker.de\/blog\/wp-json\/wp\/v2\/users\/8"}],"replies":[{"embeddable":true,"href":"https:\/\/www.doppelklicker.de\/blog\/wp-json\/wp\/v2\/comments?post=5946"}],"version-history":[{"count":0,"href":"https:\/\/www.doppelklicker.de\/blog\/wp-json\/wp\/v2\/posts\/5946\/revisions"}],"wp:featuredmedia":[{"embeddable":true,"href":"https:\/\/www.doppelklicker.de\/blog\/wp-json\/wp\/v2\/media\/5947"}],"wp:attachment":[{"href":"https:\/\/www.doppelklicker.de\/blog\/wp-json\/wp\/v2\/media?parent=5946"}],"wp:term":[{"taxonomy":"category","embeddable":true,"href":"https:\/\/www.doppelklicker.de\/blog\/wp-json\/wp\/v2\/categories?post=5946"},{"taxonomy":"post_tag","embeddable":true,"href":"https:\/\/www.doppelklicker.de\/blog\/wp-json\/wp\/v2\/tags?post=5946"}],"curies":[{"name":"wp","href":"https:\/\/api.w.org\/{rel}","templated":true}]}}