{"id":5967,"date":"2023-08-31T08:00:00","date_gmt":"2023-08-31T06:00:00","guid":{"rendered":"guid"},"modified":"2023-08-31T08:00:00","modified_gmt":"2023-08-31T06:00:00","slug":"federweisser-erntezeit-norddeutschland","status":"publish","type":"post","link":"https:\/\/www.doppelklicker.de\/blog\/federweisser-erntezeit-norddeutschland\/","title":{"rendered":"Federwei\u00dfer-Ernte im Norden: Goldener Herbst verspricht Genuss"},"content":{"rendered":"<p>Die zauberhaften Weinanbaugebiete im Norden Deutschlands bereiten sich auf den Herbst vor, und die Ernte von Federwei\u00dfer ist gestartet. Mit gro\u00dfen Erwartungen schauen die Winzerinnen und Winzer auf die kommende Zeit. Dennoch werfen die unvorhersehbaren Wetterbedingungen Bedenken auf, wie sich diese auf die Qualit\u00e4t der diesj\u00e4hrigen Ernte auswirken k\u00f6nnten.<br \/>\n<!--more--><\/p>\n<div id=\"ez-toc-container\" class=\"ez-toc-v2_0_16 counter-hierarchy\">\n<div class=\"ez-toc-title-container\">\n<p class=\"ez-toc-title\">Inhaltsverzeichnis: Das erwartet Sie in diesem Artikel<\/p>\n<span class=\"ez-toc-title-toggle\"><a class=\"ez-toc-pull-right ez-toc-btn ez-toc-btn-xs ez-toc-btn-default ez-toc-toggle\" style=\"display: none;\"><i class=\"ez-toc-glyphicon ez-toc-icon-toggle\"><\/i><\/a><\/span><\/div>\n<nav><ul class=\"ez-toc-list ez-toc-list-level-1\"><li class=\"ez-toc-page-1 ez-toc-heading-level-2\"><a class=\"ez-toc-link ez-toc-heading-1\" href=\"https:\/\/www.doppelklicker.de\/blog\/federweisser-erntezeit-norddeutschland\/#erntezeit-eingelaeutet-solaris-und-ortega-von-mosel\" title=\"Erntezeit eingel\u00e4utet: Solaris und Ortega von Mosel\">Erntezeit eingel\u00e4utet: Solaris und Ortega von Mosel<\/a><\/li><li class=\"ez-toc-page-1 ez-toc-heading-level-2\"><a class=\"ez-toc-link ez-toc-heading-2\" href=\"https:\/\/www.doppelklicker.de\/blog\/federweisser-erntezeit-norddeutschland\/#septemberzauber-haupternte-der-weintrauben-steht-in-den-startloechern\" title=\"Septemberzauber: Haupternte der Weintrauben steht in den Startl\u00f6chern\">Septemberzauber: Haupternte der Weintrauben steht in den Startl\u00f6chern<\/a><\/li><li class=\"ez-toc-page-1 ez-toc-heading-level-2\"><a class=\"ez-toc-link ez-toc-heading-3\" href=\"https:\/\/www.doppelklicker.de\/blog\/federweisser-erntezeit-norddeutschland\/#regenverwandlung-positive-auswirkungen-auf-die-natur\" title=\"Regenverwandlung: Positive Auswirkungen auf die Natur\">Regenverwandlung: Positive Auswirkungen auf die Natur<\/a><\/li><li class=\"ez-toc-page-1 ez-toc-heading-level-2\"><a class=\"ez-toc-link ez-toc-heading-4\" href=\"https:\/\/www.doppelklicker.de\/blog\/federweisser-erntezeit-norddeutschland\/#solidaritaet-zeigt-sich-gemeinsame-staerke-an-der-ahr\" title=\"Solidarit\u00e4t zeigt sich: Gemeinsame St\u00e4rke an der Ahr\">Solidarit\u00e4t zeigt sich: Gemeinsame St\u00e4rke an der Ahr<\/a><\/li><li class=\"ez-toc-page-1 ez-toc-heading-level-2\"><a class=\"ez-toc-link ez-toc-heading-5\" href=\"https:\/\/www.doppelklicker.de\/blog\/federweisser-erntezeit-norddeutschland\/#weingenuss-erwartet-hoffnung-auf-vielversprechendes-erntejahr-steigt\" title=\"Weingenuss erwartet: Hoffnung auf vielversprechendes Erntejahr steigt\">Weingenuss erwartet: Hoffnung auf vielversprechendes Erntejahr steigt<\/a><\/li><li class=\"ez-toc-page-1 ez-toc-heading-level-2\"><a class=\"ez-toc-link ez-toc-heading-6\" href=\"https:\/\/www.doppelklicker.de\/blog\/federweisser-erntezeit-norddeutschland\/#zwischen-regen-und-sonnenschein-weinlese-im-nordwesten\" title=\"Zwischen Regen und Sonnenschein: Weinlese im Nordwesten\">Zwischen Regen und Sonnenschein: Weinlese im Nordwesten<\/a><\/li><\/ul><\/nav><\/div>\n<h2><span class=\"ez-toc-section\" id=\"erntezeit-eingelaeutet-solaris-und-ortega-von-mosel\"><\/span>Erntezeit eingel\u00e4utet: Solaris und Ortega von Mosel<span class=\"ez-toc-section-end\"><\/span><\/h2>\n<p>Die diesj\u00e4hrige Ernte f\u00fcr Federwei\u00dfen hat entlang der malerischen Mosel bereits am vergangenen Wochenende begonnen. Besondere Aufmerksamkeit gilt den fr\u00fchen Rebsorten Solaris und Ortega, wie Maximilian Hendgen, Gesch\u00e4ftsf\u00fchrer des Weinbauverbands Mosel und Mittelrhein, herausstellt. Bereits gegen Ende dieser Woche werden Federwei\u00df-Liebhaber die ersten Schlucke dieses charakteristischen Getr\u00e4nks genie\u00dfen k\u00f6nnen. Es sei jedoch anzumerken, dass der Federwei\u00dfe in den n\u00f6rdlichen Anbaugebieten lediglich eine Nebenrolle spielt.<\/p>\n<h2><span class=\"ez-toc-section\" id=\"septemberzauber-haupternte-der-weintrauben-steht-in-den-startloechern\"><\/span>Septemberzauber: Haupternte der Weintrauben steht in den Startl\u00f6chern<span class=\"ez-toc-section-end\"><\/span><\/h2>\n<p>Die Hauptlese, bei der die pr\u00e4chtigen Trauben f\u00fcr die Weinherstellung geerntet werden, ist f\u00fcr Mitte September geplant. Jedoch stellt das unbest\u00e4ndige Wetter die Winzer derzeit vor besondere Herausforderungen. Nach einer Phase der Trockenheit zu Jahresbeginn haben wir nun mit einem gegenteiligen Extrem zu tun, wie Hendgen besorgt bemerkt. Um die Qualit\u00e4t der Ernte sicherzustellen, ist es entscheidend, dass der Regen bis zur Hauptlese nicht in anhaltendem Ma\u00df f\u00e4llt, um m\u00f6gliche F\u00e4ulnis zu verhindern. Bei anhaltender Trockenheit hingegen k\u00f6nnte ein vielversprechender Jahrgang bevorstehen. Dennoch sind verl\u00e4ssliche Prognosen zu diesem Zeitpunkt noch nicht m\u00f6glich.<\/p>\n<h2><span class=\"ez-toc-section\" id=\"regenverwandlung-positive-auswirkungen-auf-die-natur\"><\/span>Regenverwandlung: Positive Auswirkungen auf die Natur<span class=\"ez-toc-section-end\"><\/span><\/h2>\n<p>In Anbetracht des bevorstehenden goldenen Herbstes richtet Hubert Pauly, der Weinbaupr\u00e4sident an der Ahr, seinen optimistischen Blick nach vorn. Trotz m\u00f6glicher Risiken durch \u00fcberm\u00e4\u00dfigen Regen vor der Erntezeit erwies sich das feuchte Wetter als unerwartete Unterst\u00fctzung f\u00fcr die jungen Rebst\u00f6cke. Dank ihrer noch nicht voll ausgebildeten Wurzeln konnten sie von den regelm\u00e4\u00dfigen Regenschauern profitieren und so den Herausforderungen der Trockenheit des Vorjahres erfolgreich begegnen.<\/p>\n<h2><span class=\"ez-toc-section\" id=\"solidaritaet-zeigt-sich-gemeinsame-staerke-an-der-ahr\"><\/span>Solidarit\u00e4t zeigt sich: Gemeinsame St\u00e4rke an der Ahr<span class=\"ez-toc-section-end\"><\/span><\/h2>\n<p>Im malerischen Ahr-Tal wird weiterhin nach tatkr\u00e4ftiger Unterst\u00fctzung f\u00fcr die diesj\u00e4hrige Weinlese gesucht. Trotz des Ablaufs von zwei Jahren seit der verheerenden Flut bleibt der Bedarf an Erntehelfern unver\u00e4ndert hoch, wie Pauly betont. Die noch nicht vollst\u00e4ndig funktionsf\u00e4higen Transportwege zu den Weinbergen stellen eine zus\u00e4tzliche Herausforderung dar, wodurch die Suche nach qualifiziertem Personal in dieser Region erschwert wird. Aus diesem Grund setzen zahlreiche Weinbaubetriebe auf engagierte Menschen, die ab Mitte September die steilen H\u00e4nge des Ahr-Tals abernten k\u00f6nnen.<\/p>\n<h2><span class=\"ez-toc-section\" id=\"weingenuss-erwartet-hoffnung-auf-vielversprechendes-erntejahr-steigt\"><\/span>Weingenuss erwartet: Hoffnung auf vielversprechendes Erntejahr steigt<span class=\"ez-toc-section-end\"><\/span><\/h2>\n<p>Nicht allein an der Mosel und der Ahr, sondern auch in weiteren Weinanbaugebieten in Rheinland-Pfalz hat die diesj\u00e4hrige Ernte begonnen. Die Pfalz er\u00f6ffnete bereits Mitte August die Saison und startete die Ernte von Trauben f\u00fcr die Herstellung von Federwei\u00dfem. Ein vielversprechender Jahrgang k\u00fcndigt sich an, und in den kommenden Wochen wird sich zeigen, welche herausragenden Produkte die Natur in diesem Jahr hervorbringt.<\/p>\n<h2><span class=\"ez-toc-section\" id=\"zwischen-regen-und-sonnenschein-weinlese-im-nordwesten\"><\/span>Zwischen Regen und Sonnenschein: Weinlese im Nordwesten<span class=\"ez-toc-section-end\"><\/span><\/h2>\n<p>In den n\u00f6rdlichen Weinanbaugebieten Deutschlands ist die Zeit der Federwei\u00dfer-Ernte gekommen, und die Winzerinnen und Winzer hegen gemischte Gef\u00fchle. Die wechselhafte Witterung birgt Herausforderungen, jedoch auch M\u00f6glichkeiten zur Qualit\u00e4tssteigerung der Trauben. Im Blick auf einen ertragreichen Herbst und im Geiste der Zusammenarbeit schauen Weinliebhaber erwartungsvoll auf eine vielversprechende Ernte, deren Ergebnisse schon bald in ihren Gl\u00e4sern zu finden sein werden.<\/p>\n","protected":false},"excerpt":{"rendered":"<p>Die zauberhaften Weinanbaugebiete im Norden Deutschlands bereiten sich auf den Herbst vor, und die Ernte von Federwei\u00dfer ist gestartet. Mit gro\u00dfen Erwartungen schauen die Winzerinnen und Winzer auf die kommende Zeit. Dennoch werfen die unvorhersehbaren Wetterbedingungen Bedenken auf, wie sich diese auf die Qualit\u00e4t der diesj\u00e4hrigen Ernte auswirken k\u00f6nnten.<\/p>\n","protected":false},"author":8,"featured_media":5968,"comment_status":"open","ping_status":"open","sticky":false,"template":"","format":"standard","meta":[],"categories":[3305],"tags":[],"yoast_head":"<!-- This site is optimized with the Yoast SEO plugin v18.2 - https:\/\/yoast.com\/wordpress\/plugins\/seo\/ -->\n<meta name=\"robots\" content=\"index, follow, max-snippet:-1, max-image-preview:large, max-video-preview:-1\" \/>\n<link rel=\"canonical\" href=\"https:\/\/www.doppelklicker.de\/blog\/federweisser-erntezeit-norddeutschland\/\" \/>\n<meta property=\"og:locale\" content=\"de_DE\" \/>\n<meta property=\"og:type\" content=\"article\" \/>\n<meta property=\"og:title\" content=\"Federwei\u00dfer-Ernte im Norden: Goldener Herbst verspricht Genuss\" \/>\n<meta property=\"og:description\" content=\"Die zauberhaften Weinanbaugebiete im Norden Deutschlands bereiten sich auf den Herbst vor, und die Ernte von Federwei\u00dfer ist gestartet. Mit gro\u00dfen Erwartungen schauen die Winzerinnen und Winzer auf die kommende Zeit. Dennoch werfen die unvorhersehbaren Wetterbedingungen Bedenken auf, wie sich diese auf die Qualit\u00e4t der diesj\u00e4hrigen Ernte auswirken k\u00f6nnten.\" \/>\n<meta property=\"og:url\" content=\"https:\/\/www.doppelklicker.de\/blog\/federweisser-erntezeit-norddeutschland\/\" \/>\n<meta property=\"og:site_name\" content=\"Aus Mainz.\" \/>\n<meta property=\"article:published_time\" content=\"2023-08-31T06:00:00+00:00\" \/>\n<meta property=\"og:image\" content=\"https:\/\/www.doppelklicker.de\/blog\/wp-content\/uploads\/2023\/08\/federweisser-ernte-im-norden-goldener-herbst-steht-bevor-8804.jpg\" \/>\n\t<meta property=\"og:image:width\" content=\"700\" \/>\n\t<meta property=\"og:image:height\" content=\"335\" \/>\n\t<meta property=\"og:image:type\" content=\"image\/jpeg\" \/>\n<meta name=\"twitter:card\" content=\"summary_large_image\" \/>\n<meta name=\"twitter:label1\" content=\"Verfasst von\" \/>\n\t<meta name=\"twitter:data1\" content=\"Iris Martin\" \/>\n\t<meta name=\"twitter:label2\" content=\"Gesch\u00e4tzte Lesezeit\" \/>\n\t<meta name=\"twitter:data2\" content=\"3 Minuten\" \/>\n<script type=\"application\/ld+json\" class=\"yoast-schema-graph\">{\"@context\":\"https:\/\/schema.org\",\"@graph\":[{\"@type\":\"WebSite\",\"@id\":\"https:\/\/www.doppelklicker.de\/blog\/#website\",\"url\":\"https:\/\/www.doppelklicker.de\/blog\/\",\"name\":\"Aus Mainz.\",\"description\":\"F\u00fcr die Welt.\",\"potentialAction\":[{\"@type\":\"SearchAction\",\"target\":{\"@type\":\"EntryPoint\",\"urlTemplate\":\"https:\/\/www.doppelklicker.de\/blog\/?s={search_term_string}\"},\"query-input\":\"required name=search_term_string\"}],\"inLanguage\":\"de-DE\"},{\"@type\":\"ImageObject\",\"@id\":\"https:\/\/www.doppelklicker.de\/blog\/federweisser-erntezeit-norddeutschland\/#primaryimage\",\"inLanguage\":\"de-DE\",\"url\":\"https:\/\/www.doppelklicker.de\/blog\/wp-content\/uploads\/2023\/08\/federweisser-ernte-im-norden-goldener-herbst-steht-bevor-8804.jpg\",\"contentUrl\":\"https:\/\/www.doppelklicker.de\/blog\/wp-content\/uploads\/2023\/08\/federweisser-ernte-im-norden-goldener-herbst-steht-bevor-8804.jpg\",\"width\":700,\"height\":335,\"caption\":\"Federwei\u00dfer-Ernte im Norden: Goldener Herbst verspricht Genuss (Foto: AdobeStock - haenson 221135816)\"},{\"@type\":\"WebPage\",\"@id\":\"https:\/\/www.doppelklicker.de\/blog\/federweisser-erntezeit-norddeutschland\/#webpage\",\"url\":\"https:\/\/www.doppelklicker.de\/blog\/federweisser-erntezeit-norddeutschland\/\",\"name\":\"Federwei\u00dfer-Ernte im Norden: Goldener Herbst verspricht Genuss\",\"isPartOf\":{\"@id\":\"https:\/\/www.doppelklicker.de\/blog\/#website\"},\"primaryImageOfPage\":{\"@id\":\"https:\/\/www.doppelklicker.de\/blog\/federweisser-erntezeit-norddeutschland\/#primaryimage\"},\"datePublished\":\"2023-08-31T06:00:00+00:00\",\"dateModified\":\"2023-08-31T06:00:00+00:00\",\"author\":{\"@id\":\"https:\/\/www.doppelklicker.de\/blog\/#\/schema\/person\/08dcac172bdb025e8ff433488184668a\"},\"breadcrumb\":{\"@id\":\"https:\/\/www.doppelklicker.de\/blog\/federweisser-erntezeit-norddeutschland\/#breadcrumb\"},\"inLanguage\":\"de-DE\",\"potentialAction\":[{\"@type\":\"ReadAction\",\"target\":[\"https:\/\/www.doppelklicker.de\/blog\/federweisser-erntezeit-norddeutschland\/\"]}]},{\"@type\":\"BreadcrumbList\",\"@id\":\"https:\/\/www.doppelklicker.de\/blog\/federweisser-erntezeit-norddeutschland\/#breadcrumb\",\"itemListElement\":[{\"@type\":\"ListItem\",\"position\":1,\"name\":\"Startseite\",\"item\":\"https:\/\/www.doppelklicker.de\/blog\/\"},{\"@type\":\"ListItem\",\"position\":2,\"name\":\"Federwei\u00dfer-Ernte im Norden: Goldener Herbst verspricht Genuss\"}]},{\"@type\":\"Person\",\"@id\":\"https:\/\/www.doppelklicker.de\/blog\/#\/schema\/person\/08dcac172bdb025e8ff433488184668a\",\"name\":\"Iris Martin\",\"image\":{\"@type\":\"ImageObject\",\"@id\":\"https:\/\/www.doppelklicker.de\/blog\/#personlogo\",\"inLanguage\":\"de-DE\",\"url\":\"https:\/\/secure.gravatar.com\/avatar\/82fdaa093be0b9686b531f99fcb54d15?s=96&d=wp_user_avatar&r=g\",\"contentUrl\":\"https:\/\/secure.gravatar.com\/avatar\/82fdaa093be0b9686b531f99fcb54d15?s=96&d=wp_user_avatar&r=g\",\"caption\":\"Iris Martin\"},\"url\":\"https:\/\/www.doppelklicker.de\/blog\/author\/iris-martin\/\"}]}<\/script>\n<!-- \/ Yoast SEO plugin. -->","yoast_head_json":{"robots":{"index":"index","follow":"follow","max-snippet":"max-snippet:-1","max-image-preview":"max-image-preview:large","max-video-preview":"max-video-preview:-1"},"canonical":"https:\/\/www.doppelklicker.de\/blog\/federweisser-erntezeit-norddeutschland\/","og_locale":"de_DE","og_type":"article","og_title":"Federwei\u00dfer-Ernte im Norden: Goldener Herbst verspricht Genuss","og_description":"Die zauberhaften Weinanbaugebiete im Norden Deutschlands bereiten sich auf den Herbst vor, und die Ernte von Federwei\u00dfer ist gestartet. Mit gro\u00dfen Erwartungen schauen die Winzerinnen und Winzer auf die kommende Zeit. Dennoch werfen die unvorhersehbaren Wetterbedingungen Bedenken auf, wie sich diese auf die Qualit\u00e4t der diesj\u00e4hrigen Ernte auswirken k\u00f6nnten.","og_url":"https:\/\/www.doppelklicker.de\/blog\/federweisser-erntezeit-norddeutschland\/","og_site_name":"Aus Mainz.","article_published_time":"2023-08-31T06:00:00+00:00","og_image":[{"width":700,"height":335,"url":"https:\/\/www.doppelklicker.de\/blog\/wp-content\/uploads\/2023\/08\/federweisser-ernte-im-norden-goldener-herbst-steht-bevor-8804.jpg","type":"image\/jpeg"}],"twitter_card":"summary_large_image","twitter_misc":{"Verfasst von":"Iris Martin","Gesch\u00e4tzte Lesezeit":"3 Minuten"},"schema":{"@context":"https:\/\/schema.org","@graph":[{"@type":"WebSite","@id":"https:\/\/www.doppelklicker.de\/blog\/#website","url":"https:\/\/www.doppelklicker.de\/blog\/","name":"Aus Mainz.","description":"F\u00fcr die Welt.","potentialAction":[{"@type":"SearchAction","target":{"@type":"EntryPoint","urlTemplate":"https:\/\/www.doppelklicker.de\/blog\/?s={search_term_string}"},"query-input":"required name=search_term_string"}],"inLanguage":"de-DE"},{"@type":"ImageObject","@id":"https:\/\/www.doppelklicker.de\/blog\/federweisser-erntezeit-norddeutschland\/#primaryimage","inLanguage":"de-DE","url":"https:\/\/www.doppelklicker.de\/blog\/wp-content\/uploads\/2023\/08\/federweisser-ernte-im-norden-goldener-herbst-steht-bevor-8804.jpg","contentUrl":"https:\/\/www.doppelklicker.de\/blog\/wp-content\/uploads\/2023\/08\/federweisser-ernte-im-norden-goldener-herbst-steht-bevor-8804.jpg","width":700,"height":335,"caption":"Federwei\u00dfer-Ernte im Norden: Goldener Herbst verspricht Genuss (Foto: AdobeStock - haenson 221135816)"},{"@type":"WebPage","@id":"https:\/\/www.doppelklicker.de\/blog\/federweisser-erntezeit-norddeutschland\/#webpage","url":"https:\/\/www.doppelklicker.de\/blog\/federweisser-erntezeit-norddeutschland\/","name":"Federwei\u00dfer-Ernte im Norden: Goldener Herbst verspricht Genuss","isPartOf":{"@id":"https:\/\/www.doppelklicker.de\/blog\/#website"},"primaryImageOfPage":{"@id":"https:\/\/www.doppelklicker.de\/blog\/federweisser-erntezeit-norddeutschland\/#primaryimage"},"datePublished":"2023-08-31T06:00:00+00:00","dateModified":"2023-08-31T06:00:00+00:00","author":{"@id":"https:\/\/www.doppelklicker.de\/blog\/#\/schema\/person\/08dcac172bdb025e8ff433488184668a"},"breadcrumb":{"@id":"https:\/\/www.doppelklicker.de\/blog\/federweisser-erntezeit-norddeutschland\/#breadcrumb"},"inLanguage":"de-DE","potentialAction":[{"@type":"ReadAction","target":["https:\/\/www.doppelklicker.de\/blog\/federweisser-erntezeit-norddeutschland\/"]}]},{"@type":"BreadcrumbList","@id":"https:\/\/www.doppelklicker.de\/blog\/federweisser-erntezeit-norddeutschland\/#breadcrumb","itemListElement":[{"@type":"ListItem","position":1,"name":"Startseite","item":"https:\/\/www.doppelklicker.de\/blog\/"},{"@type":"ListItem","position":2,"name":"Federwei\u00dfer-Ernte im Norden: Goldener Herbst verspricht Genuss"}]},{"@type":"Person","@id":"https:\/\/www.doppelklicker.de\/blog\/#\/schema\/person\/08dcac172bdb025e8ff433488184668a","name":"Iris Martin","image":{"@type":"ImageObject","@id":"https:\/\/www.doppelklicker.de\/blog\/#personlogo","inLanguage":"de-DE","url":"https:\/\/secure.gravatar.com\/avatar\/82fdaa093be0b9686b531f99fcb54d15?s=96&d=wp_user_avatar&r=g","contentUrl":"https:\/\/secure.gravatar.com\/avatar\/82fdaa093be0b9686b531f99fcb54d15?s=96&d=wp_user_avatar&r=g","caption":"Iris Martin"},"url":"https:\/\/www.doppelklicker.de\/blog\/author\/iris-martin\/"}]}},"_links":{"self":[{"href":"https:\/\/www.doppelklicker.de\/blog\/wp-json\/wp\/v2\/posts\/5967"}],"collection":[{"href":"https:\/\/www.doppelklicker.de\/blog\/wp-json\/wp\/v2\/posts"}],"about":[{"href":"https:\/\/www.doppelklicker.de\/blog\/wp-json\/wp\/v2\/types\/post"}],"author":[{"embeddable":true,"href":"https:\/\/www.doppelklicker.de\/blog\/wp-json\/wp\/v2\/users\/8"}],"replies":[{"embeddable":true,"href":"https:\/\/www.doppelklicker.de\/blog\/wp-json\/wp\/v2\/comments?post=5967"}],"version-history":[{"count":0,"href":"https:\/\/www.doppelklicker.de\/blog\/wp-json\/wp\/v2\/posts\/5967\/revisions"}],"wp:featuredmedia":[{"embeddable":true,"href":"https:\/\/www.doppelklicker.de\/blog\/wp-json\/wp\/v2\/media\/5968"}],"wp:attachment":[{"href":"https:\/\/www.doppelklicker.de\/blog\/wp-json\/wp\/v2\/media?parent=5967"}],"wp:term":[{"taxonomy":"category","embeddable":true,"href":"https:\/\/www.doppelklicker.de\/blog\/wp-json\/wp\/v2\/categories?post=5967"},{"taxonomy":"post_tag","embeddable":true,"href":"https:\/\/www.doppelklicker.de\/blog\/wp-json\/wp\/v2\/tags?post=5967"}],"curies":[{"name":"wp","href":"https:\/\/api.w.org\/{rel}","templated":true}]}}