{"id":5991,"date":"2023-09-12T08:00:00","date_gmt":"2023-09-12T06:00:00","guid":{"rendered":"guid"},"modified":"2023-09-12T08:00:00","modified_gmt":"2023-09-12T06:00:00","slug":"stefan-laier-feuer-eis","status":"publish","type":"post","link":"https:\/\/www.doppelklicker.de\/blog\/stefan-laier-feuer-eis\/","title":{"rendered":"Stefan Laier: Der Schlager-Star mit dem gewissen Etwas"},"content":{"rendered":"<p>Stefan Laier hat sich seit seinem Eintritt in die Musikbranche als herausragender K\u00fcnstler im Schlager-Genre etabliert. Seine au\u00dfergew\u00f6hnliche Art zu singen und seine mitrei\u00dfende Stimme lassen keinen Zuh\u00f6rer kalt. Mit seinem Album &#8222;Liebe lebt&#8220; hat er im Jahr einen gro\u00dfen Erfolg erzielt und sich als unverzichtbare Gr\u00f6\u00dfe in der Musikszene etabliert.<br \/>\n<!--more--><\/p>\n<div id=\"ez-toc-container\" class=\"ez-toc-v2_0_16 counter-hierarchy\">\n<div class=\"ez-toc-title-container\">\n<p class=\"ez-toc-title\">Inhaltsverzeichnis: Das erwartet Sie in diesem Artikel<\/p>\n<span class=\"ez-toc-title-toggle\"><a class=\"ez-toc-pull-right ez-toc-btn ez-toc-btn-xs ez-toc-btn-default ez-toc-toggle\" style=\"display: none;\"><i class=\"ez-toc-glyphicon ez-toc-icon-toggle\"><\/i><\/a><\/span><\/div>\n<nav><ul class=\"ez-toc-list ez-toc-list-level-1\"><li class=\"ez-toc-page-1 ez-toc-heading-level-2\"><a class=\"ez-toc-link ez-toc-heading-1\" href=\"https:\/\/www.doppelklicker.de\/blog\/stefan-laier-feuer-eis\/#vielseitiger-kuenstler-stefan-laier-beherrscht-alle-musikrichtungen\" title=\"Vielseitiger K\u00fcnstler: Stefan Laier beherrscht alle Musikrichtungen\">Vielseitiger K\u00fcnstler: Stefan Laier beherrscht alle Musikrichtungen<\/a><\/li><li class=\"ez-toc-page-1 ez-toc-heading-level-2\"><a class=\"ez-toc-link ez-toc-heading-2\" href=\"https:\/\/www.doppelklicker.de\/blog\/stefan-laier-feuer-eis\/#namhafte-komponisten-und-texter-praegen-stefan-laiers-musik\" title=\"Namhafte Komponisten und Texter pr\u00e4gen Stefan Laier&#8217;s Musik\">Namhafte Komponisten und Texter pr\u00e4gen Stefan Laier&#8217;s Musik<\/a><\/li><li class=\"ez-toc-page-1 ez-toc-heading-level-2\"><a class=\"ez-toc-link ez-toc-heading-3\" href=\"https:\/\/www.doppelklicker.de\/blog\/stefan-laier-feuer-eis\/#produzenten-bringen-stefan-laier-songs-auf-ein-neues-level\" title=\"Produzenten bringen Stefan Laier Songs auf ein neues Level\">Produzenten bringen Stefan Laier Songs auf ein neues Level<\/a><\/li><li class=\"ez-toc-page-1 ez-toc-heading-level-2\"><a class=\"ez-toc-link ez-toc-heading-4\" href=\"https:\/\/www.doppelklicker.de\/blog\/stefan-laier-feuer-eis\/#stefan-laier-plant-neues-album\" title=\"Stefan Laier plant neues Album\">Stefan Laier plant neues Album<\/a><\/li><\/ul><\/nav><\/div>\n<h2><span class=\"ez-toc-section\" id=\"vielseitiger-kuenstler-stefan-laier-beherrscht-alle-musikrichtungen\"><\/span>Vielseitiger K\u00fcnstler: Stefan Laier beherrscht alle Musikrichtungen<span class=\"ez-toc-section-end\"><\/span><\/h2>\n<p>Stefan Laier beeindruckt durch seine F\u00e4higkeit, die unterschiedlichsten Musikrichtungen zu beherrschen. Von gef\u00fchlvollen Balladen bis hin zu mitrei\u00dfenden Pop-Songs, er liefert immer abwechslungsreiche Melodien, die das Publikum ansprechen und in ihren Bann ziehen. Seine Texte sind ausdrucksstark und ber\u00fchren die Herzen der Zuh\u00f6rer.<\/p>\n<h2><span class=\"ez-toc-section\" id=\"namhafte-komponisten-und-texter-praegen-stefan-laiers-musik\"><\/span>Namhafte Komponisten und Texter pr\u00e4gen Stefan Laier&#8217;s Musik<span class=\"ez-toc-section-end\"><\/span><\/h2>\n<p>Die Zusammenarbeit mit namhaften Komponisten und Textern wie Walter Kutt und Gerd Lorenz hat dazu gef\u00fchrt, dass einige der bekanntesten Titel von Stefan Laier entstanden sind. Durch ihre Expertise und kreative Zusammenarbeit konnten sie gemeinsam einzigartige Songs wie &#8222;\u00dcber uns die Sterne&#8220;, &#8222;Schau nach vorn&#8220; und &#8222;Du bist heute noch die Frau f\u00fcr mich&#8220; kreieren. Diese Zusammenarbeit hat es Stefan Laier erm\u00f6glicht, seine eigenen musikalischen Ideen und Emotionen in seinen Titeln zum Ausdruck zu bringen.<\/p>\n<h2><span class=\"ez-toc-section\" id=\"produzenten-bringen-stefan-laier-songs-auf-ein-neues-level\"><\/span>Produzenten bringen Stefan Laier Songs auf ein neues Level<span class=\"ez-toc-section-end\"><\/span><\/h2>\n<p>Die Produzenten Christoph Metzer, Dominik Hemmer, Gerd Lorenz und Georg W\u00f6rle haben mit ihrem umfangreichen Fachwissen und ihrer Erfahrung in der Musikbranche ma\u00dfgeblich dazu beigetragen, dass Stefan Laier seine Songs auf ein neues Level bringen konnte. Durch ihre objektive Sicht auf Musik und Text konnten sie gezielt an den Feinheiten arbeiten und so jedem Titel eine individuelle Note verleihen.<\/p>\n<h2><span class=\"ez-toc-section\" id=\"stefan-laier-plant-neues-album\"><\/span>Stefan Laier plant neues Album<span class=\"ez-toc-section-end\"><\/span><\/h2>\n<p>Stefan Laier, der talentierte Schlagers\u00e4nger aus Stuttgart, wird uns mit seinem zweiten Album im Jahr sicherlich wieder mit seiner einzigartigen Stimme und seinen faszinierenden Melodien begeistern. Seine bisherigen Ver\u00f6ffentlichungen haben gezeigt, dass er ein Gesp\u00fcr f\u00fcr eing\u00e4ngige und mitrei\u00dfende Songs hat, die das Publikum ansprechen.<\/p>\n<p>Stefan Laier hat es geschafft, sich in der Musikbranche einen Namen zu machen und sich als Ausnahmek\u00fcnstler zu etablieren. Seine vielseitige Musik, die von Italo-Pop bis hin zum deutschen Schlager reicht, zeigt seine musikalische Bandbreite und sein Talent. Seine einzigartige Stimme ist unverkennbar und seine fesselnden Videos ziehen die Zuschauer in den Bann.<\/p>\n","protected":false},"excerpt":{"rendered":"<p>Stefan Laier hat sich seit seinem Eintritt in die Musikbranche als herausragender K\u00fcnstler im Schlager-Genre etabliert. Seine au\u00dfergew\u00f6hnliche Art zu singen und seine mitrei\u00dfende Stimme lassen keinen Zuh\u00f6rer kalt. Mit seinem Album &#8222;Liebe lebt&#8220; hat er im Jahr einen gro\u00dfen Erfolg erzielt und sich als unverzichtbare Gr\u00f6\u00dfe in der Musikszene etabliert.<\/p>\n","protected":false},"author":8,"featured_media":5992,"comment_status":"open","ping_status":"open","sticky":false,"template":"","format":"standard","meta":[],"categories":[3305],"tags":[],"yoast_head":"<!-- This site is optimized with the Yoast SEO plugin v18.2 - https:\/\/yoast.com\/wordpress\/plugins\/seo\/ -->\n<meta name=\"robots\" content=\"index, follow, max-snippet:-1, max-image-preview:large, max-video-preview:-1\" \/>\n<link rel=\"canonical\" href=\"https:\/\/www.doppelklicker.de\/blog\/stefan-laier-feuer-eis\/\" \/>\n<meta property=\"og:locale\" content=\"de_DE\" \/>\n<meta property=\"og:type\" content=\"article\" \/>\n<meta property=\"og:title\" content=\"Stefan Laier: Der Schlager-Star mit dem gewissen Etwas\" \/>\n<meta property=\"og:description\" content=\"Stefan Laier hat sich seit seinem Eintritt in die Musikbranche als herausragender K\u00fcnstler im Schlager-Genre etabliert. Seine au\u00dfergew\u00f6hnliche Art zu singen und seine mitrei\u00dfende Stimme lassen keinen Zuh\u00f6rer kalt. Mit seinem Album &#8222;Liebe lebt&#8220; hat er im Jahr einen gro\u00dfen Erfolg erzielt und sich als unverzichtbare Gr\u00f6\u00dfe in der Musikszene etabliert.\" \/>\n<meta property=\"og:url\" content=\"https:\/\/www.doppelklicker.de\/blog\/stefan-laier-feuer-eis\/\" \/>\n<meta property=\"og:site_name\" content=\"Aus Mainz.\" \/>\n<meta property=\"article:published_time\" content=\"2023-09-12T06:00:00+00:00\" \/>\n<meta property=\"og:image\" content=\"https:\/\/www.doppelklicker.de\/blog\/wp-content\/uploads\/2023\/09\/stefan-laier-schlager-star-dem-gewissen-etwas-9138.jpg\" \/>\n\t<meta property=\"og:image:width\" content=\"1280\" \/>\n\t<meta property=\"og:image:height\" content=\"615\" \/>\n\t<meta property=\"og:image:type\" content=\"image\/jpeg\" \/>\n<meta name=\"twitter:card\" content=\"summary_large_image\" \/>\n<meta name=\"twitter:label1\" content=\"Verfasst von\" \/>\n\t<meta name=\"twitter:data1\" content=\"Iris Martin\" \/>\n\t<meta name=\"twitter:label2\" content=\"Gesch\u00e4tzte Lesezeit\" \/>\n\t<meta name=\"twitter:data2\" content=\"2 Minuten\" \/>\n<script type=\"application\/ld+json\" class=\"yoast-schema-graph\">{\"@context\":\"https:\/\/schema.org\",\"@graph\":[{\"@type\":\"WebSite\",\"@id\":\"https:\/\/www.doppelklicker.de\/blog\/#website\",\"url\":\"https:\/\/www.doppelklicker.de\/blog\/\",\"name\":\"Aus Mainz.\",\"description\":\"F\u00fcr die Welt.\",\"potentialAction\":[{\"@type\":\"SearchAction\",\"target\":{\"@type\":\"EntryPoint\",\"urlTemplate\":\"https:\/\/www.doppelklicker.de\/blog\/?s={search_term_string}\"},\"query-input\":\"required name=search_term_string\"}],\"inLanguage\":\"de-DE\"},{\"@type\":\"ImageObject\",\"@id\":\"https:\/\/www.doppelklicker.de\/blog\/stefan-laier-feuer-eis\/#primaryimage\",\"inLanguage\":\"de-DE\",\"url\":\"https:\/\/www.doppelklicker.de\/blog\/wp-content\/uploads\/2023\/09\/stefan-laier-schlager-star-dem-gewissen-etwas-9138.jpg\",\"contentUrl\":\"https:\/\/www.doppelklicker.de\/blog\/wp-content\/uploads\/2023\/09\/stefan-laier-schlager-star-dem-gewissen-etwas-9138.jpg\",\"width\":1280,\"height\":615,\"caption\":\"Stefan Laier: Der Schlager-Star mit dem gewissen Etwas (Foto: Stefan Laier)\"},{\"@type\":\"WebPage\",\"@id\":\"https:\/\/www.doppelklicker.de\/blog\/stefan-laier-feuer-eis\/#webpage\",\"url\":\"https:\/\/www.doppelklicker.de\/blog\/stefan-laier-feuer-eis\/\",\"name\":\"Stefan Laier: Der Schlager-Star mit dem gewissen Etwas\",\"isPartOf\":{\"@id\":\"https:\/\/www.doppelklicker.de\/blog\/#website\"},\"primaryImageOfPage\":{\"@id\":\"https:\/\/www.doppelklicker.de\/blog\/stefan-laier-feuer-eis\/#primaryimage\"},\"datePublished\":\"2023-09-12T06:00:00+00:00\",\"dateModified\":\"2023-09-12T06:00:00+00:00\",\"author\":{\"@id\":\"https:\/\/www.doppelklicker.de\/blog\/#\/schema\/person\/08dcac172bdb025e8ff433488184668a\"},\"breadcrumb\":{\"@id\":\"https:\/\/www.doppelklicker.de\/blog\/stefan-laier-feuer-eis\/#breadcrumb\"},\"inLanguage\":\"de-DE\",\"potentialAction\":[{\"@type\":\"ReadAction\",\"target\":[\"https:\/\/www.doppelklicker.de\/blog\/stefan-laier-feuer-eis\/\"]}]},{\"@type\":\"BreadcrumbList\",\"@id\":\"https:\/\/www.doppelklicker.de\/blog\/stefan-laier-feuer-eis\/#breadcrumb\",\"itemListElement\":[{\"@type\":\"ListItem\",\"position\":1,\"name\":\"Startseite\",\"item\":\"https:\/\/www.doppelklicker.de\/blog\/\"},{\"@type\":\"ListItem\",\"position\":2,\"name\":\"Stefan Laier: Der Schlager-Star mit dem gewissen Etwas\"}]},{\"@type\":\"Person\",\"@id\":\"https:\/\/www.doppelklicker.de\/blog\/#\/schema\/person\/08dcac172bdb025e8ff433488184668a\",\"name\":\"Iris Martin\",\"image\":{\"@type\":\"ImageObject\",\"@id\":\"https:\/\/www.doppelklicker.de\/blog\/#personlogo\",\"inLanguage\":\"de-DE\",\"url\":\"https:\/\/secure.gravatar.com\/avatar\/82fdaa093be0b9686b531f99fcb54d15?s=96&d=wp_user_avatar&r=g\",\"contentUrl\":\"https:\/\/secure.gravatar.com\/avatar\/82fdaa093be0b9686b531f99fcb54d15?s=96&d=wp_user_avatar&r=g\",\"caption\":\"Iris Martin\"},\"url\":\"https:\/\/www.doppelklicker.de\/blog\/author\/iris-martin\/\"}]}<\/script>\n<!-- \/ Yoast SEO plugin. -->","yoast_head_json":{"robots":{"index":"index","follow":"follow","max-snippet":"max-snippet:-1","max-image-preview":"max-image-preview:large","max-video-preview":"max-video-preview:-1"},"canonical":"https:\/\/www.doppelklicker.de\/blog\/stefan-laier-feuer-eis\/","og_locale":"de_DE","og_type":"article","og_title":"Stefan Laier: Der Schlager-Star mit dem gewissen Etwas","og_description":"Stefan Laier hat sich seit seinem Eintritt in die Musikbranche als herausragender K\u00fcnstler im Schlager-Genre etabliert. Seine au\u00dfergew\u00f6hnliche Art zu singen und seine mitrei\u00dfende Stimme lassen keinen Zuh\u00f6rer kalt. Mit seinem Album &#8222;Liebe lebt&#8220; hat er im Jahr einen gro\u00dfen Erfolg erzielt und sich als unverzichtbare Gr\u00f6\u00dfe in der Musikszene etabliert.","og_url":"https:\/\/www.doppelklicker.de\/blog\/stefan-laier-feuer-eis\/","og_site_name":"Aus Mainz.","article_published_time":"2023-09-12T06:00:00+00:00","og_image":[{"width":1280,"height":615,"url":"https:\/\/www.doppelklicker.de\/blog\/wp-content\/uploads\/2023\/09\/stefan-laier-schlager-star-dem-gewissen-etwas-9138.jpg","type":"image\/jpeg"}],"twitter_card":"summary_large_image","twitter_misc":{"Verfasst von":"Iris Martin","Gesch\u00e4tzte Lesezeit":"2 Minuten"},"schema":{"@context":"https:\/\/schema.org","@graph":[{"@type":"WebSite","@id":"https:\/\/www.doppelklicker.de\/blog\/#website","url":"https:\/\/www.doppelklicker.de\/blog\/","name":"Aus Mainz.","description":"F\u00fcr die Welt.","potentialAction":[{"@type":"SearchAction","target":{"@type":"EntryPoint","urlTemplate":"https:\/\/www.doppelklicker.de\/blog\/?s={search_term_string}"},"query-input":"required name=search_term_string"}],"inLanguage":"de-DE"},{"@type":"ImageObject","@id":"https:\/\/www.doppelklicker.de\/blog\/stefan-laier-feuer-eis\/#primaryimage","inLanguage":"de-DE","url":"https:\/\/www.doppelklicker.de\/blog\/wp-content\/uploads\/2023\/09\/stefan-laier-schlager-star-dem-gewissen-etwas-9138.jpg","contentUrl":"https:\/\/www.doppelklicker.de\/blog\/wp-content\/uploads\/2023\/09\/stefan-laier-schlager-star-dem-gewissen-etwas-9138.jpg","width":1280,"height":615,"caption":"Stefan Laier: Der Schlager-Star mit dem gewissen Etwas (Foto: Stefan Laier)"},{"@type":"WebPage","@id":"https:\/\/www.doppelklicker.de\/blog\/stefan-laier-feuer-eis\/#webpage","url":"https:\/\/www.doppelklicker.de\/blog\/stefan-laier-feuer-eis\/","name":"Stefan Laier: Der Schlager-Star mit dem gewissen Etwas","isPartOf":{"@id":"https:\/\/www.doppelklicker.de\/blog\/#website"},"primaryImageOfPage":{"@id":"https:\/\/www.doppelklicker.de\/blog\/stefan-laier-feuer-eis\/#primaryimage"},"datePublished":"2023-09-12T06:00:00+00:00","dateModified":"2023-09-12T06:00:00+00:00","author":{"@id":"https:\/\/www.doppelklicker.de\/blog\/#\/schema\/person\/08dcac172bdb025e8ff433488184668a"},"breadcrumb":{"@id":"https:\/\/www.doppelklicker.de\/blog\/stefan-laier-feuer-eis\/#breadcrumb"},"inLanguage":"de-DE","potentialAction":[{"@type":"ReadAction","target":["https:\/\/www.doppelklicker.de\/blog\/stefan-laier-feuer-eis\/"]}]},{"@type":"BreadcrumbList","@id":"https:\/\/www.doppelklicker.de\/blog\/stefan-laier-feuer-eis\/#breadcrumb","itemListElement":[{"@type":"ListItem","position":1,"name":"Startseite","item":"https:\/\/www.doppelklicker.de\/blog\/"},{"@type":"ListItem","position":2,"name":"Stefan Laier: Der Schlager-Star mit dem gewissen Etwas"}]},{"@type":"Person","@id":"https:\/\/www.doppelklicker.de\/blog\/#\/schema\/person\/08dcac172bdb025e8ff433488184668a","name":"Iris Martin","image":{"@type":"ImageObject","@id":"https:\/\/www.doppelklicker.de\/blog\/#personlogo","inLanguage":"de-DE","url":"https:\/\/secure.gravatar.com\/avatar\/82fdaa093be0b9686b531f99fcb54d15?s=96&d=wp_user_avatar&r=g","contentUrl":"https:\/\/secure.gravatar.com\/avatar\/82fdaa093be0b9686b531f99fcb54d15?s=96&d=wp_user_avatar&r=g","caption":"Iris Martin"},"url":"https:\/\/www.doppelklicker.de\/blog\/author\/iris-martin\/"}]}},"_links":{"self":[{"href":"https:\/\/www.doppelklicker.de\/blog\/wp-json\/wp\/v2\/posts\/5991"}],"collection":[{"href":"https:\/\/www.doppelklicker.de\/blog\/wp-json\/wp\/v2\/posts"}],"about":[{"href":"https:\/\/www.doppelklicker.de\/blog\/wp-json\/wp\/v2\/types\/post"}],"author":[{"embeddable":true,"href":"https:\/\/www.doppelklicker.de\/blog\/wp-json\/wp\/v2\/users\/8"}],"replies":[{"embeddable":true,"href":"https:\/\/www.doppelklicker.de\/blog\/wp-json\/wp\/v2\/comments?post=5991"}],"version-history":[{"count":0,"href":"https:\/\/www.doppelklicker.de\/blog\/wp-json\/wp\/v2\/posts\/5991\/revisions"}],"wp:featuredmedia":[{"embeddable":true,"href":"https:\/\/www.doppelklicker.de\/blog\/wp-json\/wp\/v2\/media\/5992"}],"wp:attachment":[{"href":"https:\/\/www.doppelklicker.de\/blog\/wp-json\/wp\/v2\/media?parent=5991"}],"wp:term":[{"taxonomy":"category","embeddable":true,"href":"https:\/\/www.doppelklicker.de\/blog\/wp-json\/wp\/v2\/categories?post=5991"},{"taxonomy":"post_tag","embeddable":true,"href":"https:\/\/www.doppelklicker.de\/blog\/wp-json\/wp\/v2\/tags?post=5991"}],"curies":[{"name":"wp","href":"https:\/\/api.w.org\/{rel}","templated":true}]}}