{"id":6032,"date":"2023-10-02T08:00:00","date_gmt":"2023-10-02T06:00:00","guid":{"rendered":"http:\/\/guid"},"modified":"2023-10-02T08:00:00","modified_gmt":"2023-10-02T06:00:00","slug":"rentenversicherung-stimmungslage","status":"publish","type":"post","link":"https:\/\/www.doppelklicker.de\/blog\/rentenversicherung-stimmungslage\/","title":{"rendered":"Vertrauen in die Rente steigt laut Umfrage"},"content":{"rendered":"<p>Die finanzielle Situation im Ruhestand bereitet immer mehr Menschen Sorgen. Trotz neuer Vorschl\u00e4ge der Politik, die jedoch meist keine Beruhigung bringen, sto\u00dfen die Ideen, bis zum 70. Lebensjahr arbeiten zu m\u00fcssen und die Rente an die Lebenserwartung zu koppeln, auf Ablehnung. Die Deutsche Rentenversicherung (DRV) hat dazu deutliche Aussagen gemacht.<br \/>\n<!--more--><\/p>\n<h2>Umfrage: Gro\u00dfe Sorgen \u00fcber Rentenfinanzierung im Alter<\/h2>\n<p>Die Ergebnisse einer Umfrage von inFranken.de zeigen, dass mehr als 70 Prozent der Teilnehmer (\u00fcber 5600 Personen) davon ausgehen, dass ihre Rente im Alter nicht ausreichen wird. Nur 18 Prozent der Befragten machen sich keine Gedanken \u00fcber ihre finanzielle Zukunft im Ruhestand. Die Deutsche Rentenversicherung (DRV) hingegen verzeichnet einen Anstieg des Vertrauens in die gesetzliche Rentenversicherung.<\/p>\n<p>Eine k\u00fcrzlich durchgef\u00fchrte Bev\u00f6lkerungsbefragung im Auftrag der Rentenversicherung zeigt, dass das Vertrauen in die gesetzliche Rentenversicherung zunimmt. Im Jahr 2020 best\u00e4tigten 71 Prozent der Befragten, dass sie der Deutschen Rentenversicherung vertrauen.<\/p>\n<p>Die Ergebnisse einer aktuellen Befragung der Deutschen Rentenversicherung (DRV) zeigen, dass das Vertrauen in die gesetzliche Rentenversicherung im Jahr 2023 weiter gestiegen ist. Trotz der schwierigen Umst\u00e4nde durch die Pandemie, Krieg und Inflation vertrauen nun 73 Prozent der Befragten der Rentenversicherung. Besonders bemerkenswert ist, dass 12 Prozent der Befragten angaben, der Rentenversicherung sogar sehr zu vertrauen. In der Altersgruppe der 16- bis 34-J\u00e4hrigen stieg das Vertrauen von 64 auf 68 Prozent im Vergleich zum Vorjahr. Die repr\u00e4sentative Befragung wurde vom Befragungsinstitut FACIT durchgef\u00fchrt.<\/p>\n<p>Eine j\u00e4hrliche Befragung im Rahmen des DIA-Deutschland-Trend-Vorsorge, die vom Deutschen Institut f\u00fcr Altersvorsorge in Auftrag gegeben wurde, zeigt, dass das Vertrauen in das Rentensystem kontinuierlich w\u00e4chst. Die Ergebnisse der Studie zeigen einen deutlichen Anstieg des Vertrauens in die gesetzliche Rentenversicherung von 4,0 im Jahr 2020 auf 5,2 im Jahr 2023. Dieses positive Feedback deutet darauf hin, dass das Rentensystem als verl\u00e4sslicher und stabiler Faktor in der Alterssicherung wahrgenommen wird.<\/p>\n<p>Laut einer Skala von 0 bis 10 stieg das Vertrauen in die gesetzliche Rentenversicherung von 4,0 im Jahr 2020 auf 5,2 im Jahr 2023. Dieser Anstieg zeigt, dass die Menschen mehr Vertrauen in das Rentensystem haben. Die Deutsche Rentenversicherung (DRV) interpretiert dies als ein deutliches Zeichen daf\u00fcr, dass die gesetzliche Rentenversicherung auch in unsicheren Zeiten als stabiler Anker der Alterssicherung angesehen wird. Der Eindruck einer gro\u00dfen Verunsicherung ist nach Ansicht der DRV falsch.<\/p>\n<p>Die Deutsche Rentenversicherung betont, dass das System der gesetzlichen Rentenversicherung gerade in unsicheren Zeiten vielen Menschen als verl\u00e4sslicher Anker dient und als optimale Form der Alterssicherung angesehen wird.<\/p>\n<p>Die DRV bietet den Menschen eine Vielzahl von Informationsangeboten rund um das Thema Rente an, die intensiv genutzt werden. Sowohl die Auskunfts- und Beratungsstellen als auch die ehrenamtlichen Versichertenberater stehen den interessierten B\u00fcrgern zur Verf\u00fcgung, um Fragen zur Altersvorsorge zu beantworten und individuelle Beratungsgespr\u00e4che zu f\u00fchren. Dies zeigt, dass die Menschen eine aktive Rolle bei der Planung ihrer finanziellen Zukunft im Ruhestand einnehmen.<\/p>\n<p>Seit dem 1. Juli 2023 k\u00f6nnen Interessierte mithilfe der Digitalen Renten\u00fcbersicht online den aktuellen Stand ihrer Rente \u00fcberpr\u00fcfen. Diese innovative L\u00f6sung erm\u00f6glicht es, nicht nur die Anspr\u00fcche aus der gesetzlichen Rentenversicherung, sondern auch betriebliche und private Altersvorsorgeanspr\u00fcche auf einen Blick einzusehen. Damit wird die Transparenz und Planungssicherheit f\u00fcr die eigene Altersvorsorge erheblich verbessert.<\/p>\n<p>Die Politik sorgt mit immer neuen Vorschl\u00e4gen zur Rentenreform f\u00fcr Verunsicherung.<\/p>\n<p>Um den B\u00fcrgern bei ihrer individuellen Altersvorsorge zu helfen, bietet die Deutsche Rentenversicherung umfangreiche Informations- und Beratungsangebote an. Dazu geh\u00f6ren Auskunfts- und Beratungsstellen sowie ehrenamtliche Versichertenberater, die von interessierten B\u00fcrgern rege genutzt werden. Seit Juli 2023 gibt es zudem die Digitale Renten\u00fcbersicht, in der Anspr\u00fcche aus der gesetzlichen Rentenversicherung, betriebliche und private Altersvorsorgeanspr\u00fcche \u00fcbersichtlich dargestellt werden.<\/p>\n","protected":false},"excerpt":{"rendered":"<p>Die finanzielle Situation im Ruhestand bereitet immer mehr Menschen Sorgen. Trotz neuer Vorschl\u00e4ge der Politik, die jedoch meist keine Beruhigung bringen, sto\u00dfen die Ideen, bis zum 70. Lebensjahr arbeiten zu m\u00fcssen und die Rente an die Lebenserwartung zu koppeln, auf Ablehnung. Die Deutsche Rentenversicherung (DRV) hat dazu deutliche Aussagen gemacht.<\/p>\n","protected":false},"author":8,"featured_media":6033,"comment_status":"open","ping_status":"open","sticky":false,"template":"","format":"standard","meta":[],"categories":[3305],"tags":[],"yoast_head":"<!-- This site is optimized with the Yoast SEO plugin v18.2 - https:\/\/yoast.com\/wordpress\/plugins\/seo\/ -->\n<meta name=\"robots\" content=\"index, follow, max-snippet:-1, max-image-preview:large, max-video-preview:-1\" \/>\n<link rel=\"canonical\" href=\"https:\/\/www.doppelklicker.de\/blog\/rentenversicherung-stimmungslage\/\" \/>\n<meta property=\"og:locale\" content=\"de_DE\" \/>\n<meta property=\"og:type\" content=\"article\" \/>\n<meta property=\"og:title\" content=\"Vertrauen in die Rente steigt laut Umfrage\" \/>\n<meta property=\"og:description\" content=\"Die finanzielle Situation im Ruhestand bereitet immer mehr Menschen Sorgen. Trotz neuer Vorschl\u00e4ge der Politik, die jedoch meist keine Beruhigung bringen, sto\u00dfen die Ideen, bis zum 70. Lebensjahr arbeiten zu m\u00fcssen und die Rente an die Lebenserwartung zu koppeln, auf Ablehnung. Die Deutsche Rentenversicherung (DRV) hat dazu deutliche Aussagen gemacht.\" \/>\n<meta property=\"og:url\" content=\"https:\/\/www.doppelklicker.de\/blog\/rentenversicherung-stimmungslage\/\" \/>\n<meta property=\"og:site_name\" content=\"Aus Mainz.\" \/>\n<meta property=\"article:published_time\" content=\"2023-10-02T06:00:00+00:00\" \/>\n<meta property=\"og:image\" content=\"https:\/\/www.doppelklicker.de\/blog\/wp-content\/uploads\/2023\/09\/umfrage-ueber-70-prozent-glauben-rente-reicht-nicht-9453.jpg\" \/>\n\t<meta property=\"og:image:width\" content=\"1280\" \/>\n\t<meta property=\"og:image:height\" content=\"615\" \/>\n\t<meta property=\"og:image:type\" content=\"image\/jpeg\" \/>\n<meta name=\"twitter:card\" content=\"summary_large_image\" \/>\n<meta name=\"twitter:label1\" content=\"Verfasst von\" \/>\n\t<meta name=\"twitter:data1\" content=\"Iris Martin\" \/>\n\t<meta name=\"twitter:label2\" content=\"Gesch\u00e4tzte Lesezeit\" \/>\n\t<meta name=\"twitter:data2\" content=\"3 Minuten\" \/>\n<script type=\"application\/ld+json\" class=\"yoast-schema-graph\">{\"@context\":\"https:\/\/schema.org\",\"@graph\":[{\"@type\":\"WebSite\",\"@id\":\"https:\/\/www.doppelklicker.de\/blog\/#website\",\"url\":\"https:\/\/www.doppelklicker.de\/blog\/\",\"name\":\"Aus Mainz.\",\"description\":\"F\u00fcr die Welt.\",\"potentialAction\":[{\"@type\":\"SearchAction\",\"target\":{\"@type\":\"EntryPoint\",\"urlTemplate\":\"https:\/\/www.doppelklicker.de\/blog\/?s={search_term_string}\"},\"query-input\":\"required name=search_term_string\"}],\"inLanguage\":\"de-DE\"},{\"@type\":\"ImageObject\",\"@id\":\"https:\/\/www.doppelklicker.de\/blog\/rentenversicherung-stimmungslage\/#primaryimage\",\"inLanguage\":\"de-DE\",\"url\":\"https:\/\/www.doppelklicker.de\/blog\/wp-content\/uploads\/2023\/09\/umfrage-ueber-70-prozent-glauben-rente-reicht-nicht-9453.jpg\",\"contentUrl\":\"https:\/\/www.doppelklicker.de\/blog\/wp-content\/uploads\/2023\/09\/umfrage-ueber-70-prozent-glauben-rente-reicht-nicht-9453.jpg\",\"width\":1280,\"height\":615,\"caption\":\"Umfrage: \u00dcber 70 Prozent glauben, Rente reicht nicht aus (Foto: AdobeStock 362329526 nmann77)\"},{\"@type\":\"WebPage\",\"@id\":\"https:\/\/www.doppelklicker.de\/blog\/rentenversicherung-stimmungslage\/#webpage\",\"url\":\"https:\/\/www.doppelklicker.de\/blog\/rentenversicherung-stimmungslage\/\",\"name\":\"Vertrauen in die Rente steigt laut Umfrage\",\"isPartOf\":{\"@id\":\"https:\/\/www.doppelklicker.de\/blog\/#website\"},\"primaryImageOfPage\":{\"@id\":\"https:\/\/www.doppelklicker.de\/blog\/rentenversicherung-stimmungslage\/#primaryimage\"},\"datePublished\":\"2023-10-02T06:00:00+00:00\",\"dateModified\":\"2023-10-02T06:00:00+00:00\",\"author\":{\"@id\":\"https:\/\/www.doppelklicker.de\/blog\/#\/schema\/person\/08dcac172bdb025e8ff433488184668a\"},\"breadcrumb\":{\"@id\":\"https:\/\/www.doppelklicker.de\/blog\/rentenversicherung-stimmungslage\/#breadcrumb\"},\"inLanguage\":\"de-DE\",\"potentialAction\":[{\"@type\":\"ReadAction\",\"target\":[\"https:\/\/www.doppelklicker.de\/blog\/rentenversicherung-stimmungslage\/\"]}]},{\"@type\":\"BreadcrumbList\",\"@id\":\"https:\/\/www.doppelklicker.de\/blog\/rentenversicherung-stimmungslage\/#breadcrumb\",\"itemListElement\":[{\"@type\":\"ListItem\",\"position\":1,\"name\":\"Startseite\",\"item\":\"https:\/\/www.doppelklicker.de\/blog\/\"},{\"@type\":\"ListItem\",\"position\":2,\"name\":\"Vertrauen in die Rente steigt laut Umfrage\"}]},{\"@type\":\"Person\",\"@id\":\"https:\/\/www.doppelklicker.de\/blog\/#\/schema\/person\/08dcac172bdb025e8ff433488184668a\",\"name\":\"Iris Martin\",\"image\":{\"@type\":\"ImageObject\",\"@id\":\"https:\/\/www.doppelklicker.de\/blog\/#personlogo\",\"inLanguage\":\"de-DE\",\"url\":\"https:\/\/secure.gravatar.com\/avatar\/82fdaa093be0b9686b531f99fcb54d15?s=96&d=wp_user_avatar&r=g\",\"contentUrl\":\"https:\/\/secure.gravatar.com\/avatar\/82fdaa093be0b9686b531f99fcb54d15?s=96&d=wp_user_avatar&r=g\",\"caption\":\"Iris Martin\"},\"url\":\"https:\/\/www.doppelklicker.de\/blog\/author\/iris-martin\/\"}]}<\/script>\n<!-- \/ Yoast SEO plugin. -->","yoast_head_json":{"robots":{"index":"index","follow":"follow","max-snippet":"max-snippet:-1","max-image-preview":"max-image-preview:large","max-video-preview":"max-video-preview:-1"},"canonical":"https:\/\/www.doppelklicker.de\/blog\/rentenversicherung-stimmungslage\/","og_locale":"de_DE","og_type":"article","og_title":"Vertrauen in die Rente steigt laut Umfrage","og_description":"Die finanzielle Situation im Ruhestand bereitet immer mehr Menschen Sorgen. Trotz neuer Vorschl\u00e4ge der Politik, die jedoch meist keine Beruhigung bringen, sto\u00dfen die Ideen, bis zum 70. Lebensjahr arbeiten zu m\u00fcssen und die Rente an die Lebenserwartung zu koppeln, auf Ablehnung. Die Deutsche Rentenversicherung (DRV) hat dazu deutliche Aussagen gemacht.","og_url":"https:\/\/www.doppelklicker.de\/blog\/rentenversicherung-stimmungslage\/","og_site_name":"Aus Mainz.","article_published_time":"2023-10-02T06:00:00+00:00","og_image":[{"width":1280,"height":615,"url":"https:\/\/www.doppelklicker.de\/blog\/wp-content\/uploads\/2023\/09\/umfrage-ueber-70-prozent-glauben-rente-reicht-nicht-9453.jpg","type":"image\/jpeg"}],"twitter_card":"summary_large_image","twitter_misc":{"Verfasst von":"Iris Martin","Gesch\u00e4tzte Lesezeit":"3 Minuten"},"schema":{"@context":"https:\/\/schema.org","@graph":[{"@type":"WebSite","@id":"https:\/\/www.doppelklicker.de\/blog\/#website","url":"https:\/\/www.doppelklicker.de\/blog\/","name":"Aus Mainz.","description":"F\u00fcr die Welt.","potentialAction":[{"@type":"SearchAction","target":{"@type":"EntryPoint","urlTemplate":"https:\/\/www.doppelklicker.de\/blog\/?s={search_term_string}"},"query-input":"required name=search_term_string"}],"inLanguage":"de-DE"},{"@type":"ImageObject","@id":"https:\/\/www.doppelklicker.de\/blog\/rentenversicherung-stimmungslage\/#primaryimage","inLanguage":"de-DE","url":"https:\/\/www.doppelklicker.de\/blog\/wp-content\/uploads\/2023\/09\/umfrage-ueber-70-prozent-glauben-rente-reicht-nicht-9453.jpg","contentUrl":"https:\/\/www.doppelklicker.de\/blog\/wp-content\/uploads\/2023\/09\/umfrage-ueber-70-prozent-glauben-rente-reicht-nicht-9453.jpg","width":1280,"height":615,"caption":"Umfrage: \u00dcber 70 Prozent glauben, Rente reicht nicht aus (Foto: AdobeStock 362329526 nmann77)"},{"@type":"WebPage","@id":"https:\/\/www.doppelklicker.de\/blog\/rentenversicherung-stimmungslage\/#webpage","url":"https:\/\/www.doppelklicker.de\/blog\/rentenversicherung-stimmungslage\/","name":"Vertrauen in die Rente steigt laut Umfrage","isPartOf":{"@id":"https:\/\/www.doppelklicker.de\/blog\/#website"},"primaryImageOfPage":{"@id":"https:\/\/www.doppelklicker.de\/blog\/rentenversicherung-stimmungslage\/#primaryimage"},"datePublished":"2023-10-02T06:00:00+00:00","dateModified":"2023-10-02T06:00:00+00:00","author":{"@id":"https:\/\/www.doppelklicker.de\/blog\/#\/schema\/person\/08dcac172bdb025e8ff433488184668a"},"breadcrumb":{"@id":"https:\/\/www.doppelklicker.de\/blog\/rentenversicherung-stimmungslage\/#breadcrumb"},"inLanguage":"de-DE","potentialAction":[{"@type":"ReadAction","target":["https:\/\/www.doppelklicker.de\/blog\/rentenversicherung-stimmungslage\/"]}]},{"@type":"BreadcrumbList","@id":"https:\/\/www.doppelklicker.de\/blog\/rentenversicherung-stimmungslage\/#breadcrumb","itemListElement":[{"@type":"ListItem","position":1,"name":"Startseite","item":"https:\/\/www.doppelklicker.de\/blog\/"},{"@type":"ListItem","position":2,"name":"Vertrauen in die Rente steigt laut Umfrage"}]},{"@type":"Person","@id":"https:\/\/www.doppelklicker.de\/blog\/#\/schema\/person\/08dcac172bdb025e8ff433488184668a","name":"Iris Martin","image":{"@type":"ImageObject","@id":"https:\/\/www.doppelklicker.de\/blog\/#personlogo","inLanguage":"de-DE","url":"https:\/\/secure.gravatar.com\/avatar\/82fdaa093be0b9686b531f99fcb54d15?s=96&d=wp_user_avatar&r=g","contentUrl":"https:\/\/secure.gravatar.com\/avatar\/82fdaa093be0b9686b531f99fcb54d15?s=96&d=wp_user_avatar&r=g","caption":"Iris Martin"},"url":"https:\/\/www.doppelklicker.de\/blog\/author\/iris-martin\/"}]}},"_links":{"self":[{"href":"https:\/\/www.doppelklicker.de\/blog\/wp-json\/wp\/v2\/posts\/6032"}],"collection":[{"href":"https:\/\/www.doppelklicker.de\/blog\/wp-json\/wp\/v2\/posts"}],"about":[{"href":"https:\/\/www.doppelklicker.de\/blog\/wp-json\/wp\/v2\/types\/post"}],"author":[{"embeddable":true,"href":"https:\/\/www.doppelklicker.de\/blog\/wp-json\/wp\/v2\/users\/8"}],"replies":[{"embeddable":true,"href":"https:\/\/www.doppelklicker.de\/blog\/wp-json\/wp\/v2\/comments?post=6032"}],"version-history":[{"count":1,"href":"https:\/\/www.doppelklicker.de\/blog\/wp-json\/wp\/v2\/posts\/6032\/revisions"}],"predecessor-version":[{"id":6034,"href":"https:\/\/www.doppelklicker.de\/blog\/wp-json\/wp\/v2\/posts\/6032\/revisions\/6034"}],"wp:featuredmedia":[{"embeddable":true,"href":"https:\/\/www.doppelklicker.de\/blog\/wp-json\/wp\/v2\/media\/6033"}],"wp:attachment":[{"href":"https:\/\/www.doppelklicker.de\/blog\/wp-json\/wp\/v2\/media?parent=6032"}],"wp:term":[{"taxonomy":"category","embeddable":true,"href":"https:\/\/www.doppelklicker.de\/blog\/wp-json\/wp\/v2\/categories?post=6032"},{"taxonomy":"post_tag","embeddable":true,"href":"https:\/\/www.doppelklicker.de\/blog\/wp-json\/wp\/v2\/tags?post=6032"}],"curies":[{"name":"wp","href":"https:\/\/api.w.org\/{rel}","templated":true}]}}