{"id":6061,"date":"2023-09-08T09:00:00","date_gmt":"2023-09-08T07:00:00","guid":{"rendered":"guid"},"modified":"2023-09-08T09:00:00","modified_gmt":"2023-09-08T07:00:00","slug":"mali-dschihadistische-anschlaege","status":"publish","type":"post","link":"https:\/\/www.doppelklicker.de\/blog\/mali-dschihadistische-anschlaege\/","title":{"rendered":"Dschihadistische Gruppen ver\u00fcben Anschl\u00e4ge in Mali"},"content":{"rendered":"<p>Im Nordosten von Mali wurde ein Armeelager Ziel eines verheerenden Angriffs, der erneut die Bedrohung durch dschihadistische Gruppen in diesem Land verdeutlicht. Vorangegangene Anschl\u00e4ge haben bereits zu einem tragischen Verlust von Menschenleben gef\u00fchrt und die Sicherheitssituation weiter destabilisiert. Die T\u00e4ter, die sich zu den Anschl\u00e4gen bekannt haben, werden der Unterst\u00fctzungsgruppe f\u00fcr den Islam und die Muslime (GSIM) zugeordnet.<br \/>\n<!--more--><\/p>\n<h2>Kontrollverlust: Abzug von Antidschihadisteneinheiten und UN-Mission<\/h2>\n<p>Die politische Instabilit\u00e4t in Mali f\u00fchrte dazu, dass das Milit\u00e4r die Kontrolle \u00fcbernahm und sowohl die franz\u00f6sischen Antidschihadisteneinheiten als auch die UN-Mission das Land verlie\u00dfen. Dieses Machtvakuum erm\u00f6glichte es, dass weite Gebiete dem Einfluss der Regierung entzogen wurden. Gleichzeitig steht das Friedensabkommen von 2015, das von der &#8222;Coordination of Azawad Movements&#8220; (CMA) unterzeichnet wurde, auf wackeligen Beinen. Eine dringende und effektive L\u00f6sung ist erforderlich, um die Situation zu stabilisieren.<\/p>\n<p>Ein stabiles Friedensabkommen in Mali hat zur Folge, dass die Pr\u00e4senz und der Einfluss dschihadistischer Gruppen einged\u00e4mmt werden. Dadurch wird die Gewaltspirale durchbrochen und es entsteht ein Umfeld der Stabilit\u00e4t und Sicherheit. Die Menschen in Mali k\u00f6nnen ein Leben ohne st\u00e4ndige Angst und Bedrohung f\u00fchren.<\/p>\n<p>Ein effektives Friedensabkommen ist entscheidend f\u00fcr die F\u00f6rderung von Entwicklung und Wirtschaftswachstum. Es schafft eine sichere und stabile Umgebung, die es Unternehmen erm\u00f6glicht, zu investieren und ihre Gesch\u00e4ftst\u00e4tigkeiten auszubauen. Durch den Frieden k\u00f6nnen dringend ben\u00f6tigte Infrastrukturprojekte vorangetrieben werden, was wiederum zu einer Verbesserung der Bildungs- und Gesundheitseinrichtungen f\u00fchrt. Dar\u00fcber hinaus werden durch die Schaffung neuer Arbeitspl\u00e4tze die Lebensbedingungen der Menschen verbessert und die Wirtschaft angekurbelt.<\/p>\n<p>Um den Friedensprozess in Mali erfolgreich voranzutreiben, ist eine internationale Zusammenarbeit und Unterst\u00fctzung unerl\u00e4sslich. Die internationale Gemeinschaft sollte Mali dabei unterst\u00fctzen, die Sicherheitslage zu verbessern und den Wiederaufbau des Landes zu f\u00f6rdern. Dies k\u00f6nnte beispielsweise durch finanzielle Unterst\u00fctzung, Expertise im Bereich der Konfliktl\u00f6sung und Friedensverhandlungen sowie durch den Austausch von Best Practices erfolgen. Nur durch gemeinsame Anstrengungen kann nachhaltiger Frieden in Mali erreicht werden.<\/p>\n<p>Die Grundlage f\u00fcr eine bessere Zukunft in Mali liegt in einem wirksamen Friedensabkommen. Dieses Abkommen wird Stabilit\u00e4t und Sicherheit f\u00fcr die Bev\u00f6lkerung schaffen und die Entwicklung sowie das Wirtschaftswachstum f\u00f6rdern. Es ist von entscheidender Bedeutung, dass die internationale Gemeinschaft das Land dabei unterst\u00fctzt, den Weg f\u00fcr eine friedliche und bl\u00fchende Zukunft zu ebnen. Die Beendigung der Krise in Mali ist nur durch ein solches Abkommen m\u00f6glich.<\/p>\n","protected":false},"excerpt":{"rendered":"<p>Im Nordosten von Mali wurde ein Armeelager Ziel eines verheerenden Angriffs, der erneut die Bedrohung durch dschihadistische Gruppen in diesem Land verdeutlicht. Vorangegangene Anschl\u00e4ge haben bereits zu einem tragischen Verlust von Menschenleben gef\u00fchrt und die Sicherheitssituation weiter destabilisiert. Die T\u00e4ter, die sich zu den Anschl\u00e4gen bekannt haben, werden der Unterst\u00fctzungsgruppe f\u00fcr den Islam und die<\/p>\n<div class=\"read-more\"><a href=\"https:\/\/www.doppelklicker.de\/blog\/mali-dschihadistische-anschlaege\/\" title=\"Jetzt alles lesen\">Jetzt alles lesen<\/a><\/div>\n","protected":false},"author":8,"featured_media":6067,"comment_status":"open","ping_status":"open","sticky":false,"template":"","format":"standard","meta":[],"categories":[3305],"tags":[],"yoast_head":"<!-- This site is optimized with the Yoast SEO plugin v18.2 - https:\/\/yoast.com\/wordpress\/plugins\/seo\/ -->\n<meta name=\"robots\" content=\"index, follow, max-snippet:-1, max-image-preview:large, max-video-preview:-1\" \/>\n<link rel=\"canonical\" href=\"https:\/\/www.doppelklicker.de\/blog\/mali-dschihadistische-anschlaege\/\" \/>\n<meta property=\"og:locale\" content=\"de_DE\" \/>\n<meta property=\"og:type\" content=\"article\" \/>\n<meta property=\"og:title\" content=\"Dschihadistische Gruppen ver\u00fcben Anschl\u00e4ge in Mali\" \/>\n<meta property=\"og:description\" content=\"Im Nordosten von Mali wurde ein Armeelager Ziel eines verheerenden Angriffs, der erneut die Bedrohung durch dschihadistische Gruppen in diesem Land verdeutlicht. Vorangegangene Anschl\u00e4ge haben bereits zu einem tragischen Verlust von Menschenleben gef\u00fchrt und die Sicherheitssituation weiter destabilisiert. Die T\u00e4ter, die sich zu den Anschl\u00e4gen bekannt haben, werden der Unterst\u00fctzungsgruppe f\u00fcr den Islam und dieJetzt alles lesen\" \/>\n<meta property=\"og:url\" content=\"https:\/\/www.doppelklicker.de\/blog\/mali-dschihadistische-anschlaege\/\" \/>\n<meta property=\"og:site_name\" content=\"Aus Mainz.\" \/>\n<meta property=\"article:published_time\" content=\"2023-09-08T07:00:00+00:00\" \/>\n<meta property=\"og:image\" content=\"https:\/\/www.doppelklicker.de\/blog\/wp-content\/uploads\/2023\/09\/angriff-auf-armeelager-mali-fordert-opfer-9727.jpg\" \/>\n\t<meta property=\"og:image:width\" content=\"1280\" \/>\n\t<meta property=\"og:image:height\" content=\"615\" \/>\n\t<meta property=\"og:image:type\" content=\"image\/jpeg\" \/>\n<meta name=\"twitter:card\" content=\"summary_large_image\" \/>\n<meta name=\"twitter:label1\" content=\"Verfasst von\" \/>\n\t<meta name=\"twitter:data1\" content=\"Iris Martin\" \/>\n\t<meta name=\"twitter:label2\" content=\"Gesch\u00e4tzte Lesezeit\" \/>\n\t<meta name=\"twitter:data2\" content=\"2 Minuten\" \/>\n<script type=\"application\/ld+json\" class=\"yoast-schema-graph\">{\"@context\":\"https:\/\/schema.org\",\"@graph\":[{\"@type\":\"WebSite\",\"@id\":\"https:\/\/www.doppelklicker.de\/blog\/#website\",\"url\":\"https:\/\/www.doppelklicker.de\/blog\/\",\"name\":\"Aus Mainz.\",\"description\":\"F\u00fcr die Welt.\",\"potentialAction\":[{\"@type\":\"SearchAction\",\"target\":{\"@type\":\"EntryPoint\",\"urlTemplate\":\"https:\/\/www.doppelklicker.de\/blog\/?s={search_term_string}\"},\"query-input\":\"required name=search_term_string\"}],\"inLanguage\":\"de-DE\"},{\"@type\":\"ImageObject\",\"@id\":\"https:\/\/www.doppelklicker.de\/blog\/mali-dschihadistische-anschlaege\/#primaryimage\",\"inLanguage\":\"de-DE\",\"url\":\"https:\/\/www.doppelklicker.de\/blog\/wp-content\/uploads\/2023\/09\/angriff-auf-armeelager-mali-fordert-opfer-9727.jpg\",\"contentUrl\":\"https:\/\/www.doppelklicker.de\/blog\/wp-content\/uploads\/2023\/09\/angriff-auf-armeelager-mali-fordert-opfer-9727.jpg\",\"width\":1280,\"height\":615,\"caption\":\"Dschihadistische Gruppen ver\u00fcben Anschl\u00e4ge in Mali (Foto: AdobeStock - SayLi 631598023)\"},{\"@type\":\"WebPage\",\"@id\":\"https:\/\/www.doppelklicker.de\/blog\/mali-dschihadistische-anschlaege\/#webpage\",\"url\":\"https:\/\/www.doppelklicker.de\/blog\/mali-dschihadistische-anschlaege\/\",\"name\":\"Dschihadistische Gruppen ver\u00fcben Anschl\u00e4ge in Mali\",\"isPartOf\":{\"@id\":\"https:\/\/www.doppelklicker.de\/blog\/#website\"},\"primaryImageOfPage\":{\"@id\":\"https:\/\/www.doppelklicker.de\/blog\/mali-dschihadistische-anschlaege\/#primaryimage\"},\"datePublished\":\"2023-09-08T07:00:00+00:00\",\"dateModified\":\"2023-09-08T07:00:00+00:00\",\"author\":{\"@id\":\"https:\/\/www.doppelklicker.de\/blog\/#\/schema\/person\/08dcac172bdb025e8ff433488184668a\"},\"breadcrumb\":{\"@id\":\"https:\/\/www.doppelklicker.de\/blog\/mali-dschihadistische-anschlaege\/#breadcrumb\"},\"inLanguage\":\"de-DE\",\"potentialAction\":[{\"@type\":\"ReadAction\",\"target\":[\"https:\/\/www.doppelklicker.de\/blog\/mali-dschihadistische-anschlaege\/\"]}]},{\"@type\":\"BreadcrumbList\",\"@id\":\"https:\/\/www.doppelklicker.de\/blog\/mali-dschihadistische-anschlaege\/#breadcrumb\",\"itemListElement\":[{\"@type\":\"ListItem\",\"position\":1,\"name\":\"Startseite\",\"item\":\"https:\/\/www.doppelklicker.de\/blog\/\"},{\"@type\":\"ListItem\",\"position\":2,\"name\":\"Dschihadistische Gruppen ver\u00fcben Anschl\u00e4ge in Mali\"}]},{\"@type\":\"Person\",\"@id\":\"https:\/\/www.doppelklicker.de\/blog\/#\/schema\/person\/08dcac172bdb025e8ff433488184668a\",\"name\":\"Iris Martin\",\"image\":{\"@type\":\"ImageObject\",\"@id\":\"https:\/\/www.doppelklicker.de\/blog\/#personlogo\",\"inLanguage\":\"de-DE\",\"url\":\"https:\/\/secure.gravatar.com\/avatar\/82fdaa093be0b9686b531f99fcb54d15?s=96&d=wp_user_avatar&r=g\",\"contentUrl\":\"https:\/\/secure.gravatar.com\/avatar\/82fdaa093be0b9686b531f99fcb54d15?s=96&d=wp_user_avatar&r=g\",\"caption\":\"Iris Martin\"},\"url\":\"https:\/\/www.doppelklicker.de\/blog\/author\/iris-martin\/\"}]}<\/script>\n<!-- \/ Yoast SEO plugin. -->","yoast_head_json":{"robots":{"index":"index","follow":"follow","max-snippet":"max-snippet:-1","max-image-preview":"max-image-preview:large","max-video-preview":"max-video-preview:-1"},"canonical":"https:\/\/www.doppelklicker.de\/blog\/mali-dschihadistische-anschlaege\/","og_locale":"de_DE","og_type":"article","og_title":"Dschihadistische Gruppen ver\u00fcben Anschl\u00e4ge in Mali","og_description":"Im Nordosten von Mali wurde ein Armeelager Ziel eines verheerenden Angriffs, der erneut die Bedrohung durch dschihadistische Gruppen in diesem Land verdeutlicht. Vorangegangene Anschl\u00e4ge haben bereits zu einem tragischen Verlust von Menschenleben gef\u00fchrt und die Sicherheitssituation weiter destabilisiert. Die T\u00e4ter, die sich zu den Anschl\u00e4gen bekannt haben, werden der Unterst\u00fctzungsgruppe f\u00fcr den Islam und dieJetzt alles lesen","og_url":"https:\/\/www.doppelklicker.de\/blog\/mali-dschihadistische-anschlaege\/","og_site_name":"Aus Mainz.","article_published_time":"2023-09-08T07:00:00+00:00","og_image":[{"width":1280,"height":615,"url":"https:\/\/www.doppelklicker.de\/blog\/wp-content\/uploads\/2023\/09\/angriff-auf-armeelager-mali-fordert-opfer-9727.jpg","type":"image\/jpeg"}],"twitter_card":"summary_large_image","twitter_misc":{"Verfasst von":"Iris Martin","Gesch\u00e4tzte Lesezeit":"2 Minuten"},"schema":{"@context":"https:\/\/schema.org","@graph":[{"@type":"WebSite","@id":"https:\/\/www.doppelklicker.de\/blog\/#website","url":"https:\/\/www.doppelklicker.de\/blog\/","name":"Aus Mainz.","description":"F\u00fcr die Welt.","potentialAction":[{"@type":"SearchAction","target":{"@type":"EntryPoint","urlTemplate":"https:\/\/www.doppelklicker.de\/blog\/?s={search_term_string}"},"query-input":"required name=search_term_string"}],"inLanguage":"de-DE"},{"@type":"ImageObject","@id":"https:\/\/www.doppelklicker.de\/blog\/mali-dschihadistische-anschlaege\/#primaryimage","inLanguage":"de-DE","url":"https:\/\/www.doppelklicker.de\/blog\/wp-content\/uploads\/2023\/09\/angriff-auf-armeelager-mali-fordert-opfer-9727.jpg","contentUrl":"https:\/\/www.doppelklicker.de\/blog\/wp-content\/uploads\/2023\/09\/angriff-auf-armeelager-mali-fordert-opfer-9727.jpg","width":1280,"height":615,"caption":"Dschihadistische Gruppen ver\u00fcben Anschl\u00e4ge in Mali (Foto: AdobeStock - SayLi 631598023)"},{"@type":"WebPage","@id":"https:\/\/www.doppelklicker.de\/blog\/mali-dschihadistische-anschlaege\/#webpage","url":"https:\/\/www.doppelklicker.de\/blog\/mali-dschihadistische-anschlaege\/","name":"Dschihadistische Gruppen ver\u00fcben Anschl\u00e4ge in Mali","isPartOf":{"@id":"https:\/\/www.doppelklicker.de\/blog\/#website"},"primaryImageOfPage":{"@id":"https:\/\/www.doppelklicker.de\/blog\/mali-dschihadistische-anschlaege\/#primaryimage"},"datePublished":"2023-09-08T07:00:00+00:00","dateModified":"2023-09-08T07:00:00+00:00","author":{"@id":"https:\/\/www.doppelklicker.de\/blog\/#\/schema\/person\/08dcac172bdb025e8ff433488184668a"},"breadcrumb":{"@id":"https:\/\/www.doppelklicker.de\/blog\/mali-dschihadistische-anschlaege\/#breadcrumb"},"inLanguage":"de-DE","potentialAction":[{"@type":"ReadAction","target":["https:\/\/www.doppelklicker.de\/blog\/mali-dschihadistische-anschlaege\/"]}]},{"@type":"BreadcrumbList","@id":"https:\/\/www.doppelklicker.de\/blog\/mali-dschihadistische-anschlaege\/#breadcrumb","itemListElement":[{"@type":"ListItem","position":1,"name":"Startseite","item":"https:\/\/www.doppelklicker.de\/blog\/"},{"@type":"ListItem","position":2,"name":"Dschihadistische Gruppen ver\u00fcben Anschl\u00e4ge in Mali"}]},{"@type":"Person","@id":"https:\/\/www.doppelklicker.de\/blog\/#\/schema\/person\/08dcac172bdb025e8ff433488184668a","name":"Iris Martin","image":{"@type":"ImageObject","@id":"https:\/\/www.doppelklicker.de\/blog\/#personlogo","inLanguage":"de-DE","url":"https:\/\/secure.gravatar.com\/avatar\/82fdaa093be0b9686b531f99fcb54d15?s=96&d=wp_user_avatar&r=g","contentUrl":"https:\/\/secure.gravatar.com\/avatar\/82fdaa093be0b9686b531f99fcb54d15?s=96&d=wp_user_avatar&r=g","caption":"Iris Martin"},"url":"https:\/\/www.doppelklicker.de\/blog\/author\/iris-martin\/"}]}},"_links":{"self":[{"href":"https:\/\/www.doppelklicker.de\/blog\/wp-json\/wp\/v2\/posts\/6061"}],"collection":[{"href":"https:\/\/www.doppelklicker.de\/blog\/wp-json\/wp\/v2\/posts"}],"about":[{"href":"https:\/\/www.doppelklicker.de\/blog\/wp-json\/wp\/v2\/types\/post"}],"author":[{"embeddable":true,"href":"https:\/\/www.doppelklicker.de\/blog\/wp-json\/wp\/v2\/users\/8"}],"replies":[{"embeddable":true,"href":"https:\/\/www.doppelklicker.de\/blog\/wp-json\/wp\/v2\/comments?post=6061"}],"version-history":[{"count":0,"href":"https:\/\/www.doppelklicker.de\/blog\/wp-json\/wp\/v2\/posts\/6061\/revisions"}],"wp:featuredmedia":[{"embeddable":true,"href":"https:\/\/www.doppelklicker.de\/blog\/wp-json\/wp\/v2\/media\/6067"}],"wp:attachment":[{"href":"https:\/\/www.doppelklicker.de\/blog\/wp-json\/wp\/v2\/media?parent=6061"}],"wp:term":[{"taxonomy":"category","embeddable":true,"href":"https:\/\/www.doppelklicker.de\/blog\/wp-json\/wp\/v2\/categories?post=6061"},{"taxonomy":"post_tag","embeddable":true,"href":"https:\/\/www.doppelklicker.de\/blog\/wp-json\/wp\/v2\/tags?post=6061"}],"curies":[{"name":"wp","href":"https:\/\/api.w.org\/{rel}","templated":true}]}}