{"id":6063,"date":"2023-09-11T10:00:00","date_gmt":"2023-09-11T08:00:00","guid":{"rendered":"guid"},"modified":"2023-09-11T10:00:00","modified_gmt":"2023-09-11T08:00:00","slug":"terroranschlaege-mali-abzug-un-blauhelme","status":"publish","type":"post","link":"https:\/\/www.doppelklicker.de\/blog\/terroranschlaege-mali-abzug-un-blauhelme\/","title":{"rendered":"Terroranschl\u00e4ge ersch\u00fcttern Mali: Mindestens 64 Tote"},"content":{"rendered":"<p>Bei zwei islamistischen Terroranschl\u00e4gen im Nordosten Malis wurden mindestens 64 Menschen get\u00f6tet, darunter sowohl Zivilisten als auch Soldaten. Die malische Regierung hat als Zeichen der Trauer eine dreit\u00e4gige Staatstrauer ausgerufen. Diese neuen Angriffe werfen jedoch Fragen auf, ob der geplante Abzug der UN-Blauhelme bis Ende des Jahres die Sicherheit im Land gef\u00e4hrdet.<br \/>\n<!--more--><\/p>\n<h2>UN-Mission in Mali k\u00e4mpft gegen Terror<\/h2>\n<p>Die UN-Mission zur Stabilisierung Malis (Minusma) wurde ins Leben gerufen, um die Sicherheit in Mali wiederherzustellen und die Ausbreitung von Terrorgruppen wie dem Islamischen Staat (IS) und Al-Kaida einzud\u00e4mmen. Sie wurde 2013 gegr\u00fcndet, nachdem islamistische Terroristen den Norden des Landes \u00fcberrannt hatten. Die Mission hat seitdem erfolgreich dazu beigetragen, die Situation in der Region zu stabilisieren und den Einfluss der Terrorgruppen einzuschr\u00e4nken. Durch ihre Pr\u00e4senz und Aktivit\u00e4ten hat Minusma einen wichtigen Beitrag zur Sicherheit in Mali geleistet.<\/p>\n<p>Die Entscheidung der malischen Milit\u00e4rregierung, den Abzug aller 12.000 UN-Blauhelme bis Ende des Jahres zu fordern, wirft Bedenken hinsichtlich der Sicherheitslage in Mali auf. Die Regierung argumentiert, dass sie die Kontrolle \u00fcber die Sicherheit im Land \u00fcbernehmen kann, doch es besteht die Sorge, dass die Terroranschl\u00e4ge zunehmen k\u00f6nnten, wenn die UN-Truppen abziehen. Deutschland hat bereits beschlossen, seine Soldaten vorzeitig aus dem Einsatz abzuziehen, was die Unsicherheit weiter verst\u00e4rkt.<\/p>\n<p>Ein Abzug der UN-Blauhelme aus Mali k\u00f6nnte gravierende Konsequenzen haben. Das Land ist nach wie vor von instabilen Verh\u00e4ltnissen gepr\u00e4gt und die Terrorgruppen haben sich in den letzten Jahren stark ausgebreitet. Ohne die Pr\u00e4senz der Blauhelme k\u00f6nnte eine Sicherheitsl\u00fccke entstehen, die es den Terroristen erm\u00f6glicht, ihr Aktivit\u00e4ten weiter auszubauen und die Bev\u00f6lkerung noch st\u00e4rker zu bedrohen.<\/p>\n<p>Die milit\u00e4rische Mission der UN-Blauhelme in Mali hat in den vergangenen Jahren eine entscheidende Rolle bei der Stabilisierung und Sicherung des Landes gespielt. Sie haben die malischen Sicherheitskr\u00e4fte ausgebildet und unterst\u00fctzt, um effektiv gegen die Bedrohung durch den Terrorismus vorzugehen. Der geplante Abzug der Blauhelme k\u00f6nnte jedoch die F\u00e4higkeit der malischen Regierung beeintr\u00e4chtigen, allein mit dieser fortw\u00e4hrenden Bedrohung umzugehen. Es besteht die Gefahr, dass die Sicherheit im Land wieder destabilisiert wird und die Fortschritte der vergangenen Jahre zunichte gemacht werden.<\/p>\n<p>Der R\u00fcckzug der UN-Blauhelme aus Mali k\u00f6nnte als ein Signal des R\u00fcckzugs und der nachl\u00e4ssigen Haltung gegen\u00fcber dem Terrorismus interpretiert werden. Dies k\u00f6nnte wiederum die Terrorgruppen ermutigen, ihre Aktivit\u00e4ten zu verst\u00e4rken und die Sicherheit in der Region weiter zu gef\u00e4hrden. Die internationale Gemeinschaft sollte daher weiterhin ihre Unterst\u00fctzung und Ressourcen bereitstellen, um Mali bei der Bew\u00e4ltigung dieser Herausforderungen zu helfen und den Terrorismus einzud\u00e4mmen.<\/p>\n<p>Der Abzug der UN-Blauhelme kann als riskanter Schritt betrachtet werden, da dies potenziell die Sicherheit in Mali gef\u00e4hrden k\u00f6nnte. Um jedoch die Bedrohung durch Terrorismus einzud\u00e4mmen und das Land auf dem Weg zur Stabilit\u00e4t zu unterst\u00fctzen, ist es von gro\u00dfer Bedeutung, dass die internationale Gemeinschaft weiterhin eng mit der malischen Regierung zusammenarbeitet. Nur durch diese enge Zusammenarbeit k\u00f6nnen erfolgreiche Ma\u00dfnahmen gegen den Terrorismus ergriffen und die Sicherheit der malischen Bev\u00f6lkerung gew\u00e4hrleistet werden.<\/p>\n","protected":false},"excerpt":{"rendered":"<p>Bei zwei islamistischen Terroranschl\u00e4gen im Nordosten Malis wurden mindestens 64 Menschen get\u00f6tet, darunter sowohl Zivilisten als auch Soldaten. Die malische Regierung hat als Zeichen der Trauer eine dreit\u00e4gige Staatstrauer ausgerufen. Diese neuen Angriffe werfen jedoch Fragen auf, ob der geplante Abzug der UN-Blauhelme bis Ende des Jahres die Sicherheit im Land gef\u00e4hrdet.<\/p>\n","protected":false},"author":8,"featured_media":6066,"comment_status":"open","ping_status":"open","sticky":false,"template":"","format":"standard","meta":[],"categories":[3305],"tags":[],"yoast_head":"<!-- This site is optimized with the Yoast SEO plugin v18.2 - https:\/\/yoast.com\/wordpress\/plugins\/seo\/ -->\n<meta name=\"robots\" content=\"index, follow, max-snippet:-1, max-image-preview:large, max-video-preview:-1\" \/>\n<link rel=\"canonical\" href=\"https:\/\/www.doppelklicker.de\/blog\/terroranschlaege-mali-abzug-un-blauhelme\/\" \/>\n<meta property=\"og:locale\" content=\"de_DE\" \/>\n<meta property=\"og:type\" content=\"article\" \/>\n<meta property=\"og:title\" content=\"Terroranschl\u00e4ge ersch\u00fcttern Mali: Mindestens 64 Tote\" \/>\n<meta property=\"og:description\" content=\"Bei zwei islamistischen Terroranschl\u00e4gen im Nordosten Malis wurden mindestens 64 Menschen get\u00f6tet, darunter sowohl Zivilisten als auch Soldaten. Die malische Regierung hat als Zeichen der Trauer eine dreit\u00e4gige Staatstrauer ausgerufen. Diese neuen Angriffe werfen jedoch Fragen auf, ob der geplante Abzug der UN-Blauhelme bis Ende des Jahres die Sicherheit im Land gef\u00e4hrdet.\" \/>\n<meta property=\"og:url\" content=\"https:\/\/www.doppelklicker.de\/blog\/terroranschlaege-mali-abzug-un-blauhelme\/\" \/>\n<meta property=\"og:site_name\" content=\"Aus Mainz.\" \/>\n<meta property=\"article:published_time\" content=\"2023-09-11T08:00:00+00:00\" \/>\n<meta property=\"og:image\" content=\"https:\/\/www.doppelklicker.de\/blog\/wp-content\/uploads\/2023\/09\/terroranschlaege-erschuettern-mali-mindestens-64-tote-9711.jpg\" \/>\n\t<meta property=\"og:image:width\" content=\"1280\" \/>\n\t<meta property=\"og:image:height\" content=\"615\" \/>\n\t<meta property=\"og:image:type\" content=\"image\/jpeg\" \/>\n<meta name=\"twitter:card\" content=\"summary_large_image\" \/>\n<meta name=\"twitter:label1\" content=\"Verfasst von\" \/>\n\t<meta name=\"twitter:data1\" content=\"Iris Martin\" \/>\n\t<meta name=\"twitter:label2\" content=\"Gesch\u00e4tzte Lesezeit\" \/>\n\t<meta name=\"twitter:data2\" content=\"3 Minuten\" \/>\n<script type=\"application\/ld+json\" class=\"yoast-schema-graph\">{\"@context\":\"https:\/\/schema.org\",\"@graph\":[{\"@type\":\"WebSite\",\"@id\":\"https:\/\/www.doppelklicker.de\/blog\/#website\",\"url\":\"https:\/\/www.doppelklicker.de\/blog\/\",\"name\":\"Aus Mainz.\",\"description\":\"F\u00fcr die Welt.\",\"potentialAction\":[{\"@type\":\"SearchAction\",\"target\":{\"@type\":\"EntryPoint\",\"urlTemplate\":\"https:\/\/www.doppelklicker.de\/blog\/?s={search_term_string}\"},\"query-input\":\"required name=search_term_string\"}],\"inLanguage\":\"de-DE\"},{\"@type\":\"ImageObject\",\"@id\":\"https:\/\/www.doppelklicker.de\/blog\/terroranschlaege-mali-abzug-un-blauhelme\/#primaryimage\",\"inLanguage\":\"de-DE\",\"url\":\"https:\/\/www.doppelklicker.de\/blog\/wp-content\/uploads\/2023\/09\/terroranschlaege-erschuettern-mali-mindestens-64-tote-9711.jpg\",\"contentUrl\":\"https:\/\/www.doppelklicker.de\/blog\/wp-content\/uploads\/2023\/09\/terroranschlaege-erschuettern-mali-mindestens-64-tote-9711.jpg\",\"width\":1280,\"height\":615,\"caption\":\"Terroranschl\u00e4ge ersch\u00fcttern Mali: Mindestens 64 Tote (Foto: AdobeStock - Regis Doucet 5805969)\"},{\"@type\":\"WebPage\",\"@id\":\"https:\/\/www.doppelklicker.de\/blog\/terroranschlaege-mali-abzug-un-blauhelme\/#webpage\",\"url\":\"https:\/\/www.doppelklicker.de\/blog\/terroranschlaege-mali-abzug-un-blauhelme\/\",\"name\":\"Terroranschl\u00e4ge ersch\u00fcttern Mali: Mindestens 64 Tote\",\"isPartOf\":{\"@id\":\"https:\/\/www.doppelklicker.de\/blog\/#website\"},\"primaryImageOfPage\":{\"@id\":\"https:\/\/www.doppelklicker.de\/blog\/terroranschlaege-mali-abzug-un-blauhelme\/#primaryimage\"},\"datePublished\":\"2023-09-11T08:00:00+00:00\",\"dateModified\":\"2023-09-11T08:00:00+00:00\",\"author\":{\"@id\":\"https:\/\/www.doppelklicker.de\/blog\/#\/schema\/person\/08dcac172bdb025e8ff433488184668a\"},\"breadcrumb\":{\"@id\":\"https:\/\/www.doppelklicker.de\/blog\/terroranschlaege-mali-abzug-un-blauhelme\/#breadcrumb\"},\"inLanguage\":\"de-DE\",\"potentialAction\":[{\"@type\":\"ReadAction\",\"target\":[\"https:\/\/www.doppelklicker.de\/blog\/terroranschlaege-mali-abzug-un-blauhelme\/\"]}]},{\"@type\":\"BreadcrumbList\",\"@id\":\"https:\/\/www.doppelklicker.de\/blog\/terroranschlaege-mali-abzug-un-blauhelme\/#breadcrumb\",\"itemListElement\":[{\"@type\":\"ListItem\",\"position\":1,\"name\":\"Startseite\",\"item\":\"https:\/\/www.doppelklicker.de\/blog\/\"},{\"@type\":\"ListItem\",\"position\":2,\"name\":\"Terroranschl\u00e4ge ersch\u00fcttern Mali: Mindestens 64 Tote\"}]},{\"@type\":\"Person\",\"@id\":\"https:\/\/www.doppelklicker.de\/blog\/#\/schema\/person\/08dcac172bdb025e8ff433488184668a\",\"name\":\"Iris Martin\",\"image\":{\"@type\":\"ImageObject\",\"@id\":\"https:\/\/www.doppelklicker.de\/blog\/#personlogo\",\"inLanguage\":\"de-DE\",\"url\":\"https:\/\/secure.gravatar.com\/avatar\/82fdaa093be0b9686b531f99fcb54d15?s=96&d=wp_user_avatar&r=g\",\"contentUrl\":\"https:\/\/secure.gravatar.com\/avatar\/82fdaa093be0b9686b531f99fcb54d15?s=96&d=wp_user_avatar&r=g\",\"caption\":\"Iris Martin\"},\"url\":\"https:\/\/www.doppelklicker.de\/blog\/author\/iris-martin\/\"}]}<\/script>\n<!-- \/ Yoast SEO plugin. -->","yoast_head_json":{"robots":{"index":"index","follow":"follow","max-snippet":"max-snippet:-1","max-image-preview":"max-image-preview:large","max-video-preview":"max-video-preview:-1"},"canonical":"https:\/\/www.doppelklicker.de\/blog\/terroranschlaege-mali-abzug-un-blauhelme\/","og_locale":"de_DE","og_type":"article","og_title":"Terroranschl\u00e4ge ersch\u00fcttern Mali: Mindestens 64 Tote","og_description":"Bei zwei islamistischen Terroranschl\u00e4gen im Nordosten Malis wurden mindestens 64 Menschen get\u00f6tet, darunter sowohl Zivilisten als auch Soldaten. Die malische Regierung hat als Zeichen der Trauer eine dreit\u00e4gige Staatstrauer ausgerufen. Diese neuen Angriffe werfen jedoch Fragen auf, ob der geplante Abzug der UN-Blauhelme bis Ende des Jahres die Sicherheit im Land gef\u00e4hrdet.","og_url":"https:\/\/www.doppelklicker.de\/blog\/terroranschlaege-mali-abzug-un-blauhelme\/","og_site_name":"Aus Mainz.","article_published_time":"2023-09-11T08:00:00+00:00","og_image":[{"width":1280,"height":615,"url":"https:\/\/www.doppelklicker.de\/blog\/wp-content\/uploads\/2023\/09\/terroranschlaege-erschuettern-mali-mindestens-64-tote-9711.jpg","type":"image\/jpeg"}],"twitter_card":"summary_large_image","twitter_misc":{"Verfasst von":"Iris Martin","Gesch\u00e4tzte Lesezeit":"3 Minuten"},"schema":{"@context":"https:\/\/schema.org","@graph":[{"@type":"WebSite","@id":"https:\/\/www.doppelklicker.de\/blog\/#website","url":"https:\/\/www.doppelklicker.de\/blog\/","name":"Aus Mainz.","description":"F\u00fcr die Welt.","potentialAction":[{"@type":"SearchAction","target":{"@type":"EntryPoint","urlTemplate":"https:\/\/www.doppelklicker.de\/blog\/?s={search_term_string}"},"query-input":"required name=search_term_string"}],"inLanguage":"de-DE"},{"@type":"ImageObject","@id":"https:\/\/www.doppelklicker.de\/blog\/terroranschlaege-mali-abzug-un-blauhelme\/#primaryimage","inLanguage":"de-DE","url":"https:\/\/www.doppelklicker.de\/blog\/wp-content\/uploads\/2023\/09\/terroranschlaege-erschuettern-mali-mindestens-64-tote-9711.jpg","contentUrl":"https:\/\/www.doppelklicker.de\/blog\/wp-content\/uploads\/2023\/09\/terroranschlaege-erschuettern-mali-mindestens-64-tote-9711.jpg","width":1280,"height":615,"caption":"Terroranschl\u00e4ge ersch\u00fcttern Mali: Mindestens 64 Tote (Foto: AdobeStock - Regis Doucet 5805969)"},{"@type":"WebPage","@id":"https:\/\/www.doppelklicker.de\/blog\/terroranschlaege-mali-abzug-un-blauhelme\/#webpage","url":"https:\/\/www.doppelklicker.de\/blog\/terroranschlaege-mali-abzug-un-blauhelme\/","name":"Terroranschl\u00e4ge ersch\u00fcttern Mali: Mindestens 64 Tote","isPartOf":{"@id":"https:\/\/www.doppelklicker.de\/blog\/#website"},"primaryImageOfPage":{"@id":"https:\/\/www.doppelklicker.de\/blog\/terroranschlaege-mali-abzug-un-blauhelme\/#primaryimage"},"datePublished":"2023-09-11T08:00:00+00:00","dateModified":"2023-09-11T08:00:00+00:00","author":{"@id":"https:\/\/www.doppelklicker.de\/blog\/#\/schema\/person\/08dcac172bdb025e8ff433488184668a"},"breadcrumb":{"@id":"https:\/\/www.doppelklicker.de\/blog\/terroranschlaege-mali-abzug-un-blauhelme\/#breadcrumb"},"inLanguage":"de-DE","potentialAction":[{"@type":"ReadAction","target":["https:\/\/www.doppelklicker.de\/blog\/terroranschlaege-mali-abzug-un-blauhelme\/"]}]},{"@type":"BreadcrumbList","@id":"https:\/\/www.doppelklicker.de\/blog\/terroranschlaege-mali-abzug-un-blauhelme\/#breadcrumb","itemListElement":[{"@type":"ListItem","position":1,"name":"Startseite","item":"https:\/\/www.doppelklicker.de\/blog\/"},{"@type":"ListItem","position":2,"name":"Terroranschl\u00e4ge ersch\u00fcttern Mali: Mindestens 64 Tote"}]},{"@type":"Person","@id":"https:\/\/www.doppelklicker.de\/blog\/#\/schema\/person\/08dcac172bdb025e8ff433488184668a","name":"Iris Martin","image":{"@type":"ImageObject","@id":"https:\/\/www.doppelklicker.de\/blog\/#personlogo","inLanguage":"de-DE","url":"https:\/\/secure.gravatar.com\/avatar\/82fdaa093be0b9686b531f99fcb54d15?s=96&d=wp_user_avatar&r=g","contentUrl":"https:\/\/secure.gravatar.com\/avatar\/82fdaa093be0b9686b531f99fcb54d15?s=96&d=wp_user_avatar&r=g","caption":"Iris Martin"},"url":"https:\/\/www.doppelklicker.de\/blog\/author\/iris-martin\/"}]}},"_links":{"self":[{"href":"https:\/\/www.doppelklicker.de\/blog\/wp-json\/wp\/v2\/posts\/6063"}],"collection":[{"href":"https:\/\/www.doppelklicker.de\/blog\/wp-json\/wp\/v2\/posts"}],"about":[{"href":"https:\/\/www.doppelklicker.de\/blog\/wp-json\/wp\/v2\/types\/post"}],"author":[{"embeddable":true,"href":"https:\/\/www.doppelklicker.de\/blog\/wp-json\/wp\/v2\/users\/8"}],"replies":[{"embeddable":true,"href":"https:\/\/www.doppelklicker.de\/blog\/wp-json\/wp\/v2\/comments?post=6063"}],"version-history":[{"count":0,"href":"https:\/\/www.doppelklicker.de\/blog\/wp-json\/wp\/v2\/posts\/6063\/revisions"}],"wp:featuredmedia":[{"embeddable":true,"href":"https:\/\/www.doppelklicker.de\/blog\/wp-json\/wp\/v2\/media\/6066"}],"wp:attachment":[{"href":"https:\/\/www.doppelklicker.de\/blog\/wp-json\/wp\/v2\/media?parent=6063"}],"wp:term":[{"taxonomy":"category","embeddable":true,"href":"https:\/\/www.doppelklicker.de\/blog\/wp-json\/wp\/v2\/categories?post=6063"},{"taxonomy":"post_tag","embeddable":true,"href":"https:\/\/www.doppelklicker.de\/blog\/wp-json\/wp\/v2\/tags?post=6063"}],"curies":[{"name":"wp","href":"https:\/\/api.w.org\/{rel}","templated":true}]}}