{"id":6075,"date":"2023-10-02T12:00:00","date_gmt":"2023-10-02T10:00:00","guid":{"rendered":"guid"},"modified":"2023-10-02T12:00:00","modified_gmt":"2023-10-02T10:00:00","slug":"hommage-alte-liebe-helene-fischer-muenchen","status":"publish","type":"post","link":"https:\/\/www.doppelklicker.de\/blog\/hommage-alte-liebe-helene-fischer-muenchen\/","title":{"rendered":"Helene Fischer tr\u00e4gt Dirndl bei M\u00fcnchen-Konzert"},"content":{"rendered":"<p>Helene Fischer, die Schlagerqueen, begeistert mit ihrer &#8222;Rausch&#8220;-Tour das M\u00fcnchner Publikum w\u00e4hrend des Oktoberfestes. Neben ihrer musikalischen Darbietung sorgt sie auch optisch f\u00fcr Aufsehen. In einem feschen Dirndl, das an ihre alte Liebe Florian Silbereisen erinnert, pr\u00e4sentiert sie sich auf der B\u00fchne. Das Dirndl scheint sie bereits seit Jahren zu besitzen und tr\u00e4gt es nun mit einem neuen Schn\u00fcrband. Dies k\u00f6nnte als Zeichen der Nachhaltigkeit interpretiert werden.<br \/>\n<!--more--><\/p>\n<h2>Helene Fischer begeistert mit Dirndl in M\u00fcnchen<\/h2>\n<p>In einem von Helene Fischer am Samstagmorgen auf Instagram geteilten Video ruft die 39-J\u00e4hrige enthusiastisch ihre Fans an: &#8222;Ihr Lieben! Wir sind in Bayern &#8211; und was braucht man in Bayern, wenn man schon f\u00fcnf Konzerte hier spielt?&#8220; Im Video tr\u00e4gt die Schlagers\u00e4ngerin ein schickes Dirndl, das sie passenderweise auch bei ihrem dritten Konzert in M\u00fcnchen w\u00e4hrend der Wiesn trug.<\/p>\n<p>Helene Fischer tr\u00e4gt ein Dirndl, das sie anscheinend nicht extra f\u00fcr diesen Anlass gekauft hat. Es handelt sich um dasselbe Dirndl, das sie bereits im Jahr 2009 bei einem Besuch des Oktoberfests mit Florian Silbereisen getragen hat. Dieses Detail zeigt, dass die Schlagerqueen Wert auf Nachhaltigkeit legt und ihre Kleidung wiederverwendet. Das Dirndl ist auff\u00e4llig und erinnert an vergangene Zeiten.<\/p>\n<p>Helene Fischer hat ihr Dirndl f\u00fcr ihr Konzert in M\u00fcnchen leicht ver\u00e4ndert. Statt des fr\u00fcheren silbernen Kettchens, das sie vor anderthalb Jahrzehnten trug, hat sie nun ein einfaches, schwarzes Band als Schn\u00fcrband gew\u00e4hlt. Mit dieser kleinen \u00c4nderung verleiht sie ihrem traditionellen Outfit einen modernen Touch und bleibt dennoch ihrem Stil treu.<\/p>\n<h2>Helene Fischer beendet Tour in M\u00fcnchen<\/h2>\n<p>Das Dirndl, das Helene Fischer w\u00e4hrend ihrer aktuellen Tour tr\u00e4gt, erinnert stark an das Dirndl, das sie vor vielen Jahren mit Florian Silbereisen auf dem Oktoberfest trug. Es scheint, als h\u00e4tte sie das Dirndl \u00fcber die Jahre behalten und lediglich das Schn\u00fcrband ausgetauscht. Diese Entscheidung zeigt ein Bewusstsein f\u00fcr Nachhaltigkeit und Tradition.<\/p>\n<p>Helene Fischer beendet ihre &#8222;Rausch&#8220;-Tour mit einem Konzert in der Landeshauptstadt M\u00fcnchen und reist dann weiter nach Frankfurt am Main f\u00fcr den Tourabschluss. W\u00e4hrend ihres Aufenthalts in M\u00fcnchen hatte die 39-J\u00e4hrige bereits eine ungew\u00f6hnliche Begegnung, als ein Fan \u00fcberraschend das Mikrofon aus ihrer Hand riss.<\/p>\n<h2>Helene Fischer setzt auf nachhaltige Mode<\/h2>\n<p>Mit ihrem Auftritt im Dirndl pr\u00e4sentiert sich Helene Fischer nicht nur in einem traditionell-bayerischen Gewand, sondern setzt auch ein modisches Statement. Das Dirndl symbolisiert nicht nur ihre vergangene Beziehung zu Florian Silbereisen, sondern zeigt auch ihre Verbundenheit mit der bayerischen Tradition und dem Oktoberfest. Indem sie das Dirndl bei ihren Konzerten tr\u00e4gt, verbindet sie ihre musikalische Leidenschaft mit ihrer Liebe zu Bayern und ehrt die kulturelle Bedeutung des Oktoberfests.<\/p>\n<p>Helene Fischer zeigt mit ihrem Dirndl auf ihrer &#8222;Rausch&#8220;-Tour in M\u00fcnchen nicht nur ihren musikalischen Erfolg, sondern auch ihr Gesp\u00fcr f\u00fcr Nachhaltigkeit. Das Dirndl, das sie bereits vor Jahren mit Florian Silbereisen auf dem Oktoberfest trug, hat sie wiederverwendet und lediglich das Schn\u00fcrband ausgetauscht. Eine tolle Geste, die zeigt, dass man auch in der Mode auf Nachhaltigkeit setzen kann.<\/p>\n<p>Helene Fischer beeindruckt die Zuschauer in M\u00fcnchen nicht nur mit ihrer au\u00dfergew\u00f6hnlichen Musik, sondern auch mit ihrem modischen Stil. Durch das Tragen eines traditionellen Dirndls zeigt sie ihre Verbundenheit mit der bayerischen Kultur und ihre Wertsch\u00e4tzung f\u00fcr ihre Heimat.<\/p>\n<p>Helene Fischer ist eine au\u00dfergew\u00f6hnliche K\u00fcnstlerin, die sowohl \u00fcber ein beeindruckendes musikalisches Talent als auch \u00fcber eine starke Verbundenheit zur Bodenst\u00e4ndigkeit verf\u00fcgt. Mit ihrer einzigartigen Kombination aus diesen Eigenschaften schafft sie es, ihre Fans immer wieder aufs Neue zu begeistern und zu faszinieren.<\/p>\n<p>Das Dirndl, das Helene Fischer w\u00e4hrend ihrer &#8222;Rausch&#8220;-Tour in M\u00fcnchen tr\u00e4gt, ist nicht nur ein \u00e4sthetischer Blickfang, sondern auch eine symbolische Geste. Es erinnert an ihre vergangene Beziehung zu Florian Silbereisen und zeigt ihre Wertsch\u00e4tzung f\u00fcr die bayerische Tradition. Durch die Wiederverwendung des Dirndls demonstriert sie zudem ihre Nachhaltigkeitsbem\u00fchungen und setzt ein positives Beispiel f\u00fcr ihre Fans.<\/p>\n<p>Helene Fischer beeindruckt erneut mit ihrem au\u00dfergew\u00f6hnlichen Talent und ihrer ausgezeichneten Musik. Sie beweist auch mit ihrem einzigartigen Stil, dass sie eine K\u00fcnstlerin ist, die in der Schlagerwelt heraussticht.<\/p>\n","protected":false},"excerpt":{"rendered":"<p>Helene Fischer, die Schlagerqueen, begeistert mit ihrer &#8222;Rausch&#8220;-Tour das M\u00fcnchner Publikum w\u00e4hrend des Oktoberfestes. Neben ihrer musikalischen Darbietung sorgt sie auch optisch f\u00fcr Aufsehen. In einem feschen Dirndl, das an ihre alte Liebe Florian Silbereisen erinnert, pr\u00e4sentiert sie sich auf der B\u00fchne. Das Dirndl scheint sie bereits seit Jahren zu besitzen und tr\u00e4gt es nun<\/p>\n<div class=\"read-more\"><a href=\"https:\/\/www.doppelklicker.de\/blog\/hommage-alte-liebe-helene-fischer-muenchen\/\" title=\"Jetzt alles lesen\">Jetzt alles lesen<\/a><\/div>\n","protected":false},"author":8,"featured_media":6076,"comment_status":"open","ping_status":"open","sticky":false,"template":"","format":"standard","meta":[],"categories":[3305],"tags":[],"yoast_head":"<!-- This site is optimized with the Yoast SEO plugin v18.2 - https:\/\/yoast.com\/wordpress\/plugins\/seo\/ -->\n<meta name=\"robots\" content=\"index, follow, max-snippet:-1, max-image-preview:large, max-video-preview:-1\" \/>\n<meta property=\"og:locale\" content=\"de_DE\" \/>\n<meta property=\"og:type\" content=\"article\" \/>\n<meta property=\"og:title\" content=\"Helene Fischer tr\u00e4gt Dirndl bei M\u00fcnchen-Konzert\" \/>\n<meta property=\"og:description\" content=\"Helene Fischer, die Schlagerqueen, begeistert mit ihrer &#8222;Rausch&#8220;-Tour das M\u00fcnchner Publikum w\u00e4hrend des Oktoberfestes. Neben ihrer musikalischen Darbietung sorgt sie auch optisch f\u00fcr Aufsehen. In einem feschen Dirndl, das an ihre alte Liebe Florian Silbereisen erinnert, pr\u00e4sentiert sie sich auf der B\u00fchne. Das Dirndl scheint sie bereits seit Jahren zu besitzen und tr\u00e4gt es nunJetzt alles lesen\" \/>\n<meta property=\"og:url\" content=\"https:\/\/www.doppelklicker.de\/blog\/?p=6075\" \/>\n<meta property=\"og:site_name\" content=\"Aus Mainz.\" \/>\n<meta property=\"article:published_time\" content=\"2023-10-02T10:00:00+00:00\" \/>\n<meta property=\"og:image\" content=\"https:\/\/www.doppelklicker.de\/blog\/wp-content\/uploads\/2023\/09\/helene-fischer-traegt-dirndl-muenchen-konzert-9842.jpg\" \/>\n\t<meta property=\"og:image:width\" content=\"1280\" \/>\n\t<meta property=\"og:image:height\" content=\"615\" \/>\n\t<meta property=\"og:image:type\" content=\"image\/jpeg\" \/>\n<meta name=\"twitter:card\" content=\"summary_large_image\" \/>\n<meta name=\"twitter:label1\" content=\"Verfasst von\" \/>\n\t<meta name=\"twitter:data1\" content=\"Iris Martin\" \/>\n\t<meta name=\"twitter:label2\" content=\"Gesch\u00e4tzte Lesezeit\" \/>\n\t<meta name=\"twitter:data2\" content=\"4 Minuten\" \/>\n<script type=\"application\/ld+json\" class=\"yoast-schema-graph\">{\"@context\":\"https:\/\/schema.org\",\"@graph\":[{\"@type\":\"WebSite\",\"@id\":\"https:\/\/www.doppelklicker.de\/blog\/#website\",\"url\":\"https:\/\/www.doppelklicker.de\/blog\/\",\"name\":\"Aus Mainz.\",\"description\":\"F\u00fcr die Welt.\",\"potentialAction\":[{\"@type\":\"SearchAction\",\"target\":{\"@type\":\"EntryPoint\",\"urlTemplate\":\"https:\/\/www.doppelklicker.de\/blog\/?s={search_term_string}\"},\"query-input\":\"required name=search_term_string\"}],\"inLanguage\":\"de-DE\"},{\"@type\":\"ImageObject\",\"@id\":\"https:\/\/www.doppelklicker.de\/blog\/?p=6075#primaryimage\",\"inLanguage\":\"de-DE\",\"url\":\"https:\/\/www.doppelklicker.de\/blog\/wp-content\/uploads\/2023\/09\/helene-fischer-traegt-dirndl-muenchen-konzert-9842.jpg\",\"contentUrl\":\"https:\/\/www.doppelklicker.de\/blog\/wp-content\/uploads\/2023\/09\/helene-fischer-traegt-dirndl-muenchen-konzert-9842.jpg\",\"width\":1280,\"height\":615,\"caption\":\"Helene Fischer tr\u00e4gt Dirndl bei M\u00fcnchen-Konzert (Foto: AdobeStock 626395728 \u042e\u0440\u0438\u0439 \u041c\u0430\u0441\u043b\u043e\u0432)\"},{\"@type\":\"WebPage\",\"@id\":\"https:\/\/www.doppelklicker.de\/blog\/?p=6075#webpage\",\"url\":\"https:\/\/www.doppelklicker.de\/blog\/?p=6075\",\"name\":\"Helene Fischer tr\u00e4gt Dirndl bei M\u00fcnchen-Konzert\",\"isPartOf\":{\"@id\":\"https:\/\/www.doppelklicker.de\/blog\/#website\"},\"primaryImageOfPage\":{\"@id\":\"https:\/\/www.doppelklicker.de\/blog\/?p=6075#primaryimage\"},\"datePublished\":\"2023-10-02T10:00:00+00:00\",\"dateModified\":\"2023-10-02T10:00:00+00:00\",\"author\":{\"@id\":\"https:\/\/www.doppelklicker.de\/blog\/#\/schema\/person\/08dcac172bdb025e8ff433488184668a\"},\"breadcrumb\":{\"@id\":\"https:\/\/www.doppelklicker.de\/blog\/?p=6075#breadcrumb\"},\"inLanguage\":\"de-DE\",\"potentialAction\":[{\"@type\":\"ReadAction\",\"target\":[\"https:\/\/www.doppelklicker.de\/blog\/?p=6075\"]}]},{\"@type\":\"BreadcrumbList\",\"@id\":\"https:\/\/www.doppelklicker.de\/blog\/?p=6075#breadcrumb\",\"itemListElement\":[{\"@type\":\"ListItem\",\"position\":1,\"name\":\"Startseite\",\"item\":\"https:\/\/www.doppelklicker.de\/blog\/\"},{\"@type\":\"ListItem\",\"position\":2,\"name\":\"Helene Fischer tr\u00e4gt Dirndl bei M\u00fcnchen-Konzert\"}]},{\"@type\":\"Person\",\"@id\":\"https:\/\/www.doppelklicker.de\/blog\/#\/schema\/person\/08dcac172bdb025e8ff433488184668a\",\"name\":\"Iris Martin\",\"image\":{\"@type\":\"ImageObject\",\"@id\":\"https:\/\/www.doppelklicker.de\/blog\/#personlogo\",\"inLanguage\":\"de-DE\",\"url\":\"https:\/\/secure.gravatar.com\/avatar\/82fdaa093be0b9686b531f99fcb54d15?s=96&d=wp_user_avatar&r=g\",\"contentUrl\":\"https:\/\/secure.gravatar.com\/avatar\/82fdaa093be0b9686b531f99fcb54d15?s=96&d=wp_user_avatar&r=g\",\"caption\":\"Iris Martin\"},\"url\":\"https:\/\/www.doppelklicker.de\/blog\/author\/iris-martin\/\"}]}<\/script>\n<!-- \/ Yoast SEO plugin. -->","yoast_head_json":{"robots":{"index":"index","follow":"follow","max-snippet":"max-snippet:-1","max-image-preview":"max-image-preview:large","max-video-preview":"max-video-preview:-1"},"og_locale":"de_DE","og_type":"article","og_title":"Helene Fischer tr\u00e4gt Dirndl bei M\u00fcnchen-Konzert","og_description":"Helene Fischer, die Schlagerqueen, begeistert mit ihrer &#8222;Rausch&#8220;-Tour das M\u00fcnchner Publikum w\u00e4hrend des Oktoberfestes. Neben ihrer musikalischen Darbietung sorgt sie auch optisch f\u00fcr Aufsehen. In einem feschen Dirndl, das an ihre alte Liebe Florian Silbereisen erinnert, pr\u00e4sentiert sie sich auf der B\u00fchne. Das Dirndl scheint sie bereits seit Jahren zu besitzen und tr\u00e4gt es nunJetzt alles lesen","og_url":"https:\/\/www.doppelklicker.de\/blog\/?p=6075","og_site_name":"Aus Mainz.","article_published_time":"2023-10-02T10:00:00+00:00","og_image":[{"width":1280,"height":615,"url":"https:\/\/www.doppelklicker.de\/blog\/wp-content\/uploads\/2023\/09\/helene-fischer-traegt-dirndl-muenchen-konzert-9842.jpg","type":"image\/jpeg"}],"twitter_card":"summary_large_image","twitter_misc":{"Verfasst von":"Iris Martin","Gesch\u00e4tzte Lesezeit":"4 Minuten"},"schema":{"@context":"https:\/\/schema.org","@graph":[{"@type":"WebSite","@id":"https:\/\/www.doppelklicker.de\/blog\/#website","url":"https:\/\/www.doppelklicker.de\/blog\/","name":"Aus Mainz.","description":"F\u00fcr die Welt.","potentialAction":[{"@type":"SearchAction","target":{"@type":"EntryPoint","urlTemplate":"https:\/\/www.doppelklicker.de\/blog\/?s={search_term_string}"},"query-input":"required name=search_term_string"}],"inLanguage":"de-DE"},{"@type":"ImageObject","@id":"https:\/\/www.doppelklicker.de\/blog\/?p=6075#primaryimage","inLanguage":"de-DE","url":"https:\/\/www.doppelklicker.de\/blog\/wp-content\/uploads\/2023\/09\/helene-fischer-traegt-dirndl-muenchen-konzert-9842.jpg","contentUrl":"https:\/\/www.doppelklicker.de\/blog\/wp-content\/uploads\/2023\/09\/helene-fischer-traegt-dirndl-muenchen-konzert-9842.jpg","width":1280,"height":615,"caption":"Helene Fischer tr\u00e4gt Dirndl bei M\u00fcnchen-Konzert (Foto: AdobeStock 626395728 \u042e\u0440\u0438\u0439 \u041c\u0430\u0441\u043b\u043e\u0432)"},{"@type":"WebPage","@id":"https:\/\/www.doppelklicker.de\/blog\/?p=6075#webpage","url":"https:\/\/www.doppelklicker.de\/blog\/?p=6075","name":"Helene Fischer tr\u00e4gt Dirndl bei M\u00fcnchen-Konzert","isPartOf":{"@id":"https:\/\/www.doppelklicker.de\/blog\/#website"},"primaryImageOfPage":{"@id":"https:\/\/www.doppelklicker.de\/blog\/?p=6075#primaryimage"},"datePublished":"2023-10-02T10:00:00+00:00","dateModified":"2023-10-02T10:00:00+00:00","author":{"@id":"https:\/\/www.doppelklicker.de\/blog\/#\/schema\/person\/08dcac172bdb025e8ff433488184668a"},"breadcrumb":{"@id":"https:\/\/www.doppelklicker.de\/blog\/?p=6075#breadcrumb"},"inLanguage":"de-DE","potentialAction":[{"@type":"ReadAction","target":["https:\/\/www.doppelklicker.de\/blog\/?p=6075"]}]},{"@type":"BreadcrumbList","@id":"https:\/\/www.doppelklicker.de\/blog\/?p=6075#breadcrumb","itemListElement":[{"@type":"ListItem","position":1,"name":"Startseite","item":"https:\/\/www.doppelklicker.de\/blog\/"},{"@type":"ListItem","position":2,"name":"Helene Fischer tr\u00e4gt Dirndl bei M\u00fcnchen-Konzert"}]},{"@type":"Person","@id":"https:\/\/www.doppelklicker.de\/blog\/#\/schema\/person\/08dcac172bdb025e8ff433488184668a","name":"Iris Martin","image":{"@type":"ImageObject","@id":"https:\/\/www.doppelklicker.de\/blog\/#personlogo","inLanguage":"de-DE","url":"https:\/\/secure.gravatar.com\/avatar\/82fdaa093be0b9686b531f99fcb54d15?s=96&d=wp_user_avatar&r=g","contentUrl":"https:\/\/secure.gravatar.com\/avatar\/82fdaa093be0b9686b531f99fcb54d15?s=96&d=wp_user_avatar&r=g","caption":"Iris Martin"},"url":"https:\/\/www.doppelklicker.de\/blog\/author\/iris-martin\/"}]}},"_links":{"self":[{"href":"https:\/\/www.doppelklicker.de\/blog\/wp-json\/wp\/v2\/posts\/6075"}],"collection":[{"href":"https:\/\/www.doppelklicker.de\/blog\/wp-json\/wp\/v2\/posts"}],"about":[{"href":"https:\/\/www.doppelklicker.de\/blog\/wp-json\/wp\/v2\/types\/post"}],"author":[{"embeddable":true,"href":"https:\/\/www.doppelklicker.de\/blog\/wp-json\/wp\/v2\/users\/8"}],"replies":[{"embeddable":true,"href":"https:\/\/www.doppelklicker.de\/blog\/wp-json\/wp\/v2\/comments?post=6075"}],"version-history":[{"count":0,"href":"https:\/\/www.doppelklicker.de\/blog\/wp-json\/wp\/v2\/posts\/6075\/revisions"}],"wp:featuredmedia":[{"embeddable":true,"href":"https:\/\/www.doppelklicker.de\/blog\/wp-json\/wp\/v2\/media\/6076"}],"wp:attachment":[{"href":"https:\/\/www.doppelklicker.de\/blog\/wp-json\/wp\/v2\/media?parent=6075"}],"wp:term":[{"taxonomy":"category","embeddable":true,"href":"https:\/\/www.doppelklicker.de\/blog\/wp-json\/wp\/v2\/categories?post=6075"},{"taxonomy":"post_tag","embeddable":true,"href":"https:\/\/www.doppelklicker.de\/blog\/wp-json\/wp\/v2\/tags?post=6075"}],"curies":[{"name":"wp","href":"https:\/\/api.w.org\/{rel}","templated":true}]}}