{"id":6081,"date":"2023-09-27T11:00:00","date_gmt":"2023-09-27T09:00:00","guid":{"rendered":"guid"},"modified":"2023-09-27T11:00:00","modified_gmt":"2023-09-27T09:00:00","slug":"kelheim-windpark-bundeswehr","status":"publish","type":"post","link":"https:\/\/www.doppelklicker.de\/blog\/kelheim-windpark-bundeswehr\/","title":{"rendered":"Hubschraubertiefflugstrecke stoppt Windkraftausbau in Kelheim"},"content":{"rendered":"<p>Der Ausbau der Windkraft spielt eine entscheidende Rolle f\u00fcr die Energiewende, doch immer wieder kommt es zu unerwarteten Problemen. In Kelheim sollte ein wegweisendes Projekt umgesetzt werden, bei dem sechs moderne Windkraftanlagen genug Energie f\u00fcr tausende Haushalte liefern w\u00fcrden. Leider hat die Bundeswehr einen unerwarteten Einwand erhoben, da die geplante Flugroute der Hubschrauber \u00fcber dem Windpark verl\u00e4uft. Dies stellt den gesamten Planungsprozess in Frage und verdeutlicht die Herausforderungen bei der Vereinbarkeit unterschiedlicher Interessen.<br \/>\n<!--more--><\/p>\n<div id=\"ez-toc-container\" class=\"ez-toc-v2_0_16 counter-hierarchy\">\n<div class=\"ez-toc-title-container\">\n<p class=\"ez-toc-title\">Inhaltsverzeichnis: Das erwartet Sie in diesem Artikel<\/p>\n<span class=\"ez-toc-title-toggle\"><a class=\"ez-toc-pull-right ez-toc-btn ez-toc-btn-xs ez-toc-btn-default ez-toc-toggle\" style=\"display: none;\"><i class=\"ez-toc-glyphicon ez-toc-icon-toggle\"><\/i><\/a><\/span><\/div>\n<nav><ul class=\"ez-toc-list ez-toc-list-level-1\"><li class=\"ez-toc-page-1 ez-toc-heading-level-2\"><a class=\"ez-toc-link ez-toc-heading-1\" href=\"https:\/\/www.doppelklicker.de\/blog\/kelheim-windpark-bundeswehr\/#hubschraubertiefflugstrecke-behindert-windkraftanlagen-in-kelheim\" title=\"Hubschraubertiefflugstrecke behindert Windkraftanlagen in Kelheim\">Hubschraubertiefflugstrecke behindert Windkraftanlagen in Kelheim<\/a><\/li><li class=\"ez-toc-page-1 ez-toc-heading-level-2\"><a class=\"ez-toc-link ez-toc-heading-2\" href=\"https:\/\/www.doppelklicker.de\/blog\/kelheim-windpark-bundeswehr\/#militaerische-interessen-bremsen-windkraftinitiative-in-kelheim\" title=\"Milit\u00e4rische Interessen bremsen Windkraftinitiative in Kelheim\">Milit\u00e4rische Interessen bremsen Windkraftinitiative in Kelheim<\/a><\/li><li class=\"ez-toc-page-1 ez-toc-heading-level-2\"><a class=\"ez-toc-link ez-toc-heading-3\" href=\"https:\/\/www.doppelklicker.de\/blog\/kelheim-windpark-bundeswehr\/#buergermeister-von-kelheim-fordert-dialog-mit-bundeswehr\" title=\"B\u00fcrgermeister von Kelheim fordert Dialog mit Bundeswehr\">B\u00fcrgermeister von Kelheim fordert Dialog mit Bundeswehr<\/a><\/li><li class=\"ez-toc-page-1 ez-toc-heading-level-2\"><a class=\"ez-toc-link ez-toc-heading-4\" href=\"https:\/\/www.doppelklicker.de\/blog\/kelheim-windpark-bundeswehr\/#militaerische-interessen-bremsen-windkraftprojekte-in-deutschland\" title=\"Milit\u00e4rische Interessen bremsen Windkraftprojekte in Deutschland\">Milit\u00e4rische Interessen bremsen Windkraftprojekte in Deutschland<\/a><\/li><li class=\"ez-toc-page-1 ez-toc-heading-level-2\"><a class=\"ez-toc-link ez-toc-heading-5\" href=\"https:\/\/www.doppelklicker.de\/blog\/kelheim-windpark-bundeswehr\/#windkraft-als-schluessel-zur-energiewende\" title=\"Windkraft als Schl\u00fcssel zur Energiewende\">Windkraft als Schl\u00fcssel zur Energiewende<\/a><\/li><li class=\"ez-toc-page-1 ez-toc-heading-level-2\"><a class=\"ez-toc-link ez-toc-heading-6\" href=\"https:\/\/www.doppelklicker.de\/blog\/kelheim-windpark-bundeswehr\/#die-bedeutung-der-windenergie-fuer-die-energiewende\" title=\"Die Bedeutung der Windenergie f\u00fcr die Energiewende\">Die Bedeutung der Windenergie f\u00fcr die Energiewende<\/a><\/li><\/ul><\/nav><\/div>\n<h2><span class=\"ez-toc-section\" id=\"hubschraubertiefflugstrecke-behindert-windkraftanlagen-in-kelheim\"><\/span>Hubschraubertiefflugstrecke behindert Windkraftanlagen in Kelheim<span class=\"ez-toc-section-end\"><\/span><\/h2>\n<p>In Kelheim sollte der Stadtwald zu einem wegweisenden Projekt f\u00fcr erneuerbare Energien entwickelt werden. Mit sechs modernen Windkraftanlagen war geplant, genug Energie f\u00fcr etwa 3.500 Haushalte zu erzeugen. Die Stadt hatte einen ambitionierten Zeitplan und strebte an, dass die Windr\u00e4der bereits im Jahr 2027 in Betrieb gehen und somit einen ma\u00dfgeblichen Beitrag zur Energiewende leisten w\u00fcrden.<\/p>\n<h2><span class=\"ez-toc-section\" id=\"militaerische-interessen-bremsen-windkraftinitiative-in-kelheim\"><\/span>Milit\u00e4rische Interessen bremsen Windkraftinitiative in Kelheim<span class=\"ez-toc-section-end\"><\/span><\/h2>\n<p>Die ambitionierte Initiative, im Kelheimer Stadtwald sechs moderne Windkraftanlagen zu errichten, wurde unerwartet durch die Bundeswehr ausgebremst. Der Grund daf\u00fcr ist eine Hubschraubertiefflugstrecke, die exakt \u00fcber dem geplanten Windpark verl\u00e4uft und f\u00fcr milit\u00e4rische \u00dcbungen und Einsatzbereitschaft von gro\u00dfer Bedeutung ist. Die Windr\u00e4der w\u00fcrden die Flugroute der Hubschrauber beeintr\u00e4chtigen und stellen somit ein Hindernis dar. Diese unvorhergesehene Einschr\u00e4nkung hat den gesamten Planungsprozess in Frage gestellt, was zu Frustration beim B\u00fcrgermeister von Kelheim gef\u00fchrt hat.<\/p>\n<h2><span class=\"ez-toc-section\" id=\"buergermeister-von-kelheim-fordert-dialog-mit-bundeswehr\"><\/span>B\u00fcrgermeister von Kelheim fordert Dialog mit Bundeswehr<span class=\"ez-toc-section-end\"><\/span><\/h2>\n<p>Der B\u00fcrgermeister von Kelheim, Christian Schweiger, ist ver\u00e4rgert \u00fcber die sp\u00e4te Benachrichtigung der Bundeswehr, die den gesamten Planungsprozess in Gefahr bringt. Er setzt sich f\u00fcr einen Dialog und Kompromissbereitschaft seitens der milit\u00e4rischen Beh\u00f6rde ein, um gemeinsam nach L\u00f6sungen zu suchen. Leider st\u00f6\u00dft er bisher auf Ablehnung und fehlende Kooperationsbereitschaft.<\/p>\n<h2><span class=\"ez-toc-section\" id=\"militaerische-interessen-bremsen-windkraftprojekte-in-deutschland\"><\/span>Milit\u00e4rische Interessen bremsen Windkraftprojekte in Deutschland<span class=\"ez-toc-section-end\"><\/span><\/h2>\n<p>Nicht nur in Kelheim, sondern in ganz Deutschland sto\u00dfen Windkraftprojekte auf \u00e4hnliche Probleme. Der Bundesverband Windenergie (BWE) gibt an, dass etwa 1.000 Windkraftanlagen mit einer Gesamtleistung von 4,5 Gigawatt aufgrund milit\u00e4rischer Interessen nicht gebaut werden k\u00f6nnen. Diese Zahl entspricht der H\u00e4lfte des Ausbauziels f\u00fcr das Jahr 2023. Es besteht ein dringender Bedarf an einer L\u00f6sung, um die milit\u00e4rischen Anforderungen und den Ausbau der Windenergie in Einklang zu bringen.<\/p>\n<p>Die Diskrepanz zwischen milit\u00e4rischen Interessen und dem dringenden Ausbau der Windenergie ist ein bekanntes Problem. Obwohl das Erneuerbare-Energien-Gesetz den Ausbau der Windkraft als zentralen \u00f6ffentlichen Schwerpunkt erkennt, werden die &#8222;Belange der Landes- und B\u00fcndnisverteidigung&#8220; als Einschr\u00e4nkung genannt. Diese Situation verdeutlicht die Schwierigkeiten, die bei der Umsetzung der Energiewende auftreten k\u00f6nnen, wenn milit\u00e4rische Aspekte ber\u00fccksichtigt werden m\u00fcssen.<\/p>\n<h2><span class=\"ez-toc-section\" id=\"windkraft-als-schluessel-zur-energiewende\"><\/span>Windkraft als Schl\u00fcssel zur Energiewende<span class=\"ez-toc-section-end\"><\/span><\/h2>\n<p>Obwohl der Ausbau der Windkraft aufgrund milit\u00e4rischer Einschr\u00e4nkungen immer wieder auf Hindernisse st\u00f6\u00dft, sollten wir die Vorteile dieser erneuerbaren Energiequelle nicht au\u00dfer Acht lassen. Windenergie ist eine umweltfreundliche Alternative zu fossilen Brennstoffen und tr\u00e4gt zur Reduzierung der Treibhausgasemissionen bei. Zudem schafft die Windkraftbranche neue Arbeitspl\u00e4tze und st\u00e4rkt die regionale Wirtschaft. Durch den Ausbau der Windkraft wird die Energiewende vorangetrieben und die Abh\u00e4ngigkeit von nicht erneuerbaren Energien verringert.<\/p>\n<h2><span class=\"ez-toc-section\" id=\"die-bedeutung-der-windenergie-fuer-die-energiewende\"><\/span>Die Bedeutung der Windenergie f\u00fcr die Energiewende<span class=\"ez-toc-section-end\"><\/span><\/h2>\n<p>Obwohl der Ausbau der Windkraft aufgrund milit\u00e4rischer Interessen oft auf Hindernisse st\u00f6\u00dft, d\u00fcrfen die langfristigen Vorteile nicht \u00fcbersehen werden. Windenergie ist eine nachhaltige und umweltfreundliche Energiequelle, die eine sichere und saubere Energieversorgung erm\u00f6glicht und einen bedeutenden Beitrag zur Energiewende leistet. Es ist daher von entscheidender Bedeutung, dass alle beteiligten Parteien einen konstruktiven Dialog f\u00fchren und nach L\u00f6sungen suchen, um den Ausbau der Windkraft voranzutreiben und gleichzeitig die milit\u00e4rischen Interessen zu ber\u00fccksichtigen.<\/p>\n","protected":false},"excerpt":{"rendered":"<p>Der Ausbau der Windkraft spielt eine entscheidende Rolle f\u00fcr die Energiewende, doch immer wieder kommt es zu unerwarteten Problemen. In Kelheim sollte ein wegweisendes Projekt umgesetzt werden, bei dem sechs moderne Windkraftanlagen genug Energie f\u00fcr tausende Haushalte liefern w\u00fcrden. Leider hat die Bundeswehr einen unerwarteten Einwand erhoben, da die geplante Flugroute der Hubschrauber \u00fcber dem<\/p>\n<div class=\"read-more\"><a href=\"https:\/\/www.doppelklicker.de\/blog\/kelheim-windpark-bundeswehr\/\" title=\"Jetzt alles lesen\">Jetzt alles lesen<\/a><\/div>\n","protected":false},"author":8,"featured_media":6082,"comment_status":"open","ping_status":"open","sticky":false,"template":"","format":"standard","meta":[],"categories":[3305],"tags":[],"yoast_head":"<!-- This site is optimized with the Yoast SEO plugin v18.2 - https:\/\/yoast.com\/wordpress\/plugins\/seo\/ -->\n<meta name=\"robots\" content=\"index, follow, max-snippet:-1, max-image-preview:large, max-video-preview:-1\" \/>\n<link rel=\"canonical\" href=\"https:\/\/www.doppelklicker.de\/blog\/kelheim-windpark-bundeswehr\/\" \/>\n<meta property=\"og:locale\" content=\"de_DE\" \/>\n<meta property=\"og:type\" content=\"article\" \/>\n<meta property=\"og:title\" content=\"Hubschraubertiefflugstrecke stoppt Windkraftausbau in Kelheim\" \/>\n<meta property=\"og:description\" content=\"Der Ausbau der Windkraft spielt eine entscheidende Rolle f\u00fcr die Energiewende, doch immer wieder kommt es zu unerwarteten Problemen. In Kelheim sollte ein wegweisendes Projekt umgesetzt werden, bei dem sechs moderne Windkraftanlagen genug Energie f\u00fcr tausende Haushalte liefern w\u00fcrden. Leider hat die Bundeswehr einen unerwarteten Einwand erhoben, da die geplante Flugroute der Hubschrauber \u00fcber demJetzt alles lesen\" \/>\n<meta property=\"og:url\" content=\"https:\/\/www.doppelklicker.de\/blog\/kelheim-windpark-bundeswehr\/\" \/>\n<meta property=\"og:site_name\" content=\"Aus Mainz.\" \/>\n<meta property=\"article:published_time\" content=\"2023-09-27T09:00:00+00:00\" \/>\n<meta property=\"og:image\" content=\"https:\/\/www.doppelklicker.de\/blog\/wp-content\/uploads\/2023\/09\/bundeswehr-verhindert-windkraftprojekt-kelheim-9910.jpg\" \/>\n\t<meta property=\"og:image:width\" content=\"1280\" \/>\n\t<meta property=\"og:image:height\" content=\"615\" \/>\n\t<meta property=\"og:image:type\" content=\"image\/jpeg\" \/>\n<meta name=\"twitter:card\" content=\"summary_large_image\" \/>\n<meta name=\"twitter:label1\" content=\"Verfasst von\" \/>\n\t<meta name=\"twitter:data1\" content=\"Iris Martin\" \/>\n\t<meta name=\"twitter:label2\" content=\"Gesch\u00e4tzte Lesezeit\" \/>\n\t<meta name=\"twitter:data2\" content=\"3 Minuten\" \/>\n<script type=\"application\/ld+json\" class=\"yoast-schema-graph\">{\"@context\":\"https:\/\/schema.org\",\"@graph\":[{\"@type\":\"WebSite\",\"@id\":\"https:\/\/www.doppelklicker.de\/blog\/#website\",\"url\":\"https:\/\/www.doppelklicker.de\/blog\/\",\"name\":\"Aus Mainz.\",\"description\":\"F\u00fcr die Welt.\",\"potentialAction\":[{\"@type\":\"SearchAction\",\"target\":{\"@type\":\"EntryPoint\",\"urlTemplate\":\"https:\/\/www.doppelklicker.de\/blog\/?s={search_term_string}\"},\"query-input\":\"required name=search_term_string\"}],\"inLanguage\":\"de-DE\"},{\"@type\":\"ImageObject\",\"@id\":\"https:\/\/www.doppelklicker.de\/blog\/kelheim-windpark-bundeswehr\/#primaryimage\",\"inLanguage\":\"de-DE\",\"url\":\"https:\/\/www.doppelklicker.de\/blog\/wp-content\/uploads\/2023\/09\/bundeswehr-verhindert-windkraftprojekt-kelheim-9910.jpg\",\"contentUrl\":\"https:\/\/www.doppelklicker.de\/blog\/wp-content\/uploads\/2023\/09\/bundeswehr-verhindert-windkraftprojekt-kelheim-9910.jpg\",\"width\":1280,\"height\":615,\"caption\":\"Hubschraubertiefflugstrecke stoppt Windkraftausbau in Kelheim (Foto: AdobeStock - fotoping 394409195)\"},{\"@type\":\"WebPage\",\"@id\":\"https:\/\/www.doppelklicker.de\/blog\/kelheim-windpark-bundeswehr\/#webpage\",\"url\":\"https:\/\/www.doppelklicker.de\/blog\/kelheim-windpark-bundeswehr\/\",\"name\":\"Hubschraubertiefflugstrecke stoppt Windkraftausbau in Kelheim\",\"isPartOf\":{\"@id\":\"https:\/\/www.doppelklicker.de\/blog\/#website\"},\"primaryImageOfPage\":{\"@id\":\"https:\/\/www.doppelklicker.de\/blog\/kelheim-windpark-bundeswehr\/#primaryimage\"},\"datePublished\":\"2023-09-27T09:00:00+00:00\",\"dateModified\":\"2023-09-27T09:00:00+00:00\",\"author\":{\"@id\":\"https:\/\/www.doppelklicker.de\/blog\/#\/schema\/person\/08dcac172bdb025e8ff433488184668a\"},\"breadcrumb\":{\"@id\":\"https:\/\/www.doppelklicker.de\/blog\/kelheim-windpark-bundeswehr\/#breadcrumb\"},\"inLanguage\":\"de-DE\",\"potentialAction\":[{\"@type\":\"ReadAction\",\"target\":[\"https:\/\/www.doppelklicker.de\/blog\/kelheim-windpark-bundeswehr\/\"]}]},{\"@type\":\"BreadcrumbList\",\"@id\":\"https:\/\/www.doppelklicker.de\/blog\/kelheim-windpark-bundeswehr\/#breadcrumb\",\"itemListElement\":[{\"@type\":\"ListItem\",\"position\":1,\"name\":\"Startseite\",\"item\":\"https:\/\/www.doppelklicker.de\/blog\/\"},{\"@type\":\"ListItem\",\"position\":2,\"name\":\"Hubschraubertiefflugstrecke stoppt Windkraftausbau in Kelheim\"}]},{\"@type\":\"Person\",\"@id\":\"https:\/\/www.doppelklicker.de\/blog\/#\/schema\/person\/08dcac172bdb025e8ff433488184668a\",\"name\":\"Iris Martin\",\"image\":{\"@type\":\"ImageObject\",\"@id\":\"https:\/\/www.doppelklicker.de\/blog\/#personlogo\",\"inLanguage\":\"de-DE\",\"url\":\"https:\/\/secure.gravatar.com\/avatar\/82fdaa093be0b9686b531f99fcb54d15?s=96&d=wp_user_avatar&r=g\",\"contentUrl\":\"https:\/\/secure.gravatar.com\/avatar\/82fdaa093be0b9686b531f99fcb54d15?s=96&d=wp_user_avatar&r=g\",\"caption\":\"Iris Martin\"},\"url\":\"https:\/\/www.doppelklicker.de\/blog\/author\/iris-martin\/\"}]}<\/script>\n<!-- \/ Yoast SEO plugin. -->","yoast_head_json":{"robots":{"index":"index","follow":"follow","max-snippet":"max-snippet:-1","max-image-preview":"max-image-preview:large","max-video-preview":"max-video-preview:-1"},"canonical":"https:\/\/www.doppelklicker.de\/blog\/kelheim-windpark-bundeswehr\/","og_locale":"de_DE","og_type":"article","og_title":"Hubschraubertiefflugstrecke stoppt Windkraftausbau in Kelheim","og_description":"Der Ausbau der Windkraft spielt eine entscheidende Rolle f\u00fcr die Energiewende, doch immer wieder kommt es zu unerwarteten Problemen. In Kelheim sollte ein wegweisendes Projekt umgesetzt werden, bei dem sechs moderne Windkraftanlagen genug Energie f\u00fcr tausende Haushalte liefern w\u00fcrden. Leider hat die Bundeswehr einen unerwarteten Einwand erhoben, da die geplante Flugroute der Hubschrauber \u00fcber demJetzt alles lesen","og_url":"https:\/\/www.doppelklicker.de\/blog\/kelheim-windpark-bundeswehr\/","og_site_name":"Aus Mainz.","article_published_time":"2023-09-27T09:00:00+00:00","og_image":[{"width":1280,"height":615,"url":"https:\/\/www.doppelklicker.de\/blog\/wp-content\/uploads\/2023\/09\/bundeswehr-verhindert-windkraftprojekt-kelheim-9910.jpg","type":"image\/jpeg"}],"twitter_card":"summary_large_image","twitter_misc":{"Verfasst von":"Iris Martin","Gesch\u00e4tzte Lesezeit":"3 Minuten"},"schema":{"@context":"https:\/\/schema.org","@graph":[{"@type":"WebSite","@id":"https:\/\/www.doppelklicker.de\/blog\/#website","url":"https:\/\/www.doppelklicker.de\/blog\/","name":"Aus Mainz.","description":"F\u00fcr die Welt.","potentialAction":[{"@type":"SearchAction","target":{"@type":"EntryPoint","urlTemplate":"https:\/\/www.doppelklicker.de\/blog\/?s={search_term_string}"},"query-input":"required name=search_term_string"}],"inLanguage":"de-DE"},{"@type":"ImageObject","@id":"https:\/\/www.doppelklicker.de\/blog\/kelheim-windpark-bundeswehr\/#primaryimage","inLanguage":"de-DE","url":"https:\/\/www.doppelklicker.de\/blog\/wp-content\/uploads\/2023\/09\/bundeswehr-verhindert-windkraftprojekt-kelheim-9910.jpg","contentUrl":"https:\/\/www.doppelklicker.de\/blog\/wp-content\/uploads\/2023\/09\/bundeswehr-verhindert-windkraftprojekt-kelheim-9910.jpg","width":1280,"height":615,"caption":"Hubschraubertiefflugstrecke stoppt Windkraftausbau in Kelheim (Foto: AdobeStock - fotoping 394409195)"},{"@type":"WebPage","@id":"https:\/\/www.doppelklicker.de\/blog\/kelheim-windpark-bundeswehr\/#webpage","url":"https:\/\/www.doppelklicker.de\/blog\/kelheim-windpark-bundeswehr\/","name":"Hubschraubertiefflugstrecke stoppt Windkraftausbau in Kelheim","isPartOf":{"@id":"https:\/\/www.doppelklicker.de\/blog\/#website"},"primaryImageOfPage":{"@id":"https:\/\/www.doppelklicker.de\/blog\/kelheim-windpark-bundeswehr\/#primaryimage"},"datePublished":"2023-09-27T09:00:00+00:00","dateModified":"2023-09-27T09:00:00+00:00","author":{"@id":"https:\/\/www.doppelklicker.de\/blog\/#\/schema\/person\/08dcac172bdb025e8ff433488184668a"},"breadcrumb":{"@id":"https:\/\/www.doppelklicker.de\/blog\/kelheim-windpark-bundeswehr\/#breadcrumb"},"inLanguage":"de-DE","potentialAction":[{"@type":"ReadAction","target":["https:\/\/www.doppelklicker.de\/blog\/kelheim-windpark-bundeswehr\/"]}]},{"@type":"BreadcrumbList","@id":"https:\/\/www.doppelklicker.de\/blog\/kelheim-windpark-bundeswehr\/#breadcrumb","itemListElement":[{"@type":"ListItem","position":1,"name":"Startseite","item":"https:\/\/www.doppelklicker.de\/blog\/"},{"@type":"ListItem","position":2,"name":"Hubschraubertiefflugstrecke stoppt Windkraftausbau in Kelheim"}]},{"@type":"Person","@id":"https:\/\/www.doppelklicker.de\/blog\/#\/schema\/person\/08dcac172bdb025e8ff433488184668a","name":"Iris Martin","image":{"@type":"ImageObject","@id":"https:\/\/www.doppelklicker.de\/blog\/#personlogo","inLanguage":"de-DE","url":"https:\/\/secure.gravatar.com\/avatar\/82fdaa093be0b9686b531f99fcb54d15?s=96&d=wp_user_avatar&r=g","contentUrl":"https:\/\/secure.gravatar.com\/avatar\/82fdaa093be0b9686b531f99fcb54d15?s=96&d=wp_user_avatar&r=g","caption":"Iris Martin"},"url":"https:\/\/www.doppelklicker.de\/blog\/author\/iris-martin\/"}]}},"_links":{"self":[{"href":"https:\/\/www.doppelklicker.de\/blog\/wp-json\/wp\/v2\/posts\/6081"}],"collection":[{"href":"https:\/\/www.doppelklicker.de\/blog\/wp-json\/wp\/v2\/posts"}],"about":[{"href":"https:\/\/www.doppelklicker.de\/blog\/wp-json\/wp\/v2\/types\/post"}],"author":[{"embeddable":true,"href":"https:\/\/www.doppelklicker.de\/blog\/wp-json\/wp\/v2\/users\/8"}],"replies":[{"embeddable":true,"href":"https:\/\/www.doppelklicker.de\/blog\/wp-json\/wp\/v2\/comments?post=6081"}],"version-history":[{"count":0,"href":"https:\/\/www.doppelklicker.de\/blog\/wp-json\/wp\/v2\/posts\/6081\/revisions"}],"wp:featuredmedia":[{"embeddable":true,"href":"https:\/\/www.doppelklicker.de\/blog\/wp-json\/wp\/v2\/media\/6082"}],"wp:attachment":[{"href":"https:\/\/www.doppelklicker.de\/blog\/wp-json\/wp\/v2\/media?parent=6081"}],"wp:term":[{"taxonomy":"category","embeddable":true,"href":"https:\/\/www.doppelklicker.de\/blog\/wp-json\/wp\/v2\/categories?post=6081"},{"taxonomy":"post_tag","embeddable":true,"href":"https:\/\/www.doppelklicker.de\/blog\/wp-json\/wp\/v2\/tags?post=6081"}],"curies":[{"name":"wp","href":"https:\/\/api.w.org\/{rel}","templated":true}]}}